{"id":70104,"date":"2025-05-22T18:49:12","date_gmt":"2025-05-22T21:49:12","guid":{"rendered":"https:\/\/noticiasribeiraopreto.com.br\/index.php\/2025\/05\/22\/defesa-civil-emite-alerta-para-risco-de-chuva-forte-veja-regioes-afetadas-no-estado-de-sp\/"},"modified":"2025-05-22T18:49:12","modified_gmt":"2025-05-22T21:49:12","slug":"defesa-civil-emite-alerta-para-risco-de-chuva-forte-veja-regioes-afetadas-no-estado-de-sp","status":"publish","type":"post","link":"https:\/\/noticiasribeiraopreto.com.br\/index.php\/2025\/05\/22\/defesa-civil-emite-alerta-para-risco-de-chuva-forte-veja-regioes-afetadas-no-estado-de-sp\/","title":{"rendered":"Defesa Civil emite alerta para risco de chuva forte; Veja regi\u00f5es afetadas no estado de SP"},"content":{"rendered":"<p> <br \/>\n<\/p>\n<div data-td-block-uid=\"tdi_95\">\n<div class=\"tdb-block-inner td-fix-index\">\n<p><strong>A Defesa Civil de S\u00e3o Paulo emitiu um alerta para o risco de chuva moderada a forte\u00a0devido ao avan\u00e7o de uma nova frente fria entre esta quinta-feira (22) e sexta-feira (23).<\/strong><\/p>\n<p><mark style=\"background-color:#fcb900\" class=\"has-inline-color has-black-color\">Segundo o \u00f3rg\u00e3o, esse sistema deve provocar mudan\u00e7as nas condi\u00e7\u00f5es do tempo, especialmente na faixa Leste paulista, e contribuir para quebrar parte do bloqueio atmosf\u00e9rico.<\/mark><\/p>\n<p>Na sexta, h\u00e1 risco de chuva moderada a forte no litoral, com possibilidade de ser frequente em alguns momentos. Esses volumes podem causar transtornos localizados.<\/p>\n<p>As demais \u00e1reas da faixa leste tem previs\u00e3o de muitas nuvens, pouco sol com chuva intermitente ao longo do dia e sensa\u00e7\u00e3o de frio. O risco para transtornos nessas regi\u00f5es \u00e9 considerado baixo.<\/p>\n<p>A Defesa Civil recomenda cuidado em caso de chuva intensa, principalmente em \u00e1reas mais vulner\u00e1veis.<\/p>\n<p>SAIBA MAIS<\/p>\n<p>Nova frente fria traz chuva para SP; Veja previs\u00e3o para os pr\u00f3ximos dias<\/p>\n<h2 class=\"wp-block-heading\"><strong>FIQUE ON<\/strong><\/h2>\n<p>Fique ligado em tudo que acontece em Ribeir\u00e3o Preto e regi\u00e3o. Siga os perfis do\u00a0<strong>acidade on<\/strong>\u00a0no\u00a0<a href=\"https:\/\/www.instagram.com\/acidadeonribeirao\">Instagram\u00a0<\/a>e no\u00a0<a href=\"https:\/\/www.facebook.com\/acidadeonribeirao\/\">Facebook.<\/a><\/p>\n<p>Receba not\u00edcias do\u00a0<strong>acidade on<\/strong>\u00a0no WhatsApp.\u00a0<a href=\"https:\/\/chat.whatsapp.com\/BjKQZ9oJwlz8VVT50NuePq\">Para entrar no grupo, basta clicar aqui.<\/a><\/p>\n<p>Fa\u00e7a uma den\u00fancia ou sugira uma reportagem sobre Ribeir\u00e3o Preto e regi\u00e3o pelo WhatsApp: 16 99117 7802.<\/p>\n<p>VEJA TAMB\u00c9M<\/p>\n<p>Existe antissemitismo no Brasil?<\/p>\n<p><!-- CONTENT END 1 -->\n<\/div>\n<\/div>\n<p><script async src=\"\/\/www.instagram.com\/embed.js\"><\/script><br \/>\n<br \/><br \/>\n<br \/><a href=\"https:\/\/www.acidadeon.com\/ribeiraopreto\/cotidiano\/defesa-civil-emite-alerta-para-risco-de-chuva-forte-veja-regioes-afetadas-no-estado-de-sp\/\">Source link <\/a><\/p>\n","protected":false},"excerpt":{"rendered":"<p>A Defesa Civil de S\u00e3o Paulo emitiu um alerta para o risco de chuva moderada a forte\u00a0devido ao avan\u00e7o de uma nova frente fria entre&#8230;<\/p>\n","protected":false},"author":1,"featured_media":70105,"comment_status":"open","ping_status":"open","sticky":false,"template":"","format":"standard","meta":{"advanced_seo_description":"","jetpack_seo_html_title":"","jetpack_seo_noindex":false,"jetpack_post_was_ever_published":false,"_jetpack_newsletter_access":"","_jetpack_dont_email_post_to_subs":false,"_jetpack_newsletter_tier_id":0,"_jetpack_memberships_contains_paywalled_content":false,"_jetpack_memberships_contains_paid_content":false,"footnotes":"","jetpack_publicize_message":"","jetpack_publicize_feature_enabled":true,"jetpack_social_post_already_shared":true,"jetpack_social_options":{"image_generator_settings":{"template":"highway","default_image_id":0,"font":"","enabled":false},"version":2}},"categories":[11],"tags":[],"class_list":["post-70104","post","type-post","status-publish","format-standard","has-post-thumbnail","hentry","category-noticias-de-ribeirao-preto-sp-e-regiao-ismael-colosi"],"jetpack_publicize_connections":[],"jetpack_featured_media_url":"https:\/\/i0.wp.com\/noticiasribeiraopreto.com.br\/wp-content\/uploads\/2025\/05\/chuva.jpeg?fit=1600%2C1204&ssl=1","jetpack-related-posts":[{"id":65930,"url":"https:\/\/noticiasribeiraopreto.com.br\/index.php\/2025\/03\/26\/defesa-civil-emite-alerta-para-tempestades-em-sao-paulo-regioes-leste-e-campinas-sob-maior-risco\/","url_meta":{"origin":70104,"position":0},"title":"Defesa Civil emite alerta para tempestades em S\u00e3o Paulo: regi\u00f5es leste e Campinas sob maior risco","author":"noticiasribeiraopreto.com.br","date":"26 de March de 2025","format":false,"excerpt":"A Defesa Civil do Estado de S\u00e3o Paulo emitiu um alerta nesta quarta-feira (19) sobre a previs\u00e3o de fortes tempestades que devem atingir o territ\u00f3rio paulista entre hoje e amanh\u00e3 (quinta-feira, 20). A atua\u00e7\u00e3o de uma frente fria na Regi\u00e3o Sudeste est\u00e1 criando condi\u00e7\u00f5es prop\u00edcias para chuvas intensas e rajadas\u2026","rel":"","context":"In &quot;Not\u00edcias de Ribeir\u00e3o Preto-SP e Regi\u00e3o&quot;","block_context":{"text":"Not\u00edcias de Ribeir\u00e3o Preto-SP e Regi\u00e3o","link":"https:\/\/noticiasribeiraopreto.com.br\/index.php\/category\/noticias-de-ribeirao-preto-sp-e-regiao-ismael-colosi\/"},"img":{"alt_text":"","src":"https:\/\/i0.wp.com\/noticiasribeiraopreto.com.br\/wp-content\/uploads\/2025\/03\/chuva_mudanca_tempo_01.webp.webp?fit=1170%2C700&ssl=1&resize=350%2C200","width":350,"height":200,"srcset":"https:\/\/i0.wp.com\/noticiasribeiraopreto.com.br\/wp-content\/uploads\/2025\/03\/chuva_mudanca_tempo_01.webp.webp?fit=1170%2C700&ssl=1&resize=350%2C200 1x, https:\/\/i0.wp.com\/noticiasribeiraopreto.com.br\/wp-content\/uploads\/2025\/03\/chuva_mudanca_tempo_01.webp.webp?fit=1170%2C700&ssl=1&resize=525%2C300 1.5x, https:\/\/i0.wp.com\/noticiasribeiraopreto.com.br\/wp-content\/uploads\/2025\/03\/chuva_mudanca_tempo_01.webp.webp?fit=1170%2C700&ssl=1&resize=700%2C400 2x, https:\/\/i0.wp.com\/noticiasribeiraopreto.com.br\/wp-content\/uploads\/2025\/03\/chuva_mudanca_tempo_01.webp.webp?fit=1170%2C700&ssl=1&resize=1050%2C600 3x"},"classes":[]},{"id":79543,"url":"https:\/\/noticiasribeiraopreto.com.br\/index.php\/2025\/11\/03\/nova-frente-fria-traz-chuva-ainda-mais-intensa-para-sp-saiba-quando\/","url_meta":{"origin":70104,"position":1},"title":"Nova frente fria traz chuva ainda mais intensa para SP; Saiba quando","author":"noticiasribeiraopreto.com.br","date":"3 de November de 2025","format":false,"excerpt":"Ap\u00f3s um fim de semana de chuva intensa e diversos transtornos, a Defesa Civil de S\u00e3o Paulo emitiu um novo alerta para a chegada de uma frente fria ainda mais forte, com risco de temporais em v\u00e1rias regi\u00f5es do Estado nesta semana. De acordo com \u00f3rg\u00e3o, ao longo desta semana,\u2026","rel":"","context":"In &quot;Not\u00edcias de Ribeir\u00e3o Preto-SP e Regi\u00e3o&quot;","block_context":{"text":"Not\u00edcias de Ribeir\u00e3o Preto-SP e Regi\u00e3o","link":"https:\/\/noticiasribeiraopreto.com.br\/index.php\/category\/noticias-de-ribeirao-preto-sp-e-regiao-ismael-colosi\/"},"img":{"alt_text":"","src":"https:\/\/i0.wp.com\/noticiasribeiraopreto.com.br\/wp-content\/uploads\/2025\/11\/Copia-de-Copia-de-Copia-de-TAMANHO-EXATO-PARA-FOTOS-NO-SISTEMA-NOVO-2025-10-09T140757.106_2025-10-09_17-08-33.webp.webp?fit=1200%2C675&ssl=1&resize=350%2C200","width":350,"height":200,"srcset":"https:\/\/i0.wp.com\/noticiasribeiraopreto.com.br\/wp-content\/uploads\/2025\/11\/Copia-de-Copia-de-Copia-de-TAMANHO-EXATO-PARA-FOTOS-NO-SISTEMA-NOVO-2025-10-09T140757.106_2025-10-09_17-08-33.webp.webp?fit=1200%2C675&ssl=1&resize=350%2C200 1x, https:\/\/i0.wp.com\/noticiasribeiraopreto.com.br\/wp-content\/uploads\/2025\/11\/Copia-de-Copia-de-Copia-de-TAMANHO-EXATO-PARA-FOTOS-NO-SISTEMA-NOVO-2025-10-09T140757.106_2025-10-09_17-08-33.webp.webp?fit=1200%2C675&ssl=1&resize=525%2C300 1.5x, https:\/\/i0.wp.com\/noticiasribeiraopreto.com.br\/wp-content\/uploads\/2025\/11\/Copia-de-Copia-de-Copia-de-TAMANHO-EXATO-PARA-FOTOS-NO-SISTEMA-NOVO-2025-10-09T140757.106_2025-10-09_17-08-33.webp.webp?fit=1200%2C675&ssl=1&resize=700%2C400 2x, https:\/\/i0.wp.com\/noticiasribeiraopreto.com.br\/wp-content\/uploads\/2025\/11\/Copia-de-Copia-de-Copia-de-TAMANHO-EXATO-PARA-FOTOS-NO-SISTEMA-NOVO-2025-10-09T140757.106_2025-10-09_17-08-33.webp.webp?fit=1200%2C675&ssl=1&resize=1050%2C600 3x"},"classes":[]},{"id":68285,"url":"https:\/\/noticiasribeiraopreto.com.br\/index.php\/2025\/04\/24\/jornal-da-franca-previsao-de-chuva-defesa-civil-emite-alerta-para-franca-e-instala-gabinete-de-crise\/","url_meta":{"origin":70104,"position":2},"title":"Jornal da Franca &#8211; Previs\u00e3o de chuva: Defesa Civil emite alerta para Franca e instala gabinete de crise","author":"noticiasribeiraopreto.com.br","date":"24 de April de 2025","format":false,"excerpt":"compartilhar no whatsapp compartilhar no telegram compartilhar no facebook compartilhar no linkedin Instabilidades s\u00e3o provocadas por um sistema de baixa press\u00e3o, com ventos fortes e frente fria \u00a0 A Defesa Civil do Estado de S\u00e3o Paulo emitiu um alerta para a previs\u00e3o de chuvas de intensidade moderada a forte, com\u2026","rel":"","context":"In &quot;Not\u00edcias de Franca-SP&quot;","block_context":{"text":"Not\u00edcias de Franca-SP","link":"https:\/\/noticiasribeiraopreto.com.br\/index.php\/category\/noticias-de-ribeirao-preto-sp-e-regiao-ismael-colosi\/noticias-franca-sp\/"},"img":{"alt_text":"","src":"https:\/\/i0.wp.com\/noticiasribeiraopreto.com.br\/wp-content\/uploads\/2025\/04\/virada-do-tempo-chuva-frio-geada-centro-oeste-sudeste-sul-final-de-maio-2020.jpg?fit=600%2C405&ssl=1&resize=350%2C200","width":350,"height":200,"srcset":"https:\/\/i0.wp.com\/noticiasribeiraopreto.com.br\/wp-content\/uploads\/2025\/04\/virada-do-tempo-chuva-frio-geada-centro-oeste-sudeste-sul-final-de-maio-2020.jpg?fit=600%2C405&ssl=1&resize=350%2C200 1x, https:\/\/i0.wp.com\/noticiasribeiraopreto.com.br\/wp-content\/uploads\/2025\/04\/virada-do-tempo-chuva-frio-geada-centro-oeste-sudeste-sul-final-de-maio-2020.jpg?fit=600%2C405&ssl=1&resize=525%2C300 1.5x"},"classes":[]},{"id":79394,"url":"https:\/\/noticiasribeiraopreto.com.br\/index.php\/2025\/10\/30\/defesa-civil-alerta-para-chuvas-intensas-e-risco-de-transtornos-no-final-de-semana-veja-regioes-afetadas\/","url_meta":{"origin":70104,"position":3},"title":"Defesa Civil alerta para chuvas intensas e risco de transtornos no final de semana; Veja regi\u00f5es afetadas","author":"noticiasribeiraopreto.com.br","date":"30 de October de 2025","format":false,"excerpt":"A Defesa Civil do Estado de S\u00e3o Paulo emitiu um alerta para chuva generalizada entre a sexta-feira (31) e o domingo (2) \u2013 veja regi\u00f5es afetadas logo abaixo. Conforme o \u00f3rg\u00e3o, o comunicado foi emitido devido a lenta progress\u00e3o de uma frente fria sobre o territ\u00f3rio paulista. \u201cA instabilidade atmosf\u00e9rica\u2026","rel":"","context":"In &quot;Not\u00edcias de Ribeir\u00e3o Preto-SP e Regi\u00e3o&quot;","block_context":{"text":"Not\u00edcias de Ribeir\u00e3o Preto-SP e Regi\u00e3o","link":"https:\/\/noticiasribeiraopreto.com.br\/index.php\/category\/noticias-de-ribeirao-preto-sp-e-regiao-ismael-colosi\/"},"img":{"alt_text":"","src":"https:\/\/i0.wp.com\/noticiasribeiraopreto.com.br\/wp-content\/uploads\/2025\/10\/calor_chuva_sp_24_2025-02-20_20-46-45_jpg_2025-02-20_20-46-45-1024x743.webp.webp?fit=1024%2C743&ssl=1&resize=350%2C200","width":350,"height":200,"srcset":"https:\/\/i0.wp.com\/noticiasribeiraopreto.com.br\/wp-content\/uploads\/2025\/10\/calor_chuva_sp_24_2025-02-20_20-46-45_jpg_2025-02-20_20-46-45-1024x743.webp.webp?fit=1024%2C743&ssl=1&resize=350%2C200 1x, https:\/\/i0.wp.com\/noticiasribeiraopreto.com.br\/wp-content\/uploads\/2025\/10\/calor_chuva_sp_24_2025-02-20_20-46-45_jpg_2025-02-20_20-46-45-1024x743.webp.webp?fit=1024%2C743&ssl=1&resize=525%2C300 1.5x, https:\/\/i0.wp.com\/noticiasribeiraopreto.com.br\/wp-content\/uploads\/2025\/10\/calor_chuva_sp_24_2025-02-20_20-46-45_jpg_2025-02-20_20-46-45-1024x743.webp.webp?fit=1024%2C743&ssl=1&resize=700%2C400 2x"},"classes":[]},{"id":83462,"url":"https:\/\/noticiasribeiraopreto.com.br\/index.php\/2026\/03\/18\/instabilidade-aumenta-e-eleva-risco-de-temporais-no-estado-diz-defesa-civil-de-sp\/","url_meta":{"origin":70104,"position":4},"title":"Instabilidade aumenta e eleva risco de temporais no estado, diz Defesa Civil de SP","author":"noticiasribeiraopreto.com.br","date":"18 de March de 2026","format":false,"excerpt":"A Defesa Civil de S\u00e3o Paulo emitiu um alerta para risco de temporais nos pr\u00f3ximos dias em diversas regi\u00f5es do estado. De acordo com o \u00f3rg\u00e3o, nesta quinta-feira (19) h\u00e1 aumento das instabilidades, com previs\u00e3o de temporais. \u201cDesde o in\u00edcio do dia, a elevada umidade favorece registros de chuva fraca\u2026","rel":"","context":"In &quot;Not\u00edcias de Ribeir\u00e3o Preto-SP e Regi\u00e3o&quot;","block_context":{"text":"Not\u00edcias de Ribeir\u00e3o Preto-SP e Regi\u00e3o","link":"https:\/\/noticiasribeiraopreto.com.br\/index.php\/category\/noticias-de-ribeirao-preto-sp-e-regiao-ismael-colosi\/"},"img":{"alt_text":"","src":"https:\/\/i0.wp.com\/noticiasribeiraopreto.com.br\/wp-content\/uploads\/2026\/03\/Imagem-do-WhatsApp-de-2025-03-12-as-17.00.39_c1429c04-1024x683-1_2026-03-19_00-00-37.webp.webp?fit=1024%2C683&ssl=1&resize=350%2C200","width":350,"height":200,"srcset":"https:\/\/i0.wp.com\/noticiasribeiraopreto.com.br\/wp-content\/uploads\/2026\/03\/Imagem-do-WhatsApp-de-2025-03-12-as-17.00.39_c1429c04-1024x683-1_2026-03-19_00-00-37.webp.webp?fit=1024%2C683&ssl=1&resize=350%2C200 1x, https:\/\/i0.wp.com\/noticiasribeiraopreto.com.br\/wp-content\/uploads\/2026\/03\/Imagem-do-WhatsApp-de-2025-03-12-as-17.00.39_c1429c04-1024x683-1_2026-03-19_00-00-37.webp.webp?fit=1024%2C683&ssl=1&resize=525%2C300 1.5x, https:\/\/i0.wp.com\/noticiasribeiraopreto.com.br\/wp-content\/uploads\/2026\/03\/Imagem-do-WhatsApp-de-2025-03-12-as-17.00.39_c1429c04-1024x683-1_2026-03-19_00-00-37.webp.webp?fit=1024%2C683&ssl=1&resize=700%2C400 2x"},"classes":[]},{"id":60049,"url":"https:\/\/noticiasribeiraopreto.com.br\/index.php\/2024\/11\/05\/defesa-civil-emite-alerta-para-chuvas-intensas-no-estado-de-sp\/","url_meta":{"origin":70104,"position":5},"title":"Defesa Civil emite alerta para chuvas intensas no estado de SP","author":"noticiasribeiraopreto.com.br","date":"5 de November de 2024","format":false,"excerpt":"A Defesa Civil Estadual publicou um alerta para chuvas intensas no estado de S\u00e3o Paulo. Segundo o \u00f3rg\u00e3o, uma nova frente fria dever\u00e1 avan\u00e7ar pelo Sul do pa\u00eds e a previs\u00e3o \u00e9 que este sistema atinja o estado paulista no fim desta quinta-feira (7). Todas as regi\u00f5es do estado devem\u2026","rel":"","context":"In &quot;Not\u00edcias de Ribeir\u00e3o Preto-SP e Regi\u00e3o&quot;","block_context":{"text":"Not\u00edcias de Ribeir\u00e3o Preto-SP e Regi\u00e3o","link":"https:\/\/noticiasribeiraopreto.com.br\/index.php\/category\/noticias-de-ribeirao-preto-sp-e-regiao-ismael-colosi\/"},"img":{"alt_text":"","src":"https:\/\/i0.wp.com\/noticiasribeiraopreto.com.br\/wp-content\/uploads\/2024\/11\/chuva.jpeg?fit=1200%2C903&ssl=1&resize=350%2C200","width":350,"height":200,"srcset":"https:\/\/i0.wp.com\/noticiasribeiraopreto.com.br\/wp-content\/uploads\/2024\/11\/chuva.jpeg?fit=1200%2C903&ssl=1&resize=350%2C200 1x, https:\/\/i0.wp.com\/noticiasribeiraopreto.com.br\/wp-content\/uploads\/2024\/11\/chuva.jpeg?fit=1200%2C903&ssl=1&resize=525%2C300 1.5x, https:\/\/i0.wp.com\/noticiasribeiraopreto.com.br\/wp-content\/uploads\/2024\/11\/chuva.jpeg?fit=1200%2C903&ssl=1&resize=700%2C400 2x, https:\/\/i0.wp.com\/noticiasribeiraopreto.com.br\/wp-content\/uploads\/2024\/11\/chuva.jpeg?fit=1200%2C903&ssl=1&resize=1050%2C600 3x"},"classes":[]}],"jetpack_sharing_enabled":true,"jetpack_shortlink":"https:\/\/wp.me\/peQAOb-ieI","_links":{"self":[{"href":"https:\/\/noticiasribeiraopreto.com.br\/index.php\/wp-json\/wp\/v2\/posts\/70104","targetHints":{"allow":["GET"]}}],"collection":[{"href":"https:\/\/noticiasribeiraopreto.com.br\/index.php\/wp-json\/wp\/v2\/posts"}],"about":[{"href":"https:\/\/noticiasribeiraopreto.com.br\/index.php\/wp-json\/wp\/v2\/types\/post"}],"author":[{"embeddable":true,"href":"https:\/\/noticiasribeiraopreto.com.br\/index.php\/wp-json\/wp\/v2\/users\/1"}],"replies":[{"embeddable":true,"href":"https:\/\/noticiasribeiraopreto.com.br\/index.php\/wp-json\/wp\/v2\/comments?post=70104"}],"version-history":[{"count":0,"href":"https:\/\/noticiasribeiraopreto.com.br\/index.php\/wp-json\/wp\/v2\/posts\/70104\/revisions"}],"wp:featuredmedia":[{"embeddable":true,"href":"https:\/\/noticiasribeiraopreto.com.br\/index.php\/wp-json\/wp\/v2\/media\/70105"}],"wp:attachment":[{"href":"https:\/\/noticiasribeiraopreto.com.br\/index.php\/wp-json\/wp\/v2\/media?parent=70104"}],"wp:term":[{"taxonomy":"category","embeddable":true,"href":"https:\/\/noticiasribeiraopreto.com.br\/index.php\/wp-json\/wp\/v2\/categories?post=70104"},{"taxonomy":"post_tag","embeddable":true,"href":"https:\/\/noticiasribeiraopreto.com.br\/index.php\/wp-json\/wp\/v2\/tags?post=70104"}],"curies":[{"name":"wp","href":"https:\/\/api.w.org\/{rel}","templated":true}]}}