{"id":70108,"date":"2025-05-22T19:01:20","date_gmt":"2025-05-22T22:01:20","guid":{"rendered":"https:\/\/noticiasribeiraopreto.com.br\/index.php\/2025\/05\/22\/caso-larissa-morte-de-professora-em-ribeirao-preto-completa-dois-meses\/"},"modified":"2025-05-22T19:01:20","modified_gmt":"2025-05-22T22:01:20","slug":"caso-larissa-morte-de-professora-em-ribeirao-preto-completa-dois-meses","status":"publish","type":"post","link":"https:\/\/noticiasribeiraopreto.com.br\/index.php\/2025\/05\/22\/caso-larissa-morte-de-professora-em-ribeirao-preto-completa-dois-meses\/","title":{"rendered":"Caso Larissa: Morte de professora em Ribeir\u00e3o Preto completa dois meses"},"content":{"rendered":"<p> <br \/>\n<\/p>\n<div>\n<p>A <strong>morte <\/strong>da professora <strong>Larissa Rodrigues<\/strong> completa dois meses nesta <strong>quarta-feira (22)<\/strong> e as investiga\u00e7\u00f5es mostram os avan\u00e7os para confirmar se o marido <strong>Luiz Ant\u00f4nio Garnica<\/strong>, e a sogra, <strong>Elizabete Arraba\u00e7a<\/strong>, s\u00e3o respons\u00e1veis pelo crime que aconteceu em <strong>Ribeir\u00e3o Preto<\/strong>.<\/p>\n<p><em>&gt;&gt;&gt; FIQUE POR DENTRO: Veja a cobertura completa sobre a morte da professora Larissa Rodrigues<\/em><\/p>\n<p>O principal ind\u00edcio contra os dois suspeitos \u00e9 o depoimento de uma testemunha. Ela afirmou que, 15 dias antes da morte de Larissa, <strong>Elizabete teria perguntado onde poderia comprar chumbinho<\/strong>, veneno que foi encontrado no corpo da professora ap\u00f3s exame toxicol\u00f3gico.<\/p>\n<p>Agora, as autoridades <strong>aguardam a an\u00e1lise pericial dos telefones<\/strong> apreendidos com o m\u00e9dico, com a sogra e com a <strong>amante de Garnica<\/strong> \u2013 vale dizer que a mulher n\u00e3o \u00e9 suspeita de ter cometido o crime.<\/p>\n<p><strong>O celular de Larissa tamb\u00e9m foi levado para o trabalho de per\u00edcia<\/strong>. Agora especialistas buscam extrair dados e conversas que possam trazer novos ind\u00edcios e ajudar \u201ca montar o quebra-cabe\u00e7a\u201d desse caso.<\/p>\n<p>A defesa dos dois acusados sempre negaram o envolvimento deles no crime.<\/p>\n<h2 class=\"wp-block-heading\"><strong>Busca por ind\u00edcios e provas<\/strong><\/h2>\n<p>As autoridades tratam o caso como <strong>homic\u00eddio<\/strong>, e o <strong>Minist\u00e9rio P\u00fablico <\/strong>acredita que a an\u00e1lise dos celulares pode revelar elementos importantes, como mensagens e pesquisas.<\/p>\n<p>Segundo o professor da Faculdade de Direito da USP (Universidade de S\u00e3o Paulo), <strong>Daniel Pacheco<\/strong>, essa per\u00edcia \u00e9 um <strong>importante passo na investiga\u00e7\u00e3o do caso Larissa<\/strong>.<\/p>\n<figure class=\"wp-block-pullquote\">\n<blockquote>\n<p>A per\u00edcia \u00e9 sempre uma prova muito importante, porque \u00e9 uma prova documental que tem muito mais credibilidade do que at\u00e9 a pr\u00f3pria testemunha, que pode se enganar ou mentir<\/p>\n<p><cite>Daniel Pacheco<\/cite><\/p><\/blockquote>\n<\/figure>\n<p>\u201cHoje, no caso aqui concreto, nos temos a per\u00edcia de celular, que \u00e9 um tipo de aparelho que traz a vida da pessoa como um todo. Voc\u00ea encontra absolutamente qualquer coisa no celular da pessoa, ent\u00e3o com os t\u00e9cnicos fazendo essa per\u00edcia, muitas vezes, eles conseguem at\u00e9 levantar mensagens que foram apagadas, e mesmo quando o d\u00e1, sempre h\u00e1 outras provas no processo\u201d, explica o especialista.<\/p>\n<h3 class=\"wp-block-heading\"><strong>Novo laudo<\/strong><\/h3>\n<p>O advogado Bruno Corr\u00eaa, que defende <strong>Elizabete Arraba\u00e7a<\/strong> afirmou que vai pedir um contralaudo para determinar se a mulher realmente foi morta por envenenamento por chumbinho.<\/p>\n<p>De acordo com ele, o contralaudo \u00e9 necess\u00e1rio, em raz\u00e3o da pris\u00e3o de Elizabete ter sido determinada por esse motivo. <mark style=\"background-color:#fcb900\" class=\"has-inline-color\">A defesa tamb\u00e9m estuda pedir a pris\u00e3o domiciliar para a acusada, alegando problemas de sa\u00fade<\/mark>.<\/p>\n<p>\u201cPara que a gente n\u00e3o tenha um laudo com a possibilidade de um falso positivo, n\u00f3s vamos pedir esse contralaudo. Fazer esse trabalho de um novo laudo do material que tem recolhido dela no Instituto Adolfo Lutz, para que n\u00f3s tenhamos certeza que essa subst\u00e2ncia estava no corpo dela. Porque isso \u00e9 fundamental\u201d, afirma.<\/p>\n<p><strong><em>*Com informa\u00e7\u00f5es da EPTV<\/em><\/strong><\/p>\n<hr class=\"wp-block-separator has-alpha-channel-opacity\"\/>\n<p>SAIBA MAIS<\/p>\n<p>USP Ribeir\u00e3o Preto busca participantes para pesquisa sobre bruxismo<\/p>\n<h4 class=\"wp-block-heading\"><strong>FIQUE ON<\/strong><\/h4>\n<p>Fique ligado em tudo que acontece em Ribeir\u00e3o Preto e regi\u00e3o. Siga os perfis do<strong>\u00a0acidade on\u00a0<\/strong>no<a href=\"https:\/\/www.instagram.com\/acidadeonribeirao\">\u00a0Instagram\u00a0<\/a>e no\u00a0<a href=\"https:\/\/www.facebook.com\/acidadeonribeirao\/\">Facebook.<\/a><\/p>\n<p>Receba not\u00edcias do\u00a0<strong>acidade on\u00a0<\/strong>no WhatsApp.\u00a0<a href=\"https:\/\/chat.whatsapp.com\/BjKQZ9oJwlz8VVT50NuePq\">Para entrar no grupo, basta clicar aqui.<\/a><\/p>\n<p>Fa\u00e7a uma den\u00fancia ou sugira uma reportagem sobre Ribeir\u00e3o Preto e regi\u00e3o pelo WhatsApp: 16 99117 7802.<\/p>\n<p>VEJA TAMB\u00c9M<\/p>\n<p>Sobre o que \u00e9 o novo document\u00e1rio da Rita Lee?<\/p>\n<p><!-- CONTENT END 1 -->\n<\/div>\n<p><script async src=\"\/\/www.instagram.com\/embed.js\"><\/script><br \/>\n<br \/><br \/>\n<br \/><a href=\"https:\/\/www.acidadeon.com\/ribeiraopreto\/cotidiano\/caso-larissa-morte-de-professora-em-ribeirao-preto-completa-dois-meses\/\">Source link <\/a><\/p>\n","protected":false},"excerpt":{"rendered":"<p>A morte da professora Larissa Rodrigues completa dois meses nesta quarta-feira (22) e as investiga\u00e7\u00f5es mostram os avan\u00e7os para confirmar se o marido Luiz Ant\u00f4nio&#8230;<\/p>\n","protected":false},"author":1,"featured_media":70109,"comment_status":"open","ping_status":"open","sticky":false,"template":"","format":"standard","meta":{"advanced_seo_description":"","jetpack_seo_html_title":"","jetpack_seo_noindex":false,"jetpack_post_was_ever_published":false,"_jetpack_newsletter_access":"","_jetpack_dont_email_post_to_subs":false,"_jetpack_newsletter_tier_id":0,"_jetpack_memberships_contains_paywalled_content":false,"_jetpack_memberships_contains_paid_content":false,"footnotes":"","jetpack_publicize_message":"","jetpack_publicize_feature_enabled":true,"jetpack_social_post_already_shared":true,"jetpack_social_options":{"image_generator_settings":{"template":"highway","default_image_id":0,"font":"","enabled":false},"version":2}},"categories":[11],"tags":[],"class_list":["post-70108","post","type-post","status-publish","format-standard","has-post-thumbnail","hentry","category-noticias-de-ribeirao-preto-sp-e-regiao-ismael-colosi"],"jetpack_publicize_connections":[],"jetpack_featured_media_url":"https:\/\/i0.wp.com\/noticiasribeiraopreto.com.br\/wp-content\/uploads\/2025\/05\/Copia-de-Copia-de-Copia-de-TAMANHO-EXATO-PARA-FOTOS-NO-SISTEMA-NOVO-61_2025-05-11_18-41-35.webp.webp?fit=1200%2C675&ssl=1","jetpack-related-posts":[{"id":71163,"url":"https:\/\/noticiasribeiraopreto.com.br\/index.php\/2025\/06\/03\/caso-larissa-sogra-da-professora-e-transferida-para-penitenciaria\/","url_meta":{"origin":70108,"position":0},"title":"Caso Larissa: Sogra da professora \u00e9 transferida para penitenci\u00e1ria","author":"noticiasribeiraopreto.com.br","date":"3 de June de 2025","format":false,"excerpt":"A sogra da professora Larissa Talle Le\u00f4ncio Rodrigues, Elizabete Arraba\u00e7a, foi transferida da cadeia de S\u00e3o Joaquim da Barra para Penitenci\u00e1ria Feminina de Mogi-Gua\u00e7u, nesta ter\u00e7a-feira (3). Elizabete \u00e9 suspeita de envolvimento na morte de Larissa, em Ribeir\u00e3o Preto, no \u00faltimo m\u00eas de mar\u00e7o. Al\u00e9m dela, tamb\u00e9m est\u00e1 preso o\u2026","rel":"","context":"In &quot;Not\u00edcias de Ribeir\u00e3o Preto-SP e Regi\u00e3o&quot;","block_context":{"text":"Not\u00edcias de Ribeir\u00e3o Preto-SP e Regi\u00e3o","link":"https:\/\/noticiasribeiraopreto.com.br\/index.php\/category\/noticias-de-ribeirao-preto-sp-e-regiao-ismael-colosi\/"},"img":{"alt_text":"","src":"https:\/\/i0.wp.com\/noticiasribeiraopreto.com.br\/wp-content\/uploads\/2025\/05\/elizabeth_2025-05-07_16-18-11.webp.webp?fit=1200%2C700&ssl=1&resize=350%2C200","width":350,"height":200,"srcset":"https:\/\/i0.wp.com\/noticiasribeiraopreto.com.br\/wp-content\/uploads\/2025\/05\/elizabeth_2025-05-07_16-18-11.webp.webp?fit=1200%2C700&ssl=1&resize=350%2C200 1x, https:\/\/i0.wp.com\/noticiasribeiraopreto.com.br\/wp-content\/uploads\/2025\/05\/elizabeth_2025-05-07_16-18-11.webp.webp?fit=1200%2C700&ssl=1&resize=525%2C300 1.5x, https:\/\/i0.wp.com\/noticiasribeiraopreto.com.br\/wp-content\/uploads\/2025\/05\/elizabeth_2025-05-07_16-18-11.webp.webp?fit=1200%2C700&ssl=1&resize=700%2C400 2x, https:\/\/i0.wp.com\/noticiasribeiraopreto.com.br\/wp-content\/uploads\/2025\/05\/elizabeth_2025-05-07_16-18-11.webp.webp?fit=1200%2C700&ssl=1&resize=1050%2C600 3x"},"classes":[]},{"id":73226,"url":"https:\/\/noticiasribeiraopreto.com.br\/index.php\/2025\/06\/27\/caso-larissa-marido-e-sogra-sao-indiciados-por-morte-de-professora-envenenada-em-ribeirao\/","url_meta":{"origin":70108,"position":1},"title":"Caso Larissa: Marido e sogra s\u00e3o indiciados por morte de professora envenenada em Ribeir\u00e3o","author":"noticiasribeiraopreto.com.br","date":"27 de June de 2025","format":false,"excerpt":"A Pol\u00edcia Civil concluiu, nesta sexta-feira (27), a investiga\u00e7\u00e3o sobre a morte da professora de pilates Larissa Rodrigues, envenenada em mar\u00e7o deste ano em Ribeir\u00e3o Preto. >>>FIQUE POR DENTRO: Confira a cobertura completa sobre o caso Larissa Durante coletiva de imprensa, os delegados Fernando Bravo e Jos\u00e9 Carvalho de Ara\u00fajo\u2026","rel":"","context":"In &quot;Not\u00edcias de Ribeir\u00e3o Preto-SP e Regi\u00e3o&quot;","block_context":{"text":"Not\u00edcias de Ribeir\u00e3o Preto-SP e Regi\u00e3o","link":"https:\/\/noticiasribeiraopreto.com.br\/index.php\/category\/noticias-de-ribeirao-preto-sp-e-regiao-ismael-colosi\/"},"img":{"alt_text":"","src":"https:\/\/i0.wp.com\/noticiasribeiraopreto.com.br\/wp-content\/uploads\/2025\/06\/larissa_2025-05-09_12-39-48.webp.webp?fit=974%2C585&ssl=1&resize=350%2C200","width":350,"height":200,"srcset":"https:\/\/i0.wp.com\/noticiasribeiraopreto.com.br\/wp-content\/uploads\/2025\/06\/larissa_2025-05-09_12-39-48.webp.webp?fit=974%2C585&ssl=1&resize=350%2C200 1x, https:\/\/i0.wp.com\/noticiasribeiraopreto.com.br\/wp-content\/uploads\/2025\/06\/larissa_2025-05-09_12-39-48.webp.webp?fit=974%2C585&ssl=1&resize=525%2C300 1.5x, https:\/\/i0.wp.com\/noticiasribeiraopreto.com.br\/wp-content\/uploads\/2025\/06\/larissa_2025-05-09_12-39-48.webp.webp?fit=974%2C585&ssl=1&resize=700%2C400 2x"},"classes":[]},{"id":69596,"url":"https:\/\/noticiasribeiraopreto.com.br\/index.php\/2025\/05\/07\/nao-tenho-culpa-de-nada-diz-sogra-da-professora-larissa-apos-prisao-em-ribeirao\/","url_meta":{"origin":70108,"position":2},"title":"\u2018N\u00e3o tenho culpa de nada\u2019, diz sogra da professora Larissa ap\u00f3s pris\u00e3o em Ribeir\u00e3o","author":"noticiasribeiraopreto.com.br","date":"7 de May de 2025","format":false,"excerpt":"Elizabete Arraba\u00e7a, sogra da professora Larissa Talle Le\u00f4ncio Rodrigues, morta no \u00faltimo m\u00eas de mar\u00e7o, em Ribeir\u00e3o Preto, se manifestou nesta quarta-feira (7) sobre a pris\u00e3o ocorrida ontem. Elizabete afirma que n\u00e3o tem culpa. \u201cN\u00e3o tenho culpa de nada, gente. Para com isso. \u00c9 pecado. Voc\u00eas est\u00e3o fazendo isso. \u00c9\u2026","rel":"","context":"In &quot;Not\u00edcias de Ribeir\u00e3o Preto-SP e Regi\u00e3o&quot;","block_context":{"text":"Not\u00edcias de Ribeir\u00e3o Preto-SP e Regi\u00e3o","link":"https:\/\/noticiasribeiraopreto.com.br\/index.php\/category\/noticias-de-ribeirao-preto-sp-e-regiao-ismael-colosi\/"},"img":{"alt_text":"","src":"https:\/\/i0.wp.com\/noticiasribeiraopreto.com.br\/wp-content\/uploads\/2025\/05\/elizabeth_2025-05-07_16-18-11.webp.webp?fit=1200%2C700&ssl=1&resize=350%2C200","width":350,"height":200,"srcset":"https:\/\/i0.wp.com\/noticiasribeiraopreto.com.br\/wp-content\/uploads\/2025\/05\/elizabeth_2025-05-07_16-18-11.webp.webp?fit=1200%2C700&ssl=1&resize=350%2C200 1x, https:\/\/i0.wp.com\/noticiasribeiraopreto.com.br\/wp-content\/uploads\/2025\/05\/elizabeth_2025-05-07_16-18-11.webp.webp?fit=1200%2C700&ssl=1&resize=525%2C300 1.5x, https:\/\/i0.wp.com\/noticiasribeiraopreto.com.br\/wp-content\/uploads\/2025\/05\/elizabeth_2025-05-07_16-18-11.webp.webp?fit=1200%2C700&ssl=1&resize=700%2C400 2x, https:\/\/i0.wp.com\/noticiasribeiraopreto.com.br\/wp-content\/uploads\/2025\/05\/elizabeth_2025-05-07_16-18-11.webp.webp?fit=1200%2C700&ssl=1&resize=1050%2C600 3x"},"classes":[]},{"id":76068,"url":"https:\/\/noticiasribeiraopreto.com.br\/index.php\/2025\/08\/21\/justica-rejeita-anulacao-de-provas-contra-marido-e-sogra-de-professora-morta-em-ribeirao\/","url_meta":{"origin":70108,"position":3},"title":"Justi\u00e7a rejeita anula\u00e7\u00e3o de provas contra marido e sogra de professora morta em Ribeir\u00e3o","author":"noticiasribeiraopreto.com.br","date":"21 de August de 2025","format":false,"excerpt":"A Justi\u00e7a de Ribeir\u00e3o Preto rejeitou um pedido das defesas de Luiz Ant\u00f4nio Garnica e Elizabete Arraba\u00e7a para anular as provas encontradas nos celulares deles. Os dois s\u00e3o acusados de envolvimento na morte por envenenamento da professora Larissa Rodrigues, em mar\u00e7o deste ano, na zona Sul. Os advogados de Luiz\u2026","rel":"","context":"In &quot;Not\u00edcias de Ribeir\u00e3o Preto-SP e Regi\u00e3o&quot;","block_context":{"text":"Not\u00edcias de Ribeir\u00e3o Preto-SP e Regi\u00e3o","link":"https:\/\/noticiasribeiraopreto.com.br\/index.php\/category\/noticias-de-ribeirao-preto-sp-e-regiao-ismael-colosi\/"},"img":{"alt_text":"","src":"https:\/\/i0.wp.com\/noticiasribeiraopreto.com.br\/wp-content\/uploads\/2025\/07\/Copia-de-Copia-de-Copia-de-TAMANHO-EXATO-PARA-FOTOS-NO-SISTEMA-NOVO-2025-07-01T135245.697_2025-07-01_16-52-51.webp.webp?fit=1200%2C675&ssl=1&resize=350%2C200","width":350,"height":200,"srcset":"https:\/\/i0.wp.com\/noticiasribeiraopreto.com.br\/wp-content\/uploads\/2025\/07\/Copia-de-Copia-de-Copia-de-TAMANHO-EXATO-PARA-FOTOS-NO-SISTEMA-NOVO-2025-07-01T135245.697_2025-07-01_16-52-51.webp.webp?fit=1200%2C675&ssl=1&resize=350%2C200 1x, https:\/\/i0.wp.com\/noticiasribeiraopreto.com.br\/wp-content\/uploads\/2025\/07\/Copia-de-Copia-de-Copia-de-TAMANHO-EXATO-PARA-FOTOS-NO-SISTEMA-NOVO-2025-07-01T135245.697_2025-07-01_16-52-51.webp.webp?fit=1200%2C675&ssl=1&resize=525%2C300 1.5x, https:\/\/i0.wp.com\/noticiasribeiraopreto.com.br\/wp-content\/uploads\/2025\/07\/Copia-de-Copia-de-Copia-de-TAMANHO-EXATO-PARA-FOTOS-NO-SISTEMA-NOVO-2025-07-01T135245.697_2025-07-01_16-52-51.webp.webp?fit=1200%2C675&ssl=1&resize=700%2C400 2x, https:\/\/i0.wp.com\/noticiasribeiraopreto.com.br\/wp-content\/uploads\/2025\/07\/Copia-de-Copia-de-Copia-de-TAMANHO-EXATO-PARA-FOTOS-NO-SISTEMA-NOVO-2025-07-01T135245.697_2025-07-01_16-52-51.webp.webp?fit=1200%2C675&ssl=1&resize=1050%2C600 3x"},"classes":[]},{"id":73316,"url":"https:\/\/noticiasribeiraopreto.com.br\/index.php\/2025\/06\/29\/envenenamento-por-chumbinho-entenda-a-ligacao-entre-as-mortes-de-larissa-e-nathalia\/","url_meta":{"origin":70108,"position":4},"title":"Envenenamento por chumbinho: entenda a liga\u00e7\u00e3o entre as mortes de Larissa e Nath\u00e1lia","author":"noticiasribeiraopreto.com.br","date":"29 de June de 2025","format":false,"excerpt":"A Pol\u00edcia Civil e o Minist\u00e9rio P\u00fablico investigam Elizabete Arraba\u00e7a por suspeita de envolvimento nas mortes da filha, Nath\u00e1lia Garnica, e da nora, a professora de pilates Larissa Rodrigues. Elizabete esteve com as v\u00edtimas um dia antes das mortes; inicialmente, as autoridades trataram os casos como naturais. No entanto, exames\u2026","rel":"","context":"In &quot;Not\u00edcias de Ribeir\u00e3o Preto-SP e Regi\u00e3o&quot;","block_context":{"text":"Not\u00edcias de Ribeir\u00e3o Preto-SP e Regi\u00e3o","link":"https:\/\/noticiasribeiraopreto.com.br\/index.php\/category\/noticias-de-ribeirao-preto-sp-e-regiao-ismael-colosi\/"},"img":{"alt_text":"","src":"https:\/\/i0.wp.com\/noticiasribeiraopreto.com.br\/wp-content\/uploads\/2025\/06\/Copia-de-Copia-de-Copia-de-TAMANHO-EXATO-PARA-FOTOS-NO-SISTEMA-NOVO-2025-06-29T115635.342_2025-06-29_14-57-44.webp.webp?fit=1200%2C675&ssl=1&resize=350%2C200","width":350,"height":200,"srcset":"https:\/\/i0.wp.com\/noticiasribeiraopreto.com.br\/wp-content\/uploads\/2025\/06\/Copia-de-Copia-de-Copia-de-TAMANHO-EXATO-PARA-FOTOS-NO-SISTEMA-NOVO-2025-06-29T115635.342_2025-06-29_14-57-44.webp.webp?fit=1200%2C675&ssl=1&resize=350%2C200 1x, https:\/\/i0.wp.com\/noticiasribeiraopreto.com.br\/wp-content\/uploads\/2025\/06\/Copia-de-Copia-de-Copia-de-TAMANHO-EXATO-PARA-FOTOS-NO-SISTEMA-NOVO-2025-06-29T115635.342_2025-06-29_14-57-44.webp.webp?fit=1200%2C675&ssl=1&resize=525%2C300 1.5x, https:\/\/i0.wp.com\/noticiasribeiraopreto.com.br\/wp-content\/uploads\/2025\/06\/Copia-de-Copia-de-Copia-de-TAMANHO-EXATO-PARA-FOTOS-NO-SISTEMA-NOVO-2025-06-29T115635.342_2025-06-29_14-57-44.webp.webp?fit=1200%2C675&ssl=1&resize=700%2C400 2x, https:\/\/i0.wp.com\/noticiasribeiraopreto.com.br\/wp-content\/uploads\/2025\/06\/Copia-de-Copia-de-Copia-de-TAMANHO-EXATO-PARA-FOTOS-NO-SISTEMA-NOVO-2025-06-29T115635.342_2025-06-29_14-57-44.webp.webp?fit=1200%2C675&ssl=1&resize=1050%2C600 3x"},"classes":[]},{"id":70729,"url":"https:\/\/noticiasribeiraopreto.com.br\/index.php\/2025\/05\/29\/gilmar-mendes-vai-decidir-se-sogra-de-larissa-seguira-presa-ou-ganhara-liberdade\/","url_meta":{"origin":70108,"position":5},"title":"Gilmar Mendes vai decidir se sogra de Larissa seguir\u00e1 presa ou ganhar\u00e1 liberdade","author":"noticiasribeiraopreto.com.br","date":"29 de May de 2025","format":false,"excerpt":"A defesa de Elizabete Arraba\u00e7a, m\u00e3e do m\u00e9dico Luiz Ant\u00f4nio Garnica, e sogra da professora Larissa Talle Le\u00f4ncio Rodrigues, entrou com pedido de liberdade no STF (Supremo Tribunal Federal). O habeas corpus deu entrada na \u00faltima quarta-feira (29) e ser\u00e1 analisado pelo ministro Gilmar Mendes. Segundo o advogado Bruno Corr\u00eaa,\u2026","rel":"","context":"In &quot;Not\u00edcias de Ribeir\u00e3o Preto-SP e Regi\u00e3o&quot;","block_context":{"text":"Not\u00edcias de Ribeir\u00e3o Preto-SP e Regi\u00e3o","link":"https:\/\/noticiasribeiraopreto.com.br\/index.php\/category\/noticias-de-ribeirao-preto-sp-e-regiao-ismael-colosi\/"},"img":{"alt_text":"","src":"https:\/\/i0.wp.com\/noticiasribeiraopreto.com.br\/wp-content\/uploads\/2025\/05\/gilmar-elizabete_2025-05-29_14-32-04.webp.webp?fit=1200%2C674&ssl=1&resize=350%2C200","width":350,"height":200,"srcset":"https:\/\/i0.wp.com\/noticiasribeiraopreto.com.br\/wp-content\/uploads\/2025\/05\/gilmar-elizabete_2025-05-29_14-32-04.webp.webp?fit=1200%2C674&ssl=1&resize=350%2C200 1x, https:\/\/i0.wp.com\/noticiasribeiraopreto.com.br\/wp-content\/uploads\/2025\/05\/gilmar-elizabete_2025-05-29_14-32-04.webp.webp?fit=1200%2C674&ssl=1&resize=525%2C300 1.5x, https:\/\/i0.wp.com\/noticiasribeiraopreto.com.br\/wp-content\/uploads\/2025\/05\/gilmar-elizabete_2025-05-29_14-32-04.webp.webp?fit=1200%2C674&ssl=1&resize=700%2C400 2x, https:\/\/i0.wp.com\/noticiasribeiraopreto.com.br\/wp-content\/uploads\/2025\/05\/gilmar-elizabete_2025-05-29_14-32-04.webp.webp?fit=1200%2C674&ssl=1&resize=1050%2C600 3x"},"classes":[]}],"jetpack_sharing_enabled":true,"jetpack_shortlink":"https:\/\/wp.me\/peQAOb-ieM","_links":{"self":[{"href":"https:\/\/noticiasribeiraopreto.com.br\/index.php\/wp-json\/wp\/v2\/posts\/70108","targetHints":{"allow":["GET"]}}],"collection":[{"href":"https:\/\/noticiasribeiraopreto.com.br\/index.php\/wp-json\/wp\/v2\/posts"}],"about":[{"href":"https:\/\/noticiasribeiraopreto.com.br\/index.php\/wp-json\/wp\/v2\/types\/post"}],"author":[{"embeddable":true,"href":"https:\/\/noticiasribeiraopreto.com.br\/index.php\/wp-json\/wp\/v2\/users\/1"}],"replies":[{"embeddable":true,"href":"https:\/\/noticiasribeiraopreto.com.br\/index.php\/wp-json\/wp\/v2\/comments?post=70108"}],"version-history":[{"count":0,"href":"https:\/\/noticiasribeiraopreto.com.br\/index.php\/wp-json\/wp\/v2\/posts\/70108\/revisions"}],"wp:featuredmedia":[{"embeddable":true,"href":"https:\/\/noticiasribeiraopreto.com.br\/index.php\/wp-json\/wp\/v2\/media\/70109"}],"wp:attachment":[{"href":"https:\/\/noticiasribeiraopreto.com.br\/index.php\/wp-json\/wp\/v2\/media?parent=70108"}],"wp:term":[{"taxonomy":"category","embeddable":true,"href":"https:\/\/noticiasribeiraopreto.com.br\/index.php\/wp-json\/wp\/v2\/categories?post=70108"},{"taxonomy":"post_tag","embeddable":true,"href":"https:\/\/noticiasribeiraopreto.com.br\/index.php\/wp-json\/wp\/v2\/tags?post=70108"}],"curies":[{"name":"wp","href":"https:\/\/api.w.org\/{rel}","templated":true}]}}