{"id":70110,"date":"2025-05-22T19:08:43","date_gmt":"2025-05-22T22:08:43","guid":{"rendered":"https:\/\/noticiasribeiraopreto.com.br\/index.php\/2025\/05\/22\/carro-destroi-portao-e-invade-estacionamento-de-loja-apos-batida-em-ribeirao-preto-video\/"},"modified":"2025-05-22T19:08:43","modified_gmt":"2025-05-22T22:08:43","slug":"carro-destroi-portao-e-invade-estacionamento-de-loja-apos-batida-em-ribeirao-preto-video","status":"publish","type":"post","link":"https:\/\/noticiasribeiraopreto.com.br\/index.php\/2025\/05\/22\/carro-destroi-portao-e-invade-estacionamento-de-loja-apos-batida-em-ribeirao-preto-video\/","title":{"rendered":"Carro destr\u00f3i port\u00e3o e invade estacionamento de loja ap\u00f3s batida em Ribeir\u00e3o Preto; V\u00eddeo"},"content":{"rendered":"<p> <br \/>\n<\/p>\n<div data-td-block-uid=\"tdi_95\">\n<div class=\"tdb-block-inner td-fix-index\">\n<p><strong>Um carro invadiu o estacionamento de uma loja de equipamentos de seguran\u00e7a<\/strong> <strong>nesta quinta-feira (22), depois de se envolver em uma batida com outro ve\u00edculo, no bairro Campos El\u00edseos, zona Norte de Ribeir\u00e3o Preto. Assista <\/strong>ao <strong>v\u00eddeo <\/strong>abaixo.<\/p>\n<p>Imagens de <strong>c\u00e2mera de seguran\u00e7a<\/strong> mostram que o <strong>ve\u00edculo <\/strong>segue pela <strong>rua S\u00e3o Paulo<\/strong>, quando uma <strong>picape <\/strong>tenta <strong>cruzar <\/strong>pela <strong>rua Monsenhor Siqueira<\/strong> e ocorre a <strong>colis\u00e3o<\/strong>. A <strong>rua S\u00e3o Paulo<\/strong> \u00e9 <strong>preferencial<\/strong>. <\/p>\n<p>Ap\u00f3s a batida, o carro atinge o port\u00e3o da loja e vai parar no estacionamento em frente ao pr\u00e9dio.<\/p>\n<p>Segundo informa\u00e7\u00f5es, com o impacto, o motorista do carro sofreu ferimentos em um dos bra\u00e7os. O condutor da picape n\u00e3o se feriu.<\/p>\n<p>As causas, contudo, ainda dever\u00e3o ser apuradas.<\/p>\n<figure class=\"wp-block-video\"><video controls=\"\" src=\"https:\/\/www.acidadeon.com\/ribeiraopreto\/wp-content\/uploads\/sites\/3\/2025\/05\/WhatsApp-Video-2025-05-22-at-16.38.13.mp4\"\/><\/figure>\n<p>SAIBA MAIS<\/p>\n<p>Caso Larissa: Morte de professora em Ribeir\u00e3o Preto completa dois meses<\/p>\n<h2 class=\"wp-block-heading\"><strong>FIQUE ON<\/strong><\/h2>\n<p>Fique ligado em tudo que acontece em Ribeir\u00e3o Preto e regi\u00e3o. Siga os perfis do\u00a0<strong>acidade on<\/strong>\u00a0no\u00a0<a href=\"https:\/\/www.instagram.com\/acidadeonribeirao\">Instagram\u00a0<\/a>e no\u00a0<a href=\"https:\/\/www.facebook.com\/acidadeonribeirao\/\">Facebook.<\/a><\/p>\n<p>Receba not\u00edcias do\u00a0<strong>acidade on<\/strong>\u00a0no WhatsApp.\u00a0<a href=\"https:\/\/chat.whatsapp.com\/BjKQZ9oJwlz8VVT50NuePq\">Para entrar no grupo, basta clicar aqui.<\/a><\/p>\n<p>Fa\u00e7a uma den\u00fancia ou sugira uma reportagem sobre Ribeir\u00e3o Preto e regi\u00e3o pelo WhatsApp: 16 99117 7802.<\/p>\n<p>VEJA TAMB\u00c9M<\/p>\n<p>Existe antissemitismo no Brasil?<\/p>\n<p><!-- CONTENT END 1 -->\n<\/div>\n<\/div>\n<p><script async src=\"\/\/www.instagram.com\/embed.js\"><\/script><br \/>\n<br \/><br \/>\n<br \/><a href=\"https:\/\/www.acidadeon.com\/ribeiraopreto\/cotidiano\/carro-destroi-portao-e-invade-estacionamento-de-loja-apos-batida-em-ribeirao-preto\/\">Source link <\/a><\/p>\n","protected":false},"excerpt":{"rendered":"<p>Um carro invadiu o estacionamento de uma loja de equipamentos de seguran\u00e7a nesta quinta-feira (22), depois de se envolver em uma batida com outro ve\u00edculo,&#8230;<\/p>\n","protected":false},"author":1,"featured_media":70111,"comment_status":"open","ping_status":"open","sticky":false,"template":"","format":"standard","meta":{"advanced_seo_description":"","jetpack_seo_html_title":"","jetpack_seo_noindex":false,"jetpack_post_was_ever_published":false,"_jetpack_newsletter_access":"","_jetpack_dont_email_post_to_subs":false,"_jetpack_newsletter_tier_id":0,"_jetpack_memberships_contains_paywalled_content":false,"_jetpack_memberships_contains_paid_content":false,"footnotes":"","jetpack_publicize_message":"","jetpack_publicize_feature_enabled":true,"jetpack_social_post_already_shared":true,"jetpack_social_options":{"image_generator_settings":{"template":"highway","default_image_id":0,"font":"","enabled":false},"version":2}},"categories":[11],"tags":[],"class_list":["post-70110","post","type-post","status-publish","format-standard","has-post-thumbnail","hentry","category-noticias-de-ribeirao-preto-sp-e-regiao-ismael-colosi"],"jetpack_publicize_connections":[],"jetpack_featured_media_url":"https:\/\/i0.wp.com\/noticiasribeiraopreto.com.br\/wp-content\/uploads\/2025\/05\/ACIDENTE_2025-05-22_19-31-52.webp.webp?fit=1200%2C799&ssl=1","jetpack-related-posts":[{"id":67449,"url":"https:\/\/noticiasribeiraopreto.com.br\/index.php\/2025\/04\/14\/picape-capota-apos-batida-em-cruzamento-de-ribeirao-preto-veja-video\/","url_meta":{"origin":70110,"position":0},"title":"Picape capota ap\u00f3s batida em cruzamento de Ribeir\u00e3o Preto; Veja v\u00eddeo","author":"noticiasribeiraopreto.com.br","date":"14 de April de 2025","format":false,"excerpt":"Uma picape capotou ap\u00f3s uma batida com um carro na manh\u00e3 desta segunda (14), no cruzamento das ruas General C\u00e2mara e Mato Grosso, no Alto do Ipiranga, zona Oeste de Ribeir\u00e3o Preto. Assista ao v\u00eddeo abaixo. Segundo as informa\u00e7\u00f5es, duas pessoas foram socorridas por equipes do Corpo de Bombeiros. Uma\u2026","rel":"","context":"In &quot;Not\u00edcias de Ribeir\u00e3o Preto-SP e Regi\u00e3o&quot;","block_context":{"text":"Not\u00edcias de Ribeir\u00e3o Preto-SP e Regi\u00e3o","link":"https:\/\/noticiasribeiraopreto.com.br\/index.php\/category\/noticias-de-ribeirao-preto-sp-e-regiao-ismael-colosi\/"},"img":{"alt_text":"","src":"https:\/\/i0.wp.com\/noticiasribeiraopreto.com.br\/wp-content\/uploads\/2025\/04\/CAPOTAMENTO_2025-04-14_13-22-22_jpg_2025-04-14_13-22-22.webp.webp?fit=1200%2C791&ssl=1&resize=350%2C200","width":350,"height":200,"srcset":"https:\/\/i0.wp.com\/noticiasribeiraopreto.com.br\/wp-content\/uploads\/2025\/04\/CAPOTAMENTO_2025-04-14_13-22-22_jpg_2025-04-14_13-22-22.webp.webp?fit=1200%2C791&ssl=1&resize=350%2C200 1x, https:\/\/i0.wp.com\/noticiasribeiraopreto.com.br\/wp-content\/uploads\/2025\/04\/CAPOTAMENTO_2025-04-14_13-22-22_jpg_2025-04-14_13-22-22.webp.webp?fit=1200%2C791&ssl=1&resize=525%2C300 1.5x, https:\/\/i0.wp.com\/noticiasribeiraopreto.com.br\/wp-content\/uploads\/2025\/04\/CAPOTAMENTO_2025-04-14_13-22-22_jpg_2025-04-14_13-22-22.webp.webp?fit=1200%2C791&ssl=1&resize=700%2C400 2x, https:\/\/i0.wp.com\/noticiasribeiraopreto.com.br\/wp-content\/uploads\/2025\/04\/CAPOTAMENTO_2025-04-14_13-22-22_jpg_2025-04-14_13-22-22.webp.webp?fit=1200%2C791&ssl=1&resize=1050%2C600 3x"},"classes":[]},{"id":51113,"url":"https:\/\/noticiasribeiraopreto.com.br\/index.php\/2024\/05\/23\/carro-capota-apos-batida-em-cruzamento-de-ribeirao-preto-assista-ao-video\/","url_meta":{"origin":70110,"position":1},"title":"Carro capota ap\u00f3s batida em cruzamento de Ribeir\u00e3o Preto; Assista ao v\u00eddeo","author":"noticiasribeiraopreto.com.br","date":"23 de May de 2024","format":false,"excerpt":"Um carro capotou na manh\u00e3 desta quinta-feira (23), ap\u00f3s uma batida com outro ve\u00edculo no cruzamento das ruas Olavo Bilac e Lafaiete, na Vila Seixas, em Ribeir\u00e3o Preto. Assista ao v\u00eddeo abaixo. Segundo as primeiras informa\u00e7\u00f5es, ao menos uma pessoa foi socorrida. Imagens de c\u00e2mera de seguran\u00e7a mostram que o\u2026","rel":"","context":"In &quot;Not\u00edcias de Ribeir\u00e3o Preto-SP e Regi\u00e3o&quot;","block_context":{"text":"Not\u00edcias de Ribeir\u00e3o Preto-SP e Regi\u00e3o","link":"https:\/\/noticiasribeiraopreto.com.br\/index.php\/category\/noticias-de-ribeirao-preto-sp-e-regiao-ismael-colosi\/"},"img":{"alt_text":"","src":"https:\/\/i0.wp.com\/noticiasribeiraopreto.com.br\/wp-content\/uploads\/2024\/05\/CAPOTAMENTO_2024-05-23_12-48-04_jpg_2024-05-23_12-48-05.webp.webp?fit=1200%2C824&ssl=1&resize=350%2C200","width":350,"height":200,"srcset":"https:\/\/i0.wp.com\/noticiasribeiraopreto.com.br\/wp-content\/uploads\/2024\/05\/CAPOTAMENTO_2024-05-23_12-48-04_jpg_2024-05-23_12-48-05.webp.webp?fit=1200%2C824&ssl=1&resize=350%2C200 1x, https:\/\/i0.wp.com\/noticiasribeiraopreto.com.br\/wp-content\/uploads\/2024\/05\/CAPOTAMENTO_2024-05-23_12-48-04_jpg_2024-05-23_12-48-05.webp.webp?fit=1200%2C824&ssl=1&resize=525%2C300 1.5x, https:\/\/i0.wp.com\/noticiasribeiraopreto.com.br\/wp-content\/uploads\/2024\/05\/CAPOTAMENTO_2024-05-23_12-48-04_jpg_2024-05-23_12-48-05.webp.webp?fit=1200%2C824&ssl=1&resize=700%2C400 2x, https:\/\/i0.wp.com\/noticiasribeiraopreto.com.br\/wp-content\/uploads\/2024\/05\/CAPOTAMENTO_2024-05-23_12-48-04_jpg_2024-05-23_12-48-05.webp.webp?fit=1200%2C824&ssl=1&resize=1050%2C600 3x"},"classes":[]},{"id":50721,"url":"https:\/\/noticiasribeiraopreto.com.br\/index.php\/2024\/05\/18\/carro-invade-loja-apos-se-envolver-em-acidente-no-interior-de-sp\/","url_meta":{"origin":70110,"position":2},"title":"Carro invade loja ap\u00f3s se envolver em acidente no interior de SP","author":"noticiasribeiraopreto.com.br","date":"18 de May de 2024","format":false,"excerpt":"Um carro invadiu uma loja ap\u00f3s se envolver em um acidente em Franca, no interior de S\u00e3o Paulo. O acidente aconteceu na madrugada deste s\u00e1bado (18) na rotat\u00f3ria que liga as avenidas Adhemar de Barros e Brasil. Segundo apura\u00e7\u00e3o da EPTV, o ve\u00edculo trafegava pela Adhemar de Barros, quando foi\u2026","rel":"","context":"In &quot;Not\u00edcias de Ribeir\u00e3o Preto-SP e Regi\u00e3o&quot;","block_context":{"text":"Not\u00edcias de Ribeir\u00e3o Preto-SP e Regi\u00e3o","link":"https:\/\/noticiasribeiraopreto.com.br\/index.php\/category\/noticias-de-ribeirao-preto-sp-e-regiao-ismael-colosi\/"},"img":{"alt_text":"","src":"https:\/\/i0.wp.com\/noticiasribeiraopreto.com.br\/wp-content\/uploads\/2024\/05\/acidente-franca_2024-05-18_16-02-36_jpeg_2024-05-18_16-02-36.webp.webp?fit=900%2C1200&ssl=1&resize=350%2C200","width":350,"height":200,"srcset":"https:\/\/i0.wp.com\/noticiasribeiraopreto.com.br\/wp-content\/uploads\/2024\/05\/acidente-franca_2024-05-18_16-02-36_jpeg_2024-05-18_16-02-36.webp.webp?fit=900%2C1200&ssl=1&resize=350%2C200 1x, https:\/\/i0.wp.com\/noticiasribeiraopreto.com.br\/wp-content\/uploads\/2024\/05\/acidente-franca_2024-05-18_16-02-36_jpeg_2024-05-18_16-02-36.webp.webp?fit=900%2C1200&ssl=1&resize=525%2C300 1.5x, https:\/\/i0.wp.com\/noticiasribeiraopreto.com.br\/wp-content\/uploads\/2024\/05\/acidente-franca_2024-05-18_16-02-36_jpeg_2024-05-18_16-02-36.webp.webp?fit=900%2C1200&ssl=1&resize=700%2C400 2x"},"classes":[]},{"id":65267,"url":"https:\/\/noticiasribeiraopreto.com.br\/index.php\/2025\/03\/18\/carro-sobe-em-calcada-de-loja-apos-batida-no-centro-de-ribeirao-preto\/","url_meta":{"origin":70110,"position":3},"title":"Carro sobe em cal\u00e7ada de loja ap\u00f3s batida no Centro de Ribeir\u00e3o Preto","author":"noticiasribeiraopreto.com.br","date":"18 de March de 2025","format":false,"excerpt":"Um carro subiu na cal\u00e7ada de uma loja depois de uma batida com outro autom\u00f3vel na manh\u00e3 desta ter\u00e7a-feira (18), no cruzamento das ruas Amador Bueno e Duque de Caxias, no Centro de Ribeir\u00e3o Preto.Segundo a RP Mobi, n\u00e3o houve registro de feridos.Agentes sinalizaram o local da colis\u00e3o e h\u00e1\u2026","rel":"","context":"In &quot;Not\u00edcias de Ribeir\u00e3o Preto-SP e Regi\u00e3o&quot;","block_context":{"text":"Not\u00edcias de Ribeir\u00e3o Preto-SP e Regi\u00e3o","link":"https:\/\/noticiasribeiraopreto.com.br\/index.php\/category\/noticias-de-ribeirao-preto-sp-e-regiao-ismael-colosi\/"},"img":{"alt_text":"","src":"https:\/\/i0.wp.com\/noticiasribeiraopreto.com.br\/wp-content\/uploads\/2025\/03\/ACIDENTE-5_2025-03-18_12-12-24_jpg_2025-03-18_12-12-24.webp.webp?fit=1200%2C823&ssl=1&resize=350%2C200","width":350,"height":200,"srcset":"https:\/\/i0.wp.com\/noticiasribeiraopreto.com.br\/wp-content\/uploads\/2025\/03\/ACIDENTE-5_2025-03-18_12-12-24_jpg_2025-03-18_12-12-24.webp.webp?fit=1200%2C823&ssl=1&resize=350%2C200 1x, https:\/\/i0.wp.com\/noticiasribeiraopreto.com.br\/wp-content\/uploads\/2025\/03\/ACIDENTE-5_2025-03-18_12-12-24_jpg_2025-03-18_12-12-24.webp.webp?fit=1200%2C823&ssl=1&resize=525%2C300 1.5x, https:\/\/i0.wp.com\/noticiasribeiraopreto.com.br\/wp-content\/uploads\/2025\/03\/ACIDENTE-5_2025-03-18_12-12-24_jpg_2025-03-18_12-12-24.webp.webp?fit=1200%2C823&ssl=1&resize=700%2C400 2x, https:\/\/i0.wp.com\/noticiasribeiraopreto.com.br\/wp-content\/uploads\/2025\/03\/ACIDENTE-5_2025-03-18_12-12-24_jpg_2025-03-18_12-12-24.webp.webp?fit=1200%2C823&ssl=1&resize=1050%2C600 3x"},"classes":[]},{"id":62204,"url":"https:\/\/noticiasribeiraopreto.com.br\/index.php\/2025\/01\/07\/carro-vai-parar-dentro-de-loja-apos-acidente-no-centro-de-ribeirao-preto\/","url_meta":{"origin":70110,"position":4},"title":"Carro vai parar dentro de loja ap\u00f3s acidente no Centro de Ribeir\u00e3o Preto","author":"noticiasribeiraopreto.com.br","date":"7 de January de 2025","format":false,"excerpt":"Um carro foi parar dentro de uma loja ap\u00f3s se envolver em um acidente no Centro de Ribeir\u00e3o Preto, no final da manh\u00e3 desta ter\u00e7a-feira (7). Ningu\u00e9m ficou ferido. O acidente aconteceu no cruzamento das ruas Tibiri\u00e7\u00e1 com a Mariana Junqueira. Por conta da batida, a motorista de um dos\u2026","rel":"","context":"In &quot;Not\u00edcias de Ribeir\u00e3o Preto-SP e Regi\u00e3o&quot;","block_context":{"text":"Not\u00edcias de Ribeir\u00e3o Preto-SP e Regi\u00e3o","link":"https:\/\/noticiasribeiraopreto.com.br\/index.php\/category\/noticias-de-ribeirao-preto-sp-e-regiao-ismael-colosi\/"},"img":{"alt_text":"","src":"https:\/\/i0.wp.com\/noticiasribeiraopreto.com.br\/wp-content\/uploads\/2025\/01\/acidente-centro_2025-01-07_15-25-06_jpg_2025-01-07_15-25-07.webp.webp?fit=1200%2C665&ssl=1&resize=350%2C200","width":350,"height":200,"srcset":"https:\/\/i0.wp.com\/noticiasribeiraopreto.com.br\/wp-content\/uploads\/2025\/01\/acidente-centro_2025-01-07_15-25-06_jpg_2025-01-07_15-25-07.webp.webp?fit=1200%2C665&ssl=1&resize=350%2C200 1x, https:\/\/i0.wp.com\/noticiasribeiraopreto.com.br\/wp-content\/uploads\/2025\/01\/acidente-centro_2025-01-07_15-25-06_jpg_2025-01-07_15-25-07.webp.webp?fit=1200%2C665&ssl=1&resize=525%2C300 1.5x, https:\/\/i0.wp.com\/noticiasribeiraopreto.com.br\/wp-content\/uploads\/2025\/01\/acidente-centro_2025-01-07_15-25-06_jpg_2025-01-07_15-25-07.webp.webp?fit=1200%2C665&ssl=1&resize=700%2C400 2x, https:\/\/i0.wp.com\/noticiasribeiraopreto.com.br\/wp-content\/uploads\/2025\/01\/acidente-centro_2025-01-07_15-25-06_jpg_2025-01-07_15-25-07.webp.webp?fit=1200%2C665&ssl=1&resize=1050%2C600 3x"},"classes":[]},{"id":81268,"url":"https:\/\/noticiasribeiraopreto.com.br\/index.php\/2025\/12\/30\/camera-flagra-batida-entre-carros-e-capotamento-em-ribeirao-preto-assista\/","url_meta":{"origin":70110,"position":5},"title":"C\u00e2mera flagra batida entre carros e capotamento em Ribeir\u00e3o Preto; Assista","author":"noticiasribeiraopreto.com.br","date":"30 de December de 2025","format":false,"excerpt":"Uma c\u00e2mera de seguran\u00e7a registrou uma batida entre dois carros e o capotamento de um deles na manh\u00e3 desta segunda-feira (29), no cruzamento das ruas Am\u00e9rico Brasiliense e Amadeu Amaral, na Vila Seixas, em Ribeir\u00e3o Preto. Assista ao v\u00eddeo abaixo. A RP Mobi informou que o ve\u00edculo que capotou \u00e9\u2026","rel":"","context":"In &quot;Not\u00edcias de Ribeir\u00e3o Preto-SP e Regi\u00e3o&quot;","block_context":{"text":"Not\u00edcias de Ribeir\u00e3o Preto-SP e Regi\u00e3o","link":"https:\/\/noticiasribeiraopreto.com.br\/index.php\/category\/noticias-de-ribeirao-preto-sp-e-regiao-ismael-colosi\/"},"img":{"alt_text":"","src":"https:\/\/i0.wp.com\/noticiasribeiraopreto.com.br\/wp-content\/uploads\/2025\/12\/capotamento_2025-12-29_15-57-37.webp.webp?fit=1200%2C838&ssl=1&resize=350%2C200","width":350,"height":200,"srcset":"https:\/\/i0.wp.com\/noticiasribeiraopreto.com.br\/wp-content\/uploads\/2025\/12\/capotamento_2025-12-29_15-57-37.webp.webp?fit=1200%2C838&ssl=1&resize=350%2C200 1x, https:\/\/i0.wp.com\/noticiasribeiraopreto.com.br\/wp-content\/uploads\/2025\/12\/capotamento_2025-12-29_15-57-37.webp.webp?fit=1200%2C838&ssl=1&resize=525%2C300 1.5x, https:\/\/i0.wp.com\/noticiasribeiraopreto.com.br\/wp-content\/uploads\/2025\/12\/capotamento_2025-12-29_15-57-37.webp.webp?fit=1200%2C838&ssl=1&resize=700%2C400 2x, https:\/\/i0.wp.com\/noticiasribeiraopreto.com.br\/wp-content\/uploads\/2025\/12\/capotamento_2025-12-29_15-57-37.webp.webp?fit=1200%2C838&ssl=1&resize=1050%2C600 3x"},"classes":[]}],"jetpack_sharing_enabled":true,"jetpack_shortlink":"https:\/\/wp.me\/peQAOb-ieO","_links":{"self":[{"href":"https:\/\/noticiasribeiraopreto.com.br\/index.php\/wp-json\/wp\/v2\/posts\/70110","targetHints":{"allow":["GET"]}}],"collection":[{"href":"https:\/\/noticiasribeiraopreto.com.br\/index.php\/wp-json\/wp\/v2\/posts"}],"about":[{"href":"https:\/\/noticiasribeiraopreto.com.br\/index.php\/wp-json\/wp\/v2\/types\/post"}],"author":[{"embeddable":true,"href":"https:\/\/noticiasribeiraopreto.com.br\/index.php\/wp-json\/wp\/v2\/users\/1"}],"replies":[{"embeddable":true,"href":"https:\/\/noticiasribeiraopreto.com.br\/index.php\/wp-json\/wp\/v2\/comments?post=70110"}],"version-history":[{"count":0,"href":"https:\/\/noticiasribeiraopreto.com.br\/index.php\/wp-json\/wp\/v2\/posts\/70110\/revisions"}],"wp:featuredmedia":[{"embeddable":true,"href":"https:\/\/noticiasribeiraopreto.com.br\/index.php\/wp-json\/wp\/v2\/media\/70111"}],"wp:attachment":[{"href":"https:\/\/noticiasribeiraopreto.com.br\/index.php\/wp-json\/wp\/v2\/media?parent=70110"}],"wp:term":[{"taxonomy":"category","embeddable":true,"href":"https:\/\/noticiasribeiraopreto.com.br\/index.php\/wp-json\/wp\/v2\/categories?post=70110"},{"taxonomy":"post_tag","embeddable":true,"href":"https:\/\/noticiasribeiraopreto.com.br\/index.php\/wp-json\/wp\/v2\/tags?post=70110"}],"curies":[{"name":"wp","href":"https:\/\/api.w.org\/{rel}","templated":true}]}}