{"id":70112,"date":"2025-05-22T19:17:43","date_gmt":"2025-05-22T22:17:43","guid":{"rendered":"https:\/\/noticiasribeiraopreto.com.br\/index.php\/2025\/05\/22\/usp-ribeirao-preto-busca-participantes-para-pesquisa-sobre-bruxismo\/"},"modified":"2025-05-22T19:17:43","modified_gmt":"2025-05-22T22:17:43","slug":"usp-ribeirao-preto-busca-participantes-para-pesquisa-sobre-bruxismo","status":"publish","type":"post","link":"https:\/\/noticiasribeiraopreto.com.br\/index.php\/2025\/05\/22\/usp-ribeirao-preto-busca-participantes-para-pesquisa-sobre-bruxismo\/","title":{"rendered":"USP Ribeir\u00e3o Preto busca participantes para pesquisa sobre bruxismo"},"content":{"rendered":"<p> <br \/>\n<\/p>\n<div data-td-block-uid=\"tdi_95\">\n<div class=\"tdb-block-inner td-fix-index\">\n<p>A <strong>USP Ribeir\u00e3o Preto <\/strong>est\u00e1 recrutando volunt\u00e1rios para participar de uma pesquisa cient\u00edfica que investiga <strong>a rela\u00e7\u00e3o entre a pr\u00e1tica de e-sports e o desenvolvimento do bruxismo do sono e\/ou em vig\u00edlia<\/strong>.<\/p>\n<p>Podem participar <strong>pessoas que praticam e-sports<\/strong> e que estejam dispostas a colaborar com o preenchimento dos question\u00e1rios e, eventualmente, com o monitoramento comportamental via smartphone. Para se inscrever, os interessados devem preencher o formul\u00e1rio on-line \u2013 <a href=\"https:\/\/docs.google.com\/forms\/d\/e\/1FAIpQLSdSuCZzS-UdrnTXiYTDr5ayEpPdYzRTHUS9xezm0zI6QU9yzw\/viewform\">clique aqui<\/a><\/p>\n<p>O <strong>objetivo da pesquisa \u00e9 analisar como a pr\u00e1tica de e-sports pode influenciar o surgimento e a intensidade do bruxismo<\/strong>, considerando h\u00e1bitos e fatores de risco comuns entre os praticantes. Al\u00e9m disso, o estudo busca identificar poss\u00edveis desfechos relacionados ao comportamento emocional e social dessa popula\u00e7\u00e3o.<\/p>\n<h3 class=\"wp-block-heading\"><strong>Como ser\u00e1 a participa\u00e7\u00e3o?<\/strong><\/h3>\n<p>Os volunt\u00e1rios passar\u00e3o pelos seguintes procedimentos:<\/p>\n<ul class=\"wp-block-list\">\n<li>Responder\u00e3o a question\u00e1rios que avaliam caracter\u00edsticas pessoais, como idade, estilo de vida, presen\u00e7a de dores, vida social, situa\u00e7\u00e3o econ\u00f4mica e aspectos emocionais.<\/li>\n<li>Caso o participante apresente diagn\u00f3stico de bruxismo (identificado pela resposta positiva em mais de 60% dos question\u00e1rios), poder\u00e1 ser convidado para uma <strong>Avalia\u00e7\u00e3o Ecol\u00f3gica Moment\u00e2nea<\/strong>.<\/li>\n<li>Nessa avalia\u00e7\u00e3o, o volunt\u00e1rio usar\u00e1 seu smartphone para registrar comportamentos orais relacionados ao bruxismo durante o per\u00edodo de uma semana.<\/li>\n<\/ul>\n<p>O tempo estimado para o<strong> preenchimento dos question\u00e1rios \u00e9 de aproximadamente 10 minutos.<\/strong><\/p>\n<hr class=\"wp-block-separator has-alpha-channel-opacity\"\/>\n<p>SAIBA MAIS<br \/>Prefeitura de Ribeir\u00e3o aprova novo bairro para 4,5 mil moradores na zona Leste<\/p>\n<h2 class=\"wp-block-heading\"><strong>FIQUE ON<\/strong><\/h2>\n<p>Fique ligado em tudo que acontece em Ribeir\u00e3o Preto e regi\u00e3o. Siga os perfis do<strong>\u00a0acidade on\u00a0<\/strong>no<a href=\"https:\/\/www.instagram.com\/acidadeonribeirao\">\u00a0Instagram\u00a0<\/a>e no\u00a0<a href=\"https:\/\/www.facebook.com\/acidadeonribeirao\/\">Facebook.<\/a><\/p>\n<p>Receba not\u00edcias do\u00a0<strong>acidade on\u00a0<\/strong>no WhatsApp.\u00a0<a href=\"https:\/\/chat.whatsapp.com\/BjKQZ9oJwlz8VVT50NuePq\">Para entrar no grupo, basta clicar aqui.<\/a><\/p>\n<p>Fa\u00e7a uma den\u00fancia ou sugira uma reportagem sobre Ribeir\u00e3o Preto e regi\u00e3o pelo WhatsApp: 16 99117 7802.<\/p>\n<p>VEJA TAMB\u00c9M<br \/>Quais clubes v\u00e3o boicotar a elei\u00e7\u00e3o da CBF?<\/p>\n<p><!-- CONTENT END 1 -->\n<\/div>\n<\/div>\n<p><script async src=\"\/\/www.instagram.com\/embed.js\"><\/script><br \/>\n<br \/><br \/>\n<br \/><a href=\"https:\/\/www.acidadeon.com\/ribeiraopreto\/cotidiano\/usp-ribeirao-preto-busca-participantes-para-pesquisa-sobre-bruxismo\/\">Source link <\/a><\/p>\n","protected":false},"excerpt":{"rendered":"<p>A USP Ribeir\u00e3o Preto est\u00e1 recrutando volunt\u00e1rios para participar de uma pesquisa cient\u00edfica que investiga a rela\u00e7\u00e3o entre a pr\u00e1tica de e-sports e o desenvolvimento&#8230;<\/p>\n","protected":false},"author":1,"featured_media":70113,"comment_status":"open","ping_status":"open","sticky":false,"template":"","format":"standard","meta":{"advanced_seo_description":"","jetpack_seo_html_title":"","jetpack_seo_noindex":false,"jetpack_post_was_ever_published":false,"_jetpack_newsletter_access":"","_jetpack_dont_email_post_to_subs":false,"_jetpack_newsletter_tier_id":0,"_jetpack_memberships_contains_paywalled_content":false,"_jetpack_memberships_contains_paid_content":false,"footnotes":"","jetpack_publicize_message":"","jetpack_publicize_feature_enabled":true,"jetpack_social_post_already_shared":true,"jetpack_social_options":{"image_generator_settings":{"template":"highway","default_image_id":0,"font":"","enabled":false},"version":2}},"categories":[11],"tags":[],"class_list":["post-70112","post","type-post","status-publish","format-standard","has-post-thumbnail","hentry","category-noticias-de-ribeirao-preto-sp-e-regiao-ismael-colosi"],"jetpack_publicize_connections":[],"jetpack_featured_media_url":"https:\/\/i0.wp.com\/noticiasribeiraopreto.com.br\/wp-content\/uploads\/2025\/05\/Copia-de-Copia-de-Copia-de-TAMANHO-EXATO-PARA-FOTOS-NO-SISTEMA-NOVO-88_2025-05-22_18-27-25.webp.webp?fit=1200%2C675&ssl=1","jetpack-related-posts":[{"id":65900,"url":"https:\/\/noticiasribeiraopreto.com.br\/index.php\/2025\/03\/25\/usp-ribeirao-preto-busca-voluntarios-para-pesquisa-relacionada-ao-bruxismo\/","url_meta":{"origin":70112,"position":0},"title":"USP Ribeir\u00e3o Preto busca volunt\u00e1rios para pesquisa relacionada ao bruxismo","author":"noticiasribeiraopreto.com.br","date":"25 de March de 2025","format":false,"excerpt":"A Faculdade de Odontologia de Ribeir\u00e3o Preto (Forp) da USP est\u00e1 buscando volunt\u00e1rios para participar de uma pesquisa sobre a associa\u00e7\u00e3o entre a pr\u00e1tica de e-sports e o bruxismo durante o sono. Para participar, os interessados devem acessar um question\u00e1rio online \u2013 clique aqui. O question\u00e1rio tem dura\u00e7\u00e3o aproximada de\u2026","rel":"","context":"In &quot;Not\u00edcias de Ribeir\u00e3o Preto-SP e Regi\u00e3o&quot;","block_context":{"text":"Not\u00edcias de Ribeir\u00e3o Preto-SP e Regi\u00e3o","link":"https:\/\/noticiasribeiraopreto.com.br\/index.php\/category\/noticias-de-ribeirao-preto-sp-e-regiao-ismael-colosi\/"},"img":{"alt_text":"","src":"https:\/\/i0.wp.com\/noticiasribeiraopreto.com.br\/wp-content\/uploads\/2025\/03\/Copia-de-Copia-de-Copia-de-TAMANHO-EXATO-PARA-FOTOS-NO-SISTEMA-NOVO-2025-03-25T165749.500_2025-03-25_19-57-56_png_2025-03-25_19-57-56.webp.webp?fit=1200%2C675&ssl=1&resize=350%2C200","width":350,"height":200,"srcset":"https:\/\/i0.wp.com\/noticiasribeiraopreto.com.br\/wp-content\/uploads\/2025\/03\/Copia-de-Copia-de-Copia-de-TAMANHO-EXATO-PARA-FOTOS-NO-SISTEMA-NOVO-2025-03-25T165749.500_2025-03-25_19-57-56_png_2025-03-25_19-57-56.webp.webp?fit=1200%2C675&ssl=1&resize=350%2C200 1x, https:\/\/i0.wp.com\/noticiasribeiraopreto.com.br\/wp-content\/uploads\/2025\/03\/Copia-de-Copia-de-Copia-de-TAMANHO-EXATO-PARA-FOTOS-NO-SISTEMA-NOVO-2025-03-25T165749.500_2025-03-25_19-57-56_png_2025-03-25_19-57-56.webp.webp?fit=1200%2C675&ssl=1&resize=525%2C300 1.5x, https:\/\/i0.wp.com\/noticiasribeiraopreto.com.br\/wp-content\/uploads\/2025\/03\/Copia-de-Copia-de-Copia-de-TAMANHO-EXATO-PARA-FOTOS-NO-SISTEMA-NOVO-2025-03-25T165749.500_2025-03-25_19-57-56_png_2025-03-25_19-57-56.webp.webp?fit=1200%2C675&ssl=1&resize=700%2C400 2x, https:\/\/i0.wp.com\/noticiasribeiraopreto.com.br\/wp-content\/uploads\/2025\/03\/Copia-de-Copia-de-Copia-de-TAMANHO-EXATO-PARA-FOTOS-NO-SISTEMA-NOVO-2025-03-25T165749.500_2025-03-25_19-57-56_png_2025-03-25_19-57-56.webp.webp?fit=1200%2C675&ssl=1&resize=1050%2C600 3x"},"classes":[]},{"id":77596,"url":"https:\/\/noticiasribeiraopreto.com.br\/index.php\/2025\/09\/22\/usp-ribeirao-preto-busca-voluntarios-para-pesquisa-sobre-e-sports-e-bruxismo\/","url_meta":{"origin":70112,"position":1},"title":"USP Ribeir\u00e3o Preto busca volunt\u00e1rios para pesquisa sobre e-sports e bruxismo","author":"noticiasribeiraopreto.com.br","date":"22 de September de 2025","format":false,"excerpt":"Pesquisadores da USP (Universidade de S\u00e3o Paulo) Ribeir\u00e3o Preto est\u00e3o em busca de volunt\u00e1rios para uma pesquisa sobre a rela\u00e7\u00e3o entre a pr\u00e1tica de e-sports e o desenvolvimento do bruxismo do sono e\/ou em vig\u00edlia. O objetivo \u00e9 analisar como a pr\u00e1tica de e-sports pode influenciar o surgimento e a\u2026","rel":"","context":"In &quot;Not\u00edcias de Ribeir\u00e3o Preto-SP e Regi\u00e3o&quot;","block_context":{"text":"Not\u00edcias de Ribeir\u00e3o Preto-SP e Regi\u00e3o","link":"https:\/\/noticiasribeiraopreto.com.br\/index.php\/category\/noticias-de-ribeirao-preto-sp-e-regiao-ismael-colosi\/"},"img":{"alt_text":"","src":"https:\/\/i0.wp.com\/noticiasribeiraopreto.com.br\/wp-content\/uploads\/2025\/09\/Copia-de-Copia-de-Copia-de-TAMANHO-EXATO-PARA-FOTOS-NO-SISTEMA-NOVO-88_2025-05-22_18-27-25-1068x601-1.webp.webp?fit=1068%2C601&ssl=1&resize=350%2C200","width":350,"height":200,"srcset":"https:\/\/i0.wp.com\/noticiasribeiraopreto.com.br\/wp-content\/uploads\/2025\/09\/Copia-de-Copia-de-Copia-de-TAMANHO-EXATO-PARA-FOTOS-NO-SISTEMA-NOVO-88_2025-05-22_18-27-25-1068x601-1.webp.webp?fit=1068%2C601&ssl=1&resize=350%2C200 1x, https:\/\/i0.wp.com\/noticiasribeiraopreto.com.br\/wp-content\/uploads\/2025\/09\/Copia-de-Copia-de-Copia-de-TAMANHO-EXATO-PARA-FOTOS-NO-SISTEMA-NOVO-88_2025-05-22_18-27-25-1068x601-1.webp.webp?fit=1068%2C601&ssl=1&resize=525%2C300 1.5x, https:\/\/i0.wp.com\/noticiasribeiraopreto.com.br\/wp-content\/uploads\/2025\/09\/Copia-de-Copia-de-Copia-de-TAMANHO-EXATO-PARA-FOTOS-NO-SISTEMA-NOVO-88_2025-05-22_18-27-25-1068x601-1.webp.webp?fit=1068%2C601&ssl=1&resize=700%2C400 2x, https:\/\/i0.wp.com\/noticiasribeiraopreto.com.br\/wp-content\/uploads\/2025\/09\/Copia-de-Copia-de-Copia-de-TAMANHO-EXATO-PARA-FOTOS-NO-SISTEMA-NOVO-88_2025-05-22_18-27-25-1068x601-1.webp.webp?fit=1068%2C601&ssl=1&resize=1050%2C600 3x"},"classes":[]},{"id":66418,"url":"https:\/\/noticiasribeiraopreto.com.br\/index.php\/2025\/04\/01\/jornal-da-franca-bruxismo-nao-acontece-so-a-noite-saiba-tudo-sobre-esse-problema-incomodo\/","url_meta":{"origin":70112,"position":2},"title":"Jornal da Franca &#8211; Bruxismo n\u00e3o acontece s\u00f3 \u00e0 noite: saiba tudo sobre esse problema inc\u00f4modo","author":"noticiasribeiraopreto.com.br","date":"1 de April de 2025","format":false,"excerpt":"compartilhar no whatsapp compartilhar no telegram compartilhar no facebook compartilhar no linkedin Conhe\u00e7a o principal desencadeador do bruxismo e outros sinais al\u00e9m da mand\u00edbula apertada e do ranger de dentes Aproximadamente 40% da popula\u00e7\u00e3o brasileira sofre com bruxismo \u2013 foto Arquivo \u00a0 Segundo a Organiza\u00e7\u00e3o Mundial de Sa\u00fade (OMS), o\u2026","rel":"","context":"In &quot;Not\u00edcias de Franca-SP&quot;","block_context":{"text":"Not\u00edcias de Franca-SP","link":"https:\/\/noticiasribeiraopreto.com.br\/index.php\/category\/noticias-de-ribeirao-preto-sp-e-regiao-ismael-colosi\/noticias-franca-sp\/"},"img":{"alt_text":"","src":"https:\/\/i0.wp.com\/noticiasribeiraopreto.com.br\/wp-content\/uploads\/2025\/04\/toxina-botulinica-bruxismo-shutterstock.jpg?fit=1200%2C675&ssl=1&resize=350%2C200","width":350,"height":200,"srcset":"https:\/\/i0.wp.com\/noticiasribeiraopreto.com.br\/wp-content\/uploads\/2025\/04\/toxina-botulinica-bruxismo-shutterstock.jpg?fit=1200%2C675&ssl=1&resize=350%2C200 1x, https:\/\/i0.wp.com\/noticiasribeiraopreto.com.br\/wp-content\/uploads\/2025\/04\/toxina-botulinica-bruxismo-shutterstock.jpg?fit=1200%2C675&ssl=1&resize=525%2C300 1.5x, https:\/\/i0.wp.com\/noticiasribeiraopreto.com.br\/wp-content\/uploads\/2025\/04\/toxina-botulinica-bruxismo-shutterstock.jpg?fit=1200%2C675&ssl=1&resize=700%2C400 2x, https:\/\/i0.wp.com\/noticiasribeiraopreto.com.br\/wp-content\/uploads\/2025\/04\/toxina-botulinica-bruxismo-shutterstock.jpg?fit=1200%2C675&ssl=1&resize=1050%2C600 3x"},"classes":[]},{"id":70094,"url":"https:\/\/noticiasribeiraopreto.com.br\/index.php\/2025\/05\/22\/pm-e-flagrado-empinando-moto-em-ribeirao-preto-veja-video\/","url_meta":{"origin":70112,"position":3},"title":"PM \u00e9 flagrado empinando moto em Ribeir\u00e3o Preto; veja v\u00eddeo","author":"noticiasribeiraopreto.com.br","date":"22 de May de 2025","format":false,"excerpt":"Um policial militar foi flagrado empinando uma moto na rotat\u00f3ria entre a rua Petr\u00f3polis e a avenida Brasil, na zona Norte de Ribeir\u00e3o Preto. Em nota, a Secretaria de Seguran\u00e7a P\u00fablica informou que tomou conhecimento do v\u00eddeo e determinou a imediata apura\u00e7\u00e3o para identificar o policial envolvido e adotar as\u2026","rel":"","context":"In &quot;Not\u00edcias de Ribeir\u00e3o Preto-SP e Regi\u00e3o&quot;","block_context":{"text":"Not\u00edcias de Ribeir\u00e3o Preto-SP e Regi\u00e3o","link":"https:\/\/noticiasribeiraopreto.com.br\/index.php\/category\/noticias-de-ribeirao-preto-sp-e-regiao-ismael-colosi\/"},"img":{"alt_text":"","src":"https:\/\/i0.wp.com\/noticiasribeiraopreto.com.br\/wp-content\/uploads\/2025\/05\/f_2025-05-22_20-48-47.webp.webp?fit=826%2C534&ssl=1&resize=350%2C200","width":350,"height":200,"srcset":"https:\/\/i0.wp.com\/noticiasribeiraopreto.com.br\/wp-content\/uploads\/2025\/05\/f_2025-05-22_20-48-47.webp.webp?fit=826%2C534&ssl=1&resize=350%2C200 1x, https:\/\/i0.wp.com\/noticiasribeiraopreto.com.br\/wp-content\/uploads\/2025\/05\/f_2025-05-22_20-48-47.webp.webp?fit=826%2C534&ssl=1&resize=525%2C300 1.5x, https:\/\/i0.wp.com\/noticiasribeiraopreto.com.br\/wp-content\/uploads\/2025\/05\/f_2025-05-22_20-48-47.webp.webp?fit=826%2C534&ssl=1&resize=700%2C400 2x"},"classes":[]},{"id":44223,"url":"https:\/\/noticiasribeiraopreto.com.br\/index.php\/2024\/03\/26\/usp-ribeirao-esta-em-busca-de-voluntarios-para-pesquisa-sobre-percepcao-temporal\/","url_meta":{"origin":70112,"position":4},"title":"USP Ribeir\u00e3o est\u00e1 em busca de volunt\u00e1rios para pesquisa sobre percep\u00e7\u00e3o temporal","author":"noticiasribeiraopreto.com.br","date":"26 de March de 2024","format":false,"excerpt":"A Universidade de S\u00e3o Paulo (USP) de Ribeir\u00e3o Preto est\u00e1 em busca de volunt\u00e1rios para participarem de uma tarefa, que faz parte de uma pesquisa sobre percep\u00e7\u00e3o temporal da linha de pesquisa da Est\u00e9tica Experimental. O estudo est\u00e1 sendo desenvolvido pela doutoranda Tatiana Cristina Ferreira, no Laborat\u00f3rio de Processos Associativos,\u2026","rel":"","context":"In &quot;Not\u00edcias de Ribeir\u00e3o Preto-SP e Regi\u00e3o&quot;","block_context":{"text":"Not\u00edcias de Ribeir\u00e3o Preto-SP e Regi\u00e3o","link":"https:\/\/noticiasribeiraopreto.com.br\/index.php\/category\/noticias-de-ribeirao-preto-sp-e-regiao-ismael-colosi\/"},"img":{"alt_text":"","src":"https:\/\/i0.wp.com\/noticiasribeiraopreto.com.br\/wp-content\/uploads\/2024\/03\/1711481760_usp_ribeirao_500x320_26072019111611.jpg?fit=500%2C322&ssl=1&resize=350%2C200","width":350,"height":200},"classes":[]},{"id":77722,"url":"https:\/\/noticiasribeiraopreto.com.br\/index.php\/2025\/09\/24\/usp-busca-voluntarios-para-pesquisa-sobre-sorriso-gengival-saiba-como-participar\/","url_meta":{"origin":70112,"position":5},"title":"USP busca volunt\u00e1rios para pesquisa sobre sorriso gengival; Saiba como participar","author":"noticiasribeiraopreto.com.br","date":"24 de September de 2025","format":false,"excerpt":"Pesquisadores da FORP-USP (Faculdade de Odontologia de Ribeir\u00e3o Preto da Universidade de S\u00e3o Paulo) est\u00e3o em busca de volunt\u00e1rios para uma pesquisa cl\u00ednica que avalia o tratamento do sorriso gengival por meio de cirurgia gengival. Segundo a doutoranda D\u00e9bora S\u00e1vio, o sorriso gengival \u00e9 uma condi\u00e7\u00e3o caracterizada pela exposi\u00e7\u00e3o excessiva\u2026","rel":"","context":"In &quot;Not\u00edcias de Ribeir\u00e3o Preto-SP e Regi\u00e3o&quot;","block_context":{"text":"Not\u00edcias de Ribeir\u00e3o Preto-SP e Regi\u00e3o","link":"https:\/\/noticiasribeiraopreto.com.br\/index.php\/category\/noticias-de-ribeirao-preto-sp-e-regiao-ismael-colosi\/"},"img":{"alt_text":"","src":"https:\/\/i0.wp.com\/noticiasribeiraopreto.com.br\/wp-content\/uploads\/2025\/09\/campus-usp-ribeirao-preto_2025-01-27_15-21-07_jpg_2025-01-27_15-21-07.webp.webp?fit=1200%2C900&ssl=1&resize=350%2C200","width":350,"height":200,"srcset":"https:\/\/i0.wp.com\/noticiasribeiraopreto.com.br\/wp-content\/uploads\/2025\/09\/campus-usp-ribeirao-preto_2025-01-27_15-21-07_jpg_2025-01-27_15-21-07.webp.webp?fit=1200%2C900&ssl=1&resize=350%2C200 1x, https:\/\/i0.wp.com\/noticiasribeiraopreto.com.br\/wp-content\/uploads\/2025\/09\/campus-usp-ribeirao-preto_2025-01-27_15-21-07_jpg_2025-01-27_15-21-07.webp.webp?fit=1200%2C900&ssl=1&resize=525%2C300 1.5x, https:\/\/i0.wp.com\/noticiasribeiraopreto.com.br\/wp-content\/uploads\/2025\/09\/campus-usp-ribeirao-preto_2025-01-27_15-21-07_jpg_2025-01-27_15-21-07.webp.webp?fit=1200%2C900&ssl=1&resize=700%2C400 2x, https:\/\/i0.wp.com\/noticiasribeiraopreto.com.br\/wp-content\/uploads\/2025\/09\/campus-usp-ribeirao-preto_2025-01-27_15-21-07_jpg_2025-01-27_15-21-07.webp.webp?fit=1200%2C900&ssl=1&resize=1050%2C600 3x"},"classes":[]}],"jetpack_sharing_enabled":true,"jetpack_shortlink":"https:\/\/wp.me\/peQAOb-ieQ","_links":{"self":[{"href":"https:\/\/noticiasribeiraopreto.com.br\/index.php\/wp-json\/wp\/v2\/posts\/70112","targetHints":{"allow":["GET"]}}],"collection":[{"href":"https:\/\/noticiasribeiraopreto.com.br\/index.php\/wp-json\/wp\/v2\/posts"}],"about":[{"href":"https:\/\/noticiasribeiraopreto.com.br\/index.php\/wp-json\/wp\/v2\/types\/post"}],"author":[{"embeddable":true,"href":"https:\/\/noticiasribeiraopreto.com.br\/index.php\/wp-json\/wp\/v2\/users\/1"}],"replies":[{"embeddable":true,"href":"https:\/\/noticiasribeiraopreto.com.br\/index.php\/wp-json\/wp\/v2\/comments?post=70112"}],"version-history":[{"count":0,"href":"https:\/\/noticiasribeiraopreto.com.br\/index.php\/wp-json\/wp\/v2\/posts\/70112\/revisions"}],"wp:featuredmedia":[{"embeddable":true,"href":"https:\/\/noticiasribeiraopreto.com.br\/index.php\/wp-json\/wp\/v2\/media\/70113"}],"wp:attachment":[{"href":"https:\/\/noticiasribeiraopreto.com.br\/index.php\/wp-json\/wp\/v2\/media?parent=70112"}],"wp:term":[{"taxonomy":"category","embeddable":true,"href":"https:\/\/noticiasribeiraopreto.com.br\/index.php\/wp-json\/wp\/v2\/categories?post=70112"},{"taxonomy":"post_tag","embeddable":true,"href":"https:\/\/noticiasribeiraopreto.com.br\/index.php\/wp-json\/wp\/v2\/tags?post=70112"}],"curies":[{"name":"wp","href":"https:\/\/api.w.org\/{rel}","templated":true}]}}