{"id":70114,"date":"2025-05-22T19:37:11","date_gmt":"2025-05-22T22:37:11","guid":{"rendered":"https:\/\/noticiasribeiraopreto.com.br\/index.php\/2025\/05\/22\/sociedade-francana-para-cegos-recebe-doacoes-de-equipamentos-eletronicos\/"},"modified":"2025-05-22T19:37:11","modified_gmt":"2025-05-22T22:37:11","slug":"sociedade-francana-para-cegos-recebe-doacoes-de-equipamentos-eletronicos","status":"publish","type":"post","link":"https:\/\/noticiasribeiraopreto.com.br\/index.php\/2025\/05\/22\/sociedade-francana-para-cegos-recebe-doacoes-de-equipamentos-eletronicos\/","title":{"rendered":"Sociedade Francana para Cegos recebe doa\u00e7\u00f5es de equipamentos eletr\u00f4nicos"},"content":{"rendered":"<div class='code-block code-block-1' style='margin: 8px 0 8px auto; text-align: right; display: block; clear: both;'>\n<p><a href=\"https:\/\/wa.link\/vpicfd\"><img data-recalc-dims=\"1\" class=\"wp-image-4922\" style=\"aspect-ratio: 2.0253164556962027; width: 561px; height: auto;\" src=\"https:\/\/i0.wp.com\/ismaelcolosi.com.br\/wp-content\/uploads\/2023\/11\/grupo-de-empregos-whatsapp-e-facebook-ismael-colosi-vagas.jpg?ssl=1\" alt=\"\" \/><\/a><\/p>\n<!-- \/wp:image -->\n<\/div>\n<p> <br \/>\n<\/p>\n<div>\n<p>O Escrit\u00f3rio Regional do Sebrae-SP em Franca realizou a doa\u00e7\u00e3o de notebooks e outros produtos eletr\u00f4nicos para a Sociedade Francana de Instru\u00e7\u00e3o e Trabalho para Cegos. A doa\u00e7\u00e3o faz parte de um processo do Sebrae-SP de encaminhar para sociedades e institui\u00e7\u00f5es sem fins lucrativos produtos que n\u00e3o s\u00e3o mais utilizados pelo Escrit\u00f3rio. A entrega ocorreu no dia 13 de maio.<\/p>\n<p>A presidente da Sociedade Francana de Instru\u00e7\u00e3o e Trabalho para Cegos, Maria Aparecida Beraldi Lucas, a Cidinha, falou da import\u00e2ncia desta doa\u00e7\u00e3o: \u201cOs equipamentos doados pelo Sebrae \u2014 notebooks, circuladores de ar e arm\u00e1rios \u2014 s\u00e3o de grande relev\u00e2ncia para aprimorar a qualidade dos servi\u00e7os prestados \u00e0 popula\u00e7\u00e3o francana. Com certeza, os equipamentos far\u00e3o diferen\u00e7a no espa\u00e7o institucional, proporcionando bem-estar ao p\u00fablico atendido e \u00e0s pessoas com defici\u00eancias m\u00faltiplas e idosos com depend\u00eancias que s\u00e3o o pessoal que n\u00f3s atendemos\u201d, explicou.<\/p>\n<p>Cidinha tamb\u00e9m comentou como essa doa\u00e7\u00e3o pode ajudar o instituto: \u201cA doa\u00e7\u00e3o do Sebrae nos trouxe v\u00e1rios benef\u00edcios, como, por exemplo, a oportunidade de acesso dos usu\u00e1rios \u00e0 tecnologia e tamb\u00e9m a cria\u00e7\u00e3o de um ambiente com maior conforto a partir dos equipamentos de circula\u00e7\u00e3o de ar e de ar-condicionado. Sem d\u00favida, a institui\u00e7\u00e3o ter\u00e1 melhores condi\u00e7\u00f5es para atender o p\u00fablico priorit\u00e1rio. Agradecemos a parceria do Sebrae; n\u00f3s, todos os funcion\u00e1rios e os nossos usu\u00e1rios tamb\u00e9m agradecem ao Sebrae e suas a\u00e7\u00f5es. S\u00e3o a\u00e7\u00f5es como esta que enaltecem a qualidade dos empreendedores. Um forte abra\u00e7o a toda a equipe do Sebrae\u201d, finalizou.<\/p>\n<p>Iro\u00e1 Arantes, gerente do Sebrae-SP regional de Franca, explica como funciona este tipo de doa\u00e7\u00e3o: \u201cO Sebrae trabalha com recursos p\u00fablicos, e n\u00f3s temos que dar publicidade e notoriedade a todo e qualquer uso desse recurso. Por isso, quando temos algum bem inserv\u00edvel, como classificamos, ele \u00e9 destinado \u00e0 doa\u00e7\u00e3o para uma institui\u00e7\u00e3o sem fins lucrativos. Esses itens podem ainda estar em condi\u00e7\u00f5es de uso, muitas vezes, ou n\u00e3o; muitas vezes, n\u00e3o t\u00eam condi\u00e7\u00f5es de uso e s\u00e3o mesmo para descarte como recicl\u00e1veis. Dessa forma, atuamos beneficiando essas institui\u00e7\u00f5es para que possamos ter a documenta\u00e7\u00e3o e o rastreamento de onde foram utilizados esses bens e os recursos investidos neles\u201d, explicou.<\/p>\n<p>Iro\u00e1 tamb\u00e9m falou sobre o que \u00e9 preciso fazer para quem quiser participar das pr\u00f3ximas doa\u00e7\u00f5es: \u201cNormalmente, temos uma lista aqui no Escrit\u00f3rio, e toda vez que h\u00e1 algum processo de doa\u00e7\u00e3o, divulgamos para essas institui\u00e7\u00f5es. A partir da\u00ed, cada institui\u00e7\u00e3o que tem interesse naquilo que est\u00e1 na lista que divulgamos, apresenta sua documenta\u00e7\u00e3o e concorre entre os itens que est\u00e3o sendo doados\u201d, finalizou.<\/p>\n<p>Veja a lista de doa\u00e7\u00f5es para o instituto:<\/p>\n<p>Notebooks\/Ultrabooks:<br \/>3 unidades de Notebook Positivo<br \/>6 unidades de Notebook Lenovo<br \/>1 unidade de Notebook Dell<br \/>8 unidades de Notebook Lenovo ThinkPad E14 20T7<br \/>6 unidades de Notebook Acer Aspire<br \/>7 unidades de Ultrabook Dell<\/p>\n<p>Outros Equipamentos Eletr\u00f4nicos:<br \/>1 unidade de Roteador TP-Link TL-R470T Banda Larga<br \/>1 unidade de Aparelho DVD Samsung<br \/>5 unidades de Roteador Xirrus<br \/>1 unidade de Monitor LCD 23 Dell<br \/>1 unidade de Monitor Positivo<br \/>1 unidade de Switch com 48 portas Dell<br \/>1 unidade de Ar Condicionado Elgin 12.000 BTU\u2019s<\/p>\n<p>M\u00f3veis e Eletrodom\u00e9sticos:<br \/>3 unidades de Circulador de Ar Arno<br \/>2 unidades de Arm\u00e1rio Baixo de Madeira Revestido em Melamina com 2 Portas<br \/>1 unidade de Ventilador de Mesa Arno<br \/>1 unidade de Quadro Branco Magn\u00e9tico<br \/>1 unidade de Totem para Auto Atendimento Videjet<br \/>1 unidade de Arm\u00e1rio de A\u00e7o Tipo Vesti\u00e1rio com 8 Portas<\/p>\n<\/p><\/div>\n<p><br \/>\n<br \/><a href=\"https:\/\/www.f3noticias.com.br\/sociedade-francana-para-cegos-recebe-doacoes-de-equipamentos-eletronicos\/\">Source link <\/a><\/p>\n<!-- CONTENT END 1 -->\n","protected":false},"excerpt":{"rendered":"<p>O Escrit\u00f3rio Regional do Sebrae-SP em Franca realizou a doa\u00e7\u00e3o de notebooks e outros produtos eletr\u00f4nicos para a Sociedade Francana de Instru\u00e7\u00e3o e Trabalho para&#8230;<\/p>\n","protected":false},"author":1,"featured_media":70115,"comment_status":"open","ping_status":"open","sticky":false,"template":"","format":"standard","meta":{"advanced_seo_description":"","jetpack_seo_html_title":"","jetpack_seo_noindex":false,"jetpack_post_was_ever_published":false,"_jetpack_newsletter_access":"","_jetpack_dont_email_post_to_subs":false,"_jetpack_newsletter_tier_id":0,"_jetpack_memberships_contains_paywalled_content":false,"_jetpack_memberships_contains_paid_content":false,"footnotes":"","jetpack_publicize_message":"","jetpack_publicize_feature_enabled":true,"jetpack_social_post_already_shared":true,"jetpack_social_options":{"image_generator_settings":{"template":"highway","default_image_id":0,"font":"","enabled":false},"version":2}},"categories":[3597],"tags":[],"class_list":["post-70114","post","type-post","status-publish","format-standard","has-post-thumbnail","hentry","category-noticias-franca-sp"],"jetpack_publicize_connections":[],"jetpack_featured_media_url":"https:\/\/i0.wp.com\/noticiasribeiraopreto.com.br\/wp-content\/uploads\/2025\/05\/doacao-sociedade-cegos-sebrae.jpeg?fit=1440%2C719&ssl=1","jetpack-related-posts":[{"id":70154,"url":"https:\/\/noticiasribeiraopreto.com.br\/index.php\/2025\/05\/23\/jornal-da-franca-sebrae-de-franca-faz-doacao-de-equipamentos-eletronicos-para-a-sociedade-dos-cegos\/","url_meta":{"origin":70114,"position":0},"title":"Jornal da Franca &#8211; Sebrae de Franca faz doa\u00e7\u00e3o de equipamentos eletr\u00f4nicos para a Sociedade dos Cegos","author":"noticiasribeiraopreto.com.br","date":"23 de May de 2025","format":false,"excerpt":"compartilhar no whatsapp compartilhar no telegram compartilhar no facebook compartilhar no linkedin Escrit\u00f3rio regional do Sebrae de Franca cedeu notebooks, circuladores de ar, ar condicionado e outros equipamentos para o instituto O Escrit\u00f3rio Regional do Sebrae-SP em Franca realizou a doa\u00e7\u00e3o de notebooks e outros produtos eletr\u00f4nicos para a Sociedade\u2026","rel":"","context":"In &quot;Not\u00edcias de Franca-SP&quot;","block_context":{"text":"Not\u00edcias de Franca-SP","link":"https:\/\/noticiasribeiraopreto.com.br\/index.php\/category\/noticias-de-ribeirao-preto-sp-e-regiao-ismael-colosi\/noticias-franca-sp\/"},"img":{"alt_text":"","src":"https:\/\/i0.wp.com\/noticiasribeiraopreto.com.br\/wp-content\/uploads\/2025\/05\/essa-23.jpg?fit=976%2C532&ssl=1&resize=350%2C200","width":350,"height":200,"srcset":"https:\/\/i0.wp.com\/noticiasribeiraopreto.com.br\/wp-content\/uploads\/2025\/05\/essa-23.jpg?fit=976%2C532&ssl=1&resize=350%2C200 1x, https:\/\/i0.wp.com\/noticiasribeiraopreto.com.br\/wp-content\/uploads\/2025\/05\/essa-23.jpg?fit=976%2C532&ssl=1&resize=525%2C300 1.5x, https:\/\/i0.wp.com\/noticiasribeiraopreto.com.br\/wp-content\/uploads\/2025\/05\/essa-23.jpg?fit=976%2C532&ssl=1&resize=700%2C400 2x"},"classes":[]},{"id":64674,"url":"https:\/\/noticiasribeiraopreto.com.br\/index.php\/2025\/03\/11\/jornal-da-franca-sebrae-franca-abre-inscricoes-para-expositores-em-estande-coletivo-na-agrishow\/","url_meta":{"origin":70114,"position":1},"title":"Jornal da Franca &#8211; Sebrae Franca abre inscri\u00e7\u00f5es para expositores em estande coletivo na Agrishow","author":"noticiasribeiraopreto.com.br","date":"11 de March de 2025","format":false,"excerpt":"compartilhar no whatsapp compartilhar no telegram compartilhar no facebook compartilhar no linkedin Estande coletivo do Sebrae reunir\u00e1 empresas ligadas ao agroneg\u00f3cio; as vagas s\u00e3o limitadas e as inscri\u00e7\u00f5es v\u00e3o at\u00e9 14 de mar\u00e7o O Sebrae est\u00e1 com inscri\u00e7\u00f5es abertas para empresas interessadas em expor seus produtos e servi\u00e7os na Agrishow\u2026","rel":"","context":"In &quot;Not\u00edcias de Franca-SP&quot;","block_context":{"text":"Not\u00edcias de Franca-SP","link":"https:\/\/noticiasribeiraopreto.com.br\/index.php\/category\/noticias-de-ribeirao-preto-sp-e-regiao-ismael-colosi\/noticias-franca-sp\/"},"img":{"alt_text":"","src":"https:\/\/i0.wp.com\/noticiasribeiraopreto.com.br\/wp-content\/uploads\/2025\/03\/d5923ad7-2764-49d9-80b8-cdf3f905e5b6-1.jpg?fit=814%2C492&ssl=1&resize=350%2C200","width":350,"height":200,"srcset":"https:\/\/i0.wp.com\/noticiasribeiraopreto.com.br\/wp-content\/uploads\/2025\/03\/d5923ad7-2764-49d9-80b8-cdf3f905e5b6-1.jpg?fit=814%2C492&ssl=1&resize=350%2C200 1x, https:\/\/i0.wp.com\/noticiasribeiraopreto.com.br\/wp-content\/uploads\/2025\/03\/d5923ad7-2764-49d9-80b8-cdf3f905e5b6-1.jpg?fit=814%2C492&ssl=1&resize=525%2C300 1.5x, https:\/\/i0.wp.com\/noticiasribeiraopreto.com.br\/wp-content\/uploads\/2025\/03\/d5923ad7-2764-49d9-80b8-cdf3f905e5b6-1.jpg?fit=814%2C492&ssl=1&resize=700%2C400 2x"},"classes":[]},{"id":65519,"url":"https:\/\/noticiasribeiraopreto.com.br\/index.php\/2025\/03\/21\/sebrae-sp-promove-curso-para-influenciador-digital-em-franca\/","url_meta":{"origin":70114,"position":2},"title":"Sebrae-SP promove curso para influenciador digital em Franca","author":"noticiasribeiraopreto.com.br","date":"21 de March de 2025","format":false,"excerpt":"A carreira de influenciador digital surgiu com o aumento do uso das redes sociais e da necessidade de uma promo\u00e7\u00e3o mais eficaz de produtos e servi\u00e7os. De olho nesse p\u00fablico e quem tem planos de seguir na atividade, o Sebrae-SP promove o curso \u201cSeja um influenciador de sucesso\u201d, nos dias\u2026","rel":"","context":"In &quot;Not\u00edcias de Franca-SP&quot;","block_context":{"text":"Not\u00edcias de Franca-SP","link":"https:\/\/noticiasribeiraopreto.com.br\/index.php\/category\/noticias-de-ribeirao-preto-sp-e-regiao-ismael-colosi\/noticias-franca-sp\/"},"img":{"alt_text":"","src":"https:\/\/i0.wp.com\/noticiasribeiraopreto.com.br\/wp-content\/uploads\/2025\/03\/IMG-20250320-WA0037.jpg?fit=1200%2C800&ssl=1&resize=350%2C200","width":350,"height":200,"srcset":"https:\/\/i0.wp.com\/noticiasribeiraopreto.com.br\/wp-content\/uploads\/2025\/03\/IMG-20250320-WA0037.jpg?fit=1200%2C800&ssl=1&resize=350%2C200 1x, https:\/\/i0.wp.com\/noticiasribeiraopreto.com.br\/wp-content\/uploads\/2025\/03\/IMG-20250320-WA0037.jpg?fit=1200%2C800&ssl=1&resize=525%2C300 1.5x, https:\/\/i0.wp.com\/noticiasribeiraopreto.com.br\/wp-content\/uploads\/2025\/03\/IMG-20250320-WA0037.jpg?fit=1200%2C800&ssl=1&resize=700%2C400 2x, https:\/\/i0.wp.com\/noticiasribeiraopreto.com.br\/wp-content\/uploads\/2025\/03\/IMG-20250320-WA0037.jpg?fit=1200%2C800&ssl=1&resize=1050%2C600 3x"},"classes":[]},{"id":72779,"url":"https:\/\/noticiasribeiraopreto.com.br\/index.php\/2025\/06\/21\/jornal-da-franca-camara-municipal-de-franca-realiza-audiencia-publica-para-debater-futuro-da-francana\/","url_meta":{"origin":70114,"position":3},"title":"Jornal da Franca &#8211; C\u00e2mara Municipal de Franca realiza audi\u00eancia p\u00fablica para debater futuro da Francana","author":"noticiasribeiraopreto.com.br","date":"21 de June de 2025","format":false,"excerpt":"compartilhar no whatsapp compartilhar no telegram compartilhar no facebook compartilhar no linkedin Objetivo \u00e9 debater a\u00e7\u00f5es futuras para o futebol profissional em Franca A C\u00e2mara Municipal de Franca promover\u00e1, no pr\u00f3ximo dia 30 de junho, \u00e0s 19h, uma audi\u00eancia p\u00fablica para discutir o futuro da Associa\u00e7\u00e3o Atl\u00e9tica Francana. O encontro\u2026","rel":"","context":"In &quot;Not\u00edcias de Franca-SP&quot;","block_context":{"text":"Not\u00edcias de Franca-SP","link":"https:\/\/noticiasribeiraopreto.com.br\/index.php\/category\/noticias-de-ribeirao-preto-sp-e-regiao-ismael-colosi\/noticias-franca-sp\/"},"img":{"alt_text":"","src":"https:\/\/i0.wp.com\/noticiasribeiraopreto.com.br\/wp-content\/uploads\/2025\/06\/Fachada-Camara-Municipal-de-Franca-2021.jpg?fit=930%2C558&ssl=1&resize=350%2C200","width":350,"height":200,"srcset":"https:\/\/i0.wp.com\/noticiasribeiraopreto.com.br\/wp-content\/uploads\/2025\/06\/Fachada-Camara-Municipal-de-Franca-2021.jpg?fit=930%2C558&ssl=1&resize=350%2C200 1x, https:\/\/i0.wp.com\/noticiasribeiraopreto.com.br\/wp-content\/uploads\/2025\/06\/Fachada-Camara-Municipal-de-Franca-2021.jpg?fit=930%2C558&ssl=1&resize=525%2C300 1.5x, https:\/\/i0.wp.com\/noticiasribeiraopreto.com.br\/wp-content\/uploads\/2025\/06\/Fachada-Camara-Municipal-de-Franca-2021.jpg?fit=930%2C558&ssl=1&resize=700%2C400 2x"},"classes":[]},{"id":70988,"url":"https:\/\/noticiasribeiraopreto.com.br\/index.php\/2025\/06\/01\/jornal-da-franca-sebrae-franca-vai-realizar-curso-de-gestao-financeira-para-pequenos-negocios\/","url_meta":{"origin":70114,"position":4},"title":"Jornal da Franca &#8211; Sebrae Franca vai realizar curso de Gest\u00e3o Financeira para pequenos neg\u00f3cios","author":"noticiasribeiraopreto.com.br","date":"1 de June de 2025","format":false,"excerpt":"compartilhar no whatsapp compartilhar no telegram compartilhar no facebook compartilhar no linkedin A oficina realizada pelo Sebrae de Franca tem vagas limitadas com investimento acess\u00edvel e ser\u00e1 aplicada em quatro dias Para os empreendedores que buscam aprimorar a administra\u00e7\u00e3o das finan\u00e7as de suas empresas, o Sebrae-SP, Escrit\u00f3rio de Franca, promove\u2026","rel":"","context":"In &quot;Not\u00edcias de Franca-SP&quot;","block_context":{"text":"Not\u00edcias de Franca-SP","link":"https:\/\/noticiasribeiraopreto.com.br\/index.php\/category\/noticias-de-ribeirao-preto-sp-e-regiao-ismael-colosi\/noticias-franca-sp\/"},"img":{"alt_text":"","src":"https:\/\/i0.wp.com\/noticiasribeiraopreto.com.br\/wp-content\/uploads\/2025\/06\/957f879b-38b6-41f5-980e-b6441e32d4a7.jpg?fit=1200%2C800&ssl=1&resize=350%2C200","width":350,"height":200,"srcset":"https:\/\/i0.wp.com\/noticiasribeiraopreto.com.br\/wp-content\/uploads\/2025\/06\/957f879b-38b6-41f5-980e-b6441e32d4a7.jpg?fit=1200%2C800&ssl=1&resize=350%2C200 1x, https:\/\/i0.wp.com\/noticiasribeiraopreto.com.br\/wp-content\/uploads\/2025\/06\/957f879b-38b6-41f5-980e-b6441e32d4a7.jpg?fit=1200%2C800&ssl=1&resize=525%2C300 1.5x, https:\/\/i0.wp.com\/noticiasribeiraopreto.com.br\/wp-content\/uploads\/2025\/06\/957f879b-38b6-41f5-980e-b6441e32d4a7.jpg?fit=1200%2C800&ssl=1&resize=700%2C400 2x, https:\/\/i0.wp.com\/noticiasribeiraopreto.com.br\/wp-content\/uploads\/2025\/06\/957f879b-38b6-41f5-980e-b6441e32d4a7.jpg?fit=1200%2C800&ssl=1&resize=1050%2C600 3x"},"classes":[]},{"id":67500,"url":"https:\/\/noticiasribeiraopreto.com.br\/index.php\/2025\/04\/15\/jornal-da-franca-curso-do-sebrae-em-parceria-com-fussol-de-franca-ensina-fabricacao-de-ovos-de-pascoa\/","url_meta":{"origin":70114,"position":5},"title":"Jornal da Franca &#8211; Curso do Sebrae em parceria com Fussol de Franca ensina fabrica\u00e7\u00e3o de ovos de P\u00e1scoa","author":"noticiasribeiraopreto.com.br","date":"15 de April de 2025","format":false,"excerpt":"compartilhar no whatsapp compartilhar no telegram compartilhar no facebook compartilhar no linkedin Participantes tiveram acesso a conte\u00fado sobre sele\u00e7\u00e3o de mat\u00e9rias-primas, uso de equipamentos e utens\u00edlios, normas de higiene e seguran\u00e7a O Sebrae-SP, em parceria com o Fundo Social de Solidariedade (Fussol) de Franca, realizou um curso gratuito de fabrica\u00e7\u00e3o\u2026","rel":"","context":"In &quot;Not\u00edcias de Franca-SP&quot;","block_context":{"text":"Not\u00edcias de Franca-SP","link":"https:\/\/noticiasribeiraopreto.com.br\/index.php\/category\/noticias-de-ribeirao-preto-sp-e-regiao-ismael-colosi\/noticias-franca-sp\/"},"img":{"alt_text":"","src":"https:\/\/i0.wp.com\/noticiasribeiraopreto.com.br\/wp-content\/uploads\/2025\/04\/83f1237a-271b-4c45-98a1-539148a1b375.jpg?fit=1200%2C675&ssl=1&resize=350%2C200","width":350,"height":200,"srcset":"https:\/\/i0.wp.com\/noticiasribeiraopreto.com.br\/wp-content\/uploads\/2025\/04\/83f1237a-271b-4c45-98a1-539148a1b375.jpg?fit=1200%2C675&ssl=1&resize=350%2C200 1x, https:\/\/i0.wp.com\/noticiasribeiraopreto.com.br\/wp-content\/uploads\/2025\/04\/83f1237a-271b-4c45-98a1-539148a1b375.jpg?fit=1200%2C675&ssl=1&resize=525%2C300 1.5x, https:\/\/i0.wp.com\/noticiasribeiraopreto.com.br\/wp-content\/uploads\/2025\/04\/83f1237a-271b-4c45-98a1-539148a1b375.jpg?fit=1200%2C675&ssl=1&resize=700%2C400 2x, https:\/\/i0.wp.com\/noticiasribeiraopreto.com.br\/wp-content\/uploads\/2025\/04\/83f1237a-271b-4c45-98a1-539148a1b375.jpg?fit=1200%2C675&ssl=1&resize=1050%2C600 3x"},"classes":[]}],"jetpack_sharing_enabled":true,"jetpack_shortlink":"https:\/\/wp.me\/peQAOb-ieS","_links":{"self":[{"href":"https:\/\/noticiasribeiraopreto.com.br\/index.php\/wp-json\/wp\/v2\/posts\/70114","targetHints":{"allow":["GET"]}}],"collection":[{"href":"https:\/\/noticiasribeiraopreto.com.br\/index.php\/wp-json\/wp\/v2\/posts"}],"about":[{"href":"https:\/\/noticiasribeiraopreto.com.br\/index.php\/wp-json\/wp\/v2\/types\/post"}],"author":[{"embeddable":true,"href":"https:\/\/noticiasribeiraopreto.com.br\/index.php\/wp-json\/wp\/v2\/users\/1"}],"replies":[{"embeddable":true,"href":"https:\/\/noticiasribeiraopreto.com.br\/index.php\/wp-json\/wp\/v2\/comments?post=70114"}],"version-history":[{"count":0,"href":"https:\/\/noticiasribeiraopreto.com.br\/index.php\/wp-json\/wp\/v2\/posts\/70114\/revisions"}],"wp:featuredmedia":[{"embeddable":true,"href":"https:\/\/noticiasribeiraopreto.com.br\/index.php\/wp-json\/wp\/v2\/media\/70115"}],"wp:attachment":[{"href":"https:\/\/noticiasribeiraopreto.com.br\/index.php\/wp-json\/wp\/v2\/media?parent=70114"}],"wp:term":[{"taxonomy":"category","embeddable":true,"href":"https:\/\/noticiasribeiraopreto.com.br\/index.php\/wp-json\/wp\/v2\/categories?post=70114"},{"taxonomy":"post_tag","embeddable":true,"href":"https:\/\/noticiasribeiraopreto.com.br\/index.php\/wp-json\/wp\/v2\/tags?post=70114"}],"curies":[{"name":"wp","href":"https:\/\/api.w.org\/{rel}","templated":true}]}}