{"id":70116,"date":"2025-05-22T20:38:07","date_gmt":"2025-05-22T23:38:07","guid":{"rendered":"https:\/\/noticiasribeiraopreto.com.br\/index.php\/2025\/05\/22\/jornal-da-franca-descubra-cinco-coisas-que-voce-ama-fazer-mas-seu-cachorro-odeia-dicas-de-biologa\/"},"modified":"2025-05-22T20:38:07","modified_gmt":"2025-05-22T23:38:07","slug":"jornal-da-franca-descubra-cinco-coisas-que-voce-ama-fazer-mas-seu-cachorro-odeia-dicas-de-biologa","status":"publish","type":"post","link":"https:\/\/noticiasribeiraopreto.com.br\/index.php\/2025\/05\/22\/jornal-da-franca-descubra-cinco-coisas-que-voce-ama-fazer-mas-seu-cachorro-odeia-dicas-de-biologa\/","title":{"rendered":"Jornal da Franca &#8211; Descubra cinco coisas que voc\u00ea ama fazer, mas seu cachorro odeia: dicas de bi\u00f3loga"},"content":{"rendered":"<p> <br \/>\n<\/p>\n<div>\n\t                            <a class=\"mb-1\" href=\"https:\/\/api.whatsapp.com\/send?text=Olha essa Not\u00edcia no Jornal da Franca.%0D%0D*Descubra cinco coisas que voc\u00ea ama fazer, mas seu cachorro odeia: dicas de bi\u00f3loga*%0D%0Dclique na url abaixo%0Dhttps:\/\/www.jornaldafranca.com.br\/descubra-cinco-coisas-que-voce-ama-fazer-mas-seu-cachorro-odeia-dicas-de-biologa\/\" target=\"_blank\"><span class=\"text-12 badge badge-pill badge-success\"><i class=\"fa fa-whatsapp\"\/> compartilhar no whatsapp<\/span><\/a><\/p>\n<p>\t                            <a class=\"mb-1\" href=\"https:\/\/telegram.me\/share\/url?url=https:\/\/www.jornaldafranca.com.br\/descubra-cinco-coisas-que-voce-ama-fazer-mas-seu-cachorro-odeia-dicas-de-biologa\/&amp;text=Olha essa Not\u00edcia no Jornal da Franca.\" target=\"_blank\"><span class=\"text-12 badge badge-pill badge-info\"><i class=\"fa fa-telegram\"\/> compartilhar no telegram<\/span><\/a><\/p>\n<p>\t                            <a class=\"mb-1\" href=\"https:\/\/www.facebook.com\/sharer\/sharer.php?u=https:\/\/www.jornaldafranca.com.br\/descubra-cinco-coisas-que-voce-ama-fazer-mas-seu-cachorro-odeia-dicas-de-biologa\/\" target=\"_blank\"><span class=\"text-12 badge badge-pill badge-primary\"><i class=\"fa fa-facebook\"\/> compartilhar no facebook<\/span><\/a><\/p>\n<p>\t                            <a class=\"mb-1\" href=\"https:\/\/www.linkedin.com\/shareArticle?mini=true&amp;url=https:\/\/www.jornaldafranca.com.br\/descubra-cinco-coisas-que-voce-ama-fazer-mas-seu-cachorro-odeia-dicas-de-biologa\/&amp;title=Descubra cinco coisas que voc\u00ea ama fazer, mas seu cachorro odeia: dicas de bi\u00f3loga&amp;source=JORNAL DA FRANCA\" target=\"_blank\"><span class=\"text-12 badge badge-pill badge-secondary\"><i class=\"fa fa-linkedin\"\/> compartilhar no linkedin<\/span><\/a><\/p>\n<div class=\"lead text-20\">\n<p>Coisas que voc\u00ea ama fazer com seu pet, mas ele n\u00e3o. Bi\u00f3loga te apresenta coisas que voc\u00ea faz com o seu cachorro, mas que ele odeia!<\/p>\n<\/p><\/div>\n<p><img data-recalc-dims=\"1\" decoding=\"async\" src=\"https:\/\/i0.wp.com\/www.jornaldafranca.com.br\/wp-content\/uploads\/2025\/05\/1160.jpg?ssl=1\" alt=\"\"\/><\/p>\n<p>Tem coisas que voc\u00ea ama fazer com seu cachorro, mas ele odeia. Agora que voc\u00ea vai descobrir quais s\u00e3o, n\u00e3o fa\u00e7a mais, ok?! Vamos l\u00e1!<\/p>\n<p>Sem enrola\u00e7\u00e3o, a bi\u00f3loga Luiza Cervenka, com mestrado em psicobiologia (comportamento animal), doutoranda em Medicina Veterin\u00e1ria, que assina o blog <a href=\"https:\/\/www.estadao.com.br\/emais\/comportamento-animal\/?srsltid=AfmBOor8C4iKVm3Xx6ZNNOq6YHi2M7x8gGgZPa_F7GcVbLN4BOIqaWoa\" target=\"_blank\" rel=\"noopener\"><strong>Comportamento Animal do Estad\u00e3o<\/strong><\/a>, vai direto ao assunto para falar sobre cada uma das cinco coisas que que voc\u00ea ama fazer com seu cachorro, mas ele odeia com todos o serzinho peludo dele.<\/p>\n<p><b>1- Seu cachorro odeia que voc\u00ea d\u00ea beijo nele<\/b><\/p>\n<p>Nenhum cachorro gosta. Ele pode tolerar. Mas gostar, gostar, ele n\u00e3o gosta. Eles gostam de carinho com a m\u00e3o. At\u00e9 gostam de dar umas lambidas, mas receber, jamais. H\u00e1 uma explica\u00e7\u00e3o muito simples para isso. Eles n\u00e3o se sentem confort\u00e1veis em ter nossa cabe\u00e7a muito perto da cabe\u00e7a deles.<\/p>\n<p>Por mais que eles confiem na gente, muitos beijos acabam causando desconforto. N\u00e3o \u00e9 natural a eles que o carinho seja com a boca, ainda mais se eles forem for\u00e7ados ou segurados para receber o beijo, sem chance de fuga.<\/p>\n<p><b>2- Seu cachorro odeia que voc\u00ea pegue ele no colo<\/b><\/p>\n<p>C\u00e3es n\u00e3o s\u00e3o grandes f\u00e3s de altura. Quando pegamos no colo e eles perdem a refer\u00eancia do ch\u00e3o, isso pode causar um certo inc\u00f4modo neles. Pior ainda se seu cachorro for de m\u00e9dio ou grande porte.<\/p>\n<p><b>3- Seu c\u00e3o odeia que voc\u00ea o obrigue a treinar<\/b><\/p>\n<p>Infelizmente, muitas pessoas ainda relacionam o treino ou adestramento a algo ditatorial, no qual o humano manda e o c\u00e3o obedece. Pior, algumas pessoas acreditam que quando o c\u00e3o n\u00e3o atende \u00e0s solicita\u00e7\u00f5es humanas, deve ser punido por desobedi\u00eancia.<\/p>\n<p>Com o avan\u00e7o das pesquisas, conhecemos mais sobre os c\u00e3es, suas emo\u00e7\u00f5es e processos de aprendizado. Assim, cada vez mais o treino vem sendo associado a um momento de brincadeira, de divers\u00e3o a c\u00e3es e humanos.<\/p>\n<p>Os c\u00e3es s\u00e3o \u00e1vidos por aprender coisas novas. Principalmente se forem recompensados a cada acerto com algo muito legal (petisco, brinquedo ou carinho, por exemplo).<\/p>\n<p>Treinar n\u00e3o deve ser uma obriga\u00e7\u00e3o ao c\u00e3o, muito menos algo chato. E nada de ficar horas em treinamento. Alguns poucos minutos j\u00e1 s\u00e3o suficientes. Poucos mesmo, entre um a 10 minutos. Mais do que isso j\u00e1 come\u00e7a a ficar chato e o c\u00e3o aumenta a chance de erro de dispers\u00e3o. Respeitar o limite do c\u00e3o \u00e9 fundamental para facilitar o aprendizado.<\/p>\n<p>Treine seu c\u00e3o diariamente, mas nunca obrigue-o a isso. Fa\u00e7a desse momento uma enorme brincadeira e intera\u00e7\u00e3o positiva com voc\u00ea.<\/p>\n<p><b>4- Seu c\u00e3o odeia que voc\u00ea brigue com ele<\/b><\/p>\n<p>Pode parecer imposs\u00edvel um mundo em que n\u00e3o briguemos com o c\u00e3o. Mas n\u00e3o s\u00f3 \u00e9 poss\u00edvel, como \u00e9 o melhor para a sua rela\u00e7\u00e3o com ele.<\/p>\n<p>Sabe aquela frase de \u201cele sabe que fez algo errado!\u201d? Ela n\u00e3o tem nenhum fundo de verdade. Na maioria das vezes, a rea\u00e7\u00e3o do c\u00e3o que est\u00e1 por tr\u00e1s da frase \u00e9 medo. \u201cEle sabe porque se esconde\u201d, \u00e9 medo. \u201cEle sabe porque depois vem lamber pedindo desculpas\u201d, \u00e9 medo. \u201cEle sabe porque fica de rabo baixo e orelha para tr\u00e1s\u201d, \u00e9 medo. E qualquer outra rea\u00e7\u00e3o poss\u00edvel do cachorro, inclusive rosnar ou latir, \u00e9 medo.<\/p>\n<p>A \u00fanica emo\u00e7\u00e3o que o cachorro sente quando voc\u00ea briga com ele \u00e9 o medo. E ningu\u00e9m aprende pelo medo. No m\u00e1ximo deixamos de executar aquele algo na frente do agente punidor.<\/p>\n<p>Ou seja, voc\u00ea vira um radar de velocidade. Basta voc\u00ea sair de cena, que seu c\u00e3o volta a correr loucamente e fazer aquilo que n\u00e3o podia. Porque na verdade ele n\u00e3o aprendeu que n\u00e3o pode. Ele s\u00f3 deixa de fazer por medo da puni\u00e7\u00e3o.<\/p>\n<p>Cada vez que educamos o c\u00e3o com puni\u00e7\u00e3o, ele perde mais a confian\u00e7a na gente. Como consequ\u00eancia, ele pode se tornar mais ansioso e at\u00e9 mais reativo. Afinal, viol\u00eancia gera viol\u00eancia (um grito j\u00e1 \u00e9 viol\u00eancia).<\/p>\n<p>Ningu\u00e9m quer estar numa rela\u00e7\u00e3o da qual tenha medo. Muito menos causar ansiedade ou ang\u00fastia em um ser que n\u00e3o tem nada a ver com as frustra\u00e7\u00f5es idealizadas como um c\u00e3o (brigamos pelo comportamento que gostar\u00edamos que o c\u00e3o tivesse, mas que ele n\u00e3o tem. Isso nos frustra e causa raiva. Sem ter em quem descontar, vai o c\u00e3o mesmo).<\/p>\n<p><b>5- Seu c\u00e3o odeia quando voc\u00ea n\u00e3o atende ao chamado dele<\/b><\/p>\n<p>Se seu c\u00e3o est\u00e1 solicitando sua aten\u00e7\u00e3o, \u00e9 porque ele est\u00e1 precisando de algo. Pode ser car\u00eancia? Pode. Mas n\u00e3o \u00e9 ignorando o cachorro que ele vai aprender a ser menos carente ou dependente. \u00c9 oferecendo atividades prazerosas que n\u00e3o necessitem da nossa intera\u00e7\u00e3o.<\/p>\n<p>Agora, imagina voc\u00ea com medo. Pode ser desde de uma barata que apareceu na sua casa at\u00e9 algo muito mais grave. Quando voc\u00ea solicita algu\u00e9m, voc\u00ea est\u00e1 em busca de ajuda para lidar com aquela situa\u00e7\u00e3o que voc\u00ea n\u00e3o consegue ou n\u00e3o quer resolver sozinho. Ser ignorado neste momento s\u00f3 aumenta a ang\u00fastia e aumenta a sensa\u00e7\u00e3o de impot\u00eancia ou mesmo solid\u00e3o. Com o cachorro acontece a mesma coisa.<\/p>\n<p>\u00c9 claro que o grau de consci\u00eancia que temos \u00e9 bem diferente da que o c\u00e3o tem. Mas n\u00e3o quer dizer que ele n\u00e3o sinta o mesmo que a gente. Ent\u00e3o, quando seu c\u00e3o te solicitar, por qualquer motivo que seja, atenda.<\/p>\n<p>Caso voc\u00ea n\u00e3o queira que ele te solicite com tanta frequ\u00eancia, ensine-o a ser mais autoconfiante ou mesmo mais auto suficiente. Ofere\u00e7a\u00a0enriquecimento ambiental, mordedores, brinquedos que ele n\u00e3o precise da sua ajuda para interagir.<\/p>\n<p>Cabe a n\u00f3s, humanos, prevenirmos qualquer comportamento que seja indesejado a n\u00f3s. Mas tamb\u00e9m aprenda a deixar o c\u00e3o sozinho. N\u00e3o adianta querer um c\u00e3o mais auto suficiente e cham\u00e1-lo toda vez que ele n\u00e3o est\u00e1 perto de voc\u00ea. Seja coerente a todo momento.<\/p>\n<p>Segundo publica\u00e7\u00e3o da <a href=\"https:\/\/www.petlove.com.br\/dicas\/5-coisas-que-voce-faz-e-seu-cachorro-odeia\" target=\"_blank\" rel=\"noopener\"><strong>Pet Love<\/strong><\/a>, agora que voc\u00ea j\u00e1 sabe o que seu c\u00e3o odeia que voc\u00ea fa\u00e7a, que tal respeitar um pouco mais a individualidade dele e oferecer maior bem-estar? Mesmo quando voc\u00ea estiver em crise de car\u00eancia, raiva ou at\u00e9 ansiedade. Ao nos compreendermos melhor, tamb\u00e9m passamos a entender nossos peludos.<\/p>\n<p><!-- CONTENT END 1 --><\/p>\n<hr\/><\/div>\n<p><br \/>\n<br \/><a href=\"https:\/\/www.jornaldafranca.com.br\/descubra-cinco-coisas-que-voce-ama-fazer-mas-seu-cachorro-odeia-dicas-de-biologa\/\">Source link <\/a><\/p>\n","protected":false},"excerpt":{"rendered":"<p>compartilhar no whatsapp compartilhar no telegram compartilhar no facebook compartilhar no linkedin Coisas que voc\u00ea ama fazer com seu pet, mas ele n\u00e3o. Bi\u00f3loga te&#8230;<\/p>\n","protected":false},"author":1,"featured_media":70117,"comment_status":"open","ping_status":"open","sticky":false,"template":"","format":"standard","meta":{"advanced_seo_description":"","jetpack_seo_html_title":"","jetpack_seo_noindex":false,"jetpack_post_was_ever_published":false,"_jetpack_newsletter_access":"","_jetpack_dont_email_post_to_subs":false,"_jetpack_newsletter_tier_id":0,"_jetpack_memberships_contains_paywalled_content":false,"_jetpack_memberships_contains_paid_content":false,"footnotes":"","jetpack_publicize_message":"","jetpack_publicize_feature_enabled":true,"jetpack_social_post_already_shared":true,"jetpack_social_options":{"image_generator_settings":{"template":"highway","default_image_id":0,"font":"","enabled":false},"version":2}},"categories":[3597],"tags":[],"class_list":["post-70116","post","type-post","status-publish","format-standard","has-post-thumbnail","hentry","category-noticias-franca-sp"],"jetpack_publicize_connections":[],"jetpack_featured_media_url":"https:\/\/i0.wp.com\/noticiasribeiraopreto.com.br\/wp-content\/uploads\/2025\/05\/1160.jpg?fit=1000%2C667&ssl=1","jetpack-related-posts":[{"id":73017,"url":"https:\/\/noticiasribeiraopreto.com.br\/index.php\/2025\/06\/24\/jornal-da-franca-clima-sera-de-frio-porem-agradavel-e-fresco-em-franca-nesta-terca-deve-chover\/","url_meta":{"origin":70116,"position":0},"title":"Jornal da Franca &#8211; Clima ser\u00e1 de frio, por\u00e9m agrad\u00e1vel e fresco em Franca nesta ter\u00e7a: deve chover","author":"noticiasribeiraopreto.com.br","date":"24 de June de 2025","format":false,"excerpt":"compartilhar no whatsapp compartilhar no telegram compartilhar no facebook compartilhar no linkedin Cidade tem previs\u00e3o de chuva de at\u00e9 12 mil\u00edmetros A previs\u00e3o do tempo para Franca indica um dia agrad\u00e1vel, com temperatura m\u00ednima de 5\u00b0C e m\u00e1xima de 22\u00b0C. H\u00e1 grande possibilidade de chuva, com volume de at\u00e9 12\u2026","rel":"","context":"In &quot;Not\u00edcias de Franca-SP&quot;","block_context":{"text":"Not\u00edcias de Franca-SP","link":"https:\/\/noticiasribeiraopreto.com.br\/index.php\/category\/noticias-de-ribeirao-preto-sp-e-regiao-ismael-colosi\/noticias-franca-sp\/"},"img":{"alt_text":"","src":"https:\/\/i0.wp.com\/noticiasribeiraopreto.com.br\/wp-content\/uploads\/2025\/06\/1750758766_Franca.jpeg?fit=1200%2C806&ssl=1&resize=350%2C200","width":350,"height":200,"srcset":"https:\/\/i0.wp.com\/noticiasribeiraopreto.com.br\/wp-content\/uploads\/2025\/06\/1750758766_Franca.jpeg?fit=1200%2C806&ssl=1&resize=350%2C200 1x, https:\/\/i0.wp.com\/noticiasribeiraopreto.com.br\/wp-content\/uploads\/2025\/06\/1750758766_Franca.jpeg?fit=1200%2C806&ssl=1&resize=525%2C300 1.5x, https:\/\/i0.wp.com\/noticiasribeiraopreto.com.br\/wp-content\/uploads\/2025\/06\/1750758766_Franca.jpeg?fit=1200%2C806&ssl=1&resize=700%2C400 2x, https:\/\/i0.wp.com\/noticiasribeiraopreto.com.br\/wp-content\/uploads\/2025\/06\/1750758766_Franca.jpeg?fit=1200%2C806&ssl=1&resize=1050%2C600 3x"},"classes":[]},{"id":69340,"url":"https:\/\/noticiasribeiraopreto.com.br\/index.php\/2025\/05\/05\/jornal-da-franca-implantacao-de-escola-civico-militar-em-franca-e-tema-de-debates-na-camara-municipal\/","url_meta":{"origin":70116,"position":1},"title":"Jornal da Franca &#8211; Implanta\u00e7\u00e3o de escola c\u00edvico-militar em Franca \u00e9 tema de debates na C\u00e2mara Municipal","author":"noticiasribeiraopreto.com.br","date":"5 de May de 2025","format":false,"excerpt":"compartilhar no whatsapp compartilhar no telegram compartilhar no facebook compartilhar no linkedin Mun\u00edcipe agradece apoio de vereadores e parlamentares para que Franca fosse contemplada com o modelo educacional A implanta\u00e7\u00e3o do Programa das Escolas C\u00edvico-Militares em Franca, pauta defendida pela direita, foi tema abordado durante a sess\u00e3o ordin\u00e1ria da C\u00e2mara\u2026","rel":"","context":"In &quot;Not\u00edcias de Franca-SP&quot;","block_context":{"text":"Not\u00edcias de Franca-SP","link":"https:\/\/noticiasribeiraopreto.com.br\/index.php\/category\/noticias-de-ribeirao-preto-sp-e-regiao-ismael-colosi\/noticias-franca-sp\/"},"img":{"alt_text":"","src":"https:\/\/i0.wp.com\/noticiasribeiraopreto.com.br\/wp-content\/uploads\/2025\/05\/1746449336_plenariodiagonal_0.jpg?fit=930%2C558&ssl=1&resize=350%2C200","width":350,"height":200,"srcset":"https:\/\/i0.wp.com\/noticiasribeiraopreto.com.br\/wp-content\/uploads\/2025\/05\/1746449336_plenariodiagonal_0.jpg?fit=930%2C558&ssl=1&resize=350%2C200 1x, https:\/\/i0.wp.com\/noticiasribeiraopreto.com.br\/wp-content\/uploads\/2025\/05\/1746449336_plenariodiagonal_0.jpg?fit=930%2C558&ssl=1&resize=525%2C300 1.5x, https:\/\/i0.wp.com\/noticiasribeiraopreto.com.br\/wp-content\/uploads\/2025\/05\/1746449336_plenariodiagonal_0.jpg?fit=930%2C558&ssl=1&resize=700%2C400 2x"},"classes":[]},{"id":69220,"url":"https:\/\/noticiasribeiraopreto.com.br\/index.php\/2025\/05\/03\/jornal-da-franca-socorristas-que-salvaram-crianca-em-franca-recebem-mocao-de-aplausos-da-camara\/","url_meta":{"origin":70116,"position":2},"title":"Jornal da Franca &#8211; Socorristas que salvaram crian\u00e7a em Franca\u00a0recebem Mo\u00e7\u00e3o de Aplausos da C\u00e2mara","author":"noticiasribeiraopreto.com.br","date":"3 de May de 2025","format":false,"excerpt":"compartilhar no whatsapp compartilhar no telegram compartilhar no facebook compartilhar no linkedin Mo\u00e7\u00e3o reconhece trabalho de equipe de sa\u00fade que atuou no salvamento de beb\u00ea A C\u00e2mara aprovou a Mo\u00e7\u00e3o de Aplausos n\u00ba 41 de 2025, de autoria do vereador Walker Bombeiro da Libras, para a equipe de sa\u00fade da\u2026","rel":"","context":"In &quot;Not\u00edcias de Franca-SP&quot;","block_context":{"text":"Not\u00edcias de Franca-SP","link":"https:\/\/noticiasribeiraopreto.com.br\/index.php\/category\/noticias-de-ribeirao-preto-sp-e-regiao-ismael-colosi\/noticias-franca-sp\/"},"img":{"alt_text":"","src":"https:\/\/i0.wp.com\/noticiasribeiraopreto.com.br\/wp-content\/uploads\/2025\/05\/mocaoravi17sessao.jpg?fit=1000%2C562&ssl=1&resize=350%2C200","width":350,"height":200,"srcset":"https:\/\/i0.wp.com\/noticiasribeiraopreto.com.br\/wp-content\/uploads\/2025\/05\/mocaoravi17sessao.jpg?fit=1000%2C562&ssl=1&resize=350%2C200 1x, https:\/\/i0.wp.com\/noticiasribeiraopreto.com.br\/wp-content\/uploads\/2025\/05\/mocaoravi17sessao.jpg?fit=1000%2C562&ssl=1&resize=525%2C300 1.5x, https:\/\/i0.wp.com\/noticiasribeiraopreto.com.br\/wp-content\/uploads\/2025\/05\/mocaoravi17sessao.jpg?fit=1000%2C562&ssl=1&resize=700%2C400 2x"},"classes":[]},{"id":67756,"url":"https:\/\/noticiasribeiraopreto.com.br\/index.php\/2025\/04\/18\/jornal-da-franca-vereadores-aprovam-reconhecimento-a-profissionais-e-entidades-que-atuam-em-franca\/","url_meta":{"origin":70116,"position":3},"title":"Jornal da Franca &#8211; Vereadores aprovam reconhecimento a profissionais e entidades que atuam em Franca\u00a0","author":"noticiasribeiraopreto.com.br","date":"18 de April de 2025","format":false,"excerpt":"compartilhar no whatsapp compartilhar no telegram compartilhar no facebook compartilhar no linkedin Mo\u00e7\u00f5es de aplausos e congratula\u00e7\u00f5es s\u00e3o apresentadas em reconhecimento a servi\u00e7os prestados A C\u00e2mara Municipal de Franca aprovou na sess\u00e3o desta ter\u00e7a-feira mo\u00e7\u00f5es de aplausos e congratula\u00e7\u00f5es em reconhecimento a profissionais, entidades e sindicatos que se destacaram em\u2026","rel":"","context":"In &quot;Not\u00edcias de Franca-SP&quot;","block_context":{"text":"Not\u00edcias de Franca-SP","link":"https:\/\/noticiasribeiraopreto.com.br\/index.php\/category\/noticias-de-ribeirao-preto-sp-e-regiao-ismael-colosi\/noticias-franca-sp\/"},"img":{"alt_text":"","src":"https:\/\/i0.wp.com\/noticiasribeiraopreto.com.br\/wp-content\/uploads\/2025\/04\/reuniaodecomissoes-2.jpg?fit=930%2C558&ssl=1&resize=350%2C200","width":350,"height":200,"srcset":"https:\/\/i0.wp.com\/noticiasribeiraopreto.com.br\/wp-content\/uploads\/2025\/04\/reuniaodecomissoes-2.jpg?fit=930%2C558&ssl=1&resize=350%2C200 1x, https:\/\/i0.wp.com\/noticiasribeiraopreto.com.br\/wp-content\/uploads\/2025\/04\/reuniaodecomissoes-2.jpg?fit=930%2C558&ssl=1&resize=525%2C300 1.5x, https:\/\/i0.wp.com\/noticiasribeiraopreto.com.br\/wp-content\/uploads\/2025\/04\/reuniaodecomissoes-2.jpg?fit=930%2C558&ssl=1&resize=700%2C400 2x"},"classes":[]},{"id":65177,"url":"https:\/\/noticiasribeiraopreto.com.br\/index.php\/2025\/03\/17\/jornal-da-franca-previsao-climatica-para-franca-dia-de-sol-com-poucas-nuvens-nesta-segunda\/","url_meta":{"origin":70116,"position":4},"title":"Jornal da Franca &#8211; Previs\u00e3o clim\u00e1tica para Franca: dia de sol com poucas nuvens nesta segunda","author":"noticiasribeiraopreto.com.br","date":"17 de March de 2025","format":false,"excerpt":"compartilhar no whatsapp compartilhar no telegram compartilhar no facebook compartilhar no linkedin Temperaturas variam entre 19\u00b0C e 31\u00b0C, com 0% de chance de chuva \u00a0 A previs\u00e3o do tempo para a cidade de Franca nesta segunda-feira, indica um dia de sol com algumas nuvens, especialmente \u00e0 tarde. H\u00e1 previs\u00e3o de\u2026","rel":"","context":"In &quot;Not\u00edcias de Franca-SP&quot;","block_context":{"text":"Not\u00edcias de Franca-SP","link":"https:\/\/noticiasribeiraopreto.com.br\/index.php\/category\/noticias-de-ribeirao-preto-sp-e-regiao-ismael-colosi\/noticias-franca-sp\/"},"img":{"alt_text":"","src":"https:\/\/i0.wp.com\/noticiasribeiraopreto.com.br\/wp-content\/uploads\/2025\/03\/nuvens-de-chuva-scaled.jpg?fit=1200%2C800&ssl=1&resize=350%2C200","width":350,"height":200,"srcset":"https:\/\/i0.wp.com\/noticiasribeiraopreto.com.br\/wp-content\/uploads\/2025\/03\/nuvens-de-chuva-scaled.jpg?fit=1200%2C800&ssl=1&resize=350%2C200 1x, https:\/\/i0.wp.com\/noticiasribeiraopreto.com.br\/wp-content\/uploads\/2025\/03\/nuvens-de-chuva-scaled.jpg?fit=1200%2C800&ssl=1&resize=525%2C300 1.5x, https:\/\/i0.wp.com\/noticiasribeiraopreto.com.br\/wp-content\/uploads\/2025\/03\/nuvens-de-chuva-scaled.jpg?fit=1200%2C800&ssl=1&resize=700%2C400 2x, https:\/\/i0.wp.com\/noticiasribeiraopreto.com.br\/wp-content\/uploads\/2025\/03\/nuvens-de-chuva-scaled.jpg?fit=1200%2C800&ssl=1&resize=1050%2C600 3x"},"classes":[]},{"id":64747,"url":"https:\/\/noticiasribeiraopreto.com.br\/index.php\/2025\/03\/12\/jornal-da-franca-autoridades-e-produtores-rurais-de-franca-fazem-abertura-da-16-edicao-do-simcafe\/","url_meta":{"origin":70116,"position":5},"title":"Jornal da Franca &#8211; Autoridades e produtores rurais de Franca fazem abertura da 16\u00b0 edi\u00e7\u00e3o do SimCaf\u00e9","author":"noticiasribeiraopreto.com.br","date":"12 de March de 2025","format":false,"excerpt":"compartilhar no whatsapp compartilhar no telegram compartilhar no facebook compartilhar no linkedin Evento re\u00fane cafeicultores e empresas do setor de agro de Franca e regi\u00e3o O Simcaf\u00e9 \u2013 Simp\u00f3sio do Agroneg\u00f3cio Caf\u00e9 da Alta Mogiana \u2013 teve sua 16\u00b0 edi\u00e7\u00e3o aberta nesta ter\u00e7a-feira com a presen\u00e7a de diversas autoridades pol\u00edticas.\u2026","rel":"","context":"In &quot;Not\u00edcias de Franca-SP&quot;","block_context":{"text":"Not\u00edcias de Franca-SP","link":"https:\/\/noticiasribeiraopreto.com.br\/index.php\/category\/noticias-de-ribeirao-preto-sp-e-regiao-ismael-colosi\/noticias-franca-sp\/"},"img":{"alt_text":"","src":"https:\/\/i0.wp.com\/noticiasribeiraopreto.com.br\/wp-content\/uploads\/2025\/03\/IMG_20250311_180004.jpg?fit=804%2C730&ssl=1&resize=350%2C200","width":350,"height":200,"srcset":"https:\/\/i0.wp.com\/noticiasribeiraopreto.com.br\/wp-content\/uploads\/2025\/03\/IMG_20250311_180004.jpg?fit=804%2C730&ssl=1&resize=350%2C200 1x, https:\/\/i0.wp.com\/noticiasribeiraopreto.com.br\/wp-content\/uploads\/2025\/03\/IMG_20250311_180004.jpg?fit=804%2C730&ssl=1&resize=525%2C300 1.5x, https:\/\/i0.wp.com\/noticiasribeiraopreto.com.br\/wp-content\/uploads\/2025\/03\/IMG_20250311_180004.jpg?fit=804%2C730&ssl=1&resize=700%2C400 2x"},"classes":[]}],"jetpack_sharing_enabled":true,"jetpack_shortlink":"https:\/\/wp.me\/peQAOb-ieU","_links":{"self":[{"href":"https:\/\/noticiasribeiraopreto.com.br\/index.php\/wp-json\/wp\/v2\/posts\/70116","targetHints":{"allow":["GET"]}}],"collection":[{"href":"https:\/\/noticiasribeiraopreto.com.br\/index.php\/wp-json\/wp\/v2\/posts"}],"about":[{"href":"https:\/\/noticiasribeiraopreto.com.br\/index.php\/wp-json\/wp\/v2\/types\/post"}],"author":[{"embeddable":true,"href":"https:\/\/noticiasribeiraopreto.com.br\/index.php\/wp-json\/wp\/v2\/users\/1"}],"replies":[{"embeddable":true,"href":"https:\/\/noticiasribeiraopreto.com.br\/index.php\/wp-json\/wp\/v2\/comments?post=70116"}],"version-history":[{"count":0,"href":"https:\/\/noticiasribeiraopreto.com.br\/index.php\/wp-json\/wp\/v2\/posts\/70116\/revisions"}],"wp:featuredmedia":[{"embeddable":true,"href":"https:\/\/noticiasribeiraopreto.com.br\/index.php\/wp-json\/wp\/v2\/media\/70117"}],"wp:attachment":[{"href":"https:\/\/noticiasribeiraopreto.com.br\/index.php\/wp-json\/wp\/v2\/media?parent=70116"}],"wp:term":[{"taxonomy":"category","embeddable":true,"href":"https:\/\/noticiasribeiraopreto.com.br\/index.php\/wp-json\/wp\/v2\/categories?post=70116"},{"taxonomy":"post_tag","embeddable":true,"href":"https:\/\/noticiasribeiraopreto.com.br\/index.php\/wp-json\/wp\/v2\/tags?post=70116"}],"curies":[{"name":"wp","href":"https:\/\/api.w.org\/{rel}","templated":true}]}}