{"id":70118,"date":"2025-05-22T21:18:28","date_gmt":"2025-05-23T00:18:28","guid":{"rendered":"https:\/\/noticiasribeiraopreto.com.br\/index.php\/2025\/05\/22\/veja-o-momento-em-que-o-jogador-pedro-severino-acena-da-janela-do-hospital\/"},"modified":"2025-05-22T21:18:28","modified_gmt":"2025-05-23T00:18:28","slug":"veja-o-momento-em-que-o-jogador-pedro-severino-acena-da-janela-do-hospital","status":"publish","type":"post","link":"https:\/\/noticiasribeiraopreto.com.br\/index.php\/2025\/05\/22\/veja-o-momento-em-que-o-jogador-pedro-severino-acena-da-janela-do-hospital\/","title":{"rendered":"Veja o momento em que o jogador Pedro Severino acena da janela do hospital"},"content":{"rendered":"<p> <br \/>\n<\/p>\n<div>\n<p>O jogador<strong> Pedro Severino<\/strong>, de 19 anos, que sofreu um grave acidente de tr\u00e2nsito no dia 4 de mar\u00e7o, em Americana, no interior de S\u00e3o Paulo, segue apresentando evolu\u00e7\u00e3o no quadro cl\u00ednico e <strong>n\u00e3o corre mais risco de morte<\/strong>. A informa\u00e7\u00e3o foi confirmada pelo pai do atleta, Lucas Severino.<\/p>\n<p>Na noite desta quarta-feira (21), Pedro apareceu <strong>pela primeira vez na janela do hospital<\/strong>, onde est\u00e1 internado, e <strong>acenou para familiares, amigos e f\u00e3s<\/strong> que se reuniram em frente ao local para demonstrar apoio e carinho. <\/p>\n<h2 class=\"wp-block-heading\"><strong>Veja v\u00eddeo:<\/strong><\/h2>\n<blockquote class=\"twitter-tweet\" data-media-max-width=\"560\">\n<p lang=\"pt\" dir=\"ltr\">Pedro Severino aparece na janela do hospital e acena para amigos e familiares, em Ribeir\u00e3o Preto.<\/p>\n<p>\ud83d\udcf9 \u2013 N\u00e3o foi acidente <a href=\"https:\/\/t.co\/IBHEQe2ttW\">pic.twitter.com\/IBHEQe2ttW<\/a><\/p>\n<p>\u2014 acidade on Ribeir\u00e3o e Regi\u00e3o (@acidadeonrp) <a href=\"https:\/\/twitter.com\/acidadeonrp\/status\/1925702187147047350?ref_src=twsrc%5Etfw\">May 22, 2025<\/a><\/p><\/blockquote>\n<p>Pedro Severino foi um dos atletas envolvidos no <strong>acidente de tr\u00e2nsito na Rodovia Anhanguera (SP-330)<\/strong>, na altura do km 127, no munic\u00edpio de Americana, durante a madrugada do dia 4 de mar\u00e7o.<\/p>\n<p>Desde ent\u00e3o, Pedro foi internado no <strong>Hospital Municipal Dr. Waldemar Tebaldi<\/strong>, onde inicialmente foi iniciado o <strong>protocolo de morte cerebral<\/strong>. No entanto, no dia 10 de mar\u00e7o, o jogador surpreendeu a equipe m\u00e9dica ao <strong>reagir a est\u00edmulos, como tosse e respira\u00e7\u00e3o espont\u00e2nea<\/strong>.<\/p>\n<p>Nos dias seguintes, Pedro apresentou uma recupera\u00e7\u00e3o gradual. Em 14 de mar\u00e7o, os m\u00e9dicos come\u00e7aram a retirar a ventila\u00e7\u00e3o mec\u00e2nica e, no dia 25 de mar\u00e7o, o atleta deixou a UTI, passando a seguir tratamento no quarto, onde permanece sob cuidados m\u00e9dicos.<\/p>\n<p>O <strong>estado de sa\u00fade de Pedro Severino continua evoluindo positivamente<\/strong>, mas, segundo a fam\u00edlia, ainda <strong>n\u00e3o h\u00e1 previs\u00e3o de alta hospitalar<\/strong>.<\/p>\n<hr class=\"wp-block-separator has-alpha-channel-opacity\"\/>\n<p>SAIBA MAIS<\/p>\n<p>USP Ribeir\u00e3o Preto busca participantes para pesquisa sobre bruxismo<\/p>\n<h4 class=\"wp-block-heading\"><strong>FIQUE ON<\/strong><\/h4>\n<p>Fique ligado em tudo que acontece em Ribeir\u00e3o Preto e regi\u00e3o. Siga os perfis do<strong>\u00a0acidade on\u00a0<\/strong>no<a href=\"https:\/\/www.instagram.com\/acidadeonribeirao\">\u00a0Instagram\u00a0<\/a>e no\u00a0<a href=\"https:\/\/www.facebook.com\/acidadeonribeirao\/\">Facebook.<\/a><\/p>\n<p>Receba not\u00edcias do\u00a0<strong>acidade on\u00a0<\/strong>no WhatsApp.\u00a0<a href=\"https:\/\/chat.whatsapp.com\/BjKQZ9oJwlz8VVT50NuePq\">Para entrar no grupo, basta clicar aqui.<\/a><\/p>\n<p>Fa\u00e7a uma den\u00fancia ou sugira uma reportagem sobre Ribeir\u00e3o Preto e regi\u00e3o pelo WhatsApp: 16 99117 7802.<\/p>\n<p>VEJA TAMB\u00c9M<\/p>\n<p>Sobre o que \u00e9 o novo document\u00e1rio da Rita Lee?<\/p>\n<p><!-- CONTENT END 2 -->\n<\/div>\n<p><script async src=\"\/\/platform.twitter.com\/widgets.js\" charset=\"utf-8\"><\/script><script async src=\"\/\/www.instagram.com\/embed.js\"><\/script><br \/>\n<br \/><br \/>\n<br \/><a href=\"https:\/\/www.acidadeon.com\/ribeiraopreto\/esportes\/veja-omomento-em-que-o-jogador-pedro-severino-acena-da-janela-do-hospital\/\">Source link <\/a><\/p>\n","protected":false},"excerpt":{"rendered":"<p>O jogador Pedro Severino, de 19 anos, que sofreu um grave acidente de tr\u00e2nsito no dia 4 de mar\u00e7o, em Americana, no interior de S\u00e3o&#8230;<\/p>\n","protected":false},"author":1,"featured_media":70119,"comment_status":"open","ping_status":"open","sticky":false,"template":"","format":"standard","meta":{"advanced_seo_description":"","jetpack_seo_html_title":"","jetpack_seo_noindex":false,"jetpack_post_was_ever_published":false,"_jetpack_newsletter_access":"","_jetpack_dont_email_post_to_subs":false,"_jetpack_newsletter_tier_id":0,"_jetpack_memberships_contains_paywalled_content":false,"_jetpack_memberships_contains_paid_content":false,"footnotes":"","jetpack_publicize_message":"","jetpack_publicize_feature_enabled":true,"jetpack_social_post_already_shared":true,"jetpack_social_options":{"image_generator_settings":{"template":"highway","default_image_id":0,"font":"","enabled":false},"version":2}},"categories":[11],"tags":[],"class_list":["post-70118","post","type-post","status-publish","format-standard","has-post-thumbnail","hentry","category-noticias-de-ribeirao-preto-sp-e-regiao-ismael-colosi"],"jetpack_publicize_connections":[],"jetpack_featured_media_url":"https:\/\/i0.wp.com\/noticiasribeiraopreto.com.br\/wp-content\/uploads\/2025\/05\/Copia-de-Copia-de-Copia-de-TAMANHO-EXATO-PARA-FOTOS-NO-SISTEMA-NOVO-89_2025-05-22_23-51-26.webp.webp?fit=1200%2C675&ssl=1","jetpack-related-posts":[{"id":70096,"url":"https:\/\/noticiasribeiraopreto.com.br\/index.php\/2025\/05\/22\/jogador-pedro-severino-acena-da-janela-do-hospital-e-tem-quadro-estavel-diz-familia\/","url_meta":{"origin":70118,"position":0},"title":"Jogador Pedro Severino acena da janela do hospital e tem quadro est\u00e1vel, diz fam\u00edlia","author":"noticiasribeiraopreto.com.br","date":"22 de May de 2025","format":false,"excerpt":"O jogador Pedro Severino, que sofreu um acidente no dia 4 de mar\u00e7o, em Americana, no interior de S\u00e3o Paulo, n\u00e3o corre mais risco de morte e segue com quadro est\u00e1vel, em evolu\u00e7\u00e3o. A informa\u00e7\u00e3o foi dada pelo pai do atleta. Nesta quarta-feira (21), Pedro apareceu na janela do hospital\u2026","rel":"","context":"In &quot;Not\u00edcias de Ribeir\u00e3o Preto-SP e Regi\u00e3o&quot;","block_context":{"text":"Not\u00edcias de Ribeir\u00e3o Preto-SP e Regi\u00e3o","link":"https:\/\/noticiasribeiraopreto.com.br\/index.php\/category\/noticias-de-ribeirao-preto-sp-e-regiao-ismael-colosi\/"},"img":{"alt_text":"","src":"https:\/\/i0.wp.com\/noticiasribeiraopreto.com.br\/wp-content\/uploads\/2025\/03\/IMG-20250305-WA0006_2025-03-05_13-27-33_jpg_2025-03-05_13-27-33.webp.webp?fit=1200%2C799&ssl=1&resize=350%2C200","width":350,"height":200,"srcset":"https:\/\/i0.wp.com\/noticiasribeiraopreto.com.br\/wp-content\/uploads\/2025\/03\/IMG-20250305-WA0006_2025-03-05_13-27-33_jpg_2025-03-05_13-27-33.webp.webp?fit=1200%2C799&ssl=1&resize=350%2C200 1x, https:\/\/i0.wp.com\/noticiasribeiraopreto.com.br\/wp-content\/uploads\/2025\/03\/IMG-20250305-WA0006_2025-03-05_13-27-33_jpg_2025-03-05_13-27-33.webp.webp?fit=1200%2C799&ssl=1&resize=525%2C300 1.5x, https:\/\/i0.wp.com\/noticiasribeiraopreto.com.br\/wp-content\/uploads\/2025\/03\/IMG-20250305-WA0006_2025-03-05_13-27-33_jpg_2025-03-05_13-27-33.webp.webp?fit=1200%2C799&ssl=1&resize=700%2C400 2x, https:\/\/i0.wp.com\/noticiasribeiraopreto.com.br\/wp-content\/uploads\/2025\/03\/IMG-20250305-WA0006_2025-03-05_13-27-33_jpg_2025-03-05_13-27-33.webp.webp?fit=1200%2C799&ssl=1&resize=1050%2C600 3x"},"classes":[]},{"id":70106,"url":"https:\/\/noticiasribeiraopreto.com.br\/index.php\/2025\/05\/22\/video-jogador-pedro-severino-aparece-na-janela-do-hospital\/","url_meta":{"origin":70118,"position":1},"title":"V\u00cdDEO: Jogador Pedro Severino aparece na janela do hospital","author":"noticiasribeiraopreto.com.br","date":"22 de May de 2025","format":false,"excerpt":"22 de maio de 2025 18:3822 de maio de 2025 18:469 Compartilhar0 O jogador Pedro Severino, de 19 anos, segue internado em um hospital de Ribeir\u00e3o Preto, com quadro de sa\u00fade est\u00e1vel e evolu\u00e7\u00e3o positiva. O atleta foi um dos envolvidos em um grave acidente de tr\u00e2nsito na madrugada de\u2026","rel":"","context":"In &quot;Not\u00edcias de Ribeir\u00e3o Preto-SP e Regi\u00e3o&quot;","block_context":{"text":"Not\u00edcias de Ribeir\u00e3o Preto-SP e Regi\u00e3o","link":"https:\/\/noticiasribeiraopreto.com.br\/index.php\/category\/noticias-de-ribeirao-preto-sp-e-regiao-ismael-colosi\/"},"img":{"alt_text":"","src":"https:\/\/i0.wp.com\/noticiasribeiraopreto.com.br\/wp-content\/uploads\/2025\/05\/1747951067_pedro_severino.jpg?fit=750%2C500&ssl=1&resize=350%2C200","width":350,"height":200,"srcset":"https:\/\/i0.wp.com\/noticiasribeiraopreto.com.br\/wp-content\/uploads\/2025\/05\/1747951067_pedro_severino.jpg?fit=750%2C500&ssl=1&resize=350%2C200 1x, https:\/\/i0.wp.com\/noticiasribeiraopreto.com.br\/wp-content\/uploads\/2025\/05\/1747951067_pedro_severino.jpg?fit=750%2C500&ssl=1&resize=525%2C300 1.5x, https:\/\/i0.wp.com\/noticiasribeiraopreto.com.br\/wp-content\/uploads\/2025\/05\/1747951067_pedro_severino.jpg?fit=750%2C500&ssl=1&resize=700%2C400 2x"},"classes":[]},{"id":70101,"url":"https:\/\/noticiasribeiraopreto.com.br\/index.php\/2025\/05\/22\/video-jogador-pedro-severino-deixa-uti\/","url_meta":{"origin":70118,"position":2},"title":"V\u00cdDEO: Jogador Pedro Severino deixa UTI","author":"noticiasribeiraopreto.com.br","date":"22 de May de 2025","format":false,"excerpt":"22 de maio de 2025 18:383 Compartilhar0 O jogador Pedro Severino, de 19 anos, segue internado em um hospital de Ribeir\u00e3o Preto, com quadro de sa\u00fade est\u00e1vel e evolu\u00e7\u00e3o positiva. O atleta foi um dos envolvidos em um grave acidente de tr\u00e2nsito na madrugada de 4 de mar\u00e7o, na Rodovia\u2026","rel":"","context":"In &quot;Not\u00edcias de Ribeir\u00e3o Preto-SP e Regi\u00e3o&quot;","block_context":{"text":"Not\u00edcias de Ribeir\u00e3o Preto-SP e Regi\u00e3o","link":"https:\/\/noticiasribeiraopreto.com.br\/index.php\/category\/noticias-de-ribeirao-preto-sp-e-regiao-ismael-colosi\/"},"img":{"alt_text":"","src":"https:\/\/i0.wp.com\/noticiasribeiraopreto.com.br\/wp-content\/uploads\/2025\/05\/pedro_severino.jpg?fit=750%2C500&ssl=1&resize=350%2C200","width":350,"height":200,"srcset":"https:\/\/i0.wp.com\/noticiasribeiraopreto.com.br\/wp-content\/uploads\/2025\/05\/pedro_severino.jpg?fit=750%2C500&ssl=1&resize=350%2C200 1x, https:\/\/i0.wp.com\/noticiasribeiraopreto.com.br\/wp-content\/uploads\/2025\/05\/pedro_severino.jpg?fit=750%2C500&ssl=1&resize=525%2C300 1.5x, https:\/\/i0.wp.com\/noticiasribeiraopreto.com.br\/wp-content\/uploads\/2025\/05\/pedro_severino.jpg?fit=750%2C500&ssl=1&resize=700%2C400 2x"},"classes":[]},{"id":71834,"url":"https:\/\/noticiasribeiraopreto.com.br\/index.php\/2025\/06\/10\/pedro-severino-recebe-alta-apos-96-dias-internado-em-ribeirao\/","url_meta":{"origin":70118,"position":3},"title":"Pedro Severino recebe alta ap\u00f3s 96 dias internado em Ribeir\u00e3o","author":"noticiasribeiraopreto.com.br","date":"10 de June de 2025","format":false,"excerpt":"O jogador Pedro Severino recebeu alta hospitalar na manh\u00e3 desta ter\u00e7a-feira (10). De acordo com o Hospital Unimed Ribeir\u00e3o Preto, o jovem ficou internado no local por 96 dias. Durante todo o per\u00edodo, Pedro foi assistido por uma equipe composta por intensivistas liderados pelo m\u00e9dico Dr. Gil Teixeira, al\u00e9m de\u2026","rel":"","context":"In &quot;Not\u00edcias de Ribeir\u00e3o Preto-SP e Regi\u00e3o&quot;","block_context":{"text":"Not\u00edcias de Ribeir\u00e3o Preto-SP e Regi\u00e3o","link":"https:\/\/noticiasribeiraopreto.com.br\/index.php\/category\/noticias-de-ribeirao-preto-sp-e-regiao-ismael-colosi\/"},"img":{"alt_text":"","src":"https:\/\/i0.wp.com\/noticiasribeiraopreto.com.br\/wp-content\/uploads\/2025\/03\/IMG-20250305-WA0006_2025-03-05_13-27-33_jpg_2025-03-05_13-27-33.webp.webp?fit=1200%2C799&ssl=1&resize=350%2C200","width":350,"height":200,"srcset":"https:\/\/i0.wp.com\/noticiasribeiraopreto.com.br\/wp-content\/uploads\/2025\/03\/IMG-20250305-WA0006_2025-03-05_13-27-33_jpg_2025-03-05_13-27-33.webp.webp?fit=1200%2C799&ssl=1&resize=350%2C200 1x, https:\/\/i0.wp.com\/noticiasribeiraopreto.com.br\/wp-content\/uploads\/2025\/03\/IMG-20250305-WA0006_2025-03-05_13-27-33_jpg_2025-03-05_13-27-33.webp.webp?fit=1200%2C799&ssl=1&resize=525%2C300 1.5x, https:\/\/i0.wp.com\/noticiasribeiraopreto.com.br\/wp-content\/uploads\/2025\/03\/IMG-20250305-WA0006_2025-03-05_13-27-33_jpg_2025-03-05_13-27-33.webp.webp?fit=1200%2C799&ssl=1&resize=700%2C400 2x, https:\/\/i0.wp.com\/noticiasribeiraopreto.com.br\/wp-content\/uploads\/2025\/03\/IMG-20250305-WA0006_2025-03-05_13-27-33_jpg_2025-03-05_13-27-33.webp.webp?fit=1200%2C799&ssl=1&resize=1050%2C600 3x"},"classes":[]},{"id":71861,"url":"https:\/\/noticiasribeiraopreto.com.br\/index.php\/2025\/06\/10\/familia-de-pedro-severino-comemora-alta-medica-do-jogador-nas-redes-sociais\/","url_meta":{"origin":70118,"position":4},"title":"Fam\u00edlia de Pedro Severino comemora alta m\u00e9dica do jogador nas redes sociais","author":"noticiasribeiraopreto.com.br","date":"10 de June de 2025","format":false,"excerpt":"Pedro Severino reapareceu nas redes sociais nesta ter\u00e7a-feira (10), ap\u00f3s receber alta m\u00e9dica. Em foto publicada nesta tarde, o jovem aparece sorridente ao lado de seu pai, o ex-jogador Lucas Severino, da m\u00e3e L\u00facia e dos irm\u00e3os. O rapaz foi v\u00edtima de um grave acidente de tr\u00e2nsito em mar\u00e7o, enquanto\u2026","rel":"","context":"In &quot;Not\u00edcias de Ribeir\u00e3o Preto-SP e Regi\u00e3o&quot;","block_context":{"text":"Not\u00edcias de Ribeir\u00e3o Preto-SP e Regi\u00e3o","link":"https:\/\/noticiasribeiraopreto.com.br\/index.php\/category\/noticias-de-ribeirao-preto-sp-e-regiao-ismael-colosi\/"},"img":{"alt_text":"","src":"https:\/\/i0.wp.com\/noticiasribeiraopreto.com.br\/wp-content\/uploads\/2025\/06\/505170502_18125531116449385_4808038881153612835_n_2025-06-10_21-17-28.webp.webp?fit=1200%2C900&ssl=1&resize=350%2C200","width":350,"height":200,"srcset":"https:\/\/i0.wp.com\/noticiasribeiraopreto.com.br\/wp-content\/uploads\/2025\/06\/505170502_18125531116449385_4808038881153612835_n_2025-06-10_21-17-28.webp.webp?fit=1200%2C900&ssl=1&resize=350%2C200 1x, https:\/\/i0.wp.com\/noticiasribeiraopreto.com.br\/wp-content\/uploads\/2025\/06\/505170502_18125531116449385_4808038881153612835_n_2025-06-10_21-17-28.webp.webp?fit=1200%2C900&ssl=1&resize=525%2C300 1.5x, https:\/\/i0.wp.com\/noticiasribeiraopreto.com.br\/wp-content\/uploads\/2025\/06\/505170502_18125531116449385_4808038881153612835_n_2025-06-10_21-17-28.webp.webp?fit=1200%2C900&ssl=1&resize=700%2C400 2x, https:\/\/i0.wp.com\/noticiasribeiraopreto.com.br\/wp-content\/uploads\/2025\/06\/505170502_18125531116449385_4808038881153612835_n_2025-06-10_21-17-28.webp.webp?fit=1200%2C900&ssl=1&resize=1050%2C600 3x"},"classes":[]},{"id":65845,"url":"https:\/\/noticiasribeiraopreto.com.br\/index.php\/2025\/03\/25\/jogador-pedro-severino-deixa-uti-e-vai-para-o-quarto-diz-hospital\/","url_meta":{"origin":70118,"position":5},"title":"Jogador Pedro Severino deixa UTI e vai para o quarto, diz hospital","author":"noticiasribeiraopreto.com.br","date":"25 de March de 2025","format":false,"excerpt":"O jogador Pedro Severino, de 19 anos, deixou a UTI e foi transferido para o quarto no in\u00edcio da noite desta segunda-feira (24), segundo boletim m\u00e9dico divulgado pelo Hospital Unimed Ribeir\u00e3o Preto, onde o\u00a0atleta\u00a0permanece\u00a0internado, ap\u00f3s sofrer um\u00a0acidente\u00a0de\u00a0carro\u00a0no dia\u00a04 de mar\u00e7o. Segundo o hospital, o quadro neurol\u00f3gico do atleta ainda inspira\u2026","rel":"","context":"In &quot;Not\u00edcias de Ribeir\u00e3o Preto-SP e Regi\u00e3o&quot;","block_context":{"text":"Not\u00edcias de Ribeir\u00e3o Preto-SP e Regi\u00e3o","link":"https:\/\/noticiasribeiraopreto.com.br\/index.php\/category\/noticias-de-ribeirao-preto-sp-e-regiao-ismael-colosi\/"},"img":{"alt_text":"","src":"https:\/\/i0.wp.com\/noticiasribeiraopreto.com.br\/wp-content\/uploads\/2025\/03\/Molde-Midiass-8_2025-03-04_17-03-50_jpg_2025-03-04_17-03-50.webp.webp?fit=960%2C539&ssl=1&resize=350%2C200","width":350,"height":200,"srcset":"https:\/\/i0.wp.com\/noticiasribeiraopreto.com.br\/wp-content\/uploads\/2025\/03\/Molde-Midiass-8_2025-03-04_17-03-50_jpg_2025-03-04_17-03-50.webp.webp?fit=960%2C539&ssl=1&resize=350%2C200 1x, https:\/\/i0.wp.com\/noticiasribeiraopreto.com.br\/wp-content\/uploads\/2025\/03\/Molde-Midiass-8_2025-03-04_17-03-50_jpg_2025-03-04_17-03-50.webp.webp?fit=960%2C539&ssl=1&resize=525%2C300 1.5x, https:\/\/i0.wp.com\/noticiasribeiraopreto.com.br\/wp-content\/uploads\/2025\/03\/Molde-Midiass-8_2025-03-04_17-03-50_jpg_2025-03-04_17-03-50.webp.webp?fit=960%2C539&ssl=1&resize=700%2C400 2x"},"classes":[]}],"jetpack_sharing_enabled":true,"jetpack_shortlink":"https:\/\/wp.me\/peQAOb-ieW","_links":{"self":[{"href":"https:\/\/noticiasribeiraopreto.com.br\/index.php\/wp-json\/wp\/v2\/posts\/70118","targetHints":{"allow":["GET"]}}],"collection":[{"href":"https:\/\/noticiasribeiraopreto.com.br\/index.php\/wp-json\/wp\/v2\/posts"}],"about":[{"href":"https:\/\/noticiasribeiraopreto.com.br\/index.php\/wp-json\/wp\/v2\/types\/post"}],"author":[{"embeddable":true,"href":"https:\/\/noticiasribeiraopreto.com.br\/index.php\/wp-json\/wp\/v2\/users\/1"}],"replies":[{"embeddable":true,"href":"https:\/\/noticiasribeiraopreto.com.br\/index.php\/wp-json\/wp\/v2\/comments?post=70118"}],"version-history":[{"count":0,"href":"https:\/\/noticiasribeiraopreto.com.br\/index.php\/wp-json\/wp\/v2\/posts\/70118\/revisions"}],"wp:featuredmedia":[{"embeddable":true,"href":"https:\/\/noticiasribeiraopreto.com.br\/index.php\/wp-json\/wp\/v2\/media\/70119"}],"wp:attachment":[{"href":"https:\/\/noticiasribeiraopreto.com.br\/index.php\/wp-json\/wp\/v2\/media?parent=70118"}],"wp:term":[{"taxonomy":"category","embeddable":true,"href":"https:\/\/noticiasribeiraopreto.com.br\/index.php\/wp-json\/wp\/v2\/categories?post=70118"},{"taxonomy":"post_tag","embeddable":true,"href":"https:\/\/noticiasribeiraopreto.com.br\/index.php\/wp-json\/wp\/v2\/tags?post=70118"}],"curies":[{"name":"wp","href":"https:\/\/api.w.org\/{rel}","templated":true}]}}