{"id":70120,"date":"2025-05-22T21:25:40","date_gmt":"2025-05-23T00:25:40","guid":{"rendered":"https:\/\/noticiasribeiraopreto.com.br\/index.php\/2025\/05\/22\/rp-mobi-divulga-data-para-ligar-semaforos-na-rotatoria-amin-calil-veja-quando\/"},"modified":"2025-05-22T21:25:40","modified_gmt":"2025-05-23T00:25:40","slug":"rp-mobi-divulga-data-para-ligar-semaforos-na-rotatoria-amin-calil-veja-quando","status":"publish","type":"post","link":"https:\/\/noticiasribeiraopreto.com.br\/index.php\/2025\/05\/22\/rp-mobi-divulga-data-para-ligar-semaforos-na-rotatoria-amin-calil-veja-quando\/","title":{"rendered":"RP Mobi divulga data para ligar sem\u00e1foros na rotat\u00f3ria Amin Calil; Veja quando"},"content":{"rendered":"<p> <br \/>\n<\/p>\n<div data-td-block-uid=\"tdi_95\">\n<div class=\"tdb-block-inner td-fix-index\">\n<p><strong>A RP Mobi definiu a data para de in\u00edcio do funcionamento dos quatro sem\u00e1foros da rotat\u00f3ria Amin Calil, em Ribeir\u00e3o Preto.<\/strong><\/p>\n<p>Segundo a empresa, <mark style=\"background-color:#fcb900\" class=\"has-inline-color has-black-color\">a opera\u00e7\u00e3o ter\u00e1 in\u00edcio nesta sexta-feira (23). O hor\u00e1rio previsto \u00e9 \u00e0s 9h.<\/mark><\/p>\n<p>Os sem\u00e1foros ficam nos acessos a partir da Via Francisco Magioni, rua Rodrigues Alves, avenida F\u00e1bio Barreto e avenida Marechal Costa e Silva.<\/p>\n<p>A RP Mobi diz que os equipamentos ser\u00e3o ligados por etapas nesta sexta.<\/p>\n<p>SAIBA MAIS<\/p>\n<p>PM \u00e9 flagrado empinando moto em Ribeir\u00e3o Preto; veja v\u00eddeo<\/p>\n<h2 class=\"wp-block-heading\"><strong>FIQUE ON<\/strong><\/h2>\n<p>Fique ligado em tudo que acontece em Ribeir\u00e3o Preto e regi\u00e3o. Siga os perfis do\u00a0<strong>acidade on<\/strong>\u00a0no\u00a0<a href=\"https:\/\/www.instagram.com\/acidadeonribeirao\">Instagram\u00a0<\/a>e no\u00a0<a href=\"https:\/\/www.facebook.com\/acidadeonribeirao\/\">Facebook.<\/a><\/p>\n<p>Receba not\u00edcias do\u00a0<strong>acidade on<\/strong>\u00a0no WhatsApp.\u00a0<a href=\"https:\/\/chat.whatsapp.com\/BjKQZ9oJwlz8VVT50NuePq\">Para entrar no grupo, basta clicar aqui.<\/a><\/p>\n<p>Fa\u00e7a uma den\u00fancia ou sugira uma reportagem sobre Ribeir\u00e3o Preto e regi\u00e3o pelo WhatsApp: 16 99117 7802.<\/p>\n<p>VEJA TAMB\u00c9M<\/p>\n<p>Existe antissemitismo no Brasil?<\/p>\n<p><!-- CONTENT END 1 -->\n<\/div>\n<\/div>\n<p><script async src=\"\/\/www.instagram.com\/embed.js\"><\/script><br \/>\n<br \/><br \/>\n<br \/><a href=\"https:\/\/www.acidadeon.com\/ribeiraopreto\/cotidiano\/rp-mobi-divulga-data-para-ligar-semaforos-na-rotatoria-amin-calil-veja-quando\/\">Source link <\/a><\/p>\n","protected":false},"excerpt":{"rendered":"<p>A RP Mobi definiu a data para de in\u00edcio do funcionamento dos quatro sem\u00e1foros da rotat\u00f3ria Amin Calil, em Ribeir\u00e3o Preto. Segundo a empresa, a&#8230;<\/p>\n","protected":false},"author":1,"featured_media":70121,"comment_status":"open","ping_status":"open","sticky":false,"template":"","format":"standard","meta":{"advanced_seo_description":"","jetpack_seo_html_title":"","jetpack_seo_noindex":false,"jetpack_post_was_ever_published":false,"_jetpack_newsletter_access":"","_jetpack_dont_email_post_to_subs":false,"_jetpack_newsletter_tier_id":0,"_jetpack_memberships_contains_paywalled_content":false,"_jetpack_memberships_contains_paid_content":false,"footnotes":"","jetpack_publicize_message":"","jetpack_publicize_feature_enabled":true,"jetpack_social_post_already_shared":true,"jetpack_social_options":{"image_generator_settings":{"template":"highway","default_image_id":0,"font":"","enabled":false},"version":2}},"categories":[11],"tags":[],"class_list":["post-70120","post","type-post","status-publish","format-standard","has-post-thumbnail","hentry","category-noticias-de-ribeirao-preto-sp-e-regiao-ismael-colosi"],"jetpack_publicize_connections":[],"jetpack_featured_media_url":"https:\/\/i0.wp.com\/noticiasribeiraopreto.com.br\/wp-content\/uploads\/2025\/05\/WhatsApp-Image-2025-05-22-at-17.47.57_2025-05-22_21-14-39.webp.webp?fit=1200%2C675&ssl=1","jetpack-related-posts":[{"id":69051,"url":"https:\/\/noticiasribeiraopreto.com.br\/index.php\/2025\/05\/01\/rp-mobi-comeca-instalacao-de-semaforos-na-rotatoria-amin-calil\/","url_meta":{"origin":70120,"position":0},"title":"RP Mobi come\u00e7a instala\u00e7\u00e3o de sem\u00e1foros na rotat\u00f3ria Amin Calil","author":"noticiasribeiraopreto.com.br","date":"1 de May de 2025","format":false,"excerpt":"A RP Mobi, empresa respons\u00e1vel pelo tr\u00e2nsito em Ribeir\u00e3o Preto, come\u00e7ou a instala\u00e7\u00e3o de sem\u00e1foros na rotat\u00f3ria Amin Calil.\u00a0No local, ser\u00e3o implantados quatro pontos com sem\u00e1foros at\u00e9 o final do m\u00eas de maio. Nesta quinta-feira (1\u00ba de maio), equipes da RP Mobi estiveram no local para instala\u00e7\u00e3o dos postes que\u2026","rel":"","context":"In &quot;Not\u00edcias de Ribeir\u00e3o Preto-SP e Regi\u00e3o&quot;","block_context":{"text":"Not\u00edcias de Ribeir\u00e3o Preto-SP e Regi\u00e3o","link":"https:\/\/noticiasribeiraopreto.com.br\/index.php\/category\/noticias-de-ribeirao-preto-sp-e-regiao-ismael-colosi\/"},"img":{"alt_text":"","src":"https:\/\/i0.wp.com\/noticiasribeiraopreto.com.br\/wp-content\/uploads\/2025\/05\/amin-calil_2025-05-01_15-19-08.webp.webp?fit=1200%2C684&ssl=1&resize=350%2C200","width":350,"height":200,"srcset":"https:\/\/i0.wp.com\/noticiasribeiraopreto.com.br\/wp-content\/uploads\/2025\/05\/amin-calil_2025-05-01_15-19-08.webp.webp?fit=1200%2C684&ssl=1&resize=350%2C200 1x, https:\/\/i0.wp.com\/noticiasribeiraopreto.com.br\/wp-content\/uploads\/2025\/05\/amin-calil_2025-05-01_15-19-08.webp.webp?fit=1200%2C684&ssl=1&resize=525%2C300 1.5x, https:\/\/i0.wp.com\/noticiasribeiraopreto.com.br\/wp-content\/uploads\/2025\/05\/amin-calil_2025-05-01_15-19-08.webp.webp?fit=1200%2C684&ssl=1&resize=700%2C400 2x, https:\/\/i0.wp.com\/noticiasribeiraopreto.com.br\/wp-content\/uploads\/2025\/05\/amin-calil_2025-05-01_15-19-08.webp.webp?fit=1200%2C684&ssl=1&resize=1050%2C600 3x"},"classes":[]},{"id":62499,"url":"https:\/\/noticiasribeiraopreto.com.br\/index.php\/2025\/01\/16\/pela-2a-vez-na-semana-furto-de-fios-desliga-semaforos-em-ribeirao-preto\/","url_meta":{"origin":70120,"position":1},"title":"Pela 2\u00aa vez na semana, furto de fios desliga sem\u00e1foros em Ribeir\u00e3o Preto","author":"noticiasribeiraopreto.com.br","date":"16 de January de 2025","format":false,"excerpt":"O furto de fia\u00e7\u00e3o voltou a desligar os sem\u00e1foros na Via Francisco Maggioni pela segunda vez nesta semana, na zona Norte de Ribeir\u00e3o Preto. O problema afetou motoristas na manh\u00e3 desta quinta-feira (16), na liga\u00e7\u00e3o da via com as ruas Bar\u00e3o de Cotegipe e Municipal. Os condutores que trafegavam pela\u2026","rel":"","context":"In &quot;Not\u00edcias de Ribeir\u00e3o Preto-SP e Regi\u00e3o&quot;","block_context":{"text":"Not\u00edcias de Ribeir\u00e3o Preto-SP e Regi\u00e3o","link":"https:\/\/noticiasribeiraopreto.com.br\/index.php\/category\/noticias-de-ribeirao-preto-sp-e-regiao-ismael-colosi\/"},"img":{"alt_text":"","src":"https:\/\/i0.wp.com\/noticiasribeiraopreto.com.br\/wp-content\/uploads\/2025\/01\/WhatsApp-Image-2025-01-16-at-08.53.54_2025-01-16_12-03-49_jpeg_2025-01-16_12-03-49.webp.webp?fit=1200%2C668&ssl=1&resize=350%2C200","width":350,"height":200,"srcset":"https:\/\/i0.wp.com\/noticiasribeiraopreto.com.br\/wp-content\/uploads\/2025\/01\/WhatsApp-Image-2025-01-16-at-08.53.54_2025-01-16_12-03-49_jpeg_2025-01-16_12-03-49.webp.webp?fit=1200%2C668&ssl=1&resize=350%2C200 1x, https:\/\/i0.wp.com\/noticiasribeiraopreto.com.br\/wp-content\/uploads\/2025\/01\/WhatsApp-Image-2025-01-16-at-08.53.54_2025-01-16_12-03-49_jpeg_2025-01-16_12-03-49.webp.webp?fit=1200%2C668&ssl=1&resize=525%2C300 1.5x, https:\/\/i0.wp.com\/noticiasribeiraopreto.com.br\/wp-content\/uploads\/2025\/01\/WhatsApp-Image-2025-01-16-at-08.53.54_2025-01-16_12-03-49_jpeg_2025-01-16_12-03-49.webp.webp?fit=1200%2C668&ssl=1&resize=700%2C400 2x, https:\/\/i0.wp.com\/noticiasribeiraopreto.com.br\/wp-content\/uploads\/2025\/01\/WhatsApp-Image-2025-01-16-at-08.53.54_2025-01-16_12-03-49_jpeg_2025-01-16_12-03-49.webp.webp?fit=1200%2C668&ssl=1&resize=1050%2C600 3x"},"classes":[]},{"id":66895,"url":"https:\/\/noticiasribeiraopreto.com.br\/index.php\/2025\/04\/07\/semana-comeca-sem-semaforo-na-via-francisco-maggioni-em-ribeirao-preto\/","url_meta":{"origin":70120,"position":2},"title":"Semana come\u00e7a sem sem\u00e1foro na Via Francisco Maggioni em Ribeir\u00e3o Preto","author":"noticiasribeiraopreto.com.br","date":"7 de April de 2025","format":false,"excerpt":"Os sem\u00e1foros est\u00e3o desligados na manh\u00e3 desta segunda-feira (7), na Via Francisco Maggioni, zona Norte de Ribeir\u00e3o Preto. Assista ao v\u00eddeo abaixo. O\u00a0problema\u00a0afeta\u00a0motoristas\u00a0e\u00a0pedestres na liga\u00e7\u00e3o da via com as\u00a0ruas Bar\u00e3o de Cotegipe e Municipal. A RP Mobi informou que uma equipe foi direcionada ao local para implantar sinaliza\u00e7\u00f5es provis\u00f3rias e\u2026","rel":"","context":"In &quot;Not\u00edcias de Ribeir\u00e3o Preto-SP e Regi\u00e3o&quot;","block_context":{"text":"Not\u00edcias de Ribeir\u00e3o Preto-SP e Regi\u00e3o","link":"https:\/\/noticiasribeiraopreto.com.br\/index.php\/category\/noticias-de-ribeirao-preto-sp-e-regiao-ismael-colosi\/"},"img":{"alt_text":"","src":"https:\/\/i0.wp.com\/noticiasribeiraopreto.com.br\/wp-content\/uploads\/2025\/04\/WhatsApp-Image-2025-04-07-at-08.05.41_2025-04-07_11-05-59_jpeg_2025-04-07_11-06-00.webp.webp?fit=1200%2C758&ssl=1&resize=350%2C200","width":350,"height":200,"srcset":"https:\/\/i0.wp.com\/noticiasribeiraopreto.com.br\/wp-content\/uploads\/2025\/04\/WhatsApp-Image-2025-04-07-at-08.05.41_2025-04-07_11-05-59_jpeg_2025-04-07_11-06-00.webp.webp?fit=1200%2C758&ssl=1&resize=350%2C200 1x, https:\/\/i0.wp.com\/noticiasribeiraopreto.com.br\/wp-content\/uploads\/2025\/04\/WhatsApp-Image-2025-04-07-at-08.05.41_2025-04-07_11-05-59_jpeg_2025-04-07_11-06-00.webp.webp?fit=1200%2C758&ssl=1&resize=525%2C300 1.5x, https:\/\/i0.wp.com\/noticiasribeiraopreto.com.br\/wp-content\/uploads\/2025\/04\/WhatsApp-Image-2025-04-07-at-08.05.41_2025-04-07_11-05-59_jpeg_2025-04-07_11-06-00.webp.webp?fit=1200%2C758&ssl=1&resize=700%2C400 2x, https:\/\/i0.wp.com\/noticiasribeiraopreto.com.br\/wp-content\/uploads\/2025\/04\/WhatsApp-Image-2025-04-07-at-08.05.41_2025-04-07_11-05-59_jpeg_2025-04-07_11-06-00.webp.webp?fit=1200%2C758&ssl=1&resize=1050%2C600 3x"},"classes":[]},{"id":77717,"url":"https:\/\/noticiasribeiraopreto.com.br\/index.php\/2025\/09\/24\/semaforos-comecam-a-funcionar-na-rotatoria-da-mogiana-em-ribeirao-preto\/","url_meta":{"origin":70120,"position":3},"title":"Sem\u00e1foros come\u00e7am a funcionar na rotat\u00f3ria da Mogiana em Ribeir\u00e3o Preto","author":"noticiasribeiraopreto.com.br","date":"24 de September de 2025","format":false,"excerpt":"Os novos sem\u00e1foros da rotat\u00f3ria das avenidas Mogiana e Brasil, na zona Norte de Ribeir\u00e3o Preto, come\u00e7aram a funcionar nesta quarta-feira (24). Segundo a RP Mobi, o novo conjunto semaf\u00f3rico organiza o fluxo de ve\u00edculos em um ponto de intenso tr\u00e1fego nos hor\u00e1rios de pico e garante mais seguran\u00e7a aos\u2026","rel":"","context":"In &quot;Not\u00edcias de Ribeir\u00e3o Preto-SP e Regi\u00e3o&quot;","block_context":{"text":"Not\u00edcias de Ribeir\u00e3o Preto-SP e Regi\u00e3o","link":"https:\/\/noticiasribeiraopreto.com.br\/index.php\/category\/noticias-de-ribeirao-preto-sp-e-regiao-ismael-colosi\/"},"img":{"alt_text":"","src":"https:\/\/i0.wp.com\/noticiasribeiraopreto.com.br\/wp-content\/uploads\/2025\/09\/semaforo-pedestre_2025-09-24_13-38-46.webp.webp?fit=1200%2C675&ssl=1&resize=350%2C200","width":350,"height":200,"srcset":"https:\/\/i0.wp.com\/noticiasribeiraopreto.com.br\/wp-content\/uploads\/2025\/09\/semaforo-pedestre_2025-09-24_13-38-46.webp.webp?fit=1200%2C675&ssl=1&resize=350%2C200 1x, https:\/\/i0.wp.com\/noticiasribeiraopreto.com.br\/wp-content\/uploads\/2025\/09\/semaforo-pedestre_2025-09-24_13-38-46.webp.webp?fit=1200%2C675&ssl=1&resize=525%2C300 1.5x, https:\/\/i0.wp.com\/noticiasribeiraopreto.com.br\/wp-content\/uploads\/2025\/09\/semaforo-pedestre_2025-09-24_13-38-46.webp.webp?fit=1200%2C675&ssl=1&resize=700%2C400 2x, https:\/\/i0.wp.com\/noticiasribeiraopreto.com.br\/wp-content\/uploads\/2025\/09\/semaforo-pedestre_2025-09-24_13-38-46.webp.webp?fit=1200%2C675&ssl=1&resize=1050%2C600 3x"},"classes":[]},{"id":78603,"url":"https:\/\/noticiasribeiraopreto.com.br\/index.php\/2025\/10\/14\/novo-semaforo-e-instalado-na-zona-norte-de-ribeirao-veja-onde\/","url_meta":{"origin":70120,"position":4},"title":"Novo sem\u00e1foro \u00e9 instalado na zona Norte de Ribeir\u00e3o; Veja onde","author":"noticiasribeiraopreto.com.br","date":"14 de October de 2025","format":false,"excerpt":"A RP Mobi, respons\u00e1vel pela gest\u00e3o do tr\u00e2nsito em Ribeir\u00e3o Preto, informou que a regi\u00e3o Norte do munic\u00edpio recebeu um novo sem\u00e1foro nesta ter\u00e7a-feira (14). Conforme as informa\u00e7\u00f5es, o equipamento foi instalado no cruzamento da avenida Brasil com a rua Equador, entre os viadutos da Vila Mariana. Segundo a RP\u2026","rel":"","context":"In &quot;Not\u00edcias de Ribeir\u00e3o Preto-SP e Regi\u00e3o&quot;","block_context":{"text":"Not\u00edcias de Ribeir\u00e3o Preto-SP e Regi\u00e3o","link":"https:\/\/noticiasribeiraopreto.com.br\/index.php\/category\/noticias-de-ribeirao-preto-sp-e-regiao-ismael-colosi\/"},"img":{"alt_text":"","src":"https:\/\/i0.wp.com\/noticiasribeiraopreto.com.br\/wp-content\/uploads\/2025\/10\/WhatsApp-Image-2025-10-14-at-14.54.34_2025-10-14_19-36-31.webp.webp?fit=1200%2C675&ssl=1&resize=350%2C200","width":350,"height":200,"srcset":"https:\/\/i0.wp.com\/noticiasribeiraopreto.com.br\/wp-content\/uploads\/2025\/10\/WhatsApp-Image-2025-10-14-at-14.54.34_2025-10-14_19-36-31.webp.webp?fit=1200%2C675&ssl=1&resize=350%2C200 1x, https:\/\/i0.wp.com\/noticiasribeiraopreto.com.br\/wp-content\/uploads\/2025\/10\/WhatsApp-Image-2025-10-14-at-14.54.34_2025-10-14_19-36-31.webp.webp?fit=1200%2C675&ssl=1&resize=525%2C300 1.5x, https:\/\/i0.wp.com\/noticiasribeiraopreto.com.br\/wp-content\/uploads\/2025\/10\/WhatsApp-Image-2025-10-14-at-14.54.34_2025-10-14_19-36-31.webp.webp?fit=1200%2C675&ssl=1&resize=700%2C400 2x, https:\/\/i0.wp.com\/noticiasribeiraopreto.com.br\/wp-content\/uploads\/2025\/10\/WhatsApp-Image-2025-10-14-at-14.54.34_2025-10-14_19-36-31.webp.webp?fit=1200%2C675&ssl=1&resize=1050%2C600 3x"},"classes":[]},{"id":46778,"url":"https:\/\/noticiasribeiraopreto.com.br\/index.php\/2024\/04\/15\/caminhao-arranca-semaforo-na-via-francisco-maggioni-em-ribeirao-ha-bloqueio-no-transito\/","url_meta":{"origin":70120,"position":5},"title":"Caminh\u00e3o arranca sem\u00e1foro na Via Francisco Maggioni em Ribeir\u00e3o; H\u00e1 bloqueio no tr\u00e2nsito","author":"noticiasribeiraopreto.com.br","date":"15 de April de 2024","format":false,"excerpt":"A Via Francisco Maggioni amanheceu sem o sem\u00e1foro nesta segunda-feira (15), na altura da rua Municipal, logo ap\u00f3s a rotat\u00f3ria Anim Calil, no sentido Centro-bairro, em Ribeir\u00e3o Preto. Segundo a RP Mobi, um caminh\u00e3o danificou a estrutura do equipamento e levou o porta foco, aparelho com as luzes do sem\u00e1foro.\u2026","rel":"","context":"In &quot;Not\u00edcias de Ribeir\u00e3o Preto-SP e Regi\u00e3o&quot;","block_context":{"text":"Not\u00edcias de Ribeir\u00e3o Preto-SP e Regi\u00e3o","link":"https:\/\/noticiasribeiraopreto.com.br\/index.php\/category\/noticias-de-ribeirao-preto-sp-e-regiao-ismael-colosi\/"},"img":{"alt_text":"","src":"https:\/\/i0.wp.com\/noticiasribeiraopreto.com.br\/wp-content\/uploads\/2024\/04\/WhatsApp-Image-2024-04-15-at-07.50.06-scaled.webp.webp?fit=1200%2C900&ssl=1&resize=350%2C200","width":350,"height":200,"srcset":"https:\/\/i0.wp.com\/noticiasribeiraopreto.com.br\/wp-content\/uploads\/2024\/04\/WhatsApp-Image-2024-04-15-at-07.50.06-scaled.webp.webp?fit=1200%2C900&ssl=1&resize=350%2C200 1x, https:\/\/i0.wp.com\/noticiasribeiraopreto.com.br\/wp-content\/uploads\/2024\/04\/WhatsApp-Image-2024-04-15-at-07.50.06-scaled.webp.webp?fit=1200%2C900&ssl=1&resize=525%2C300 1.5x, https:\/\/i0.wp.com\/noticiasribeiraopreto.com.br\/wp-content\/uploads\/2024\/04\/WhatsApp-Image-2024-04-15-at-07.50.06-scaled.webp.webp?fit=1200%2C900&ssl=1&resize=700%2C400 2x, https:\/\/i0.wp.com\/noticiasribeiraopreto.com.br\/wp-content\/uploads\/2024\/04\/WhatsApp-Image-2024-04-15-at-07.50.06-scaled.webp.webp?fit=1200%2C900&ssl=1&resize=1050%2C600 3x"},"classes":[]}],"jetpack_sharing_enabled":true,"jetpack_shortlink":"https:\/\/wp.me\/peQAOb-ieY","_links":{"self":[{"href":"https:\/\/noticiasribeiraopreto.com.br\/index.php\/wp-json\/wp\/v2\/posts\/70120","targetHints":{"allow":["GET"]}}],"collection":[{"href":"https:\/\/noticiasribeiraopreto.com.br\/index.php\/wp-json\/wp\/v2\/posts"}],"about":[{"href":"https:\/\/noticiasribeiraopreto.com.br\/index.php\/wp-json\/wp\/v2\/types\/post"}],"author":[{"embeddable":true,"href":"https:\/\/noticiasribeiraopreto.com.br\/index.php\/wp-json\/wp\/v2\/users\/1"}],"replies":[{"embeddable":true,"href":"https:\/\/noticiasribeiraopreto.com.br\/index.php\/wp-json\/wp\/v2\/comments?post=70120"}],"version-history":[{"count":0,"href":"https:\/\/noticiasribeiraopreto.com.br\/index.php\/wp-json\/wp\/v2\/posts\/70120\/revisions"}],"wp:featuredmedia":[{"embeddable":true,"href":"https:\/\/noticiasribeiraopreto.com.br\/index.php\/wp-json\/wp\/v2\/media\/70121"}],"wp:attachment":[{"href":"https:\/\/noticiasribeiraopreto.com.br\/index.php\/wp-json\/wp\/v2\/media?parent=70120"}],"wp:term":[{"taxonomy":"category","embeddable":true,"href":"https:\/\/noticiasribeiraopreto.com.br\/index.php\/wp-json\/wp\/v2\/categories?post=70120"},{"taxonomy":"post_tag","embeddable":true,"href":"https:\/\/noticiasribeiraopreto.com.br\/index.php\/wp-json\/wp\/v2\/tags?post=70120"}],"curies":[{"name":"wp","href":"https:\/\/api.w.org\/{rel}","templated":true}]}}