{"id":70122,"date":"2025-05-22T21:42:42","date_gmt":"2025-05-23T00:42:42","guid":{"rendered":"https:\/\/noticiasribeiraopreto.com.br\/index.php\/2025\/05\/22\/chapa-com-toni-hajel-como-presidente-vence-eleicao-do-sindicato-da-industria-de-calcados-de-franca\/"},"modified":"2025-05-22T21:42:42","modified_gmt":"2025-05-23T00:42:42","slug":"chapa-com-toni-hajel-como-presidente-vence-eleicao-do-sindicato-da-industria-de-calcados-de-franca","status":"publish","type":"post","link":"https:\/\/noticiasribeiraopreto.com.br\/index.php\/2025\/05\/22\/chapa-com-toni-hajel-como-presidente-vence-eleicao-do-sindicato-da-industria-de-calcados-de-franca\/","title":{"rendered":"Chapa com Toni Hajel como presidente vence elei\u00e7\u00e3o do Sindicato da Ind\u00fastria de Cal\u00e7ados de Franca"},"content":{"rendered":"<div class='code-block code-block-1' style='margin: 8px 0 8px auto; text-align: right; display: block; clear: both;'>\n<p><a href=\"https:\/\/wa.link\/vpicfd\"><img data-recalc-dims=\"1\" class=\"wp-image-4922\" style=\"aspect-ratio: 2.0253164556962027; width: 561px; height: auto;\" src=\"https:\/\/i0.wp.com\/ismaelcolosi.com.br\/wp-content\/uploads\/2023\/11\/grupo-de-empregos-whatsapp-e-facebook-ismael-colosi-vagas.jpg?ssl=1\" alt=\"\" \/><\/a><\/p>\n<!-- \/wp:image -->\n<\/div>\n<p> <br \/>\n<\/p>\n<div>\n<p>A chapa encabe\u00e7ada por Toni Hajel foi a vencedora na elei\u00e7\u00e3o para dirigir o Sindicato da Ind\u00fastria de Cal\u00e7ados de Franca (SindiFranca). O resultado foi divulgado neste dia 22\/5, na sede da entidade.<\/p>\n<p>A disputa estava entre Carlos Roberto de Paula, da Cal\u00e7ados Kissol, que encabe\u00e7ava a chapa 1, e Toni Hajel, da Francajel, candidato a presidente na chapa 2.<\/p>\n<p>Houve vota\u00e7\u00e3o em urnas fixa no sindicato, depois dois dias com urna itinerante.<\/p>\n<p>A chapa vencedora tem os integrantes:<\/p>\n<p>TONI HAJEL \u2013 TONI HAJEL LTDA \u2013 Presidente Institucional<\/p>\n<p>\u2013 WILSON ANTUNES CINTRA JUNIOR \u2013 INDUSTRIA E COMERCIO CAL\u00c7ADOS PERLATTO<\/p>\n<p>\u2013 ANTONIO ALVES DE CASTRO \u2013 CAL\u00c7ADOS JOTA PE LTDA<\/p>\n<p>\u2013 MARCELO KANAIMA LEMOS \u2013 ESTIVAL CAL\u00c7ADOS DE SEGURAN\u00c7A LTDA<\/p>\n<p>\u2013 ERICK AIMOLA FREIRIA \u2013 JB SHOES IND E COM DE CAL\u00c7ADOS LTDA<\/p>\n<p>\u2013 MURILO TEIXEIRA DE OLIVEIRA- COTTON SHOES IND DE CAL\u00c7ADOS LTDA<\/p>\n<p>\u2013 PAULO AFONSO ALVES FERREIRA \u2013 SUCCESSFULL BUSINESS CAL\u00c7ADOS E ACESSORIOS EIRELI<\/p>\n<p>\u2013 JEAN CARLOS CUSTODIO \u2013 SUPERSHOES IND E COM CAL\u00c7ADOS<\/p>\n<p>\u2013 JAIME CESAR CANAVEZ \u2013 STEEL IND DE SALTOS E SOLADOS LTDA<\/p>\n<p>\u2013 ELENICE BALATORE \u2013 E BALATORE SOUSA LTDA<\/p>\n<p>\u2013 RITA RAQUEL MANTOVANI PEREIRA- ALMATEC INDUSTRIAL LTDA<\/p>\n<p>\u2013 MARCO ANTONIO DE SOUZA \u2013 WEST COUNTRY IND DE CAL\u00c7ADOS LTDA<\/p>\n<p>\u2013 RAPHAEL GOMES FERNANDES \u2013 GOFER INDUSTRIA DE CAL\u00c7ADOS LTDA<\/p>\n<p><img data-recalc-dims=\"1\" loading=\"lazy\" decoding=\"async\" class=\"alignnone size-full wp-image-37462\" src=\"https:\/\/i0.wp.com\/www.f3noticias.com.br\/wp-content\/uploads\/2025\/05\/Screenshot_20250522_190452_Instagram.jpg?resize=1080%2C677&#038;ssl=1\" alt=\"\" width=\"1080\" height=\"677\" srcset=\"https:\/\/www.f3noticias.com.br\/wp-content\/uploads\/2025\/05\/Screenshot_20250522_190452_Instagram.jpg 1080w, https:\/\/www.f3noticias.com.br\/wp-content\/uploads\/2025\/05\/Screenshot_20250522_190452_Instagram-300x188.jpg 300w, https:\/\/www.f3noticias.com.br\/wp-content\/uploads\/2025\/05\/Screenshot_20250522_190452_Instagram-1024x642.jpg 1024w, https:\/\/www.f3noticias.com.br\/wp-content\/uploads\/2025\/05\/Screenshot_20250522_190452_Instagram-768x481.jpg 768w, https:\/\/www.f3noticias.com.br\/wp-content\/uploads\/2025\/05\/Screenshot_20250522_190452_Instagram-750x470.jpg 750w\" sizes=\"auto, (max-width: 1080px) 100vw, 1080px\"\/><\/p>\n<p>O SindiFranca est\u00e1 envolvido em uma das principais negocia\u00e7\u00f5es salarias da cidade, envolvendo o setor cal\u00e7adista. Al\u00e9m disso, \u00e9 a entidade que atua diretamente no setor pol\u00edtico municipal, estadual e federal para defender negocia\u00e7\u00f5es que venham a ser favor\u00e1veis para as f\u00e1bricas de cal\u00e7ado da cidade.<\/p>\n<p>Neste ano, uma das tratativas que a entidade esteve envolvida foi conseguir a renova\u00e7\u00e3o do benef\u00edcio tribut\u00e1rio para manter o ICMS em 3,5%, ao inv\u00e9s de haver o aumento que se discutia de 18%. Houve mobiliza\u00e7\u00e3o do setor empresarial com lideran\u00e7as pol\u00edticas locais. O benef\u00edcio foi renovado at\u00e9 31 de dezembro de 2026 a partir do Decreto n. 69.292, de 3 de janeiro de 2025.<\/p>\n<p>Al\u00e9m disso, o sindicato tem pela frente desafios como o do desenvolvimento da cadeia produtiva local. O programa SP Produz, da Secretaria de Desenvolvimento Econ\u00f4mico (SDE), divulgou neste m\u00eas resultado de sua avalia\u00e7\u00e3o. O objetivo dele \u00e9 fortalecer as cadeias produtivas locais (CPLs) do estado de S\u00e3o Paulo. Ao todo, o projeto j\u00e1 reconheceu 95 CPLs, beneficiando cerca de 27 setores estrat\u00e9gicos para a economia paulista, como \u00e9 o caso do setor de cal\u00e7ados. Conforme a SDE, entre os destaques est\u00e3o as cidades de Birigui e Ja\u00fa.<\/p>\n<p>Com rela\u00e7\u00e3o \u00e0 Franca, o cal\u00e7ado francano ficou classificado como aglomerado produtivo e recebeu nota 2.8 em n\u00edvel de maturidade, n\u00e3o conseguiu ser classificado como cadeia produtiva local. A nota vai de 0 a 10.<\/p>\n<p>Leia tamb\u00e9m:<\/p>\n<blockquote class=\"wp-embedded-content\" data-secret=\"74mEeqrCOb\">\n<p><a href=\"https:\/\/www.f3noticias.com.br\/em-programa-para-promover-fortalecimento-industrial-polo-de-calcado-de-franca-fica-com-nota-baixa\/\">Em programa para promover fortalecimento industrial, polo de cal\u00e7ado de Franca fica com nota baixa<\/a><\/p>\n<\/blockquote>\n<p><iframe loading=\"lazy\" class=\"wp-embedded-content\" sandbox=\"allow-scripts\" security=\"restricted\" style=\"position: absolute; clip: rect(1px, 1px, 1px, 1px);\" title=\"\u201cEm programa para promover fortalecimento industrial, polo de cal\u00e7ado de Franca fica com nota baixa\u201d \u2014 F3 Not\u00edcias\" src=\"https:\/\/www.f3noticias.com.br\/em-programa-para-promover-fortalecimento-industrial-polo-de-calcado-de-franca-fica-com-nota-baixa\/embed\/#?secret=YoXcwsC6qd#?secret=74mEeqrCOb\" data-secret=\"74mEeqrCOb\" width=\"500\" height=\"282\" frameborder=\"0\" marginwidth=\"0\" marginheight=\"0\" scrolling=\"no\"><\/iframe><\/p>\n<blockquote class=\"wp-embedded-content\" data-secret=\"32Low0T2Uj\">\n<p><a href=\"https:\/\/www.f3noticias.com.br\/sindicato-da-industria-de-calcados-de-franca-tem-disputa-entre-duas-chapas-para-proxima-diretoria\/\">Sindicato da ind\u00fastria de cal\u00e7ados de Franca tem disputa entre duas chapas para pr\u00f3xima diretoria<\/a><\/p>\n<\/blockquote>\n<p><iframe loading=\"lazy\" class=\"wp-embedded-content\" sandbox=\"allow-scripts\" security=\"restricted\" style=\"position: absolute; clip: rect(1px, 1px, 1px, 1px);\" title=\"\u201cSindicato da ind\u00fastria de cal\u00e7ados de Franca tem disputa entre duas chapas para pr\u00f3xima diretoria\u201d \u2014 F3 Not\u00edcias\" src=\"https:\/\/www.f3noticias.com.br\/sindicato-da-industria-de-calcados-de-franca-tem-disputa-entre-duas-chapas-para-proxima-diretoria\/embed\/#?secret=kCL6pSsNPp#?secret=32Low0T2Uj\" data-secret=\"32Low0T2Uj\" width=\"500\" height=\"282\" frameborder=\"0\" marginwidth=\"0\" marginheight=\"0\" scrolling=\"no\"><\/iframe><\/p>\n<\/p><\/div>\n<p><br \/>\n<br \/><a href=\"https:\/\/www.f3noticias.com.br\/chapa-com-toni-hajel-como-presidente-vence-eleicao-do-sindicato-da-industria-de-calcados-de-franca\/\">Source link <\/a><\/p>\n<!-- CONTENT END 1 -->\n","protected":false},"excerpt":{"rendered":"<p>A chapa encabe\u00e7ada por Toni Hajel foi a vencedora na elei\u00e7\u00e3o para dirigir o Sindicato da Ind\u00fastria de Cal\u00e7ados de Franca (SindiFranca). O resultado foi&#8230;<\/p>\n","protected":false},"author":1,"featured_media":70123,"comment_status":"open","ping_status":"open","sticky":false,"template":"","format":"standard","meta":{"advanced_seo_description":"","jetpack_seo_html_title":"","jetpack_seo_noindex":false,"jetpack_post_was_ever_published":false,"_jetpack_newsletter_access":"","_jetpack_dont_email_post_to_subs":false,"_jetpack_newsletter_tier_id":0,"_jetpack_memberships_contains_paywalled_content":false,"_jetpack_memberships_contains_paid_content":false,"footnotes":"","jetpack_publicize_message":"","jetpack_publicize_feature_enabled":true,"jetpack_social_post_already_shared":true,"jetpack_social_options":{"image_generator_settings":{"template":"highway","default_image_id":0,"font":"","enabled":false},"version":2}},"categories":[3597],"tags":[],"class_list":["post-70122","post","type-post","status-publish","format-standard","has-post-thumbnail","hentry","category-noticias-franca-sp"],"jetpack_publicize_connections":[],"jetpack_featured_media_url":"https:\/\/i0.wp.com\/noticiasribeiraopreto.com.br\/wp-content\/uploads\/2025\/05\/Screenshot_20250522_190518_Instagram.jpg?fit=980%2C561&ssl=1","jetpack-related-posts":[{"id":69390,"url":"https:\/\/noticiasribeiraopreto.com.br\/index.php\/2025\/05\/05\/sindicato-da-industria-de-calcados-de-franca-tem-disputa-entre-duas-chapas-para-proxima-diretoria\/","url_meta":{"origin":70122,"position":0},"title":"Sindicato da ind\u00fastria de cal\u00e7ados de Franca tem disputa entre duas chapas para pr\u00f3xima diretoria","author":"noticiasribeiraopreto.com.br","date":"5 de May de 2025","format":false,"excerpt":"O Sindicato da Ind\u00fastria de Cal\u00e7ados de Franca (SindiFranca) divulgou que para a elei\u00e7\u00e3o que definir\u00e1 os novos Conselhos Fiscal e Diretor haver\u00e1 a disputa entre duas chapas. Carlos Roberto de Paula, da Cal\u00e7ados Kissol, encabe\u00e7a a chapa 1, enquanto Toni Hajel \u00e9 candidato a presidente na chapa 2. Ainda\u2026","rel":"","context":"In &quot;Not\u00edcias de Franca-SP&quot;","block_context":{"text":"Not\u00edcias de Franca-SP","link":"https:\/\/noticiasribeiraopreto.com.br\/index.php\/category\/noticias-de-ribeirao-preto-sp-e-regiao-ismael-colosi\/noticias-franca-sp\/"},"img":{"alt_text":"","src":"https:\/\/i0.wp.com\/noticiasribeiraopreto.com.br\/wp-content\/uploads\/2025\/05\/sindifranca.jpg?fit=760%2C355&ssl=1&resize=350%2C200","width":350,"height":200,"srcset":"https:\/\/i0.wp.com\/noticiasribeiraopreto.com.br\/wp-content\/uploads\/2025\/05\/sindifranca.jpg?fit=760%2C355&ssl=1&resize=350%2C200 1x, https:\/\/i0.wp.com\/noticiasribeiraopreto.com.br\/wp-content\/uploads\/2025\/05\/sindifranca.jpg?fit=760%2C355&ssl=1&resize=525%2C300 1.5x, https:\/\/i0.wp.com\/noticiasribeiraopreto.com.br\/wp-content\/uploads\/2025\/05\/sindifranca.jpg?fit=760%2C355&ssl=1&resize=700%2C400 2x"},"classes":[]},{"id":66762,"url":"https:\/\/noticiasribeiraopreto.com.br\/index.php\/2025\/04\/05\/eleicao-no-sindicato-dos-servidores-municipais-termina-com-renovacao-da-diretoria\/","url_meta":{"origin":70122,"position":1},"title":"Elei\u00e7\u00e3o no Sindicato dos Servidores Municipais termina com renova\u00e7\u00e3o da diretoria","author":"noticiasribeiraopreto.com.br","date":"5 de April de 2025","format":false,"excerpt":"A elei\u00e7\u00e3o do Sindicato dos Servidores P\u00fablicos municipais de Franca terminou com a vit\u00f3ria da Chapa 2, considerada de oposi\u00e7\u00e3o. O resultado significou uma renova\u00e7\u00e3o no atual cen\u00e1rio da entidade, que vinha sendo comandada por um mesmo grupo h\u00e1 mais de 10 anos. O resultado final foi definido na noite\u2026","rel":"","context":"In &quot;Not\u00edcias de Franca-SP&quot;","block_context":{"text":"Not\u00edcias de Franca-SP","link":"https:\/\/noticiasribeiraopreto.com.br\/index.php\/category\/noticias-de-ribeirao-preto-sp-e-regiao-ismael-colosi\/noticias-franca-sp\/"},"img":{"alt_text":"","src":"https:\/\/i0.wp.com\/noticiasribeiraopreto.com.br\/wp-content\/uploads\/2025\/04\/chapa2-2.jpeg?fit=1017%2C1200&ssl=1&resize=350%2C200","width":350,"height":200,"srcset":"https:\/\/i0.wp.com\/noticiasribeiraopreto.com.br\/wp-content\/uploads\/2025\/04\/chapa2-2.jpeg?fit=1017%2C1200&ssl=1&resize=350%2C200 1x, https:\/\/i0.wp.com\/noticiasribeiraopreto.com.br\/wp-content\/uploads\/2025\/04\/chapa2-2.jpeg?fit=1017%2C1200&ssl=1&resize=525%2C300 1.5x, https:\/\/i0.wp.com\/noticiasribeiraopreto.com.br\/wp-content\/uploads\/2025\/04\/chapa2-2.jpeg?fit=1017%2C1200&ssl=1&resize=700%2C400 2x"},"classes":[]},{"id":67874,"url":"https:\/\/noticiasribeiraopreto.com.br\/index.php\/2025\/04\/19\/jornal-da-franca-calcadistas-querem-expandir-marcas-e-mostrar-diferenciais-na-feira-de-gramado\/","url_meta":{"origin":70122,"position":2},"title":"Jornal da Franca &#8211; Cal\u00e7adistas querem expandir marcas e mostrar diferenciais na Feira de Gramado","author":"noticiasribeiraopreto.com.br","date":"19 de April de 2025","format":false,"excerpt":"compartilhar no whatsapp compartilhar no telegram compartilhar no facebook compartilhar no linkedin A serra ga\u00facha, uma das maiores atra\u00e7\u00f5es tur\u00edsticas da Am\u00e9rica Latina, ser\u00e1 o palco para este movimento cal\u00e7adista em maio Para a Ferracini, o segundo semestre vai come\u00e7ar na feira (Foto: Dinarci Borges) Os expositores que v\u00e3o estar\u2026","rel":"","context":"In &quot;Not\u00edcias de Franca-SP&quot;","block_context":{"text":"Not\u00edcias de Franca-SP","link":"https:\/\/noticiasribeiraopreto.com.br\/index.php\/category\/noticias-de-ribeirao-preto-sp-e-regiao-ismael-colosi\/noticias-franca-sp\/"},"img":{"alt_text":"","src":"https:\/\/i0.wp.com\/noticiasribeiraopreto.com.br\/wp-content\/uploads\/2025\/04\/Credito-Dinarci-Borges.jpg?fit=1200%2C779&ssl=1&resize=350%2C200","width":350,"height":200,"srcset":"https:\/\/i0.wp.com\/noticiasribeiraopreto.com.br\/wp-content\/uploads\/2025\/04\/Credito-Dinarci-Borges.jpg?fit=1200%2C779&ssl=1&resize=350%2C200 1x, https:\/\/i0.wp.com\/noticiasribeiraopreto.com.br\/wp-content\/uploads\/2025\/04\/Credito-Dinarci-Borges.jpg?fit=1200%2C779&ssl=1&resize=525%2C300 1.5x, https:\/\/i0.wp.com\/noticiasribeiraopreto.com.br\/wp-content\/uploads\/2025\/04\/Credito-Dinarci-Borges.jpg?fit=1200%2C779&ssl=1&resize=700%2C400 2x, https:\/\/i0.wp.com\/noticiasribeiraopreto.com.br\/wp-content\/uploads\/2025\/04\/Credito-Dinarci-Borges.jpg?fit=1200%2C779&ssl=1&resize=1050%2C600 3x"},"classes":[]},{"id":66641,"url":"https:\/\/noticiasribeiraopreto.com.br\/index.php\/2025\/04\/03\/eleicao-para-o-sindicato-dos-servidores-municipais-termina-neste-dia-3-4-categoria-preve-greve\/","url_meta":{"origin":70122,"position":3},"title":"Elei\u00e7\u00e3o para o Sindicato dos Servidores Municipais termina neste dia 3\/4; categoria prev\u00ea greve","author":"noticiasribeiraopreto.com.br","date":"3 de April de 2025","format":false,"excerpt":"Os quase 5 mil servidores municipais de Franca t\u00eam at\u00e9 este dia 3\/4 para votar na nova diretoria do Sindicato dos Servidores Municipais da cidade. S\u00e3o duas chapas que est\u00e3o concorrendo ao pleito. A Chapa 1 tem como integrantes a atual diretoria, com o nome da servidora Mayara Meletti como\u2026","rel":"","context":"In &quot;Not\u00edcias de Franca-SP&quot;","block_context":{"text":"Not\u00edcias de Franca-SP","link":"https:\/\/noticiasribeiraopreto.com.br\/index.php\/category\/noticias-de-ribeirao-preto-sp-e-regiao-ismael-colosi\/noticias-franca-sp\/"},"img":{"alt_text":"","src":"https:\/\/i0.wp.com\/noticiasribeiraopreto.com.br\/wp-content\/uploads\/2025\/04\/sindicato_servidores_municipais_franca-e1620165895157.jpg?fit=600%2C337&ssl=1&resize=350%2C200","width":350,"height":200,"srcset":"https:\/\/i0.wp.com\/noticiasribeiraopreto.com.br\/wp-content\/uploads\/2025\/04\/sindicato_servidores_municipais_franca-e1620165895157.jpg?fit=600%2C337&ssl=1&resize=350%2C200 1x, https:\/\/i0.wp.com\/noticiasribeiraopreto.com.br\/wp-content\/uploads\/2025\/04\/sindicato_servidores_municipais_franca-e1620165895157.jpg?fit=600%2C337&ssl=1&resize=525%2C300 1.5x"},"classes":[]},{"id":71075,"url":"https:\/\/noticiasribeiraopreto.com.br\/index.php\/2025\/06\/02\/jornal-da-franca-calcadistas-de-franca-recebem-solucoes-da-abicalcados-para-aumentar-competitividade\/","url_meta":{"origin":70122,"position":4},"title":"Jornal da Franca &#8211; Cal\u00e7adistas de Franca recebem solu\u00e7\u00f5es da Abical\u00e7ados para aumentar competitividade","author":"noticiasribeiraopreto.com.br","date":"2 de June de 2025","format":false,"excerpt":"compartilhar no whatsapp compartilhar no telegram compartilhar no facebook compartilhar no linkedin Entidade nacional destaca programas de apoio \u00e0 exporta\u00e7\u00e3o e sustentabilidade Franca, cidade reconhecida nacionalmente como um dos maiores polos cal\u00e7adistas do Brasil, recebeu no \u00faltimo dia 28 de maio o evento Conex\u00e3o Franca Cal\u00e7adista, promovido pelo Sindicato da\u2026","rel":"","context":"In &quot;Not\u00edcias de Franca-SP&quot;","block_context":{"text":"Not\u00edcias de Franca-SP","link":"https:\/\/noticiasribeiraopreto.com.br\/index.php\/category\/noticias-de-ribeirao-preto-sp-e-regiao-ismael-colosi\/noticias-franca-sp\/"},"img":{"alt_text":"","src":"https:\/\/i0.wp.com\/noticiasribeiraopreto.com.br\/wp-content\/uploads\/2025\/06\/WhatsApp-Image-2025-05-30-at-09.57.04.jpeg?fit=1200%2C675&ssl=1&resize=350%2C200","width":350,"height":200,"srcset":"https:\/\/i0.wp.com\/noticiasribeiraopreto.com.br\/wp-content\/uploads\/2025\/06\/WhatsApp-Image-2025-05-30-at-09.57.04.jpeg?fit=1200%2C675&ssl=1&resize=350%2C200 1x, https:\/\/i0.wp.com\/noticiasribeiraopreto.com.br\/wp-content\/uploads\/2025\/06\/WhatsApp-Image-2025-05-30-at-09.57.04.jpeg?fit=1200%2C675&ssl=1&resize=525%2C300 1.5x, https:\/\/i0.wp.com\/noticiasribeiraopreto.com.br\/wp-content\/uploads\/2025\/06\/WhatsApp-Image-2025-05-30-at-09.57.04.jpeg?fit=1200%2C675&ssl=1&resize=700%2C400 2x, https:\/\/i0.wp.com\/noticiasribeiraopreto.com.br\/wp-content\/uploads\/2025\/06\/WhatsApp-Image-2025-05-30-at-09.57.04.jpeg?fit=1200%2C675&ssl=1&resize=1050%2C600 3x"},"classes":[]},{"id":68647,"url":"https:\/\/noticiasribeiraopreto.com.br\/index.php\/2025\/04\/27\/jornal-da-franca-franca-de-olho-bfshow-reunira-todos-polos-e-segmentos-de-calcados-do-brasil-em-maio\/","url_meta":{"origin":70122,"position":5},"title":"Jornal da Franca &#8211; Franca de olho: BFSHOW reunir\u00e1 todos polos e segmentos de cal\u00e7ados do Brasil em maio","author":"noticiasribeiraopreto.com.br","date":"27 de April de 2025","format":false,"excerpt":"compartilhar no whatsapp compartilhar no telegram compartilhar no facebook compartilhar no linkedin Maior feira cal\u00e7adista da Am\u00e9rica Latina espera mais de dez mil visitas e contar\u00e1 com mais de 350 marcas brasileiras A BFSHOW, maior feira cal\u00e7adista da Am\u00e9rica Latina, est\u00e1 se aproximando e promete ser um evento de grande\u2026","rel":"","context":"In &quot;Not\u00edcias de Franca-SP&quot;","block_context":{"text":"Not\u00edcias de Franca-SP","link":"https:\/\/noticiasribeiraopreto.com.br\/index.php\/category\/noticias-de-ribeirao-preto-sp-e-regiao-ismael-colosi\/noticias-franca-sp\/"},"img":{"alt_text":"","src":"https:\/\/i0.wp.com\/noticiasribeiraopreto.com.br\/wp-content\/uploads\/2025\/04\/bfshow.jpg?fit=1200%2C800&ssl=1&resize=350%2C200","width":350,"height":200,"srcset":"https:\/\/i0.wp.com\/noticiasribeiraopreto.com.br\/wp-content\/uploads\/2025\/04\/bfshow.jpg?fit=1200%2C800&ssl=1&resize=350%2C200 1x, https:\/\/i0.wp.com\/noticiasribeiraopreto.com.br\/wp-content\/uploads\/2025\/04\/bfshow.jpg?fit=1200%2C800&ssl=1&resize=525%2C300 1.5x, https:\/\/i0.wp.com\/noticiasribeiraopreto.com.br\/wp-content\/uploads\/2025\/04\/bfshow.jpg?fit=1200%2C800&ssl=1&resize=700%2C400 2x, https:\/\/i0.wp.com\/noticiasribeiraopreto.com.br\/wp-content\/uploads\/2025\/04\/bfshow.jpg?fit=1200%2C800&ssl=1&resize=1050%2C600 3x"},"classes":[]}],"jetpack_sharing_enabled":true,"jetpack_shortlink":"https:\/\/wp.me\/peQAOb-if0","_links":{"self":[{"href":"https:\/\/noticiasribeiraopreto.com.br\/index.php\/wp-json\/wp\/v2\/posts\/70122","targetHints":{"allow":["GET"]}}],"collection":[{"href":"https:\/\/noticiasribeiraopreto.com.br\/index.php\/wp-json\/wp\/v2\/posts"}],"about":[{"href":"https:\/\/noticiasribeiraopreto.com.br\/index.php\/wp-json\/wp\/v2\/types\/post"}],"author":[{"embeddable":true,"href":"https:\/\/noticiasribeiraopreto.com.br\/index.php\/wp-json\/wp\/v2\/users\/1"}],"replies":[{"embeddable":true,"href":"https:\/\/noticiasribeiraopreto.com.br\/index.php\/wp-json\/wp\/v2\/comments?post=70122"}],"version-history":[{"count":0,"href":"https:\/\/noticiasribeiraopreto.com.br\/index.php\/wp-json\/wp\/v2\/posts\/70122\/revisions"}],"wp:featuredmedia":[{"embeddable":true,"href":"https:\/\/noticiasribeiraopreto.com.br\/index.php\/wp-json\/wp\/v2\/media\/70123"}],"wp:attachment":[{"href":"https:\/\/noticiasribeiraopreto.com.br\/index.php\/wp-json\/wp\/v2\/media?parent=70122"}],"wp:term":[{"taxonomy":"category","embeddable":true,"href":"https:\/\/noticiasribeiraopreto.com.br\/index.php\/wp-json\/wp\/v2\/categories?post=70122"},{"taxonomy":"post_tag","embeddable":true,"href":"https:\/\/noticiasribeiraopreto.com.br\/index.php\/wp-json\/wp\/v2\/tags?post=70122"}],"curies":[{"name":"wp","href":"https:\/\/api.w.org\/{rel}","templated":true}]}}