{"id":70124,"date":"2025-05-22T22:15:05","date_gmt":"2025-05-23T01:15:05","guid":{"rendered":"https:\/\/noticiasribeiraopreto.com.br\/index.php\/2025\/05\/22\/irmao-de-ricardo-silva-se-filia-ao-pp\/"},"modified":"2025-05-22T22:15:05","modified_gmt":"2025-05-23T01:15:05","slug":"irmao-de-ricardo-silva-se-filia-ao-pp","status":"publish","type":"post","link":"https:\/\/noticiasribeiraopreto.com.br\/index.php\/2025\/05\/22\/irmao-de-ricardo-silva-se-filia-ao-pp\/","title":{"rendered":"Irm\u00e3o de Ricardo Silva se filia ao PP"},"content":{"rendered":"<div class='code-block code-block-1' style='margin: 8px 0 8px auto; text-align: right; display: block; clear: both;'>\n<p><a href=\"https:\/\/wa.link\/vpicfd\"><img data-recalc-dims=\"1\" class=\"wp-image-4922\" style=\"aspect-ratio: 2.0253164556962027; width: 561px; height: auto;\" src=\"https:\/\/i0.wp.com\/ismaelcolosi.com.br\/wp-content\/uploads\/2023\/11\/grupo-de-empregos-whatsapp-e-facebook-ismael-colosi-vagas.jpg?ssl=1\" alt=\"\" \/><\/a><\/p>\n<!-- \/wp:image -->\n<\/div>\n<p> <br \/>\n<\/p>\n<div id=\"post-426569\">\n<header class=\"entry-header penci-entry-header penci-title-center\">\n<p>\n\t\t\t\t\t\t\t\t\t<span class=\"entry-meta-item penci-posted-on\"><i class=\"fa fa-clock-o\"\/><time class=\"entry-date published updated\" datetime=\"2025-05-22T22:14:08-03:00\">22 de maio de 2025 22:14<\/time><\/span><span class=\"entry-meta-item penci-post-countview\"><span class=\"entry-meta-item penci-post-countview penci_post-meta_item\"><i class=\"fa fa-eye\"\/><span class=\"penci-post-countview-number penci-post-countview-p426569\">6<\/span><\/span><\/span>\t\t\t\t\t\t\t\t<\/p>\n<p><!-- .entry-meta --><br \/>\n\t\t\t\t\t\t\t\t<span class=\"penci-social-buttons penci-social-share-footer\"><span class=\"penci-social-share-text\">Compartilhar<\/span><a href=\"#\" class=\"penci-post-like penci_post-meta_item  single-like-button penci-social-item like\" data-post_id=\"426569\" title=\"Like\" data-like=\"Like\" data-unlike=\"Unlike\"><i class=\"fa fa-thumbs-o-up\"\/><span class=\"penci-share-number\">0<\/span><\/a><i class=\"fa fa-facebook\"\/><a class=\"penci-social-item twitter\" target=\"_blank\" rel=\"noopener\" title=\"\" href=\"https:\/\/twitter.com\/intent\/tweet?text=Irm\u00e3o%20de%20Ricardo%20Silva%20se%20filia%20ao%20PP%20-%20https:\/\/www.tribunaribeirao.com.br\/irmao-de-ricardo-silva-se-filia-ao-pp\/\"><i class=\"fa fa-twitter\"\/><\/a><i class=\"fa fa-linkedin\"\/><i class=\"fa fa-whatsapp\"\/><i class=\"fa fa-telegram\"\/><i class=\"fa fa-envelope\"\/><\/span>\t\t\t\t\t\t\t<\/header>\n<p><!-- .entry-header --><\/p>\n<div class=\"entry-media penci-entry-media\">\n<div class=\"post-format-meta \"><img data-recalc-dims=\"1\" loading=\"lazy\" width=\"960\" height=\"867\" src=\"https:\/\/i0.wp.com\/www.tribunaribeirao.com.br\/wp-content\/uploads\/2025\/05\/silva-960x867.jpeg?resize=960%2C867&#038;ssl=1\" class=\"attachment-penci-thumb-960-auto size-penci-thumb-960-auto wp-post-image\" alt=\"\" decoding=\"async\" srcset=\"https:\/\/www.tribunaribeirao.com.br\/wp-content\/uploads\/2025\/05\/silva-960x867.jpeg 960w, https:\/\/www.tribunaribeirao.com.br\/wp-content\/uploads\/2025\/05\/silva-300x271.jpeg 300w, https:\/\/www.tribunaribeirao.com.br\/wp-content\/uploads\/2025\/05\/silva-1024x925.jpeg 1024w, https:\/\/www.tribunaribeirao.com.br\/wp-content\/uploads\/2025\/05\/silva-768x694.jpeg 768w, https:\/\/www.tribunaribeirao.com.br\/wp-content\/uploads\/2025\/05\/silva-443x400.jpeg 443w, https:\/\/www.tribunaribeirao.com.br\/wp-content\/uploads\/2025\/05\/silva-585x528.jpeg 585w, https:\/\/www.tribunaribeirao.com.br\/wp-content\/uploads\/2025\/05\/silva.jpeg 1220w\" sizes=\"auto, (max-width: 960px) 100vw, 960px\"\/><\/div>\n<\/p><\/div>\n<div class=\"penci-entry-content entry-content\">\n<p>O irm\u00e3o do prefeito de Ribeir\u00e3o Preto, Ricardo Silva (PSD), se filiou nesta quinta-feira, 22 de maio, ao Partido Progressista (PP). O ato de filia\u00e7\u00e3o de Rafael Silva J\u00fanior, aconteceu em S\u00e3o Paulo e teve a presen\u00e7a do prefeito.<\/p>\n<p>J\u00fanior, como \u00e9 conhecido, ingressou na legenda pelas m\u00e3os do Presidente Estadual do PP, o deputado federal, Maur\u00edcio Neves. O prefeito de Ribeir\u00e3o, permanece no PSD, de Gilberto Kassab.<\/p>\n<p>Nesta quinta-feira \u00e1 noite, o prefeito de Ribeir\u00e3o Preto, participa em S\u00e3o Paulo, junto com medalh\u00f5es do PP, da filia\u00e7\u00e3o do Secret\u00e1rio de Seguran\u00e7a Publica do Estado de S\u00e3o Paulo, Guilherme Derrite ao Progressistas que deixou o Partido Liberal (PL).<\/p>\n<\/div>\n<p><!-- .entry-content --><\/p>\n<footer class=\"penci-entry-footer\">\n\t\t\t\t\t\t\t\t<span class=\"penci-social-buttons penci-social-share-footer\"><span class=\"penci-social-share-text\">Compartilhar<\/span><a href=\"#\" class=\"penci-post-like penci_post-meta_item  single-like-button penci-social-item like\" data-post_id=\"426569\" title=\"Like\" data-like=\"Like\" data-unlike=\"Unlike\"><i class=\"fa fa-thumbs-o-up\"\/><span class=\"penci-share-number\">0<\/span><\/a><i class=\"fa fa-facebook\"\/><a class=\"penci-social-item twitter\" target=\"_blank\" rel=\"noopener\" title=\"\" href=\"https:\/\/twitter.com\/intent\/tweet?text=Irm\u00e3o%20de%20Ricardo%20Silva%20se%20filia%20ao%20PP%20-%20https:\/\/www.tribunaribeirao.com.br\/irmao-de-ricardo-silva-se-filia-ao-pp\/\"><i class=\"fa fa-twitter\"\/><\/a><i class=\"fa fa-linkedin\"\/><i class=\"fa fa-whatsapp\"\/><i class=\"fa fa-telegram\"\/><i class=\"fa fa-envelope\"\/><\/span>\t\t\t\t\t\t\t<\/footer>\n<p><!-- .entry-footer -->\n\t\t\t\t\t\t<\/div>\n<p><script async src=\"\/\/platform.twitter.com\/widgets.js\" charset=\"utf-8\"><\/script><br \/>\n<br \/><br \/>\n<br \/><a href=\"https:\/\/www.tribunaribeirao.com.br\/irmao-de-ricardo-silva-se-filia-ao-pp\/\">Source link <\/a><\/p>\n<!-- CONTENT END 1 -->\n","protected":false},"excerpt":{"rendered":"<p>22 de maio de 2025 22:146 Compartilhar0 O irm\u00e3o do prefeito de Ribeir\u00e3o Preto, Ricardo Silva (PSD), se filiou nesta quinta-feira, 22 de maio, ao&#8230;<\/p>\n","protected":false},"author":1,"featured_media":70125,"comment_status":"open","ping_status":"open","sticky":false,"template":"","format":"standard","meta":{"advanced_seo_description":"","jetpack_seo_html_title":"","jetpack_seo_noindex":false,"jetpack_post_was_ever_published":false,"_jetpack_newsletter_access":"","_jetpack_dont_email_post_to_subs":false,"_jetpack_newsletter_tier_id":0,"_jetpack_memberships_contains_paywalled_content":false,"_jetpack_memberships_contains_paid_content":false,"footnotes":"","jetpack_publicize_message":"","jetpack_publicize_feature_enabled":true,"jetpack_social_post_already_shared":true,"jetpack_social_options":{"image_generator_settings":{"template":"highway","default_image_id":0,"font":"","enabled":false},"version":2}},"categories":[11],"tags":[],"class_list":["post-70124","post","type-post","status-publish","format-standard","has-post-thumbnail","hentry","category-noticias-de-ribeirao-preto-sp-e-regiao-ismael-colosi"],"jetpack_publicize_connections":[],"jetpack_featured_media_url":"https:\/\/i0.wp.com\/noticiasribeiraopreto.com.br\/wp-content\/uploads\/2025\/05\/silva.jpeg?fit=1220%2C1102&ssl=1","jetpack-related-posts":[{"id":70262,"url":"https:\/\/noticiasribeiraopreto.com.br\/index.php\/2025\/05\/24\/tabuleiro-eleitoral-ja-tem-rascunho\/","url_meta":{"origin":70124,"position":0},"title":"Tabuleiro eleitoral j\u00e1 tem \u2018rascunho\u2019\u00a0","author":"noticiasribeiraopreto.com.br","date":"24 de May de 2025","format":false,"excerpt":"24 de maio de 2025 10:3023 de maio de 2025 22:459 Compartilhar0 A filia\u00e7\u00e3o de Rafael Silva J\u00fanior ao Partido Progressista sinalizou nos meios pol\u00edticos que ele dever\u00e1 ser candidato a deputado estadual pela legenda, nas elei\u00e7\u00f5es do pr\u00f3ximo ano.\u00a0 Irm\u00e3o do prefeito de Ribeir\u00e3o Preto, Ricardo Silva (PSD), ele\u2026","rel":"","context":"In &quot;Not\u00edcias de Ribeir\u00e3o Preto-SP e Regi\u00e3o&quot;","block_context":{"text":"Not\u00edcias de Ribeir\u00e3o Preto-SP e Regi\u00e3o","link":"https:\/\/noticiasribeiraopreto.com.br\/index.php\/category\/noticias-de-ribeirao-preto-sp-e-regiao-ismael-colosi\/"},"img":{"alt_text":"","src":"https:\/\/i0.wp.com\/noticiasribeiraopreto.com.br\/wp-content\/uploads\/2025\/05\/politica.jpeg?fit=640%2C360&ssl=1&resize=350%2C200","width":350,"height":200,"srcset":"https:\/\/i0.wp.com\/noticiasribeiraopreto.com.br\/wp-content\/uploads\/2025\/05\/politica.jpeg?fit=640%2C360&ssl=1&resize=350%2C200 1x, https:\/\/i0.wp.com\/noticiasribeiraopreto.com.br\/wp-content\/uploads\/2025\/05\/politica.jpeg?fit=640%2C360&ssl=1&resize=525%2C300 1.5x"},"classes":[]},{"id":55043,"url":"https:\/\/noticiasribeiraopreto.com.br\/index.php\/2024\/07\/28\/psd-confirma-ricardo-silva-como-candidato-a-prefeitura-de-ribeirao-preto\/","url_meta":{"origin":70124,"position":1},"title":"PSD confirma Ricardo Silva como candidato \u00e0 Prefeitura de Ribeir\u00e3o Preto","author":"noticiasribeiraopreto.com.br","date":"28 de July de 2024","format":false,"excerpt":"O PSD oficializou o deputado federal Ricardo Silva como candidato \u00e0 Prefeitura de Ribeir\u00e3o Preto. O an\u00fancio aconteceu durante conven\u00e7\u00e3o partid\u00e1ria neste domingo (28) na C\u00e2mara Municipal. O candidato a vice-prefeito ser\u00e1 Alessandro Maraca, do MDB. \u201cFoi lindo ver a C\u00e2mara lotada por quem quer uma Ribeir\u00e3o mais humana, ouvindo\u2026","rel":"","context":"In &quot;Not\u00edcias de Ribeir\u00e3o Preto-SP e Regi\u00e3o&quot;","block_context":{"text":"Not\u00edcias de Ribeir\u00e3o Preto-SP e Regi\u00e3o","link":"https:\/\/noticiasribeiraopreto.com.br\/index.php\/category\/noticias-de-ribeirao-preto-sp-e-regiao-ismael-colosi\/"},"img":{"alt_text":"","src":"https:\/\/i0.wp.com\/noticiasribeiraopreto.com.br\/wp-content\/uploads\/2024\/07\/ricardo-silva-2_2024-07-28_16-57-29_jpeg_2024-07-28_16-57-29.webp.webp?fit=1200%2C800&ssl=1&resize=350%2C200","width":350,"height":200,"srcset":"https:\/\/i0.wp.com\/noticiasribeiraopreto.com.br\/wp-content\/uploads\/2024\/07\/ricardo-silva-2_2024-07-28_16-57-29_jpeg_2024-07-28_16-57-29.webp.webp?fit=1200%2C800&ssl=1&resize=350%2C200 1x, https:\/\/i0.wp.com\/noticiasribeiraopreto.com.br\/wp-content\/uploads\/2024\/07\/ricardo-silva-2_2024-07-28_16-57-29_jpeg_2024-07-28_16-57-29.webp.webp?fit=1200%2C800&ssl=1&resize=525%2C300 1.5x, https:\/\/i0.wp.com\/noticiasribeiraopreto.com.br\/wp-content\/uploads\/2024\/07\/ricardo-silva-2_2024-07-28_16-57-29_jpeg_2024-07-28_16-57-29.webp.webp?fit=1200%2C800&ssl=1&resize=700%2C400 2x, https:\/\/i0.wp.com\/noticiasribeiraopreto.com.br\/wp-content\/uploads\/2024\/07\/ricardo-silva-2_2024-07-28_16-57-29_jpeg_2024-07-28_16-57-29.webp.webp?fit=1200%2C800&ssl=1&resize=1050%2C600 3x"},"classes":[]},{"id":74405,"url":"https:\/\/noticiasribeiraopreto.com.br\/index.php\/2025\/07\/22\/pontes-entre-as-regioes-leste-e-sul-de-ribeirao-preto-ganham-data-de-inauguracao\/","url_meta":{"origin":70124,"position":2},"title":"Pontes entre as regi\u00f5es Leste e Sul de Ribeir\u00e3o Preto ganham data de inaugura\u00e7\u00e3o","author":"noticiasribeiraopreto.com.br","date":"22 de July de 2025","format":false,"excerpt":"O prefeito de Ribeir\u00e3o Preto, Ricardo Silva (PSD), anunciou que as duas pontes que v\u00e3o ligar as avenidas Le\u00e3o XIII e Carlos Consoni ser\u00e3o inauguradas no pr\u00f3ximo s\u00e1bado (26). A obra custou R$ 8,3 milh\u00f5es e foi realizada pela empresa Autem Engenharia Ltda. As pontes conectam as regi\u00f5es Leste e\u2026","rel":"","context":"In &quot;Not\u00edcias de Ribeir\u00e3o Preto-SP e Regi\u00e3o&quot;","block_context":{"text":"Not\u00edcias de Ribeir\u00e3o Preto-SP e Regi\u00e3o","link":"https:\/\/noticiasribeiraopreto.com.br\/index.php\/category\/noticias-de-ribeirao-preto-sp-e-regiao-ismael-colosi\/"},"img":{"alt_text":"","src":"https:\/\/i0.wp.com\/noticiasribeiraopreto.com.br\/wp-content\/uploads\/2025\/07\/novas-pontes_2025-07-22_14-54-01.webp.webp?fit=1200%2C755&ssl=1&resize=350%2C200","width":350,"height":200,"srcset":"https:\/\/i0.wp.com\/noticiasribeiraopreto.com.br\/wp-content\/uploads\/2025\/07\/novas-pontes_2025-07-22_14-54-01.webp.webp?fit=1200%2C755&ssl=1&resize=350%2C200 1x, https:\/\/i0.wp.com\/noticiasribeiraopreto.com.br\/wp-content\/uploads\/2025\/07\/novas-pontes_2025-07-22_14-54-01.webp.webp?fit=1200%2C755&ssl=1&resize=525%2C300 1.5x, https:\/\/i0.wp.com\/noticiasribeiraopreto.com.br\/wp-content\/uploads\/2025\/07\/novas-pontes_2025-07-22_14-54-01.webp.webp?fit=1200%2C755&ssl=1&resize=700%2C400 2x, https:\/\/i0.wp.com\/noticiasribeiraopreto.com.br\/wp-content\/uploads\/2025\/07\/novas-pontes_2025-07-22_14-54-01.webp.webp?fit=1200%2C755&ssl=1&resize=1050%2C600 3x"},"classes":[]},{"id":61667,"url":"https:\/\/noticiasribeiraopreto.com.br\/index.php\/2024\/12\/18\/ricardo-silva-e-vereadores-eleitos-em-ribeirao-preto-sao-diplomados\/","url_meta":{"origin":70124,"position":3},"title":"Ricardo Silva e vereadores eleitos em Ribeir\u00e3o Preto s\u00e3o diplomados","author":"noticiasribeiraopreto.com.br","date":"18 de December de 2024","format":false,"excerpt":"Aconteceu nesta quarta-feira (18), a diploma\u00e7\u00e3o do prefeito, Ricardo Silva (PSD), do vice-prefeito, Alessandro Maraca (MDB), e dos 22 vereadores eleitos em Ribeir\u00e3o Preto para gest\u00e3o de 2025 a 2028. O ato pelo qual a Justi\u00e7a Eleitoral atesta que o candidato foi efetivamente eleito e est\u00e1 apto a tomar posse\u2026","rel":"","context":"In &quot;Not\u00edcias de Ribeir\u00e3o Preto-SP e Regi\u00e3o&quot;","block_context":{"text":"Not\u00edcias de Ribeir\u00e3o Preto-SP e Regi\u00e3o","link":"https:\/\/noticiasribeiraopreto.com.br\/index.php\/category\/noticias-de-ribeirao-preto-sp-e-regiao-ismael-colosi\/"},"img":{"alt_text":"","src":"https:\/\/i0.wp.com\/noticiasribeiraopreto.com.br\/wp-content\/uploads\/2024\/12\/img20241217180758921_2024-12-18_19-39-59_jpg_2024-12-18_19-40-00.webp.webp?fit=1200%2C740&ssl=1&resize=350%2C200","width":350,"height":200,"srcset":"https:\/\/i0.wp.com\/noticiasribeiraopreto.com.br\/wp-content\/uploads\/2024\/12\/img20241217180758921_2024-12-18_19-39-59_jpg_2024-12-18_19-40-00.webp.webp?fit=1200%2C740&ssl=1&resize=350%2C200 1x, https:\/\/i0.wp.com\/noticiasribeiraopreto.com.br\/wp-content\/uploads\/2024\/12\/img20241217180758921_2024-12-18_19-39-59_jpg_2024-12-18_19-40-00.webp.webp?fit=1200%2C740&ssl=1&resize=525%2C300 1.5x, https:\/\/i0.wp.com\/noticiasribeiraopreto.com.br\/wp-content\/uploads\/2024\/12\/img20241217180758921_2024-12-18_19-39-59_jpg_2024-12-18_19-40-00.webp.webp?fit=1200%2C740&ssl=1&resize=700%2C400 2x, https:\/\/i0.wp.com\/noticiasribeiraopreto.com.br\/wp-content\/uploads\/2024\/12\/img20241217180758921_2024-12-18_19-39-59_jpg_2024-12-18_19-40-00.webp.webp?fit=1200%2C740&ssl=1&resize=1050%2C600 3x"},"classes":[]},{"id":72997,"url":"https:\/\/noticiasribeiraopreto.com.br\/index.php\/2025\/06\/23\/nogueira-se-filia-ao-psd-de-kassab\/","url_meta":{"origin":70124,"position":4},"title":"Nogueira se filia ao PSD de Kassab","author":"noticiasribeiraopreto.com.br","date":"23 de June de 2025","format":false,"excerpt":"O ex-prefeito de Ribeir\u00e3o Preto, Duarte Nogueira, se filia na pr\u00f3xima sexta-feira, dia 27 de junho, ao PSD, de Gilberto Kassab. A cerim\u00f4nia de filia\u00e7\u00e3o acontecer\u00e1 \u00e0s 12h, na sede estadual do partido, localizada no edif\u00edcio Joelma, no bairro Bela Vista.\u00a0 Nesta segunda-feira, o ex-prefeito de Ribeir\u00e3o Preto, Duarte Nogueira,\u2026","rel":"","context":"In &quot;Not\u00edcias de Ribeir\u00e3o Preto-SP e Regi\u00e3o&quot;","block_context":{"text":"Not\u00edcias de Ribeir\u00e3o Preto-SP e Regi\u00e3o","link":"https:\/\/noticiasribeiraopreto.com.br\/index.php\/category\/noticias-de-ribeirao-preto-sp-e-regiao-ismael-colosi\/"},"img":{"alt_text":"","src":"https:\/\/i0.wp.com\/noticiasribeiraopreto.com.br\/wp-content\/uploads\/2025\/06\/duartenogueira-scaled-1.jpg?fit=1000%2C596&ssl=1&resize=350%2C200","width":350,"height":200,"srcset":"https:\/\/i0.wp.com\/noticiasribeiraopreto.com.br\/wp-content\/uploads\/2025\/06\/duartenogueira-scaled-1.jpg?fit=1000%2C596&ssl=1&resize=350%2C200 1x, https:\/\/i0.wp.com\/noticiasribeiraopreto.com.br\/wp-content\/uploads\/2025\/06\/duartenogueira-scaled-1.jpg?fit=1000%2C596&ssl=1&resize=525%2C300 1.5x, https:\/\/i0.wp.com\/noticiasribeiraopreto.com.br\/wp-content\/uploads\/2025\/06\/duartenogueira-scaled-1.jpg?fit=1000%2C596&ssl=1&resize=700%2C400 2x"},"classes":[]},{"id":65650,"url":"https:\/\/noticiasribeiraopreto.com.br\/index.php\/2025\/03\/22\/professor-da-usp-ribeirao-preto-e-eleito-vice-coordenador-em-odontologia-legal-da-interpol\/","url_meta":{"origin":70124,"position":5},"title":"Professor da USP Ribeir\u00e3o Preto \u00e9 eleito vice-coordenador em Odontologia Legal da Interpol","author":"noticiasribeiraopreto.com.br","date":"22 de March de 2025","format":false,"excerpt":"O professor e doutor Ricardo Henrique Alves da Silva, da Faculdade de Odontologia de Ribeir\u00e3o Preto (FORP) da USP, foi eleito vice-coordenador do Grupo de Odontologia Legal da Interpol. Segundo a FORP, esta \u00e9 a primeira vez na hist\u00f3ria que um profissional brasileiro e latino-americano alcan\u00e7a a posi\u00e7\u00e3o na Organiza\u00e7\u00e3o\u2026","rel":"","context":"In &quot;Not\u00edcias de Ribeir\u00e3o Preto-SP e Regi\u00e3o&quot;","block_context":{"text":"Not\u00edcias de Ribeir\u00e3o Preto-SP e Regi\u00e3o","link":"https:\/\/noticiasribeiraopreto.com.br\/index.php\/category\/noticias-de-ribeirao-preto-sp-e-regiao-ismael-colosi\/"},"img":{"alt_text":"","src":"https:\/\/i0.wp.com\/noticiasribeiraopreto.com.br\/wp-content\/uploads\/2025\/03\/PROFESSOR_2025-03-22_19-33-41_jpg_2025-03-22_19-33-41.webp.webp?fit=1200%2C836&ssl=1&resize=350%2C200","width":350,"height":200,"srcset":"https:\/\/i0.wp.com\/noticiasribeiraopreto.com.br\/wp-content\/uploads\/2025\/03\/PROFESSOR_2025-03-22_19-33-41_jpg_2025-03-22_19-33-41.webp.webp?fit=1200%2C836&ssl=1&resize=350%2C200 1x, https:\/\/i0.wp.com\/noticiasribeiraopreto.com.br\/wp-content\/uploads\/2025\/03\/PROFESSOR_2025-03-22_19-33-41_jpg_2025-03-22_19-33-41.webp.webp?fit=1200%2C836&ssl=1&resize=525%2C300 1.5x, https:\/\/i0.wp.com\/noticiasribeiraopreto.com.br\/wp-content\/uploads\/2025\/03\/PROFESSOR_2025-03-22_19-33-41_jpg_2025-03-22_19-33-41.webp.webp?fit=1200%2C836&ssl=1&resize=700%2C400 2x, https:\/\/i0.wp.com\/noticiasribeiraopreto.com.br\/wp-content\/uploads\/2025\/03\/PROFESSOR_2025-03-22_19-33-41_jpg_2025-03-22_19-33-41.webp.webp?fit=1200%2C836&ssl=1&resize=1050%2C600 3x"},"classes":[]}],"jetpack_sharing_enabled":true,"jetpack_shortlink":"https:\/\/wp.me\/peQAOb-if2","_links":{"self":[{"href":"https:\/\/noticiasribeiraopreto.com.br\/index.php\/wp-json\/wp\/v2\/posts\/70124","targetHints":{"allow":["GET"]}}],"collection":[{"href":"https:\/\/noticiasribeiraopreto.com.br\/index.php\/wp-json\/wp\/v2\/posts"}],"about":[{"href":"https:\/\/noticiasribeiraopreto.com.br\/index.php\/wp-json\/wp\/v2\/types\/post"}],"author":[{"embeddable":true,"href":"https:\/\/noticiasribeiraopreto.com.br\/index.php\/wp-json\/wp\/v2\/users\/1"}],"replies":[{"embeddable":true,"href":"https:\/\/noticiasribeiraopreto.com.br\/index.php\/wp-json\/wp\/v2\/comments?post=70124"}],"version-history":[{"count":0,"href":"https:\/\/noticiasribeiraopreto.com.br\/index.php\/wp-json\/wp\/v2\/posts\/70124\/revisions"}],"wp:featuredmedia":[{"embeddable":true,"href":"https:\/\/noticiasribeiraopreto.com.br\/index.php\/wp-json\/wp\/v2\/media\/70125"}],"wp:attachment":[{"href":"https:\/\/noticiasribeiraopreto.com.br\/index.php\/wp-json\/wp\/v2\/media?parent=70124"}],"wp:term":[{"taxonomy":"category","embeddable":true,"href":"https:\/\/noticiasribeiraopreto.com.br\/index.php\/wp-json\/wp\/v2\/categories?post=70124"},{"taxonomy":"post_tag","embeddable":true,"href":"https:\/\/noticiasribeiraopreto.com.br\/index.php\/wp-json\/wp\/v2\/tags?post=70124"}],"curies":[{"name":"wp","href":"https:\/\/api.w.org\/{rel}","templated":true}]}}