{"id":70126,"date":"2025-05-22T22:44:54","date_gmt":"2025-05-23T01:44:54","guid":{"rendered":"https:\/\/noticiasribeiraopreto.com.br\/index.php\/2025\/05\/22\/jornal-da-franca-entenda-o-que-e-pneumonia-silenciosa-que-tem-alertado-autoridades-de-saude\/"},"modified":"2025-05-22T22:44:54","modified_gmt":"2025-05-23T01:44:54","slug":"jornal-da-franca-entenda-o-que-e-pneumonia-silenciosa-que-tem-alertado-autoridades-de-saude","status":"publish","type":"post","link":"https:\/\/noticiasribeiraopreto.com.br\/index.php\/2025\/05\/22\/jornal-da-franca-entenda-o-que-e-pneumonia-silenciosa-que-tem-alertado-autoridades-de-saude\/","title":{"rendered":"Jornal da Franca &#8211; Entenda o que \u00e9 pneumonia silenciosa, que tem alertado autoridades de sa\u00fade"},"content":{"rendered":"<p> <br \/>\n<\/p>\n<div>\n\t                            <a class=\"mb-1\" href=\"https:\/\/api.whatsapp.com\/send?text=Olha essa Not\u00edcia no Jornal da Franca.%0D%0D*Entenda o que \u00e9 pneumonia silenciosa, que tem alertado autoridades de sa\u00fade*%0D%0Dclique na url abaixo%0Dhttps:\/\/www.jornaldafranca.com.br\/entenda-o-que-e-pneumonia-silenciosa-que-tem-alertado-autoridades-de-saude\/\" target=\"_blank\"><span class=\"text-12 badge badge-pill badge-success\"><i class=\"fa fa-whatsapp\"\/> compartilhar no whatsapp<\/span><\/a><\/p>\n<p>\t                            <a class=\"mb-1\" href=\"https:\/\/telegram.me\/share\/url?url=https:\/\/www.jornaldafranca.com.br\/entenda-o-que-e-pneumonia-silenciosa-que-tem-alertado-autoridades-de-saude\/&amp;text=Olha essa Not\u00edcia no Jornal da Franca.\" target=\"_blank\"><span class=\"text-12 badge badge-pill badge-info\"><i class=\"fa fa-telegram\"\/> compartilhar no telegram<\/span><\/a><\/p>\n<p>\t                            <a class=\"mb-1\" href=\"https:\/\/www.facebook.com\/sharer\/sharer.php?u=https:\/\/www.jornaldafranca.com.br\/entenda-o-que-e-pneumonia-silenciosa-que-tem-alertado-autoridades-de-saude\/\" target=\"_blank\"><span class=\"text-12 badge badge-pill badge-primary\"><i class=\"fa fa-facebook\"\/> compartilhar no facebook<\/span><\/a><\/p>\n<p>\t                            <a class=\"mb-1\" href=\"https:\/\/www.linkedin.com\/shareArticle?mini=true&amp;url=https:\/\/www.jornaldafranca.com.br\/entenda-o-que-e-pneumonia-silenciosa-que-tem-alertado-autoridades-de-saude\/&amp;title=Entenda o que \u00e9 pneumonia silenciosa, que tem alertado autoridades de sa\u00fade&amp;source=JORNAL DA FRANCA\" target=\"_blank\"><span class=\"text-12 badge badge-pill badge-secondary\"><i class=\"fa fa-linkedin\"\/> compartilhar no linkedin<\/span><\/a><\/p>\n<div class=\"lead text-20\">\n<p>Casos de pneumonia aumentam no pa\u00eds, especialmente no estado de S\u00e3o Paulo, e despertam alerta por sintomas discretos que dificultam o diagn\u00f3stico precoce<\/p>\n<\/p><\/div>\n<p><img data-recalc-dims=\"1\" decoding=\"async\" src=\"https:\/\/i0.wp.com\/www.jornaldafranca.com.br\/wp-content\/uploads\/2025\/05\/pneumonia-scaled.jpg?ssl=1\" alt=\"\"\/><\/p>\n<h6>Casos de pneumonia \u201csilenciosa\u201d aumentam e preocupam m\u00e9dicos e pais \u2013 foto Freepik<\/h6>\n<p>\u00a0<\/p>\n<p>Um tipo de pneumonia conhecida como \u201csilenciosa\u201d tem gerado preocupa\u00e7\u00e3o entre m\u00e9dicos e pais.<\/p>\n<p>Embora menos percept\u00edvel nos primeiros sintomas, essa forma da doen\u00e7a \u2014 tamb\u00e9m chamada de pneumonia assintom\u00e1tica, at\u00edpica ou subcl\u00ednica \u2014 pode levar a complica\u00e7\u00f5es graves se n\u00e3o for diagnosticada e tratada corretamente.<\/p>\n<p>Ao contr\u00e1rio da pneumonia \u201ct\u00edpica\u201d, causada pela bact\u00e9ria Streptococcus pneumoniae, que provoca sintomas cl\u00e1ssicos como febre alta, tosse intensa e dor no peito, a vers\u00e3o silenciosa costuma se desenvolver de forma mais discreta.<\/p>\n<p>Em geral, os sinais aparecem apenas nos est\u00e1gios mais avan\u00e7ados da infec\u00e7\u00e3o, aumentando o risco de hospitaliza\u00e7\u00e3o, especialmente entre crian\u00e7as.<\/p>\n<p>Da\u00ed a import\u00e2ncia de pais e respons\u00e1veis ficarem atentos a alguns sinais associados a infec\u00e7\u00f5es pulmonares.<\/p>\n<p>Merecem aten\u00e7\u00e3o dificuldade para comer, falta de disposi\u00e7\u00e3o para realizar atividades cotidianas, chiado no peito, costela retra\u00edda, pouca vontade de fazer xixi e epis\u00f3dios de febre baixa.<\/p>\n<p>Microrganismos como Mycoplasma sp., Chlamydophila sp. e alguns v\u00edrus respirat\u00f3rios \u2014 incluindo os da influenza e o coronav\u00edrus Sars-CoV-2, causador da Covid-19 \u2014 est\u00e3o entre os principais causadores desse tipo de pneumonia.<\/p>\n<p>\u201cDado que a patologia \u00e9 a mesma, n\u00e3o podemos falar que a pneumonia silenciosa \u00e9 uma doen\u00e7a diferente da pneumonia t\u00edpica\u201d, explica a pneumologista Marcela Costa Ximenes, da Sociedade Brasileira de Pneumologia e Tisiologia (SBPT). \u201cN\u00e3o se trata nem de uma variante nova\u201d, acrescenta.<\/p>\n<p>Apesar de n\u00e3o ser uma doen\u00e7a de notifica\u00e7\u00e3o obrigat\u00f3ria no Brasil e da escassez de exames que identifiquem com precis\u00e3o o agente causador da infec\u00e7\u00e3o, a pneumonia ainda representa um desafio significativo para o sistema de sa\u00fade, sobretudo no que diz respeito aos quadros at\u00edpicos.<\/p>\n<p>A falta de dados espec\u00edficos sobre esses casos limita a compreens\u00e3o da real dimens\u00e3o do problema.<\/p>\n<p>Em 2024, houve um aumento de 5% no n\u00famero total de interna\u00e7\u00f5es por pneumonia no sistema p\u00fablico de sa\u00fade brasileiro em rela\u00e7\u00e3o ao ano anterior \u2014 foram 701 mil pacientes internados, contra 666,9 mil em 2023, segundo o DataSUS.<\/p>\n<p>Ainda mais preocupante \u00e9 o crescimento de 12% no n\u00famero de mortes pela doen\u00e7a: 73.813 \u00f3bitos em 2024 ante 65.846 no ano anterior.<\/p>\n<p>O estado de S\u00e3o Paulo registrou crescimento acima da m\u00e9dia nacional tanto nas interna\u00e7\u00f5es quanto nos \u00f3bitos. Munic\u00edpios paulistas tamb\u00e9m relataram um aumento de casos de pneumonia sem febre, o que levanta alerta para formas at\u00edpicas da infec\u00e7\u00e3o que podem dificultar o diagn\u00f3stico precoce.<\/p>\n<p>Esses n\u00fameros refor\u00e7am a necessidade de vigil\u00e2ncia epidemiol\u00f3gica mais detalhada e de maior aten\u00e7\u00e3o \u00e0s manifesta\u00e7\u00f5es menos comuns da doen\u00e7a.<\/p>\n<p>A pedido da Ag\u00eancia Einstein, a Secretaria de Estado da Sa\u00fade de S\u00e3o Paulo levantou que, sem distin\u00e7\u00e3o das pneumonias t\u00edpicas e at\u00edpicas, as interna\u00e7\u00f5es aumentaram em 6,7%. J\u00e1 as mortes saltaram quase 13% entre 2023 e 2024: de 23.084 para 25.983.<\/p>\n<p><strong>Motivos por tr\u00e1s do surto atual<\/strong><\/p>\n<p>Para o pneumopediatra Luiz Vicente Ribeiro, do Hospital Israelita Albert Einstein, o surto atual de pneumonia silenciosa deriva, sobretudo, da circula\u00e7\u00e3o de duas bact\u00e9rias: Mycoplasma sp. e Chlamydophila sp.<\/p>\n<p>Antes da pandemia de Covid-19, acreditava-se que elas tinham uma sazonalidade de dois a tr\u00eas anos, mas isso parece ter mudado.<\/p>\n<p>\u201cAs pneumonias nas crian\u00e7as sempre foram algo muito comum. Mas, \u00e0 medida que esses jovens foram afastados das escolas para os proteger do coronav\u00edrus, isso levou a uma redu\u00e7\u00e3o dram\u00e1tica na frequ\u00eancia de infec\u00e7\u00f5es respirat\u00f3rias como um todo\u201d, lembra Ribeiro.<\/p>\n<p>A diminui\u00e7\u00e3o na circula\u00e7\u00e3o desses microrganismos impediu que as crian\u00e7as desenvolvessem imunidade contra eles.<\/p>\n<p>Com a retomada da vida normal, a popula\u00e7\u00e3o acabou se tornando mais suscet\u00edvel a tais infec\u00e7\u00f5es.<\/p>\n<p>\u201cDe volta \u00e0s escolas, muitas crian\u00e7as precisaram lidar com ambientes lotados de v\u00edrus e bact\u00e9rias com os quais elas n\u00e3o haviam criado resist\u00eancia ap\u00f3s anos em casa\u201d, explica o m\u00e9dico.<\/p>\n<p>Para ele, a tend\u00eancia \u00e9 que esse fen\u00f4meno continue at\u00e9 que a popula\u00e7\u00e3o volte a ter imunidade contra esses agentes infecciosos.<\/p>\n<p>At\u00e9 l\u00e1, \u00e9 poss\u00edvel que os surtos de doen\u00e7as at\u00edpicas, como a pr\u00f3pria pneumonia silenciosa, aconte\u00e7am de maneira mais frequente e perdurem por mais tempo \u2013 todos os meses do outono e do inverno, por exemplo.<\/p>\n<p><strong>Diagn\u00f3stico e tratamento<\/strong><\/p>\n<p>O diagn\u00f3stico da pneumonia silenciosa \u00e9 semelhante ao de uma pneumonia t\u00edpica. Normalmente, \u00e9 feita uma avalia\u00e7\u00e3o cl\u00ednica com anamnese, exame de ausculta dos ru\u00eddos e radiografia do t\u00f3rax.<\/p>\n<p>Em alguns casos, \u00e9 indicada uma an\u00e1lise de material coletado nas vias respirat\u00f3rias por meios de exames como o de prote\u00edna C-reativa (PCR).<\/p>\n<p>Essa investiga\u00e7\u00e3o \u00e9 capaz de identificar uma boa quantidade de v\u00edrus e bact\u00e9rias respirat\u00f3rias, mas como seu resultado n\u00e3o altera a abordagem de tratamento, ele costuma ser deixado de lado.<\/p>\n<p>A partir do diagn\u00f3stico, o tratamento \u00e9 baseado na hist\u00f3ria cl\u00ednica do paciente, com uma abordagem que pode propor o uso de diferentes medicamentos.<\/p>\n<p>Nos cuidados com pneumonias t\u00edpicas, a recomenda\u00e7\u00e3o em geral \u00e9 usar antibi\u00f3ticos comuns, como a penicilina.<\/p>\n<p>Contudo, essa classe de medicamentos n\u00e3o \u00e9 efetiva no combate \u00e0 Mycoplasma sp., que est\u00e1 por tr\u00e1s de muitos casos at\u00edpicos (ou silenciosos).<\/p>\n<p>A demora na busca por atendimento m\u00e9dico pode aumentar significativamente o risco de complica\u00e7\u00f5es graves \u00e0 sa\u00fade.<\/p>\n<p>Entre os problemas est\u00e3o insufici\u00eancia renal, pulmonar ou card\u00edaca, acidente vascular cerebral (derrame), necessidade de entubamento com ventila\u00e7\u00e3o mec\u00e2nica, sepse, di\u00e1lise e at\u00e9 mesmo encefalite.<\/p>\n<p>Fonte: <em><strong>CNN<\/strong><\/em><\/p>\n<p><!-- CONTENT END 1 --><\/p>\n<hr\/><\/div>\n<p><br \/>\n<br \/><a href=\"https:\/\/www.jornaldafranca.com.br\/entenda-o-que-e-pneumonia-silenciosa-que-tem-alertado-autoridades-de-saude\/\">Source link <\/a><\/p>\n","protected":false},"excerpt":{"rendered":"<p>compartilhar no whatsapp compartilhar no telegram compartilhar no facebook compartilhar no linkedin Casos de pneumonia aumentam no pa\u00eds, especialmente no estado de S\u00e3o Paulo, e&#8230;<\/p>\n","protected":false},"author":1,"featured_media":70127,"comment_status":"open","ping_status":"open","sticky":false,"template":"","format":"standard","meta":{"advanced_seo_description":"","jetpack_seo_html_title":"","jetpack_seo_noindex":false,"jetpack_post_was_ever_published":false,"_jetpack_newsletter_access":"","_jetpack_dont_email_post_to_subs":false,"_jetpack_newsletter_tier_id":0,"_jetpack_memberships_contains_paywalled_content":false,"_jetpack_memberships_contains_paid_content":false,"footnotes":"","jetpack_publicize_message":"","jetpack_publicize_feature_enabled":true,"jetpack_social_post_already_shared":true,"jetpack_social_options":{"image_generator_settings":{"template":"highway","default_image_id":0,"font":"","enabled":false},"version":2}},"categories":[3597],"tags":[],"class_list":["post-70126","post","type-post","status-publish","format-standard","has-post-thumbnail","hentry","category-noticias-franca-sp"],"jetpack_publicize_connections":[],"jetpack_featured_media_url":"https:\/\/i0.wp.com\/noticiasribeiraopreto.com.br\/wp-content\/uploads\/2025\/05\/pneumonia-scaled.jpg?fit=2560%2C1703&ssl=1","jetpack-related-posts":[{"id":73017,"url":"https:\/\/noticiasribeiraopreto.com.br\/index.php\/2025\/06\/24\/jornal-da-franca-clima-sera-de-frio-porem-agradavel-e-fresco-em-franca-nesta-terca-deve-chover\/","url_meta":{"origin":70126,"position":0},"title":"Jornal da Franca &#8211; Clima ser\u00e1 de frio, por\u00e9m agrad\u00e1vel e fresco em Franca nesta ter\u00e7a: deve chover","author":"noticiasribeiraopreto.com.br","date":"24 de June de 2025","format":false,"excerpt":"compartilhar no whatsapp compartilhar no telegram compartilhar no facebook compartilhar no linkedin Cidade tem previs\u00e3o de chuva de at\u00e9 12 mil\u00edmetros A previs\u00e3o do tempo para Franca indica um dia agrad\u00e1vel, com temperatura m\u00ednima de 5\u00b0C e m\u00e1xima de 22\u00b0C. H\u00e1 grande possibilidade de chuva, com volume de at\u00e9 12\u2026","rel":"","context":"In &quot;Not\u00edcias de Franca-SP&quot;","block_context":{"text":"Not\u00edcias de Franca-SP","link":"https:\/\/noticiasribeiraopreto.com.br\/index.php\/category\/noticias-de-ribeirao-preto-sp-e-regiao-ismael-colosi\/noticias-franca-sp\/"},"img":{"alt_text":"","src":"https:\/\/i0.wp.com\/noticiasribeiraopreto.com.br\/wp-content\/uploads\/2025\/06\/1750758766_Franca.jpeg?fit=1200%2C806&ssl=1&resize=350%2C200","width":350,"height":200,"srcset":"https:\/\/i0.wp.com\/noticiasribeiraopreto.com.br\/wp-content\/uploads\/2025\/06\/1750758766_Franca.jpeg?fit=1200%2C806&ssl=1&resize=350%2C200 1x, https:\/\/i0.wp.com\/noticiasribeiraopreto.com.br\/wp-content\/uploads\/2025\/06\/1750758766_Franca.jpeg?fit=1200%2C806&ssl=1&resize=525%2C300 1.5x, https:\/\/i0.wp.com\/noticiasribeiraopreto.com.br\/wp-content\/uploads\/2025\/06\/1750758766_Franca.jpeg?fit=1200%2C806&ssl=1&resize=700%2C400 2x, https:\/\/i0.wp.com\/noticiasribeiraopreto.com.br\/wp-content\/uploads\/2025\/06\/1750758766_Franca.jpeg?fit=1200%2C806&ssl=1&resize=1050%2C600 3x"},"classes":[]},{"id":69340,"url":"https:\/\/noticiasribeiraopreto.com.br\/index.php\/2025\/05\/05\/jornal-da-franca-implantacao-de-escola-civico-militar-em-franca-e-tema-de-debates-na-camara-municipal\/","url_meta":{"origin":70126,"position":1},"title":"Jornal da Franca &#8211; Implanta\u00e7\u00e3o de escola c\u00edvico-militar em Franca \u00e9 tema de debates na C\u00e2mara Municipal","author":"noticiasribeiraopreto.com.br","date":"5 de May de 2025","format":false,"excerpt":"compartilhar no whatsapp compartilhar no telegram compartilhar no facebook compartilhar no linkedin Mun\u00edcipe agradece apoio de vereadores e parlamentares para que Franca fosse contemplada com o modelo educacional A implanta\u00e7\u00e3o do Programa das Escolas C\u00edvico-Militares em Franca, pauta defendida pela direita, foi tema abordado durante a sess\u00e3o ordin\u00e1ria da C\u00e2mara\u2026","rel":"","context":"In &quot;Not\u00edcias de Franca-SP&quot;","block_context":{"text":"Not\u00edcias de Franca-SP","link":"https:\/\/noticiasribeiraopreto.com.br\/index.php\/category\/noticias-de-ribeirao-preto-sp-e-regiao-ismael-colosi\/noticias-franca-sp\/"},"img":{"alt_text":"","src":"https:\/\/i0.wp.com\/noticiasribeiraopreto.com.br\/wp-content\/uploads\/2025\/05\/1746449336_plenariodiagonal_0.jpg?fit=930%2C558&ssl=1&resize=350%2C200","width":350,"height":200,"srcset":"https:\/\/i0.wp.com\/noticiasribeiraopreto.com.br\/wp-content\/uploads\/2025\/05\/1746449336_plenariodiagonal_0.jpg?fit=930%2C558&ssl=1&resize=350%2C200 1x, https:\/\/i0.wp.com\/noticiasribeiraopreto.com.br\/wp-content\/uploads\/2025\/05\/1746449336_plenariodiagonal_0.jpg?fit=930%2C558&ssl=1&resize=525%2C300 1.5x, https:\/\/i0.wp.com\/noticiasribeiraopreto.com.br\/wp-content\/uploads\/2025\/05\/1746449336_plenariodiagonal_0.jpg?fit=930%2C558&ssl=1&resize=700%2C400 2x"},"classes":[]},{"id":69220,"url":"https:\/\/noticiasribeiraopreto.com.br\/index.php\/2025\/05\/03\/jornal-da-franca-socorristas-que-salvaram-crianca-em-franca-recebem-mocao-de-aplausos-da-camara\/","url_meta":{"origin":70126,"position":2},"title":"Jornal da Franca &#8211; Socorristas que salvaram crian\u00e7a em Franca\u00a0recebem Mo\u00e7\u00e3o de Aplausos da C\u00e2mara","author":"noticiasribeiraopreto.com.br","date":"3 de May de 2025","format":false,"excerpt":"compartilhar no whatsapp compartilhar no telegram compartilhar no facebook compartilhar no linkedin Mo\u00e7\u00e3o reconhece trabalho de equipe de sa\u00fade que atuou no salvamento de beb\u00ea A C\u00e2mara aprovou a Mo\u00e7\u00e3o de Aplausos n\u00ba 41 de 2025, de autoria do vereador Walker Bombeiro da Libras, para a equipe de sa\u00fade da\u2026","rel":"","context":"In &quot;Not\u00edcias de Franca-SP&quot;","block_context":{"text":"Not\u00edcias de Franca-SP","link":"https:\/\/noticiasribeiraopreto.com.br\/index.php\/category\/noticias-de-ribeirao-preto-sp-e-regiao-ismael-colosi\/noticias-franca-sp\/"},"img":{"alt_text":"","src":"https:\/\/i0.wp.com\/noticiasribeiraopreto.com.br\/wp-content\/uploads\/2025\/05\/mocaoravi17sessao.jpg?fit=1000%2C562&ssl=1&resize=350%2C200","width":350,"height":200,"srcset":"https:\/\/i0.wp.com\/noticiasribeiraopreto.com.br\/wp-content\/uploads\/2025\/05\/mocaoravi17sessao.jpg?fit=1000%2C562&ssl=1&resize=350%2C200 1x, https:\/\/i0.wp.com\/noticiasribeiraopreto.com.br\/wp-content\/uploads\/2025\/05\/mocaoravi17sessao.jpg?fit=1000%2C562&ssl=1&resize=525%2C300 1.5x, https:\/\/i0.wp.com\/noticiasribeiraopreto.com.br\/wp-content\/uploads\/2025\/05\/mocaoravi17sessao.jpg?fit=1000%2C562&ssl=1&resize=700%2C400 2x"},"classes":[]},{"id":67756,"url":"https:\/\/noticiasribeiraopreto.com.br\/index.php\/2025\/04\/18\/jornal-da-franca-vereadores-aprovam-reconhecimento-a-profissionais-e-entidades-que-atuam-em-franca\/","url_meta":{"origin":70126,"position":3},"title":"Jornal da Franca &#8211; Vereadores aprovam reconhecimento a profissionais e entidades que atuam em Franca\u00a0","author":"noticiasribeiraopreto.com.br","date":"18 de April de 2025","format":false,"excerpt":"compartilhar no whatsapp compartilhar no telegram compartilhar no facebook compartilhar no linkedin Mo\u00e7\u00f5es de aplausos e congratula\u00e7\u00f5es s\u00e3o apresentadas em reconhecimento a servi\u00e7os prestados A C\u00e2mara Municipal de Franca aprovou na sess\u00e3o desta ter\u00e7a-feira mo\u00e7\u00f5es de aplausos e congratula\u00e7\u00f5es em reconhecimento a profissionais, entidades e sindicatos que se destacaram em\u2026","rel":"","context":"In &quot;Not\u00edcias de Franca-SP&quot;","block_context":{"text":"Not\u00edcias de Franca-SP","link":"https:\/\/noticiasribeiraopreto.com.br\/index.php\/category\/noticias-de-ribeirao-preto-sp-e-regiao-ismael-colosi\/noticias-franca-sp\/"},"img":{"alt_text":"","src":"https:\/\/i0.wp.com\/noticiasribeiraopreto.com.br\/wp-content\/uploads\/2025\/04\/reuniaodecomissoes-2.jpg?fit=930%2C558&ssl=1&resize=350%2C200","width":350,"height":200,"srcset":"https:\/\/i0.wp.com\/noticiasribeiraopreto.com.br\/wp-content\/uploads\/2025\/04\/reuniaodecomissoes-2.jpg?fit=930%2C558&ssl=1&resize=350%2C200 1x, https:\/\/i0.wp.com\/noticiasribeiraopreto.com.br\/wp-content\/uploads\/2025\/04\/reuniaodecomissoes-2.jpg?fit=930%2C558&ssl=1&resize=525%2C300 1.5x, https:\/\/i0.wp.com\/noticiasribeiraopreto.com.br\/wp-content\/uploads\/2025\/04\/reuniaodecomissoes-2.jpg?fit=930%2C558&ssl=1&resize=700%2C400 2x"},"classes":[]},{"id":65177,"url":"https:\/\/noticiasribeiraopreto.com.br\/index.php\/2025\/03\/17\/jornal-da-franca-previsao-climatica-para-franca-dia-de-sol-com-poucas-nuvens-nesta-segunda\/","url_meta":{"origin":70126,"position":4},"title":"Jornal da Franca &#8211; Previs\u00e3o clim\u00e1tica para Franca: dia de sol com poucas nuvens nesta segunda","author":"noticiasribeiraopreto.com.br","date":"17 de March de 2025","format":false,"excerpt":"compartilhar no whatsapp compartilhar no telegram compartilhar no facebook compartilhar no linkedin Temperaturas variam entre 19\u00b0C e 31\u00b0C, com 0% de chance de chuva \u00a0 A previs\u00e3o do tempo para a cidade de Franca nesta segunda-feira, indica um dia de sol com algumas nuvens, especialmente \u00e0 tarde. H\u00e1 previs\u00e3o de\u2026","rel":"","context":"In &quot;Not\u00edcias de Franca-SP&quot;","block_context":{"text":"Not\u00edcias de Franca-SP","link":"https:\/\/noticiasribeiraopreto.com.br\/index.php\/category\/noticias-de-ribeirao-preto-sp-e-regiao-ismael-colosi\/noticias-franca-sp\/"},"img":{"alt_text":"","src":"https:\/\/i0.wp.com\/noticiasribeiraopreto.com.br\/wp-content\/uploads\/2025\/03\/nuvens-de-chuva-scaled.jpg?fit=1200%2C800&ssl=1&resize=350%2C200","width":350,"height":200,"srcset":"https:\/\/i0.wp.com\/noticiasribeiraopreto.com.br\/wp-content\/uploads\/2025\/03\/nuvens-de-chuva-scaled.jpg?fit=1200%2C800&ssl=1&resize=350%2C200 1x, https:\/\/i0.wp.com\/noticiasribeiraopreto.com.br\/wp-content\/uploads\/2025\/03\/nuvens-de-chuva-scaled.jpg?fit=1200%2C800&ssl=1&resize=525%2C300 1.5x, https:\/\/i0.wp.com\/noticiasribeiraopreto.com.br\/wp-content\/uploads\/2025\/03\/nuvens-de-chuva-scaled.jpg?fit=1200%2C800&ssl=1&resize=700%2C400 2x, https:\/\/i0.wp.com\/noticiasribeiraopreto.com.br\/wp-content\/uploads\/2025\/03\/nuvens-de-chuva-scaled.jpg?fit=1200%2C800&ssl=1&resize=1050%2C600 3x"},"classes":[]},{"id":64747,"url":"https:\/\/noticiasribeiraopreto.com.br\/index.php\/2025\/03\/12\/jornal-da-franca-autoridades-e-produtores-rurais-de-franca-fazem-abertura-da-16-edicao-do-simcafe\/","url_meta":{"origin":70126,"position":5},"title":"Jornal da Franca &#8211; Autoridades e produtores rurais de Franca fazem abertura da 16\u00b0 edi\u00e7\u00e3o do SimCaf\u00e9","author":"noticiasribeiraopreto.com.br","date":"12 de March de 2025","format":false,"excerpt":"compartilhar no whatsapp compartilhar no telegram compartilhar no facebook compartilhar no linkedin Evento re\u00fane cafeicultores e empresas do setor de agro de Franca e regi\u00e3o O Simcaf\u00e9 \u2013 Simp\u00f3sio do Agroneg\u00f3cio Caf\u00e9 da Alta Mogiana \u2013 teve sua 16\u00b0 edi\u00e7\u00e3o aberta nesta ter\u00e7a-feira com a presen\u00e7a de diversas autoridades pol\u00edticas.\u2026","rel":"","context":"In &quot;Not\u00edcias de Franca-SP&quot;","block_context":{"text":"Not\u00edcias de Franca-SP","link":"https:\/\/noticiasribeiraopreto.com.br\/index.php\/category\/noticias-de-ribeirao-preto-sp-e-regiao-ismael-colosi\/noticias-franca-sp\/"},"img":{"alt_text":"","src":"https:\/\/i0.wp.com\/noticiasribeiraopreto.com.br\/wp-content\/uploads\/2025\/03\/IMG_20250311_180004.jpg?fit=804%2C730&ssl=1&resize=350%2C200","width":350,"height":200,"srcset":"https:\/\/i0.wp.com\/noticiasribeiraopreto.com.br\/wp-content\/uploads\/2025\/03\/IMG_20250311_180004.jpg?fit=804%2C730&ssl=1&resize=350%2C200 1x, https:\/\/i0.wp.com\/noticiasribeiraopreto.com.br\/wp-content\/uploads\/2025\/03\/IMG_20250311_180004.jpg?fit=804%2C730&ssl=1&resize=525%2C300 1.5x, https:\/\/i0.wp.com\/noticiasribeiraopreto.com.br\/wp-content\/uploads\/2025\/03\/IMG_20250311_180004.jpg?fit=804%2C730&ssl=1&resize=700%2C400 2x"},"classes":[]}],"jetpack_sharing_enabled":true,"jetpack_shortlink":"https:\/\/wp.me\/peQAOb-if4","_links":{"self":[{"href":"https:\/\/noticiasribeiraopreto.com.br\/index.php\/wp-json\/wp\/v2\/posts\/70126","targetHints":{"allow":["GET"]}}],"collection":[{"href":"https:\/\/noticiasribeiraopreto.com.br\/index.php\/wp-json\/wp\/v2\/posts"}],"about":[{"href":"https:\/\/noticiasribeiraopreto.com.br\/index.php\/wp-json\/wp\/v2\/types\/post"}],"author":[{"embeddable":true,"href":"https:\/\/noticiasribeiraopreto.com.br\/index.php\/wp-json\/wp\/v2\/users\/1"}],"replies":[{"embeddable":true,"href":"https:\/\/noticiasribeiraopreto.com.br\/index.php\/wp-json\/wp\/v2\/comments?post=70126"}],"version-history":[{"count":0,"href":"https:\/\/noticiasribeiraopreto.com.br\/index.php\/wp-json\/wp\/v2\/posts\/70126\/revisions"}],"wp:featuredmedia":[{"embeddable":true,"href":"https:\/\/noticiasribeiraopreto.com.br\/index.php\/wp-json\/wp\/v2\/media\/70127"}],"wp:attachment":[{"href":"https:\/\/noticiasribeiraopreto.com.br\/index.php\/wp-json\/wp\/v2\/media?parent=70126"}],"wp:term":[{"taxonomy":"category","embeddable":true,"href":"https:\/\/noticiasribeiraopreto.com.br\/index.php\/wp-json\/wp\/v2\/categories?post=70126"},{"taxonomy":"post_tag","embeddable":true,"href":"https:\/\/noticiasribeiraopreto.com.br\/index.php\/wp-json\/wp\/v2\/tags?post=70126"}],"curies":[{"name":"wp","href":"https:\/\/api.w.org\/{rel}","templated":true}]}}