{"id":70128,"date":"2025-05-22T23:48:01","date_gmt":"2025-05-23T02:48:01","guid":{"rendered":"https:\/\/noticiasribeiraopreto.com.br\/index.php\/2025\/05\/22\/balanco-de-4-meses-da-prefeitura-de-franca-mostra-gasto-de-28-com-pessoal-e-menos-1-para-investimento\/"},"modified":"2025-05-22T23:48:01","modified_gmt":"2025-05-23T02:48:01","slug":"balanco-de-4-meses-da-prefeitura-de-franca-mostra-gasto-de-28-com-pessoal-e-menos-1-para-investimento","status":"publish","type":"post","link":"https:\/\/noticiasribeiraopreto.com.br\/index.php\/2025\/05\/22\/balanco-de-4-meses-da-prefeitura-de-franca-mostra-gasto-de-28-com-pessoal-e-menos-1-para-investimento\/","title":{"rendered":"Balan\u00e7o de 4 meses da Prefeitura de Franca mostra gasto de 28% com pessoal e menos 1% para investimento"},"content":{"rendered":"<div class='code-block code-block-1' style='margin: 8px 0 8px auto; text-align: right; display: block; clear: both;'>\n<p><a href=\"https:\/\/wa.link\/vpicfd\"><img data-recalc-dims=\"1\" class=\"wp-image-4922\" style=\"aspect-ratio: 2.0253164556962027; width: 561px; height: auto;\" src=\"https:\/\/i0.wp.com\/ismaelcolosi.com.br\/wp-content\/uploads\/2023\/11\/grupo-de-empregos-whatsapp-e-facebook-ismael-colosi-vagas.jpg?ssl=1\" alt=\"\" \/><\/a><\/p>\n<!-- \/wp:image -->\n<\/div>\n<p> <br \/>\n<\/p>\n<div>\n<p>A administra\u00e7\u00e3o do prefeito Alexandre Ferreira (MDB) gastou entre janeiro e abril de 2025 o total de R$ 129.208.557,57 com pessoal e encargos sociais, enquanto destinou R$ 1.055.937,79 para realizar investimentos em Franca. Esses dados foram apresentados no demonstrativo da despesa do m\u00eas de abril de 2025, divulgado no Di\u00e1rio Oficial. O valor gasto com pessoal e encargos representa 28% do total pago acumulado, enquanto os investimentos correspondem a 0,23% desse total.<\/p>\n<p>No demonstrativo, o acumulado pago \u00e9 de R$ 448.574.370,38. Al\u00e9m dos gastos com pessoal e investimentos, o balancete detalha valores com juros e encargos da d\u00edvida (0); outras despesas correntes R$ 185.090.555,89); invers\u00f5es financeiras (0); amortiza\u00e7\u00e3o da d\u00edvida (0); resultado l\u00edquido transfer\u00eancia financeira (R$ 8.048.233,19); pagamento de restos a pagar (R$ 88.591.748,59); e despesas extraor\u00e7ament\u00e1rias (R$ 36.579.337,35).<\/p>\n<p>O demonstrativo tamb\u00e9m trouxe a arrecada\u00e7\u00e3o e o arrecadado acumulado \u00e9 de R$ 557.074.097,52 para os meses de janeiro, fevereiro, mar\u00e7o e abril de 2025.<\/p>\n<p>Esse documento foi assinado pela secret\u00e1ria municipal de Finan\u00e7as, Raquel Regina Pereira; al\u00e9m da tesoureira Cyntia Rodrigues Ferreira Engane; e os contadores Denis Cesar Bedin e Maiara Cristina Soares.<\/p>\n<p><img data-recalc-dims=\"1\" loading=\"lazy\" decoding=\"async\" class=\"alignnone size-full wp-image-37455\" src=\"https:\/\/i0.wp.com\/www.f3noticias.com.br\/wp-content\/uploads\/2025\/05\/demonstrativo-prefeitura-franca-abril-2025.png?resize=711%2C498&#038;ssl=1\" alt=\"\" width=\"711\" height=\"498\" srcset=\"https:\/\/www.f3noticias.com.br\/wp-content\/uploads\/2025\/05\/demonstrativo-prefeitura-franca-abril-2025.png 711w, https:\/\/www.f3noticias.com.br\/wp-content\/uploads\/2025\/05\/demonstrativo-prefeitura-franca-abril-2025-300x210.png 300w\" sizes=\"auto, (max-width: 711px) 100vw, 711px\"\/><\/p>\n<p>Problemas na cidade<\/p>\n<p>A defici\u00eancia em servi\u00e7os p\u00fablicos em Franca est\u00e1 sendo apontada por moradores em diferentes setores: limpeza p\u00fablica, coleta de lixo, atendimento da sa\u00fade, obras na regi\u00e3o central; falta de estrutura para os servidores p\u00fablicos municipais; servi\u00e7o de transporte p\u00fablico carente de atendimento aprimorado.<\/p>\n<p>Um dos exemplos ocorreu no bairro Residencial Amazonas. Moradores decidiram juntar-se para fazer a limpeza das ruas, bem como de terrenos baldios ap\u00f3s diferentes reclma\u00e7\u00f5es terem sido feitas \u00e0 Prefeitura de Franca para melhorar a limpeza no bairro, por\u00e9m sem a devida resposta. Esse grupo mobilizou-se e at\u00e9 compraram pegadores para fazerem a limpeza pelas ruas, gastando cada um cerca de R$ 24 para adquirir os equipamentos. A Prefeitura de Franca tem um contrato de quase R$ 100 milh\u00f5es, ap\u00f3s leil\u00e3o feito na B3, para realizar o servi\u00e7o de coleta de lixo na cidade.<\/p>\n<p>Na sa\u00fade, h\u00e1 quase um m\u00eas existe problemas com a falta de leitos em Franca e regi\u00e3o e a situa\u00e7\u00e3o agravou-se. Al\u00e9m disso, existe demora no atendimento em unidades de sa\u00fade do SUS. Depois de interven\u00e7\u00e3o do Minist\u00e9rio P\u00fablico Estadual e haver um aumento na demanda por atendimento, a Prefeitura de Franca divulgou que a vacina\u00e7\u00e3o contra a gripe est\u00e1 liberada para todas as pessoas na cidade.<\/p>\n<p>Leia tamb\u00e9m:<\/p>\n<blockquote class=\"wp-embedded-content\" data-secret=\"xjcZ24abau\">\n<p><a href=\"https:\/\/www.f3noticias.com.br\/contrato-bilionario-da-prefeitura-de-franca-nao-limpa-bairro-e-moradores-se-mobilizam-para-tirar-sujeira-de-ruas\/\">Contrato milion\u00e1rio da Prefeitura de Franca n\u00e3o limpa bairro e moradores se mobilizam para tirar sujeira de ruas<\/a><\/p>\n<\/blockquote>\n<p><iframe loading=\"lazy\" class=\"wp-embedded-content\" sandbox=\"allow-scripts\" security=\"restricted\" style=\"position: absolute; clip: rect(1px, 1px, 1px, 1px);\" title=\"\u201cContrato milion\u00e1rio da Prefeitura de Franca n\u00e3o limpa bairro e moradores se mobilizam para tirar sujeira de ruas\u201d \u2014 F3 Not\u00edcias\" src=\"https:\/\/www.f3noticias.com.br\/contrato-bilionario-da-prefeitura-de-franca-nao-limpa-bairro-e-moradores-se-mobilizam-para-tirar-sujeira-de-ruas\/embed\/#?secret=nacB89yzXN#?secret=xjcZ24abau\" data-secret=\"xjcZ24abau\" width=\"500\" height=\"282\" frameborder=\"0\" marginwidth=\"0\" marginheight=\"0\" scrolling=\"no\"><\/iframe><\/p>\n<blockquote class=\"wp-embedded-content\" data-secret=\"mgsn76Y2Oi\">\n<p><a href=\"https:\/\/www.f3noticias.com.br\/apos-crise-na-saude-com-falta-de-leitos-vacinacao-contra-gripe-e-liberada-em-franca\/\">Ap\u00f3s crise na sa\u00fade com falta de leitos, vacina\u00e7\u00e3o contra gripe \u00e9 liberada em Franca<\/a><\/p>\n<\/blockquote>\n<p><iframe loading=\"lazy\" class=\"wp-embedded-content\" sandbox=\"allow-scripts\" security=\"restricted\" style=\"position: absolute; clip: rect(1px, 1px, 1px, 1px);\" title=\"\u201cAp\u00f3s crise na sa\u00fade com falta de leitos, vacina\u00e7\u00e3o contra gripe \u00e9 liberada em Franca\u201d \u2014 F3 Not\u00edcias\" src=\"https:\/\/www.f3noticias.com.br\/apos-crise-na-saude-com-falta-de-leitos-vacinacao-contra-gripe-e-liberada-em-franca\/embed\/#?secret=8PF7C08Yoj#?secret=mgsn76Y2Oi\" data-secret=\"mgsn76Y2Oi\" width=\"500\" height=\"282\" frameborder=\"0\" marginwidth=\"0\" marginheight=\"0\" scrolling=\"no\"><\/iframe><\/p>\n<blockquote class=\"wp-embedded-content\" data-secret=\"hgTmZKTybL\">\n<p><a href=\"https:\/\/www.f3noticias.com.br\/licitacao-para-transporte-publico-em-franca-e-subsidio-de-r-22-milhoes-entram-na-pauta-da-camara\/\">Licita\u00e7\u00e3o para transporte p\u00fablico em Franca e subs\u00eddio de R$ 22 milh\u00f5es entram na pauta da C\u00e2mara<\/a><\/p>\n<\/blockquote>\n<p><iframe loading=\"lazy\" class=\"wp-embedded-content\" sandbox=\"allow-scripts\" security=\"restricted\" style=\"position: absolute; clip: rect(1px, 1px, 1px, 1px);\" title=\"\u201cLicita\u00e7\u00e3o para transporte p\u00fablico em Franca e subs\u00eddio de R$ 22 milh\u00f5es entram na pauta da C\u00e2mara\u201d \u2014 F3 Not\u00edcias\" src=\"https:\/\/www.f3noticias.com.br\/licitacao-para-transporte-publico-em-franca-e-subsidio-de-r-22-milhoes-entram-na-pauta-da-camara\/embed\/#?secret=Rlxi2ljWNr#?secret=hgTmZKTybL\" data-secret=\"hgTmZKTybL\" width=\"500\" height=\"282\" frameborder=\"0\" marginwidth=\"0\" marginheight=\"0\" scrolling=\"no\"><\/iframe><\/p>\n<\/p><\/div>\n<p><br \/>\n<br \/><a href=\"https:\/\/www.f3noticias.com.br\/balanco-de-4-meses-da-prefeitura-de-franca-mostra-gasto-de-28-com-pessoal-e-menos-1-para-investimento\/\">Source link <\/a><\/p>\n<!-- CONTENT END 1 -->\n","protected":false},"excerpt":{"rendered":"<p>A administra\u00e7\u00e3o do prefeito Alexandre Ferreira (MDB) gastou entre janeiro e abril de 2025 o total de R$ 129.208.557,57 com pessoal e encargos sociais, enquanto&#8230;<\/p>\n","protected":false},"author":1,"featured_media":70129,"comment_status":"open","ping_status":"open","sticky":false,"template":"","format":"standard","meta":{"advanced_seo_description":"","jetpack_seo_html_title":"","jetpack_seo_noindex":false,"jetpack_post_was_ever_published":false,"_jetpack_newsletter_access":"","_jetpack_dont_email_post_to_subs":false,"_jetpack_newsletter_tier_id":0,"_jetpack_memberships_contains_paywalled_content":false,"_jetpack_memberships_contains_paid_content":false,"footnotes":"","jetpack_publicize_message":"","jetpack_publicize_feature_enabled":true,"jetpack_social_post_already_shared":true,"jetpack_social_options":{"image_generator_settings":{"template":"highway","default_image_id":0,"font":"","enabled":false},"version":2}},"categories":[3597],"tags":[],"class_list":["post-70128","post","type-post","status-publish","format-standard","has-post-thumbnail","hentry","category-noticias-franca-sp"],"jetpack_publicize_connections":[],"jetpack_featured_media_url":"https:\/\/i0.wp.com\/noticiasribeiraopreto.com.br\/wp-content\/uploads\/2025\/05\/alexandre-ferreira.jpg?fit=600%2C400&ssl=1","jetpack-related-posts":[{"id":72420,"url":"https:\/\/noticiasribeiraopreto.com.br\/index.php\/2025\/06\/17\/jornal-da-franca-tribunal-de-contas-mostra-quanto-custa-para-o-contribuinte-cada-vereador-de-franca\/","url_meta":{"origin":70128,"position":0},"title":"Jornal da Franca &#8211; Tribunal de Contas mostra quanto custa para o contribuinte cada vereador de Franca","author":"noticiasribeiraopreto.com.br","date":"17 de June de 2025","format":false,"excerpt":"compartilhar no whatsapp compartilhar no telegram compartilhar no facebook compartilhar no linkedin Em 2024, a C\u00e2mara Municipal de Franca gastou 15.707.990,43 com pessoal e custeio, al\u00e9m de ter dispendido R$ 1.666.176,09 com investimentos. Com mais de 6,9 mil legisladores nos 644 munic\u00edpios do Estado de S\u00e3o Paulo (exceto a Capital),\u2026","rel":"","context":"In &quot;Not\u00edcias de Franca-SP&quot;","block_context":{"text":"Not\u00edcias de Franca-SP","link":"https:\/\/noticiasribeiraopreto.com.br\/index.php\/category\/noticias-de-ribeirao-preto-sp-e-regiao-ismael-colosi\/noticias-franca-sp\/"},"img":{"alt_text":"","src":"https:\/\/i0.wp.com\/noticiasribeiraopreto.com.br\/wp-content\/uploads\/2025\/06\/logogabinetes-2_0.jpeg?fit=930%2C558&ssl=1&resize=350%2C200","width":350,"height":200,"srcset":"https:\/\/i0.wp.com\/noticiasribeiraopreto.com.br\/wp-content\/uploads\/2025\/06\/logogabinetes-2_0.jpeg?fit=930%2C558&ssl=1&resize=350%2C200 1x, https:\/\/i0.wp.com\/noticiasribeiraopreto.com.br\/wp-content\/uploads\/2025\/06\/logogabinetes-2_0.jpeg?fit=930%2C558&ssl=1&resize=525%2C300 1.5x, https:\/\/i0.wp.com\/noticiasribeiraopreto.com.br\/wp-content\/uploads\/2025\/06\/logogabinetes-2_0.jpeg?fit=930%2C558&ssl=1&resize=700%2C400 2x"},"classes":[]},{"id":44699,"url":"https:\/\/noticiasribeiraopreto.com.br\/index.php\/2024\/03\/29\/produtores-de-16-estados-poderao-renegociar-dividas-do-credito-rural\/","url_meta":{"origin":70128,"position":1},"title":"Produtores de 16 estados poder\u00e3o renegociar d\u00edvidas do cr\u00e9dito rural","author":"noticiasribeiraopreto.com.br","date":"29 de March de 2024","format":false,"excerpt":"Produtores de 16 estados afetados por eventos clim\u00e1ticos ou pela queda de pre\u00e7os agr\u00edcolas poder\u00e3o renegociar d\u00edvidas do cr\u00e9dito rural para investimentos, autorizou nesta quinta-feira (28) o Conselho Monet\u00e1rio Nacional (CMN). Os pedidos precisam ser feitos at\u00e9 31 de maio. Em nota, o Minist\u00e9rio da Fazenda informou que a medida\u2026","rel":"","context":"In &quot;Not\u00edcias de Ribeir\u00e3o Preto-SP e Regi\u00e3o&quot;","block_context":{"text":"Not\u00edcias de Ribeir\u00e3o Preto-SP e Regi\u00e3o","link":"https:\/\/noticiasribeiraopreto.com.br\/index.php\/category\/noticias-de-ribeirao-preto-sp-e-regiao-ismael-colosi\/"},"img":{"alt_text":"","src":"https:\/\/i0.wp.com\/noticiasribeiraopreto.com.br\/wp-content\/uploads\/2024\/03\/imagem-9.jpg?fit=1170%2C700&ssl=1&resize=350%2C200","width":350,"height":200,"srcset":"https:\/\/i0.wp.com\/noticiasribeiraopreto.com.br\/wp-content\/uploads\/2024\/03\/imagem-9.jpg?fit=1170%2C700&ssl=1&resize=350%2C200 1x, https:\/\/i0.wp.com\/noticiasribeiraopreto.com.br\/wp-content\/uploads\/2024\/03\/imagem-9.jpg?fit=1170%2C700&ssl=1&resize=525%2C300 1.5x, https:\/\/i0.wp.com\/noticiasribeiraopreto.com.br\/wp-content\/uploads\/2024\/03\/imagem-9.jpg?fit=1170%2C700&ssl=1&resize=700%2C400 2x, https:\/\/i0.wp.com\/noticiasribeiraopreto.com.br\/wp-content\/uploads\/2024\/03\/imagem-9.jpg?fit=1170%2C700&ssl=1&resize=1050%2C600 3x"},"classes":[]},{"id":77690,"url":"https:\/\/noticiasribeiraopreto.com.br\/index.php\/2025\/09\/24\/ribeirao-cai-40-posicoes-no-ranking-fiscal\/","url_meta":{"origin":70128,"position":2},"title":"Ribeir\u00e3o cai 40 posi\u00e7\u00f5es no ranking fiscal\u2028","author":"noticiasribeiraopreto.com.br","date":"24 de September de 2025","format":false,"excerpt":"Apesar da queda, cidade melhorou nota no levantamento que analisou as contas de 5.129 munic\u00edpios brasileiros; gest\u00e3o foi considerada \u201cboa\u201d em 2024\u2028\u2028 Ribeir\u00e3o Preto caiu 40 posi\u00e7\u00f5es no ranking nacional do \u00cdndice Firjan de Gest\u00e3o Fiscal (IFGF) \u2013 que analisa as contas de mais de cinco mil munic\u00edpios brasileiros. A\u2026","rel":"","context":"In &quot;Not\u00edcias de Ribeir\u00e3o Preto-SP e Regi\u00e3o&quot;","block_context":{"text":"Not\u00edcias de Ribeir\u00e3o Preto-SP e Regi\u00e3o","link":"https:\/\/noticiasribeiraopreto.com.br\/index.php\/category\/noticias-de-ribeirao-preto-sp-e-regiao-ismael-colosi\/"},"img":{"alt_text":"","src":"https:\/\/i0.wp.com\/noticiasribeiraopreto.com.br\/wp-content\/uploads\/2025\/09\/Firjan-Guilherme-Sircili-scaled.jpg?fit=1054%2C780&ssl=1&resize=350%2C200","width":350,"height":200,"srcset":"https:\/\/i0.wp.com\/noticiasribeiraopreto.com.br\/wp-content\/uploads\/2025\/09\/Firjan-Guilherme-Sircili-scaled.jpg?fit=1054%2C780&ssl=1&resize=350%2C200 1x, https:\/\/i0.wp.com\/noticiasribeiraopreto.com.br\/wp-content\/uploads\/2025\/09\/Firjan-Guilherme-Sircili-scaled.jpg?fit=1054%2C780&ssl=1&resize=525%2C300 1.5x, https:\/\/i0.wp.com\/noticiasribeiraopreto.com.br\/wp-content\/uploads\/2025\/09\/Firjan-Guilherme-Sircili-scaled.jpg?fit=1054%2C780&ssl=1&resize=700%2C400 2x, https:\/\/i0.wp.com\/noticiasribeiraopreto.com.br\/wp-content\/uploads\/2025\/09\/Firjan-Guilherme-Sircili-scaled.jpg?fit=1054%2C780&ssl=1&resize=1050%2C600 3x"},"classes":[]},{"id":43661,"url":"https:\/\/noticiasribeiraopreto.com.br\/index.php\/2024\/03\/22\/governo-bloqueia-r-29-bilhoes-do-orcamento-para-cumprir-meta\/","url_meta":{"origin":70128,"position":3},"title":"Governo bloqueia R$ 2,9 bilh\u00f5es do Or\u00e7amento para cumprir meta","author":"noticiasribeiraopreto.com.br","date":"22 de March de 2024","format":false,"excerpt":"22 de mar\u00e7o de 2024 | 15:0022 de mar\u00e7o de 2024 | 12:03 0 O Or\u00e7amento de 2024 ter\u00e1 um bloqueio de R$ 2,9 bilh\u00f5es em gastos discricion\u00e1rios (n\u00e3o obrigat\u00f3rios), divulgou o Minist\u00e9rio do Planejamento e Or\u00e7amento. Esse montante \u00e9 necess\u00e1rio para cumprir tanto a meta de d\u00e9ficit fiscal zero\u2026","rel":"","context":"In &quot;Not\u00edcias de Ribeir\u00e3o Preto-SP e Regi\u00e3o&quot;","block_context":{"text":"Not\u00edcias de Ribeir\u00e3o Preto-SP e Regi\u00e3o","link":"https:\/\/noticiasribeiraopreto.com.br\/index.php\/category\/noticias-de-ribeirao-preto-sp-e-regiao-ismael-colosi\/"},"img":{"alt_text":"","src":"https:\/\/i0.wp.com\/noticiasribeiraopreto.com.br\/wp-content\/uploads\/2024\/03\/39a0b131-4af0-4833-b993-a251467b2886-scaled.jpg?fit=1000%2C598&ssl=1&resize=350%2C200","width":350,"height":200,"srcset":"https:\/\/i0.wp.com\/noticiasribeiraopreto.com.br\/wp-content\/uploads\/2024\/03\/39a0b131-4af0-4833-b993-a251467b2886-scaled.jpg?fit=1000%2C598&ssl=1&resize=350%2C200 1x, https:\/\/i0.wp.com\/noticiasribeiraopreto.com.br\/wp-content\/uploads\/2024\/03\/39a0b131-4af0-4833-b993-a251467b2886-scaled.jpg?fit=1000%2C598&ssl=1&resize=525%2C300 1.5x, https:\/\/i0.wp.com\/noticiasribeiraopreto.com.br\/wp-content\/uploads\/2024\/03\/39a0b131-4af0-4833-b993-a251467b2886-scaled.jpg?fit=1000%2C598&ssl=1&resize=700%2C400 2x"},"classes":[]},{"id":23631,"url":"https:\/\/noticiasribeiraopreto.com.br\/index.php\/2024\/01\/02\/teto-de-juros-para-rotativo-do-cartao-de-credito-e-parcelamento-da-fatura-vale-a-partir-desta-quarta-feira-03-veja-como-vai-funcionar\/","url_meta":{"origin":70128,"position":4},"title":"Teto de juros para rotativo do cart\u00e3o de cr\u00e9dito e parcelamento da fatura vale a partir desta quarta-feira (03); veja como vai funcionar","author":"noticiasribeiraopreto.com.br","date":"2 de January de 2024","format":false,"excerpt":"O Banco Central (BC) esclareceu, nesta ter\u00e7a-feira (02), em Bras\u00edlia, que o teto de juros para o rotativo e da fatura parcelada do cart\u00e3o de cr\u00e9dito s\u00f3 entra em vigor nesta quarta-feira (03). Segundo o \u00f3rg\u00e3o, o feriado de 1\u00ba de janeiro adiou em um dia a entrada em vigor\u2026","rel":"","context":"In &quot;Dinheiro e Investimento&quot;","block_context":{"text":"Dinheiro e Investimento","link":"https:\/\/noticiasribeiraopreto.com.br\/index.php\/category\/dinheiro-e-investimento-como-fazer-como-ganhar\/"},"img":{"alt_text":"","src":"https:\/\/i0.wp.com\/noticiasribeiraopreto.com.br\/wp-content\/uploads\/2024\/01\/shutterstock_232260670-628x353.jpg?fit=628%2C353&ssl=1&resize=350%2C200","width":350,"height":200,"srcset":"https:\/\/i0.wp.com\/noticiasribeiraopreto.com.br\/wp-content\/uploads\/2024\/01\/shutterstock_232260670-628x353.jpg?fit=628%2C353&ssl=1&resize=350%2C200 1x, https:\/\/i0.wp.com\/noticiasribeiraopreto.com.br\/wp-content\/uploads\/2024\/01\/shutterstock_232260670-628x353.jpg?fit=628%2C353&ssl=1&resize=525%2C300 1.5x"},"classes":[]},{"id":19709,"url":"https:\/\/noticiasribeiraopreto.com.br\/index.php\/2023\/12\/23\/juros-do-cartao-de-credito-serao-reduzidos-em-2024-2\/","url_meta":{"origin":70128,"position":5},"title":"juros do cart\u00e3o de cr\u00e9dito ser\u00e3o reduzidos em 2024","author":"noticiasribeiraopreto.com.br","date":"23 de December de 2023","format":false,"excerpt":"O Ministro da Fazenda, Fernando Haddad, anunciou uma significativa mudan\u00e7a nas taxas de juros do cart\u00e3o de cr\u00e9dito que entrar\u00e1 em vigor a partir de 3 de janeiro de 2024. Em pronunciamento, Haddad afirmou que os juros acumulados em casos de atraso no pagamento da fatura n\u00e3o poder\u00e3o ultrapassar 100%\u2026","rel":"","context":"In &quot;Vagas de Emprego em Ribeir\u00e3o Preto-SP&quot;","block_context":{"text":"Vagas de Emprego em Ribeir\u00e3o Preto-SP","link":"https:\/\/noticiasribeiraopreto.com.br\/index.php\/category\/empregos-classificados-vagas-trabalho\/vagas-de-empregos-em-ribeirao-preto-regiao-brasil\/"},"img":{"alt_text":"","src":"https:\/\/i0.wp.com\/noticiasribeiraopreto.com.br\/wp-content\/uploads\/2023\/12\/limite-cartao-whatsapp.jpg?fit=1200%2C675&ssl=1&resize=350%2C200","width":350,"height":200,"srcset":"https:\/\/i0.wp.com\/noticiasribeiraopreto.com.br\/wp-content\/uploads\/2023\/12\/limite-cartao-whatsapp.jpg?fit=1200%2C675&ssl=1&resize=350%2C200 1x, https:\/\/i0.wp.com\/noticiasribeiraopreto.com.br\/wp-content\/uploads\/2023\/12\/limite-cartao-whatsapp.jpg?fit=1200%2C675&ssl=1&resize=525%2C300 1.5x, https:\/\/i0.wp.com\/noticiasribeiraopreto.com.br\/wp-content\/uploads\/2023\/12\/limite-cartao-whatsapp.jpg?fit=1200%2C675&ssl=1&resize=700%2C400 2x, https:\/\/i0.wp.com\/noticiasribeiraopreto.com.br\/wp-content\/uploads\/2023\/12\/limite-cartao-whatsapp.jpg?fit=1200%2C675&ssl=1&resize=1050%2C600 3x"},"classes":[]}],"jetpack_sharing_enabled":true,"jetpack_shortlink":"https:\/\/wp.me\/peQAOb-if6","_links":{"self":[{"href":"https:\/\/noticiasribeiraopreto.com.br\/index.php\/wp-json\/wp\/v2\/posts\/70128","targetHints":{"allow":["GET"]}}],"collection":[{"href":"https:\/\/noticiasribeiraopreto.com.br\/index.php\/wp-json\/wp\/v2\/posts"}],"about":[{"href":"https:\/\/noticiasribeiraopreto.com.br\/index.php\/wp-json\/wp\/v2\/types\/post"}],"author":[{"embeddable":true,"href":"https:\/\/noticiasribeiraopreto.com.br\/index.php\/wp-json\/wp\/v2\/users\/1"}],"replies":[{"embeddable":true,"href":"https:\/\/noticiasribeiraopreto.com.br\/index.php\/wp-json\/wp\/v2\/comments?post=70128"}],"version-history":[{"count":0,"href":"https:\/\/noticiasribeiraopreto.com.br\/index.php\/wp-json\/wp\/v2\/posts\/70128\/revisions"}],"wp:featuredmedia":[{"embeddable":true,"href":"https:\/\/noticiasribeiraopreto.com.br\/index.php\/wp-json\/wp\/v2\/media\/70129"}],"wp:attachment":[{"href":"https:\/\/noticiasribeiraopreto.com.br\/index.php\/wp-json\/wp\/v2\/media?parent=70128"}],"wp:term":[{"taxonomy":"category","embeddable":true,"href":"https:\/\/noticiasribeiraopreto.com.br\/index.php\/wp-json\/wp\/v2\/categories?post=70128"},{"taxonomy":"post_tag","embeddable":true,"href":"https:\/\/noticiasribeiraopreto.com.br\/index.php\/wp-json\/wp\/v2\/tags?post=70128"}],"curies":[{"name":"wp","href":"https:\/\/api.w.org\/{rel}","templated":true}]}}