{"id":70135,"date":"2025-05-23T01:55:23","date_gmt":"2025-05-23T04:55:23","guid":{"rendered":"https:\/\/noticiasribeiraopreto.com.br\/index.php\/2025\/05\/23\/novos-leitos-de-uti-em-franca-vai-envolver-investimentos-de-r-25-milhoes\/"},"modified":"2025-05-23T01:55:23","modified_gmt":"2025-05-23T04:55:23","slug":"novos-leitos-de-uti-em-franca-vai-envolver-investimentos-de-r-25-milhoes","status":"publish","type":"post","link":"https:\/\/noticiasribeiraopreto.com.br\/index.php\/2025\/05\/23\/novos-leitos-de-uti-em-franca-vai-envolver-investimentos-de-r-25-milhoes\/","title":{"rendered":"Novos leitos de UTI em Franca vai envolver investimentos de R$ 2,5 milh\u00f5es"},"content":{"rendered":"<div class='code-block code-block-1' style='margin: 8px 0 8px auto; text-align: right; display: block; clear: both;'>\n<p><a href=\"https:\/\/wa.link\/vpicfd\"><img data-recalc-dims=\"1\" class=\"wp-image-4922\" style=\"aspect-ratio: 2.0253164556962027; width: 561px; height: auto;\" src=\"https:\/\/i0.wp.com\/ismaelcolosi.com.br\/wp-content\/uploads\/2023\/11\/grupo-de-empregos-whatsapp-e-facebook-ismael-colosi-vagas.jpg?ssl=1\" alt=\"\" \/><\/a><\/p>\n<!-- \/wp:image -->\n<\/div>\n<p> <br \/>\n<\/p>\n<div>\n<p>Com um investimento de R$ 2,5 milh\u00f5es, o Grupo Santa Casa de Franca, na \u00faltima semana de maio de 2025, implanta mais 10 novos leitos de UTI, a\u00e7\u00e3o que vai ampliar o atendimento a pacientes do SUS em um momento de alta demanda e falta de leitos de UTI na rede p\u00fablica de sa\u00fade. A manuten\u00e7\u00e3o da estrutura ser\u00e1 custeada pelo Governo do Estado de S\u00e3o Paulo. No total, o hospital vai estar com 346 leitos SUS.<\/p>\n<p>As novas unidades de terapia intensiva contam com equipamentos de \u00faltima gera\u00e7\u00e3o, incluindo ventiladores pulmonares, marcapassos card\u00edacos externos, cardioversores desfibriladores, camas hospitalares el\u00e9tricas, centrais de monitoriza\u00e7\u00e3o com monitores multipar\u00e2metro, entre outros dispositivos fundamentais para o tratamento de casos complexos.<\/p>\n<p>\u201cA expans\u00e3o desses leitos de UTI \u00e9 crucial para ampliar o n\u00famero de interna\u00e7\u00f5es que exigem tratamento intensivo. Essa medida diminuir\u00e1 o tempo de espera e responder\u00e1 \u00e0 demanda aguda da rede no outono\/inverno, quando h\u00e1 um pico de doen\u00e7as respirat\u00f3rias intensificado pelo baixo \u00edndice de vacina\u00e7\u00e3o \u2013 e outras condi\u00e7\u00f5es que demandam leitos de terapia intensiva. Para garantir a qualidade do atendimento, o Grupo Santa Casa de Franca est\u00e1 se mobilizando para a contrata\u00e7\u00e3o de m\u00e9dicos e profissionais de enfermagem\u201d, informou o hospital.<\/p>\n<p>O presidente volunt\u00e1rio do Grupo Santa Casa de Franca, Sidnei Martins de Oliveira, ressalta: \u201cA inaugura\u00e7\u00e3o dos leitos representa um avan\u00e7o significativo para suprir boa parte da demanda por vagas na rede de assist\u00eancia de sa\u00fade p\u00fablica; nosso compromisso \u00e9 oferecer atendimento de qualidade, proporcionando aos pacientes um tratamento r\u00e1pido e eficaz. Sabemos que cada minuto faz a diferen\u00e7a; e quando falamos de quadros cl\u00ednicos que necessitam de tratamento intensivo, essa estrutura renovada nos permitir\u00e1 salvar ainda mais vidas\u201d, afirmou.<\/p>\n<p>O Grupo Santa Casa de Franca, refer\u00eancia regional de urg\u00eancia e emerg\u00eancia em m\u00e9dia e alta complexidade, envolve tr\u00eas unidades hospitalares: Hospital Geral, Hospital do C\u00e2ncer (Unidade Oncol\u00f3gica), Hospital do Cora\u00e7\u00e3o (Unidade Coronariana), al\u00e9m de um Centro de Reabilita\u00e7\u00e3o com atendimento multidisciplinar.<\/p>\n<\/p><\/div>\n<p><br \/>\n<br \/><a href=\"https:\/\/www.f3noticias.com.br\/novos-leitos-de-uti-em-franca-vai-envolver-investimentos-de-r-25-milhoes\/\">Source link <\/a><\/p>\n<!-- CONTENT END 1 -->\n","protected":false},"excerpt":{"rendered":"<p>Com um investimento de R$ 2,5 milh\u00f5es, o Grupo Santa Casa de Franca, na \u00faltima semana de maio de 2025, implanta mais 10 novos leitos&#8230;<\/p>\n","protected":false},"author":1,"featured_media":70136,"comment_status":"open","ping_status":"open","sticky":false,"template":"","format":"standard","meta":{"advanced_seo_description":"","jetpack_seo_html_title":"","jetpack_seo_noindex":false,"jetpack_post_was_ever_published":false,"_jetpack_newsletter_access":"","_jetpack_dont_email_post_to_subs":false,"_jetpack_newsletter_tier_id":0,"_jetpack_memberships_contains_paywalled_content":false,"_jetpack_memberships_contains_paid_content":false,"footnotes":"","jetpack_publicize_message":"","jetpack_publicize_feature_enabled":true,"jetpack_social_post_already_shared":true,"jetpack_social_options":{"image_generator_settings":{"template":"highway","default_image_id":0,"font":"","enabled":false},"version":2}},"categories":[3597],"tags":[],"class_list":["post-70135","post","type-post","status-publish","format-standard","has-post-thumbnail","hentry","category-noticias-franca-sp"],"jetpack_publicize_connections":[],"jetpack_featured_media_url":"https:\/\/i0.wp.com\/noticiasribeiraopreto.com.br\/wp-content\/uploads\/2025\/05\/leito-uti.png?fit=700%2C384&ssl=1","jetpack-related-posts":[{"id":70086,"url":"https:\/\/noticiasribeiraopreto.com.br\/index.php\/2025\/05\/22\/jornal-da-franca-grupo-santa-casa-de-franca-inaugura-10-novos-leitos-de-uti-e-chega-a-346-leitos-sus\/","url_meta":{"origin":70135,"position":0},"title":"Jornal da Franca &#8211; Grupo Santa Casa de Franca inaugura 10 novos leitos de UTI e chega a 346 leitos SUS","author":"noticiasribeiraopreto.com.br","date":"22 de May de 2025","format":false,"excerpt":"compartilhar no whatsapp compartilhar no telegram compartilhar no facebook compartilhar no linkedin Governo de S\u00e3o Paulo custear\u00e1 a estrutura, oferecendo maior acesso aos cuidados intensivos, em momento de alta demanda por vagas na rede. Com um investimento de R$ 2,5 milh\u00f5es, o Grupo Santa Casa de Franca implanta mais 10\u2026","rel":"","context":"In &quot;Not\u00edcias de Franca-SP&quot;","block_context":{"text":"Not\u00edcias de Franca-SP","link":"https:\/\/noticiasribeiraopreto.com.br\/index.php\/category\/noticias-de-ribeirao-preto-sp-e-regiao-ismael-colosi\/noticias-franca-sp\/"},"img":{"alt_text":"","src":"https:\/\/i0.wp.com\/noticiasribeiraopreto.com.br\/wp-content\/uploads\/2025\/05\/02-2.jpg?fit=1075%2C649&ssl=1&resize=350%2C200","width":350,"height":200,"srcset":"https:\/\/i0.wp.com\/noticiasribeiraopreto.com.br\/wp-content\/uploads\/2025\/05\/02-2.jpg?fit=1075%2C649&ssl=1&resize=350%2C200 1x, https:\/\/i0.wp.com\/noticiasribeiraopreto.com.br\/wp-content\/uploads\/2025\/05\/02-2.jpg?fit=1075%2C649&ssl=1&resize=525%2C300 1.5x, https:\/\/i0.wp.com\/noticiasribeiraopreto.com.br\/wp-content\/uploads\/2025\/05\/02-2.jpg?fit=1075%2C649&ssl=1&resize=700%2C400 2x, https:\/\/i0.wp.com\/noticiasribeiraopreto.com.br\/wp-content\/uploads\/2025\/05\/02-2.jpg?fit=1075%2C649&ssl=1&resize=1050%2C600 3x"},"classes":[]},{"id":69995,"url":"https:\/\/noticiasribeiraopreto.com.br\/index.php\/2025\/05\/21\/apos-crise-na-saude-com-falta-de-leitos-vacinacao-contra-gripe-e-liberada-em-franca\/","url_meta":{"origin":70135,"position":1},"title":"Ap\u00f3s crise na sa\u00fade com falta de leitos, vacina\u00e7\u00e3o contra gripe \u00e9 liberada em Franca","author":"noticiasribeiraopreto.com.br","date":"21 de May de 2025","format":false,"excerpt":"H\u00e1 quase um m\u00eas, a falta de leitos em Franca e regi\u00e3o voltou a se agravar, al\u00e9m da demora no atendimento em unidades de sa\u00fade do SUS. Depois de interven\u00e7\u00e3o do Minist\u00e9rio P\u00fablico Estadual e haver um aumento na demanda por atendimento, a Prefeitura de Franca divulgou que a vacina\u00e7\u00e3o\u2026","rel":"","context":"In &quot;Not\u00edcias de Franca-SP&quot;","block_context":{"text":"Not\u00edcias de Franca-SP","link":"https:\/\/noticiasribeiraopreto.com.br\/index.php\/category\/noticias-de-ribeirao-preto-sp-e-regiao-ismael-colosi\/noticias-franca-sp\/"},"img":{"alt_text":"","src":"https:\/\/i0.wp.com\/noticiasribeiraopreto.com.br\/wp-content\/uploads\/2025\/05\/vacina-e1716412248187.jpg?fit=700%2C467&ssl=1&resize=350%2C200","width":350,"height":200,"srcset":"https:\/\/i0.wp.com\/noticiasribeiraopreto.com.br\/wp-content\/uploads\/2025\/05\/vacina-e1716412248187.jpg?fit=700%2C467&ssl=1&resize=350%2C200 1x, https:\/\/i0.wp.com\/noticiasribeiraopreto.com.br\/wp-content\/uploads\/2025\/05\/vacina-e1716412248187.jpg?fit=700%2C467&ssl=1&resize=525%2C300 1.5x, https:\/\/i0.wp.com\/noticiasribeiraopreto.com.br\/wp-content\/uploads\/2025\/05\/vacina-e1716412248187.jpg?fit=700%2C467&ssl=1&resize=700%2C400 2x"},"classes":[]},{"id":78034,"url":"https:\/\/noticiasribeiraopreto.com.br\/index.php\/2025\/10\/01\/saude-amplia-leitos-do-sus-no-cantinho-do-ceu\/","url_meta":{"origin":70135,"position":2},"title":"Sa\u00fade amplia leitos \u2028do SUS no &#8220;Cantinho do C\u00e9u&#8221;","author":"noticiasribeiraopreto.com.br","date":"1 de October de 2025","format":false,"excerpt":"1 de outubro de 2025 08:551 de outubro de 2025 08:422 Compartilhar0 Unidade passa a contar com 57 leitos financiados pela Prefeitura, refor\u00e7ando a rede municipal de sa\u00fade\u2028\u2028 A prefeitura de Ribeir\u00e3o Preto anunciou, na \u00faltima segunda-feira, 29 de setembro, a amplia\u00e7\u00e3o dos leitos do Hospital de Retaguarda Cantinho do\u2026","rel":"","context":"In &quot;Not\u00edcias de Ribeir\u00e3o Preto-SP e Regi\u00e3o&quot;","block_context":{"text":"Not\u00edcias de Ribeir\u00e3o Preto-SP e Regi\u00e3o","link":"https:\/\/noticiasribeiraopreto.com.br\/index.php\/category\/noticias-de-ribeirao-preto-sp-e-regiao-ismael-colosi\/"},"img":{"alt_text":"","src":"https:\/\/i0.wp.com\/noticiasribeiraopreto.com.br\/wp-content\/uploads\/2025\/10\/Cantinho-Guilherme-Sircili-scaled.jpeg?fit=1170%2C780&ssl=1&resize=350%2C200","width":350,"height":200,"srcset":"https:\/\/i0.wp.com\/noticiasribeiraopreto.com.br\/wp-content\/uploads\/2025\/10\/Cantinho-Guilherme-Sircili-scaled.jpeg?fit=1170%2C780&ssl=1&resize=350%2C200 1x, https:\/\/i0.wp.com\/noticiasribeiraopreto.com.br\/wp-content\/uploads\/2025\/10\/Cantinho-Guilherme-Sircili-scaled.jpeg?fit=1170%2C780&ssl=1&resize=525%2C300 1.5x, https:\/\/i0.wp.com\/noticiasribeiraopreto.com.br\/wp-content\/uploads\/2025\/10\/Cantinho-Guilherme-Sircili-scaled.jpeg?fit=1170%2C780&ssl=1&resize=700%2C400 2x, https:\/\/i0.wp.com\/noticiasribeiraopreto.com.br\/wp-content\/uploads\/2025\/10\/Cantinho-Guilherme-Sircili-scaled.jpeg?fit=1170%2C780&ssl=1&resize=1050%2C600 3x"},"classes":[]},{"id":68113,"url":"https:\/\/noticiasribeiraopreto.com.br\/index.php\/2025\/04\/22\/implantacao-do-hospital-estadual-de-franca-deve-gerar-13-mil-vagas-de-trabalho\/","url_meta":{"origin":70135,"position":3},"title":"Implanta\u00e7\u00e3o do Hospital Estadual de Franca deve gerar 1,3 mil vagas de trabalho","author":"noticiasribeiraopreto.com.br","date":"22 de April de 2025","format":false,"excerpt":"O Hospital Estadual de Franca, que entrou em etapa final para concluir sua constru\u00e7\u00e3o predial, deve gerar 1,3 mil vagas de trabalho direto. V\u00e3o ser contratados profissionais de medicina, enfermagem, fisioterapia, fono, assist\u00eancia social, terapia ocupacional, entre outras \u00e1reas. A implanta\u00e7\u00e3o da nova unidade de sa\u00fade de alta complexidade na\u2026","rel":"","context":"In &quot;Not\u00edcias de Franca-SP&quot;","block_context":{"text":"Not\u00edcias de Franca-SP","link":"https:\/\/noticiasribeiraopreto.com.br\/index.php\/category\/noticias-de-ribeirao-preto-sp-e-regiao-ismael-colosi\/noticias-franca-sp\/"},"img":{"alt_text":"","src":"https:\/\/i0.wp.com\/noticiasribeiraopreto.com.br\/wp-content\/uploads\/2025\/04\/hospital-regional-franca-03-2025-e1742502355600.jpg?fit=542%2C415&ssl=1&resize=350%2C200","width":350,"height":200,"srcset":"https:\/\/i0.wp.com\/noticiasribeiraopreto.com.br\/wp-content\/uploads\/2025\/04\/hospital-regional-franca-03-2025-e1742502355600.jpg?fit=542%2C415&ssl=1&resize=350%2C200 1x, https:\/\/i0.wp.com\/noticiasribeiraopreto.com.br\/wp-content\/uploads\/2025\/04\/hospital-regional-franca-03-2025-e1742502355600.jpg?fit=542%2C415&ssl=1&resize=525%2C300 1.5x"},"classes":[]},{"id":63302,"url":"https:\/\/noticiasribeiraopreto.com.br\/index.php\/2025\/02\/09\/governador-tarcisio-de-freitas-inicia-obras-do-novo-hc-ue-de-ribeirao-preto\/","url_meta":{"origin":70135,"position":4},"title":"Governador Tarc\u00edsio de Freitas inicia obras do novo HC-UE de Ribeir\u00e3o Preto","author":"noticiasribeiraopreto.com.br","date":"9 de February de 2025","format":false,"excerpt":"O governador de S\u00e3o Paulo, Tarc\u00edsio de Freitas (Republicanos), esteve em Ribeir\u00e3o Preto neste s\u00e1bado (8) e anunciou o in\u00edcio das obras da nova unidade de urg\u00eancia e emerg\u00eancia do Hospital das Cl\u00ednicas do munic\u00edpio. Com um investimento total de R$ 526,3 milh\u00f5es, a estrutura ocupar\u00e1 uma \u00e1rea de 57.825\u2026","rel":"","context":"In &quot;Not\u00edcias de Ribeir\u00e3o Preto-SP e Regi\u00e3o&quot;","block_context":{"text":"Not\u00edcias de Ribeir\u00e3o Preto-SP e Regi\u00e3o","link":"https:\/\/noticiasribeiraopreto.com.br\/index.php\/category\/noticias-de-ribeirao-preto-sp-e-regiao-ismael-colosi\/"},"img":{"alt_text":"","src":"https:\/\/i0.wp.com\/noticiasribeiraopreto.com.br\/wp-content\/uploads\/2025\/02\/54315270519_f8ac8e8441_o_2025-02-09_14-50-19_jpg_2025-02-09_14-50-23-scaled.webp.webp?fit=1200%2C800&ssl=1&resize=350%2C200","width":350,"height":200,"srcset":"https:\/\/i0.wp.com\/noticiasribeiraopreto.com.br\/wp-content\/uploads\/2025\/02\/54315270519_f8ac8e8441_o_2025-02-09_14-50-19_jpg_2025-02-09_14-50-23-scaled.webp.webp?fit=1200%2C800&ssl=1&resize=350%2C200 1x, https:\/\/i0.wp.com\/noticiasribeiraopreto.com.br\/wp-content\/uploads\/2025\/02\/54315270519_f8ac8e8441_o_2025-02-09_14-50-19_jpg_2025-02-09_14-50-23-scaled.webp.webp?fit=1200%2C800&ssl=1&resize=525%2C300 1.5x, https:\/\/i0.wp.com\/noticiasribeiraopreto.com.br\/wp-content\/uploads\/2025\/02\/54315270519_f8ac8e8441_o_2025-02-09_14-50-19_jpg_2025-02-09_14-50-23-scaled.webp.webp?fit=1200%2C800&ssl=1&resize=700%2C400 2x, https:\/\/i0.wp.com\/noticiasribeiraopreto.com.br\/wp-content\/uploads\/2025\/02\/54315270519_f8ac8e8441_o_2025-02-09_14-50-19_jpg_2025-02-09_14-50-23-scaled.webp.webp?fit=1200%2C800&ssl=1&resize=1050%2C600 3x"},"classes":[]},{"id":28381,"url":"https:\/\/noticiasribeiraopreto.com.br\/index.php\/2024\/01\/15\/como-foi-a-festa-de-empresa-que-deixou-um-convidado-sem-vida-e-outros-seis-internados-alguns-em-estado-grave\/","url_meta":{"origin":70135,"position":5},"title":"Como foi a festa de empresa que deixou um convidado sem vida e outros seis internados, alguns em estado grave","author":"noticiasribeiraopreto.com.br","date":"15 de January de 2024","format":false,"excerpt":"Nesta segunda-feira (15), cinco indiv\u00edduos permanecem hospitalizados na Santa Casa de Miseric\u00f3rdia na cidade de Patroc\u00ednio, localizada na regi\u00e3o do Tri\u00e2ngulo Mineiro, apresentando ind\u00edcios de intoxica\u00e7\u00e3o alimentar.Essas pessoas manifestaram sintomas adversos ap\u00f3s participarem de um evento de confraterniza\u00e7\u00e3o promovido por uma empresa local.O sexto participante da celebra\u00e7\u00e3o recebeu alta no\u2026","rel":"","context":"In &quot;Blog&quot;","block_context":{"text":"Blog","link":"https:\/\/noticiasribeiraopreto.com.br\/index.php\/category\/blog\/"},"img":{"alt_text":"","src":"https:\/\/i0.wp.com\/noticiasribeiraopreto.com.br\/wp-content\/uploads\/2024\/01\/postimg-65a591fe0e9589859.jpg?fit=1200%2C628&ssl=1&resize=350%2C200","width":350,"height":200,"srcset":"https:\/\/i0.wp.com\/noticiasribeiraopreto.com.br\/wp-content\/uploads\/2024\/01\/postimg-65a591fe0e9589859.jpg?fit=1200%2C628&ssl=1&resize=350%2C200 1x, https:\/\/i0.wp.com\/noticiasribeiraopreto.com.br\/wp-content\/uploads\/2024\/01\/postimg-65a591fe0e9589859.jpg?fit=1200%2C628&ssl=1&resize=525%2C300 1.5x, https:\/\/i0.wp.com\/noticiasribeiraopreto.com.br\/wp-content\/uploads\/2024\/01\/postimg-65a591fe0e9589859.jpg?fit=1200%2C628&ssl=1&resize=700%2C400 2x, https:\/\/i0.wp.com\/noticiasribeiraopreto.com.br\/wp-content\/uploads\/2024\/01\/postimg-65a591fe0e9589859.jpg?fit=1200%2C628&ssl=1&resize=1050%2C600 3x"},"classes":[]}],"jetpack_sharing_enabled":true,"jetpack_shortlink":"https:\/\/wp.me\/peQAOb-ifd","_links":{"self":[{"href":"https:\/\/noticiasribeiraopreto.com.br\/index.php\/wp-json\/wp\/v2\/posts\/70135","targetHints":{"allow":["GET"]}}],"collection":[{"href":"https:\/\/noticiasribeiraopreto.com.br\/index.php\/wp-json\/wp\/v2\/posts"}],"about":[{"href":"https:\/\/noticiasribeiraopreto.com.br\/index.php\/wp-json\/wp\/v2\/types\/post"}],"author":[{"embeddable":true,"href":"https:\/\/noticiasribeiraopreto.com.br\/index.php\/wp-json\/wp\/v2\/users\/1"}],"replies":[{"embeddable":true,"href":"https:\/\/noticiasribeiraopreto.com.br\/index.php\/wp-json\/wp\/v2\/comments?post=70135"}],"version-history":[{"count":0,"href":"https:\/\/noticiasribeiraopreto.com.br\/index.php\/wp-json\/wp\/v2\/posts\/70135\/revisions"}],"wp:featuredmedia":[{"embeddable":true,"href":"https:\/\/noticiasribeiraopreto.com.br\/index.php\/wp-json\/wp\/v2\/media\/70136"}],"wp:attachment":[{"href":"https:\/\/noticiasribeiraopreto.com.br\/index.php\/wp-json\/wp\/v2\/media?parent=70135"}],"wp:term":[{"taxonomy":"category","embeddable":true,"href":"https:\/\/noticiasribeiraopreto.com.br\/index.php\/wp-json\/wp\/v2\/categories?post=70135"},{"taxonomy":"post_tag","embeddable":true,"href":"https:\/\/noticiasribeiraopreto.com.br\/index.php\/wp-json\/wp\/v2\/tags?post=70135"}],"curies":[{"name":"wp","href":"https:\/\/api.w.org\/{rel}","templated":true}]}}