{"id":70139,"date":"2025-05-23T03:58:27","date_gmt":"2025-05-23T06:58:27","guid":{"rendered":"https:\/\/noticiasribeiraopreto.com.br\/index.php\/2025\/05\/23\/festividades-para-homenagear-santa-rita-tem-procissao-e-quermesse-ate-dia-25-5\/"},"modified":"2025-05-23T03:58:27","modified_gmt":"2025-05-23T06:58:27","slug":"festividades-para-homenagear-santa-rita-tem-procissao-e-quermesse-ate-dia-25-5","status":"publish","type":"post","link":"https:\/\/noticiasribeiraopreto.com.br\/index.php\/2025\/05\/23\/festividades-para-homenagear-santa-rita-tem-procissao-e-quermesse-ate-dia-25-5\/","title":{"rendered":"Festividades para homenagear Santa Rita tem prociss\u00e3o e quermesse at\u00e9 dia 25\/5"},"content":{"rendered":"<div class='code-block code-block-1' style='margin: 8px 0 8px auto; text-align: right; display: block; clear: both;'>\n<p><a href=\"https:\/\/wa.link\/vpicfd\"><img data-recalc-dims=\"1\" class=\"wp-image-4922\" style=\"aspect-ratio: 2.0253164556962027; width: 561px; height: auto;\" src=\"https:\/\/i0.wp.com\/ismaelcolosi.com.br\/wp-content\/uploads\/2023\/11\/grupo-de-empregos-whatsapp-e-facebook-ismael-colosi-vagas.jpg?ssl=1\" alt=\"\" \/><\/a><\/p>\n<!-- \/wp:image -->\n<\/div>\n<p> <br \/>\n<\/p>\n<div>\n<p>A Par\u00f3quia Santa Rita, em Franca, est\u00e1 com celebra\u00e7\u00f5es e festividades por conta do dia de Santa Rita de C\u00e1ssia, comemorado neste 22\/5. Neste dia, as missas s\u00e3o celebradas ao longo de toda a quinta-feira e \u00e0s 18h30 tem prociss\u00e3o luminosa com a imagem e missa campal. A expectativa \u00e9 que at\u00e9 25 mil pessoas fiquem reunidas. Al\u00e9m das celebra\u00e7\u00f5es religiosas, tem a Festa de Santa Rita, que come\u00e7ou neste dia 21 e vai at\u00e9 o dia 25\/5.<\/p>\n<p>A festa vai ter apresenta\u00e7\u00f5es musiciais com Giovana Moreira, Rico Figueiredo, Jo\u00e3o Carlos &amp; Leonardo, Jo\u00e3o Guilherme &amp; Cuiabano e Chapec\u00f3 &amp; Maraj\u00e1. As apresenta\u00e7\u00f5es est\u00e3o marcadas para o almo\u00e7o de domingo, no dia 25\/5, a partir das 11h, e h\u00e1 venda de ingressos no valor de R$ 25 a por\u00e7\u00e3o.<\/p>\n<p><img data-recalc-dims=\"1\" loading=\"lazy\" decoding=\"async\" class=\"alignnone size-full wp-image-37444\" src=\"https:\/\/i0.wp.com\/www.f3noticias.com.br\/wp-content\/uploads\/2025\/05\/santa-rita-de-cassia.png?resize=650%2C403&#038;ssl=1\" alt=\"\" width=\"650\" height=\"403\" srcset=\"https:\/\/www.f3noticias.com.br\/wp-content\/uploads\/2025\/05\/santa-rita-de-cassia.png 650w, https:\/\/www.f3noticias.com.br\/wp-content\/uploads\/2025\/05\/santa-rita-de-cassia-300x186.png 300w\" sizes=\"auto, (max-width: 650px) 100vw, 650px\"\/><\/p>\n<p>Na quermesse, tem tamb\u00e9m barracas de comidas, com espeto, batata frita, fogazza, macarr\u00e3o, batata recheada, milho verde, frango a passarinho, mini pizza, caldo, cachorro-quente, p\u00e3o com lingui\u00e7a, doces e bombons. A par\u00f3quia tamb\u00e9m separou espa\u00e7o para crian\u00e7as, com pescaria e pula-pula.<\/p>\n<p>A par\u00f3quia fica na alameda Arminda Nogueira, 1735, na Vila Industrial, e as festividades est\u00e3o sendo realizadas na pra\u00e7a Ant\u00f4nio Reche Martos.<\/p>\n<p>Santa Rita de C\u00e1ssia \u00e9 conhecida como a advogada das causas imposs\u00edveis e re\u00fane milhares de fi\u00e9is na cidade e na regi\u00e3o. O contato para d\u00favidas sobre os eventos podem ser feito pelo telefone (16) 3702-0630<\/p>\n<p>\u00a0<\/p>\n<\/p><\/div>\n<p><br \/>\n<br \/><a href=\"https:\/\/www.f3noticias.com.br\/festividades-para-homenagear-santa-rita-tem-procissao-e-quermesse-ate-dia-25-5\/\">Source link <\/a><\/p>\n<!-- CONTENT END 1 -->\n","protected":false},"excerpt":{"rendered":"<p>A Par\u00f3quia Santa Rita, em Franca, est\u00e1 com celebra\u00e7\u00f5es e festividades por conta do dia de Santa Rita de C\u00e1ssia, comemorado neste 22\/5. Neste dia,&#8230;<\/p>\n","protected":false},"author":1,"featured_media":70140,"comment_status":"open","ping_status":"open","sticky":false,"template":"","format":"standard","meta":{"advanced_seo_description":"","jetpack_seo_html_title":"","jetpack_seo_noindex":false,"jetpack_post_was_ever_published":false,"_jetpack_newsletter_access":"","_jetpack_dont_email_post_to_subs":false,"_jetpack_newsletter_tier_id":0,"_jetpack_memberships_contains_paywalled_content":false,"_jetpack_memberships_contains_paid_content":false,"footnotes":"","jetpack_publicize_message":"","jetpack_publicize_feature_enabled":true,"jetpack_social_post_already_shared":true,"jetpack_social_options":{"image_generator_settings":{"template":"highway","default_image_id":0,"font":"","enabled":false},"version":2}},"categories":[3597],"tags":[],"class_list":["post-70139","post","type-post","status-publish","format-standard","has-post-thumbnail","hentry","category-noticias-franca-sp"],"jetpack_publicize_connections":[],"jetpack_featured_media_url":"https:\/\/i0.wp.com\/noticiasribeiraopreto.com.br\/wp-content\/uploads\/2025\/05\/santa-rita-de-cassia-quermesse.png?fit=650%2C471&ssl=1","jetpack-related-posts":[{"id":69828,"url":"https:\/\/noticiasribeiraopreto.com.br\/index.php\/2025\/05\/09\/quermesse-de-santa-rita-comeca-nesta-sexta-em-paroquia-de-ribeirao-preto\/","url_meta":{"origin":70139,"position":0},"title":"Quermesse de Santa Rita come\u00e7a nesta sexta em par\u00f3quia de Ribeir\u00e3o Preto","author":"noticiasribeiraopreto.com.br","date":"9 de May de 2025","format":false,"excerpt":"A Par\u00f3quia Santa Rita de C\u00e1ssia d\u00e1 in\u00edcio a uma festa em louvor \u00e0 padroeira neste fim de semana, no Jardim Independ\u00eancia, zona Norte de Ribeir\u00e3o Preto. A quermesse acontecer\u00e1 nos dias 9, 10, 11, 16, 17, 18, 21, 22, 23, 24 e 25 de maio, a partir das 19h,\u2026","rel":"","context":"In &quot;Not\u00edcias de Ribeir\u00e3o Preto-SP e Regi\u00e3o&quot;","block_context":{"text":"Not\u00edcias de Ribeir\u00e3o Preto-SP e Regi\u00e3o","link":"https:\/\/noticiasribeiraopreto.com.br\/index.php\/category\/noticias-de-ribeirao-preto-sp-e-regiao-ismael-colosi\/"},"img":{"alt_text":"","src":"https:\/\/i0.wp.com\/noticiasribeiraopreto.com.br\/wp-content\/uploads\/2024\/06\/post_thumbnail-1f63411e2262f51983f7f45de9cc2a4f_2024-06-11_13-22-17_jpeg_2024-06-11_13-22-19.webp.webp?fit=1200%2C800&ssl=1&resize=350%2C200","width":350,"height":200,"srcset":"https:\/\/i0.wp.com\/noticiasribeiraopreto.com.br\/wp-content\/uploads\/2024\/06\/post_thumbnail-1f63411e2262f51983f7f45de9cc2a4f_2024-06-11_13-22-17_jpeg_2024-06-11_13-22-19.webp.webp?fit=1200%2C800&ssl=1&resize=350%2C200 1x, https:\/\/i0.wp.com\/noticiasribeiraopreto.com.br\/wp-content\/uploads\/2024\/06\/post_thumbnail-1f63411e2262f51983f7f45de9cc2a4f_2024-06-11_13-22-17_jpeg_2024-06-11_13-22-19.webp.webp?fit=1200%2C800&ssl=1&resize=525%2C300 1.5x, https:\/\/i0.wp.com\/noticiasribeiraopreto.com.br\/wp-content\/uploads\/2024\/06\/post_thumbnail-1f63411e2262f51983f7f45de9cc2a4f_2024-06-11_13-22-17_jpeg_2024-06-11_13-22-19.webp.webp?fit=1200%2C800&ssl=1&resize=700%2C400 2x, https:\/\/i0.wp.com\/noticiasribeiraopreto.com.br\/wp-content\/uploads\/2024\/06\/post_thumbnail-1f63411e2262f51983f7f45de9cc2a4f_2024-06-11_13-22-17_jpeg_2024-06-11_13-22-19.webp.webp?fit=1200%2C800&ssl=1&resize=1050%2C600 3x"},"classes":[]},{"id":84775,"url":"https:\/\/noticiasribeiraopreto.com.br\/index.php\/2026\/04\/15\/quermesse-de-santa-rita-sera-realizada-em-10-dias-de-maio-em-paroquia-de-ribeirao-preto\/","url_meta":{"origin":70139,"position":1},"title":"Quermesse de Santa Rita ser\u00e1 realizada em 10 dias de maio em par\u00f3quia de Ribeir\u00e3o Preto","author":"noticiasribeiraopreto.com.br","date":"15 de April de 2026","format":false,"excerpt":"00:00 A+ A- Ler o resumo da not\u00edcia \r Par\u00f3quia Santa Rita de C\u00e1ssia promove quermesse em louvor \u00e0 padroeira de 8 a 24 de maio, em Ribeir\u00e3o Preto.\r Evento ocorre na Rua Primo Furquim, 18, no Jardim Independ\u00eancia, zona Norte da cidade.\r No dia 22 de maio, data de\u2026","rel":"","context":"In &quot;Not\u00edcias de Ribeir\u00e3o Preto-SP e Regi\u00e3o&quot;","block_context":{"text":"Not\u00edcias de Ribeir\u00e3o Preto-SP e Regi\u00e3o","link":"https:\/\/noticiasribeiraopreto.com.br\/index.php\/category\/noticias-de-ribeirao-preto-sp-e-regiao-ismael-colosi\/"},"img":{"alt_text":"","src":"https:\/\/i0.wp.com\/noticiasribeiraopreto.com.br\/wp-content\/uploads\/2026\/04\/santaritacassiaribeirao_2026-04-15_14-50-55.webp.webp?fit=804%2C534&ssl=1&resize=350%2C200","width":350,"height":200,"srcset":"https:\/\/i0.wp.com\/noticiasribeiraopreto.com.br\/wp-content\/uploads\/2026\/04\/santaritacassiaribeirao_2026-04-15_14-50-55.webp.webp?fit=804%2C534&ssl=1&resize=350%2C200 1x, https:\/\/i0.wp.com\/noticiasribeiraopreto.com.br\/wp-content\/uploads\/2026\/04\/santaritacassiaribeirao_2026-04-15_14-50-55.webp.webp?fit=804%2C534&ssl=1&resize=525%2C300 1.5x, https:\/\/i0.wp.com\/noticiasribeiraopreto.com.br\/wp-content\/uploads\/2026\/04\/santaritacassiaribeirao_2026-04-15_14-50-55.webp.webp?fit=804%2C534&ssl=1&resize=700%2C400 2x"},"classes":[]},{"id":50984,"url":"https:\/\/noticiasribeiraopreto.com.br\/index.php\/2024\/05\/22\/catedral-e-sete-capelas-em-ribeirao-fazem-missas-de-santa-rita-nesta-quarta\/","url_meta":{"origin":70139,"position":2},"title":"Catedral e Sete Capelas em Ribeir\u00e3o fazem missas de Santa Rita nesta quarta","author":"noticiasribeiraopreto.com.br","date":"22 de May de 2024","format":false,"excerpt":"A Catedral de S\u00e3o Sebasti\u00e3o e o Santu\u00e1rio das Sete Capelas, em Ribeir\u00e3o Preto, ter\u00e3o missas pelo Dia de Santa Rita de C\u00e1ssia, nesta quarta-feira (22). Confira: Catedral de S\u00e3o Sebasti\u00e3o Missas: 7h30 \/ 12h \/ 18h30 Em todas as celebra\u00e7\u00f5es haver\u00e1 ben\u00e7\u00e3o de rosas Endere\u00e7o: Pra\u00e7a das Bandeiras, s\/n\u00ba\u2026","rel":"","context":"In &quot;Not\u00edcias de Ribeir\u00e3o Preto-SP e Regi\u00e3o&quot;","block_context":{"text":"Not\u00edcias de Ribeir\u00e3o Preto-SP e Regi\u00e3o","link":"https:\/\/noticiasribeiraopreto.com.br\/index.php\/category\/noticias-de-ribeirao-preto-sp-e-regiao-ismael-colosi\/"},"img":{"alt_text":"","src":"https:\/\/i0.wp.com\/noticiasribeiraopreto.com.br\/wp-content\/uploads\/2024\/05\/catedral_ribeirao_1024x576_15082020124433.jpg?fit=1024%2C576&ssl=1&resize=350%2C200","width":350,"height":200,"srcset":"https:\/\/i0.wp.com\/noticiasribeiraopreto.com.br\/wp-content\/uploads\/2024\/05\/catedral_ribeirao_1024x576_15082020124433.jpg?fit=1024%2C576&ssl=1&resize=350%2C200 1x, https:\/\/i0.wp.com\/noticiasribeiraopreto.com.br\/wp-content\/uploads\/2024\/05\/catedral_ribeirao_1024x576_15082020124433.jpg?fit=1024%2C576&ssl=1&resize=525%2C300 1.5x, https:\/\/i0.wp.com\/noticiasribeiraopreto.com.br\/wp-content\/uploads\/2024\/05\/catedral_ribeirao_1024x576_15082020124433.jpg?fit=1024%2C576&ssl=1&resize=700%2C400 2x"},"classes":[]},{"id":70061,"url":"https:\/\/noticiasribeiraopreto.com.br\/index.php\/2025\/05\/22\/quermesse-celebra-dia-de-santa-rita-em-ribeirao-preto-veja-a-programacao\/","url_meta":{"origin":70139,"position":3},"title":"Quermesse celebra dia de Santa Rita em Ribeir\u00e3o Preto; Veja a programa\u00e7\u00e3o","author":"noticiasribeiraopreto.com.br","date":"22 de May de 2025","format":false,"excerpt":"O dia de Santa Rita de C\u00e1ssia \u00e9 celebrado nesta quinta-feira (22) com missas e quermesse na Par\u00f3quia Santa Rita de C\u00e1ssia, no Jardim Independ\u00eancia, em Ribeir\u00e3o Preto. A entrada \u00e9 gratuita. LEIA TAMB\u00c9MConfira todas as quermesses de Ribeir\u00e3o Preto e regi\u00e3o Santa Rita de C\u00e1ssia nasceu na It\u00e1lia, em\u2026","rel":"","context":"In &quot;Not\u00edcias de Ribeir\u00e3o Preto-SP e Regi\u00e3o&quot;","block_context":{"text":"Not\u00edcias de Ribeir\u00e3o Preto-SP e Regi\u00e3o","link":"https:\/\/noticiasribeiraopreto.com.br\/index.php\/category\/noticias-de-ribeirao-preto-sp-e-regiao-ismael-colosi\/"},"img":{"alt_text":"","src":"https:\/\/i0.wp.com\/noticiasribeiraopreto.com.br\/wp-content\/uploads\/2025\/05\/ShoppingdeRibeiroPretopromovefestajuninaejulinacombalonismo_Tamanho_2_image.jpg?fit=1200%2C900&ssl=1&resize=350%2C200","width":350,"height":200,"srcset":"https:\/\/i0.wp.com\/noticiasribeiraopreto.com.br\/wp-content\/uploads\/2025\/05\/ShoppingdeRibeiroPretopromovefestajuninaejulinacombalonismo_Tamanho_2_image.jpg?fit=1200%2C900&ssl=1&resize=350%2C200 1x, https:\/\/i0.wp.com\/noticiasribeiraopreto.com.br\/wp-content\/uploads\/2025\/05\/ShoppingdeRibeiroPretopromovefestajuninaejulinacombalonismo_Tamanho_2_image.jpg?fit=1200%2C900&ssl=1&resize=525%2C300 1.5x, https:\/\/i0.wp.com\/noticiasribeiraopreto.com.br\/wp-content\/uploads\/2025\/05\/ShoppingdeRibeiroPretopromovefestajuninaejulinacombalonismo_Tamanho_2_image.jpg?fit=1200%2C900&ssl=1&resize=700%2C400 2x, https:\/\/i0.wp.com\/noticiasribeiraopreto.com.br\/wp-content\/uploads\/2025\/05\/ShoppingdeRibeiroPretopromovefestajuninaejulinacombalonismo_Tamanho_2_image.jpg?fit=1200%2C900&ssl=1&resize=1050%2C600 3x"},"classes":[]},{"id":51822,"url":"https:\/\/noticiasribeiraopreto.com.br\/index.php\/2024\/05\/30\/catedral-de-ribeirao-preto-tem-missa-com-tapetes-de-corpus-christi-veja-o-horario\/","url_meta":{"origin":70139,"position":4},"title":"Catedral de Ribeir\u00e3o Preto tem missa com tapetes de Corpus Christi; Veja o hor\u00e1rio","author":"noticiasribeiraopreto.com.br","date":"30 de May de 2024","format":false,"excerpt":"A Catedral Metropolitana de S\u00e3o Sebasti\u00e3o ter\u00e1 missa de Corpus Christi seguida de prociss\u00e3o nesta quinta-feira (30), \u00e0s 18h30, em Ribeir\u00e3o Preto. Esta ser\u00e1 a \u00faltima das tr\u00eas celebra\u00e7\u00f5es programadas neste dia. As outras foram realizadas \u00e0s 7h30 e 12h. Segundo a Catedral, a prociss\u00e3o percorrer\u00e1 ruas do Centro da\u2026","rel":"","context":"In &quot;Not\u00edcias de Ribeir\u00e3o Preto-SP e Regi\u00e3o&quot;","block_context":{"text":"Not\u00edcias de Ribeir\u00e3o Preto-SP e Regi\u00e3o","link":"https:\/\/noticiasribeiraopreto.com.br\/index.php\/category\/noticias-de-ribeirao-preto-sp-e-regiao-ismael-colosi\/"},"img":{"alt_text":"","src":"https:\/\/i0.wp.com\/noticiasribeiraopreto.com.br\/wp-content\/uploads\/2024\/05\/WhatsApp-Image-2024-05-30-at-10.25.16-1_2024-05-30_16-01-31_jpeg_2024-05-30_16-01-33-scaled.webp.webp?fit=1200%2C675&ssl=1&resize=350%2C200","width":350,"height":200,"srcset":"https:\/\/i0.wp.com\/noticiasribeiraopreto.com.br\/wp-content\/uploads\/2024\/05\/WhatsApp-Image-2024-05-30-at-10.25.16-1_2024-05-30_16-01-31_jpeg_2024-05-30_16-01-33-scaled.webp.webp?fit=1200%2C675&ssl=1&resize=350%2C200 1x, https:\/\/i0.wp.com\/noticiasribeiraopreto.com.br\/wp-content\/uploads\/2024\/05\/WhatsApp-Image-2024-05-30-at-10.25.16-1_2024-05-30_16-01-31_jpeg_2024-05-30_16-01-33-scaled.webp.webp?fit=1200%2C675&ssl=1&resize=525%2C300 1.5x, https:\/\/i0.wp.com\/noticiasribeiraopreto.com.br\/wp-content\/uploads\/2024\/05\/WhatsApp-Image-2024-05-30-at-10.25.16-1_2024-05-30_16-01-31_jpeg_2024-05-30_16-01-33-scaled.webp.webp?fit=1200%2C675&ssl=1&resize=700%2C400 2x, https:\/\/i0.wp.com\/noticiasribeiraopreto.com.br\/wp-content\/uploads\/2024\/05\/WhatsApp-Image-2024-05-30-at-10.25.16-1_2024-05-30_16-01-31_jpeg_2024-05-30_16-01-33-scaled.webp.webp?fit=1200%2C675&ssl=1&resize=1050%2C600 3x"},"classes":[]},{"id":50955,"url":"https:\/\/noticiasribeiraopreto.com.br\/index.php\/2024\/05\/22\/santa-rita-de-cassia-conheca-a-historia-da-padroeira-das-causas-impossiveis\/","url_meta":{"origin":70139,"position":5},"title":"Santa Rita de C\u00e1ssia: Conhe\u00e7a a hist\u00f3ria da padroeira das causas imposs\u00edveis","author":"noticiasribeiraopreto.com.br","date":"22 de May de 2024","format":false,"excerpt":"Nesta quarta-feira (22), \u00e9 comemorado o dia de Santa Rita de C\u00e1ssia, padroeira das causas imposs\u00edveis, protetora das vi\u00favas e conhecida como a \u201csanta das rosas\u201c. A religiosa nasceu em 1381, em Roccaporena, na It\u00e1lia, pr\u00f3ximo \u00e0 cidade de C\u00e1ssia. Ela aprendeu desde a inf\u00e2ncia os valores crist\u00e3os e at\u00e9\u2026","rel":"","context":"In &quot;Not\u00edcias de Ribeir\u00e3o Preto-SP e Regi\u00e3o&quot;","block_context":{"text":"Not\u00edcias de Ribeir\u00e3o Preto-SP e Regi\u00e3o","link":"https:\/\/noticiasribeiraopreto.com.br\/index.php\/category\/noticias-de-ribeirao-preto-sp-e-regiao-ismael-colosi\/"},"img":{"alt_text":"","src":"https:\/\/i0.wp.com\/noticiasribeiraopreto.com.br\/wp-content\/uploads\/2024\/05\/WhatsApp-Image-2024-05-22-at-07.48.59_2024-05-22_11-38-16_jpeg_2024-05-22_11-38-16.webp.webp?fit=1200%2C675&ssl=1&resize=350%2C200","width":350,"height":200,"srcset":"https:\/\/i0.wp.com\/noticiasribeiraopreto.com.br\/wp-content\/uploads\/2024\/05\/WhatsApp-Image-2024-05-22-at-07.48.59_2024-05-22_11-38-16_jpeg_2024-05-22_11-38-16.webp.webp?fit=1200%2C675&ssl=1&resize=350%2C200 1x, https:\/\/i0.wp.com\/noticiasribeiraopreto.com.br\/wp-content\/uploads\/2024\/05\/WhatsApp-Image-2024-05-22-at-07.48.59_2024-05-22_11-38-16_jpeg_2024-05-22_11-38-16.webp.webp?fit=1200%2C675&ssl=1&resize=525%2C300 1.5x, https:\/\/i0.wp.com\/noticiasribeiraopreto.com.br\/wp-content\/uploads\/2024\/05\/WhatsApp-Image-2024-05-22-at-07.48.59_2024-05-22_11-38-16_jpeg_2024-05-22_11-38-16.webp.webp?fit=1200%2C675&ssl=1&resize=700%2C400 2x, https:\/\/i0.wp.com\/noticiasribeiraopreto.com.br\/wp-content\/uploads\/2024\/05\/WhatsApp-Image-2024-05-22-at-07.48.59_2024-05-22_11-38-16_jpeg_2024-05-22_11-38-16.webp.webp?fit=1200%2C675&ssl=1&resize=1050%2C600 3x"},"classes":[]}],"jetpack_sharing_enabled":true,"jetpack_shortlink":"https:\/\/wp.me\/peQAOb-ifh","_links":{"self":[{"href":"https:\/\/noticiasribeiraopreto.com.br\/index.php\/wp-json\/wp\/v2\/posts\/70139","targetHints":{"allow":["GET"]}}],"collection":[{"href":"https:\/\/noticiasribeiraopreto.com.br\/index.php\/wp-json\/wp\/v2\/posts"}],"about":[{"href":"https:\/\/noticiasribeiraopreto.com.br\/index.php\/wp-json\/wp\/v2\/types\/post"}],"author":[{"embeddable":true,"href":"https:\/\/noticiasribeiraopreto.com.br\/index.php\/wp-json\/wp\/v2\/users\/1"}],"replies":[{"embeddable":true,"href":"https:\/\/noticiasribeiraopreto.com.br\/index.php\/wp-json\/wp\/v2\/comments?post=70139"}],"version-history":[{"count":0,"href":"https:\/\/noticiasribeiraopreto.com.br\/index.php\/wp-json\/wp\/v2\/posts\/70139\/revisions"}],"wp:featuredmedia":[{"embeddable":true,"href":"https:\/\/noticiasribeiraopreto.com.br\/index.php\/wp-json\/wp\/v2\/media\/70140"}],"wp:attachment":[{"href":"https:\/\/noticiasribeiraopreto.com.br\/index.php\/wp-json\/wp\/v2\/media?parent=70139"}],"wp:term":[{"taxonomy":"category","embeddable":true,"href":"https:\/\/noticiasribeiraopreto.com.br\/index.php\/wp-json\/wp\/v2\/categories?post=70139"},{"taxonomy":"post_tag","embeddable":true,"href":"https:\/\/noticiasribeiraopreto.com.br\/index.php\/wp-json\/wp\/v2\/tags?post=70139"}],"curies":[{"name":"wp","href":"https:\/\/api.w.org\/{rel}","templated":true}]}}