{"id":70149,"date":"2025-05-23T08:38:35","date_gmt":"2025-05-23T11:38:35","guid":{"rendered":"https:\/\/noticiasribeiraopreto.com.br\/index.php\/2025\/05\/23\/videos-fios-pegam-fogo-no-centro\/"},"modified":"2025-05-23T08:38:35","modified_gmt":"2025-05-23T11:38:35","slug":"videos-fios-pegam-fogo-no-centro","status":"publish","type":"post","link":"https:\/\/noticiasribeiraopreto.com.br\/index.php\/2025\/05\/23\/videos-fios-pegam-fogo-no-centro\/","title":{"rendered":"V\u00cdDEOS &#8211; Fios pegam fogo no Centro"},"content":{"rendered":"<div class='code-block code-block-1' style='margin: 8px 0 8px auto; text-align: right; display: block; clear: both;'>\n<p><a href=\"https:\/\/wa.link\/vpicfd\"><img data-recalc-dims=\"1\" class=\"wp-image-4922\" style=\"aspect-ratio: 2.0253164556962027; width: 561px; height: auto;\" src=\"https:\/\/i0.wp.com\/ismaelcolosi.com.br\/wp-content\/uploads\/2023\/11\/grupo-de-empregos-whatsapp-e-facebook-ismael-colosi-vagas.jpg?ssl=1\" alt=\"\" \/><\/a><\/p>\n<!-- \/wp:image -->\n<\/div>\n<p> <br \/>\n<\/p>\n<div id=\"post-426585\">\n<header class=\"entry-header penci-entry-header penci-title-center\">\n<h2 class=\"penci-post-subtitle\">L\u00ednguas de fogo se formaram na fia\u00e7\u00e3o el\u00e9trica e assustaram pedestres e motoristas<\/h2>\n<p>\n\t\t\t\t\t\t\t\t\t<span class=\"entry-meta-item penci-posted-on\"><i class=\"fa fa-clock-o\"\/><time class=\"entry-date published\" datetime=\"2025-05-23T08:38:02-03:00\">23 de maio de 2025 08:38<\/time><time class=\"updated\" datetime=\"2025-05-23T08:38:34-03:00\">23 de maio de 2025 08:38<\/time><\/span><span class=\"entry-meta-item penci-post-countview\"><span class=\"entry-meta-item penci-post-countview penci_post-meta_item\"><i class=\"fa fa-eye\"\/><span class=\"penci-post-countview-number penci-post-countview-p426585\">0<\/span><\/span><\/span>\t\t\t\t\t\t\t\t<\/p>\n<p><!-- .entry-meta --><br \/>\n\t\t\t\t\t\t\t\t<span class=\"penci-social-buttons penci-social-share-footer\"><span class=\"penci-social-share-text\">Compartilhar<\/span><a href=\"#\" class=\"penci-post-like penci_post-meta_item  single-like-button penci-social-item like\" data-post_id=\"426585\" title=\"Like\" data-like=\"Like\" data-unlike=\"Unlike\"><i class=\"fa fa-thumbs-o-up\"\/><span class=\"penci-share-number\">0<\/span><\/a><i class=\"fa fa-facebook\"\/><a class=\"penci-social-item twitter\" target=\"_blank\" rel=\"noopener\" title=\"\" href=\"https:\/\/twitter.com\/intent\/tweet?text=V\u00cdDEOS%20-%20Fios%20pegam%20fogo%20no%20Centro%20-%20https:\/\/www.tribunaribeirao.com.br\/videos-fios-pegam-fogo-no-centro\/\"><i class=\"fa fa-twitter\"\/><\/a><i class=\"fa fa-linkedin\"\/><i class=\"fa fa-whatsapp\"\/><i class=\"fa fa-telegram\"\/><i class=\"fa fa-envelope\"\/><\/span>\t\t\t\t\t\t\t<\/header>\n<p><!-- .entry-header --><\/p>\n<div class=\"entry-media penci-entry-media\">\n<p><iframe loading=\"lazy\" title=\"Fogo fios Centro 1\" width=\"500\" height=\"281\" src=\"https:\/\/www.youtube.com\/embed\/L8pDg7Zq54M?feature=oembed\" frameborder=\"0\" allow=\"accelerometer; autoplay; clipboard-write; encrypted-media; gyroscope; picture-in-picture; web-share\" referrerpolicy=\"strict-origin-when-cross-origin\" allowfullscreen><\/iframe><\/p>\n<\/p><\/div>\n<div class=\"penci-entry-content entry-content\">\n<p>Por: Adalberto Luque<\/p>\n<p>Um inc\u00eandio por motivos ainda n\u00e3o esclarecidos atingiu a fia\u00e7\u00e3o el\u00e9trica presa aos postes, no cruzamento das ruas Flor\u00eancio de Abreu com \u00c1lvares Cabral, no Centro de Ribeir\u00e3o Preto. O fogo come\u00e7ou no final da tarde desta quinta-feira (22).<\/p>\n<p><iframe loading=\"lazy\" title=\"Fogo fios Centro 2\" width=\"500\" height=\"281\" src=\"https:\/\/www.youtube.com\/embed\/lwdAB4lskSI?feature=oembed\" frameborder=\"0\" allow=\"accelerometer; autoplay; clipboard-write; encrypted-media; gyroscope; picture-in-picture; web-share\" referrerpolicy=\"strict-origin-when-cross-origin\" allowfullscreen><\/iframe><\/p>\n<p>De acordo com o Corpo de Bombeiros, parte da fia\u00e7\u00e3o, aparentemente e em sua maioria composta de fios e cabos de internet e telef\u00f4nicos, come\u00e7ou a pegar fogo em uma grande propor\u00e7\u00e3o e extens\u00e3o. A corpora\u00e7\u00e3o foi acionada para controlar a situa\u00e7\u00e3o.<\/p>\n<p>A RP Mobi interditou ruas pr\u00f3ximas, diante do risco das chamas atingirem ve\u00edculos e pedestres que passavam por l\u00e1. O Corpo de Bombeiros iniciou o combate \u00e0s chamas, que foram rapidamente extintas.<\/p>\n<p><iframe loading=\"lazy\" title=\"Fogo fios Centro 3\" width=\"500\" height=\"281\" src=\"https:\/\/www.youtube.com\/embed\/DcmmRCOz5pg?feature=oembed\" frameborder=\"0\" allow=\"accelerometer; autoplay; clipboard-write; encrypted-media; gyroscope; picture-in-picture; web-share\" referrerpolicy=\"strict-origin-when-cross-origin\" allowfullscreen><\/iframe><\/p>\n<p>Os bombeiros tamb\u00e9m requisitaram o apoio da CPFL Paulista para averiguar a parte el\u00e9trica do poste onde provavelmente se iniciou o inc\u00eandio. A reportagem solicitou informa\u00e7\u00f5es da CPFL Paulista, mas at\u00e9 a publica\u00e7\u00e3o da mat\u00e9ria n\u00e3o recebeu retorno. Assim que isso ocorrer, o texto ser\u00e1 atualizado.<\/p>\n<\/div>\n<p><!-- .entry-content --><\/p>\n<footer class=\"penci-entry-footer\">\n\t\t\t\t\t\t\t\t<span class=\"penci-social-buttons penci-social-share-footer\"><span class=\"penci-social-share-text\">Compartilhar<\/span><a href=\"#\" class=\"penci-post-like penci_post-meta_item  single-like-button penci-social-item like\" data-post_id=\"426585\" title=\"Like\" data-like=\"Like\" data-unlike=\"Unlike\"><i class=\"fa fa-thumbs-o-up\"\/><span class=\"penci-share-number\">0<\/span><\/a><i class=\"fa fa-facebook\"\/><a class=\"penci-social-item twitter\" target=\"_blank\" rel=\"noopener\" title=\"\" href=\"https:\/\/twitter.com\/intent\/tweet?text=V\u00cdDEOS%20-%20Fios%20pegam%20fogo%20no%20Centro%20-%20https:\/\/www.tribunaribeirao.com.br\/videos-fios-pegam-fogo-no-centro\/\"><i class=\"fa fa-twitter\"\/><\/a><i class=\"fa fa-linkedin\"\/><i class=\"fa fa-whatsapp\"\/><i class=\"fa fa-telegram\"\/><i class=\"fa fa-envelope\"\/><\/span>\t\t\t\t\t\t\t<\/footer>\n<p><!-- .entry-footer -->\n\t\t\t\t\t\t<\/div>\n<p><script async src=\"\/\/platform.twitter.com\/widgets.js\" charset=\"utf-8\"><\/script><br \/>\n<br \/><br \/>\n<br \/><a href=\"https:\/\/www.tribunaribeirao.com.br\/videos-fios-pegam-fogo-no-centro\/\">Source link <\/a><\/p>\n<!-- CONTENT END 1 -->\n","protected":false},"excerpt":{"rendered":"<p>L\u00ednguas de fogo se formaram na fia\u00e7\u00e3o el\u00e9trica e assustaram pedestres e motoristas 23 de maio de 2025 08:3823 de maio de 2025 08:380 Compartilhar0&#8230;<\/p>\n","protected":false},"author":1,"featured_media":70151,"comment_status":"open","ping_status":"open","sticky":false,"template":"","format":"standard","meta":{"advanced_seo_description":"","jetpack_seo_html_title":"","jetpack_seo_noindex":false,"jetpack_post_was_ever_published":false,"_jetpack_newsletter_access":"","_jetpack_dont_email_post_to_subs":false,"_jetpack_newsletter_tier_id":0,"_jetpack_memberships_contains_paywalled_content":false,"_jetpack_memberships_contains_paid_content":false,"footnotes":"","jetpack_publicize_message":"","jetpack_publicize_feature_enabled":true,"jetpack_social_post_already_shared":true,"jetpack_social_options":{"image_generator_settings":{"template":"highway","default_image_id":0,"font":"","enabled":false},"version":2}},"categories":[11],"tags":[],"class_list":["post-70149","post","type-post","status-publish","format-standard","has-post-thumbnail","hentry","category-noticias-de-ribeirao-preto-sp-e-regiao-ismael-colosi"],"jetpack_publicize_connections":[],"jetpack_featured_media_url":"https:\/\/i0.wp.com\/noticiasribeiraopreto.com.br\/wp-content\/uploads\/2025\/05\/23-mai-2025-fogocentro2.jpg?fit=1163%2C1080&ssl=1","jetpack-related-posts":[{"id":16642,"url":"https:\/\/noticiasribeiraopreto.com.br\/index.php\/2023\/12\/16\/carro-pega-fogo-em-rotatoria-de-rp\/","url_meta":{"origin":70149,"position":0},"title":"Carro pega fogo em rotat\u00f3ria de RP","author":"noticiasribeiraopreto.com.br","date":"16 de December de 2023","format":false,"excerpt":"Ve\u00edculo pode ter sofrido pane el\u00e9trica e bombeiros interviram 15 de dezembro de 2023 | 15:52 2Por: Adalberto LuqueUm ve\u00edculo pegou fogo, no in\u00edcio da tarde desta sexta-feira (15), na Rotat\u00f3ria da conflu\u00eancia das avenidas Castelo Branco, 13 de Maio e Maria de Jesus Condeixa, no Castelo Branco, zona Leste\u2026","rel":"","context":"In &quot;Not\u00edcias de Ribeir\u00e3o Preto-SP e Regi\u00e3o&quot;","block_context":{"text":"Not\u00edcias de Ribeir\u00e3o Preto-SP e Regi\u00e3o","link":"https:\/\/noticiasribeiraopreto.com.br\/index.php\/category\/noticias-de-ribeirao-preto-sp-e-regiao-ismael-colosi\/"},"img":{"alt_text":"","src":"https:\/\/i0.wp.com\/noticiasribeiraopreto.com.br\/wp-content\/uploads\/2023\/12\/00-15-dez-2023-carro-incendiado-foto-max-gallao-mesquita-scaled.jpg?fit=1000%2C639&ssl=1&resize=350%2C200","width":350,"height":200,"srcset":"https:\/\/i0.wp.com\/noticiasribeiraopreto.com.br\/wp-content\/uploads\/2023\/12\/00-15-dez-2023-carro-incendiado-foto-max-gallao-mesquita-scaled.jpg?fit=1000%2C639&ssl=1&resize=350%2C200 1x, https:\/\/i0.wp.com\/noticiasribeiraopreto.com.br\/wp-content\/uploads\/2023\/12\/00-15-dez-2023-carro-incendiado-foto-max-gallao-mesquita-scaled.jpg?fit=1000%2C639&ssl=1&resize=525%2C300 1.5x, https:\/\/i0.wp.com\/noticiasribeiraopreto.com.br\/wp-content\/uploads\/2023\/12\/00-15-dez-2023-carro-incendiado-foto-max-gallao-mesquita-scaled.jpg?fit=1000%2C639&ssl=1&resize=700%2C400 2x"},"classes":[]},{"id":69694,"url":"https:\/\/noticiasribeiraopreto.com.br\/index.php\/2025\/05\/08\/jornal-da-franca-franca-sedia-treinamento-da-defesa-civil-para-a-operacao-sao-paulo-sem-fogo-2025\/","url_meta":{"origin":70149,"position":1},"title":"Jornal da Franca &#8211; Franca sedia treinamento da Defesa Civil para a Opera\u00e7\u00e3o &#8220;S\u00e3o Paulo Sem Fogo 2025&#8221;","author":"noticiasribeiraopreto.com.br","date":"8 de May de 2025","format":false,"excerpt":"compartilhar no whatsapp compartilhar no telegram compartilhar no facebook compartilhar no linkedin A cidade sediar\u00e1 capacita\u00e7\u00e3o para agentes de Defesa Civil, com foco em preven\u00e7\u00e3o e combate a inc\u00eandios, entre palestras e treinamentos pr\u00e1ticos. Franca recebe treinamento para a Opera\u00e7\u00e3o \u2018S\u00e3o Paulo Sem Fogo 2025\u2019 da Defesa Civil na Uni-Facef\u2026","rel":"","context":"In &quot;Not\u00edcias de Franca-SP&quot;","block_context":{"text":"Not\u00edcias de Franca-SP","link":"https:\/\/noticiasribeiraopreto.com.br\/index.php\/category\/noticias-de-ribeirao-preto-sp-e-regiao-ismael-colosi\/noticias-franca-sp\/"},"img":{"alt_text":"","src":"https:\/\/i0.wp.com\/noticiasribeiraopreto.com.br\/wp-content\/uploads\/2025\/05\/uni-facef-jf-scaled.jpg?fit=1200%2C795&ssl=1&resize=350%2C200","width":350,"height":200,"srcset":"https:\/\/i0.wp.com\/noticiasribeiraopreto.com.br\/wp-content\/uploads\/2025\/05\/uni-facef-jf-scaled.jpg?fit=1200%2C795&ssl=1&resize=350%2C200 1x, https:\/\/i0.wp.com\/noticiasribeiraopreto.com.br\/wp-content\/uploads\/2025\/05\/uni-facef-jf-scaled.jpg?fit=1200%2C795&ssl=1&resize=525%2C300 1.5x, https:\/\/i0.wp.com\/noticiasribeiraopreto.com.br\/wp-content\/uploads\/2025\/05\/uni-facef-jf-scaled.jpg?fit=1200%2C795&ssl=1&resize=700%2C400 2x, https:\/\/i0.wp.com\/noticiasribeiraopreto.com.br\/wp-content\/uploads\/2025\/05\/uni-facef-jf-scaled.jpg?fit=1200%2C795&ssl=1&resize=1050%2C600 3x"},"classes":[]},{"id":70174,"url":"https:\/\/noticiasribeiraopreto.com.br\/index.php\/2025\/05\/23\/come-fogo-tem-datas-marcadas-para-acontecer-na-copa-paulista\/","url_meta":{"origin":70149,"position":2},"title":"Come-Fogo tem datas marcadas para acontecer na Copa Paulista\u00a0","author":"noticiasribeiraopreto.com.br","date":"23 de May de 2025","format":false,"excerpt":"23 de maio de 2025 12:3022 de maio de 2025 20:2112 Compartilhar0 Por Otavio Gentil\u00a0 A Federa\u00e7\u00e3o Paulista de Futebol (FPF) anunciou, nesta quinta-feira (22), os detalhes dos confrontos entre Comercial e Botafogo na Copa Paulista, reacendendo a hist\u00f3rica rivalidade do cl\u00e1ssico Come-Fogo. As equipes, que integram o Grupo 2\u2026","rel":"","context":"In &quot;Not\u00edcias de Ribeir\u00e3o Preto-SP e Regi\u00e3o&quot;","block_context":{"text":"Not\u00edcias de Ribeir\u00e3o Preto-SP e Regi\u00e3o","link":"https:\/\/noticiasribeiraopreto.com.br\/index.php\/category\/noticias-de-ribeirao-preto-sp-e-regiao-ismael-colosi\/"},"img":{"alt_text":"","src":"https:\/\/i0.wp.com\/noticiasribeiraopreto.com.br\/wp-content\/uploads\/2025\/05\/1-come-fogo.jpg?fit=799%2C533&ssl=1&resize=350%2C200","width":350,"height":200,"srcset":"https:\/\/i0.wp.com\/noticiasribeiraopreto.com.br\/wp-content\/uploads\/2025\/05\/1-come-fogo.jpg?fit=799%2C533&ssl=1&resize=350%2C200 1x, https:\/\/i0.wp.com\/noticiasribeiraopreto.com.br\/wp-content\/uploads\/2025\/05\/1-come-fogo.jpg?fit=799%2C533&ssl=1&resize=525%2C300 1.5x, https:\/\/i0.wp.com\/noticiasribeiraopreto.com.br\/wp-content\/uploads\/2025\/05\/1-come-fogo.jpg?fit=799%2C533&ssl=1&resize=700%2C400 2x"},"classes":[]},{"id":82798,"url":"https:\/\/noticiasribeiraopreto.com.br\/index.php\/2026\/02\/27\/carro-pega-fogo-apos-bater-em-carreta-e-interdita-a-rodovia-anhanguera\/","url_meta":{"origin":70149,"position":3},"title":"Carro pega fogo ap\u00f3s bater em carreta e interdita a rodovia Anhanguera","author":"noticiasribeiraopreto.com.br","date":"27 de February de 2026","format":false,"excerpt":"Um carro pegou fogo ap\u00f3s bater na traseira de uma carreta na rodovia Anhanguera, em Ribeir\u00e3o Preto, causando a interdi\u00e7\u00e3o do sentido Norte (interior) da via. De acordo com a concession\u00e1ria, o ve\u00edculo de passeio colidiu contra a carreta e, com o impacto, come\u00e7ou a pegar fogo. O Corpo de\u2026","rel":"","context":"In &quot;Not\u00edcias de Ribeir\u00e3o Preto-SP e Regi\u00e3o&quot;","block_context":{"text":"Not\u00edcias de Ribeir\u00e3o Preto-SP e Regi\u00e3o","link":"https:\/\/noticiasribeiraopreto.com.br\/index.php\/category\/noticias-de-ribeirao-preto-sp-e-regiao-ismael-colosi\/"},"img":{"alt_text":"","src":"https:\/\/i0.wp.com\/noticiasribeiraopreto.com.br\/wp-content\/uploads\/2026\/02\/palace-39_2026-02-27_00-09-51.webp.webp?fit=1200%2C675&ssl=1&resize=350%2C200","width":350,"height":200,"srcset":"https:\/\/i0.wp.com\/noticiasribeiraopreto.com.br\/wp-content\/uploads\/2026\/02\/palace-39_2026-02-27_00-09-51.webp.webp?fit=1200%2C675&ssl=1&resize=350%2C200 1x, https:\/\/i0.wp.com\/noticiasribeiraopreto.com.br\/wp-content\/uploads\/2026\/02\/palace-39_2026-02-27_00-09-51.webp.webp?fit=1200%2C675&ssl=1&resize=525%2C300 1.5x, https:\/\/i0.wp.com\/noticiasribeiraopreto.com.br\/wp-content\/uploads\/2026\/02\/palace-39_2026-02-27_00-09-51.webp.webp?fit=1200%2C675&ssl=1&resize=700%2C400 2x, https:\/\/i0.wp.com\/noticiasribeiraopreto.com.br\/wp-content\/uploads\/2026\/02\/palace-39_2026-02-27_00-09-51.webp.webp?fit=1200%2C675&ssl=1&resize=1050%2C600 3x"},"classes":[]},{"id":1097,"url":"https:\/\/noticiasribeiraopreto.com.br\/index.php\/2023\/11\/10\/focos-de-incendio-caem-9415-em-rp\/","url_meta":{"origin":70149,"position":4},"title":"Focos de inc\u00eandio caem 94,15% em RP\u00a0","author":"noticiasribeiraopreto.com.br","date":"10 de November de 2023","format":false,"excerpt":"10 de novembro de 2023 | 12:0010 de novembro de 2023 | 9:39 0O Grupo de Atua\u00e7\u00e3o Especial de Defesa do Meio Ambiente (Gaema) registrou uma redu\u00e7\u00e3o de 94,15% no n\u00famero de focos de fogo sem controle nos munic\u00edpios abrangidos pelo N\u00facleo Pardo. A compara\u00e7\u00e3o foi feita entre maio e\u2026","rel":"","context":"In &quot;Not\u00edcias de Ribeir\u00e3o Preto-SP e Regi\u00e3o&quot;","block_context":{"text":"Not\u00edcias de Ribeir\u00e3o Preto-SP e Regi\u00e3o","link":"https:\/\/noticiasribeiraopreto.com.br\/index.php\/category\/noticias-de-ribeirao-preto-sp-e-regiao-ismael-colosi\/"},"img":{"alt_text":"","src":"https:\/\/i0.wp.com\/noticiasribeiraopreto.com.br\/wp-content\/uploads\/2023\/11\/fogo-scaled.jpg?fit=1000%2C563&ssl=1&resize=350%2C200","width":350,"height":200,"srcset":"https:\/\/i0.wp.com\/noticiasribeiraopreto.com.br\/wp-content\/uploads\/2023\/11\/fogo-scaled.jpg?fit=1000%2C563&ssl=1&resize=350%2C200 1x, https:\/\/i0.wp.com\/noticiasribeiraopreto.com.br\/wp-content\/uploads\/2023\/11\/fogo-scaled.jpg?fit=1000%2C563&ssl=1&resize=525%2C300 1.5x, https:\/\/i0.wp.com\/noticiasribeiraopreto.com.br\/wp-content\/uploads\/2023\/11\/fogo-scaled.jpg?fit=1000%2C563&ssl=1&resize=700%2C400 2x"},"classes":[]},{"id":68355,"url":"https:\/\/noticiasribeiraopreto.com.br\/index.php\/2025\/04\/24\/stf-marca-julgamento-da-deputada-carla-zambelli\/","url_meta":{"origin":70149,"position":5},"title":"STF marca julgamento da\u00a0deputada Carla Zambelli \u00a0","author":"noticiasribeiraopreto.com.br","date":"24 de April de 2025","format":false,"excerpt":"24 de abril de 2025 16:3024 de abril de 2025 10:438 Compartilhar0 A Primeira Turma do Supremo Tribunal Federal (STF) agendou o in\u00edcio do julgamento da a\u00e7\u00e3o penal contra a deputada federal ribeir\u00e3o-pretana Carla Zambelli (PL-SP) e o hacker Walter Delgatti Neto, o \u201cVermelho\u201d, para o dia 9 de maio.\u2026","rel":"","context":"In &quot;Not\u00edcias de Ribeir\u00e3o Preto-SP e Regi\u00e3o&quot;","block_context":{"text":"Not\u00edcias de Ribeir\u00e3o Preto-SP e Regi\u00e3o","link":"https:\/\/noticiasribeiraopreto.com.br\/index.php\/category\/noticias-de-ribeirao-preto-sp-e-regiao-ismael-colosi\/"},"img":{"alt_text":"","src":"https:\/\/i0.wp.com\/noticiasribeiraopreto.com.br\/wp-content\/uploads\/2025\/04\/Hacker-Reproducao-Twitter.jpg?fit=549%2C717&ssl=1&resize=350%2C200","width":350,"height":200,"srcset":"https:\/\/i0.wp.com\/noticiasribeiraopreto.com.br\/wp-content\/uploads\/2025\/04\/Hacker-Reproducao-Twitter.jpg?fit=549%2C717&ssl=1&resize=350%2C200 1x, https:\/\/i0.wp.com\/noticiasribeiraopreto.com.br\/wp-content\/uploads\/2025\/04\/Hacker-Reproducao-Twitter.jpg?fit=549%2C717&ssl=1&resize=525%2C300 1.5x"},"classes":[]}],"jetpack_sharing_enabled":true,"jetpack_shortlink":"https:\/\/wp.me\/peQAOb-ifr","_links":{"self":[{"href":"https:\/\/noticiasribeiraopreto.com.br\/index.php\/wp-json\/wp\/v2\/posts\/70149","targetHints":{"allow":["GET"]}}],"collection":[{"href":"https:\/\/noticiasribeiraopreto.com.br\/index.php\/wp-json\/wp\/v2\/posts"}],"about":[{"href":"https:\/\/noticiasribeiraopreto.com.br\/index.php\/wp-json\/wp\/v2\/types\/post"}],"author":[{"embeddable":true,"href":"https:\/\/noticiasribeiraopreto.com.br\/index.php\/wp-json\/wp\/v2\/users\/1"}],"replies":[{"embeddable":true,"href":"https:\/\/noticiasribeiraopreto.com.br\/index.php\/wp-json\/wp\/v2\/comments?post=70149"}],"version-history":[{"count":0,"href":"https:\/\/noticiasribeiraopreto.com.br\/index.php\/wp-json\/wp\/v2\/posts\/70149\/revisions"}],"wp:featuredmedia":[{"embeddable":true,"href":"https:\/\/noticiasribeiraopreto.com.br\/index.php\/wp-json\/wp\/v2\/media\/70151"}],"wp:attachment":[{"href":"https:\/\/noticiasribeiraopreto.com.br\/index.php\/wp-json\/wp\/v2\/media?parent=70149"}],"wp:term":[{"taxonomy":"category","embeddable":true,"href":"https:\/\/noticiasribeiraopreto.com.br\/index.php\/wp-json\/wp\/v2\/categories?post=70149"},{"taxonomy":"post_tag","embeddable":true,"href":"https:\/\/noticiasribeiraopreto.com.br\/index.php\/wp-json\/wp\/v2\/tags?post=70149"}],"curies":[{"name":"wp","href":"https:\/\/api.w.org\/{rel}","templated":true}]}}