{"id":70152,"date":"2025-05-23T08:48:57","date_gmt":"2025-05-23T11:48:57","guid":{"rendered":"https:\/\/noticiasribeiraopreto.com.br\/index.php\/2025\/05\/23\/prefeitura-assume-o-destina-ribeirao\/"},"modified":"2025-05-23T08:48:57","modified_gmt":"2025-05-23T11:48:57","slug":"prefeitura-assume-o-destina-ribeirao","status":"publish","type":"post","link":"https:\/\/noticiasribeiraopreto.com.br\/index.php\/2025\/05\/23\/prefeitura-assume-o-destina-ribeirao\/","title":{"rendered":"Prefeitura assume o \u2018Destina Ribeir\u00e3o\u2019\u00a0"},"content":{"rendered":"<div class='code-block code-block-1' style='margin: 8px 0 8px auto; text-align: right; display: block; clear: both;'>\n<p><a href=\"https:\/\/wa.link\/vpicfd\"><img data-recalc-dims=\"1\" class=\"wp-image-4922\" style=\"aspect-ratio: 2.0253164556962027; width: 561px; height: auto;\" src=\"https:\/\/i0.wp.com\/ismaelcolosi.com.br\/wp-content\/uploads\/2023\/11\/grupo-de-empregos-whatsapp-e-facebook-ismael-colosi-vagas.jpg?ssl=1\" alt=\"\" \/><\/a><\/p>\n<!-- \/wp:image -->\n<\/div>\n<p> <br \/>\n<\/p>\n<div>\n<p><span data-contrast=\"auto\">O prefeito Ricardo Silva (PSD) lan\u00e7ou nesta quinta-feira, 22 de maio, em cerim\u00f4nia realizada no Centro Administrativo Prefeito Jos\u00e9 de Magalh\u00e3es, o Programa Destina Ribeir\u00e3o, que visa conscientizar os contribuintes sobre a possibilidade de destinar parte do Imposto de Renda aos Conselhos Municipais dos Direitos da Crian\u00e7a, do Adolescente e da Pessoa Idosa.<\/span><\/p>\n<p><span data-contrast=\"auto\">O projeto de lei, assinado pelo prefeito Ricardo Silva, ser\u00e1 encaminhado \u00e0 C\u00e2mara Municipal para an\u00e1lise dos vereadores. A expectativa \u00e9 que, com a san\u00e7\u00e3o da nova legisla\u00e7\u00e3o, Ribeir\u00e3o Preto se torne refer\u00eancia nacional na aplica\u00e7\u00e3o cidad\u00e3 do Imposto de Renda como ferramenta de transforma\u00e7\u00e3o social. <\/span><\/p>\n<p><span data-contrast=\"auto\">A proposta prev\u00ea incentivos aos cidad\u00e3os que aderirem \u00e0 iniciativa. \u201cDestinar parte do imposto \u00e9 um ato de solidariedade e um investimento direto em quem mais precisa\u201d, destacou Ricardo Silva. O prefeito, por\u00e9m, n\u00e3o nominou quais. A campanha permite que os contribuintes destinem, at\u00e9 30 de maio, at\u00e9 6% do imposto devido \u2013 sendo 3% para o Fundo Municipal dos Direitos da Crian\u00e7a e do Adolescente e 3% para o Fundo Municipal da Pessoa Idosa \u2013 sem custo adicional.<\/span><\/p>\n<p><span data-contrast=\"auto\">A destina\u00e7\u00e3o do Imposto de Renda \u00e9 uma alternativa prevista pelo Governo Federal que permite ao contribuinte aplicar diretamente uma parte do tributo em a\u00e7\u00f5es sociais. Al\u00e9m de antecipar o uso de recursos p\u00fablicos para \u00e1reas priorit\u00e1rias, a iniciativa promove benef\u00edcios reais \u00e0 sociedade. A destina\u00e7\u00e3o pode resultar em abatimento do imposto a pagar ou no aumento da restitui\u00e7\u00e3o.<\/span><\/p>\n<p><span data-contrast=\"auto\">Podem destinar parte do IR as Pessoas f\u00edsicas que utilizam o modelo completo da declara\u00e7\u00e3o, as Pessoas jur\u00eddicas que apuram o Imposto de Renda com base no lucro real. No momento da entrega da declara\u00e7\u00e3o, \u00e9 poss\u00edvel destinar at\u00e9 6% do imposto devido: 3% para o Fundo dos Direitos da Crian\u00e7a e do Adolescente e 3% para o Fundo da Pessoa Idosa.<\/span><span data-ccp-props=\"{}\">\u00a0<\/span><\/p>\n<p><span data-contrast=\"auto\">Somam for\u00e7as nessa a\u00e7\u00e3o a Receita Federal do Brasil, prefeitura de Ribeir\u00e3o Preto, Associa\u00e7\u00e3o das Empresas de Servi\u00e7os Cont\u00e1beis de Ribeir\u00e3o Preto e Regi\u00e3o (Aescon\/Casa do Contabilista), Instituto Ribeir\u00e3o 2030, Sindicato do Com\u00e9rcio Varejista (Sincovarp), C\u00e2mara de Dirigentes Lojistas (CDL RP) e Associa\u00e7\u00e3o Independente N\u00facleo Postos RP.<\/span><\/p>\n<p><span data-contrast=\"auto\">A lista ainda traz Associa\u00e7\u00e3o de Engenharia, Arquitetura e Agronomia (AEAARP), Centro das Ind\u00fastrias do Estado de S\u00e3o Paulo (Ciesp), Associa\u00e7\u00e3o Comercial e Industrial (Acirp), Sindicatos do Com\u00e9rcio Varejista de Ribeir\u00e3o Preto e Sert\u00e3ozinho e Sindicato de Hot\u00e9is, Restaurantes e Bares (SinHoRes Nordeste Paulista).<\/span><\/p>\n<p><span data-contrast=\"auto\">Completam a lista Sindicato de Turismo, Hospitalidade, Servi\u00e7os e Mercado Imobili\u00e1rio (Sindtur), ervi\u00e7o Brasileiro de Apoio \u00e0s Micro e Pequenas Empresas do Estado de S\u00e3o Paulo (Sebrae SP), Ribeir\u00e3o Convention &amp; Visitors Bureau, Observat\u00f3rio Social RP e Sindicato do Com\u00e9rcio Varejista de Feirantes e Ambulantes.<\/span><\/p>\n<p><span data-contrast=\"auto\">Em 2024, Ribeir\u00e3o ficou em segundo lugar entre os munic\u00edpios paulistas em valores de IR destinado processado, perdendo apenas para a capital. O munic\u00edpio tamb\u00e9m figura no ranking das onze cidades brasileiras que mais doaram, ao lado de nove capitais e de Primavera do Leste (MT). <\/span><\/p>\n<p><span data-contrast=\"auto\">A destina\u00e7\u00e3o em 2024 tamb\u00e9m foi equilibrada entre os dois fundos: 50,8% para o Fundo Municipal da Crian\u00e7a e do Adolescente e 49,2% para o Fundo Municipal da Pessoa Idosa. No pa\u00eds, a propor\u00e7\u00e3o foi de 60,1% e 39,9%, respectivamente. <\/span><br \/><span data-ccp-props=\"{}\">\u00a0<\/span><\/p>\n<\/div>\n<p><br \/>\n<br \/><a href=\"https:\/\/www.tribunaribeirao.com.br\/prefeitura-assume-o-destina-ribeirao\/\">Source link <\/a><\/p>\n<!-- CONTENT END 1 -->\n","protected":false},"excerpt":{"rendered":"<p>O prefeito Ricardo Silva (PSD) lan\u00e7ou nesta quinta-feira, 22 de maio, em cerim\u00f4nia realizada no Centro Administrativo Prefeito Jos\u00e9 de Magalh\u00e3es, o Programa Destina Ribeir\u00e3o,&#8230;<\/p>\n","protected":false},"author":1,"featured_media":70153,"comment_status":"open","ping_status":"open","sticky":false,"template":"","format":"standard","meta":{"advanced_seo_description":"","jetpack_seo_html_title":"","jetpack_seo_noindex":false,"jetpack_post_was_ever_published":false,"_jetpack_newsletter_access":"","_jetpack_dont_email_post_to_subs":false,"_jetpack_newsletter_tier_id":0,"_jetpack_memberships_contains_paywalled_content":false,"_jetpack_memberships_contains_paid_content":false,"footnotes":"","jetpack_publicize_message":"","jetpack_publicize_feature_enabled":true,"jetpack_social_post_already_shared":true,"jetpack_social_options":{"image_generator_settings":{"template":"highway","default_image_id":0,"font":"","enabled":false},"version":2}},"categories":[11],"tags":[],"class_list":["post-70152","post","type-post","status-publish","format-standard","has-post-thumbnail","hentry","category-noticias-de-ribeirao-preto-sp-e-regiao-ismael-colosi"],"jetpack_publicize_connections":[],"jetpack_featured_media_url":"https:\/\/i0.wp.com\/noticiasribeiraopreto.com.br\/wp-content\/uploads\/2025\/05\/CriancaIR-Max-Gallao-Mesquita-04.jpg?fit=1600%2C1025&ssl=1","jetpack-related-posts":[{"id":71778,"url":"https:\/\/noticiasribeiraopreto.com.br\/index.php\/2025\/06\/10\/camara-aprova-o-destina-ribeirao\/","url_meta":{"origin":70152,"position":0},"title":"C\u00e2mara aprova o \u2018Destina Ribeir\u00e3o\u2019","author":"noticiasribeiraopreto.com.br","date":"10 de June de 2025","format":false,"excerpt":"A C\u00e2mara de Vereadores aprovou, na sess\u00e3o desta segunda-feira, 9 de junho, a reda\u00e7\u00e3o final do o projeto de lei da prefeitura de Ribeir\u00e3o Preto que institui na cidade o Programa Destina Ribeir\u00e3o. A proposta tem o objetivo de conscientizar os contribuintes sobre a possibilidade de destinar parte do Imposto\u2026","rel":"","context":"In &quot;Not\u00edcias de Ribeir\u00e3o Preto-SP e Regi\u00e3o&quot;","block_context":{"text":"Not\u00edcias de Ribeir\u00e3o Preto-SP e Regi\u00e3o","link":"https:\/\/noticiasribeiraopreto.com.br\/index.php\/category\/noticias-de-ribeirao-preto-sp-e-regiao-ismael-colosi\/"},"img":{"alt_text":"","src":"https:\/\/i0.wp.com\/noticiasribeiraopreto.com.br\/wp-content\/uploads\/2025\/06\/tmp99_CriancaIR-Max-Gallao-Mesquita-scaled.jpg?fit=750%2C500&ssl=1&resize=350%2C200","width":350,"height":200,"srcset":"https:\/\/i0.wp.com\/noticiasribeiraopreto.com.br\/wp-content\/uploads\/2025\/06\/tmp99_CriancaIR-Max-Gallao-Mesquita-scaled.jpg?fit=750%2C500&ssl=1&resize=350%2C200 1x, https:\/\/i0.wp.com\/noticiasribeiraopreto.com.br\/wp-content\/uploads\/2025\/06\/tmp99_CriancaIR-Max-Gallao-Mesquita-scaled.jpg?fit=750%2C500&ssl=1&resize=525%2C300 1.5x, https:\/\/i0.wp.com\/noticiasribeiraopreto.com.br\/wp-content\/uploads\/2025\/06\/tmp99_CriancaIR-Max-Gallao-Mesquita-scaled.jpg?fit=750%2C500&ssl=1&resize=700%2C400 2x"},"classes":[]},{"id":73541,"url":"https:\/\/noticiasribeiraopreto.com.br\/index.php\/2025\/07\/04\/destinacao-de-imposto-de-renda-supera-meta-e-cresce-3-em-rp\/","url_meta":{"origin":70152,"position":1},"title":"Destina\u00e7\u00e3o de Imposto de Renda supera meta e cresce 3% em RP\u00a0","author":"noticiasribeiraopreto.com.br","date":"4 de July de 2025","format":false,"excerpt":"A cidade de Ribeir\u00e3o Preto (SP) deu bom exemplo novamente e registrou, em 2025 (com base no ano-exerc\u00edcio 2024), o montante de R$ 5.151.606,45 em destina\u00e7\u00f5es de parte do Imposto de Renda (Pessoa F\u00edsica) aos fundos municipais da Crian\u00e7a e do Adolescente, e do Idoso. Trata-se de um crescimento de\u2026","rel":"","context":"In &quot;Not\u00edcias de Ribeir\u00e3o Preto-SP e Regi\u00e3o&quot;","block_context":{"text":"Not\u00edcias de Ribeir\u00e3o Preto-SP e Regi\u00e3o","link":"https:\/\/noticiasribeiraopreto.com.br\/index.php\/category\/noticias-de-ribeirao-preto-sp-e-regiao-ismael-colosi\/"},"img":{"alt_text":"","src":"https:\/\/i0.wp.com\/noticiasribeiraopreto.com.br\/wp-content\/uploads\/2025\/07\/imposto-de-renda.jpeg?fit=1200%2C800&ssl=1&resize=350%2C200","width":350,"height":200,"srcset":"https:\/\/i0.wp.com\/noticiasribeiraopreto.com.br\/wp-content\/uploads\/2025\/07\/imposto-de-renda.jpeg?fit=1200%2C800&ssl=1&resize=350%2C200 1x, https:\/\/i0.wp.com\/noticiasribeiraopreto.com.br\/wp-content\/uploads\/2025\/07\/imposto-de-renda.jpeg?fit=1200%2C800&ssl=1&resize=525%2C300 1.5x, https:\/\/i0.wp.com\/noticiasribeiraopreto.com.br\/wp-content\/uploads\/2025\/07\/imposto-de-renda.jpeg?fit=1200%2C800&ssl=1&resize=700%2C400 2x, https:\/\/i0.wp.com\/noticiasribeiraopreto.com.br\/wp-content\/uploads\/2025\/07\/imposto-de-renda.jpeg?fit=1200%2C800&ssl=1&resize=1050%2C600 3x"},"classes":[]},{"id":70754,"url":"https:\/\/noticiasribeiraopreto.com.br\/index.php\/2025\/05\/29\/novo-projeto-visa-incentivar-doacao-do-imposto-de-renda-em-ribeirao-preto-veja-os-beneficios\/","url_meta":{"origin":70152,"position":2},"title":"Novo projeto visa incentivar doa\u00e7\u00e3o do Imposto de Renda em Ribeir\u00e3o Preto; Veja os benef\u00edcios","author":"noticiasribeiraopreto.com.br","date":"29 de May de 2025","format":false,"excerpt":"O prefeito de Ribeir\u00e3o Preto, Ricardo Silva (PSD), encaminhou para C\u00e2mara o projeto de lei que cria o Programa Destina Ribeir\u00e3o. A proposta apresentada semana passada tem o objetivo de incentivar a destina\u00e7\u00e3o de parte do Imposto de Renda para fundos sociais de Ribeir\u00e3o Preto \u2013 veja os benef\u00edcios abaixo.\u2026","rel":"","context":"In &quot;Not\u00edcias de Ribeir\u00e3o Preto-SP e Regi\u00e3o&quot;","block_context":{"text":"Not\u00edcias de Ribeir\u00e3o Preto-SP e Regi\u00e3o","link":"https:\/\/noticiasribeiraopreto.com.br\/index.php\/category\/noticias-de-ribeirao-preto-sp-e-regiao-ismael-colosi\/"},"img":{"alt_text":"","src":"https:\/\/i0.wp.com\/noticiasribeiraopreto.com.br\/wp-content\/uploads\/2025\/05\/1748543231_novo_lote_1024x576_22072020125933.jpg?fit=1024%2C575&ssl=1&resize=350%2C200","width":350,"height":200,"srcset":"https:\/\/i0.wp.com\/noticiasribeiraopreto.com.br\/wp-content\/uploads\/2025\/05\/1748543231_novo_lote_1024x576_22072020125933.jpg?fit=1024%2C575&ssl=1&resize=350%2C200 1x, https:\/\/i0.wp.com\/noticiasribeiraopreto.com.br\/wp-content\/uploads\/2025\/05\/1748543231_novo_lote_1024x576_22072020125933.jpg?fit=1024%2C575&ssl=1&resize=525%2C300 1.5x, https:\/\/i0.wp.com\/noticiasribeiraopreto.com.br\/wp-content\/uploads\/2025\/05\/1748543231_novo_lote_1024x576_22072020125933.jpg?fit=1024%2C575&ssl=1&resize=700%2C400 2x"},"classes":[]},{"id":71788,"url":"https:\/\/noticiasribeiraopreto.com.br\/index.php\/2025\/06\/10\/camara-aprova-projeto-que-visa-incentivar-doacao-do-ir-em-ribeirao-entenda\/","url_meta":{"origin":70152,"position":3},"title":"C\u00e2mara aprova projeto que visa incentivar doa\u00e7\u00e3o do IR em Ribeir\u00e3o; Entenda","author":"noticiasribeiraopreto.com.br","date":"10 de June de 2025","format":false,"excerpt":"A C\u00e2mara de Ribeir\u00e3o Preto aprovou na noite desta segunda-feira (9), o projeto de lei complementar n\u00ba 23\/2025 que cria o \u201cPrograma Destina Ribeir\u00e3o\u201d. A proposta tem o objetivo de incentivar a destina\u00e7\u00e3o de parte do Imposto de Renda para fundos sociais do munic\u00edpio \u2013 saiba mais abaixo. O projeto\u2026","rel":"","context":"In &quot;Not\u00edcias de Ribeir\u00e3o Preto-SP e Regi\u00e3o&quot;","block_context":{"text":"Not\u00edcias de Ribeir\u00e3o Preto-SP e Regi\u00e3o","link":"https:\/\/noticiasribeiraopreto.com.br\/index.php\/category\/noticias-de-ribeirao-preto-sp-e-regiao-ismael-colosi\/"},"img":{"alt_text":"","src":"https:\/\/i0.wp.com\/noticiasribeiraopreto.com.br\/wp-content\/uploads\/2025\/06\/Camara-de-Ribeirao-Preto.jpg?fit=1200%2C675&ssl=1&resize=350%2C200","width":350,"height":200,"srcset":"https:\/\/i0.wp.com\/noticiasribeiraopreto.com.br\/wp-content\/uploads\/2025\/06\/Camara-de-Ribeirao-Preto.jpg?fit=1200%2C675&ssl=1&resize=350%2C200 1x, https:\/\/i0.wp.com\/noticiasribeiraopreto.com.br\/wp-content\/uploads\/2025\/06\/Camara-de-Ribeirao-Preto.jpg?fit=1200%2C675&ssl=1&resize=525%2C300 1.5x, https:\/\/i0.wp.com\/noticiasribeiraopreto.com.br\/wp-content\/uploads\/2025\/06\/Camara-de-Ribeirao-Preto.jpg?fit=1200%2C675&ssl=1&resize=700%2C400 2x, https:\/\/i0.wp.com\/noticiasribeiraopreto.com.br\/wp-content\/uploads\/2025\/06\/Camara-de-Ribeirao-Preto.jpg?fit=1200%2C675&ssl=1&resize=1050%2C600 3x"},"classes":[]},{"id":81204,"url":"https:\/\/noticiasribeiraopreto.com.br\/index.php\/2025\/12\/28\/o-que-ricardo-silva-diz-sobre-novo-distrito-industrial-incentivos-para-o-centro-e-revisao-da-pgv\/","url_meta":{"origin":70152,"position":4},"title":"O que Ricardo Silva diz sobre novo distrito industrial, incentivos para o Centro e revis\u00e3o da PGV","author":"noticiasribeiraopreto.com.br","date":"28 de December de 2025","format":false,"excerpt":"O prefeito de Ribeir\u00e3o Preto, Ricardo Silva (PSD), disse que analisa terrenos para ampliar o distrito industrial. Em entrevista ao acidade on Ribeir\u00e3o, o chefe do Executivo afirmou que o munic\u00edpio estuda \u00e1reas em diferentes regi\u00f5es da cidade, incluindo um im\u00f3vel ao lado do atual distrito. \u201cNosso distrito industrial j\u00e1\u2026","rel":"","context":"In &quot;Not\u00edcias de Ribeir\u00e3o Preto-SP e Regi\u00e3o&quot;","block_context":{"text":"Not\u00edcias de Ribeir\u00e3o Preto-SP e Regi\u00e3o","link":"https:\/\/noticiasribeiraopreto.com.br\/index.php\/category\/noticias-de-ribeirao-preto-sp-e-regiao-ismael-colosi\/"},"img":{"alt_text":"","src":"https:\/\/i0.wp.com\/noticiasribeiraopreto.com.br\/wp-content\/uploads\/2025\/12\/ricardo-silva_2025-12-13_18-40-46.webp.webp?fit=1200%2C901&ssl=1&resize=350%2C200","width":350,"height":200,"srcset":"https:\/\/i0.wp.com\/noticiasribeiraopreto.com.br\/wp-content\/uploads\/2025\/12\/ricardo-silva_2025-12-13_18-40-46.webp.webp?fit=1200%2C901&ssl=1&resize=350%2C200 1x, https:\/\/i0.wp.com\/noticiasribeiraopreto.com.br\/wp-content\/uploads\/2025\/12\/ricardo-silva_2025-12-13_18-40-46.webp.webp?fit=1200%2C901&ssl=1&resize=525%2C300 1.5x, https:\/\/i0.wp.com\/noticiasribeiraopreto.com.br\/wp-content\/uploads\/2025\/12\/ricardo-silva_2025-12-13_18-40-46.webp.webp?fit=1200%2C901&ssl=1&resize=700%2C400 2x, https:\/\/i0.wp.com\/noticiasribeiraopreto.com.br\/wp-content\/uploads\/2025\/12\/ricardo-silva_2025-12-13_18-40-46.webp.webp?fit=1200%2C901&ssl=1&resize=1050%2C600 3x"},"classes":[]},{"id":40841,"url":"https:\/\/noticiasribeiraopreto.com.br\/index.php\/2024\/03\/05\/receita-federal-e-casa-do-contabilista-ministram-palestra-sobre-aumento-das-destinacoes-do-imposto-de-renda\/","url_meta":{"origin":70152,"position":5},"title":"Receita Federal e Casa do Contabilista ministram palestra sobre aumento das destina\u00e7\u00f5es do IR","author":"noticiasribeiraopreto.com.br","date":"5 de March de 2024","format":false,"excerpt":"5 de mar\u00e7o de 2024 | 15:585 de mar\u00e7o de 2024 | 16:04 0A Delegacia da Receita Federal em Ribeir\u00e3o Preto e a Casa do Contabilista de Ribeir\u00e3o Preto realizaram, na manh\u00e3 desta ter\u00e7a-feira (05\/03), no edif\u00edcio da Receita Federal, palestra para divulga\u00e7\u00e3o de campanha para incremento das destina\u00e7\u00f5es de\u2026","rel":"","context":"In &quot;Not\u00edcias de Ribeir\u00e3o Preto-SP e Regi\u00e3o&quot;","block_context":{"text":"Not\u00edcias de Ribeir\u00e3o Preto-SP e Regi\u00e3o","link":"https:\/\/noticiasribeiraopreto.com.br\/index.php\/category\/noticias-de-ribeirao-preto-sp-e-regiao-ismael-colosi\/"},"img":{"alt_text":"","src":"https:\/\/i0.wp.com\/noticiasribeiraopreto.com.br\/wp-content\/uploads\/2024\/03\/WhatsApp-Image-2024-03-05-at-11.03.47-scaled.jpeg?fit=860%2C645&ssl=1&resize=350%2C200","width":350,"height":200,"srcset":"https:\/\/i0.wp.com\/noticiasribeiraopreto.com.br\/wp-content\/uploads\/2024\/03\/WhatsApp-Image-2024-03-05-at-11.03.47-scaled.jpeg?fit=860%2C645&ssl=1&resize=350%2C200 1x, https:\/\/i0.wp.com\/noticiasribeiraopreto.com.br\/wp-content\/uploads\/2024\/03\/WhatsApp-Image-2024-03-05-at-11.03.47-scaled.jpeg?fit=860%2C645&ssl=1&resize=525%2C300 1.5x, https:\/\/i0.wp.com\/noticiasribeiraopreto.com.br\/wp-content\/uploads\/2024\/03\/WhatsApp-Image-2024-03-05-at-11.03.47-scaled.jpeg?fit=860%2C645&ssl=1&resize=700%2C400 2x"},"classes":[]}],"jetpack_sharing_enabled":true,"jetpack_shortlink":"https:\/\/wp.me\/peQAOb-ifu","_links":{"self":[{"href":"https:\/\/noticiasribeiraopreto.com.br\/index.php\/wp-json\/wp\/v2\/posts\/70152","targetHints":{"allow":["GET"]}}],"collection":[{"href":"https:\/\/noticiasribeiraopreto.com.br\/index.php\/wp-json\/wp\/v2\/posts"}],"about":[{"href":"https:\/\/noticiasribeiraopreto.com.br\/index.php\/wp-json\/wp\/v2\/types\/post"}],"author":[{"embeddable":true,"href":"https:\/\/noticiasribeiraopreto.com.br\/index.php\/wp-json\/wp\/v2\/users\/1"}],"replies":[{"embeddable":true,"href":"https:\/\/noticiasribeiraopreto.com.br\/index.php\/wp-json\/wp\/v2\/comments?post=70152"}],"version-history":[{"count":0,"href":"https:\/\/noticiasribeiraopreto.com.br\/index.php\/wp-json\/wp\/v2\/posts\/70152\/revisions"}],"wp:featuredmedia":[{"embeddable":true,"href":"https:\/\/noticiasribeiraopreto.com.br\/index.php\/wp-json\/wp\/v2\/media\/70153"}],"wp:attachment":[{"href":"https:\/\/noticiasribeiraopreto.com.br\/index.php\/wp-json\/wp\/v2\/media?parent=70152"}],"wp:term":[{"taxonomy":"category","embeddable":true,"href":"https:\/\/noticiasribeiraopreto.com.br\/index.php\/wp-json\/wp\/v2\/categories?post=70152"},{"taxonomy":"post_tag","embeddable":true,"href":"https:\/\/noticiasribeiraopreto.com.br\/index.php\/wp-json\/wp\/v2\/tags?post=70152"}],"curies":[{"name":"wp","href":"https:\/\/api.w.org\/{rel}","templated":true}]}}