{"id":70154,"date":"2025-05-23T09:18:33","date_gmt":"2025-05-23T12:18:33","guid":{"rendered":"https:\/\/noticiasribeiraopreto.com.br\/index.php\/2025\/05\/23\/jornal-da-franca-sebrae-de-franca-faz-doacao-de-equipamentos-eletronicos-para-a-sociedade-dos-cegos\/"},"modified":"2025-05-23T09:18:33","modified_gmt":"2025-05-23T12:18:33","slug":"jornal-da-franca-sebrae-de-franca-faz-doacao-de-equipamentos-eletronicos-para-a-sociedade-dos-cegos","status":"publish","type":"post","link":"https:\/\/noticiasribeiraopreto.com.br\/index.php\/2025\/05\/23\/jornal-da-franca-sebrae-de-franca-faz-doacao-de-equipamentos-eletronicos-para-a-sociedade-dos-cegos\/","title":{"rendered":"Jornal da Franca &#8211; Sebrae de Franca faz doa\u00e7\u00e3o de equipamentos eletr\u00f4nicos para a Sociedade dos Cegos"},"content":{"rendered":"<p> <br \/>\n<\/p>\n<div>\n\t                            <a class=\"mb-1\" href=\"https:\/\/api.whatsapp.com\/send?text=Olha essa Not\u00edcia no Jornal da Franca.%0D%0D*Sebrae de Franca faz doa\u00e7\u00e3o de equipamentos eletr\u00f4nicos para a Sociedade dos Cegos*%0D%0Dclique na url abaixo%0Dhttps:\/\/www.jornaldafranca.com.br\/sebrae-de-franca-faz-doacao-de-equipamentos-eletronicos-para-sociedade-dos-cegos\/\" target=\"_blank\"><span class=\"text-12 badge badge-pill badge-success\"><i class=\"fa fa-whatsapp\"\/> compartilhar no whatsapp<\/span><\/a><\/p>\n<p>\t                            <a class=\"mb-1\" href=\"https:\/\/telegram.me\/share\/url?url=https:\/\/www.jornaldafranca.com.br\/sebrae-de-franca-faz-doacao-de-equipamentos-eletronicos-para-sociedade-dos-cegos\/&amp;text=Olha essa Not\u00edcia no Jornal da Franca.\" target=\"_blank\"><span class=\"text-12 badge badge-pill badge-info\"><i class=\"fa fa-telegram\"\/> compartilhar no telegram<\/span><\/a><\/p>\n<p>\t                            <a class=\"mb-1\" href=\"https:\/\/www.facebook.com\/sharer\/sharer.php?u=https:\/\/www.jornaldafranca.com.br\/sebrae-de-franca-faz-doacao-de-equipamentos-eletronicos-para-sociedade-dos-cegos\/\" target=\"_blank\"><span class=\"text-12 badge badge-pill badge-primary\"><i class=\"fa fa-facebook\"\/> compartilhar no facebook<\/span><\/a><\/p>\n<p>\t                            <a class=\"mb-1\" href=\"https:\/\/www.linkedin.com\/shareArticle?mini=true&amp;url=https:\/\/www.jornaldafranca.com.br\/sebrae-de-franca-faz-doacao-de-equipamentos-eletronicos-para-sociedade-dos-cegos\/&amp;title=Sebrae de Franca faz doa\u00e7\u00e3o de equipamentos eletr\u00f4nicos para a Sociedade dos Cegos&amp;source=JORNAL DA FRANCA\" target=\"_blank\"><span class=\"text-12 badge badge-pill badge-secondary\"><i class=\"fa fa-linkedin\"\/> compartilhar no linkedin<\/span><\/a><\/p>\n<div class=\"lead text-20\">\n<p>Escrit\u00f3rio regional do Sebrae de Franca cedeu notebooks, circuladores de ar, ar condicionado e outros equipamentos para o instituto<\/p>\n<\/p><\/div>\n<p><img data-recalc-dims=\"1\" decoding=\"async\" src=\"https:\/\/i0.wp.com\/www.jornaldafranca.com.br\/wp-content\/uploads\/2025\/05\/ae67dc25-49e8-4443-8b68-79243cb63a20.jpg?ssl=1\" alt=\"\"\/><\/p>\n<p>O Escrit\u00f3rio Regional do Sebrae-SP em Franca realizou a doa\u00e7\u00e3o de notebooks e outros produtos eletr\u00f4nicos para a Sociedade Francana de Instru\u00e7\u00e3o e Trabalho para Cegos.<\/p>\n<p>A doa\u00e7\u00e3o faz parte de um processo do Sebrae-SP de encaminhar para sociedades e institui\u00e7\u00f5es sem fins lucrativos produtos que n\u00e3o s\u00e3o mais utilizados pelo Escrit\u00f3rio. (<strong><em>Veja a lista completa ao final da mat\u00e9ria<\/em><\/strong>)<\/p>\n<p>A presidente da Sociedade Francana de Instru\u00e7\u00e3o e Trabalho para Cegos, Maria Aparecida Beraldi Lucas, a Cidinha, falou da import\u00e2ncia desta doa\u00e7\u00e3o:<\/p>\n<p>\u201cOs equipamentos doados pelo Sebrae \u2014 notebooks, circuladores de ar e arm\u00e1rios \u2014 s\u00e3o de grande relev\u00e2ncia para aprimorar a qualidade dos servi\u00e7os prestados \u00e0 popula\u00e7\u00e3o francana. Com certeza, os equipamentos far\u00e3o diferen\u00e7a no espa\u00e7o institucional, proporcionando bem-estar ao p\u00fablico atendido e \u00e0s pessoas com defici\u00eancias m\u00faltiplas e idosos com depend\u00eancias que s\u00e3o o pessoal que n\u00f3s atendemos\u201d, explicou.<\/p>\n<p><strong>Acesso \u00e0 tecnologia<\/strong><\/p>\n<p><img data-recalc-dims=\"1\" decoding=\"async\" src=\"https:\/\/i0.wp.com\/www.jornaldafranca.com.br\/wp-content\/uploads\/2025\/05\/f8e4c5c0-b300-4964-a449-a7818ccb71ca.jpg?ssl=1\" alt=\"\"\/><\/p>\n<p>Cidinha tamb\u00e9m comentou como essa doa\u00e7\u00e3o pode ajudar o instituto: \u201cA doa\u00e7\u00e3o do Sebrae nos trouxe v\u00e1rios benef\u00edcios, como, por exemplo, a oportunidade de acesso dos usu\u00e1rios \u00e0 tecnologia e tamb\u00e9m a cria\u00e7\u00e3o de um ambiente com maior conforto a partir dos equipamentos de circula\u00e7\u00e3o de ar e de ar-condicionado. Sem d\u00favida, a institui\u00e7\u00e3o ter\u00e1 melhores condi\u00e7\u00f5es para atender o p\u00fablico priorit\u00e1rio\u201d.<\/p>\n<p>A presidente da Sociedade dos Cegos agradeceu a parceria do Sebrae. \u201cN\u00f3s, todos os funcion\u00e1rios e os nossos usu\u00e1rios tamb\u00e9m agradecem ao Sebrae e suas a\u00e7\u00f5es. S\u00e3o a\u00e7\u00f5es como esta que enaltecem a qualidade dos empreendedores. Um forte abra\u00e7o a toda a equipe do Sebrae\u201d, finalizou.<\/p>\n<p>Iro\u00e1 Arantes, gerente do Sebrae-SP regional de Franca, explica como funciona este tipo de doa\u00e7\u00e3o: \u201cO Sebrae trabalha com recursos p\u00fablicos, e n\u00f3s temos que dar publicidade e notoriedade a todo e qualquer uso desse recurso. Por isso, quando temos algum bem inserv\u00edvel, como classificamos, ele \u00e9 destinado \u00e0 doa\u00e7\u00e3o para uma institui\u00e7\u00e3o sem fins lucrativos\u201d.<\/p>\n<p><strong>Processo de doa\u00e7\u00e3o<\/strong><\/p>\n<p><img data-recalc-dims=\"1\" decoding=\"async\" src=\"https:\/\/i0.wp.com\/www.jornaldafranca.com.br\/wp-content\/uploads\/2025\/05\/bdbfed09-7b1d-4b65-90a8-e2861775aeba.jpg?ssl=1\" alt=\"\"\/><\/p>\n<p>A gerente do Sebrae destacou que \u201cesses itens podem ainda estar em condi\u00e7\u00f5es de uso, muitas vezes, ou n\u00e3o; muitas vezes, n\u00e3o t\u00eam condi\u00e7\u00f5es de uso e s\u00e3o mesmo para descarte como recicl\u00e1veis. Dessa forma, atuamos beneficiando essas institui\u00e7\u00f5es para que possamos ter a documenta\u00e7\u00e3o e o rastreamento de onde foram utilizados esses bens e os recursos investidos neles\u201d.<\/p>\n<p>Iro\u00e1 tamb\u00e9m falou sobre o que \u00e9 preciso fazer para quem quiser participar das pr\u00f3ximas doa\u00e7\u00f5es: \u201cNormalmente, temos uma lista aqui no Escrit\u00f3rio, e toda vez que h\u00e1 algum processo de doa\u00e7\u00e3o, divulgamos para essas institui\u00e7\u00f5es. A partir da\u00ed, cada institui\u00e7\u00e3o que tem interesse naquilo que est\u00e1 na lista que divulgamos, apresenta sua documenta\u00e7\u00e3o e concorre entre os itens que est\u00e3o sendo doados\u201d, finalizou.<\/p>\n<p><strong>Veja a lista de doa\u00e7\u00f5es para o instituto:<\/strong><\/p>\n<p><strong>Notebooks\/Ultrabooks:<\/strong><\/p>\n<p>3 unidades de Notebook Positivo<br \/>6 unidades de Notebook Lenovo<br \/>1 unidade de Notebook Dell<br \/>8 unidades de Notebook Lenovo ThinkPad E14 20T7<br \/>6 unidades de Notebook Acer Aspire<br \/>7 unidades de Ultrabook Dell<\/p>\n<p><strong>Outros Equipamentos Eletr\u00f4nicos:<\/strong><\/p>\n<p>1 unidade de Roteador TP-Link TL-R470T Banda Larga<br \/>1 unidade de Aparelho DVD Samsung<br \/>5 unidades de Roteador Xirrus<br \/>1 unidade de Monitor LCD 23 Dell<br \/>1 unidade de Monitor Positivo<br \/>1 unidade de Switch com 48 portas Dell<br \/>1 unidade de Ar Condicionado Elgin 12.000 BTU\u2019s<\/p>\n<p><strong>M\u00f3veis e Eletrodom\u00e9sticos:<\/strong><\/p>\n<p>3 unidades de Circulador de Ar Arno<br \/>2 unidades de Arm\u00e1rio Baixo de Madeira Revestido em Melamina com 2 Portas<br \/>1 unidade de Ventilador de Mesa Arno<br \/>1 unidade de Quadro Branco Magn\u00e9tico<br \/>1 unidade de Totem para Auto Atendimento Videjet<br \/>1 unidade de Arm\u00e1rio de A\u00e7o Tipo Vesti\u00e1rio com 8 Portas<\/p>\n<p><!-- CONTENT END 1 --><\/p>\n<hr\/><\/div>\n<p><br \/>\n<br \/><a href=\"https:\/\/www.jornaldafranca.com.br\/sebrae-de-franca-faz-doacao-de-equipamentos-eletronicos-para-sociedade-dos-cegos\/\">Source link <\/a><\/p>\n","protected":false},"excerpt":{"rendered":"<p>compartilhar no whatsapp compartilhar no telegram compartilhar no facebook compartilhar no linkedin Escrit\u00f3rio regional do Sebrae de Franca cedeu notebooks, circuladores de ar, ar condicionado&#8230;<\/p>\n","protected":false},"author":1,"featured_media":70155,"comment_status":"open","ping_status":"open","sticky":false,"template":"","format":"standard","meta":{"advanced_seo_description":"","jetpack_seo_html_title":"","jetpack_seo_noindex":false,"jetpack_post_was_ever_published":false,"_jetpack_newsletter_access":"","_jetpack_dont_email_post_to_subs":false,"_jetpack_newsletter_tier_id":0,"_jetpack_memberships_contains_paywalled_content":false,"_jetpack_memberships_contains_paid_content":false,"footnotes":"","jetpack_publicize_message":"","jetpack_publicize_feature_enabled":true,"jetpack_social_post_already_shared":true,"jetpack_social_options":{"image_generator_settings":{"template":"highway","default_image_id":0,"font":"","enabled":false},"version":2}},"categories":[3597],"tags":[],"class_list":["post-70154","post","type-post","status-publish","format-standard","has-post-thumbnail","hentry","category-noticias-franca-sp"],"jetpack_publicize_connections":[],"jetpack_featured_media_url":"https:\/\/i0.wp.com\/noticiasribeiraopreto.com.br\/wp-content\/uploads\/2025\/05\/essa-23.jpg?fit=976%2C532&ssl=1","jetpack-related-posts":[{"id":73017,"url":"https:\/\/noticiasribeiraopreto.com.br\/index.php\/2025\/06\/24\/jornal-da-franca-clima-sera-de-frio-porem-agradavel-e-fresco-em-franca-nesta-terca-deve-chover\/","url_meta":{"origin":70154,"position":0},"title":"Jornal da Franca &#8211; Clima ser\u00e1 de frio, por\u00e9m agrad\u00e1vel e fresco em Franca nesta ter\u00e7a: deve chover","author":"noticiasribeiraopreto.com.br","date":"24 de June de 2025","format":false,"excerpt":"compartilhar no whatsapp compartilhar no telegram compartilhar no facebook compartilhar no linkedin Cidade tem previs\u00e3o de chuva de at\u00e9 12 mil\u00edmetros A previs\u00e3o do tempo para Franca indica um dia agrad\u00e1vel, com temperatura m\u00ednima de 5\u00b0C e m\u00e1xima de 22\u00b0C. H\u00e1 grande possibilidade de chuva, com volume de at\u00e9 12\u2026","rel":"","context":"In &quot;Not\u00edcias de Franca-SP&quot;","block_context":{"text":"Not\u00edcias de Franca-SP","link":"https:\/\/noticiasribeiraopreto.com.br\/index.php\/category\/noticias-de-ribeirao-preto-sp-e-regiao-ismael-colosi\/noticias-franca-sp\/"},"img":{"alt_text":"","src":"https:\/\/i0.wp.com\/noticiasribeiraopreto.com.br\/wp-content\/uploads\/2025\/06\/1750758766_Franca.jpeg?fit=1200%2C806&ssl=1&resize=350%2C200","width":350,"height":200,"srcset":"https:\/\/i0.wp.com\/noticiasribeiraopreto.com.br\/wp-content\/uploads\/2025\/06\/1750758766_Franca.jpeg?fit=1200%2C806&ssl=1&resize=350%2C200 1x, https:\/\/i0.wp.com\/noticiasribeiraopreto.com.br\/wp-content\/uploads\/2025\/06\/1750758766_Franca.jpeg?fit=1200%2C806&ssl=1&resize=525%2C300 1.5x, https:\/\/i0.wp.com\/noticiasribeiraopreto.com.br\/wp-content\/uploads\/2025\/06\/1750758766_Franca.jpeg?fit=1200%2C806&ssl=1&resize=700%2C400 2x, https:\/\/i0.wp.com\/noticiasribeiraopreto.com.br\/wp-content\/uploads\/2025\/06\/1750758766_Franca.jpeg?fit=1200%2C806&ssl=1&resize=1050%2C600 3x"},"classes":[]},{"id":67756,"url":"https:\/\/noticiasribeiraopreto.com.br\/index.php\/2025\/04\/18\/jornal-da-franca-vereadores-aprovam-reconhecimento-a-profissionais-e-entidades-que-atuam-em-franca\/","url_meta":{"origin":70154,"position":1},"title":"Jornal da Franca &#8211; Vereadores aprovam reconhecimento a profissionais e entidades que atuam em Franca\u00a0","author":"noticiasribeiraopreto.com.br","date":"18 de April de 2025","format":false,"excerpt":"compartilhar no whatsapp compartilhar no telegram compartilhar no facebook compartilhar no linkedin Mo\u00e7\u00f5es de aplausos e congratula\u00e7\u00f5es s\u00e3o apresentadas em reconhecimento a servi\u00e7os prestados A C\u00e2mara Municipal de Franca aprovou na sess\u00e3o desta ter\u00e7a-feira mo\u00e7\u00f5es de aplausos e congratula\u00e7\u00f5es em reconhecimento a profissionais, entidades e sindicatos que se destacaram em\u2026","rel":"","context":"In &quot;Not\u00edcias de Franca-SP&quot;","block_context":{"text":"Not\u00edcias de Franca-SP","link":"https:\/\/noticiasribeiraopreto.com.br\/index.php\/category\/noticias-de-ribeirao-preto-sp-e-regiao-ismael-colosi\/noticias-franca-sp\/"},"img":{"alt_text":"","src":"https:\/\/i0.wp.com\/noticiasribeiraopreto.com.br\/wp-content\/uploads\/2025\/04\/reuniaodecomissoes-2.jpg?fit=930%2C558&ssl=1&resize=350%2C200","width":350,"height":200,"srcset":"https:\/\/i0.wp.com\/noticiasribeiraopreto.com.br\/wp-content\/uploads\/2025\/04\/reuniaodecomissoes-2.jpg?fit=930%2C558&ssl=1&resize=350%2C200 1x, https:\/\/i0.wp.com\/noticiasribeiraopreto.com.br\/wp-content\/uploads\/2025\/04\/reuniaodecomissoes-2.jpg?fit=930%2C558&ssl=1&resize=525%2C300 1.5x, https:\/\/i0.wp.com\/noticiasribeiraopreto.com.br\/wp-content\/uploads\/2025\/04\/reuniaodecomissoes-2.jpg?fit=930%2C558&ssl=1&resize=700%2C400 2x"},"classes":[]},{"id":69340,"url":"https:\/\/noticiasribeiraopreto.com.br\/index.php\/2025\/05\/05\/jornal-da-franca-implantacao-de-escola-civico-militar-em-franca-e-tema-de-debates-na-camara-municipal\/","url_meta":{"origin":70154,"position":2},"title":"Jornal da Franca &#8211; Implanta\u00e7\u00e3o de escola c\u00edvico-militar em Franca \u00e9 tema de debates na C\u00e2mara Municipal","author":"noticiasribeiraopreto.com.br","date":"5 de May de 2025","format":false,"excerpt":"compartilhar no whatsapp compartilhar no telegram compartilhar no facebook compartilhar no linkedin Mun\u00edcipe agradece apoio de vereadores e parlamentares para que Franca fosse contemplada com o modelo educacional A implanta\u00e7\u00e3o do Programa das Escolas C\u00edvico-Militares em Franca, pauta defendida pela direita, foi tema abordado durante a sess\u00e3o ordin\u00e1ria da C\u00e2mara\u2026","rel":"","context":"In &quot;Not\u00edcias de Franca-SP&quot;","block_context":{"text":"Not\u00edcias de Franca-SP","link":"https:\/\/noticiasribeiraopreto.com.br\/index.php\/category\/noticias-de-ribeirao-preto-sp-e-regiao-ismael-colosi\/noticias-franca-sp\/"},"img":{"alt_text":"","src":"https:\/\/i0.wp.com\/noticiasribeiraopreto.com.br\/wp-content\/uploads\/2025\/05\/1746449336_plenariodiagonal_0.jpg?fit=930%2C558&ssl=1&resize=350%2C200","width":350,"height":200,"srcset":"https:\/\/i0.wp.com\/noticiasribeiraopreto.com.br\/wp-content\/uploads\/2025\/05\/1746449336_plenariodiagonal_0.jpg?fit=930%2C558&ssl=1&resize=350%2C200 1x, https:\/\/i0.wp.com\/noticiasribeiraopreto.com.br\/wp-content\/uploads\/2025\/05\/1746449336_plenariodiagonal_0.jpg?fit=930%2C558&ssl=1&resize=525%2C300 1.5x, https:\/\/i0.wp.com\/noticiasribeiraopreto.com.br\/wp-content\/uploads\/2025\/05\/1746449336_plenariodiagonal_0.jpg?fit=930%2C558&ssl=1&resize=700%2C400 2x"},"classes":[]},{"id":64747,"url":"https:\/\/noticiasribeiraopreto.com.br\/index.php\/2025\/03\/12\/jornal-da-franca-autoridades-e-produtores-rurais-de-franca-fazem-abertura-da-16-edicao-do-simcafe\/","url_meta":{"origin":70154,"position":3},"title":"Jornal da Franca &#8211; Autoridades e produtores rurais de Franca fazem abertura da 16\u00b0 edi\u00e7\u00e3o do SimCaf\u00e9","author":"noticiasribeiraopreto.com.br","date":"12 de March de 2025","format":false,"excerpt":"compartilhar no whatsapp compartilhar no telegram compartilhar no facebook compartilhar no linkedin Evento re\u00fane cafeicultores e empresas do setor de agro de Franca e regi\u00e3o O Simcaf\u00e9 \u2013 Simp\u00f3sio do Agroneg\u00f3cio Caf\u00e9 da Alta Mogiana \u2013 teve sua 16\u00b0 edi\u00e7\u00e3o aberta nesta ter\u00e7a-feira com a presen\u00e7a de diversas autoridades pol\u00edticas.\u2026","rel":"","context":"In &quot;Not\u00edcias de Franca-SP&quot;","block_context":{"text":"Not\u00edcias de Franca-SP","link":"https:\/\/noticiasribeiraopreto.com.br\/index.php\/category\/noticias-de-ribeirao-preto-sp-e-regiao-ismael-colosi\/noticias-franca-sp\/"},"img":{"alt_text":"","src":"https:\/\/i0.wp.com\/noticiasribeiraopreto.com.br\/wp-content\/uploads\/2025\/03\/IMG_20250311_180004.jpg?fit=804%2C730&ssl=1&resize=350%2C200","width":350,"height":200,"srcset":"https:\/\/i0.wp.com\/noticiasribeiraopreto.com.br\/wp-content\/uploads\/2025\/03\/IMG_20250311_180004.jpg?fit=804%2C730&ssl=1&resize=350%2C200 1x, https:\/\/i0.wp.com\/noticiasribeiraopreto.com.br\/wp-content\/uploads\/2025\/03\/IMG_20250311_180004.jpg?fit=804%2C730&ssl=1&resize=525%2C300 1.5x, https:\/\/i0.wp.com\/noticiasribeiraopreto.com.br\/wp-content\/uploads\/2025\/03\/IMG_20250311_180004.jpg?fit=804%2C730&ssl=1&resize=700%2C400 2x"},"classes":[]},{"id":69220,"url":"https:\/\/noticiasribeiraopreto.com.br\/index.php\/2025\/05\/03\/jornal-da-franca-socorristas-que-salvaram-crianca-em-franca-recebem-mocao-de-aplausos-da-camara\/","url_meta":{"origin":70154,"position":4},"title":"Jornal da Franca &#8211; Socorristas que salvaram crian\u00e7a em Franca\u00a0recebem Mo\u00e7\u00e3o de Aplausos da C\u00e2mara","author":"noticiasribeiraopreto.com.br","date":"3 de May de 2025","format":false,"excerpt":"compartilhar no whatsapp compartilhar no telegram compartilhar no facebook compartilhar no linkedin Mo\u00e7\u00e3o reconhece trabalho de equipe de sa\u00fade que atuou no salvamento de beb\u00ea A C\u00e2mara aprovou a Mo\u00e7\u00e3o de Aplausos n\u00ba 41 de 2025, de autoria do vereador Walker Bombeiro da Libras, para a equipe de sa\u00fade da\u2026","rel":"","context":"In &quot;Not\u00edcias de Franca-SP&quot;","block_context":{"text":"Not\u00edcias de Franca-SP","link":"https:\/\/noticiasribeiraopreto.com.br\/index.php\/category\/noticias-de-ribeirao-preto-sp-e-regiao-ismael-colosi\/noticias-franca-sp\/"},"img":{"alt_text":"","src":"https:\/\/i0.wp.com\/noticiasribeiraopreto.com.br\/wp-content\/uploads\/2025\/05\/mocaoravi17sessao.jpg?fit=1000%2C562&ssl=1&resize=350%2C200","width":350,"height":200,"srcset":"https:\/\/i0.wp.com\/noticiasribeiraopreto.com.br\/wp-content\/uploads\/2025\/05\/mocaoravi17sessao.jpg?fit=1000%2C562&ssl=1&resize=350%2C200 1x, https:\/\/i0.wp.com\/noticiasribeiraopreto.com.br\/wp-content\/uploads\/2025\/05\/mocaoravi17sessao.jpg?fit=1000%2C562&ssl=1&resize=525%2C300 1.5x, https:\/\/i0.wp.com\/noticiasribeiraopreto.com.br\/wp-content\/uploads\/2025\/05\/mocaoravi17sessao.jpg?fit=1000%2C562&ssl=1&resize=700%2C400 2x"},"classes":[]},{"id":70587,"url":"https:\/\/noticiasribeiraopreto.com.br\/index.php\/2025\/05\/28\/jornal-da-franca-franca-tera-clima-ameno-e-possibilidade-de-pancadas-de-chuva-nesta-quarta-feira\/","url_meta":{"origin":70154,"position":5},"title":"Jornal da Franca &#8211; Franca ter\u00e1 clima ameno e possibilidade de pancadas de chuva nesta quarta-feira","author":"noticiasribeiraopreto.com.br","date":"28 de May de 2025","format":false,"excerpt":"compartilhar no whatsapp compartilhar no telegram compartilhar no facebook compartilhar no linkedin Confira as condi\u00e7\u00f5es clim\u00e1ticas para a cidade de Franca e regi\u00e3o segundo o Climatempo A previs\u00e3o do tempo para a cidade de Franca nesta quarta-feira, 28 de maio, indica um dia com c\u00e9u parcialmente nublado e temperaturas agrad\u00e1veis.\u2026","rel":"","context":"In &quot;Not\u00edcias de Franca-SP&quot;","block_context":{"text":"Not\u00edcias de Franca-SP","link":"https:\/\/noticiasribeiraopreto.com.br\/index.php\/category\/noticias-de-ribeirao-preto-sp-e-regiao-ismael-colosi\/noticias-franca-sp\/"},"img":{"alt_text":"","src":"https:\/\/i0.wp.com\/noticiasribeiraopreto.com.br\/wp-content\/uploads\/2025\/05\/ceu-claro.jpg?fit=960%2C629&ssl=1&resize=350%2C200","width":350,"height":200,"srcset":"https:\/\/i0.wp.com\/noticiasribeiraopreto.com.br\/wp-content\/uploads\/2025\/05\/ceu-claro.jpg?fit=960%2C629&ssl=1&resize=350%2C200 1x, https:\/\/i0.wp.com\/noticiasribeiraopreto.com.br\/wp-content\/uploads\/2025\/05\/ceu-claro.jpg?fit=960%2C629&ssl=1&resize=525%2C300 1.5x, https:\/\/i0.wp.com\/noticiasribeiraopreto.com.br\/wp-content\/uploads\/2025\/05\/ceu-claro.jpg?fit=960%2C629&ssl=1&resize=700%2C400 2x"},"classes":[]}],"jetpack_sharing_enabled":true,"jetpack_shortlink":"https:\/\/wp.me\/peQAOb-ifw","_links":{"self":[{"href":"https:\/\/noticiasribeiraopreto.com.br\/index.php\/wp-json\/wp\/v2\/posts\/70154","targetHints":{"allow":["GET"]}}],"collection":[{"href":"https:\/\/noticiasribeiraopreto.com.br\/index.php\/wp-json\/wp\/v2\/posts"}],"about":[{"href":"https:\/\/noticiasribeiraopreto.com.br\/index.php\/wp-json\/wp\/v2\/types\/post"}],"author":[{"embeddable":true,"href":"https:\/\/noticiasribeiraopreto.com.br\/index.php\/wp-json\/wp\/v2\/users\/1"}],"replies":[{"embeddable":true,"href":"https:\/\/noticiasribeiraopreto.com.br\/index.php\/wp-json\/wp\/v2\/comments?post=70154"}],"version-history":[{"count":0,"href":"https:\/\/noticiasribeiraopreto.com.br\/index.php\/wp-json\/wp\/v2\/posts\/70154\/revisions"}],"wp:featuredmedia":[{"embeddable":true,"href":"https:\/\/noticiasribeiraopreto.com.br\/index.php\/wp-json\/wp\/v2\/media\/70155"}],"wp:attachment":[{"href":"https:\/\/noticiasribeiraopreto.com.br\/index.php\/wp-json\/wp\/v2\/media?parent=70154"}],"wp:term":[{"taxonomy":"category","embeddable":true,"href":"https:\/\/noticiasribeiraopreto.com.br\/index.php\/wp-json\/wp\/v2\/categories?post=70154"},{"taxonomy":"post_tag","embeddable":true,"href":"https:\/\/noticiasribeiraopreto.com.br\/index.php\/wp-json\/wp\/v2\/tags?post=70154"}],"curies":[{"name":"wp","href":"https:\/\/api.w.org\/{rel}","templated":true}]}}