{"id":70156,"date":"2025-05-23T09:25:28","date_gmt":"2025-05-23T12:25:28","guid":{"rendered":"https:\/\/noticiasribeiraopreto.com.br\/index.php\/2025\/05\/23\/caso-larissa-corpo-de-nathalia-sera-exumado-hoje\/"},"modified":"2025-05-23T09:25:28","modified_gmt":"2025-05-23T12:25:28","slug":"caso-larissa-corpo-de-nathalia-sera-exumado-hoje","status":"publish","type":"post","link":"https:\/\/noticiasribeiraopreto.com.br\/index.php\/2025\/05\/23\/caso-larissa-corpo-de-nathalia-sera-exumado-hoje\/","title":{"rendered":"CASO LARISSA: Corpo de Nath\u00e1lia ser\u00e1 exumado hoje"},"content":{"rendered":"<div class='code-block code-block-1' style='margin: 8px 0 8px auto; text-align: right; display: block; clear: both;'>\n<p><a href=\"https:\/\/wa.link\/vpicfd\"><img data-recalc-dims=\"1\" class=\"wp-image-4922\" style=\"aspect-ratio: 2.0253164556962027; width: 561px; height: auto;\" src=\"https:\/\/i0.wp.com\/ismaelcolosi.com.br\/wp-content\/uploads\/2023\/11\/grupo-de-empregos-whatsapp-e-facebook-ismael-colosi-vagas.jpg?ssl=1\" alt=\"\" \/><\/a><\/p>\n<!-- \/wp:image -->\n<\/div>\n<p> <br \/>\n<\/p>\n<div id=\"\">\n<h2 class=\"penci-post-subtitle\">Equipe do IML far\u00e1 o procedimento para, a pedido da Pol\u00edcia Civil, verificar se h\u00e1 vest\u00edgios de chumbinho ou outro veneno no corpo da mulher<\/h2>\n<p>\n\t\t\t\t\t\t\t\t\t<span class=\"entry-meta-item penci-posted-on\"><i class=\"fa fa-clock-o\"\/><time class=\"entry-date published updated\" datetime=\"2025-05-23T09:14:21-03:00\">23 de maio de 2025 09:14<\/time><\/span><span class=\"entry-meta-item penci-post-countview\"><span class=\"entry-meta-item penci-post-countview penci_post-meta_item\"><i class=\"fa fa-eye\"\/><span class=\"penci-post-countview-number penci-post-countview-p426608\">11<\/span><\/span><\/span>\t\t\t\t\t\t\t\t<\/p>\n<p><!-- .entry-meta --><br \/>\n\t\t\t\t\t\t\t\t<span class=\"penci-social-buttons penci-social-share-footer\"><span class=\"penci-social-share-text\">Compartilhar<\/span><a href=\"#\" class=\"penci-post-like penci_post-meta_item  single-like-button penci-social-item like\" data-post_id=\"426608\" title=\"Like\" data-like=\"Like\" data-unlike=\"Unlike\"><i class=\"fa fa-thumbs-o-up\"\/><span class=\"penci-share-number\">2<\/span><\/a><i class=\"fa fa-facebook\"\/><a class=\"penci-social-item twitter\" target=\"_blank\" rel=\"noopener\" title=\"\" href=\"https:\/\/twitter.com\/intent\/tweet?text=CASO%20LARISSA:%20Corpo%20de%20Nath\u00e1lia%20ser\u00e1%20exumado%20hoje%20-%20https:\/\/www.tribunaribeirao.com.br\/caso-larissa-corpo-de-nathalia-sera-exumado-hoje\/\"><i class=\"fa fa-twitter\"\/><\/a><i class=\"fa fa-linkedin\"\/><i class=\"fa fa-whatsapp\"\/><i class=\"fa fa-telegram\"\/><i class=\"fa fa-envelope\"\/><\/span>\t\t\t\t\t\t\t<\/div>\n<div>\n<p>Por: Adalberto Luque<\/p>\n<p>Acontece nesta sexta-feira (23), \u00e0s 10h00, a exuma\u00e7\u00e3o do corpo de Nath\u00e1lia Garnica, irm\u00e3 do m\u00e9dico Luiz Ant\u00f4nio Garnica e filha de Elizabete Eug\u00eanio Arraba\u00e7a Garnica, suspeitos de terem matado por envenenamento a professora Larissa Talle Le\u00f4ncio Rodrigues, de 37 anos.<\/p>\n<p>Nath\u00e1lia morreu no dia 9 de fevereiro ap\u00f3s um mal s\u00fabito. A exemplo de Larissa, ela n\u00e3o tinha problemas de sa\u00fade. O delegado Fernando Bravo suspeitou que ela tamb\u00e9m pudesse ter sido envenenada durante os interrogat\u00f3rios.<\/p>\n<p>A exuma\u00e7\u00e3o come\u00e7a \u00e0s 10h00, no Cemit\u00e9rio de Pontal, cidade na regi\u00e3o metropolitana de Ribeir\u00e3o Preto. Nath\u00e1lia e Larissa est\u00e3o sepultadas no mesmo t\u00famulo. Para garantir o trabalho dos peritos e t\u00e9cnicos do Instituto M\u00e9dico Legal (IML), o cemit\u00e9rio estar\u00e1 fechado e as ruas pr\u00f3ximas interditadas. N\u00e3o ser\u00e1 permitida a presen\u00e7a de p\u00fablico no procedimento.<\/p>\n<figure id=\"attachment_426164\" aria-describedby=\"caption-attachment-426164\" style=\"width: 800px\" class=\"wp-caption alignnone\"><img data-recalc-dims=\"1\" loading=\"lazy\" decoding=\"async\" class=\"size-full wp-image-426164\" src=\"https:\/\/i0.wp.com\/www.tribunaribeirao.com.br\/wp-content\/uploads\/2025\/05\/19-mai-2025-nataliagarnica-scaled.jpg?resize=800%2C450&#038;ssl=1\" alt=\"\" width=\"800\" height=\"450\" srcset=\"https:\/\/www.tribunaribeirao.com.br\/wp-content\/uploads\/2025\/05\/19-mai-2025-nataliagarnica-scaled.jpg 800w, https:\/\/www.tribunaribeirao.com.br\/wp-content\/uploads\/2025\/05\/19-mai-2025-nataliagarnica-300x169.jpg 300w, https:\/\/www.tribunaribeirao.com.br\/wp-content\/uploads\/2025\/05\/19-mai-2025-nataliagarnica-1024x576.jpg 1024w, https:\/\/www.tribunaribeirao.com.br\/wp-content\/uploads\/2025\/05\/19-mai-2025-nataliagarnica-768x432.jpg 768w, https:\/\/www.tribunaribeirao.com.br\/wp-content\/uploads\/2025\/05\/19-mai-2025-nataliagarnica-1536x864.jpg 1536w, https:\/\/www.tribunaribeirao.com.br\/wp-content\/uploads\/2025\/05\/19-mai-2025-nataliagarnica-960x540.jpg 960w, https:\/\/www.tribunaribeirao.com.br\/wp-content\/uploads\/2025\/05\/19-mai-2025-nataliagarnica-711x400.jpg 711w, https:\/\/www.tribunaribeirao.com.br\/wp-content\/uploads\/2025\/05\/19-mai-2025-nataliagarnica-585x329.jpg 585w\" sizes=\"auto, (max-width: 800px) 100vw, 800px\"\/><figcaption id=\"caption-attachment-426164\" class=\"wp-caption-text\">Corpo de Natalia, v\u00edtima de suposto mal s\u00fabito, ser\u00e1 exumado: pol\u00edcia quer saber se ela tamb\u00e9m foi envenenada (Foto: Redes Sociais)<\/figcaption><\/figure>\n<p>Todo o procedimento ser\u00e1 feito no local da exuma\u00e7\u00e3o, no pr\u00f3prio cemit\u00e9rio. O material ser\u00e1 colhido na presen\u00e7a de policiais civis que investigam o caso, promotor e testemunhas.<\/p>\n<p>Contudo, o resultado que pode apontar a presen\u00e7a de chumbinho vai depender da integridade dos \u00f3rg\u00e3os onde ser\u00e3o coletados os materiais biol\u00f3gicos para exame. N\u00e3o h\u00e1 informa\u00e7\u00f5es sobre o prazo para que o laudo seja apresentado.<\/p>\n<figure id=\"attachment_425964\" aria-describedby=\"caption-attachment-425964\" style=\"width: 476px\" class=\"wp-caption alignleft\"><img data-recalc-dims=\"1\" loading=\"lazy\" decoding=\"async\" class=\"size-full wp-image-425964\" src=\"https:\/\/i0.wp.com\/www.tribunaribeirao.com.br\/wp-content\/uploads\/2025\/05\/05-mai-2025-professorabotanico2-1.jpg?resize=476%2C380&#038;ssl=1\" alt=\"\" width=\"476\" height=\"380\" srcset=\"https:\/\/www.tribunaribeirao.com.br\/wp-content\/uploads\/2025\/05\/05-mai-2025-professorabotanico2-1.jpg 476w, https:\/\/www.tribunaribeirao.com.br\/wp-content\/uploads\/2025\/05\/05-mai-2025-professorabotanico2-1-300x239.jpg 300w\" sizes=\"auto, (max-width: 476px) 100vw, 476px\"\/><figcaption id=\"caption-attachment-425964\" class=\"wp-caption-text\">Pol\u00edcia suspeita partilha de bens por conta de div\u00f3rcio pedido por Larissa possa ter motivado o envenenamento (Foto: Redes Sociais)<\/figcaption><\/figure>\n<p><strong>Entenda o caso<\/strong><\/p>\n<p>Larissa foi encontrada morta em seu apartamento, no Jardim Bot\u00e2nico, zona Sul de Ribeir\u00e3o Preto, na manh\u00e3 de 22 de mar\u00e7o. Seu marido, o m\u00e9dico ortopedista Luiz Garnica, foi quem encontrou o corpo ca\u00eddo no banheiro.<\/p>\n<p>No primeiro boletim de ocorr\u00eancia do caso, ele disse ter chegado e encontrado a mulher desfalecida. Depois colocou-a na cama, acionou a Guarda Civil Metropolitana (GCM) e Servi\u00e7o de Atendimento M\u00f3vel de Urg\u00eancia (SAMU), mas ela j\u00e1 estava morta e n\u00e3o reagiu aos est\u00edmulos.<\/p>\n<p>O exame necrosc\u00f3pico foi inconclusivo em rela\u00e7\u00e3o \u00e0 causa da morte, mas exame toxicol\u00f3gico apontou que a professora foi envenenada por \u201cchumbinho\u201d. Depois de ouvir v\u00e1rias testemunhas, o delegado do caso, Fernando Bravo, pediu a pris\u00e3o preventiva do m\u00e9dico e de sua m\u00e3e, Elizabete Eug\u00eanio Arraba\u00e7a Garnica, de 67 anos, por considerar ambos suspeitos de envenenar Larissa.<\/p>\n<p>Os advogados de defesa negam a culpa de seus clientes e ambos teriam ingressado com pedidos de habeas corpus, que foram negados. Uma das hip\u00f3teses investigadas pela Pol\u00edcia Civil \u00e9 que o crime possa ter ocorrido por conta de uma eventual partilha de bens em caso de div\u00f3rcio da v\u00edtima.<\/p>\n<\/div>\n<p><script async src=\"\/\/platform.twitter.com\/widgets.js\" charset=\"utf-8\"><\/script><br \/>\n<br \/><br \/>\n<br \/><a href=\"https:\/\/www.tribunaribeirao.com.br\/caso-larissa-corpo-de-nathalia-sera-exumado-hoje\/\">Source link <\/a><\/p>\n<!-- CONTENT END 1 -->\n","protected":false},"excerpt":{"rendered":"<p>Equipe do IML far\u00e1 o procedimento para, a pedido da Pol\u00edcia Civil, verificar se h\u00e1 vest\u00edgios de chumbinho ou outro veneno no corpo da mulher&#8230;<\/p>\n","protected":false},"author":1,"featured_media":70157,"comment_status":"open","ping_status":"open","sticky":false,"template":"","format":"standard","meta":{"advanced_seo_description":"","jetpack_seo_html_title":"","jetpack_seo_noindex":false,"jetpack_post_was_ever_published":false,"_jetpack_newsletter_access":"","_jetpack_dont_email_post_to_subs":false,"_jetpack_newsletter_tier_id":0,"_jetpack_memberships_contains_paywalled_content":false,"_jetpack_memberships_contains_paid_content":false,"footnotes":"","jetpack_publicize_message":"","jetpack_publicize_feature_enabled":true,"jetpack_social_post_already_shared":true,"jetpack_social_options":{"image_generator_settings":{"template":"highway","default_image_id":0,"font":"","enabled":false},"version":2}},"categories":[11],"tags":[],"class_list":["post-70156","post","type-post","status-publish","format-standard","has-post-thumbnail","hentry","category-noticias-de-ribeirao-preto-sp-e-regiao-ismael-colosi"],"jetpack_publicize_connections":[],"jetpack_featured_media_url":"https:\/\/i0.wp.com\/noticiasribeiraopreto.com.br\/wp-content\/uploads\/2025\/05\/16-mai-2525-tumulolarissanatalia-scaled.jpg?fit=723%2C500&ssl=1","jetpack-related-posts":[{"id":58588,"url":"https:\/\/noticiasribeiraopreto.com.br\/index.php\/2024\/10\/01\/bombeiros-encontram-corpo-de-moradora-da-regiao-de-ribeirao-preto-no-rio-grande\/","url_meta":{"origin":70156,"position":0},"title":"Bombeiros encontram corpo de moradora da regi\u00e3o de Ribeir\u00e3o Preto no rio Grande","author":"noticiasribeiraopreto.com.br","date":"1 de October de 2024","format":false,"excerpt":"O Corpo de Bombeiros encontrou, no final da tarde desta segunda-feira (30), o corpo da idosa de Franca, regi\u00e3o de Ribeir\u00e3o Preto, que estava desaparecida no rio Grande, entre Claraval-MG e Ibiraci-MG. Marli Cardoso da Silva, de 66 anos, estava desaparecida desde o \u00faltimo s\u00e1bado (28), e foi localizada a\u2026","rel":"","context":"In &quot;Not\u00edcias de Ribeir\u00e3o Preto-SP e Regi\u00e3o&quot;","block_context":{"text":"Not\u00edcias de Ribeir\u00e3o Preto-SP e Regi\u00e3o","link":"https:\/\/noticiasribeiraopreto.com.br\/index.php\/category\/noticias-de-ribeirao-preto-sp-e-regiao-ismael-colosi\/"},"img":{"alt_text":"","src":"https:\/\/i0.wp.com\/noticiasribeiraopreto.com.br\/wp-content\/uploads\/2024\/10\/Copia-de-Copia-de-Copia-de-TAMANHO-EXATO-PARA-FOTOS-NO-SISTEMA-NOVO-84_2024-10-01_18-31-55_png_2024-10-01_18-31-55.webp.webp?fit=1200%2C675&ssl=1&resize=350%2C200","width":350,"height":200,"srcset":"https:\/\/i0.wp.com\/noticiasribeiraopreto.com.br\/wp-content\/uploads\/2024\/10\/Copia-de-Copia-de-Copia-de-TAMANHO-EXATO-PARA-FOTOS-NO-SISTEMA-NOVO-84_2024-10-01_18-31-55_png_2024-10-01_18-31-55.webp.webp?fit=1200%2C675&ssl=1&resize=350%2C200 1x, https:\/\/i0.wp.com\/noticiasribeiraopreto.com.br\/wp-content\/uploads\/2024\/10\/Copia-de-Copia-de-Copia-de-TAMANHO-EXATO-PARA-FOTOS-NO-SISTEMA-NOVO-84_2024-10-01_18-31-55_png_2024-10-01_18-31-55.webp.webp?fit=1200%2C675&ssl=1&resize=525%2C300 1.5x, https:\/\/i0.wp.com\/noticiasribeiraopreto.com.br\/wp-content\/uploads\/2024\/10\/Copia-de-Copia-de-Copia-de-TAMANHO-EXATO-PARA-FOTOS-NO-SISTEMA-NOVO-84_2024-10-01_18-31-55_png_2024-10-01_18-31-55.webp.webp?fit=1200%2C675&ssl=1&resize=700%2C400 2x, https:\/\/i0.wp.com\/noticiasribeiraopreto.com.br\/wp-content\/uploads\/2024\/10\/Copia-de-Copia-de-Copia-de-TAMANHO-EXATO-PARA-FOTOS-NO-SISTEMA-NOVO-84_2024-10-01_18-31-55_png_2024-10-01_18-31-55.webp.webp?fit=1200%2C675&ssl=1&resize=1050%2C600 3x"},"classes":[]},{"id":13210,"url":"https:\/\/noticiasribeiraopreto.com.br\/index.php\/2023\/12\/09\/corpo-de-homem-e-encontrado-em-canavial-da-regiao-de-ribeirao-preto\/","url_meta":{"origin":70156,"position":1},"title":"Corpo de homem \u00e9 encontrado em canavial da regi\u00e3o de Ribeir\u00e3o Preto","author":"noticiasribeiraopreto.com.br","date":"9 de December de 2023","format":false,"excerpt":"O corpo de um homem foi encontrado em um canavial, na Rodovia Candido Portinari, em Batatais, a 40 quil\u00f4metros de Ribeir\u00e3o Preto. Funcion\u00e1rios de uma usina passavam pelo canavial, na tarde da sexta-feira (8), quando perceberam o corpo. A v\u00edtima tem marcas no corpo que sugerem que a causa da\u2026","rel":"","context":"In &quot;Not\u00edcias de Ribeir\u00e3o Preto-SP e Regi\u00e3o&quot;","block_context":{"text":"Not\u00edcias de Ribeir\u00e3o Preto-SP e Regi\u00e3o","link":"https:\/\/noticiasribeiraopreto.com.br\/index.php\/category\/noticias-de-ribeirao-preto-sp-e-regiao-ismael-colosi\/"},"img":{"alt_text":"","src":"https:\/\/i0.wp.com\/noticiasribeiraopreto.com.br\/wp-content\/uploads\/2023\/12\/WhatsApp-Image-2023-12-09-at-13.55.44.jpeg?fit=1024%2C576&ssl=1&resize=350%2C200","width":350,"height":200,"srcset":"https:\/\/i0.wp.com\/noticiasribeiraopreto.com.br\/wp-content\/uploads\/2023\/12\/WhatsApp-Image-2023-12-09-at-13.55.44.jpeg?fit=1024%2C576&ssl=1&resize=350%2C200 1x, https:\/\/i0.wp.com\/noticiasribeiraopreto.com.br\/wp-content\/uploads\/2023\/12\/WhatsApp-Image-2023-12-09-at-13.55.44.jpeg?fit=1024%2C576&ssl=1&resize=525%2C300 1.5x, https:\/\/i0.wp.com\/noticiasribeiraopreto.com.br\/wp-content\/uploads\/2023\/12\/WhatsApp-Image-2023-12-09-at-13.55.44.jpeg?fit=1024%2C576&ssl=1&resize=700%2C400 2x"},"classes":[]},{"id":68153,"url":"https:\/\/noticiasribeiraopreto.com.br\/index.php\/2025\/04\/23\/video-equipes-de-resgate-encontram-corpo-de-mulher-desaparecida\/","url_meta":{"origin":70156,"position":2},"title":"V\u00cdDEO: Equipes de resgate encontram corpo de mulher desaparecida","author":"noticiasribeiraopreto.com.br","date":"23 de April de 2025","format":false,"excerpt":"23 de abril de 2025 01:2623 de abril de 2025 01:261 Compartilhar0 Ap\u00f3s dias de buscas intensas, o corpo de Maria J\u00falia, de 52 anos, foi localizado no fim da tarde desta ter\u00e7a-feira (22) no Rio Mogi, em Pontal . A opera\u00e7\u00e3o de resgate, que mobilizou bombeiros, volunt\u00e1rios e o\u2026","rel":"","context":"In &quot;Not\u00edcias de Ribeir\u00e3o Preto-SP e Regi\u00e3o&quot;","block_context":{"text":"Not\u00edcias de Ribeir\u00e3o Preto-SP e Regi\u00e3o","link":"https:\/\/noticiasribeiraopreto.com.br\/index.php\/category\/noticias-de-ribeirao-preto-sp-e-regiao-ismael-colosi\/"},"img":{"alt_text":"","src":"https:\/\/i0.wp.com\/noticiasribeiraopreto.com.br\/wp-content\/uploads\/2025\/04\/casal_pontal_rio.jpeg?fit=640%2C360&ssl=1&resize=350%2C200","width":350,"height":200,"srcset":"https:\/\/i0.wp.com\/noticiasribeiraopreto.com.br\/wp-content\/uploads\/2025\/04\/casal_pontal_rio.jpeg?fit=640%2C360&ssl=1&resize=350%2C200 1x, https:\/\/i0.wp.com\/noticiasribeiraopreto.com.br\/wp-content\/uploads\/2025\/04\/casal_pontal_rio.jpeg?fit=640%2C360&ssl=1&resize=525%2C300 1.5x"},"classes":[]},{"id":22485,"url":"https:\/\/noticiasribeiraopreto.com.br\/index.php\/2023\/12\/29\/familia-reconhece-corpo-de-turista-da-regiao-que-desapareceu-em-ubatuba\/","url_meta":{"origin":70156,"position":3},"title":"Fam\u00edlia reconhece corpo de turista da regi\u00e3o que desapareceu em Ubatuba","author":"noticiasribeiraopreto.com.br","date":"29 de December de 2023","format":false,"excerpt":"A fam\u00edlia de Danilo da Silva Moura, morador de Araraquara, na regi\u00e3o de Ribeir\u00e3o Preto, que estava desaparecido em Ubatuba, reconheceu o corpo que foi encontrado na manh\u00e3 da \u00faltima quinta-feira (28). Segundo o GBMar (Grupamento de Bombeiros Mar\u00edtimos), o corpo de Danilo foi visto por um turista que passeava\u2026","rel":"","context":"In &quot;Not\u00edcias de Ribeir\u00e3o Preto-SP e Regi\u00e3o&quot;","block_context":{"text":"Not\u00edcias de Ribeir\u00e3o Preto-SP e Regi\u00e3o","link":"https:\/\/noticiasribeiraopreto.com.br\/index.php\/category\/noticias-de-ribeirao-preto-sp-e-regiao-ismael-colosi\/"},"img":{"alt_text":"","src":"https:\/\/i0.wp.com\/noticiasribeiraopreto.com.br\/wp-content\/uploads\/2023\/12\/danilo-moura.jpg?fit=1068%2C712&ssl=1&resize=350%2C200","width":350,"height":200,"srcset":"https:\/\/i0.wp.com\/noticiasribeiraopreto.com.br\/wp-content\/uploads\/2023\/12\/danilo-moura.jpg?fit=1068%2C712&ssl=1&resize=350%2C200 1x, https:\/\/i0.wp.com\/noticiasribeiraopreto.com.br\/wp-content\/uploads\/2023\/12\/danilo-moura.jpg?fit=1068%2C712&ssl=1&resize=525%2C300 1.5x, https:\/\/i0.wp.com\/noticiasribeiraopreto.com.br\/wp-content\/uploads\/2023\/12\/danilo-moura.jpg?fit=1068%2C712&ssl=1&resize=700%2C400 2x, https:\/\/i0.wp.com\/noticiasribeiraopreto.com.br\/wp-content\/uploads\/2023\/12\/danilo-moura.jpg?fit=1068%2C712&ssl=1&resize=1050%2C600 3x"},"classes":[]},{"id":62949,"url":"https:\/\/noticiasribeiraopreto.com.br\/index.php\/2025\/01\/29\/corpo-de-bombeiros-captura-sucuri-dentro-de-imovel-na-regiao-de-ribeirao-veja-imagens\/","url_meta":{"origin":70156,"position":4},"title":"Corpo de Bombeiros captura sucuri dentro de im\u00f3vel na regi\u00e3o de Ribeir\u00e3o; Veja imagens","author":"noticiasribeiraopreto.com.br","date":"29 de January de 2025","format":false,"excerpt":"Uma equipe do Corpo de Bombeiros foi acionada para uma ocorr\u00eancia em Barrinha, cidade na regi\u00e3o de Ribeir\u00e3o Preto, envolvendo uma sucuri que invadiu um im\u00f3vel nesta semana \u2013 veja a imagem abaixo. N\u00e3o se sabe ao certo o tamanho da cobra, contudo, nos registros divulgados pelo 9\u00ba Grupamento de\u2026","rel":"","context":"In &quot;Not\u00edcias de Ribeir\u00e3o Preto-SP e Regi\u00e3o&quot;","block_context":{"text":"Not\u00edcias de Ribeir\u00e3o Preto-SP e Regi\u00e3o","link":"https:\/\/noticiasribeiraopreto.com.br\/index.php\/category\/noticias-de-ribeirao-preto-sp-e-regiao-ismael-colosi\/"},"img":{"alt_text":"","src":"https:\/\/i0.wp.com\/noticiasribeiraopreto.com.br\/wp-content\/uploads\/2025\/01\/475835722_1022381433268341_722261398189120956_n_2025-01-29_15-45-10_jpg_2025-01-29_15-45-10.webp.webp?fit=584%2C584&ssl=1&resize=350%2C200","width":350,"height":200,"srcset":"https:\/\/i0.wp.com\/noticiasribeiraopreto.com.br\/wp-content\/uploads\/2025\/01\/475835722_1022381433268341_722261398189120956_n_2025-01-29_15-45-10_jpg_2025-01-29_15-45-10.webp.webp?fit=584%2C584&ssl=1&resize=350%2C200 1x, https:\/\/i0.wp.com\/noticiasribeiraopreto.com.br\/wp-content\/uploads\/2025\/01\/475835722_1022381433268341_722261398189120956_n_2025-01-29_15-45-10_jpg_2025-01-29_15-45-10.webp.webp?fit=584%2C584&ssl=1&resize=525%2C300 1.5x"},"classes":[]},{"id":61617,"url":"https:\/\/noticiasribeiraopreto.com.br\/index.php\/2024\/12\/17\/corpo-e-encontrado-em-cima-de-telhado-de-casa-na-zona-sul-de-ribeirao\/","url_meta":{"origin":70156,"position":5},"title":"Corpo \u00e9 encontrado em cima de telhado de casa na zona Sul de Ribeir\u00e3o","author":"noticiasribeiraopreto.com.br","date":"17 de December de 2024","format":false,"excerpt":"Um corpo em decomposi\u00e7\u00e3o foi localizado em cima do telhado de uma resid\u00eancia na rua Altino Arantes, no Jardim Sumar\u00e9, zona Sul de Ribeir\u00e3o Preto, na tarde desta ter\u00e7a-feira (17). De acordo com as informa\u00e7\u00f5es, a funcion\u00e1ria da casa onde o corpo foi localizado e os colaboradores de uma unidade\u2026","rel":"","context":"In &quot;Not\u00edcias de Ribeir\u00e3o Preto-SP e Regi\u00e3o&quot;","block_context":{"text":"Not\u00edcias de Ribeir\u00e3o Preto-SP e Regi\u00e3o","link":"https:\/\/noticiasribeiraopreto.com.br\/index.php\/category\/noticias-de-ribeirao-preto-sp-e-regiao-ismael-colosi\/"},"img":{"alt_text":"","src":"https:\/\/i0.wp.com\/noticiasribeiraopreto.com.br\/wp-content\/uploads\/2024\/12\/corpe_encontrado_1200x675_17122024155618_2024-12-17_19-22-53_jpg_2024-12-17_19-22-53.webp.webp?fit=1200%2C675&ssl=1&resize=350%2C200","width":350,"height":200,"srcset":"https:\/\/i0.wp.com\/noticiasribeiraopreto.com.br\/wp-content\/uploads\/2024\/12\/corpe_encontrado_1200x675_17122024155618_2024-12-17_19-22-53_jpg_2024-12-17_19-22-53.webp.webp?fit=1200%2C675&ssl=1&resize=350%2C200 1x, https:\/\/i0.wp.com\/noticiasribeiraopreto.com.br\/wp-content\/uploads\/2024\/12\/corpe_encontrado_1200x675_17122024155618_2024-12-17_19-22-53_jpg_2024-12-17_19-22-53.webp.webp?fit=1200%2C675&ssl=1&resize=525%2C300 1.5x, https:\/\/i0.wp.com\/noticiasribeiraopreto.com.br\/wp-content\/uploads\/2024\/12\/corpe_encontrado_1200x675_17122024155618_2024-12-17_19-22-53_jpg_2024-12-17_19-22-53.webp.webp?fit=1200%2C675&ssl=1&resize=700%2C400 2x, https:\/\/i0.wp.com\/noticiasribeiraopreto.com.br\/wp-content\/uploads\/2024\/12\/corpe_encontrado_1200x675_17122024155618_2024-12-17_19-22-53_jpg_2024-12-17_19-22-53.webp.webp?fit=1200%2C675&ssl=1&resize=1050%2C600 3x"},"classes":[]}],"jetpack_sharing_enabled":true,"jetpack_shortlink":"https:\/\/wp.me\/peQAOb-ify","_links":{"self":[{"href":"https:\/\/noticiasribeiraopreto.com.br\/index.php\/wp-json\/wp\/v2\/posts\/70156","targetHints":{"allow":["GET"]}}],"collection":[{"href":"https:\/\/noticiasribeiraopreto.com.br\/index.php\/wp-json\/wp\/v2\/posts"}],"about":[{"href":"https:\/\/noticiasribeiraopreto.com.br\/index.php\/wp-json\/wp\/v2\/types\/post"}],"author":[{"embeddable":true,"href":"https:\/\/noticiasribeiraopreto.com.br\/index.php\/wp-json\/wp\/v2\/users\/1"}],"replies":[{"embeddable":true,"href":"https:\/\/noticiasribeiraopreto.com.br\/index.php\/wp-json\/wp\/v2\/comments?post=70156"}],"version-history":[{"count":0,"href":"https:\/\/noticiasribeiraopreto.com.br\/index.php\/wp-json\/wp\/v2\/posts\/70156\/revisions"}],"wp:featuredmedia":[{"embeddable":true,"href":"https:\/\/noticiasribeiraopreto.com.br\/index.php\/wp-json\/wp\/v2\/media\/70157"}],"wp:attachment":[{"href":"https:\/\/noticiasribeiraopreto.com.br\/index.php\/wp-json\/wp\/v2\/media?parent=70156"}],"wp:term":[{"taxonomy":"category","embeddable":true,"href":"https:\/\/noticiasribeiraopreto.com.br\/index.php\/wp-json\/wp\/v2\/categories?post=70156"},{"taxonomy":"post_tag","embeddable":true,"href":"https:\/\/noticiasribeiraopreto.com.br\/index.php\/wp-json\/wp\/v2\/tags?post=70156"}],"curies":[{"name":"wp","href":"https:\/\/api.w.org\/{rel}","templated":true}]}}