{"id":70158,"date":"2025-05-23T09:32:10","date_gmt":"2025-05-23T12:32:10","guid":{"rendered":"https:\/\/noticiasribeiraopreto.com.br\/index.php\/2025\/05\/23\/caminhao-carregado-de-bebidas-tomba-na-rodovia-anhanguera\/"},"modified":"2025-05-23T09:32:10","modified_gmt":"2025-05-23T12:32:10","slug":"caminhao-carregado-de-bebidas-tomba-na-rodovia-anhanguera","status":"publish","type":"post","link":"https:\/\/noticiasribeiraopreto.com.br\/index.php\/2025\/05\/23\/caminhao-carregado-de-bebidas-tomba-na-rodovia-anhanguera\/","title":{"rendered":"Caminh\u00e3o carregado de bebidas tomba na rodovia Anhanguera"},"content":{"rendered":"<p> <br \/>\n<\/p>\n<div data-td-block-uid=\"tdi_95\">\n<div class=\"tdb-block-inner td-fix-index\">\n<p><strong>Um caminh\u00e3o carregado de bebidas tombou na noite desta quinta-feira (22), no km 401 da rodovia Anhanguera (SP-330), em Guar\u00e1, cidade a aproximadamente 90 quil\u00f4metros de Ribeir\u00e3o Preto.<\/strong><\/p>\n<p>Segundo a <a href=\"http:\/\/www.artesp.sp.gov.br\/Style%20Library\/extranet\/index.aspx\">Artesp<\/a>, <mark style=\"background-color:#fcb900\" class=\"has-inline-color has-black-color\">o motorista sofreu ferimentos leves.<\/mark><\/p>\n<p>O tombamento ocorreu no acostamento da via pela pista Norte (interior) e a carga, que seria de suco, ficou espalhada.<\/p>\n<p>A Artesp tamb\u00e9m informou que o caminh\u00e3o seguia pela faixa 2, quando, por motivos a serem esclarecidos, ocorreu o tombamento pelo acostamento.<\/p>\n<p>N\u00e3o houve interdi\u00e7\u00e3o na pista, apenas o acostamento segue bloqueado.<\/p>\n<p>As causas, contudo, ainda dever\u00e3o ser apuradas.<\/p>\n<p><!-- CONTENT END 2 -->\n<\/div>\n<\/div>\n<p><br \/>\n<br \/><a href=\"https:\/\/www.acidadeon.com\/ribeiraopreto\/cotidiano\/caminhao-carregado-de-bebidas-tomba-na-rodovia-anhanguera\/\">Source link <\/a><\/p>\n","protected":false},"excerpt":{"rendered":"<p>Um caminh\u00e3o carregado de bebidas tombou na noite desta quinta-feira (22), no km 401 da rodovia Anhanguera (SP-330), em Guar\u00e1, cidade a aproximadamente 90 quil\u00f4metros&#8230;<\/p>\n","protected":false},"author":1,"featured_media":70159,"comment_status":"open","ping_status":"open","sticky":false,"template":"","format":"standard","meta":{"advanced_seo_description":"","jetpack_seo_html_title":"","jetpack_seo_noindex":false,"jetpack_post_was_ever_published":false,"_jetpack_newsletter_access":"","_jetpack_dont_email_post_to_subs":false,"_jetpack_newsletter_tier_id":0,"_jetpack_memberships_contains_paywalled_content":false,"_jetpack_memberships_contains_paid_content":false,"footnotes":"","jetpack_publicize_message":"","jetpack_publicize_feature_enabled":true,"jetpack_social_post_already_shared":true,"jetpack_social_options":{"image_generator_settings":{"template":"highway","default_image_id":0,"font":"","enabled":false},"version":2}},"categories":[11],"tags":[],"class_list":["post-70158","post","type-post","status-publish","format-standard","has-post-thumbnail","hentry","category-noticias-de-ribeirao-preto-sp-e-regiao-ismael-colosi"],"jetpack_publicize_connections":[],"jetpack_featured_media_url":"https:\/\/i0.wp.com\/noticiasribeiraopreto.com.br\/wp-content\/uploads\/2025\/05\/WhatsApp-Image-2025-05-23-at-06.32.42_2025-05-23_11-40-21.webp.webp?fit=1200%2C554&ssl=1","jetpack-related-posts":[{"id":67147,"url":"https:\/\/noticiasribeiraopreto.com.br\/index.php\/2025\/04\/10\/caminhao-carregado-de-soja-tomba-e-interdita-anhanguera-na-regiao-de-ribeirao-preto\/","url_meta":{"origin":70158,"position":0},"title":"Caminh\u00e3o carregado de soja tomba e interdita Anhanguera na regi\u00e3o de Ribeir\u00e3o Preto","author":"noticiasribeiraopreto.com.br","date":"10 de April de 2025","format":false,"excerpt":"Um caminh\u00e3o carregado de soja tombou na madrugada desta quinta-feira (10), no km 380 da rodovia Anhanguera (SP-330), em S\u00e3o Joaquim da Barra, a aproximadamente 70 quil\u00f4metros de Ribeir\u00e3o Preto. Segundo a Artesp, a pista sentido Sul (Capital) est\u00e1 interditada. H\u00e1 desvio pela marginal da rodovia, no Distrito Industrial. A\u2026","rel":"","context":"In &quot;Not\u00edcias de Ribeir\u00e3o Preto-SP e Regi\u00e3o&quot;","block_context":{"text":"Not\u00edcias de Ribeir\u00e3o Preto-SP e Regi\u00e3o","link":"https:\/\/noticiasribeiraopreto.com.br\/index.php\/category\/noticias-de-ribeirao-preto-sp-e-regiao-ismael-colosi\/"},"img":{"alt_text":"","src":"https:\/\/i0.wp.com\/noticiasribeiraopreto.com.br\/wp-content\/uploads\/2025\/04\/ACIDENTE_2025-04-10_10-52-48_jpg_2025-04-10_10-52-48.webp.webp?fit=1139%2C561&ssl=1&resize=350%2C200","width":350,"height":200,"srcset":"https:\/\/i0.wp.com\/noticiasribeiraopreto.com.br\/wp-content\/uploads\/2025\/04\/ACIDENTE_2025-04-10_10-52-48_jpg_2025-04-10_10-52-48.webp.webp?fit=1139%2C561&ssl=1&resize=350%2C200 1x, https:\/\/i0.wp.com\/noticiasribeiraopreto.com.br\/wp-content\/uploads\/2025\/04\/ACIDENTE_2025-04-10_10-52-48_jpg_2025-04-10_10-52-48.webp.webp?fit=1139%2C561&ssl=1&resize=525%2C300 1.5x, https:\/\/i0.wp.com\/noticiasribeiraopreto.com.br\/wp-content\/uploads\/2025\/04\/ACIDENTE_2025-04-10_10-52-48_jpg_2025-04-10_10-52-48.webp.webp?fit=1139%2C561&ssl=1&resize=700%2C400 2x, https:\/\/i0.wp.com\/noticiasribeiraopreto.com.br\/wp-content\/uploads\/2025\/04\/ACIDENTE_2025-04-10_10-52-48_jpg_2025-04-10_10-52-48.webp.webp?fit=1139%2C561&ssl=1&resize=1050%2C600 3x"},"classes":[]},{"id":82403,"url":"https:\/\/noticiasribeiraopreto.com.br\/index.php\/2026\/02\/13\/caminhao-carregado-de-batatas-tomba-e-causa-interdicao-na-anhanguera\/","url_meta":{"origin":70158,"position":1},"title":"Caminh\u00e3o carregado de batatas tomba e causa interdi\u00e7\u00e3o na Anhanguera","author":"noticiasribeiraopreto.com.br","date":"13 de February de 2026","format":false,"excerpt":"Um caminh\u00e3o carregado de batatas tombou na noite desta quinta-feira (12), no km 378 pela pista sentido sul (capital) da rodovia Anhanguera (SP-330), em S\u00e3o Joaquim da Barra, a 70 quil\u00f4metros de Ribeir\u00e3o Preto. Segundo o CCM (Centro de Controle Multimodal) da Artesp (Ag\u00eancia de Transportes do Estado de S\u00e3o\u2026","rel":"","context":"In &quot;Not\u00edcias de Ribeir\u00e3o Preto-SP e Regi\u00e3o&quot;","block_context":{"text":"Not\u00edcias de Ribeir\u00e3o Preto-SP e Regi\u00e3o","link":"https:\/\/noticiasribeiraopreto.com.br\/index.php\/category\/noticias-de-ribeirao-preto-sp-e-regiao-ismael-colosi\/"},"img":{"alt_text":"","src":"https:\/\/i0.wp.com\/noticiasribeiraopreto.com.br\/wp-content\/uploads\/2026\/02\/download-34_2026-02-13_10-23-17.webp.webp?fit=1200%2C675&ssl=1&resize=350%2C200","width":350,"height":200,"srcset":"https:\/\/i0.wp.com\/noticiasribeiraopreto.com.br\/wp-content\/uploads\/2026\/02\/download-34_2026-02-13_10-23-17.webp.webp?fit=1200%2C675&ssl=1&resize=350%2C200 1x, https:\/\/i0.wp.com\/noticiasribeiraopreto.com.br\/wp-content\/uploads\/2026\/02\/download-34_2026-02-13_10-23-17.webp.webp?fit=1200%2C675&ssl=1&resize=525%2C300 1.5x, https:\/\/i0.wp.com\/noticiasribeiraopreto.com.br\/wp-content\/uploads\/2026\/02\/download-34_2026-02-13_10-23-17.webp.webp?fit=1200%2C675&ssl=1&resize=700%2C400 2x, https:\/\/i0.wp.com\/noticiasribeiraopreto.com.br\/wp-content\/uploads\/2026\/02\/download-34_2026-02-13_10-23-17.webp.webp?fit=1200%2C675&ssl=1&resize=1050%2C600 3x"},"classes":[]},{"id":82325,"url":"https:\/\/noticiasribeiraopreto.com.br\/index.php\/2026\/02\/11\/caminhao-com-batatas-pega-fogo-na-anhanguera\/","url_meta":{"origin":70158,"position":2},"title":"Caminh\u00e3o com batatas pega fogo na Anhanguera","author":"noticiasribeiraopreto.com.br","date":"11 de February de 2026","format":false,"excerpt":"\r \r \r Ve\u00edculo teria sofrido pane mec\u00e2nica e testemunhas indicam que combate ao fogo teria demorado 40 minutos\r \r 11 de fevereiro de 2026 07:1311 de fevereiro de 2026 07:13 \r Compartilhar0 \r Por: Adalberto Luque \u2013 Um caminh\u00e3o carregado de batatas pegou fogo, na noite desta ter\u00e7a-feira (10).\u2026","rel":"","context":"In &quot;Not\u00edcias de Ribeir\u00e3o Preto-SP e Regi\u00e3o&quot;","block_context":{"text":"Not\u00edcias de Ribeir\u00e3o Preto-SP e Regi\u00e3o","link":"https:\/\/noticiasribeiraopreto.com.br\/index.php\/category\/noticias-de-ribeirao-preto-sp-e-regiao-ismael-colosi\/"},"img":{"alt_text":"","src":"https:\/\/i0.wp.com\/noticiasribeiraopreto.com.br\/wp-content\/uploads\/2026\/02\/11-fev-2025-caminhaofogo1.jpg?fit=887%2C780&ssl=1&resize=350%2C200","width":350,"height":200,"srcset":"https:\/\/i0.wp.com\/noticiasribeiraopreto.com.br\/wp-content\/uploads\/2026\/02\/11-fev-2025-caminhaofogo1.jpg?fit=887%2C780&ssl=1&resize=350%2C200 1x, https:\/\/i0.wp.com\/noticiasribeiraopreto.com.br\/wp-content\/uploads\/2026\/02\/11-fev-2025-caminhaofogo1.jpg?fit=887%2C780&ssl=1&resize=525%2C300 1.5x, https:\/\/i0.wp.com\/noticiasribeiraopreto.com.br\/wp-content\/uploads\/2026\/02\/11-fev-2025-caminhaofogo1.jpg?fit=887%2C780&ssl=1&resize=700%2C400 2x"},"classes":[]},{"id":82336,"url":"https:\/\/noticiasribeiraopreto.com.br\/index.php\/2026\/02\/11\/incendio-em-caminhao-provoca-bloqueio-parcial-na-anhanguera-veja-fotos\/","url_meta":{"origin":70158,"position":3},"title":"Inc\u00eandio em caminh\u00e3o provoca bloqueio parcial na Anhanguera; Veja fotos","author":"noticiasribeiraopreto.com.br","date":"11 de February de 2026","format":false,"excerpt":"Um caminh\u00e3o pegou fogo na noite desta ter\u00e7a-feira (10) na rodovia Anhanguera (SP-330), na altura do km 323, em Ribeir\u00e3o Preto. Segundo o Centro de Controle Multimodal (CCM) da Artesp, o ve\u00edculo seguia pela faixa 2 da rodovia quando, por motivos ainda a serem esclarecidos, o motorista foi para o\u2026","rel":"","context":"In &quot;Not\u00edcias de Ribeir\u00e3o Preto-SP e Regi\u00e3o&quot;","block_context":{"text":"Not\u00edcias de Ribeir\u00e3o Preto-SP e Regi\u00e3o","link":"https:\/\/noticiasribeiraopreto.com.br\/index.php\/category\/noticias-de-ribeirao-preto-sp-e-regiao-ismael-colosi\/"},"img":{"alt_text":"","src":"https:\/\/i0.wp.com\/noticiasribeiraopreto.com.br\/wp-content\/uploads\/2026\/02\/download_2026-02-11_11-20-19.webp.webp?fit=1200%2C675&ssl=1&resize=350%2C200","width":350,"height":200,"srcset":"https:\/\/i0.wp.com\/noticiasribeiraopreto.com.br\/wp-content\/uploads\/2026\/02\/download_2026-02-11_11-20-19.webp.webp?fit=1200%2C675&ssl=1&resize=350%2C200 1x, https:\/\/i0.wp.com\/noticiasribeiraopreto.com.br\/wp-content\/uploads\/2026\/02\/download_2026-02-11_11-20-19.webp.webp?fit=1200%2C675&ssl=1&resize=525%2C300 1.5x, https:\/\/i0.wp.com\/noticiasribeiraopreto.com.br\/wp-content\/uploads\/2026\/02\/download_2026-02-11_11-20-19.webp.webp?fit=1200%2C675&ssl=1&resize=700%2C400 2x, https:\/\/i0.wp.com\/noticiasribeiraopreto.com.br\/wp-content\/uploads\/2026\/02\/download_2026-02-11_11-20-19.webp.webp?fit=1200%2C675&ssl=1&resize=1050%2C600 3x"},"classes":[]},{"id":67056,"url":"https:\/\/noticiasribeiraopreto.com.br\/index.php\/2025\/04\/09\/caminhao-carregado-de-medicamentos-pega-fogo-na-anhanguera\/","url_meta":{"origin":70158,"position":4},"title":"Caminh\u00e3o carregado de medicamentos pega fogo na Anhanguera","author":"noticiasribeiraopreto.com.br","date":"9 de April de 2025","format":false,"excerpt":"Um caminh\u00e3o carregado de medicamentos pegou foi na noite desta ter\u00e7a-feira (8), no km 430 da rodovia Anhanguera (SP-330), em Aramina, cidade a aproximadamente 120 quil\u00f4metros de Ribeir\u00e3o Preto. Segundo a Artesp (Ag\u00eancia Reguladora de Transporte do Estado de S\u00e3o Paulo), o ve\u00edculo teria apresentado prov\u00e1vel pane mec\u00e2nica, quando o\u2026","rel":"","context":"In &quot;Not\u00edcias de Ribeir\u00e3o Preto-SP e Regi\u00e3o&quot;","block_context":{"text":"Not\u00edcias de Ribeir\u00e3o Preto-SP e Regi\u00e3o","link":"https:\/\/noticiasribeiraopreto.com.br\/index.php\/category\/noticias-de-ribeirao-preto-sp-e-regiao-ismael-colosi\/"},"img":{"alt_text":"","src":"https:\/\/i0.wp.com\/noticiasribeiraopreto.com.br\/wp-content\/uploads\/2025\/04\/WhatsApp-Image-2025-04-09-at-08.18.12_2025-04-09_11-18-33_jpeg_2025-04-09_11-18-33.webp.webp?fit=1200%2C876&ssl=1&resize=350%2C200","width":350,"height":200,"srcset":"https:\/\/i0.wp.com\/noticiasribeiraopreto.com.br\/wp-content\/uploads\/2025\/04\/WhatsApp-Image-2025-04-09-at-08.18.12_2025-04-09_11-18-33_jpeg_2025-04-09_11-18-33.webp.webp?fit=1200%2C876&ssl=1&resize=350%2C200 1x, https:\/\/i0.wp.com\/noticiasribeiraopreto.com.br\/wp-content\/uploads\/2025\/04\/WhatsApp-Image-2025-04-09-at-08.18.12_2025-04-09_11-18-33_jpeg_2025-04-09_11-18-33.webp.webp?fit=1200%2C876&ssl=1&resize=525%2C300 1.5x, https:\/\/i0.wp.com\/noticiasribeiraopreto.com.br\/wp-content\/uploads\/2025\/04\/WhatsApp-Image-2025-04-09-at-08.18.12_2025-04-09_11-18-33_jpeg_2025-04-09_11-18-33.webp.webp?fit=1200%2C876&ssl=1&resize=700%2C400 2x, https:\/\/i0.wp.com\/noticiasribeiraopreto.com.br\/wp-content\/uploads\/2025\/04\/WhatsApp-Image-2025-04-09-at-08.18.12_2025-04-09_11-18-33_jpeg_2025-04-09_11-18-33.webp.webp?fit=1200%2C876&ssl=1&resize=1050%2C600 3x"},"classes":[]},{"id":66154,"url":"https:\/\/noticiasribeiraopreto.com.br\/index.php\/2025\/03\/28\/incendio-em-caminhao-interdita-rodovia-anhanguera-em-cravinhos\/","url_meta":{"origin":70158,"position":5},"title":"Inc\u00eandio em Caminh\u00e3o Interdita Rodovia Anhanguera em Cravinhos","author":"noticiasribeiraopreto.com.br","date":"28 de March de 2025","format":false,"excerpt":"Na madrugada desta sexta-feira, 28 de mar\u00e7o de 2025, um caminh\u00e3o carregado de gesso pegou fogo no quil\u00f4metro 300 da Rodovia Anhanguera (SP-330), no munic\u00edpio de Cravinhos, regi\u00e3o de Ribeir\u00e3o Preto. O incidente ocorreu por volta das 6h e resultou na interdi\u00e7\u00e3o da pista no sentido sul (capital), causando um\u2026","rel":"","context":"In &quot;Not\u00edcias de Ribeir\u00e3o Preto-SP e Regi\u00e3o&quot;","block_context":{"text":"Not\u00edcias de Ribeir\u00e3o Preto-SP e Regi\u00e3o","link":"https:\/\/noticiasribeiraopreto.com.br\/index.php\/category\/noticias-de-ribeirao-preto-sp-e-regiao-ismael-colosi\/"},"img":{"alt_text":"","src":"https:\/\/i0.wp.com\/noticiasribeiraopreto.com.br\/wp-content\/uploads\/2025\/03\/folder_soldado_do_fogo_3.webp.webp?fit=1170%2C700&ssl=1&resize=350%2C200","width":350,"height":200,"srcset":"https:\/\/i0.wp.com\/noticiasribeiraopreto.com.br\/wp-content\/uploads\/2025\/03\/folder_soldado_do_fogo_3.webp.webp?fit=1170%2C700&ssl=1&resize=350%2C200 1x, https:\/\/i0.wp.com\/noticiasribeiraopreto.com.br\/wp-content\/uploads\/2025\/03\/folder_soldado_do_fogo_3.webp.webp?fit=1170%2C700&ssl=1&resize=525%2C300 1.5x, https:\/\/i0.wp.com\/noticiasribeiraopreto.com.br\/wp-content\/uploads\/2025\/03\/folder_soldado_do_fogo_3.webp.webp?fit=1170%2C700&ssl=1&resize=700%2C400 2x, https:\/\/i0.wp.com\/noticiasribeiraopreto.com.br\/wp-content\/uploads\/2025\/03\/folder_soldado_do_fogo_3.webp.webp?fit=1170%2C700&ssl=1&resize=1050%2C600 3x"},"classes":[]}],"jetpack_sharing_enabled":true,"jetpack_shortlink":"https:\/\/wp.me\/peQAOb-ifA","_links":{"self":[{"href":"https:\/\/noticiasribeiraopreto.com.br\/index.php\/wp-json\/wp\/v2\/posts\/70158","targetHints":{"allow":["GET"]}}],"collection":[{"href":"https:\/\/noticiasribeiraopreto.com.br\/index.php\/wp-json\/wp\/v2\/posts"}],"about":[{"href":"https:\/\/noticiasribeiraopreto.com.br\/index.php\/wp-json\/wp\/v2\/types\/post"}],"author":[{"embeddable":true,"href":"https:\/\/noticiasribeiraopreto.com.br\/index.php\/wp-json\/wp\/v2\/users\/1"}],"replies":[{"embeddable":true,"href":"https:\/\/noticiasribeiraopreto.com.br\/index.php\/wp-json\/wp\/v2\/comments?post=70158"}],"version-history":[{"count":0,"href":"https:\/\/noticiasribeiraopreto.com.br\/index.php\/wp-json\/wp\/v2\/posts\/70158\/revisions"}],"wp:featuredmedia":[{"embeddable":true,"href":"https:\/\/noticiasribeiraopreto.com.br\/index.php\/wp-json\/wp\/v2\/media\/70159"}],"wp:attachment":[{"href":"https:\/\/noticiasribeiraopreto.com.br\/index.php\/wp-json\/wp\/v2\/media?parent=70158"}],"wp:term":[{"taxonomy":"category","embeddable":true,"href":"https:\/\/noticiasribeiraopreto.com.br\/index.php\/wp-json\/wp\/v2\/categories?post=70158"},{"taxonomy":"post_tag","embeddable":true,"href":"https:\/\/noticiasribeiraopreto.com.br\/index.php\/wp-json\/wp\/v2\/tags?post=70158"}],"curies":[{"name":"wp","href":"https:\/\/api.w.org\/{rel}","templated":true}]}}