{"id":70164,"date":"2025-05-23T10:00:54","date_gmt":"2025-05-23T13:00:54","guid":{"rendered":"https:\/\/noticiasribeiraopreto.com.br\/index.php\/2025\/05\/23\/cinco-unidades-de-saude-abrem-neste-sabado-para-vacinacao-contra-a-gripe-em-ribeirao-preto\/"},"modified":"2025-05-23T10:00:54","modified_gmt":"2025-05-23T13:00:54","slug":"cinco-unidades-de-saude-abrem-neste-sabado-para-vacinacao-contra-a-gripe-em-ribeirao-preto","status":"publish","type":"post","link":"https:\/\/noticiasribeiraopreto.com.br\/index.php\/2025\/05\/23\/cinco-unidades-de-saude-abrem-neste-sabado-para-vacinacao-contra-a-gripe-em-ribeirao-preto\/","title":{"rendered":"Cinco unidades de sa\u00fade abrem neste s\u00e1bado para vacina\u00e7\u00e3o contra a gripe em Ribeir\u00e3o Preto"},"content":{"rendered":"<p> <br \/>\n<\/p>\n<div data-td-block-uid=\"tdi_95\">\n<div class=\"tdb-block-inner td-fix-index\">\n<p><strong>Cinco unidades de sa\u00fade de Ribeir\u00e3o Preto estar\u00e3o abertas neste s\u00e1bado (24), das 8h \u00e0s 16h30, para uma a\u00e7\u00e3o especial de vacina\u00e7\u00e3o contra a gripe. <\/strong>A <strong>vacina <\/strong>est\u00e1 <strong>liberada <\/strong>para <strong>toda <\/strong>a <strong>popula\u00e7\u00e3o <\/strong>a partir dos <strong>6 meses de idade<\/strong>.<\/p>\n<h2 class=\"wp-block-heading\"><strong>Veja as unidades que estar\u00e3o abertas neste s\u00e1bado:<\/strong><\/h2>\n<p>Rua Dom Lu\u00eds do Amaral Mousinho, 3.300<\/p>\n<p>Av. Saudade, 1.452<\/p>\n<ul class=\"wp-block-list\">\n<li><strong>UBS Parque Ribeir\u00e3o Preto<\/strong><\/li>\n<\/ul>\n<p>Rua Guy Saad Salom\u00e3o, 225<\/p>\n<p>Rua Jo\u00e3o Toniolli, 3.461<\/p>\n<p>Rua Teresina, 690<\/p>\n<p>Al\u00e9m da vacina contra a gripe, tamb\u00e9m estar\u00e3o dispon\u00edveis outras vacinas do calend\u00e1rio de imuniza\u00e7\u00e3o.<\/p>\n<p>Segundo a Secretaria Municipal de Sa\u00fade, o objetivo da abertura das unidades neste s\u00e1bado \u00e9 facilitar o acesso da popula\u00e7\u00e3o que n\u00e3o consegue comparecer durante a semana e ampliar a cobertura vacinal em um momento de alta nos casos de doen\u00e7as respirat\u00f3rias, principalmente entre crian\u00e7as e idosos.<\/p>\n<p>SAIBA MAIS<\/p>\n<p>RP Mobi divulga data para ligar sem\u00e1foros na rotat\u00f3ria Amin Calil; Veja quando<\/p>\n<h2 class=\"wp-block-heading\"><strong>FIQUE ON<\/strong><\/h2>\n<p>Fique ligado em tudo que acontece em Ribeir\u00e3o Preto e regi\u00e3o. Siga os perfis do\u00a0<strong>acidade on<\/strong>\u00a0no\u00a0<a href=\"https:\/\/www.instagram.com\/acidadeonribeirao\">Instagram\u00a0<\/a>e no\u00a0<a href=\"https:\/\/www.facebook.com\/acidadeonribeirao\/\">Facebook.<\/a><\/p>\n<p>Receba not\u00edcias do\u00a0<strong>acidade on<\/strong>\u00a0no WhatsApp.\u00a0<a href=\"https:\/\/chat.whatsapp.com\/BjKQZ9oJwlz8VVT50NuePq\">Para entrar no grupo, basta clicar aqui.<\/a><\/p>\n<p>Fa\u00e7a uma den\u00fancia ou sugira uma reportagem sobre Ribeir\u00e3o Preto e regi\u00e3o pelo WhatsApp: 16 99117 7802.<\/p>\n<p>VEJA TAMB\u00c9M<\/p>\n<p>Existe antissemitismo no Brasil?<\/p>\n<p><!-- CONTENT END 1 -->\n<\/div>\n<\/div>\n<p><script async src=\"\/\/www.instagram.com\/embed.js\"><\/script><br \/>\n<br \/><br \/>\n<br \/><a href=\"https:\/\/www.acidadeon.com\/ribeiraopreto\/cotidiano\/cinco-unidades-de-saude-abrem-neste-sabado-para-vacinacao-contra-a-gripe-em-ribeirao-preto\/\">Source link <\/a><\/p>\n","protected":false},"excerpt":{"rendered":"<p>Cinco unidades de sa\u00fade de Ribeir\u00e3o Preto estar\u00e3o abertas neste s\u00e1bado (24), das 8h \u00e0s 16h30, para uma a\u00e7\u00e3o especial de vacina\u00e7\u00e3o contra a gripe&#8230;.<\/p>\n","protected":false},"author":1,"featured_media":70165,"comment_status":"open","ping_status":"open","sticky":false,"template":"","format":"standard","meta":{"advanced_seo_description":"","jetpack_seo_html_title":"","jetpack_seo_noindex":false,"jetpack_post_was_ever_published":false,"_jetpack_newsletter_access":"","_jetpack_dont_email_post_to_subs":false,"_jetpack_newsletter_tier_id":0,"_jetpack_memberships_contains_paywalled_content":false,"_jetpack_memberships_contains_paid_content":false,"footnotes":"","jetpack_publicize_message":"","jetpack_publicize_feature_enabled":true,"jetpack_social_post_already_shared":true,"jetpack_social_options":{"image_generator_settings":{"template":"highway","default_image_id":0,"font":"","enabled":false},"version":2}},"categories":[11],"tags":[],"class_list":["post-70164","post","type-post","status-publish","format-standard","has-post-thumbnail","hentry","category-noticias-de-ribeirao-preto-sp-e-regiao-ismael-colosi"],"jetpack_publicize_connections":[],"jetpack_featured_media_url":"https:\/\/i0.wp.com\/noticiasribeiraopreto.com.br\/wp-content\/uploads\/2025\/05\/vacina_contra_1024x576_08062021102306.jpg?fit=1024%2C575&ssl=1","jetpack-related-posts":[{"id":70207,"url":"https:\/\/noticiasribeiraopreto.com.br\/index.php\/2025\/05\/23\/vacinacao-abre-postos-neste-sabado\/","url_meta":{"origin":70164,"position":0},"title":"Vacina\u00e7\u00e3o abre postos neste s\u00e1bado \u00a0","author":"noticiasribeiraopreto.com.br","date":"23 de May de 2025","format":false,"excerpt":"23 de maio de 2025 16:3023 de maio de 2025 09:019 Compartilhar0 A prefeitura de Ribeir\u00e3o Preto, por meio da Secretaria Municipal de Sa\u00fade, realiza neste s\u00e1bado, 24 e maio, a\u00e7\u00e3o especial de vacina\u00e7\u00e3o contra a gripe. Cinco unidades de sa\u00fade estar\u00e3o abertas das oito horas \u00e0s 16h30 para a\u2026","rel":"","context":"In &quot;Not\u00edcias de Ribeir\u00e3o Preto-SP e Regi\u00e3o&quot;","block_context":{"text":"Not\u00edcias de Ribeir\u00e3o Preto-SP e Regi\u00e3o","link":"https:\/\/noticiasribeiraopreto.com.br\/index.php\/category\/noticias-de-ribeirao-preto-sp-e-regiao-ismael-colosi\/"},"img":{"alt_text":"","src":"https:\/\/i0.wp.com\/noticiasribeiraopreto.com.br\/wp-content\/uploads\/2025\/05\/2021_06_08_-_vacinacao_comorbidades_-_foto_fernando_gonzaga_6.jpg?fit=1200%2C799&ssl=1&resize=350%2C200","width":350,"height":200,"srcset":"https:\/\/i0.wp.com\/noticiasribeiraopreto.com.br\/wp-content\/uploads\/2025\/05\/2021_06_08_-_vacinacao_comorbidades_-_foto_fernando_gonzaga_6.jpg?fit=1200%2C799&ssl=1&resize=350%2C200 1x, https:\/\/i0.wp.com\/noticiasribeiraopreto.com.br\/wp-content\/uploads\/2025\/05\/2021_06_08_-_vacinacao_comorbidades_-_foto_fernando_gonzaga_6.jpg?fit=1200%2C799&ssl=1&resize=525%2C300 1.5x, https:\/\/i0.wp.com\/noticiasribeiraopreto.com.br\/wp-content\/uploads\/2025\/05\/2021_06_08_-_vacinacao_comorbidades_-_foto_fernando_gonzaga_6.jpg?fit=1200%2C799&ssl=1&resize=700%2C400 2x, https:\/\/i0.wp.com\/noticiasribeiraopreto.com.br\/wp-content\/uploads\/2025\/05\/2021_06_08_-_vacinacao_comorbidades_-_foto_fernando_gonzaga_6.jpg?fit=1200%2C799&ssl=1&resize=1050%2C600 3x"},"classes":[]},{"id":71461,"url":"https:\/\/noticiasribeiraopreto.com.br\/index.php\/2025\/06\/06\/dia-d-de-vacinacao-contra-a-gripe-acontece-neste-sabado-em-sertaozinho-veja-postos\/","url_meta":{"origin":70164,"position":1},"title":"Dia D de vacina\u00e7\u00e3o contra a gripe acontece neste s\u00e1bado em Sert\u00e3ozinho; Veja postos","author":"noticiasribeiraopreto.com.br","date":"6 de June de 2025","format":false,"excerpt":"A Secretaria de Sa\u00fade e da Vigil\u00e2ncia Epidemiol\u00f3gica de Sert\u00e3ozinho realizar\u00e1 neste s\u00e1bado (7) um \u201cDia D\u201d de vacina\u00e7\u00e3o contra a gripe para a popula\u00e7\u00e3o em geral, das 8h \u00e0s 13h. Para receber o imunizante, basta comparecer a uma das Unidades B\u00e1sicas de Sa\u00fade que participar\u00e3o da campanha e apresentar\u2026","rel":"","context":"In &quot;Not\u00edcias de Ribeir\u00e3o Preto-SP e Regi\u00e3o&quot;","block_context":{"text":"Not\u00edcias de Ribeir\u00e3o Preto-SP e Regi\u00e3o","link":"https:\/\/noticiasribeiraopreto.com.br\/index.php\/category\/noticias-de-ribeirao-preto-sp-e-regiao-ismael-colosi\/"},"img":{"alt_text":"","src":"https:\/\/i0.wp.com\/noticiasribeiraopreto.com.br\/wp-content\/uploads\/2025\/06\/vacina_contra_1024x576_08062021102306.jpg?fit=1024%2C575&ssl=1&resize=350%2C200","width":350,"height":200,"srcset":"https:\/\/i0.wp.com\/noticiasribeiraopreto.com.br\/wp-content\/uploads\/2025\/06\/vacina_contra_1024x576_08062021102306.jpg?fit=1024%2C575&ssl=1&resize=350%2C200 1x, https:\/\/i0.wp.com\/noticiasribeiraopreto.com.br\/wp-content\/uploads\/2025\/06\/vacina_contra_1024x576_08062021102306.jpg?fit=1024%2C575&ssl=1&resize=525%2C300 1.5x, https:\/\/i0.wp.com\/noticiasribeiraopreto.com.br\/wp-content\/uploads\/2025\/06\/vacina_contra_1024x576_08062021102306.jpg?fit=1024%2C575&ssl=1&resize=700%2C400 2x"},"classes":[]},{"id":63022,"url":"https:\/\/noticiasribeiraopreto.com.br\/index.php\/2025\/01\/31\/ribeirao-preto-tem-vacinacao-contra-febre-amarela-neste-sabado-veja-os-locais\/","url_meta":{"origin":70164,"position":2},"title":"Ribeir\u00e3o Preto tem vacina\u00e7\u00e3o contra febre amarela neste s\u00e1bado; Veja os locais","author":"noticiasribeiraopreto.com.br","date":"31 de January de 2025","format":false,"excerpt":"As unidades de sa\u00fade de Ribeir\u00e3o Preto ficar\u00e3o abertas neste s\u00e1bado (1\u00ba de fevereiro) para vacina\u00e7\u00e3o contra a febre amarela \u2013 veja os endere\u00e7os abaixo. A vacina integra o calend\u00e1rio vacinal e crian\u00e7as devem tomar a primeira dose aos 9 meses e depois, aos 4 anos. Ap\u00f3s esta idade, apenas\u2026","rel":"","context":"In &quot;Not\u00edcias de Ribeir\u00e3o Preto-SP e Regi\u00e3o&quot;","block_context":{"text":"Not\u00edcias de Ribeir\u00e3o Preto-SP e Regi\u00e3o","link":"https:\/\/noticiasribeiraopreto.com.br\/index.php\/category\/noticias-de-ribeirao-preto-sp-e-regiao-ismael-colosi\/"},"img":{"alt_text":"","src":"https:\/\/i0.wp.com\/noticiasribeiraopreto.com.br\/wp-content\/uploads\/2025\/01\/vacina-febre-amarela_2025-01-03_19-16-33.webp.webp?fit=1200%2C675&ssl=1&resize=350%2C200","width":350,"height":200,"srcset":"https:\/\/i0.wp.com\/noticiasribeiraopreto.com.br\/wp-content\/uploads\/2025\/01\/vacina-febre-amarela_2025-01-03_19-16-33.webp.webp?fit=1200%2C675&ssl=1&resize=350%2C200 1x, https:\/\/i0.wp.com\/noticiasribeiraopreto.com.br\/wp-content\/uploads\/2025\/01\/vacina-febre-amarela_2025-01-03_19-16-33.webp.webp?fit=1200%2C675&ssl=1&resize=525%2C300 1.5x, https:\/\/i0.wp.com\/noticiasribeiraopreto.com.br\/wp-content\/uploads\/2025\/01\/vacina-febre-amarela_2025-01-03_19-16-33.webp.webp?fit=1200%2C675&ssl=1&resize=700%2C400 2x, https:\/\/i0.wp.com\/noticiasribeiraopreto.com.br\/wp-content\/uploads\/2025\/01\/vacina-febre-amarela_2025-01-03_19-16-33.webp.webp?fit=1200%2C675&ssl=1&resize=1050%2C600 3x"},"classes":[]},{"id":1195,"url":"https:\/\/noticiasribeiraopreto.com.br\/index.php\/2023\/11\/10\/campanha-de-multivacinacao-acontece-neste-11-sabado-em-rp\/","url_meta":{"origin":70164,"position":3},"title":"Campanha de multivacina\u00e7\u00e3o acontece neste (11) s\u00e1bado em RP","author":"noticiasribeiraopreto.com.br","date":"10 de November de 2023","format":false,"excerpt":"10 de novembro de 2023 | 18:0010 de novembro de 2023 | 9:44 0A Secretaria Municipal da Sa\u00fade alerta a popula\u00e7\u00e3o a procurarem as salas de vacinas que estar\u00e3o abertas, no pr\u00f3ximo s\u00e1bado, 11 de novembro, em mais uma campanha de multivacina\u00e7\u00e3o para atualiza\u00e7\u00e3o da caderneta de vacina\u00e7\u00e3o de toda\u2026","rel":"","context":"In &quot;Not\u00edcias de Ribeir\u00e3o Preto-SP e Regi\u00e3o&quot;","block_context":{"text":"Not\u00edcias de Ribeir\u00e3o Preto-SP e Regi\u00e3o","link":"https:\/\/noticiasribeiraopreto.com.br\/index.php\/category\/noticias-de-ribeirao-preto-sp-e-regiao-ismael-colosi\/"},"img":{"alt_text":"","src":"","width":0,"height":0},"classes":[]},{"id":71502,"url":"https:\/\/noticiasribeiraopreto.com.br\/index.php\/2025\/06\/06\/ubds-castelo-branco-abre-para-vacinacao-neste-sabado\/","url_meta":{"origin":70164,"position":4},"title":"UBDS Castelo Branco abre para vacina\u00e7\u00e3o neste s\u00e1bado","author":"noticiasribeiraopreto.com.br","date":"6 de June de 2025","format":false,"excerpt":"6 de junho de 2025 17:306 de junho de 2025 08:499 Compartilhar0 Com o objetivo de ampliar a cobertura vacinal contra a influenza, a Secretaria de Sa\u00fade de Ribeir\u00e3o Preto abrir\u00e1 neste s\u00e1bado, 7 de junho, a sala de vacina\u00e7\u00e3o da Unidade B\u00e1sica Distrital de Sa\u00fade Doutor \u00cdtalo Baruffi (UBDS\u2026","rel":"","context":"In &quot;Not\u00edcias de Ribeir\u00e3o Preto-SP e Regi\u00e3o&quot;","block_context":{"text":"Not\u00edcias de Ribeir\u00e3o Preto-SP e Regi\u00e3o","link":"https:\/\/noticiasribeiraopreto.com.br\/index.php\/category\/noticias-de-ribeirao-preto-sp-e-regiao-ismael-colosi\/"},"img":{"alt_text":"","src":"https:\/\/i0.wp.com\/noticiasribeiraopreto.com.br\/wp-content\/uploads\/2025\/06\/Vacina-Fernando-Gonzaga-scaled.jpg?fit=752%2C500&ssl=1&resize=350%2C200","width":350,"height":200,"srcset":"https:\/\/i0.wp.com\/noticiasribeiraopreto.com.br\/wp-content\/uploads\/2025\/06\/Vacina-Fernando-Gonzaga-scaled.jpg?fit=752%2C500&ssl=1&resize=350%2C200 1x, https:\/\/i0.wp.com\/noticiasribeiraopreto.com.br\/wp-content\/uploads\/2025\/06\/Vacina-Fernando-Gonzaga-scaled.jpg?fit=752%2C500&ssl=1&resize=525%2C300 1.5x, https:\/\/i0.wp.com\/noticiasribeiraopreto.com.br\/wp-content\/uploads\/2025\/06\/Vacina-Fernando-Gonzaga-scaled.jpg?fit=752%2C500&ssl=1&resize=700%2C400 2x"},"classes":[]},{"id":69751,"url":"https:\/\/noticiasribeiraopreto.com.br\/index.php\/2025\/05\/08\/dia-d-de-vacinacao-contra-gripe-acontece-em-ribeirao-veja-quando-e-locais-para-se-vacinar\/","url_meta":{"origin":70164,"position":5},"title":"&#8216;Dia D&#8217; de vacina\u00e7\u00e3o contra gripe acontece em Ribeir\u00e3o; Veja quando e locais para se vacinar","author":"noticiasribeiraopreto.com.br","date":"8 de May de 2025","format":false,"excerpt":"O \u201cDia D\u201d de vacina\u00e7\u00e3o contra gripe acontece neste s\u00e1bado (10), em Ribeir\u00e3o Preto, das 8h \u00e0s 16h30, em diferentes UBSs (Unidades B\u00e1sicas de Sa\u00fade) e UBDS (Unidade B\u00e1sica Distrital de Sa\u00fade) \u2013 veja abaixo. A a\u00e7\u00e3o faz parte da campanha nacional de imuniza\u00e7\u00e3o e \u00e9 voltada a pessoas pertencentes\u2026","rel":"","context":"In &quot;Not\u00edcias de Ribeir\u00e3o Preto-SP e Regi\u00e3o&quot;","block_context":{"text":"Not\u00edcias de Ribeir\u00e3o Preto-SP e Regi\u00e3o","link":"https:\/\/noticiasribeiraopreto.com.br\/index.php\/category\/noticias-de-ribeirao-preto-sp-e-regiao-ismael-colosi\/"},"img":{"alt_text":"","src":"https:\/\/i0.wp.com\/noticiasribeiraopreto.com.br\/wp-content\/uploads\/2025\/05\/vacinacao_h1n1_-_foto_fernando_gonzaga_2_2025-05-08_20-40-07.webp.webp?fit=1200%2C800&ssl=1&resize=350%2C200","width":350,"height":200,"srcset":"https:\/\/i0.wp.com\/noticiasribeiraopreto.com.br\/wp-content\/uploads\/2025\/05\/vacinacao_h1n1_-_foto_fernando_gonzaga_2_2025-05-08_20-40-07.webp.webp?fit=1200%2C800&ssl=1&resize=350%2C200 1x, https:\/\/i0.wp.com\/noticiasribeiraopreto.com.br\/wp-content\/uploads\/2025\/05\/vacinacao_h1n1_-_foto_fernando_gonzaga_2_2025-05-08_20-40-07.webp.webp?fit=1200%2C800&ssl=1&resize=525%2C300 1.5x, https:\/\/i0.wp.com\/noticiasribeiraopreto.com.br\/wp-content\/uploads\/2025\/05\/vacinacao_h1n1_-_foto_fernando_gonzaga_2_2025-05-08_20-40-07.webp.webp?fit=1200%2C800&ssl=1&resize=700%2C400 2x, https:\/\/i0.wp.com\/noticiasribeiraopreto.com.br\/wp-content\/uploads\/2025\/05\/vacinacao_h1n1_-_foto_fernando_gonzaga_2_2025-05-08_20-40-07.webp.webp?fit=1200%2C800&ssl=1&resize=1050%2C600 3x"},"classes":[]}],"jetpack_sharing_enabled":true,"jetpack_shortlink":"https:\/\/wp.me\/peQAOb-ifG","_links":{"self":[{"href":"https:\/\/noticiasribeiraopreto.com.br\/index.php\/wp-json\/wp\/v2\/posts\/70164","targetHints":{"allow":["GET"]}}],"collection":[{"href":"https:\/\/noticiasribeiraopreto.com.br\/index.php\/wp-json\/wp\/v2\/posts"}],"about":[{"href":"https:\/\/noticiasribeiraopreto.com.br\/index.php\/wp-json\/wp\/v2\/types\/post"}],"author":[{"embeddable":true,"href":"https:\/\/noticiasribeiraopreto.com.br\/index.php\/wp-json\/wp\/v2\/users\/1"}],"replies":[{"embeddable":true,"href":"https:\/\/noticiasribeiraopreto.com.br\/index.php\/wp-json\/wp\/v2\/comments?post=70164"}],"version-history":[{"count":0,"href":"https:\/\/noticiasribeiraopreto.com.br\/index.php\/wp-json\/wp\/v2\/posts\/70164\/revisions"}],"wp:featuredmedia":[{"embeddable":true,"href":"https:\/\/noticiasribeiraopreto.com.br\/index.php\/wp-json\/wp\/v2\/media\/70165"}],"wp:attachment":[{"href":"https:\/\/noticiasribeiraopreto.com.br\/index.php\/wp-json\/wp\/v2\/media?parent=70164"}],"wp:term":[{"taxonomy":"category","embeddable":true,"href":"https:\/\/noticiasribeiraopreto.com.br\/index.php\/wp-json\/wp\/v2\/categories?post=70164"},{"taxonomy":"post_tag","embeddable":true,"href":"https:\/\/noticiasribeiraopreto.com.br\/index.php\/wp-json\/wp\/v2\/tags?post=70164"}],"curies":[{"name":"wp","href":"https:\/\/api.w.org\/{rel}","templated":true}]}}