{"id":70176,"date":"2025-05-23T12:40:43","date_gmt":"2025-05-23T15:40:43","guid":{"rendered":"https:\/\/noticiasribeiraopreto.com.br\/index.php\/2025\/05\/23\/empresa-abre-vagas-de-emprego-em-ribeirao-preto-e-guatapara-veja-como-participar\/"},"modified":"2025-05-23T12:40:43","modified_gmt":"2025-05-23T15:40:43","slug":"empresa-abre-vagas-de-emprego-em-ribeirao-preto-e-guatapara-veja-como-participar","status":"publish","type":"post","link":"https:\/\/noticiasribeiraopreto.com.br\/index.php\/2025\/05\/23\/empresa-abre-vagas-de-emprego-em-ribeirao-preto-e-guatapara-veja-como-participar\/","title":{"rendered":"Empresa abre vagas de emprego em Ribeir\u00e3o Preto e Guatapar\u00e1; Veja como participar"},"content":{"rendered":"<p> <br \/>\n<\/p>\n<div data-td-block-uid=\"tdi_95\">\n<div class=\"tdb-block-inner td-fix-index\">\n<p>A<strong> Estre Ambiental <\/strong>est\u00e1 com 17 vagas de emprego abertas em <strong>Ribeir\u00e3o Preto<\/strong> e <strong>Guatapar\u00e1<\/strong> \u2013 incluindo oportunidades para PCDs (Pessoas com Defici\u00eancia).<\/p>\n<p>Os interessados podem se candidatar enviando o curr\u00edculo pelo <mark style=\"background-color:#fcb900\" class=\"has-inline-color has-black-color\">WhatsApp (16) 99794-2516 ou pelo e-mail gente.spi@estre.com.br<\/mark>. Para se candidatar n\u00e3o s\u00e3o cobradas taxas.<\/p>\n<h2 class=\"wp-block-heading\"><strong>Confira as vagas dispon\u00edveis:<\/strong><\/h2>\n<h3 class=\"wp-block-heading\"><strong>Ribeir\u00e3o Preto<\/strong><\/h3>\n<ul class=\"wp-block-list\">\n<li>Coletor (6 vagas) \u2013 disponibilidade diurna e noturna. In\u00edcio imediato. N\u00e3o \u00e9 preciso ter experi\u00eancia.<\/li>\n<\/ul>\n<ul class=\"wp-block-list\">\n<li>Assistente de Manuten\u00e7\u00e3o (1 vaga) \u2013 disponibilidade diurna e noturna com experi\u00eancia na fun\u00e7\u00e3o. In\u00edcio imediato.<\/li>\n<\/ul>\n<ul class=\"wp-block-list\">\n<li>Auxiliar de Manuten\u00e7\u00e3o Predial (1 vaga) \u2013 N\u00e3o \u00e9 preciso ter experi\u00eancia.<\/li>\n<\/ul>\n<ul class=\"wp-block-list\">\n<li>Eletricista de Ve\u00edculo (1 vaga) \u2013 Com experi\u00eancia na fun\u00e7\u00e3o. In\u00edcio imediato.<\/li>\n<\/ul>\n<ul class=\"wp-block-list\">\n<li>Mec\u00e2nico III (1 vaga) \u2013 Com experi\u00eancia na fun\u00e7\u00e3o. In\u00edcio imediato.<\/li>\n<\/ul>\n<ul class=\"wp-block-list\">\n<li>Analista de Folha de Pagamento (1 vaga)\u2013 Com experi\u00eancia na fun\u00e7\u00e3o.\u00a0 In\u00edcio Imediato.<\/li>\n<\/ul>\n<h3 class=\"wp-block-heading\"><strong>Guatapar\u00e1<\/strong><\/h3>\n<ul class=\"wp-block-list\">\n<li>Auxiliar de Servi\u00e7os Gerais (2 vagas) \u2013 disponibilidade de hor\u00e1rio. In\u00edcio imediato.<\/li>\n<\/ul>\n<ul class=\"wp-block-list\">\n<li>Mec\u00e2nico (2 vagas) \u2013 Com experi\u00eancia na fun\u00e7\u00e3o e disponibilidade de hor\u00e1rio. In\u00edcio imediato.<\/li>\n<\/ul>\n<ul class=\"wp-block-list\">\n<li>Assistente T\u00e9cnico (1 vaga) \u2013 Com experi\u00eancia na fun\u00e7\u00e3o.\u00a0 Vaga tempor\u00e1ria. In\u00edcio imediato.<\/li>\n<\/ul>\n<ul class=\"wp-block-list\">\n<li>Est\u00e1gio em Recrutamento e Sele\u00e7\u00e3o (1 vaga) \u2013 Cursando n\u00edvel superior em Psicologia, Recursos Humanos ou \u00e1reas correlatas.<\/li>\n<\/ul>\n<p>Para todas as vagas s\u00e3o oferecidos benef\u00edcios de assist\u00eancia m\u00e9dica e odontol\u00f3gica (titular e dependentes), vale-alimenta\u00e7\u00e3o, transporte de pessoal ou vale-transporte, EducaEstre (universidade corporativa Estre-Edupass\/Galena), participa\u00e7\u00e3o nos resultados e seguro de vida.<\/p>\n<p>SAIBA MAIS<br \/>Acidente envolve quatro carros no Anel Vi\u00e1rio Norte de Ribeir\u00e3o Preto<\/p>\n<h2 class=\"wp-block-heading\"><strong>FIQUE ON<\/strong><\/h2>\n<p>Fique ligado em tudo que acontece em Ribeir\u00e3o Preto e regi\u00e3o. Siga os perfis do<strong>\u00a0acidade on<\/strong>\u00a0no\u00a0<a href=\"https:\/\/www.instagram.com\/acidadeonribeirao\">Instagram\u00a0<\/a>e no\u00a0<a href=\"https:\/\/www.facebook.com\/acidadeonribeirao\/\">Facebook<\/a>.<\/p>\n<p>Receba not\u00edcias do<strong>\u00a0acidade on\u00a0<\/strong>no WhatsApp.<a href=\"https:\/\/chat.whatsapp.com\/BjKQZ9oJwlz8VVT50NuePq\">\u00a0Para entrar no grupo, basta clicar aqui.<\/a><\/p>\n<p>Fa\u00e7a uma den\u00fancia ou sugira uma reportagem sobre Ribeir\u00e3o Preto e regi\u00e3o pelo WhatsApp: 16 99117 7802.<\/p>\n<p>VEJA TAMB\u00c9M<br \/>Como consultar a restitui\u00e7\u00e3o do IR 2025?<\/p>\n<p><!-- CONTENT END 1 -->\n<\/div>\n<\/div>\n<p><script async src=\"\/\/www.instagram.com\/embed.js\"><\/script><br \/>\n<br \/><br \/>\n<br \/><a href=\"https:\/\/www.acidadeon.com\/ribeiraopreto\/economia\/empresa-abre-vagas-de-emprego-em-ribeirao-preto-e-guatapara-veja-como-participar\/\">Source link <\/a><\/p>\n","protected":false},"excerpt":{"rendered":"<p>A Estre Ambiental est\u00e1 com 17 vagas de emprego abertas em Ribeir\u00e3o Preto e Guatapar\u00e1 \u2013 incluindo oportunidades para PCDs (Pessoas com Defici\u00eancia). Os interessados&#8230;<\/p>\n","protected":false},"author":1,"featured_media":70177,"comment_status":"open","ping_status":"open","sticky":false,"template":"","format":"standard","meta":{"advanced_seo_description":"","jetpack_seo_html_title":"","jetpack_seo_noindex":false,"jetpack_post_was_ever_published":false,"_jetpack_newsletter_access":"","_jetpack_dont_email_post_to_subs":false,"_jetpack_newsletter_tier_id":0,"_jetpack_memberships_contains_paywalled_content":false,"_jetpack_memberships_contains_paid_content":false,"footnotes":"","jetpack_publicize_message":"","jetpack_publicize_feature_enabled":true,"jetpack_social_post_already_shared":true,"jetpack_social_options":{"image_generator_settings":{"template":"highway","default_image_id":0,"font":"","enabled":false},"version":2}},"categories":[11],"tags":[],"class_list":["post-70176","post","type-post","status-publish","format-standard","has-post-thumbnail","hentry","category-noticias-de-ribeirao-preto-sp-e-regiao-ismael-colosi"],"jetpack_publicize_connections":[],"jetpack_featured_media_url":"https:\/\/i0.wp.com\/noticiasribeiraopreto.com.br\/wp-content\/uploads\/2025\/05\/carteira-de-trabalho.jpg?fit=1170%2C700&ssl=1","jetpack-related-posts":[{"id":77853,"url":"https:\/\/noticiasribeiraopreto.com.br\/index.php\/2025\/09\/26\/empresa-abre-vagas-sem-necessidade-de-experiencia-saiba-como-se-candidatar\/","url_meta":{"origin":70176,"position":0},"title":"Empresa abre vagas sem necessidade de experi\u00eancia; Saiba como se candidatar","author":"noticiasribeiraopreto.com.br","date":"26 de September de 2025","format":false,"excerpt":"A Estre Ambiental est\u00e1 com mais de 20 vagas de emprego abertas em Ribeir\u00e3o Preto. As oportunidades s\u00e3o para in\u00edcio imediato e algumas delas n\u00e3o exige experi\u00eancia pr\u00e9via. As vagas dispon\u00edveis s\u00e3o: Coletor (20 vagas) \u2013 disponibilidade diurna e noturna. In\u00edcio imediato. N\u00e3o \u00e9 preciso ter experi\u00eancia. Eletricista de Ve\u00edculo\u2026","rel":"","context":"In &quot;Not\u00edcias de Ribeir\u00e3o Preto-SP e Regi\u00e3o&quot;","block_context":{"text":"Not\u00edcias de Ribeir\u00e3o Preto-SP e Regi\u00e3o","link":"https:\/\/noticiasribeiraopreto.com.br\/index.php\/category\/noticias-de-ribeirao-preto-sp-e-regiao-ismael-colosi\/"},"img":{"alt_text":"","src":"https:\/\/i0.wp.com\/noticiasribeiraopreto.com.br\/wp-content\/uploads\/2025\/09\/emprego_2025-09-19_19-33-55.webp.webp?fit=1200%2C800&ssl=1&resize=350%2C200","width":350,"height":200,"srcset":"https:\/\/i0.wp.com\/noticiasribeiraopreto.com.br\/wp-content\/uploads\/2025\/09\/emprego_2025-09-19_19-33-55.webp.webp?fit=1200%2C800&ssl=1&resize=350%2C200 1x, https:\/\/i0.wp.com\/noticiasribeiraopreto.com.br\/wp-content\/uploads\/2025\/09\/emprego_2025-09-19_19-33-55.webp.webp?fit=1200%2C800&ssl=1&resize=525%2C300 1.5x, https:\/\/i0.wp.com\/noticiasribeiraopreto.com.br\/wp-content\/uploads\/2025\/09\/emprego_2025-09-19_19-33-55.webp.webp?fit=1200%2C800&ssl=1&resize=700%2C400 2x, https:\/\/i0.wp.com\/noticiasribeiraopreto.com.br\/wp-content\/uploads\/2025\/09\/emprego_2025-09-19_19-33-55.webp.webp?fit=1200%2C800&ssl=1&resize=1050%2C600 3x"},"classes":[]},{"id":5877,"url":"https:\/\/noticiasribeiraopreto.com.br\/index.php\/2023\/11\/24\/mcdonalds-tem-vagas-de-emprego-abertas-em-ribeirao-preto\/","url_meta":{"origin":70176,"position":1},"title":"McDonald\u2019s tem vagas de emprego abertas em Ribeir\u00e3o Preto","author":"noticiasribeiraopreto.com.br","date":"24 de November de 2023","format":false,"excerpt":"A Arcos Dorados, operadora do McDonald\u2019s, anunciou a abertura de 60 vagas de emprego em Ribeir\u00e3o Preto. As oportunidades s\u00e3o para o cargo de Atendente de Restaurante para os 12 restaurantes da rede na cidade. Para se candidatar, basta entregar o curr\u00edculo em uma das unidades do McDonald\u2019s ou se\u2026","rel":"","context":"In &quot;Not\u00edcias de Ribeir\u00e3o Preto-SP e Regi\u00e3o&quot;","block_context":{"text":"Not\u00edcias de Ribeir\u00e3o Preto-SP e Regi\u00e3o","link":"https:\/\/noticiasribeiraopreto.com.br\/index.php\/category\/noticias-de-ribeirao-preto-sp-e-regiao-ismael-colosi\/"},"img":{"alt_text":"","src":"https:\/\/i0.wp.com\/noticiasribeiraopreto.com.br\/wp-content\/uploads\/2023\/11\/mcdonalds.jpg?fit=1200%2C675&ssl=1&resize=350%2C200","width":350,"height":200,"srcset":"https:\/\/i0.wp.com\/noticiasribeiraopreto.com.br\/wp-content\/uploads\/2023\/11\/mcdonalds.jpg?fit=1200%2C675&ssl=1&resize=350%2C200 1x, https:\/\/i0.wp.com\/noticiasribeiraopreto.com.br\/wp-content\/uploads\/2023\/11\/mcdonalds.jpg?fit=1200%2C675&ssl=1&resize=525%2C300 1.5x, https:\/\/i0.wp.com\/noticiasribeiraopreto.com.br\/wp-content\/uploads\/2023\/11\/mcdonalds.jpg?fit=1200%2C675&ssl=1&resize=700%2C400 2x, https:\/\/i0.wp.com\/noticiasribeiraopreto.com.br\/wp-content\/uploads\/2023\/11\/mcdonalds.jpg?fit=1200%2C675&ssl=1&resize=1050%2C600 3x"},"classes":[]},{"id":34933,"url":"https:\/\/noticiasribeiraopreto.com.br\/index.php\/2024\/02\/04\/contrata-se-assistente-contabil-feminino\/","url_meta":{"origin":70176,"position":2},"title":"CONTRATA-SE ASSISTENTE CONT\u00c1BIL (FEMININO)","author":"noticiasribeiraopreto.com.br","date":"4 de February de 2024","format":false,"excerpt":"An\u00fancios CONTRATA-SE ASSISTENTE CONT\u00c1BIL (FEMININO) Empregos - - 02\/02\/2024 Contrata-se. Carga hor\u00e1ria: 40 horas semanais. Dias trabalhados: de segunda a sexta. Sal\u00e1rio: R$ 2.500,00 bruto. Benef\u00edcios: R$ 27,50 de vale alimenta\u00e7\u00e3o por dia \u00fatil; Seguro de vida; Conv\u00eanio m\u00e9dico ap\u00f3s experi\u00eancia sem desconto; PLR ap\u00f3s 1 ano de r... CONTRATA-SE\u2026","rel":"","context":"In &quot;Vagas de Emprego em Ribeir\u00e3o Preto-SP&quot;","block_context":{"text":"Vagas de Emprego em Ribeir\u00e3o Preto-SP","link":"https:\/\/noticiasribeiraopreto.com.br\/index.php\/category\/empregos-classificados-vagas-trabalho\/vagas-de-empregos-em-ribeirao-preto-regiao-brasil\/"},"img":{"alt_text":"CONTRATA-SE ASSISTENTE CONT\u00c1BIL (FEMININO)","src":"https:\/\/i0.wp.com\/www.tribunaribeirao.com.br\/classificadostribuna\/oc-content\/uploads\/33\/3879_thumbnail.jpg?resize=350%2C200&ssl=1","width":350,"height":200},"classes":[]},{"id":32509,"url":"https:\/\/noticiasribeiraopreto.com.br\/index.php\/2024\/01\/25\/contrata-se-mecanico-de-manutencao\/","url_meta":{"origin":70176,"position":3},"title":"CONTRATA-SE MEC\u00c2NICO DE MANUTEN\u00c7\u00c3O","author":"noticiasribeiraopreto.com.br","date":"25 de January de 2024","format":false,"excerpt":"An\u00fancios CONTRATA-SE MEC\u00c2NICO DE MANUTEN\u00c7\u00c3O Empregos - - 23\/01\/2024 mpresa de reciclagem contrata mec\u00e2nico de manuten\u00e7\u00e3o, com experi\u00eancia de manuten\u00e7\u00e3o mec\u00e2nica em geral (manuten\u00e7\u00e3o de moinhos de moer pl\u00e1sticos, trocar rolamentos, conhecimento el\u00e9trico, solda, e demais atividades pertinentes a fun\u00e7\u00e3o. interessados, e... CONTRATA-SE JARDINEIRO Empregos - - 22\/01\/2024 Acima 18\u2026","rel":"","context":"In &quot;Vagas de Emprego em Ribeir\u00e3o Preto-SP&quot;","block_context":{"text":"Vagas de Emprego em Ribeir\u00e3o Preto-SP","link":"https:\/\/noticiasribeiraopreto.com.br\/index.php\/category\/empregos-classificados-vagas-trabalho\/vagas-de-empregos-em-ribeirao-preto-regiao-brasil\/"},"img":{"alt_text":"CONTRATA-SE MEC\u00c2NICO DE MANUTEN\u00c7\u00c3O","src":"https:\/\/i0.wp.com\/www.tribunaribeirao.com.br\/classificadostribuna\/oc-content\/uploads\/33\/3857_thumbnail.jpg?resize=350%2C200&ssl=1","width":350,"height":200},"classes":[]},{"id":64538,"url":"https:\/\/noticiasribeiraopreto.com.br\/index.php\/2025\/03\/09\/santa-casa-de-ribeirao-esta-com-vagas-de-emprego-abertas-veja-como-se-candidatar\/","url_meta":{"origin":70176,"position":4},"title":"Santa Casa de Ribeir\u00e3o est\u00e1 com vagas de emprego abertas; Veja como se candidatar","author":"noticiasribeiraopreto.com.br","date":"9 de March de 2025","format":false,"excerpt":"A Santa Casa de Ribeir\u00e3o Preto est\u00e1 com diversas oportunidades de emprego para diferentes setores da institui\u00e7\u00e3o \u2013 veja abaixo. Os interessados devem cadastrar o curr\u00edculo no site do hospital (clique aqui), enviar pelo e-mail: curriculo@santacasarp.com.br ou entregar presencialmente na rua S\u00e3o Paulo, 617, nos Campos El\u00edseos. Vale destacar que\u2026","rel":"","context":"In &quot;Not\u00edcias de Ribeir\u00e3o Preto-SP e Regi\u00e3o&quot;","block_context":{"text":"Not\u00edcias de Ribeir\u00e3o Preto-SP e Regi\u00e3o","link":"https:\/\/noticiasribeiraopreto.com.br\/index.php\/category\/noticias-de-ribeirao-preto-sp-e-regiao-ismael-colosi\/"},"img":{"alt_text":"","src":"https:\/\/i0.wp.com\/noticiasribeiraopreto.com.br\/wp-content\/uploads\/2024\/07\/WhatsApp-Image-2024-07-26-at-17.17.24_2024-07-26_22-50-32_jpeg_2024-07-26_22-50-32.webp.webp?fit=758%2C446&ssl=1&resize=350%2C200","width":350,"height":200,"srcset":"https:\/\/i0.wp.com\/noticiasribeiraopreto.com.br\/wp-content\/uploads\/2024\/07\/WhatsApp-Image-2024-07-26-at-17.17.24_2024-07-26_22-50-32_jpeg_2024-07-26_22-50-32.webp.webp?fit=758%2C446&ssl=1&resize=350%2C200 1x, https:\/\/i0.wp.com\/noticiasribeiraopreto.com.br\/wp-content\/uploads\/2024\/07\/WhatsApp-Image-2024-07-26-at-17.17.24_2024-07-26_22-50-32_jpeg_2024-07-26_22-50-32.webp.webp?fit=758%2C446&ssl=1&resize=525%2C300 1.5x, https:\/\/i0.wp.com\/noticiasribeiraopreto.com.br\/wp-content\/uploads\/2024\/07\/WhatsApp-Image-2024-07-26-at-17.17.24_2024-07-26_22-50-32_jpeg_2024-07-26_22-50-32.webp.webp?fit=758%2C446&ssl=1&resize=700%2C400 2x"},"classes":[]},{"id":24280,"url":"https:\/\/noticiasribeiraopreto.com.br\/index.php\/2024\/01\/03\/hospital-de-ribeirao-preto-abre-vagas-de-emprego-com-salarios-de-ate-r-5-mil\/","url_meta":{"origin":70176,"position":5},"title":"Hospital de Ribeir\u00e3o Preto abre vagas de emprego com sal\u00e1rios de at\u00e9 R$ 5 mil","author":"noticiasribeiraopreto.com.br","date":"3 de January de 2024","format":false,"excerpt":"A Santa Casa de Ribeir\u00e3o Preto est\u00e1 com 24 vagas de emprego abertas em diversas \u00e1reas, com sal\u00e1rios que v\u00e3o at\u00e9 R$ 5.109,00. Para quem deseja se candidatar, basta enviar o curr\u00edculo por e-mail (curriculo@santacasarp.com.br), colocando o nome da vaga no assunto. Tamb\u00e9m \u00e9 poss\u00edvel se candidatar pelo site (clique\u2026","rel":"","context":"In &quot;Not\u00edcias de Ribeir\u00e3o Preto-SP e Regi\u00e3o&quot;","block_context":{"text":"Not\u00edcias de Ribeir\u00e3o Preto-SP e Regi\u00e3o","link":"https:\/\/noticiasribeiraopreto.com.br\/index.php\/category\/noticias-de-ribeirao-preto-sp-e-regiao-ismael-colosi\/"},"img":{"alt_text":"","src":"https:\/\/i0.wp.com\/noticiasribeiraopreto.com.br\/wp-content\/uploads\/2024\/01\/WhatsApp-Image-2024-01-03-at-14.50.15.jpeg?fit=997%2C661&ssl=1&resize=350%2C200","width":350,"height":200,"srcset":"https:\/\/i0.wp.com\/noticiasribeiraopreto.com.br\/wp-content\/uploads\/2024\/01\/WhatsApp-Image-2024-01-03-at-14.50.15.jpeg?fit=997%2C661&ssl=1&resize=350%2C200 1x, https:\/\/i0.wp.com\/noticiasribeiraopreto.com.br\/wp-content\/uploads\/2024\/01\/WhatsApp-Image-2024-01-03-at-14.50.15.jpeg?fit=997%2C661&ssl=1&resize=525%2C300 1.5x, https:\/\/i0.wp.com\/noticiasribeiraopreto.com.br\/wp-content\/uploads\/2024\/01\/WhatsApp-Image-2024-01-03-at-14.50.15.jpeg?fit=997%2C661&ssl=1&resize=700%2C400 2x"},"classes":[]}],"jetpack_sharing_enabled":true,"jetpack_shortlink":"https:\/\/wp.me\/peQAOb-ifS","_links":{"self":[{"href":"https:\/\/noticiasribeiraopreto.com.br\/index.php\/wp-json\/wp\/v2\/posts\/70176","targetHints":{"allow":["GET"]}}],"collection":[{"href":"https:\/\/noticiasribeiraopreto.com.br\/index.php\/wp-json\/wp\/v2\/posts"}],"about":[{"href":"https:\/\/noticiasribeiraopreto.com.br\/index.php\/wp-json\/wp\/v2\/types\/post"}],"author":[{"embeddable":true,"href":"https:\/\/noticiasribeiraopreto.com.br\/index.php\/wp-json\/wp\/v2\/users\/1"}],"replies":[{"embeddable":true,"href":"https:\/\/noticiasribeiraopreto.com.br\/index.php\/wp-json\/wp\/v2\/comments?post=70176"}],"version-history":[{"count":0,"href":"https:\/\/noticiasribeiraopreto.com.br\/index.php\/wp-json\/wp\/v2\/posts\/70176\/revisions"}],"wp:featuredmedia":[{"embeddable":true,"href":"https:\/\/noticiasribeiraopreto.com.br\/index.php\/wp-json\/wp\/v2\/media\/70177"}],"wp:attachment":[{"href":"https:\/\/noticiasribeiraopreto.com.br\/index.php\/wp-json\/wp\/v2\/media?parent=70176"}],"wp:term":[{"taxonomy":"category","embeddable":true,"href":"https:\/\/noticiasribeiraopreto.com.br\/index.php\/wp-json\/wp\/v2\/categories?post=70176"},{"taxonomy":"post_tag","embeddable":true,"href":"https:\/\/noticiasribeiraopreto.com.br\/index.php\/wp-json\/wp\/v2\/tags?post=70176"}],"curies":[{"name":"wp","href":"https:\/\/api.w.org\/{rel}","templated":true}]}}