{"id":70178,"date":"2025-05-23T12:48:38","date_gmt":"2025-05-23T15:48:38","guid":{"rendered":"https:\/\/noticiasribeiraopreto.com.br\/index.php\/2025\/05\/23\/arma-municoes-e-colete-a-prova-de-balas-sao-furtados-em-poco-da-saerp-na-zona-sul\/"},"modified":"2025-05-23T12:48:38","modified_gmt":"2025-05-23T15:48:38","slug":"arma-municoes-e-colete-a-prova-de-balas-sao-furtados-em-poco-da-saerp-na-zona-sul","status":"publish","type":"post","link":"https:\/\/noticiasribeiraopreto.com.br\/index.php\/2025\/05\/23\/arma-municoes-e-colete-a-prova-de-balas-sao-furtados-em-poco-da-saerp-na-zona-sul\/","title":{"rendered":"Arma, muni\u00e7\u00f5es e colete \u00e0 prova de balas s\u00e3o furtados em po\u00e7o da Saerp na zona Sul"},"content":{"rendered":"<p> <br \/>\n<\/p>\n<div data-td-block-uid=\"tdi_95\">\n<div class=\"tdb-block-inner td-fix-index\">\n<p><strong>Um rev\u00f3lver calibre 38, dez muni\u00e7\u00f5es e um colete \u00e0 prova de balas foram furtados na noite desta quinta-feira (22), da guarita de um po\u00e7o da Saerp (Secretaria de \u00c1gua e Esgoto de Ribeir\u00e3o Preto), na zona Sul da cidade.<\/strong><\/p>\n<p>Segundo o <strong>boletim de ocorr\u00eancia (BO)<\/strong>, <mark style=\"background-color:#fcb900\" class=\"has-inline-color has-black-color\">um supervisor de seguran\u00e7a da secretaria, que \u00e9 terceirizada, relatou \u00e0 pol\u00edcia que os criminosos arrombaram um cadeado da porta da guarita do Po\u00e7o Invernada e invadiram o local, na avenida Luiz Eduardo Toledo Prado, de onde furtaram a arma, as muni\u00e7\u00f5es e o colete.<\/mark> <\/p>\n<p>O caso foi registrado na CPJ (Central de Pol\u00edcia Judici\u00e1ria) Permanente como furto a interior de estabelecimento para investiga\u00e7\u00e3o da Pol\u00edcia Civil. Nenhum suspeito foi preso.<\/p>\n<h2 class=\"wp-block-heading\"><strong>Outro lado<\/strong><\/h2>\n<p>A Saerp emitiu nota de imprensa em que confirma o furto e ressalta que nenhum equipamento do po\u00e7o foi levado ou danificado.\u00a0<\/p>\n<p>\u201cO po\u00e7o est\u00e1 funcionando normalmente, abastecendo a regi\u00e3o da Vila do Golfe\u201d, diz a secretaria na nota.<\/p>\n<p>SAIBA MAIS<\/p>\n<p>Acidente envolve quatro carros no Anel Vi\u00e1rio Norte de Ribeir\u00e3o Preto<\/p>\n<h3 class=\"wp-block-heading\"><strong>FIQUE ON<\/strong><\/h3>\n<p>Fique ligado em tudo que acontece em Ribeir\u00e3o Preto e regi\u00e3o. Siga os perfis do\u00a0<strong>acidade on<\/strong>\u00a0no\u00a0<a href=\"https:\/\/www.instagram.com\/acidadeonribeirao\">Instagram\u00a0<\/a>e no\u00a0<a href=\"https:\/\/www.facebook.com\/acidadeonribeirao\/\">Facebook.<\/a><\/p>\n<p>Receba not\u00edcias do\u00a0<strong>acidade on<\/strong>\u00a0no WhatsApp.\u00a0<a href=\"https:\/\/chat.whatsapp.com\/BjKQZ9oJwlz8VVT50NuePq\">Para entrar no grupo, basta clicar aqui.<\/a><\/p>\n<p>Fa\u00e7a uma den\u00fancia ou sugira uma reportagem sobre Ribeir\u00e3o Preto e regi\u00e3o pelo WhatsApp: 16 99117 7802.<\/p>\n<p>VEJA TAMB\u00c9M<\/p>\n<p>Quais s\u00e3o as vagas do concurso do TCU?<\/p>\n<p><!-- CONTENT END 1 -->\n<\/div>\n<\/div>\n<p><script async src=\"\/\/www.instagram.com\/embed.js\"><\/script><br \/>\n<br \/><br \/>\n<br \/><a href=\"https:\/\/www.acidadeon.com\/ribeiraopreto\/cotidiano\/arma-municoes-e-colete-a-prova-de-balas-sao-furtados-em-poco-da-saerp-na-zona-sul\/\">Source link <\/a><\/p>\n","protected":false},"excerpt":{"rendered":"<p>Um rev\u00f3lver calibre 38, dez muni\u00e7\u00f5es e um colete \u00e0 prova de balas foram furtados na noite desta quinta-feira (22), da guarita de um po\u00e7o&#8230;<\/p>\n","protected":false},"author":1,"featured_media":70179,"comment_status":"open","ping_status":"open","sticky":false,"template":"","format":"standard","meta":{"advanced_seo_description":"","jetpack_seo_html_title":"","jetpack_seo_noindex":false,"jetpack_post_was_ever_published":false,"_jetpack_newsletter_access":"","_jetpack_dont_email_post_to_subs":false,"_jetpack_newsletter_tier_id":0,"_jetpack_memberships_contains_paywalled_content":false,"_jetpack_memberships_contains_paid_content":false,"footnotes":"","jetpack_publicize_message":"","jetpack_publicize_feature_enabled":true,"jetpack_social_post_already_shared":true,"jetpack_social_options":{"image_generator_settings":{"template":"highway","default_image_id":0,"font":"","enabled":false},"version":2}},"categories":[11],"tags":[],"class_list":["post-70178","post","type-post","status-publish","format-standard","has-post-thumbnail","hentry","category-noticias-de-ribeirao-preto-sp-e-regiao-ismael-colosi"],"jetpack_publicize_connections":[],"jetpack_featured_media_url":"https:\/\/i0.wp.com\/noticiasribeiraopreto.com.br\/wp-content\/uploads\/2025\/05\/1748015318_cpj_1024x576_21012021092745.jpg?fit=1024%2C575&ssl=1","jetpack-related-posts":[{"id":57864,"url":"https:\/\/noticiasribeiraopreto.com.br\/index.php\/2024\/09\/12\/veja-o-arsenal-apreendido-com-criminosos-que-mataram-pm-na-regiao-de-ribeirao\/","url_meta":{"origin":70178,"position":0},"title":"Veja o arsenal apreendido com criminosos que mataram PM na regi\u00e3o de Ribeir\u00e3o","author":"noticiasribeiraopreto.com.br","date":"12 de September de 2024","format":false,"excerpt":"Na manh\u00e3 desta quinta-feira (12), a Pol\u00edcia Civil divulgou o que foi apreendido ap\u00f3s o\u00a0tiroteio que terminou com a morte de sargento da Pol\u00edcia Militar e tr\u00eas fugitivos\u00a0na tarde desta quarta-feira (11) em uma rodovia da regi\u00e3o de Ribeir\u00e3o Preto. Coletes \u00e0 prova de balas, fuzils e metralhadoras est\u00e3o na\u2026","rel":"","context":"In &quot;Not\u00edcias de Ribeir\u00e3o Preto-SP e Regi\u00e3o&quot;","block_context":{"text":"Not\u00edcias de Ribeir\u00e3o Preto-SP e Regi\u00e3o","link":"https:\/\/noticiasribeiraopreto.com.br\/index.php\/category\/noticias-de-ribeirao-preto-sp-e-regiao-ismael-colosi\/"},"img":{"alt_text":"","src":"https:\/\/i0.wp.com\/noticiasribeiraopreto.com.br\/wp-content\/uploads\/2024\/09\/Copia-de-Copia-de-Copia-de-TAMANHO-EXATO-PARA-FOTOS-NO-SISTEMA-NOVO-14_2024-09-12_15-04-28_png_2024-09-12_15-04-28.webp.webp?fit=1200%2C675&ssl=1&resize=350%2C200","width":350,"height":200,"srcset":"https:\/\/i0.wp.com\/noticiasribeiraopreto.com.br\/wp-content\/uploads\/2024\/09\/Copia-de-Copia-de-Copia-de-TAMANHO-EXATO-PARA-FOTOS-NO-SISTEMA-NOVO-14_2024-09-12_15-04-28_png_2024-09-12_15-04-28.webp.webp?fit=1200%2C675&ssl=1&resize=350%2C200 1x, https:\/\/i0.wp.com\/noticiasribeiraopreto.com.br\/wp-content\/uploads\/2024\/09\/Copia-de-Copia-de-Copia-de-TAMANHO-EXATO-PARA-FOTOS-NO-SISTEMA-NOVO-14_2024-09-12_15-04-28_png_2024-09-12_15-04-28.webp.webp?fit=1200%2C675&ssl=1&resize=525%2C300 1.5x, https:\/\/i0.wp.com\/noticiasribeiraopreto.com.br\/wp-content\/uploads\/2024\/09\/Copia-de-Copia-de-Copia-de-TAMANHO-EXATO-PARA-FOTOS-NO-SISTEMA-NOVO-14_2024-09-12_15-04-28_png_2024-09-12_15-04-28.webp.webp?fit=1200%2C675&ssl=1&resize=700%2C400 2x, https:\/\/i0.wp.com\/noticiasribeiraopreto.com.br\/wp-content\/uploads\/2024\/09\/Copia-de-Copia-de-Copia-de-TAMANHO-EXATO-PARA-FOTOS-NO-SISTEMA-NOVO-14_2024-09-12_15-04-28_png_2024-09-12_15-04-28.webp.webp?fit=1200%2C675&ssl=1&resize=1050%2C600 3x"},"classes":[]},{"id":84442,"url":"https:\/\/noticiasribeiraopreto.com.br\/index.php\/2026\/04\/09\/policia-civil-prende-suspeito-de-vender-municoes-para-acusado-de-homicidio-em-ribeirao-preto\/","url_meta":{"origin":70178,"position":1},"title":"Pol\u00edcia Civil prende suspeito de vender muni\u00e7\u00f5es para acusado de homic\u00eddio em Ribeir\u00e3o Preto","author":"noticiasribeiraopreto.com.br","date":"9 de April de 2026","format":false,"excerpt":"Ler o resumo da not\u00edcia Homem de 34 anos foi preso pela Pol\u00edcia Civil de Ribeir\u00e3o Preto nesta quinta-feira (9), suspeito de vender muni\u00e7\u00f5es para o autor de um homic\u00eddio em fevereiro. O crime ocorreu na rua Bol\u00edvia, na Vila Mariana, zona Norte, quando a v\u00edtima Freud dos Santos Pereira,\u2026","rel":"","context":"In &quot;Not\u00edcias de Ribeir\u00e3o Preto-SP e Regi\u00e3o&quot;","block_context":{"text":"Not\u00edcias de Ribeir\u00e3o Preto-SP e Regi\u00e3o","link":"https:\/\/noticiasribeiraopreto.com.br\/index.php\/category\/noticias-de-ribeirao-preto-sp-e-regiao-ismael-colosi\/"},"img":{"alt_text":"","src":"https:\/\/i0.wp.com\/noticiasribeiraopreto.com.br\/wp-content\/uploads\/2026\/04\/fernando-bravo_2026-04-09_17-44-19.webp.webp?fit=1200%2C827&ssl=1&resize=350%2C200","width":350,"height":200,"srcset":"https:\/\/i0.wp.com\/noticiasribeiraopreto.com.br\/wp-content\/uploads\/2026\/04\/fernando-bravo_2026-04-09_17-44-19.webp.webp?fit=1200%2C827&ssl=1&resize=350%2C200 1x, https:\/\/i0.wp.com\/noticiasribeiraopreto.com.br\/wp-content\/uploads\/2026\/04\/fernando-bravo_2026-04-09_17-44-19.webp.webp?fit=1200%2C827&ssl=1&resize=525%2C300 1.5x, https:\/\/i0.wp.com\/noticiasribeiraopreto.com.br\/wp-content\/uploads\/2026\/04\/fernando-bravo_2026-04-09_17-44-19.webp.webp?fit=1200%2C827&ssl=1&resize=700%2C400 2x, https:\/\/i0.wp.com\/noticiasribeiraopreto.com.br\/wp-content\/uploads\/2026\/04\/fernando-bravo_2026-04-09_17-44-19.webp.webp?fit=1200%2C827&ssl=1&resize=1050%2C600 3x"},"classes":[]},{"id":74461,"url":"https:\/\/noticiasribeiraopreto.com.br\/index.php\/2025\/07\/23\/homem-e-preso-com-pistolas-no-centro\/","url_meta":{"origin":70178,"position":2},"title":"Homem \u00e9 preso com pistolas no Centro","author":"noticiasribeiraopreto.com.br","date":"23 de July de 2025","format":false,"excerpt":"Armas, muni\u00e7\u00f5es, perfumes e t\u00eanis estavam com suspeito em estacionamento na regi\u00e3o da Baixada 23 de julho de 2025 10:442 Compartilhar1 Por: Adalberto Luque Um homem de 30 anos foi preso, na tarde desta ter\u00e7a-feira (22), por porte ilegal de arma de fogo. Ele estava no escrit\u00f3rio de um estacionamento\u2026","rel":"","context":"In &quot;Not\u00edcias de Ribeir\u00e3o Preto-SP e Regi\u00e3o&quot;","block_context":{"text":"Not\u00edcias de Ribeir\u00e3o Preto-SP e Regi\u00e3o","link":"https:\/\/noticiasribeiraopreto.com.br\/index.php\/category\/noticias-de-ribeirao-preto-sp-e-regiao-ismael-colosi\/"},"img":{"alt_text":"","src":"https:\/\/i0.wp.com\/noticiasribeiraopreto.com.br\/wp-content\/uploads\/2025\/07\/23-jul-2025-armaapreendida-scaled.jpg?fit=1200%2C718&ssl=1&resize=350%2C200","width":350,"height":200,"srcset":"https:\/\/i0.wp.com\/noticiasribeiraopreto.com.br\/wp-content\/uploads\/2025\/07\/23-jul-2025-armaapreendida-scaled.jpg?fit=1200%2C718&ssl=1&resize=350%2C200 1x, https:\/\/i0.wp.com\/noticiasribeiraopreto.com.br\/wp-content\/uploads\/2025\/07\/23-jul-2025-armaapreendida-scaled.jpg?fit=1200%2C718&ssl=1&resize=525%2C300 1.5x, https:\/\/i0.wp.com\/noticiasribeiraopreto.com.br\/wp-content\/uploads\/2025\/07\/23-jul-2025-armaapreendida-scaled.jpg?fit=1200%2C718&ssl=1&resize=700%2C400 2x, https:\/\/i0.wp.com\/noticiasribeiraopreto.com.br\/wp-content\/uploads\/2025\/07\/23-jul-2025-armaapreendida-scaled.jpg?fit=1200%2C718&ssl=1&resize=1050%2C600 3x"},"classes":[]},{"id":77049,"url":"https:\/\/noticiasribeiraopreto.com.br\/index.php\/2025\/09\/10\/restaurante-japones-na-zona-sul-e-multado-por-furto-de-agua\/","url_meta":{"origin":70178,"position":3},"title":"Restaurante japon\u00eas na Zona Sul \u00e9 multado por furto de \u00e1gua","author":"noticiasribeiraopreto.com.br","date":"10 de September de 2025","format":false,"excerpt":"10 de setembro de 2025 17:406 Compartilhar0 Esta foi a segunda irregularidade cometida pelo estabelecimento A Prefeitura de Ribeir\u00e3o Preto, por meio da Secretaria de \u00c1gua e Esgoto (Saerp), multou um restaurante japon\u00eas localizado no bairro Jardim Bot\u00e2nico, zona sul da cidade, por furto de \u00e1gua. O flagrante ocorreu no\u2026","rel":"","context":"In &quot;Not\u00edcias de Ribeir\u00e3o Preto-SP e Regi\u00e3o&quot;","block_context":{"text":"Not\u00edcias de Ribeir\u00e3o Preto-SP e Regi\u00e3o","link":"https:\/\/noticiasribeiraopreto.com.br\/index.php\/category\/noticias-de-ribeirao-preto-sp-e-regiao-ismael-colosi\/"},"img":{"alt_text":"","src":"https:\/\/i0.wp.com\/noticiasribeiraopreto.com.br\/wp-content\/uploads\/2025\/09\/furto_agua_01-scaled.jpg?fit=1171%2C780&ssl=1&resize=350%2C200","width":350,"height":200,"srcset":"https:\/\/i0.wp.com\/noticiasribeiraopreto.com.br\/wp-content\/uploads\/2025\/09\/furto_agua_01-scaled.jpg?fit=1171%2C780&ssl=1&resize=350%2C200 1x, https:\/\/i0.wp.com\/noticiasribeiraopreto.com.br\/wp-content\/uploads\/2025\/09\/furto_agua_01-scaled.jpg?fit=1171%2C780&ssl=1&resize=525%2C300 1.5x, https:\/\/i0.wp.com\/noticiasribeiraopreto.com.br\/wp-content\/uploads\/2025\/09\/furto_agua_01-scaled.jpg?fit=1171%2C780&ssl=1&resize=700%2C400 2x, https:\/\/i0.wp.com\/noticiasribeiraopreto.com.br\/wp-content\/uploads\/2025\/09\/furto_agua_01-scaled.jpg?fit=1171%2C780&ssl=1&resize=1050%2C600 3x"},"classes":[]},{"id":76625,"url":"https:\/\/noticiasribeiraopreto.com.br\/index.php\/2025\/09\/02\/video-preso-homem-que-furtou-predio-na-zona-sul\/","url_meta":{"origin":70178,"position":4},"title":"V\u00cdDEO &#8211; Preso homem que furtou pr\u00e9dio na zona Sul","author":"noticiasribeiraopreto.com.br","date":"2 de September de 2025","format":false,"excerpt":"Suspeito invadia condom\u00ednios e arrombava carros, causando preju\u00edzos superiores a R$ 100 mil \u00e0s v\u00edtimas 2 de setembro de 2025 11:352 de setembro de 2025 11:351 Compartilhar0 Por: Adalberto Luque A Pol\u00edcia Civil prendeu, na tarde desta segunda-feira (1\u00ba), um homem suspeito de praticar v\u00e1rios furtos. Entre eles, em um\u2026","rel":"","context":"In &quot;Not\u00edcias de Ribeir\u00e3o Preto-SP e Regi\u00e3o&quot;","block_context":{"text":"Not\u00edcias de Ribeir\u00e3o Preto-SP e Regi\u00e3o","link":"https:\/\/noticiasribeiraopreto.com.br\/index.php\/category\/noticias-de-ribeirao-preto-sp-e-regiao-ismael-colosi\/"},"img":{"alt_text":"","src":"https:\/\/i0.wp.com\/noticiasribeiraopreto.com.br\/wp-content\/uploads\/2025\/09\/02-set-2025-furtoiraja1.jpg?fit=822%2C621&ssl=1&resize=350%2C200","width":350,"height":200,"srcset":"https:\/\/i0.wp.com\/noticiasribeiraopreto.com.br\/wp-content\/uploads\/2025\/09\/02-set-2025-furtoiraja1.jpg?fit=822%2C621&ssl=1&resize=350%2C200 1x, https:\/\/i0.wp.com\/noticiasribeiraopreto.com.br\/wp-content\/uploads\/2025\/09\/02-set-2025-furtoiraja1.jpg?fit=822%2C621&ssl=1&resize=525%2C300 1.5x, https:\/\/i0.wp.com\/noticiasribeiraopreto.com.br\/wp-content\/uploads\/2025\/09\/02-set-2025-furtoiraja1.jpg?fit=822%2C621&ssl=1&resize=700%2C400 2x"},"classes":[]},{"id":84835,"url":"https:\/\/noticiasribeiraopreto.com.br\/index.php\/2026\/04\/16\/homem-e-preso-com-municoes-de-fuzil-e-aves-silvestres-em-extincao\/","url_meta":{"origin":70178,"position":5},"title":"Homem \u00e9 preso com muni\u00e7\u00f5es de fuzil e aves silvestres em extin\u00e7\u00e3o","author":"noticiasribeiraopreto.com.br","date":"16 de April de 2026","format":false,"excerpt":"\r Pol\u00edcia investigou den\u00fancia e, ao cumprir mandado de busca e apreens\u00e3o, precisou acionar chaveiro para entrar no local\r \r 16 de abril de 2026 13:08 \r Compartilhar2 | Por: Adalberto Luque | Um homem de 66 anos foi preso, na manh\u00e3 desta quinta-feira (16), com muni\u00e7\u00f5es para fuzil e\u2026","rel":"","context":"In &quot;Not\u00edcias de Ribeir\u00e3o Preto-SP e Regi\u00e3o&quot;","block_context":{"text":"Not\u00edcias de Ribeir\u00e3o Preto-SP e Regi\u00e3o","link":"https:\/\/noticiasribeiraopreto.com.br\/index.php\/category\/noticias-de-ribeirao-preto-sp-e-regiao-ismael-colosi\/"},"img":{"alt_text":"","src":"https:\/\/i0.wp.com\/noticiasribeiraopreto.com.br\/wp-content\/uploads\/2026\/04\/16-abr-2026-municaoepassaros-scaled.jpg?fit=1200%2C675&ssl=1&resize=350%2C200","width":350,"height":200,"srcset":"https:\/\/i0.wp.com\/noticiasribeiraopreto.com.br\/wp-content\/uploads\/2026\/04\/16-abr-2026-municaoepassaros-scaled.jpg?fit=1200%2C675&ssl=1&resize=350%2C200 1x, https:\/\/i0.wp.com\/noticiasribeiraopreto.com.br\/wp-content\/uploads\/2026\/04\/16-abr-2026-municaoepassaros-scaled.jpg?fit=1200%2C675&ssl=1&resize=525%2C300 1.5x, https:\/\/i0.wp.com\/noticiasribeiraopreto.com.br\/wp-content\/uploads\/2026\/04\/16-abr-2026-municaoepassaros-scaled.jpg?fit=1200%2C675&ssl=1&resize=700%2C400 2x, https:\/\/i0.wp.com\/noticiasribeiraopreto.com.br\/wp-content\/uploads\/2026\/04\/16-abr-2026-municaoepassaros-scaled.jpg?fit=1200%2C675&ssl=1&resize=1050%2C600 3x"},"classes":[]}],"jetpack_sharing_enabled":true,"jetpack_shortlink":"https:\/\/wp.me\/peQAOb-ifU","_links":{"self":[{"href":"https:\/\/noticiasribeiraopreto.com.br\/index.php\/wp-json\/wp\/v2\/posts\/70178","targetHints":{"allow":["GET"]}}],"collection":[{"href":"https:\/\/noticiasribeiraopreto.com.br\/index.php\/wp-json\/wp\/v2\/posts"}],"about":[{"href":"https:\/\/noticiasribeiraopreto.com.br\/index.php\/wp-json\/wp\/v2\/types\/post"}],"author":[{"embeddable":true,"href":"https:\/\/noticiasribeiraopreto.com.br\/index.php\/wp-json\/wp\/v2\/users\/1"}],"replies":[{"embeddable":true,"href":"https:\/\/noticiasribeiraopreto.com.br\/index.php\/wp-json\/wp\/v2\/comments?post=70178"}],"version-history":[{"count":0,"href":"https:\/\/noticiasribeiraopreto.com.br\/index.php\/wp-json\/wp\/v2\/posts\/70178\/revisions"}],"wp:featuredmedia":[{"embeddable":true,"href":"https:\/\/noticiasribeiraopreto.com.br\/index.php\/wp-json\/wp\/v2\/media\/70179"}],"wp:attachment":[{"href":"https:\/\/noticiasribeiraopreto.com.br\/index.php\/wp-json\/wp\/v2\/media?parent=70178"}],"wp:term":[{"taxonomy":"category","embeddable":true,"href":"https:\/\/noticiasribeiraopreto.com.br\/index.php\/wp-json\/wp\/v2\/categories?post=70178"},{"taxonomy":"post_tag","embeddable":true,"href":"https:\/\/noticiasribeiraopreto.com.br\/index.php\/wp-json\/wp\/v2\/tags?post=70178"}],"curies":[{"name":"wp","href":"https:\/\/api.w.org\/{rel}","templated":true}]}}