{"id":70180,"date":"2025-05-23T12:58:05","date_gmt":"2025-05-23T15:58:05","guid":{"rendered":"https:\/\/noticiasribeiraopreto.com.br\/index.php\/2025\/05\/23\/pagode-encontro-de-brechos-e-blues-veja-o-que-fazer-em-ribeirao-preto-no-fim-de-semana\/"},"modified":"2025-05-23T12:58:05","modified_gmt":"2025-05-23T15:58:05","slug":"pagode-encontro-de-brechos-e-blues-veja-o-que-fazer-em-ribeirao-preto-no-fim-de-semana","status":"publish","type":"post","link":"https:\/\/noticiasribeiraopreto.com.br\/index.php\/2025\/05\/23\/pagode-encontro-de-brechos-e-blues-veja-o-que-fazer-em-ribeirao-preto-no-fim-de-semana\/","title":{"rendered":"Pagode, encontro de brech\u00f3s e blues: veja o que fazer em Ribeir\u00e3o Preto no fim de semana"},"content":{"rendered":"<p> <br \/>\n<\/p>\n<div>\n<p>O fim de semana em <strong>Ribeir\u00e3o Preto<\/strong> conta com diversas op\u00e7\u00f5es culturais para curtir com toda fam\u00edlia e amigos. Os destaques da agenda cultura \u00e9 o show da turn\u00ea \u201c<strong>Pagode do Peric\u00e3o<\/strong>\u201d, a 20\u00aa edi\u00e7\u00e3o de <strong>Encontro de Brech\u00f3s<\/strong> e a apresenta\u00e7\u00e3o da banda <strong>Mississipi Devils<\/strong>. Confira programa\u00e7\u00e3o completa abaixo.<\/p>\n<h2 class=\"wp-block-heading\"><strong>Pagode do Peric\u00e3o<\/strong><\/h2>\n<p>No <strong>s\u00e1bado (24)<\/strong>, a turn\u00ea \u201c<strong>Pagode do Peric\u00e3o<\/strong>\u201d chega a <strong>Ribeir\u00e3o Preto<\/strong>. O evento, que ser\u00e1 realizado no <strong>Est\u00e1dio do Comercial<\/strong>, \u00e0s <strong>16h<\/strong>, contar\u00e1 com a participa\u00e7\u00e3o especial de <strong>Jeito Moleque<\/strong>. Os ingressos podem ser adquiridos <strong>on-line <a href=\"https:\/\/www.ticket360.com.br\/evento\/30425\/ingressos-para-pagode-do-pericao\/?cp=funtime&amp;gad_source=1&amp;gbraid=0AAAAABx53qSxbiuIUnMaTSPIXaBBkJXst&amp;gclid=Cj0KCQjww-HABhCGARIsALLO6XyRq5J2TQom2Ayaq6yTWkAx_r91Koq6UhIqF9n_AaSZb4oYoaV8l3saAiJXEALw_wcB\">(clique aqui)<\/a>.<\/strong><\/p>\n<p>Com dura\u00e7\u00e3o aproximada de tr\u00eas horas, o artista interpreta cl\u00e1ssicos do samba e do pagode, incluindo releituras de m\u00fasicas de nomes como <strong>Zeca Pagodinho, Beth Carvalho, Jovelina P\u00e9rola Negra, Dona Ivone Lara, Leci Brand\u00e3o, Fundo de Quintal, Martinho da Vila, Jorge Arag\u00e3o, Almir Guineto e Arlindo Cruz.<\/strong><\/p>\n<p><strong>Quando:<\/strong> 24 de maio, s\u00e1bado<br \/><strong>Local:<\/strong> Est\u00e1dio do Comercial<br \/><strong>Hor\u00e1rio:<\/strong> A partir das 16h<br \/><strong>Ingressos:<\/strong> A partir de R$ 109,25<\/p>\n<h2 class=\"wp-block-heading\"><strong>Encontro de brech\u00f3s<\/strong><\/h2>\n<p>No <strong>s\u00e1bado (24), das 9h \u00e0s 17h, acontece a 30\u00aa edi\u00e7\u00e3o do \u201cEncontro de Brech\u00f3s\u201d <\/strong>em um\u00a0<strong>hotel\u00a0<\/strong>na\u00a0<strong>rua Duque de Caxias, 1.313<\/strong>, no Centro, com\u00a0<strong>entrada gratuita<\/strong>. O evento contar\u00e1 com mais de 20 brech\u00f3s e mais de 10 mil pe\u00e7as dispon\u00edveis entre roupas e acess\u00f3rios para garimpar. Al\u00e9m disso, haver\u00e1 tamb\u00e9m expositores de artesanato e op\u00e7\u00f5es gastron\u00f4micas veganas. <\/p>\n<p><strong>Quando:<\/strong> S\u00e1bado, dia 24 de maio<br \/><strong>Hor\u00e1rio:<\/strong> Das 9h \u00e0s 17h<br \/><strong>Onde:<\/strong> Hotel Nacional Inn, na rua Duque de Caxias, 1.313, Centro \u2013 Ribeir\u00e3o Preto<br \/><strong>Entrada gratuita<\/strong><\/p>\n<h2 class=\"wp-block-heading\"><strong>Show Mississipi Devils (Abertura Luiz Marc)<\/strong><\/h2>\n<p>Na <strong>sexta-feira (23)<\/strong>, a banda\u00a0<strong>Mississipi Devils<\/strong>\u00a0chega ao\u00a0<strong>Cineclube Caium<\/strong>, a partir das\u00a0<strong>19h<\/strong>. A apresenta\u00e7\u00e3o integra o projeto\u00a0<strong>Sextas Sonoras \u201cEspecial Jazz &amp; Blues\u201d<\/strong>.\u00a0Al\u00e9m da banda, sobe ao palco o multi-instrumentista\u00a0<strong>Luiz Marc<\/strong>, para um show de abertura no formato \u201c<strong>One Man Band<\/strong>\u201c. Os ingressos devem ser adquiridos na bilheteria, na entrada do evento, por\u00a0<strong>R$ 20<\/strong>. A compra do bilhete d\u00e1 direito \u00e0 um\u00a0<strong>chope<\/strong>.\u00a0<\/p>\n<p><strong>Quando:\u00a0<\/strong>23 de maio, sexta-feira<strong><br \/>Hor\u00e1rio:\u00a0<\/strong>A partir das 19h<br \/><strong>Local:\u00a0<\/strong>Cineclube Cauim (Memorial do Aqu\u00edfero Guarani) | rua Olavo Bilac, 135 \u2013 Vila Seixas<br \/><strong>Ingressos:\u00a0<\/strong>R$ 20<\/p>\n<h2 class=\"wp-block-heading\"><strong>Matheus Cear\u00e1 | Aquelas Piadas<\/strong><\/h2>\n<p>O humorista<strong>\u00a0Matheus Cear\u00e1\u00a0<\/strong>desembarca no\u00a0<strong>Theatro Pedro II<\/strong><strong>, <\/strong>\u00e0s <strong>20h<\/strong>, desta <strong>sexta-feira (23)<\/strong>, para apresentar o seu show \u2018Aquelas Piadas\u2019. Os ingressos ainda est\u00e3o dispon\u00edveis e podem ser adquiridos de\u00a0<strong>forma on-line (<\/strong><a href=\"https:\/\/ingressodigital.com\/evento\/15156\/Matheus_Cear__Aquelas_Piadas\" target=\"_blank\" rel=\"noreferrer noopener\"><strong>clique aqui<\/strong><\/a><strong>)<\/strong>.\u00a0O show traz o humorista como contador de\u00a0<strong>suas piadas mais pedidas nos 20 anos de carreira<\/strong>.<\/p>\n<p><strong>Quando:\u00a0<\/strong>23 de maio, sexta-feira<br \/><strong>Local:<\/strong>\u00a0Theatro Pedro II | rua \u00c1lvares Cabral, 370 \u2013 Centro<br \/><strong>Hor\u00e1rio: <\/strong>20h<br \/><strong>Ingressos: <\/strong>A partir de R$ 35<\/p>\n<h2 class=\"wp-block-heading\"><strong>Patrulha Show \u2013 Aventuras Caninas<\/strong><\/h2>\n<p>No\u00a0<strong>domingo (25)<\/strong>, o\u00a0<strong>Teatro Municipal de Ribeir\u00e3o Preto<\/strong>\u00a0recebe o espet\u00e1culo \u201c<strong>Patrulha Show \u2013 Aventuras Caninas<\/strong>\u201d. Na hist\u00f3ria, o\u00a0<strong>Capit\u00e3o Rodovalho<\/strong>\u00a0encontra um tesouro pirata dentro de uma caverna e pede ajuda da\u00a0<strong>Patrulha Canina<\/strong>. O que ele n\u00e3o contava \u00e9 que o\u00a0<strong>Pirata Barba Mansa<\/strong>\u00a0estava em busca desse mesmo tesouro. Os ingressos ainda podem ser adquiridos presencialmente na loja\u00a0<strong>Baby Center<\/strong>\u00a0ou on-line atrav\u00e9s do site\u00a0<strong>Mega Bilheteria\u00a0<a href=\"https:\/\/megabilheteria.com\/evento?id=20250325144617\">(clique aqui)<\/a><\/strong>.<\/p>\n<p><strong>Quando:\u00a0<\/strong>25 de maio, domingo<strong><br \/>Hor\u00e1rio:<\/strong>\u00a015h<strong><br \/>Local:<\/strong>\u00a0Teatro Municipal de Ribeir\u00e3o Preto<strong><br \/>Ingressos:<\/strong>\u00a0A partir de R$ 40<\/p>\n<h2 class=\"wp-block-heading\"><strong>O Teatro M\u00e1gico<\/strong><\/h2>\n<p>Ap\u00f3s um per\u00edodo de pausa, a banda\u00a0<strong>O Teatro M\u00e1gico<\/strong>\u00a0retorna ao palco de\u00a0<strong>Ribeir\u00e3o Preto<\/strong>\u00a0com o show \u201c<strong>O Reencontro<\/strong>\u201d, neste <strong>s\u00e1bado (24)<\/strong>, \u00e0s <strong>20h<\/strong>. O repert\u00f3rio da apresenta\u00e7\u00e3o traz os maiores sucessos e novas composi\u00e7\u00f5es da banda. Os ingressos devem ser adquiridos <strong>on-line<\/strong>, atrav\u00e9s do site\u00a0<strong>Ingresso M\u00e1gico<\/strong>\u00a0<a href=\"https:\/\/www.theatropedro2.com.br\/espetaculo.php?id=1594&amp;o-teatro-magico-o-reencontro\"><strong>(clique aqui)<\/strong><\/a>.<\/p>\n<p><strong>Quando:\u00a024 de maio,<\/strong> s\u00e1bado<strong><br \/>Hor\u00e1rio:<\/strong> 20h <strong><br \/>Local:\u00a0<\/strong>Theatro Pedro II | rua \u00c1lvares Cabral, 370 \u2013 Centro <strong><br \/>Ingressos: <\/strong>A partir de R$ 70<\/p>\n<h2 class=\"wp-block-heading\"><strong>ZUMTHREE<\/strong><strong\/><\/h2>\n<p>Na pr\u00f3xima\u00a0<strong>sexta-feira (23)<\/strong>, o\u00a0<strong>Teatro Santarosa<\/strong>, em\u00a0<strong>Ribeir\u00e3o Preto<\/strong>, recebe o grupo\u00a0<strong>ZUMTHREE<\/strong>, formado por\u00a0<strong>Dimi Zumqu\u00ea<\/strong>\u00a0e suas filhas,\u00a0<strong>Julia Lil\u00e1s<\/strong>\u00a0e\u00a0<strong>Lu\u00edsa Farias<\/strong>, a partir das\u00a0<strong>20h<\/strong>.\u00a0O repert\u00f3rio mescla sucessos internacionais, cl\u00e1ssicos da m\u00fasica brasileira, faixas autorais e in\u00e9ditas.\u00a0Os ingressos podem ser adquiridos\u00a0<strong>on-line<\/strong>\u00a0atrav\u00e9s da plataforma\u00a0<strong>Sympla\u00a0<a href=\"https:\/\/bileto.sympla.com.br\/event\/104749\/d\/311375\/s\/2121876?share_id=1-copiarlink\">(clique aqui)<\/a><\/strong>, ou na\u00a0<strong>bilheteria f\u00edsica<\/strong><\/p>\n<p><strong>Quando:\u00a0<\/strong>23 de maio, sexta-feira<strong><br \/>Hor\u00e1rio:\u00a0<\/strong>20h<strong><br \/>Local:\u00a0<\/strong>Teatro Santarosa | pra\u00e7a Rotary Club, 325 \u2013 City Ribeir\u00e3o<strong><br \/>Ingressos:\u00a0<\/strong>A partir de R$ 40<\/p>\n<h2 class=\"wp-block-heading\"><strong>Quimbar\u00e1<\/strong><\/h2>\n<p><strong>Acompanhada da multiartista <\/strong><strong>Mayana Neiva<\/strong>, a\u00a0<strong>banda Quimbar\u00e1<\/strong>\u00a0homenagear\u00e1 a cultura musical latino-americana em um show envolvente no\u00a0<strong>s\u00e1bado (24)<\/strong>, \u00e0s 20h, no Teatro do Sesi Ribeir\u00e3o Preto \u2013<a href=\"https:\/\/www.sesisp.org.br\/evento\/82fdd27e-3e20-413f-95a8-d6b14344679e\/quimbara-toca-musica-cubana-e-salsa\" target=\"_blank\" rel=\"noreferrer noopener\">\u00a0clique aqui e reserve o ingresso<\/a>.<\/p>\n<p><strong>Quando:\u00a0<\/strong> 24 de maio, s\u00e1bado <strong><br \/>Hor\u00e1rio:<\/strong> 20h<strong><br \/>Local:\u00a0<\/strong>Sesi Ribeir\u00e3o Preto | rua Jo\u00e3o Ignachiti, 20-364 \u2013 Jardim Castelo Branco\u00a0<strong><br \/>Ingressos:\u00a0<\/strong>Reservar no site\u00a0 \u2013<a href=\"https:\/\/www.sesisp.org.br\/evento\/82fdd27e-3e20-413f-95a8-d6b14344679e\/quimbara-toca-musica-cubana-e-salsa\" target=\"_blank\" rel=\"noreferrer noopener\">\u00a0clique aqui e reserve o ingresso<\/a><\/p>\n<h2 class=\"wp-block-heading\"><strong>Pearl Jam Symphonic<\/strong><\/h2>\n<p>A banda <strong>Black Circle<\/strong> apresenta os cl\u00e1ssicos do <strong>Pearl Jam<\/strong> no palco do <strong>Theatro Pedro II<\/strong>, neste <strong>domingo (25)<\/strong>. O show \u00e9 acompanhado de uma orquestra ao vivo, regido por <strong>Dhouglas Umabel<\/strong>. Os ingressos podem ser adquiridos <strong>on-line <\/strong><a href=\"https:\/\/www.blueticket.com.br\/evento\/37522\"><strong>(clique aqui)<\/strong><\/a>, a partir de <strong>R$ 100<\/strong>.<\/p>\n<p><strong>Quando: <\/strong>25 de maio, domingo<strong><br \/>Hor\u00e1rio:<\/strong>\u00a019h<strong><br \/>Local:\u00a0<\/strong>Theatro Pedro II | rua \u00c1lvares Cabral, 370 \u2013 Centro \u00a0<strong><br \/>Ingressos: <\/strong>A partir de R$ 100<\/p>\n<h2 class=\"wp-block-heading\"><strong>Quem Nunca Viu O Mar<\/strong><\/h2>\n<p>No <strong>domingo (25)<\/strong>, \u00e0s <strong>17h<\/strong>, o <strong>Sesi<\/strong> recebe a pe\u00e7a infantil adapta\u00e7\u00e3o o livro \u201c<strong>O Beijo da Palavrinha<\/strong>\u201c, de Mia Couto, tecendo uma dramaturgia autoral sobre temas como desejo e perda, <a href=\"https:\/\/www.sesisp.org.br\/evento\/6c7fe9a5-7c10-4d6c-b9ee-2452db254b50\/quem-nunca-viu-o-mar\" target=\"_blank\" rel=\"noreferrer noopener\">clique aqui e reserve o ingresso<\/a>. A hist\u00f3ria retrata uma menina muito doente e pobre que sonhava ver o mar, mas por conta de suas limita\u00e7\u00f5es, a ida at\u00e9 a costa ficava invi\u00e1vel. Seu irm\u00e3o resolve, ent\u00e3o, descrever o mar a ela.<\/p>\n<p><strong>Quando: <\/strong>25 de maio, domingo<strong><br \/>Hor\u00e1rio:<\/strong>\u00a0A partir das 17h <strong><br \/>Local:\u00a0<\/strong>Sesi Ribeir\u00e3o Preto | rua Jo\u00e3o Ignachiti, 20-364 \u2013 Jardim Castelo Branco\u00a0<strong><br \/>Ingressos: <\/strong><a href=\"https:\/\/www.sesisp.org.br\/evento\/6c7fe9a5-7c10-4d6c-b9ee-2452db254b50\/quem-nunca-viu-o-mar\" target=\"_blank\" rel=\"noreferrer noopener\">clique aqui e reserve o ingresso<\/a><strong\/><\/p>\n<h2 class=\"wp-block-heading\"><strong>Quermesse da Catedral<\/strong><\/h2>\n<p>A tradicional\u00a0<strong>quermesse\u00a0<\/strong>da\u00a0<strong>Catedral Metropolitana de Ribeir\u00e3o Preto<\/strong>\u00a0acontece nos dias\u00a0<strong>24 e 25 de maio, das 17h \u00e0s 23h, com entrada gratuita. O evento contar\u00e1 com <\/strong>um amplo\u00a0<strong>card\u00e1pio gastron\u00f4mico<\/strong>,\u00a0<strong>barracas de jogos<\/strong>,\u00a0<strong>brinquedos infantis\u00a0<\/strong>e\u00a0<strong>rodadas di\u00e1rias de bingo<\/strong>. Al\u00e9m disso, haver\u00e1 <strong>dez rodadas por dia<\/strong>\u00a0do tradicional\u00a0<strong>bingo beneficente<\/strong>, com pr\u00eamios doados por lojistas, empresas de diversos segmentos e ind\u00fastrias da cidade. <strong><mark style=\"background-color:#fcb900\" class=\"has-inline-color has-black-color\">As cartelas do bingo para o p\u00fablico custar\u00e3o R$ 5 cada. <\/mark><\/strong><\/p>\n<p><strong>Quando: <\/strong>24 e 25 de maio, s\u00e1bado e domingo<strong><br \/>Hor\u00e1rio:<\/strong>\u00a0Das 17h \u00e0s 23h <strong><br \/>Local:\u00a0<\/strong>Pra\u00e7a da Catedral Metropolitana de S\u00e3o Sebasti\u00e3o | pra\u00e7a das Bandeiras, s\/n\u00ba \u2013 Centro <strong><br \/>Entrada gratuita <\/strong><strong\/><\/p>\n<h2 class=\"wp-block-heading\"><strong>Moana<\/strong><\/h2>\n<p>A hist\u00f3ria da <strong>Disney<\/strong> ganha vida no <strong>Teatro Municipal de Ribeir\u00e3o Preto<\/strong>, neste <strong>s\u00e1bado (24)<\/strong>, \u00e0s <strong>16h<\/strong>. A pe\u00e7a conta a hist\u00f3ria do reencontro de Moana e Mau\u00ed para uma nova jornada com um grupo improv\u00e1vel de marujos atrapalhados. Os ingressos podem ser adquiridos <strong>on-line <a href=\"https:\/\/www.bilheteriaexpress.com.br\/ingressos-para-moana-2-a-aventura-continua-no-teatro-municipal-de-ribeirao-preto-teatro-municipal-de-ribeirao-preto-teatro-infantil-625552529252074.html\">(clique aqui)<\/a><\/strong>, a partir de <strong>R$ 35<\/strong>.<\/p>\n<p><strong>Quando: <\/strong>24 de maio, s\u00e1bado<strong><br \/>Hor\u00e1rio:<\/strong>\u00a0\u00c0s 16h\u00a0 <strong><br \/>Local:\u00a0<\/strong>Teatro Municipal de Ribeir\u00e3o Preto <strong><br \/>Ingressos: <\/strong>A partir de R$ 35<\/p>\n<h2 class=\"wp-block-heading\"><strong>Exposi\u00e7\u00e3o \u201cAtrav\u00e9s do meu olhar\u201d<\/strong><\/h2>\n<p><strong>A exposi\u00e7\u00e3o <\/strong>do ilustrador e artista visual <strong>Isisson de Oliveira<\/strong>, explora a integra\u00e7\u00e3o entre a natureza e a arquitetura. Os interessados podem conferir as obras no <strong>Espa\u00e7o Cultural do IEA-RP<\/strong>, no campus da\u00a0<strong>USP (Universidade de S\u00e3o Paulo)<\/strong>, em\u00a0<strong>Ribeir\u00e3o Preto<\/strong>. De segunda a sexta-feira, das <strong>8h30<\/strong> \u00e0s <strong>16h30<\/strong>. A exposi\u00e7\u00e3o deve ficar no local at\u00e9 o dia 6 de junho.<strong\/><\/p>\n<p><strong>Quando: <\/strong>9 de maio a 6 de junho<strong><br \/>Hor\u00e1rio:<\/strong>\u00a0Das\u00a0 8h30 \u00e0s 16h30<strong><br \/>Local:\u00a0<\/strong>Espa\u00e7o Cultural do IEA-RP | rua Pedreira de Freitas, casa 20, campus USP RP \u00a0\u00a0<strong><br \/>Entrada gratuita<\/strong><\/p>\n<h2 class=\"wp-block-heading\"><strong>Quermesse de Santa Rita<\/strong><\/h2>\n<p><strong>Nos dias 23, 24 e 25 de maio \u00e9 realizada a quermesse de Santa Rita, na Par\u00f3quia Santa Rita de C\u00e1ssia, localizada na rua <\/strong>Primo Furquim, 18, no Jardim Independ\u00eancia. A festa contar\u00e1 com barracas de bebidas, comidas, pescaria e bazar. <\/p>\n<p><strong>Quando: <\/strong>23, 24 e 25 de maio<strong><br \/>Hor\u00e1rio:<\/strong>\u00a0A partir das 19h<strong><br \/>Local:\u00a0<\/strong>Rua Primo Furquim, 18, Jardim Independ\u00eancia<strong><br \/>Entrada gratuita<\/strong><\/p>\n<h2 class=\"wp-block-heading\"><strong>Espet\u00e1culo Abracadabra<\/strong><\/h2>\n<p>O espet\u00e1culo \u201c<strong>Abracadabra \u2013 O Circo Musical<\/strong>\u201d segue por mais um fim de semana em\u00a0<strong>Ribeir\u00e3o Preto. <\/strong>Criado por\u00a0<strong>Frederico Reder<\/strong>, esta temporada conta com nomes como\u00a0<strong>Ded\u00e9 Santana, Diego Hypolito\u00a0<\/strong>e\u00a0<strong>Tio Paulo<\/strong>. O espet\u00e1culo conta com m\u00fasica ao vivo, anim\u00e1gicos, brinquedos e pra\u00e7a de alimenta\u00e7\u00e3o. <strong>Os ingressos est\u00e3o dispon\u00edveis\u00a0on-line<\/strong>\u00a0(<a href=\"https:\/\/uhuu.com\/comprar-ingressos\/sp\/ribeirao-preto\/reder-circus-dede-santana-e-tio-paulo-em-abracadabra-14603?queueittoken=e_principal~q_4dadbacf-b587-41ba-8425-5e6457569a5b~ts_1746659386~ce_true~rt_safetynet~h_375d37f8c12fec4c1d48460921d38408354aafd330b45a64caff5dd3895c3277#\/fluxo-de-selecao\">clique aqui<\/a>), com sess\u00f5es de quinta a domingo, com hor\u00e1rios a partir das 15h.<\/p>\n<p><strong>Quando:\u00a0<\/strong>A partir de 16 de maio \u00a0<br \/><strong>Local:<\/strong>\u00a0Reeder Circus | via Dr. Jeremias de Paula Martins \u2013 Jardim Zinato<br \/><strong>Hor\u00e1rio: <\/strong>Sess\u00f5es a partir das 15h (dependendo do dia)<br \/><strong>Ingressos: <\/strong>A partir de R$ 44<\/p>\n<h2 class=\"wp-block-heading\"><strong>Final Liga Caipira de Freestyle<\/strong><\/h2>\n<p>Neste <strong>domingo (25)<\/strong>, acontece a final da <strong>Liga Caipira de Freestyle<\/strong>, no <strong>Parque Maurilio Biagi<\/strong>, a partir das <strong>14h<\/strong>, com <strong>entrada gratuita<\/strong>. O evento re\u00fane os 16 melhores MCs do interior paulista, que se enfrentar\u00e3o em uma disputa de rimas e improvisos. O evento tamb\u00e9m conta com pocket shows de MCs locais, apresenta\u00e7\u00f5es de DJs e breakdance.<\/p>\n<p>O campe\u00e3o leva a premia\u00e7\u00e3o de <strong>R$ 500<\/strong>, garante uma vaga nas quatro maiores batalhas de rima de S\u00e3o Paulo (Batalha da Aldeia, Norte, Ana Rosa e Leste) e no festival Hip Hop Salva, al\u00e9m de uma produ\u00e7\u00e3o musical, kit de roupas e kit de tabacaria. O evento tamb\u00e9m estar\u00e1 arrecadando doa\u00e7\u00f5es de alimentos n\u00e3o perec\u00edveis.<\/p>\n<p><strong>Quando: <\/strong>25 de maio, domingo<strong><br \/>Hor\u00e1rio:<\/strong>\u00a0Das 14h \u00e0s 20h <strong><br \/>Local:\u00a0<\/strong>Parque Maur\u00edlio Biagi | rua Felipe Camar\u00e3o, 292 \u2013 Vila Tib\u00e9rio \u00a0\u00a0<strong><br \/>Entrada gratuita<\/strong><\/p>\n<h2 class=\"wp-block-heading\"><strong>Juvenal e o Drag\u00e3o<\/strong><\/h2>\n<p>Inspirado no cl\u00e1ssico da literatura de Cordel, o espet\u00e1culo conta a hist\u00f3ria de um jovem valente que sai pelo mundo em busca de aventuras, at\u00e9 que conhece uma princesa que est\u00e1 prestes a ser devorada por um drag\u00e3o. A apresenta\u00e7\u00e3o acontece na \u00e1rea de coniv\u00eancia do <strong>Sesc Ribeir\u00e3o Preto<\/strong>, nesta <strong>sexta-feira (23) e s\u00e1bado (24)<\/strong>, a partir das <strong>16h<\/strong>.<\/p>\n<p><strong>Quando: <\/strong>23 e 24 de maio <strong><br \/>Hor\u00e1rio:<\/strong>\u00a016h<strong><br \/>Local:\u00a0<\/strong>Ses Ribeir\u00e3o Preto | rua Tibiri\u00e7\u00e1, 50 \u2013 Centro \u00a0\u00a0\u00a0<strong><br \/>Entrada gratuita<\/strong><\/p>\n<h2 class=\"wp-block-heading\"><strong>Gongada Drag<\/strong><\/h2>\n<p>O espet\u00e1culo <strong>\u201cGongada Drag\u201d <\/strong>chega neste<strong> domingo (25)<\/strong>, \u00e0s <strong>20h<\/strong>, no <strong>Teatro Municipal. <\/strong>A montagem mistura o estilo \u201croast\u201d de com\u00e9dia, um pouco de stand-up e energia criativa. A apresenta\u00e7\u00e3o re\u00fane comediantes e drag queens de programas como <strong>Drag Race Brasil <\/strong>e<strong> Caravana das Drags<\/strong>. Os ingressos podem ser adquiridos <strong>on-line <a href=\"https:\/\/megabilheteria.com\/evento?id=20250326142024\">(clique aqui)<\/a>.<\/strong><\/p>\n<p><strong>Quando: <\/strong>25 de maio, domingo <strong><br \/>Hor\u00e1rio:<\/strong>\u00a020h<strong><br \/>Local:\u00a0<\/strong>Teatro Municipal de Ribeir\u00e3o Preto \u00a0\u00a0\u00a0\u00a0\u00a0<strong><br \/>Ingressos: <\/strong>A partir de R$ 50<\/p>\n<p>SAIBA MAIS<br \/>Quermesse celebra dia de Santa Rita em Ribeir\u00e3o Preto; Veja a programa\u00e7\u00e3o<\/p>\n<h4 class=\"wp-block-heading\"><strong>FIQUE ON<\/strong><\/h4>\n<p>Fique ligado em tudo que acontece em Ribeir\u00e3o Preto e regi\u00e3o. Siga os perfis do <strong>acidade on <\/strong>no <a href=\"https:\/\/www.instagram.com\/acidadeonribeirao\" target=\"_blank\" rel=\"noreferrer noopener\">Instagram<\/a> e no <a href=\"https:\/\/www.facebook.com\/acidadeonribeirao\" target=\"_blank\" rel=\"noreferrer noopener\">Facebook<\/a>.<\/p>\n<p>Receba not\u00edcias do <strong>acidade on <\/strong>no WhatsApp. Para entrar no grupo, basta <a href=\"https:\/\/chat.whatsapp.com\/BjKQZ9oJwlz8VVT50NuePq\" target=\"_blank\" rel=\"noreferrer noopener\">clicar aqui<\/a>.<\/p>\n<p>Fa\u00e7a uma den\u00fancia ou sugira uma reportagem sobre Ribeir\u00e3o Preto e regi\u00e3o pelo WhatsApp: 16 99117 7802.<\/p>\n<p>VEJA TAMB\u00c9M<br \/>O que aconteceu com a sex\u00f3loga Laura Muller?<\/p>\n<p><!-- CONTENT END 1 -->\n<\/div>\n<p><script async src=\"\/\/www.instagram.com\/embed.js\"><\/script><br \/>\n<br \/><br \/>\n<br \/><a href=\"https:\/\/www.acidadeon.com\/ribeiraopreto\/lazer-e-cultura\/pagode-encontro-de-brechos-e-blues-veja-o-que-fazer-em-ribeirao-preto-no-fim-de-semana\/\">Source link <\/a><\/p>\n","protected":false},"excerpt":{"rendered":"<p>O fim de semana em Ribeir\u00e3o Preto conta com diversas op\u00e7\u00f5es culturais para curtir com toda fam\u00edlia e amigos. Os destaques da agenda cultura \u00e9&#8230;<\/p>\n","protected":false},"author":1,"featured_media":70181,"comment_status":"open","ping_status":"open","sticky":false,"template":"","format":"standard","meta":{"advanced_seo_description":"","jetpack_seo_html_title":"","jetpack_seo_noindex":false,"jetpack_post_was_ever_published":false,"_jetpack_newsletter_access":"","_jetpack_dont_email_post_to_subs":false,"_jetpack_newsletter_tier_id":0,"_jetpack_memberships_contains_paywalled_content":false,"_jetpack_memberships_contains_paid_content":false,"footnotes":"","jetpack_publicize_message":"","jetpack_publicize_feature_enabled":true,"jetpack_social_post_already_shared":true,"jetpack_social_options":{"image_generator_settings":{"template":"highway","default_image_id":0,"font":"","enabled":false},"version":2}},"categories":[11],"tags":[],"class_list":["post-70180","post","type-post","status-publish","format-standard","has-post-thumbnail","hentry","category-noticias-de-ribeirao-preto-sp-e-regiao-ismael-colosi"],"jetpack_publicize_connections":[],"jetpack_featured_media_url":"https:\/\/i0.wp.com\/noticiasribeiraopreto.com.br\/wp-content\/uploads\/2025\/05\/agenda-cultural_2025-05-23_13-27-41.webp.webp?fit=1200%2C675&ssl=1","jetpack-related-posts":[{"id":52993,"url":"https:\/\/noticiasribeiraopreto.com.br\/index.php\/2024\/06\/14\/sesc-ribeirao-preto-realiza-encontro-de-brechos-neste-fim-de-semana\/","url_meta":{"origin":70180,"position":0},"title":"Sesc Ribeir\u00e3o Preto realiza \u2018Encontro de Brech\u00f3s\u2019 neste fim de semana","author":"noticiasribeiraopreto.com.br","date":"14 de June de 2024","format":false,"excerpt":"O Sesc Ribeir\u00e3o Preto realiza, neste s\u00e1bado (15), a primeira edi\u00e7\u00e3o do \u201cEncontro de Brech\u00f3s\u201d. A iniciativa, que tem como objetivo a conscientiza\u00e7\u00e3o sobre o consumo consciente, ser\u00e1 das 12h \u00e0s 18h. Ao todo, ser\u00e3o 20 expositores, de diversos segmentos, que estar\u00e3o na conviv\u00eancia do local. O evento tem entrada\u2026","rel":"","context":"In &quot;Not\u00edcias de Ribeir\u00e3o Preto-SP e Regi\u00e3o&quot;","block_context":{"text":"Not\u00edcias de Ribeir\u00e3o Preto-SP e Regi\u00e3o","link":"https:\/\/noticiasribeiraopreto.com.br\/index.php\/category\/noticias-de-ribeirao-preto-sp-e-regiao-ismael-colosi\/"},"img":{"alt_text":"","src":"https:\/\/i0.wp.com\/noticiasribeiraopreto.com.br\/wp-content\/uploads\/2024\/06\/brechos-664x332-1_2024-06-14_20-32-34_png_2024-06-14_20-32-34.webp.webp?fit=664%2C332&ssl=1&resize=350%2C200","width":350,"height":200,"srcset":"https:\/\/i0.wp.com\/noticiasribeiraopreto.com.br\/wp-content\/uploads\/2024\/06\/brechos-664x332-1_2024-06-14_20-32-34_png_2024-06-14_20-32-34.webp.webp?fit=664%2C332&ssl=1&resize=350%2C200 1x, https:\/\/i0.wp.com\/noticiasribeiraopreto.com.br\/wp-content\/uploads\/2024\/06\/brechos-664x332-1_2024-06-14_20-32-34_png_2024-06-14_20-32-34.webp.webp?fit=664%2C332&ssl=1&resize=525%2C300 1.5x"},"classes":[]},{"id":51286,"url":"https:\/\/noticiasribeiraopreto.com.br\/index.php\/2024\/05\/24\/pericles-turma-do-pagode-e-tiee-fazem-shows-no-fim-de-semana-em-ribeirao-saiba-mais\/","url_meta":{"origin":70180,"position":1},"title":"P\u00e9ricles, Turma do Pagode e Tiee fazem shows no fim de semana em Ribeir\u00e3o; Saiba mais","author":"noticiasribeiraopreto.com.br","date":"24 de May de 2024","format":false,"excerpt":"Os shows com os cantores P\u00e9ricles, Turma do Pagode e Tiee acontecem neste domingo (26), no Alcans Hall (antigo Quinta Linda). As apresenta\u00e7\u00f5es musicais acontecem a partir das 13h, durante a 4\u00aa edi\u00e7\u00e3o da \u201cFeijoada do Bamba\u201d. Os\u00a0ingressos\u00a0est\u00e3o \u00e0 venda pelo\u00a0site ou nos pontos f\u00edsicos (veja abaixo). Os valores variam\u2026","rel":"","context":"In &quot;Not\u00edcias de Ribeir\u00e3o Preto-SP e Regi\u00e3o&quot;","block_context":{"text":"Not\u00edcias de Ribeir\u00e3o Preto-SP e Regi\u00e3o","link":"https:\/\/noticiasribeiraopreto.com.br\/index.php\/category\/noticias-de-ribeirao-preto-sp-e-regiao-ismael-colosi\/"},"img":{"alt_text":"","src":"https:\/\/i0.wp.com\/noticiasribeiraopreto.com.br\/wp-content\/uploads\/2024\/05\/Copia-de-Copia-de-TAMANHO-EXATO-PARA-FOTOS-NO-SISTEMA-NOVO-42_2024-05-24_21-13-18_jpg_2024-05-24_21-13-18.webp.webp?fit=1200%2C675&ssl=1&resize=350%2C200","width":350,"height":200,"srcset":"https:\/\/i0.wp.com\/noticiasribeiraopreto.com.br\/wp-content\/uploads\/2024\/05\/Copia-de-Copia-de-TAMANHO-EXATO-PARA-FOTOS-NO-SISTEMA-NOVO-42_2024-05-24_21-13-18_jpg_2024-05-24_21-13-18.webp.webp?fit=1200%2C675&ssl=1&resize=350%2C200 1x, https:\/\/i0.wp.com\/noticiasribeiraopreto.com.br\/wp-content\/uploads\/2024\/05\/Copia-de-Copia-de-TAMANHO-EXATO-PARA-FOTOS-NO-SISTEMA-NOVO-42_2024-05-24_21-13-18_jpg_2024-05-24_21-13-18.webp.webp?fit=1200%2C675&ssl=1&resize=525%2C300 1.5x, https:\/\/i0.wp.com\/noticiasribeiraopreto.com.br\/wp-content\/uploads\/2024\/05\/Copia-de-Copia-de-TAMANHO-EXATO-PARA-FOTOS-NO-SISTEMA-NOVO-42_2024-05-24_21-13-18_jpg_2024-05-24_21-13-18.webp.webp?fit=1200%2C675&ssl=1&resize=700%2C400 2x, https:\/\/i0.wp.com\/noticiasribeiraopreto.com.br\/wp-content\/uploads\/2024\/05\/Copia-de-Copia-de-TAMANHO-EXATO-PARA-FOTOS-NO-SISTEMA-NOVO-42_2024-05-24_21-13-18_jpg_2024-05-24_21-13-18.webp.webp?fit=1200%2C675&ssl=1&resize=1050%2C600 3x"},"classes":[]},{"id":74685,"url":"https:\/\/noticiasribeiraopreto.com.br\/index.php\/2025\/07\/27\/festival-repique-traz-samba-e-pagode-para-ribeirao-preto\/","url_meta":{"origin":70180,"position":2},"title":"Festival Repique traz samba e pagode para Ribeir\u00e3o Preto","author":"noticiasribeiraopreto.com.br","date":"27 de July de 2025","format":false,"excerpt":"27 de julho de 2025 12:4627 de julho de 2025 09:4812 Compartilhar0 O Festival Repique promete trazer a Ribeir\u00e3o Preto o melhor do samba e pagode, com grandes artistas e estrutura completa. A festa acontece no dia 11 de outubro, a partir das 14h, no Est\u00e1dio Palma Travassos. Antes de\u2026","rel":"","context":"In &quot;Not\u00edcias de Ribeir\u00e3o Preto-SP e Regi\u00e3o&quot;","block_context":{"text":"Not\u00edcias de Ribeir\u00e3o Preto-SP e Regi\u00e3o","link":"https:\/\/noticiasribeiraopreto.com.br\/index.php\/category\/noticias-de-ribeirao-preto-sp-e-regiao-ismael-colosi\/"},"img":{"alt_text":"","src":"https:\/\/i0.wp.com\/noticiasribeiraopreto.com.br\/wp-content\/uploads\/2025\/07\/festival-repique_site.jpg?fit=1000%2C750&ssl=1&resize=350%2C200","width":350,"height":200,"srcset":"https:\/\/i0.wp.com\/noticiasribeiraopreto.com.br\/wp-content\/uploads\/2025\/07\/festival-repique_site.jpg?fit=1000%2C750&ssl=1&resize=350%2C200 1x, https:\/\/i0.wp.com\/noticiasribeiraopreto.com.br\/wp-content\/uploads\/2025\/07\/festival-repique_site.jpg?fit=1000%2C750&ssl=1&resize=525%2C300 1.5x, https:\/\/i0.wp.com\/noticiasribeiraopreto.com.br\/wp-content\/uploads\/2025\/07\/festival-repique_site.jpg?fit=1000%2C750&ssl=1&resize=700%2C400 2x"},"classes":[]},{"id":68847,"url":"https:\/\/noticiasribeiraopreto.com.br\/index.php\/2025\/04\/29\/pericles-apresenta-show-da-turne-pagode-do-pericao-em-ribeirao-preto\/","url_meta":{"origin":70180,"position":3},"title":"P\u00e9ricles apresenta show da turn\u00ea \u2018Pagode do Peric\u00e3o\u2019 em Ribeir\u00e3o Preto","author":"noticiasribeiraopreto.com.br","date":"29 de April de 2025","format":false,"excerpt":"O cantor P\u00e9ricles traz para Ribeir\u00e3o Preto o show de sua turn\u00ea \u201cPagode do Peric\u00e3o\u201d, no dia 24 de maio, no est\u00e1dio Palma Travassos. Os ingressos j\u00e1 est\u00e3o dispon\u00edveis para compra, e podem ser adquiridos on-line \u2013 veja como abaixo. Ap\u00f3s os sucessos das primeiras edi\u00e7\u00f5es, em 2019 e 2022,\u2026","rel":"","context":"In &quot;Not\u00edcias de Ribeir\u00e3o Preto-SP e Regi\u00e3o&quot;","block_context":{"text":"Not\u00edcias de Ribeir\u00e3o Preto-SP e Regi\u00e3o","link":"https:\/\/noticiasribeiraopreto.com.br\/index.php\/category\/noticias-de-ribeirao-preto-sp-e-regiao-ismael-colosi\/"},"img":{"alt_text":"","src":"https:\/\/i0.wp.com\/noticiasribeiraopreto.com.br\/wp-content\/uploads\/2025\/04\/Copia-de-Copia-de-Copia-de-TAMANHO-EXATO-PARA-FOTOS-NO-SISTEMA-NOVO-57_2025-04-28_13-09-22.webp.webp?fit=1200%2C675&ssl=1&resize=350%2C200","width":350,"height":200,"srcset":"https:\/\/i0.wp.com\/noticiasribeiraopreto.com.br\/wp-content\/uploads\/2025\/04\/Copia-de-Copia-de-Copia-de-TAMANHO-EXATO-PARA-FOTOS-NO-SISTEMA-NOVO-57_2025-04-28_13-09-22.webp.webp?fit=1200%2C675&ssl=1&resize=350%2C200 1x, https:\/\/i0.wp.com\/noticiasribeiraopreto.com.br\/wp-content\/uploads\/2025\/04\/Copia-de-Copia-de-Copia-de-TAMANHO-EXATO-PARA-FOTOS-NO-SISTEMA-NOVO-57_2025-04-28_13-09-22.webp.webp?fit=1200%2C675&ssl=1&resize=525%2C300 1.5x, https:\/\/i0.wp.com\/noticiasribeiraopreto.com.br\/wp-content\/uploads\/2025\/04\/Copia-de-Copia-de-Copia-de-TAMANHO-EXATO-PARA-FOTOS-NO-SISTEMA-NOVO-57_2025-04-28_13-09-22.webp.webp?fit=1200%2C675&ssl=1&resize=700%2C400 2x, https:\/\/i0.wp.com\/noticiasribeiraopreto.com.br\/wp-content\/uploads\/2025\/04\/Copia-de-Copia-de-Copia-de-TAMANHO-EXATO-PARA-FOTOS-NO-SISTEMA-NOVO-57_2025-04-28_13-09-22.webp.webp?fit=1200%2C675&ssl=1&resize=1050%2C600 3x"},"classes":[]},{"id":69379,"url":"https:\/\/noticiasribeiraopreto.com.br\/index.php\/2025\/05\/05\/pagode-do-pericao-anuncia-atracao-especial-para-show-em-ribeirao-preto\/","url_meta":{"origin":70180,"position":4},"title":"Pagode do Peric\u00e3o anuncia atra\u00e7\u00e3o especial para show em Ribeir\u00e3o Preto","author":"noticiasribeiraopreto.com.br","date":"5 de May de 2025","format":false,"excerpt":"No dia 24 de maio, a turn\u00ea \u201cPagode do Peric\u00e3o\u201d chega a Ribeir\u00e3o Preto. O evento, que ser\u00e1 realizado no Est\u00e1dio do Comercial, \u00e0s 16h, contar\u00e1 com a participa\u00e7\u00e3o especial do grupo Jeito Moleque. Com dura\u00e7\u00e3o aproximada de tr\u00eas horas, o artista interpreta cl\u00e1ssicos do samba e do pagode, incluindo\u2026","rel":"","context":"In &quot;Not\u00edcias de Ribeir\u00e3o Preto-SP e Regi\u00e3o&quot;","block_context":{"text":"Not\u00edcias de Ribeir\u00e3o Preto-SP e Regi\u00e3o","link":"https:\/\/noticiasribeiraopreto.com.br\/index.php\/category\/noticias-de-ribeirao-preto-sp-e-regiao-ismael-colosi\/"},"img":{"alt_text":"","src":"https:\/\/i0.wp.com\/noticiasribeiraopreto.com.br\/wp-content\/uploads\/2025\/05\/Copia-de-Copia-de-Copia-de-TAMANHO-EXATO-PARA-FOTOS-NO-SISTEMA-NOVO-39_2025-05-05_17-44-48.webp.webp?fit=1200%2C675&ssl=1&resize=350%2C200","width":350,"height":200,"srcset":"https:\/\/i0.wp.com\/noticiasribeiraopreto.com.br\/wp-content\/uploads\/2025\/05\/Copia-de-Copia-de-Copia-de-TAMANHO-EXATO-PARA-FOTOS-NO-SISTEMA-NOVO-39_2025-05-05_17-44-48.webp.webp?fit=1200%2C675&ssl=1&resize=350%2C200 1x, https:\/\/i0.wp.com\/noticiasribeiraopreto.com.br\/wp-content\/uploads\/2025\/05\/Copia-de-Copia-de-Copia-de-TAMANHO-EXATO-PARA-FOTOS-NO-SISTEMA-NOVO-39_2025-05-05_17-44-48.webp.webp?fit=1200%2C675&ssl=1&resize=525%2C300 1.5x, https:\/\/i0.wp.com\/noticiasribeiraopreto.com.br\/wp-content\/uploads\/2025\/05\/Copia-de-Copia-de-Copia-de-TAMANHO-EXATO-PARA-FOTOS-NO-SISTEMA-NOVO-39_2025-05-05_17-44-48.webp.webp?fit=1200%2C675&ssl=1&resize=700%2C400 2x, https:\/\/i0.wp.com\/noticiasribeiraopreto.com.br\/wp-content\/uploads\/2025\/05\/Copia-de-Copia-de-Copia-de-TAMANHO-EXATO-PARA-FOTOS-NO-SISTEMA-NOVO-39_2025-05-05_17-44-48.webp.webp?fit=1200%2C675&ssl=1&resize=1050%2C600 3x"},"classes":[]},{"id":70203,"url":"https:\/\/noticiasribeiraopreto.com.br\/index.php\/2025\/05\/23\/museu-casa-de-portinari-oferece-passeio-de-bicicleta-pelo-patrimonio-cultural-de-brodowski\/","url_meta":{"origin":70180,"position":5},"title":"Museu Casa de Portinari oferece passeio de bicicleta pelo patrim\u00f4nio cultural de Brodowski","author":"noticiasribeiraopreto.com.br","date":"23 de May de 2025","format":false,"excerpt":"O Museu Casa de Portinari, localizado em Brodowski, na regi\u00e3o de Ribeir\u00e3o Preto, realiza o projeto \u201cPedalando com o Museu\u201d, que permite que os participantes percorram de bicicleta os \u201cCaminhos de Portinari\u201d. O circuito conecta pontos hist\u00f3ricos e culturais de Brodowski, cidade natal do artista. Entre as paradas est\u00e3o a\u2026","rel":"","context":"In &quot;Not\u00edcias de Ribeir\u00e3o Preto-SP e Regi\u00e3o&quot;","block_context":{"text":"Not\u00edcias de Ribeir\u00e3o Preto-SP e Regi\u00e3o","link":"https:\/\/noticiasribeiraopreto.com.br\/index.php\/category\/noticias-de-ribeirao-preto-sp-e-regiao-ismael-colosi\/"},"img":{"alt_text":"","src":"https:\/\/i0.wp.com\/noticiasribeiraopreto.com.br\/wp-content\/uploads\/2025\/05\/105e2dae-8da6-4e77-bfb6-c9c7b0ab0d9a_2025-05-23_15-30-29.webp.webp?fit=1200%2C770&ssl=1&resize=350%2C200","width":350,"height":200,"srcset":"https:\/\/i0.wp.com\/noticiasribeiraopreto.com.br\/wp-content\/uploads\/2025\/05\/105e2dae-8da6-4e77-bfb6-c9c7b0ab0d9a_2025-05-23_15-30-29.webp.webp?fit=1200%2C770&ssl=1&resize=350%2C200 1x, https:\/\/i0.wp.com\/noticiasribeiraopreto.com.br\/wp-content\/uploads\/2025\/05\/105e2dae-8da6-4e77-bfb6-c9c7b0ab0d9a_2025-05-23_15-30-29.webp.webp?fit=1200%2C770&ssl=1&resize=525%2C300 1.5x, https:\/\/i0.wp.com\/noticiasribeiraopreto.com.br\/wp-content\/uploads\/2025\/05\/105e2dae-8da6-4e77-bfb6-c9c7b0ab0d9a_2025-05-23_15-30-29.webp.webp?fit=1200%2C770&ssl=1&resize=700%2C400 2x, https:\/\/i0.wp.com\/noticiasribeiraopreto.com.br\/wp-content\/uploads\/2025\/05\/105e2dae-8da6-4e77-bfb6-c9c7b0ab0d9a_2025-05-23_15-30-29.webp.webp?fit=1200%2C770&ssl=1&resize=1050%2C600 3x"},"classes":[]}],"jetpack_sharing_enabled":true,"jetpack_shortlink":"https:\/\/wp.me\/peQAOb-ifW","_links":{"self":[{"href":"https:\/\/noticiasribeiraopreto.com.br\/index.php\/wp-json\/wp\/v2\/posts\/70180","targetHints":{"allow":["GET"]}}],"collection":[{"href":"https:\/\/noticiasribeiraopreto.com.br\/index.php\/wp-json\/wp\/v2\/posts"}],"about":[{"href":"https:\/\/noticiasribeiraopreto.com.br\/index.php\/wp-json\/wp\/v2\/types\/post"}],"author":[{"embeddable":true,"href":"https:\/\/noticiasribeiraopreto.com.br\/index.php\/wp-json\/wp\/v2\/users\/1"}],"replies":[{"embeddable":true,"href":"https:\/\/noticiasribeiraopreto.com.br\/index.php\/wp-json\/wp\/v2\/comments?post=70180"}],"version-history":[{"count":0,"href":"https:\/\/noticiasribeiraopreto.com.br\/index.php\/wp-json\/wp\/v2\/posts\/70180\/revisions"}],"wp:featuredmedia":[{"embeddable":true,"href":"https:\/\/noticiasribeiraopreto.com.br\/index.php\/wp-json\/wp\/v2\/media\/70181"}],"wp:attachment":[{"href":"https:\/\/noticiasribeiraopreto.com.br\/index.php\/wp-json\/wp\/v2\/media?parent=70180"}],"wp:term":[{"taxonomy":"category","embeddable":true,"href":"https:\/\/noticiasribeiraopreto.com.br\/index.php\/wp-json\/wp\/v2\/categories?post=70180"},{"taxonomy":"post_tag","embeddable":true,"href":"https:\/\/noticiasribeiraopreto.com.br\/index.php\/wp-json\/wp\/v2\/tags?post=70180"}],"curies":[{"name":"wp","href":"https:\/\/api.w.org\/{rel}","templated":true}]}}