{"id":70182,"date":"2025-05-23T13:07:25","date_gmt":"2025-05-23T16:07:25","guid":{"rendered":"https:\/\/noticiasribeiraopreto.com.br\/index.php\/2025\/05\/23\/caso-larissa-entenda-como-sera-a-exumacao-do-corpo-da-irma-de-luiz-antonio-garnica\/"},"modified":"2025-05-23T13:07:25","modified_gmt":"2025-05-23T16:07:25","slug":"caso-larissa-entenda-como-sera-a-exumacao-do-corpo-da-irma-de-luiz-antonio-garnica","status":"publish","type":"post","link":"https:\/\/noticiasribeiraopreto.com.br\/index.php\/2025\/05\/23\/caso-larissa-entenda-como-sera-a-exumacao-do-corpo-da-irma-de-luiz-antonio-garnica\/","title":{"rendered":"Caso Larissa: Entenda como ser\u00e1 a exuma\u00e7\u00e3o do corpo da irm\u00e3 de Luiz Ant\u00f4nio Garnica"},"content":{"rendered":"<p> <br \/>\n<\/p>\n<div>\n<p>Come\u00e7a \u00e0s 10h desta sexta-feira (23) a exuma\u00e7\u00e3o do corpo de<strong> Nath\u00e1lia Garnica<\/strong>, irm\u00e3 do m\u00e9dico<strong> Luiz Ant\u00f4nio Garnica<\/strong>, suspeito de envolvimento na morte da mulher, a <strong>professora Larissa Talle Le\u00f4ncio Rodrigues<\/strong>.<\/p>\n<p>A professora foi encontrada morta no dia 22 de mar\u00e7o e a Pol\u00edcia Civil suspeita que ela foi envenenada \u00a0com chumbinho pela sogra, Elizabete Arraba\u00e7a, e pelo marido. Os investigadores apuram se Nath\u00e1lia, morta um m\u00eas antes de Larissa, tamb\u00e9m possa ter sido envenenada.<\/p>\n<h2 class=\"wp-block-heading\"><strong>A exuma\u00e7\u00e3o<\/strong><\/h2>\n<p>Tanto Nath\u00e1lia, quanto Larissa, est\u00e3o enterradas no cemit\u00e9rio de Pontal, cidade a 40 quil\u00f4metros de Ribeir\u00e3o Preto. Os port\u00f5es do cemit\u00e9rio foram fechados \u00e0s 17h de ontem e at\u00e9 o t\u00e9rmino da exuma\u00e7\u00e3o, os visitantes n\u00e3o podem entrar.<\/p>\n<p>As ruas do entorno tamb\u00e9m v\u00e3o ficar interditadas. O objetivo \u00e9 evitar qualquer chance de interfer\u00eancia. A estimativa \u00e9 que a an\u00e1lise do material coletado demore 30 dias para ser conclu\u00eddo.<\/p>\n<p>O m\u00e9dico legista <strong>Di\u00f3genes Tadeu de Freitas<\/strong>, diretor do<strong> IML (Instituto M\u00e9dico Legal)<\/strong>, explica que os especialistas v\u00e3o coletar amostras do est\u00f4mago, intestino e do f\u00edgado, onde as subst\u00e2ncias s\u00e3o metabolizadas. \u201cEnt\u00e3o, pode ter alguma coisa l\u00e1 ainda, caso o tenha\u201d, disse em entrevista \u00e0 <strong>EPTV<\/strong>.<\/p>\n<p>O m\u00e9dico legista explica que v\u00e3o olhar as condi\u00e7\u00f5es do corpo, em raz\u00e3o do tempo decorrido entre a morte e o exame.<\/p>\n<p>\u201cPrincipalmente, sangue e urina. Mas, n\u00e3o esperamos mais que tenha no corpo pelo tempo decorrido. Ent\u00e3o, vamos procurar no est\u00f4mago o conte\u00fado que tem ali, at\u00e9 a presen\u00e7a da subst\u00e2ncia que \u00e9 suspeita e a gente tenta coletar o que tiver no est\u00f4mago para mandar para an\u00e1lise\u201d, disse.<\/p>\n<p>Ele explica que h\u00e1 uma degrada\u00e7\u00e3o natural da subst\u00e2ncia no per\u00edodo entre 90 e 120 dias. \u201cO fato de n\u00e3o encontrar nada, n\u00e3o significar\u00e1 que n\u00e3o teve a subst\u00e2ncia\u201d, completa <strong>(com informa\u00e7\u00f5es EPTV)<\/strong>.<\/p>\n<p>SAIBA MAIS<br \/>Acidente envolve quatro carros no Anel Vi\u00e1rio Norte de Ribeir\u00e3o Preto<\/p>\n<h2 class=\"wp-block-heading\"><strong>FIQUE ON<\/strong><\/h2>\n<p>Fique ligado em tudo que acontece em Ribeir\u00e3o Preto e regi\u00e3o. Siga os perfis do<strong> acidade on<\/strong> no <a href=\"https:\/\/www.instagram.com\/acidadeonribeirao\">Instagram <\/a>e no <a href=\"https:\/\/www.facebook.com\/acidadeonribeirao\/\">Facebook<\/a>.<\/p>\n<p>Receba not\u00edcias do<strong> acidade on <\/strong>no WhatsApp.<a href=\"https:\/\/chat.whatsapp.com\/BjKQZ9oJwlz8VVT50NuePq\"> Para entrar no grupo, basta clicar aqui.<\/a><\/p>\n<p>Fa\u00e7a uma den\u00fancia ou sugira uma reportagem sobre Ribeir\u00e3o Preto e regi\u00e3o pelo WhatsApp: 16 99117 7802.<\/p>\n<p>VEJA TAMB\u00c9M<br \/>Como consultar a restitui\u00e7\u00e3o do IR 2025?<\/p>\n<p><!-- CONTENT END 1 -->\n<\/div>\n<p><script async src=\"\/\/www.instagram.com\/embed.js\"><\/script><br \/>\n<br \/><br \/>\n<br \/><a href=\"https:\/\/www.acidadeon.com\/ribeiraopreto\/cotidiano\/caso-larissa-entenda-como-sera-a-exumacao-do-corpo-da-irma-de-luiz-antonio-garnica\/\">Source link <\/a><\/p>\n","protected":false},"excerpt":{"rendered":"<p>Come\u00e7a \u00e0s 10h desta sexta-feira (23) a exuma\u00e7\u00e3o do corpo de Nath\u00e1lia Garnica, irm\u00e3 do m\u00e9dico Luiz Ant\u00f4nio Garnica, suspeito de envolvimento na morte da&#8230;<\/p>\n","protected":false},"author":1,"featured_media":69611,"comment_status":"open","ping_status":"open","sticky":false,"template":"","format":"standard","meta":{"advanced_seo_description":"","jetpack_seo_html_title":"","jetpack_seo_noindex":false,"jetpack_post_was_ever_published":false,"_jetpack_newsletter_access":"","_jetpack_dont_email_post_to_subs":false,"_jetpack_newsletter_tier_id":0,"_jetpack_memberships_contains_paywalled_content":false,"_jetpack_memberships_contains_paid_content":false,"footnotes":"","jetpack_publicize_message":"","jetpack_publicize_feature_enabled":true,"jetpack_social_post_already_shared":true,"jetpack_social_options":{"image_generator_settings":{"template":"highway","default_image_id":0,"font":"","enabled":false},"version":2}},"categories":[11],"tags":[],"class_list":["post-70182","post","type-post","status-publish","format-standard","has-post-thumbnail","hentry","category-noticias-de-ribeirao-preto-sp-e-regiao-ismael-colosi"],"jetpack_publicize_connections":[],"jetpack_featured_media_url":"https:\/\/i0.wp.com\/noticiasribeiraopreto.com.br\/wp-content\/uploads\/2025\/05\/WhatsApp-Image-2025-05-07-at-10.51.41-1_2025-05-07_13-52-19.webp.webp?fit=1200%2C675&ssl=1","jetpack-related-posts":[{"id":70168,"url":"https:\/\/noticiasribeiraopreto.com.br\/index.php\/2025\/05\/23\/caso-larissa-peritos-iniciam-trabalho-de-exumacao\/","url_meta":{"origin":70182,"position":0},"title":"CASO LARISSA: Peritos iniciam trabalho de exuma\u00e7\u00e3o","author":"noticiasribeiraopreto.com.br","date":"23 de May de 2025","format":false,"excerpt":"Equipe do IML, acompanhados por policiais civis, militares, promotoria e testemunhas, come\u00e7aram a exuma\u00e7\u00e3o no corpo de Nath\u00e1lia Garnica 23 de maio de 2025 10:523 Compartilhar0 Por: Adalberto Luque Come\u00e7aram os trabalhos de exuma\u00e7\u00e3o, na manh\u00e3 desta sexta-feira (23), do corpo de Nath\u00e1lia Garnica, irm\u00e3 do m\u00e9dico Luiz Ant\u00f4nio Garnica\u2026","rel":"","context":"In &quot;Not\u00edcias de Ribeir\u00e3o Preto-SP e Regi\u00e3o&quot;","block_context":{"text":"Not\u00edcias de Ribeir\u00e3o Preto-SP e Regi\u00e3o","link":"https:\/\/noticiasribeiraopreto.com.br\/index.php\/category\/noticias-de-ribeirao-preto-sp-e-regiao-ismael-colosi\/"},"img":{"alt_text":"","src":"https:\/\/i0.wp.com\/noticiasribeiraopreto.com.br\/wp-content\/uploads\/2025\/05\/23-mai-2025-01exumacaonathaliamenor.jpg?fit=850%2C567&ssl=1&resize=350%2C200","width":350,"height":200,"srcset":"https:\/\/i0.wp.com\/noticiasribeiraopreto.com.br\/wp-content\/uploads\/2025\/05\/23-mai-2025-01exumacaonathaliamenor.jpg?fit=850%2C567&ssl=1&resize=350%2C200 1x, https:\/\/i0.wp.com\/noticiasribeiraopreto.com.br\/wp-content\/uploads\/2025\/05\/23-mai-2025-01exumacaonathaliamenor.jpg?fit=850%2C567&ssl=1&resize=525%2C300 1.5x, https:\/\/i0.wp.com\/noticiasribeiraopreto.com.br\/wp-content\/uploads\/2025\/05\/23-mai-2025-01exumacaonathaliamenor.jpg?fit=850%2C567&ssl=1&resize=700%2C400 2x"},"classes":[]},{"id":70205,"url":"https:\/\/noticiasribeiraopreto.com.br\/index.php\/2025\/05\/23\/caso-larissa-e-um-quebra-cabecas-diz-delegado-apos-exumacao-do-corpo-de-irma-de-medico\/","url_meta":{"origin":70182,"position":1},"title":"Caso Larissa: \u2018\u00c9 um quebra-cabe\u00e7as\u2019, diz delegado ap\u00f3s exuma\u00e7\u00e3o do corpo de irm\u00e3 de m\u00e9dico","author":"noticiasribeiraopreto.com.br","date":"23 de May de 2025","format":false,"excerpt":"O delegado Fernando Bravo acompanhou a exuma\u00e7\u00e3o do corpo de Nath\u00e1lia Garnica, na manh\u00e3 desta sexta-feira (23), no cemit\u00e9rio de Pontal, cidade a 40 quil\u00f4metros de Ribeir\u00e3o Preto. A pol\u00edcia quer saber se Nath\u00e1lia tamb\u00e9m foi envenenada, assim como a professora Larissa Talle Le\u00f4ncio Rodrigues. A professora foi encontrada morta\u2026","rel":"","context":"In &quot;Not\u00edcias de Ribeir\u00e3o Preto-SP e Regi\u00e3o&quot;","block_context":{"text":"Not\u00edcias de Ribeir\u00e3o Preto-SP e Regi\u00e3o","link":"https:\/\/noticiasribeiraopreto.com.br\/index.php\/category\/noticias-de-ribeirao-preto-sp-e-regiao-ismael-colosi\/"},"img":{"alt_text":"","src":"https:\/\/i0.wp.com\/noticiasribeiraopreto.com.br\/wp-content\/uploads\/2025\/05\/nathalia-garnica_2025-05-23_15-56-37.webp.webp?fit=1200%2C900&ssl=1&resize=350%2C200","width":350,"height":200,"srcset":"https:\/\/i0.wp.com\/noticiasribeiraopreto.com.br\/wp-content\/uploads\/2025\/05\/nathalia-garnica_2025-05-23_15-56-37.webp.webp?fit=1200%2C900&ssl=1&resize=350%2C200 1x, https:\/\/i0.wp.com\/noticiasribeiraopreto.com.br\/wp-content\/uploads\/2025\/05\/nathalia-garnica_2025-05-23_15-56-37.webp.webp?fit=1200%2C900&ssl=1&resize=525%2C300 1.5x, https:\/\/i0.wp.com\/noticiasribeiraopreto.com.br\/wp-content\/uploads\/2025\/05\/nathalia-garnica_2025-05-23_15-56-37.webp.webp?fit=1200%2C900&ssl=1&resize=700%2C400 2x, https:\/\/i0.wp.com\/noticiasribeiraopreto.com.br\/wp-content\/uploads\/2025\/05\/nathalia-garnica_2025-05-23_15-56-37.webp.webp?fit=1200%2C900&ssl=1&resize=1050%2C600 3x"},"classes":[]},{"id":72493,"url":"https:\/\/noticiasribeiraopreto.com.br\/index.php\/2025\/06\/17\/laudo-aponta-que-nathalia-garnica-foi-envenenada-com-substancia-similar-ao-chumbinho\/","url_meta":{"origin":70182,"position":2},"title":"Laudo aponta que Nath\u00e1lia Garnica foi envenenada com subst\u00e2ncia similar ao chumbinho","author":"noticiasribeiraopreto.com.br","date":"17 de June de 2025","format":false,"excerpt":"17 de junho de 2025 18:523 Compartilhar0 O Instituto M\u00e9dico Legal (IML) de Ribeir\u00e3o Preto confirmou a presen\u00e7a de veneno em tr\u00eas \u00f3rg\u00e3os de Nath\u00e1lia Garnica, irm\u00e3 do m\u00e9dico Luiz Ant\u00f4nio Garnica. Segundo o diretor do IML, Di\u00f3genes Tadeu Cardoso, exames toxicol\u00f3gicos realizados ap\u00f3s a exuma\u00e7\u00e3o do corpo indicaram uma\u2026","rel":"","context":"In &quot;Not\u00edcias de Ribeir\u00e3o Preto-SP e Regi\u00e3o&quot;","block_context":{"text":"Not\u00edcias de Ribeir\u00e3o Preto-SP e Regi\u00e3o","link":"https:\/\/noticiasribeiraopreto.com.br\/index.php\/category\/noticias-de-ribeirao-preto-sp-e-regiao-ismael-colosi\/"},"img":{"alt_text":"","src":"https:\/\/i0.wp.com\/noticiasribeiraopreto.com.br\/wp-content\/uploads\/2025\/06\/nathalia1_garnica-scaled.jpeg?fit=659%2C500&ssl=1&resize=350%2C200","width":350,"height":200,"srcset":"https:\/\/i0.wp.com\/noticiasribeiraopreto.com.br\/wp-content\/uploads\/2025\/06\/nathalia1_garnica-scaled.jpeg?fit=659%2C500&ssl=1&resize=350%2C200 1x, https:\/\/i0.wp.com\/noticiasribeiraopreto.com.br\/wp-content\/uploads\/2025\/06\/nathalia1_garnica-scaled.jpeg?fit=659%2C500&ssl=1&resize=525%2C300 1.5x"},"classes":[]},{"id":70156,"url":"https:\/\/noticiasribeiraopreto.com.br\/index.php\/2025\/05\/23\/caso-larissa-corpo-de-nathalia-sera-exumado-hoje\/","url_meta":{"origin":70182,"position":3},"title":"CASO LARISSA: Corpo de Nath\u00e1lia ser\u00e1 exumado hoje","author":"noticiasribeiraopreto.com.br","date":"23 de May de 2025","format":false,"excerpt":"Equipe do IML far\u00e1 o procedimento para, a pedido da Pol\u00edcia Civil, verificar se h\u00e1 vest\u00edgios de chumbinho ou outro veneno no corpo da mulher 23 de maio de 2025 09:1411 Compartilhar2 Por: Adalberto Luque Acontece nesta sexta-feira (23), \u00e0s 10h00, a exuma\u00e7\u00e3o do corpo de Nath\u00e1lia Garnica, irm\u00e3 do\u2026","rel":"","context":"In &quot;Not\u00edcias de Ribeir\u00e3o Preto-SP e Regi\u00e3o&quot;","block_context":{"text":"Not\u00edcias de Ribeir\u00e3o Preto-SP e Regi\u00e3o","link":"https:\/\/noticiasribeiraopreto.com.br\/index.php\/category\/noticias-de-ribeirao-preto-sp-e-regiao-ismael-colosi\/"},"img":{"alt_text":"","src":"https:\/\/i0.wp.com\/noticiasribeiraopreto.com.br\/wp-content\/uploads\/2025\/05\/16-mai-2525-tumulolarissanatalia-scaled.jpg?fit=723%2C500&ssl=1&resize=350%2C200","width":350,"height":200,"srcset":"https:\/\/i0.wp.com\/noticiasribeiraopreto.com.br\/wp-content\/uploads\/2025\/05\/16-mai-2525-tumulolarissanatalia-scaled.jpg?fit=723%2C500&ssl=1&resize=350%2C200 1x, https:\/\/i0.wp.com\/noticiasribeiraopreto.com.br\/wp-content\/uploads\/2025\/05\/16-mai-2525-tumulolarissanatalia-scaled.jpg?fit=723%2C500&ssl=1&resize=525%2C300 1.5x, https:\/\/i0.wp.com\/noticiasribeiraopreto.com.br\/wp-content\/uploads\/2025\/05\/16-mai-2525-tumulolarissanatalia-scaled.jpg?fit=723%2C500&ssl=1&resize=700%2C400 2x"},"classes":[]},{"id":72491,"url":"https:\/\/noticiasribeiraopreto.com.br\/index.php\/2025\/06\/17\/caso-larissa-nathalia-garnica-foi-envenenada-com-chumbinho-aponta-laudo\/","url_meta":{"origin":70182,"position":4},"title":"Caso Larissa: Nath\u00e1lia Garnica foi envenenada com chumbinho, aponta laudo","author":"noticiasribeiraopreto.com.br","date":"17 de June de 2025","format":false,"excerpt":"O Instituto M\u00e9dico Legal (IML) de Ribeir\u00e3o Preto confirmou a presen\u00e7a de veneno de rato em tr\u00eas \u00f3rg\u00e3os de Nath\u00e1lia Garnica. A informa\u00e7\u00e3o foi divulgada pelo diretor do IML, Di\u00f3genes Tadeu Cardoso, com base no resultado do exame toxicol\u00f3gico realizado ap\u00f3s a exuma\u00e7\u00e3o do corpo. O laudo, que ainda n\u00e3o\u2026","rel":"","context":"In &quot;Not\u00edcias de Ribeir\u00e3o Preto-SP e Regi\u00e3o&quot;","block_context":{"text":"Not\u00edcias de Ribeir\u00e3o Preto-SP e Regi\u00e3o","link":"https:\/\/noticiasribeiraopreto.com.br\/index.php\/category\/noticias-de-ribeirao-preto-sp-e-regiao-ismael-colosi\/"},"img":{"alt_text":"","src":"https:\/\/i0.wp.com\/noticiasribeiraopreto.com.br\/wp-content\/uploads\/2025\/06\/WhatsApp-Image-2025-05-07-at-10.51.41-1_2025-05-07_13-52-19.webp.webp?fit=1200%2C675&ssl=1&resize=350%2C200","width":350,"height":200,"srcset":"https:\/\/i0.wp.com\/noticiasribeiraopreto.com.br\/wp-content\/uploads\/2025\/06\/WhatsApp-Image-2025-05-07-at-10.51.41-1_2025-05-07_13-52-19.webp.webp?fit=1200%2C675&ssl=1&resize=350%2C200 1x, https:\/\/i0.wp.com\/noticiasribeiraopreto.com.br\/wp-content\/uploads\/2025\/06\/WhatsApp-Image-2025-05-07-at-10.51.41-1_2025-05-07_13-52-19.webp.webp?fit=1200%2C675&ssl=1&resize=525%2C300 1.5x, https:\/\/i0.wp.com\/noticiasribeiraopreto.com.br\/wp-content\/uploads\/2025\/06\/WhatsApp-Image-2025-05-07-at-10.51.41-1_2025-05-07_13-52-19.webp.webp?fit=1200%2C675&ssl=1&resize=700%2C400 2x, https:\/\/i0.wp.com\/noticiasribeiraopreto.com.br\/wp-content\/uploads\/2025\/06\/WhatsApp-Image-2025-05-07-at-10.51.41-1_2025-05-07_13-52-19.webp.webp?fit=1200%2C675&ssl=1&resize=1050%2C600 3x"},"classes":[]},{"id":69610,"url":"https:\/\/noticiasribeiraopreto.com.br\/index.php\/2025\/05\/07\/policia-civil-vai-pedir-exumacao-do-corpo-da-irma-de-medico-preso-suspeito-de-envenenar-esposa-em-ribeirao-preto\/","url_meta":{"origin":70182,"position":5},"title":"Pol\u00edcia Civil vai pedir exuma\u00e7\u00e3o do corpo da irm\u00e3 de m\u00e9dico preso suspeito de envenenar esposa em Ribeir\u00e3o Preto","author":"noticiasribeiraopreto.com.br","date":"7 de May de 2025","format":false,"excerpt":"A Pol\u00edcia Civil dever\u00e1 pedir a exuma\u00e7\u00e3o do corpo da irm\u00e3 do m\u00e9dico Luiz Antonio Garnica, preso nesta ter\u00e7a-feira (6) com a m\u00e3e, Elizabete Arraba\u00e7a Garnica, por suspeita da morte por envenenamento da mulher dele, a professora Larissa Talle Le\u00f4ncio Rodrigues, em Ribeir\u00e3o Preto. A irm\u00e3 do m\u00e9dico, Nathalia Garnica,\u2026","rel":"","context":"In &quot;Not\u00edcias de Ribeir\u00e3o Preto-SP e Regi\u00e3o&quot;","block_context":{"text":"Not\u00edcias de Ribeir\u00e3o Preto-SP e Regi\u00e3o","link":"https:\/\/noticiasribeiraopreto.com.br\/index.php\/category\/noticias-de-ribeirao-preto-sp-e-regiao-ismael-colosi\/"},"img":{"alt_text":"","src":"https:\/\/i0.wp.com\/noticiasribeiraopreto.com.br\/wp-content\/uploads\/2025\/05\/WhatsApp-Image-2025-05-07-at-10.51.41-1_2025-05-07_13-52-19.webp.webp?fit=1200%2C675&ssl=1&resize=350%2C200","width":350,"height":200,"srcset":"https:\/\/i0.wp.com\/noticiasribeiraopreto.com.br\/wp-content\/uploads\/2025\/05\/WhatsApp-Image-2025-05-07-at-10.51.41-1_2025-05-07_13-52-19.webp.webp?fit=1200%2C675&ssl=1&resize=350%2C200 1x, https:\/\/i0.wp.com\/noticiasribeiraopreto.com.br\/wp-content\/uploads\/2025\/05\/WhatsApp-Image-2025-05-07-at-10.51.41-1_2025-05-07_13-52-19.webp.webp?fit=1200%2C675&ssl=1&resize=525%2C300 1.5x, https:\/\/i0.wp.com\/noticiasribeiraopreto.com.br\/wp-content\/uploads\/2025\/05\/WhatsApp-Image-2025-05-07-at-10.51.41-1_2025-05-07_13-52-19.webp.webp?fit=1200%2C675&ssl=1&resize=700%2C400 2x, https:\/\/i0.wp.com\/noticiasribeiraopreto.com.br\/wp-content\/uploads\/2025\/05\/WhatsApp-Image-2025-05-07-at-10.51.41-1_2025-05-07_13-52-19.webp.webp?fit=1200%2C675&ssl=1&resize=1050%2C600 3x"},"classes":[]}],"jetpack_sharing_enabled":true,"jetpack_shortlink":"https:\/\/wp.me\/peQAOb-ifY","_links":{"self":[{"href":"https:\/\/noticiasribeiraopreto.com.br\/index.php\/wp-json\/wp\/v2\/posts\/70182","targetHints":{"allow":["GET"]}}],"collection":[{"href":"https:\/\/noticiasribeiraopreto.com.br\/index.php\/wp-json\/wp\/v2\/posts"}],"about":[{"href":"https:\/\/noticiasribeiraopreto.com.br\/index.php\/wp-json\/wp\/v2\/types\/post"}],"author":[{"embeddable":true,"href":"https:\/\/noticiasribeiraopreto.com.br\/index.php\/wp-json\/wp\/v2\/users\/1"}],"replies":[{"embeddable":true,"href":"https:\/\/noticiasribeiraopreto.com.br\/index.php\/wp-json\/wp\/v2\/comments?post=70182"}],"version-history":[{"count":0,"href":"https:\/\/noticiasribeiraopreto.com.br\/index.php\/wp-json\/wp\/v2\/posts\/70182\/revisions"}],"wp:featuredmedia":[{"embeddable":true,"href":"https:\/\/noticiasribeiraopreto.com.br\/index.php\/wp-json\/wp\/v2\/media\/69611"}],"wp:attachment":[{"href":"https:\/\/noticiasribeiraopreto.com.br\/index.php\/wp-json\/wp\/v2\/media?parent=70182"}],"wp:term":[{"taxonomy":"category","embeddable":true,"href":"https:\/\/noticiasribeiraopreto.com.br\/index.php\/wp-json\/wp\/v2\/categories?post=70182"},{"taxonomy":"post_tag","embeddable":true,"href":"https:\/\/noticiasribeiraopreto.com.br\/index.php\/wp-json\/wp\/v2\/tags?post=70182"}],"curies":[{"name":"wp","href":"https:\/\/api.w.org\/{rel}","templated":true}]}}