{"id":70183,"date":"2025-05-23T13:16:13","date_gmt":"2025-05-23T16:16:13","guid":{"rendered":"https:\/\/noticiasribeiraopreto.com.br\/index.php\/2025\/05\/23\/acidente-envolve-quatro-carros-no-anel-viario-norte-de-ribeirao-preto\/"},"modified":"2025-05-23T13:16:13","modified_gmt":"2025-05-23T16:16:13","slug":"acidente-envolve-quatro-carros-no-anel-viario-norte-de-ribeirao-preto","status":"publish","type":"post","link":"https:\/\/noticiasribeiraopreto.com.br\/index.php\/2025\/05\/23\/acidente-envolve-quatro-carros-no-anel-viario-norte-de-ribeirao-preto\/","title":{"rendered":"Acidente envolve quatro carros no Anel Vi\u00e1rio Norte de Ribeir\u00e3o Preto"},"content":{"rendered":"<p> <br \/>\n<\/p>\n<div data-td-block-uid=\"tdi_95\">\n<div class=\"tdb-block-inner td-fix-index\">\n<p><strong>Um acidente envolveu quatro carros na manh\u00e3 desta sexta-feira (23), no km 326 do Anel Vi\u00e1rio Norte (rodovia Alexandre Balbo, SP-328), em Ribeir\u00e3o Preto.<\/strong> <strong>Assista <\/strong>ao <strong>v\u00eddeo <\/strong>abaixo.<\/p>\n<p>Segundo a <strong>concession\u00e1ria Entrevias<\/strong>, <mark style=\"background-color:#fcb900\" class=\"has-inline-color has-black-color\">duas faixas no sentido Sul est\u00e3o interditadas e o tr\u00e2nsito foi desviado para o acostamento.<\/mark><\/p>\n<p>N\u00e3o h\u00e1 informa\u00e7\u00f5es sobre v\u00edtimas. \u00a0<\/p>\n<p>O acidente teria sido do tipo engavetamento. Um dos carros, um Volkswagen Gol modelo antigo, ficou destru\u00eddo.<\/p>\n<p>As causas ainda dever\u00e3o ser apuradas.<\/p>\n<blockquote class=\"instagram-media\" data-instgrm-permalink=\"https:\/\/www.instagram.com\/reel\/DJ_0EqXCE0r\/?utm_source=ig_embed&amp;utm_campaign=loading\" data-instgrm-version=\"14\" style=\"background:#FFF;border:0;border-radius:3px;margin: 1px;max-width:540px;min-width:326px;padding:0;width:99.375%;width:-webkit-calc(100% - 2px);width:calc(100% - 2px)\"\/>\n<p>SAIBA MAIS<\/p>\n<p>Caminh\u00e3o carregado de bebidas tomba na rodovia Anhanguera<\/p>\n<h2 class=\"wp-block-heading\"><strong>FIQUE ON<\/strong><\/h2>\n<p>Fique ligado em tudo que acontece em Ribeir\u00e3o Preto e regi\u00e3o. Siga os perfis do\u00a0<strong>acidade on<\/strong>\u00a0no\u00a0<a href=\"https:\/\/www.instagram.com\/acidadeonribeirao\">Instagram\u00a0<\/a>e no\u00a0<a href=\"https:\/\/www.facebook.com\/acidadeonribeirao\/\">Facebook.<\/a><\/p>\n<p>Receba not\u00edcias do\u00a0<strong>acidade on<\/strong>\u00a0no WhatsApp.\u00a0<a href=\"https:\/\/chat.whatsapp.com\/BjKQZ9oJwlz8VVT50NuePq\">Para entrar no grupo, basta clicar aqui.<\/a><\/p>\n<p>Fa\u00e7a uma den\u00fancia ou sugira uma reportagem sobre Ribeir\u00e3o Preto e regi\u00e3o pelo WhatsApp: 16 99117 7802.<\/p>\n<p>VEJA TAMB\u00c9M<\/p>\n<p>Existe antissemitismo no Brasil?<\/p>\n<p><!-- CONTENT END 1 -->\n<\/div>\n<\/div>\n<p><script async src=\"\/\/www.instagram.com\/embed.js\"><\/script><br \/>\n<br \/><br \/>\n<br \/><a href=\"https:\/\/www.acidadeon.com\/ribeiraopreto\/cotidiano\/acidente-envolve-quatro-carros-no-anel-viario-norte-de-ribeirao-preto\/\">Source link <\/a><\/p>\n","protected":false},"excerpt":{"rendered":"<p>Um acidente envolveu quatro carros na manh\u00e3 desta sexta-feira (23), no km 326 do Anel Vi\u00e1rio Norte (rodovia Alexandre Balbo, SP-328), em Ribeir\u00e3o Preto. Assista&#8230;<\/p>\n","protected":false},"author":1,"featured_media":70184,"comment_status":"open","ping_status":"open","sticky":false,"template":"","format":"standard","meta":{"advanced_seo_description":"","jetpack_seo_html_title":"","jetpack_seo_noindex":false,"jetpack_post_was_ever_published":false,"_jetpack_newsletter_access":"","_jetpack_dont_email_post_to_subs":false,"_jetpack_newsletter_tier_id":0,"_jetpack_memberships_contains_paywalled_content":false,"_jetpack_memberships_contains_paid_content":false,"footnotes":"","jetpack_publicize_message":"","jetpack_publicize_feature_enabled":true,"jetpack_social_post_already_shared":true,"jetpack_social_options":{"image_generator_settings":{"template":"highway","default_image_id":0,"font":"","enabled":false},"version":2}},"categories":[11],"tags":[],"class_list":["post-70183","post","type-post","status-publish","format-standard","has-post-thumbnail","hentry","category-noticias-de-ribeirao-preto-sp-e-regiao-ismael-colosi"],"jetpack_publicize_connections":[],"jetpack_featured_media_url":"https:\/\/i0.wp.com\/noticiasribeiraopreto.com.br\/wp-content\/uploads\/2025\/05\/ACIDENTE_2025-05-23_12-36-39.webp.webp?fit=1200%2C721&ssl=1","jetpack-related-posts":[{"id":68719,"url":"https:\/\/noticiasribeiraopreto.com.br\/index.php\/2025\/04\/28\/motorista-morre-apos-acidente-com-caminhao-no-anel-viario-norte-em-ribeirao-preto\/","url_meta":{"origin":70183,"position":0},"title":"Motorista morre ap\u00f3s acidente com caminh\u00e3o no Anel Vi\u00e1rio Norte em Ribeir\u00e3o Preto","author":"noticiasribeiraopreto.com.br","date":"28 de April de 2025","format":false,"excerpt":"O motorista de um carro morreu no in\u00edcio da tarde desta segunda-feira (28) ap\u00f3s se envolver em um acidente na rodovia Alexandre Balbo (Anel Vi\u00e1rio Norte), em Ribeir\u00e3o Preto. O carro dirigido pela v\u00edtima colidiu com a traseira de um caminh\u00e3o, que seguia no sentido da rodovia Anhanguera. O acidente\u2026","rel":"","context":"In &quot;Not\u00edcias de Ribeir\u00e3o Preto-SP e Regi\u00e3o&quot;","block_context":{"text":"Not\u00edcias de Ribeir\u00e3o Preto-SP e Regi\u00e3o","link":"https:\/\/noticiasribeiraopreto.com.br\/index.php\/category\/noticias-de-ribeirao-preto-sp-e-regiao-ismael-colosi\/"},"img":{"alt_text":"","src":"https:\/\/i0.wp.com\/noticiasribeiraopreto.com.br\/wp-content\/uploads\/2025\/04\/imagem-mostra-acidente-carro-caminhao_2025-04-28_16-24-54.webp.webp?fit=1200%2C900&ssl=1&resize=350%2C200","width":350,"height":200,"srcset":"https:\/\/i0.wp.com\/noticiasribeiraopreto.com.br\/wp-content\/uploads\/2025\/04\/imagem-mostra-acidente-carro-caminhao_2025-04-28_16-24-54.webp.webp?fit=1200%2C900&ssl=1&resize=350%2C200 1x, https:\/\/i0.wp.com\/noticiasribeiraopreto.com.br\/wp-content\/uploads\/2025\/04\/imagem-mostra-acidente-carro-caminhao_2025-04-28_16-24-54.webp.webp?fit=1200%2C900&ssl=1&resize=525%2C300 1.5x, https:\/\/i0.wp.com\/noticiasribeiraopreto.com.br\/wp-content\/uploads\/2025\/04\/imagem-mostra-acidente-carro-caminhao_2025-04-28_16-24-54.webp.webp?fit=1200%2C900&ssl=1&resize=700%2C400 2x, https:\/\/i0.wp.com\/noticiasribeiraopreto.com.br\/wp-content\/uploads\/2025\/04\/imagem-mostra-acidente-carro-caminhao_2025-04-28_16-24-54.webp.webp?fit=1200%2C900&ssl=1&resize=1050%2C600 3x"},"classes":[]},{"id":68808,"url":"https:\/\/noticiasribeiraopreto.com.br\/index.php\/2025\/04\/29\/identificado-motorista-morto-em-acidente-no-anel-viario-norte-de-ribeirao-preto\/","url_meta":{"origin":70183,"position":1},"title":"Identificado motorista morto em acidente no Anel Vi\u00e1rio Norte de Ribeir\u00e3o Preto","author":"noticiasribeiraopreto.com.br","date":"29 de April de 2025","format":false,"excerpt":"A Pol\u00edcia Civil identificou o motorista que morreu na tarde desta segunda-feira (29), em um acidente entre carro e caminh\u00e3o no Anel Vi\u00e1rio Norte (rodovia Alexandre Balbo, SP-328), em Ribeir\u00e3o Preto. Segundo o boletim de ocorr\u00eancia (BO), Wilson de Ara\u00fajo, de 41 anos, n\u00e3o resistiu aos ferimentos e faleceu\u00a0 o\u2026","rel":"","context":"In &quot;Not\u00edcias de Ribeir\u00e3o Preto-SP e Regi\u00e3o&quot;","block_context":{"text":"Not\u00edcias de Ribeir\u00e3o Preto-SP e Regi\u00e3o","link":"https:\/\/noticiasribeiraopreto.com.br\/index.php\/category\/noticias-de-ribeirao-preto-sp-e-regiao-ismael-colosi\/"},"img":{"alt_text":"","src":"https:\/\/i0.wp.com\/noticiasribeiraopreto.com.br\/wp-content\/uploads\/2025\/04\/imagem-mostra-acidente-carro-caminhao_2025-04-28_16-24-54.webp.webp?fit=1200%2C900&ssl=1&resize=350%2C200","width":350,"height":200,"srcset":"https:\/\/i0.wp.com\/noticiasribeiraopreto.com.br\/wp-content\/uploads\/2025\/04\/imagem-mostra-acidente-carro-caminhao_2025-04-28_16-24-54.webp.webp?fit=1200%2C900&ssl=1&resize=350%2C200 1x, https:\/\/i0.wp.com\/noticiasribeiraopreto.com.br\/wp-content\/uploads\/2025\/04\/imagem-mostra-acidente-carro-caminhao_2025-04-28_16-24-54.webp.webp?fit=1200%2C900&ssl=1&resize=525%2C300 1.5x, https:\/\/i0.wp.com\/noticiasribeiraopreto.com.br\/wp-content\/uploads\/2025\/04\/imagem-mostra-acidente-carro-caminhao_2025-04-28_16-24-54.webp.webp?fit=1200%2C900&ssl=1&resize=700%2C400 2x, https:\/\/i0.wp.com\/noticiasribeiraopreto.com.br\/wp-content\/uploads\/2025\/04\/imagem-mostra-acidente-carro-caminhao_2025-04-28_16-24-54.webp.webp?fit=1200%2C900&ssl=1&resize=1050%2C600 3x"},"classes":[]},{"id":53689,"url":"https:\/\/noticiasribeiraopreto.com.br\/index.php\/2024\/06\/22\/mulher-morre-em-acidente-no-anel-viario-norte-em-ribeirao-preto\/","url_meta":{"origin":70183,"position":2},"title":"Mulher morre em acidente no Anel Vi\u00e1rio Norte em Ribeir\u00e3o Preto","author":"noticiasribeiraopreto.com.br","date":"22 de June de 2024","format":false,"excerpt":"Uma mulher morreu em um acidente no Anel Vi\u00e1rio Norte, em Ribeir\u00e3o Preto. O acidente aconteceu no in\u00edcio da tarde deste s\u00e1bado (22), pr\u00f3ximo da entrada do Parque das Andorinhas. O acidente envolveu, pelo menos, dois ve\u00edculos. A Pol\u00edcia Militar Rodovi\u00e1ria e as equipes de resgate da concession\u00e1ria respons\u00e1vel pelo\u2026","rel":"","context":"In &quot;Not\u00edcias de Ribeir\u00e3o Preto-SP e Regi\u00e3o&quot;","block_context":{"text":"Not\u00edcias de Ribeir\u00e3o Preto-SP e Regi\u00e3o","link":"https:\/\/noticiasribeiraopreto.com.br\/index.php\/category\/noticias-de-ribeirao-preto-sp-e-regiao-ismael-colosi\/"},"img":{"alt_text":"","src":"https:\/\/i0.wp.com\/noticiasribeiraopreto.com.br\/wp-content\/uploads\/2024\/06\/AnyConv.com__anel-viario-norte_2024-06-22_17-42-20.webp.webp?fit=866%2C706&ssl=1&resize=350%2C200","width":350,"height":200,"srcset":"https:\/\/i0.wp.com\/noticiasribeiraopreto.com.br\/wp-content\/uploads\/2024\/06\/AnyConv.com__anel-viario-norte_2024-06-22_17-42-20.webp.webp?fit=866%2C706&ssl=1&resize=350%2C200 1x, https:\/\/i0.wp.com\/noticiasribeiraopreto.com.br\/wp-content\/uploads\/2024\/06\/AnyConv.com__anel-viario-norte_2024-06-22_17-42-20.webp.webp?fit=866%2C706&ssl=1&resize=525%2C300 1.5x, https:\/\/i0.wp.com\/noticiasribeiraopreto.com.br\/wp-content\/uploads\/2024\/06\/AnyConv.com__anel-viario-norte_2024-06-22_17-42-20.webp.webp?fit=866%2C706&ssl=1&resize=700%2C400 2x"},"classes":[]},{"id":53707,"url":"https:\/\/noticiasribeiraopreto.com.br\/index.php\/2024\/06\/23\/identificada-mulher-que-morreu-em-acidente-no-anel-viario-norte-em-ribeirao-preto\/","url_meta":{"origin":70183,"position":3},"title":"Identificada mulher que morreu em acidente no Anel Vi\u00e1rio Norte em Ribeir\u00e3o Preto","author":"noticiasribeiraopreto.com.br","date":"23 de June de 2024","format":false,"excerpt":"A mulher que morreu ap\u00f3s um acidente de tr\u00e2nsito no Anel Vi\u00e1rio Norte, em Ribeir\u00e3o Preto, na tarde deste s\u00e1bado (22), foi identificada como Wania dos Anjos. A confirma\u00e7\u00e3o da identidade da v\u00edtima foi feita pela diretoria da subsede de Ribeir\u00e3o Preto do Sindicato dos Professores do Ensino Oficial do\u2026","rel":"","context":"In &quot;Not\u00edcias de Ribeir\u00e3o Preto-SP e Regi\u00e3o&quot;","block_context":{"text":"Not\u00edcias de Ribeir\u00e3o Preto-SP e Regi\u00e3o","link":"https:\/\/noticiasribeiraopreto.com.br\/index.php\/category\/noticias-de-ribeirao-preto-sp-e-regiao-ismael-colosi\/"},"img":{"alt_text":"","src":"https:\/\/i0.wp.com\/noticiasribeiraopreto.com.br\/wp-content\/uploads\/2024\/06\/Copia-de-Copia-de-TAMANHO-EXATO-PARA-FOTOS-NO-SISTEMA-NOVO-92_2024-06-23_15-56-26_png_2024-06-23_15-56-26.webp.webp?fit=1200%2C675&ssl=1&resize=350%2C200","width":350,"height":200,"srcset":"https:\/\/i0.wp.com\/noticiasribeiraopreto.com.br\/wp-content\/uploads\/2024\/06\/Copia-de-Copia-de-TAMANHO-EXATO-PARA-FOTOS-NO-SISTEMA-NOVO-92_2024-06-23_15-56-26_png_2024-06-23_15-56-26.webp.webp?fit=1200%2C675&ssl=1&resize=350%2C200 1x, https:\/\/i0.wp.com\/noticiasribeiraopreto.com.br\/wp-content\/uploads\/2024\/06\/Copia-de-Copia-de-TAMANHO-EXATO-PARA-FOTOS-NO-SISTEMA-NOVO-92_2024-06-23_15-56-26_png_2024-06-23_15-56-26.webp.webp?fit=1200%2C675&ssl=1&resize=525%2C300 1.5x, https:\/\/i0.wp.com\/noticiasribeiraopreto.com.br\/wp-content\/uploads\/2024\/06\/Copia-de-Copia-de-TAMANHO-EXATO-PARA-FOTOS-NO-SISTEMA-NOVO-92_2024-06-23_15-56-26_png_2024-06-23_15-56-26.webp.webp?fit=1200%2C675&ssl=1&resize=700%2C400 2x, https:\/\/i0.wp.com\/noticiasribeiraopreto.com.br\/wp-content\/uploads\/2024\/06\/Copia-de-Copia-de-TAMANHO-EXATO-PARA-FOTOS-NO-SISTEMA-NOVO-92_2024-06-23_15-56-26_png_2024-06-23_15-56-26.webp.webp?fit=1200%2C675&ssl=1&resize=1050%2C600 3x"},"classes":[]},{"id":58685,"url":"https:\/\/noticiasribeiraopreto.com.br\/index.php\/2024\/10\/03\/acidente-entre-carros-e-moto-deixa-cinco-pessoas-feridas-no-anel-viario-sul-em-ribeirao\/","url_meta":{"origin":70183,"position":4},"title":"Acidente entre carros e moto deixa cinco pessoas feridas no Anel Vi\u00e1rio Sul em Ribeir\u00e3o","author":"noticiasribeiraopreto.com.br","date":"3 de October de 2024","format":false,"excerpt":"Cinco pessoas ficaram feridas ap\u00f3s um acidente envolvendo dois ve\u00edculos e uma motocicleta na rodovia Ant\u00f4nio Duarte Nogueira (SP-322), Anel Vi\u00e1rio Sul, no final da tarde desta quinta-feira (3). Conforme apura\u00e7\u00e3o da CBN Ribeir\u00e3o, entre os envolvidos est\u00e1 um beb\u00ea que estava em um dos carros. Ainda n\u00e3o h\u00e1 informa\u00e7\u00f5es\u2026","rel":"","context":"In &quot;Not\u00edcias de Ribeir\u00e3o Preto-SP e Regi\u00e3o&quot;","block_context":{"text":"Not\u00edcias de Ribeir\u00e3o Preto-SP e Regi\u00e3o","link":"https:\/\/noticiasribeiraopreto.com.br\/index.php\/category\/noticias-de-ribeirao-preto-sp-e-regiao-ismael-colosi\/"},"img":{"alt_text":"","src":"https:\/\/i0.wp.com\/noticiasribeiraopreto.com.br\/wp-content\/uploads\/2024\/10\/WhatsApp-Image-2024-10-03-at-18.13.29_2024-10-03_21-21-38_jpeg_2024-10-03_21-21-39-scaled.webp.webp?fit=1200%2C900&ssl=1&resize=350%2C200","width":350,"height":200,"srcset":"https:\/\/i0.wp.com\/noticiasribeiraopreto.com.br\/wp-content\/uploads\/2024\/10\/WhatsApp-Image-2024-10-03-at-18.13.29_2024-10-03_21-21-38_jpeg_2024-10-03_21-21-39-scaled.webp.webp?fit=1200%2C900&ssl=1&resize=350%2C200 1x, https:\/\/i0.wp.com\/noticiasribeiraopreto.com.br\/wp-content\/uploads\/2024\/10\/WhatsApp-Image-2024-10-03-at-18.13.29_2024-10-03_21-21-38_jpeg_2024-10-03_21-21-39-scaled.webp.webp?fit=1200%2C900&ssl=1&resize=525%2C300 1.5x, https:\/\/i0.wp.com\/noticiasribeiraopreto.com.br\/wp-content\/uploads\/2024\/10\/WhatsApp-Image-2024-10-03-at-18.13.29_2024-10-03_21-21-38_jpeg_2024-10-03_21-21-39-scaled.webp.webp?fit=1200%2C900&ssl=1&resize=700%2C400 2x, https:\/\/i0.wp.com\/noticiasribeiraopreto.com.br\/wp-content\/uploads\/2024\/10\/WhatsApp-Image-2024-10-03-at-18.13.29_2024-10-03_21-21-38_jpeg_2024-10-03_21-21-39-scaled.webp.webp?fit=1200%2C900&ssl=1&resize=1050%2C600 3x"},"classes":[]},{"id":58723,"url":"https:\/\/noticiasribeiraopreto.com.br\/index.php\/2024\/10\/04\/acidente-entre-caminhao-e-carro-bloqueia-alca-de-acesso-do-anel-viario-em-ribeirao\/","url_meta":{"origin":70183,"position":5},"title":"Acidente entre caminh\u00e3o e carro bloqueia al\u00e7a de acesso do Anel Vi\u00e1rio em Ribeir\u00e3o","author":"noticiasribeiraopreto.com.br","date":"4 de October de 2024","format":false,"excerpt":"A al\u00e7a de acesso do Anel Vi\u00e1rio Sul, em Ribeir\u00e3o Preto, est\u00e1 interditada, no in\u00edcio da tarde desta sexta-feira (4), por causa de um acidente envolvendo um caminh\u00e3o e um carro. N\u00e3o houve feridos. De acordo com a Entrevias, a ocorr\u00eancia aconteceu no km 310 da SP-322, sentido Leste. O\u2026","rel":"","context":"In &quot;Not\u00edcias de Ribeir\u00e3o Preto-SP e Regi\u00e3o&quot;","block_context":{"text":"Not\u00edcias de Ribeir\u00e3o Preto-SP e Regi\u00e3o","link":"https:\/\/noticiasribeiraopreto.com.br\/index.php\/category\/noticias-de-ribeirao-preto-sp-e-regiao-ismael-colosi\/"},"img":{"alt_text":"","src":"https:\/\/i0.wp.com\/noticiasribeiraopreto.com.br\/wp-content\/uploads\/2024\/10\/Imagem-do-WhatsApp-de-2024-10-04-as-15.25.55_a76e5304_2024-10-04_18-43-42_jpg_2024-10-04_18-43-44-scaled-e1728067452548.webp.webp?fit=1200%2C1020&ssl=1&resize=350%2C200","width":350,"height":200,"srcset":"https:\/\/i0.wp.com\/noticiasribeiraopreto.com.br\/wp-content\/uploads\/2024\/10\/Imagem-do-WhatsApp-de-2024-10-04-as-15.25.55_a76e5304_2024-10-04_18-43-42_jpg_2024-10-04_18-43-44-scaled-e1728067452548.webp.webp?fit=1200%2C1020&ssl=1&resize=350%2C200 1x, https:\/\/i0.wp.com\/noticiasribeiraopreto.com.br\/wp-content\/uploads\/2024\/10\/Imagem-do-WhatsApp-de-2024-10-04-as-15.25.55_a76e5304_2024-10-04_18-43-42_jpg_2024-10-04_18-43-44-scaled-e1728067452548.webp.webp?fit=1200%2C1020&ssl=1&resize=525%2C300 1.5x, https:\/\/i0.wp.com\/noticiasribeiraopreto.com.br\/wp-content\/uploads\/2024\/10\/Imagem-do-WhatsApp-de-2024-10-04-as-15.25.55_a76e5304_2024-10-04_18-43-42_jpg_2024-10-04_18-43-44-scaled-e1728067452548.webp.webp?fit=1200%2C1020&ssl=1&resize=700%2C400 2x, https:\/\/i0.wp.com\/noticiasribeiraopreto.com.br\/wp-content\/uploads\/2024\/10\/Imagem-do-WhatsApp-de-2024-10-04-as-15.25.55_a76e5304_2024-10-04_18-43-42_jpg_2024-10-04_18-43-44-scaled-e1728067452548.webp.webp?fit=1200%2C1020&ssl=1&resize=1050%2C600 3x"},"classes":[]}],"jetpack_sharing_enabled":true,"jetpack_shortlink":"https:\/\/wp.me\/peQAOb-ifZ","_links":{"self":[{"href":"https:\/\/noticiasribeiraopreto.com.br\/index.php\/wp-json\/wp\/v2\/posts\/70183","targetHints":{"allow":["GET"]}}],"collection":[{"href":"https:\/\/noticiasribeiraopreto.com.br\/index.php\/wp-json\/wp\/v2\/posts"}],"about":[{"href":"https:\/\/noticiasribeiraopreto.com.br\/index.php\/wp-json\/wp\/v2\/types\/post"}],"author":[{"embeddable":true,"href":"https:\/\/noticiasribeiraopreto.com.br\/index.php\/wp-json\/wp\/v2\/users\/1"}],"replies":[{"embeddable":true,"href":"https:\/\/noticiasribeiraopreto.com.br\/index.php\/wp-json\/wp\/v2\/comments?post=70183"}],"version-history":[{"count":0,"href":"https:\/\/noticiasribeiraopreto.com.br\/index.php\/wp-json\/wp\/v2\/posts\/70183\/revisions"}],"wp:featuredmedia":[{"embeddable":true,"href":"https:\/\/noticiasribeiraopreto.com.br\/index.php\/wp-json\/wp\/v2\/media\/70184"}],"wp:attachment":[{"href":"https:\/\/noticiasribeiraopreto.com.br\/index.php\/wp-json\/wp\/v2\/media?parent=70183"}],"wp:term":[{"taxonomy":"category","embeddable":true,"href":"https:\/\/noticiasribeiraopreto.com.br\/index.php\/wp-json\/wp\/v2\/categories?post=70183"},{"taxonomy":"post_tag","embeddable":true,"href":"https:\/\/noticiasribeiraopreto.com.br\/index.php\/wp-json\/wp\/v2\/tags?post=70183"}],"curies":[{"name":"wp","href":"https:\/\/api.w.org\/{rel}","templated":true}]}}