{"id":70187,"date":"2025-05-23T13:35:08","date_gmt":"2025-05-23T16:35:08","guid":{"rendered":"https:\/\/noticiasribeiraopreto.com.br\/index.php\/2025\/05\/23\/caso-larissa-corpo-de-nathalia-e-exumado\/"},"modified":"2025-05-23T13:35:08","modified_gmt":"2025-05-23T16:35:08","slug":"caso-larissa-corpo-de-nathalia-e-exumado","status":"publish","type":"post","link":"https:\/\/noticiasribeiraopreto.com.br\/index.php\/2025\/05\/23\/caso-larissa-corpo-de-nathalia-e-exumado\/","title":{"rendered":"Caso Larissa: Corpo de Nathalia \u00e9 exumado"},"content":{"rendered":"<div class='code-block code-block-1' style='margin: 8px 0 8px auto; text-align: right; display: block; clear: both;'>\n<p><a href=\"https:\/\/wa.link\/vpicfd\"><img data-recalc-dims=\"1\" class=\"wp-image-4922\" style=\"aspect-ratio: 2.0253164556962027; width: 561px; height: auto;\" src=\"https:\/\/i0.wp.com\/ismaelcolosi.com.br\/wp-content\/uploads\/2023\/11\/grupo-de-empregos-whatsapp-e-facebook-ismael-colosi-vagas.jpg?ssl=1\" alt=\"\" \/><\/a><\/p>\n<!-- \/wp:image -->\n<\/div>\n<p> <br \/>\n<\/p>\n<div>\n<p>Por: Adalberto Luque<\/p>\n<p>A pedido da Pol\u00edcia Civil e com aval da Justi\u00e7a de Pontal, o Instituto M\u00e9dico Legal (IML) promoveu na manh\u00e3 desta sexta-feira, 23 de maio, a exuma\u00e7\u00e3o do corpo de Nathalia Garnica, de 42 anos, irm\u00e3 do m\u00e9dico Luiz Ant\u00f4nio Garnica, de 38, e filha de Elizabete Eug\u00eanio Arraba\u00e7a Garnica, de 67, presos desde 6 de maio suspeitos de assassinar a esposa do ortopedista, a professora de pilates Larissa Talle Le\u00f4ncio Rodrigues, de 37 anos, com uma subst\u00e2ncia conhecida como \u201cchumbinho\u201d.<\/p>\n<p>O corpo de Nathalia Garnica est\u00e1 no Cemit\u00e9rio de Pontal, no mesmo t\u00famulo onde Larissa Rodrigues foi sepultada. O caso da professora de pilates \u00e9 tratado como homic\u00eddio qualificado. J\u00e1 a causa da morte da irm\u00e3 de Luiz Ant\u00f4nio supostamente foi enfarte. Ela morreu em 9 de fevereiro em circunst\u00e2ncias semelhantes \u00e0s da cunhada. Ambas nunca tiveram problemas graves de sa\u00fade.<\/p>\n<figure id=\"attachment_426631\" aria-describedby=\"caption-attachment-426631\" style=\"width: 1600px\" class=\"wp-caption alignnone\"><img data-recalc-dims=\"1\" loading=\"lazy\" decoding=\"async\" class=\"size-full wp-image-426631\" src=\"https:\/\/i0.wp.com\/www.tribunaribeirao.com.br\/wp-content\/uploads\/2025\/05\/23-mai-2025-exumacaonathalia02.jpg?resize=1600%2C900&#038;ssl=1\" alt=\"\" width=\"1600\" height=\"900\" srcset=\"https:\/\/www.tribunaribeirao.com.br\/wp-content\/uploads\/2025\/05\/23-mai-2025-exumacaonathalia02.jpg 1600w, https:\/\/www.tribunaribeirao.com.br\/wp-content\/uploads\/2025\/05\/23-mai-2025-exumacaonathalia02-300x169.jpg 300w, https:\/\/www.tribunaribeirao.com.br\/wp-content\/uploads\/2025\/05\/23-mai-2025-exumacaonathalia02-1024x576.jpg 1024w, https:\/\/www.tribunaribeirao.com.br\/wp-content\/uploads\/2025\/05\/23-mai-2025-exumacaonathalia02-768x432.jpg 768w, https:\/\/www.tribunaribeirao.com.br\/wp-content\/uploads\/2025\/05\/23-mai-2025-exumacaonathalia02-1536x864.jpg 1536w, https:\/\/www.tribunaribeirao.com.br\/wp-content\/uploads\/2025\/05\/23-mai-2025-exumacaonathalia02-960x540.jpg 960w, https:\/\/www.tribunaribeirao.com.br\/wp-content\/uploads\/2025\/05\/23-mai-2025-exumacaonathalia02-711x400.jpg 711w, https:\/\/www.tribunaribeirao.com.br\/wp-content\/uploads\/2025\/05\/23-mai-2025-exumacaonathalia02-585x329.jpg 585w\" sizes=\"auto, (max-width: 1600px) 100vw, 1600px\"\/><figcaption id=\"caption-attachment-426631\" class=\"wp-caption-text\">Coleta de material biol\u00f3gico demorou pouco mais de uma hora (Foto: Alfredo Risk\/Risk Drones)<\/figcaption><\/figure>\n<p><strong>Exuma\u00e7\u00e3o \u2013<\/strong> O trabalho de exuma\u00e7\u00e3o no corpo de Nathalia durou pouco mais de uma hora. Um rigoroso esquema de seguran\u00e7a foi montado, para garantir os trabalhos.<\/p>\n<p>O m\u00e9dico-legista respons\u00e1vel pelo trabalho de exuma\u00e7\u00e3o, Leonardo Monteiro Mendes, explicou que o corpo j\u00e1 apresentava sinais de decomposi\u00e7\u00e3o. Al\u00e9m disso, teria sido submetido ao Servi\u00e7o de Verifica\u00e7\u00e3o de \u00d3bito (SVO). Apesar disso, foi poss\u00edvel coletar tecido dos \u00f3rg\u00e3os. Est\u00f4mago, f\u00edgado e bexiga foram os alvos dos peritos.<\/p>\n<figure id=\"attachment_426635\" aria-describedby=\"caption-attachment-426635\" style=\"width: 1600px\" class=\"wp-caption alignnone\"><img data-recalc-dims=\"1\" loading=\"lazy\" decoding=\"async\" class=\"size-full wp-image-426635\" src=\"https:\/\/i0.wp.com\/www.tribunaribeirao.com.br\/wp-content\/uploads\/2025\/05\/23-mai-2025-04exumacaonathaliaLeonardolegista.jpg?resize=1600%2C1066&#038;ssl=1\" alt=\"\" width=\"1600\" height=\"1066\" srcset=\"https:\/\/www.tribunaribeirao.com.br\/wp-content\/uploads\/2025\/05\/23-mai-2025-04exumacaonathaliaLeonardolegista.jpg 1600w, https:\/\/www.tribunaribeirao.com.br\/wp-content\/uploads\/2025\/05\/23-mai-2025-04exumacaonathaliaLeonardolegista-300x200.jpg 300w, https:\/\/www.tribunaribeirao.com.br\/wp-content\/uploads\/2025\/05\/23-mai-2025-04exumacaonathaliaLeonardolegista-1024x682.jpg 1024w, https:\/\/www.tribunaribeirao.com.br\/wp-content\/uploads\/2025\/05\/23-mai-2025-04exumacaonathaliaLeonardolegista-768x512.jpg 768w, https:\/\/www.tribunaribeirao.com.br\/wp-content\/uploads\/2025\/05\/23-mai-2025-04exumacaonathaliaLeonardolegista-1536x1023.jpg 1536w, https:\/\/www.tribunaribeirao.com.br\/wp-content\/uploads\/2025\/05\/23-mai-2025-04exumacaonathaliaLeonardolegista-480x320.jpg 480w, https:\/\/www.tribunaribeirao.com.br\/wp-content\/uploads\/2025\/05\/23-mai-2025-04exumacaonathaliaLeonardolegista-280x186.jpg 280w, https:\/\/www.tribunaribeirao.com.br\/wp-content\/uploads\/2025\/05\/23-mai-2025-04exumacaonathaliaLeonardolegista-960x640.jpg 960w, https:\/\/www.tribunaribeirao.com.br\/wp-content\/uploads\/2025\/05\/23-mai-2025-04exumacaonathaliaLeonardolegista-600x400.jpg 600w, https:\/\/www.tribunaribeirao.com.br\/wp-content\/uploads\/2025\/05\/23-mai-2025-04exumacaonathaliaLeonardolegista-585x390.jpg 585w\" sizes=\"auto, (max-width: 1600px) 100vw, 1600px\"\/><figcaption id=\"caption-attachment-426635\" class=\"wp-caption-text\">Leonardo Mendes, m\u00e9dico-legista respons\u00e1vel pelo trabalho, explicou que, apesar da decomposi\u00e7\u00e3o, foi poss\u00edvel coletar material do est\u00f4mago, f\u00edgado e bexiga do corpo de Nathalia (Foto: Alfredo Risk)<\/figcaption><\/figure>\n<p>Para acompanhar o processo, havia um grande n\u00famero de policiais civis e testemunhas. O diretor do IML de Ribeir\u00e3o Preto, Di\u00f3genes Tadeu de Freitas Cardoso, informou que os peritos tiraram o material necess\u00e1rio para os exames. Caso esse material j\u00e1 esteja comprometido, por exemplo, com terra, ser\u00e1 emitido um laudo informando que o exame foi prejudicado.<\/p>\n<p>O material coletado segue para S\u00e3o Paulo, onde ser\u00e1 avaliado no Laborat\u00f3rio de Toxicologia da Pol\u00edcia Cient\u00edfica. Todo o material recolhido foi colocado no recipiente devido e lacrado, para evitar contamina\u00e7\u00e3o. As testemunhas presenciaram esse processo, legitimando o trabalho dos peritos.<\/p>\n<p>A Delegacia de Homic\u00eddios de Ribeir\u00e3o Preto, que investiga a morte de Larissa Rodrigues, requisitou a exuma\u00e7\u00e3o do corpo de Nathalia Garnica para confirmar ou n\u00e3o se filha de Elizabete Arraba\u00e7a morreu ou n\u00e3o de envenenamento. Para garantir o trabalho dos peritos e t\u00e9cnicos do IML, o cemit\u00e9rio foi fechado e as ruas pr\u00f3ximas, interditadas.<\/p>\n<p>N\u00e3o foi permitida a presen\u00e7a de p\u00fablico no procedimento. Todo o procedimento ocorreu no local. O material foi colhido na presen\u00e7a de policiais civis que investigam o caso, promotor Marcos T\u00falio Nicolino, advogados de defesa e testemunhas.<\/p>\n<p>Contudo, o resultado que pode apontar a presen\u00e7a de chumbinho vai depender da integridade dos \u00f3rg\u00e3os que tiveram coletados os materiais biol\u00f3gicos para exame. O laudo dos exames n\u00e3o tem data definida para ser conclu\u00eddo. N\u00e3o h\u00e1 informa\u00e7\u00f5es sobre o prazo para apresenta\u00e7\u00e3o do resultado.<\/p>\n<figure id=\"attachment_426634\" aria-describedby=\"caption-attachment-426634\" style=\"width: 1600px\" class=\"wp-caption alignnone\"><img data-recalc-dims=\"1\" loading=\"lazy\" decoding=\"async\" class=\"size-full wp-image-426634\" src=\"https:\/\/i0.wp.com\/www.tribunaribeirao.com.br\/wp-content\/uploads\/2025\/05\/23-mai-2025-04exumacaonathaliafernandobravo.jpg?resize=1600%2C1066&#038;ssl=1\" alt=\"\" width=\"1600\" height=\"1066\" srcset=\"https:\/\/www.tribunaribeirao.com.br\/wp-content\/uploads\/2025\/05\/23-mai-2025-04exumacaonathaliafernandobravo.jpg 1600w, https:\/\/www.tribunaribeirao.com.br\/wp-content\/uploads\/2025\/05\/23-mai-2025-04exumacaonathaliafernandobravo-300x200.jpg 300w, https:\/\/www.tribunaribeirao.com.br\/wp-content\/uploads\/2025\/05\/23-mai-2025-04exumacaonathaliafernandobravo-1024x682.jpg 1024w, https:\/\/www.tribunaribeirao.com.br\/wp-content\/uploads\/2025\/05\/23-mai-2025-04exumacaonathaliafernandobravo-768x512.jpg 768w, https:\/\/www.tribunaribeirao.com.br\/wp-content\/uploads\/2025\/05\/23-mai-2025-04exumacaonathaliafernandobravo-1536x1023.jpg 1536w, https:\/\/www.tribunaribeirao.com.br\/wp-content\/uploads\/2025\/05\/23-mai-2025-04exumacaonathaliafernandobravo-480x320.jpg 480w, https:\/\/www.tribunaribeirao.com.br\/wp-content\/uploads\/2025\/05\/23-mai-2025-04exumacaonathaliafernandobravo-280x186.jpg 280w, https:\/\/www.tribunaribeirao.com.br\/wp-content\/uploads\/2025\/05\/23-mai-2025-04exumacaonathaliafernandobravo-960x640.jpg 960w, https:\/\/www.tribunaribeirao.com.br\/wp-content\/uploads\/2025\/05\/23-mai-2025-04exumacaonathaliafernandobravo-600x400.jpg 600w, https:\/\/www.tribunaribeirao.com.br\/wp-content\/uploads\/2025\/05\/23-mai-2025-04exumacaonathaliafernandobravo-585x390.jpg 585w\" sizes=\"auto, (max-width: 1600px) 100vw, 1600px\"\/><figcaption id=\"caption-attachment-426634\" class=\"wp-caption-text\">Delegado Fernando Bravo pediu exuma\u00e7\u00e3o pela semelhan\u00e7a nas mortes de Larissa e Nathalia (Foto: Alfredo Risk)<\/figcaption><\/figure>\n<p>A morte at\u00e9 ent\u00e3o considerada natural pode ser a chave para revelar um poss\u00edvel padr\u00e3o de envenenamentos dentro da mesma fam\u00edlia em Ribeir\u00e3o Preto. O que parecia um enfarte agora levanta s\u00e9rias d\u00favidas, segundo o delegado Fernando Bravo.<\/p>\n<p>Nathalia Garnica, que foi candidata a prefeita de Pontal no ano passado, morreu um m\u00eas antes de Larissa Rodrigues. Ambas as mortes ocorreram em circunst\u00e2ncias similares: s\u00fabitas, sem sinais pr\u00e9vios de doen\u00e7a e com a presen\u00e7a da mesma pessoa no local, Elizabete Arraba\u00e7a, segundo a Pol\u00edcia Civil.<\/p>\n<p>Ela \u00e9 m\u00e3e de Luiz Ant\u00f4nio e Nathalia, sogra de Larissa Rodrigues e esposa de Luiz Garnica (PTB), que governou Pontal entre 2001 e 2008, e chegou a ser condenado por improbidade administrativa pela contrata\u00e7\u00e3o irregular de professores em sua gest\u00e3o.<\/p>\n<p>O delegado Fernando Bravo, respons\u00e1vel pelo caso, afirmou ap\u00f3s a exuma\u00e7\u00e3o que a motiva\u00e7\u00e3o para a exuma\u00e7\u00e3o \u00e9 o padr\u00e3o repetido. \u201cPela semelhan\u00e7a com o caso Larissa, h\u00e1 indicativos e ind\u00edcios que ela poderia ter sido assassinada tamb\u00e9m. Enquanto n\u00f3s n\u00e3o recebermos o resultado da per\u00edcia, o toxicol\u00f3gico, vamos colher oitivas de testemunhas, vamos tentar colher outras provas para verificar e esclarecer o que aconteceu e qual foi o motivo da morte da Nathalia.\u201d<\/p>\n<p>Bravo tamb\u00e9m n\u00e3o descarta a possibilidade de requer mais 30 dias de pris\u00e3o preventiva de m\u00e3e e filho. Isso vai depender da conclus\u00e3o da per\u00edcia nos celulares e no andamento das investiga\u00e7\u00f5es.<\/p>\n<p><strong>Advogados negam culpa \u2013<\/strong> As investiga\u00e7\u00f5es prosseguem. Paralelamente, o Minist\u00e9rio P\u00fablico estuda a amplia\u00e7\u00e3o do inqu\u00e9rito para incluir poss\u00edveis crimes anteriores envolvendo a fam\u00edlia. Se confirmadas as suspeitas, o caso pode se transformar em um dos mais perturbadores registros de envenenamento em s\u00e9rie da hist\u00f3ria recente do estado de S\u00e3o Paulo.<\/p>\n<p>Os advogados de defesa negam a culpa de seus clientes e ambos ingressaram com pedidos de habeas corpus no Tribunal de Justi\u00e7a de S\u00e3o Paulo (TJSP), mas o desembargador Lu\u00eds Augusto de Sampaio Arruda negou os recursos.<\/p>\n<p>O defensor de Elizabete, Bruno Corr\u00eaa Ribeiro, acompanhou o trabalho de exuma\u00e7\u00e3o. Ele disse que a idosa tem conhecimento e que ele esteve com ela. \u201cDa mesma forma da Larissa, ela tamb\u00e9m nega participa\u00e7\u00e3o, nega ter ministrado qualquer subst\u00e2ncia tamb\u00e9m no que diz respeito \u00e0 filha Nathalia\u201d, explicou.<\/p>\n<figure id=\"attachment_426624\" aria-describedby=\"caption-attachment-426624\" style=\"width: 850px\" class=\"wp-caption alignnone\"><img data-recalc-dims=\"1\" loading=\"lazy\" decoding=\"async\" class=\"size-full wp-image-426624\" src=\"https:\/\/i0.wp.com\/www.tribunaribeirao.com.br\/wp-content\/uploads\/2025\/05\/23-mai-2025-01exumacaonathaliamenor.jpg?resize=850%2C567&#038;ssl=1\" alt=\"\" width=\"850\" height=\"567\" srcset=\"https:\/\/www.tribunaribeirao.com.br\/wp-content\/uploads\/2025\/05\/23-mai-2025-01exumacaonathaliamenor.jpg 850w, https:\/\/www.tribunaribeirao.com.br\/wp-content\/uploads\/2025\/05\/23-mai-2025-01exumacaonathaliamenor-300x200.jpg 300w, https:\/\/www.tribunaribeirao.com.br\/wp-content\/uploads\/2025\/05\/23-mai-2025-01exumacaonathaliamenor-768x512.jpg 768w, https:\/\/www.tribunaribeirao.com.br\/wp-content\/uploads\/2025\/05\/23-mai-2025-01exumacaonathaliamenor-480x320.jpg 480w, https:\/\/www.tribunaribeirao.com.br\/wp-content\/uploads\/2025\/05\/23-mai-2025-01exumacaonathaliamenor-280x186.jpg 280w, https:\/\/www.tribunaribeirao.com.br\/wp-content\/uploads\/2025\/05\/23-mai-2025-01exumacaonathaliamenor-600x400.jpg 600w, https:\/\/www.tribunaribeirao.com.br\/wp-content\/uploads\/2025\/05\/23-mai-2025-01exumacaonathaliamenor-585x390.jpg 585w\" sizes=\"auto, (max-width: 850px) 100vw, 850px\"\/><figcaption id=\"caption-attachment-426624\" class=\"wp-caption-text\">Peritos do IML fizeram o trabalho de exuma\u00e7\u00e3o para coleta de material do corpo de Nath\u00e1lia Garnica<br \/>cercados de grande aparato de seguran\u00e7a (Foto: Alfredo Risk\/Tribuna Ribeir\u00e3o)<\/figcaption><\/figure>\n<p>Ribeiro espera o resultado do exame toxicol\u00f3gico que, segundo ele, deve sair entre 30 e 60 dias. Ele tamb\u00e9m acrescentou que, por conta dos problemas de sa\u00fade de Elizabete, vai pedir \u00e0 Justi\u00e7a de Ribeir\u00e3o Preto e ao Supremo Tribunal Federal, para que sua cliente seja transferida de pris\u00e3o tempor\u00e1ria para domiciliar<\/p>\n<p>A mulher disse aos defensores Bruno Corr\u00eaa Ribeiro e Jo\u00e3o Pedro Soares Damasceno que a an\u00e1lise n\u00e3o encontrar\u00e1 vest\u00edgios de envenenamento, porque n\u00e3o houve crime. Os advogados Her\u00e1clito Ant\u00f4nio Mossin e J\u00falio C\u00e9sar de Oliveira Guimar\u00e3es Mossin defendem Luiz Ant\u00f4nio Garnica.<\/p>\n<p>A defesa de Elizabete Arraba\u00e7a disse que pediria a contraprova do exame toxicol\u00f3gico para constatar se realmente a morte de Larissa Rodrigues ocorreu por envenenamento causado por \u201cchumbinho\u201d. O objetivo \u00e9 confirmar com certeza que o laudo divulgado no in\u00edcio do m\u00eas n\u00e3o seja um falso positivo. Se negativo, provaria a suposta inoc\u00eancia de Elizabete Arraba\u00e7a.<\/p>\n<p><strong>Per\u00edcia digital \u2013<\/strong> Per\u00edcia realizada no celular de Larissa Rodrigues mostra que a professora de pilates usou o aparelho por volta das 23 horas de 21 de mar\u00e7o, hor\u00e1rio em que a sogra dela, Elizabete Arraba\u00e7a, estava no apartamento em que a v\u00edtima morava com o ortopedista Luiz Ant\u00f4nio Garnica.<\/p>\n<p>A professora de pilates foi encontrada morta pelo marido na manh\u00e3 de 22 de mar\u00e7o. Exame toxicol\u00f3gico indicou que Larissa Rodrigues foi envenenada com aldicarbe, subst\u00e2ncia popularmente conhecida como \u201cchumbinho\u201d. A Pol\u00edcia Civil investiga o caso como homic\u00eddio qualificado.<\/p>\n<figure id=\"attachment_426298\" aria-describedby=\"caption-attachment-426298\" style=\"width: 447px\" class=\"wp-caption alignleft\"><img data-recalc-dims=\"1\" loading=\"lazy\" decoding=\"async\" class=\" wp-image-426298\" src=\"https:\/\/i0.wp.com\/www.tribunaribeirao.com.br\/wp-content\/uploads\/2025\/05\/larissa_rodrigues_2-1.jpeg?resize=447%2C335&#038;ssl=1\" alt=\"\" width=\"447\" height=\"335\" srcset=\"https:\/\/www.tribunaribeirao.com.br\/wp-content\/uploads\/2025\/05\/larissa_rodrigues_2-1.jpeg 600w, https:\/\/www.tribunaribeirao.com.br\/wp-content\/uploads\/2025\/05\/larissa_rodrigues_2-1-300x225.jpeg 300w, https:\/\/www.tribunaribeirao.com.br\/wp-content\/uploads\/2025\/05\/larissa_rodrigues_2-1-533x400.jpeg 533w, https:\/\/www.tribunaribeirao.com.br\/wp-content\/uploads\/2025\/05\/larissa_rodrigues_2-1-585x439.jpeg 585w\" sizes=\"auto, (max-width: 447px) 100vw, 447px\"\/><figcaption id=\"caption-attachment-426298\" class=\"wp-caption-text\">Morte de professora completou dois meses nesta quinta-feira (22) e delegado n\u00e3o descarta pedir prorroga\u00e7\u00e3o da pris\u00e3o preventiva dos suspeitos (Foto: Redes Sociais)<\/figcaption><\/figure>\n<p>O promotor respons\u00e1vel pela acusa\u00e7\u00e3o, Marcos T\u00falio Nicolino, diz que Larissa Rodrigues n\u00e3o teve condi\u00e7\u00f5es de pedir socorro porque n\u00e3o conseguiu acessar o celular enquanto passava mal. Depois desse hor\u00e1rio, n\u00e3o recebeu nem fez chamadas.<\/p>\n<p>O s\u00edndico do edif\u00edcio prestou depoimento na segunda-feira, 19 de maio, e trouxe nova informa\u00e7\u00e3o \u00e0 investiga\u00e7\u00e3o. Segundo ele, a sogra da v\u00edtima esteve no apartamento do casal na noite de 21 de mar\u00e7o, e a entrada foi registrada no livro de controle da portaria.<\/p>\n<p>Apesar da aus\u00eancia dos v\u00eddeos devido a uma falha no monitoramento, o caderno de controle da portaria registra a presen\u00e7a de Elizabete Arraba\u00e7a no apartamento 151 \u2013 resid\u00eancia de Larissa Rodrigues e do marido Luiz Ant\u00f4nio Garnica \u2013 entre 20h45 do dia 21 e 00h50 de 22 de mar\u00e7o.<\/p>\n<p>Essa informa\u00e7\u00e3o \u00e9 considerada central para a investiga\u00e7\u00e3o, j\u00e1 que, segundo o pr\u00f3prio Luiz Ant\u00f4nio Garnia, a m\u00e3e dele foi a \u00faltima pessoa a ver Larissa Rodrigues com vida. A investiga\u00e7\u00e3o conduzida pela Pol\u00edcia Civil e pelo Minist\u00e9rio P\u00fablico de S\u00e3o Paulo (MPSP) segue em andamento.<\/p>\n<p><strong>Depoimentos \u2013<\/strong> Para o Minist\u00e9rio P\u00fablico de S\u00e3o Paulo, o crime foi motivado por causa da partilha de bens ap\u00f3s o pedido de div\u00f3rcio feito pela professora de pilates. Elizabete Arraba\u00e7a, Fabiane Arraba\u00e7a, disse que a irm\u00e3 n\u00e3o queria que a nora ficasse com parte o apartamento que dividia com Luiz Ant\u00f4nio Garnica.<\/p>\n<p>O m\u00e9dico e o irm\u00e3o t\u00eam 19 im\u00f3veis em tr\u00eas cidades da regi\u00e3o metropolitana: tr\u00eas em Ribeir\u00e3o Preto, sete em Sert\u00e3ozinho e nove em Pontal. Sete desses foram incorporados ao patrim\u00f4nio da fam\u00edlia ap\u00f3s o casamento do m\u00e9dico com Larissa Rodrigues. Eles eram casados em regime de comunh\u00e3o parcial de bens.<\/p>\n<figure id=\"attachment_424959\" aria-describedby=\"caption-attachment-424959\" style=\"width: 552px\" class=\"wp-caption alignright\"><img data-recalc-dims=\"1\" loading=\"lazy\" decoding=\"async\" class=\"size-full wp-image-424959\" src=\"https:\/\/i0.wp.com\/www.tribunaribeirao.com.br\/wp-content\/uploads\/2025\/05\/06-mai-2025-envenenamentoprofessora1.jpg?resize=552%2C503&#038;ssl=1\" alt=\"\" width=\"552\" height=\"503\" srcset=\"https:\/\/www.tribunaribeirao.com.br\/wp-content\/uploads\/2025\/05\/06-mai-2025-envenenamentoprofessora1.jpg 552w, https:\/\/www.tribunaribeirao.com.br\/wp-content\/uploads\/2025\/05\/06-mai-2025-envenenamentoprofessora1-300x273.jpg 300w, https:\/\/www.tribunaribeirao.com.br\/wp-content\/uploads\/2025\/05\/06-mai-2025-envenenamentoprofessora1-439x400.jpg 439w\" sizes=\"auto, (max-width: 552px) 100vw, 552px\"\/><figcaption id=\"caption-attachment-424959\" class=\"wp-caption-text\">Filho e m\u00e3e seguem presos preventivamente enquanto a investiga\u00e7\u00e3o avan\u00e7a na coleta de provas (Foto: Redes Sociais)<\/figcaption><\/figure>\n<p>Entenda o caso \u2013 A professora de pilates Larissa Talle Le\u00f4ncio Rodrigues foi encontrada morta no apartamento em que morava com Luiz Ant\u00f4nio Garnica, no Jardim Bot\u00e2nico, Zona Sul de Ribeir\u00e3o Preto, na manh\u00e3 de 22 de mar\u00e7o. O marido ortopedista foi quem encontrou o corpo ca\u00eddo no banheiro.<\/p>\n<p>No primeiro boletim de ocorr\u00eancia do caso, o m\u00e9dico disse ter chegado e encontrado a mulher desfalecida. Depois colocou-a na cama, acionou a Guarda Civil Metropolitana (GCM) e Servi\u00e7o de Atendimento M\u00f3vel de Urg\u00eancia (Samu 192), mas ela j\u00e1 estava morta e n\u00e3o reagiu aos est\u00edmulos.<\/p>\n<p>O exame necrosc\u00f3pico foi inconclusivo em rela\u00e7\u00e3o \u00e0 causa da morte, mas exame toxicol\u00f3gico apontou que a professora foi envenenada por \u201cchumbinho\u201d. Depois de ouvir v\u00e1rias testemunhas, o delegado do caso, Fernando Bravo, pediu a pris\u00e3o tempor\u00e1ria do m\u00e9dico e de sua m\u00e3e, Elizabete Eug\u00eanio Arraba\u00e7a Garnica por considerar ambos suspeitos de envenenar a nora. Est\u00e3o presos por 30 dias, at\u00e9 5 de junho.<\/p>\n<\/div>\n<p><br \/>\n<br \/><a href=\"https:\/\/www.tribunaribeirao.com.br\/caso-larissa-corpo-de-nathalia-e-exumado\/\">Source link <\/a><\/p>\n<!-- CONTENT END 1 -->\n","protected":false},"excerpt":{"rendered":"<p>Por: Adalberto Luque A pedido da Pol\u00edcia Civil e com aval da Justi\u00e7a de Pontal, o Instituto M\u00e9dico Legal (IML) promoveu na manh\u00e3 desta sexta-feira,&#8230;<\/p>\n","protected":false},"author":1,"featured_media":70188,"comment_status":"open","ping_status":"open","sticky":false,"template":"","format":"standard","meta":{"advanced_seo_description":"","jetpack_seo_html_title":"","jetpack_seo_noindex":false,"jetpack_post_was_ever_published":false,"_jetpack_newsletter_access":"","_jetpack_dont_email_post_to_subs":false,"_jetpack_newsletter_tier_id":0,"_jetpack_memberships_contains_paywalled_content":false,"_jetpack_memberships_contains_paid_content":false,"footnotes":"","jetpack_publicize_message":"","jetpack_publicize_feature_enabled":true,"jetpack_social_post_already_shared":true,"jetpack_social_options":{"image_generator_settings":{"template":"highway","default_image_id":0,"font":"","enabled":false},"version":2}},"categories":[11],"tags":[],"class_list":["post-70187","post","type-post","status-publish","format-standard","has-post-thumbnail","hentry","category-noticias-de-ribeirao-preto-sp-e-regiao-ismael-colosi"],"jetpack_publicize_connections":[],"jetpack_featured_media_url":"https:\/\/i0.wp.com\/noticiasribeiraopreto.com.br\/wp-content\/uploads\/2025\/05\/23-mai-2025-00exumacaonathalia.jpg?fit=850%2C584&ssl=1","jetpack-related-posts":[{"id":72493,"url":"https:\/\/noticiasribeiraopreto.com.br\/index.php\/2025\/06\/17\/laudo-aponta-que-nathalia-garnica-foi-envenenada-com-substancia-similar-ao-chumbinho\/","url_meta":{"origin":70187,"position":0},"title":"Laudo aponta que Nath\u00e1lia Garnica foi envenenada com subst\u00e2ncia similar ao chumbinho","author":"noticiasribeiraopreto.com.br","date":"17 de June de 2025","format":false,"excerpt":"17 de junho de 2025 18:523 Compartilhar0 O Instituto M\u00e9dico Legal (IML) de Ribeir\u00e3o Preto confirmou a presen\u00e7a de veneno em tr\u00eas \u00f3rg\u00e3os de Nath\u00e1lia Garnica, irm\u00e3 do m\u00e9dico Luiz Ant\u00f4nio Garnica. Segundo o diretor do IML, Di\u00f3genes Tadeu Cardoso, exames toxicol\u00f3gicos realizados ap\u00f3s a exuma\u00e7\u00e3o do corpo indicaram uma\u2026","rel":"","context":"In &quot;Not\u00edcias de Ribeir\u00e3o Preto-SP e Regi\u00e3o&quot;","block_context":{"text":"Not\u00edcias de Ribeir\u00e3o Preto-SP e Regi\u00e3o","link":"https:\/\/noticiasribeiraopreto.com.br\/index.php\/category\/noticias-de-ribeirao-preto-sp-e-regiao-ismael-colosi\/"},"img":{"alt_text":"","src":"https:\/\/i0.wp.com\/noticiasribeiraopreto.com.br\/wp-content\/uploads\/2025\/06\/nathalia1_garnica-scaled.jpeg?fit=659%2C500&ssl=1&resize=350%2C200","width":350,"height":200,"srcset":"https:\/\/i0.wp.com\/noticiasribeiraopreto.com.br\/wp-content\/uploads\/2025\/06\/nathalia1_garnica-scaled.jpeg?fit=659%2C500&ssl=1&resize=350%2C200 1x, https:\/\/i0.wp.com\/noticiasribeiraopreto.com.br\/wp-content\/uploads\/2025\/06\/nathalia1_garnica-scaled.jpeg?fit=659%2C500&ssl=1&resize=525%2C300 1.5x"},"classes":[]},{"id":73316,"url":"https:\/\/noticiasribeiraopreto.com.br\/index.php\/2025\/06\/29\/envenenamento-por-chumbinho-entenda-a-ligacao-entre-as-mortes-de-larissa-e-nathalia\/","url_meta":{"origin":70187,"position":1},"title":"Envenenamento por chumbinho: entenda a liga\u00e7\u00e3o entre as mortes de Larissa e Nath\u00e1lia","author":"noticiasribeiraopreto.com.br","date":"29 de June de 2025","format":false,"excerpt":"A Pol\u00edcia Civil e o Minist\u00e9rio P\u00fablico investigam Elizabete Arraba\u00e7a por suspeita de envolvimento nas mortes da filha, Nath\u00e1lia Garnica, e da nora, a professora de pilates Larissa Rodrigues. Elizabete esteve com as v\u00edtimas um dia antes das mortes; inicialmente, as autoridades trataram os casos como naturais. No entanto, exames\u2026","rel":"","context":"In &quot;Not\u00edcias de Ribeir\u00e3o Preto-SP e Regi\u00e3o&quot;","block_context":{"text":"Not\u00edcias de Ribeir\u00e3o Preto-SP e Regi\u00e3o","link":"https:\/\/noticiasribeiraopreto.com.br\/index.php\/category\/noticias-de-ribeirao-preto-sp-e-regiao-ismael-colosi\/"},"img":{"alt_text":"","src":"https:\/\/i0.wp.com\/noticiasribeiraopreto.com.br\/wp-content\/uploads\/2025\/06\/Copia-de-Copia-de-Copia-de-TAMANHO-EXATO-PARA-FOTOS-NO-SISTEMA-NOVO-2025-06-29T115635.342_2025-06-29_14-57-44.webp.webp?fit=1200%2C675&ssl=1&resize=350%2C200","width":350,"height":200,"srcset":"https:\/\/i0.wp.com\/noticiasribeiraopreto.com.br\/wp-content\/uploads\/2025\/06\/Copia-de-Copia-de-Copia-de-TAMANHO-EXATO-PARA-FOTOS-NO-SISTEMA-NOVO-2025-06-29T115635.342_2025-06-29_14-57-44.webp.webp?fit=1200%2C675&ssl=1&resize=350%2C200 1x, https:\/\/i0.wp.com\/noticiasribeiraopreto.com.br\/wp-content\/uploads\/2025\/06\/Copia-de-Copia-de-Copia-de-TAMANHO-EXATO-PARA-FOTOS-NO-SISTEMA-NOVO-2025-06-29T115635.342_2025-06-29_14-57-44.webp.webp?fit=1200%2C675&ssl=1&resize=525%2C300 1.5x, https:\/\/i0.wp.com\/noticiasribeiraopreto.com.br\/wp-content\/uploads\/2025\/06\/Copia-de-Copia-de-Copia-de-TAMANHO-EXATO-PARA-FOTOS-NO-SISTEMA-NOVO-2025-06-29T115635.342_2025-06-29_14-57-44.webp.webp?fit=1200%2C675&ssl=1&resize=700%2C400 2x, https:\/\/i0.wp.com\/noticiasribeiraopreto.com.br\/wp-content\/uploads\/2025\/06\/Copia-de-Copia-de-Copia-de-TAMANHO-EXATO-PARA-FOTOS-NO-SISTEMA-NOVO-2025-06-29T115635.342_2025-06-29_14-57-44.webp.webp?fit=1200%2C675&ssl=1&resize=1050%2C600 3x"},"classes":[]},{"id":70182,"url":"https:\/\/noticiasribeiraopreto.com.br\/index.php\/2025\/05\/23\/caso-larissa-entenda-como-sera-a-exumacao-do-corpo-da-irma-de-luiz-antonio-garnica\/","url_meta":{"origin":70187,"position":2},"title":"Caso Larissa: Entenda como ser\u00e1 a exuma\u00e7\u00e3o do corpo da irm\u00e3 de Luiz Ant\u00f4nio Garnica","author":"noticiasribeiraopreto.com.br","date":"23 de May de 2025","format":false,"excerpt":"Come\u00e7a \u00e0s 10h desta sexta-feira (23) a exuma\u00e7\u00e3o do corpo de Nath\u00e1lia Garnica, irm\u00e3 do m\u00e9dico Luiz Ant\u00f4nio Garnica, suspeito de envolvimento na morte da mulher, a professora Larissa Talle Le\u00f4ncio Rodrigues. A professora foi encontrada morta no dia 22 de mar\u00e7o e a Pol\u00edcia Civil suspeita que ela foi\u2026","rel":"","context":"In &quot;Not\u00edcias de Ribeir\u00e3o Preto-SP e Regi\u00e3o&quot;","block_context":{"text":"Not\u00edcias de Ribeir\u00e3o Preto-SP e Regi\u00e3o","link":"https:\/\/noticiasribeiraopreto.com.br\/index.php\/category\/noticias-de-ribeirao-preto-sp-e-regiao-ismael-colosi\/"},"img":{"alt_text":"","src":"https:\/\/i0.wp.com\/noticiasribeiraopreto.com.br\/wp-content\/uploads\/2025\/05\/WhatsApp-Image-2025-05-07-at-10.51.41-1_2025-05-07_13-52-19.webp.webp?fit=1200%2C675&ssl=1&resize=350%2C200","width":350,"height":200,"srcset":"https:\/\/i0.wp.com\/noticiasribeiraopreto.com.br\/wp-content\/uploads\/2025\/05\/WhatsApp-Image-2025-05-07-at-10.51.41-1_2025-05-07_13-52-19.webp.webp?fit=1200%2C675&ssl=1&resize=350%2C200 1x, https:\/\/i0.wp.com\/noticiasribeiraopreto.com.br\/wp-content\/uploads\/2025\/05\/WhatsApp-Image-2025-05-07-at-10.51.41-1_2025-05-07_13-52-19.webp.webp?fit=1200%2C675&ssl=1&resize=525%2C300 1.5x, https:\/\/i0.wp.com\/noticiasribeiraopreto.com.br\/wp-content\/uploads\/2025\/05\/WhatsApp-Image-2025-05-07-at-10.51.41-1_2025-05-07_13-52-19.webp.webp?fit=1200%2C675&ssl=1&resize=700%2C400 2x, https:\/\/i0.wp.com\/noticiasribeiraopreto.com.br\/wp-content\/uploads\/2025\/05\/WhatsApp-Image-2025-05-07-at-10.51.41-1_2025-05-07_13-52-19.webp.webp?fit=1200%2C675&ssl=1&resize=1050%2C600 3x"},"classes":[]},{"id":72491,"url":"https:\/\/noticiasribeiraopreto.com.br\/index.php\/2025\/06\/17\/caso-larissa-nathalia-garnica-foi-envenenada-com-chumbinho-aponta-laudo\/","url_meta":{"origin":70187,"position":3},"title":"Caso Larissa: Nath\u00e1lia Garnica foi envenenada com chumbinho, aponta laudo","author":"noticiasribeiraopreto.com.br","date":"17 de June de 2025","format":false,"excerpt":"O Instituto M\u00e9dico Legal (IML) de Ribeir\u00e3o Preto confirmou a presen\u00e7a de veneno de rato em tr\u00eas \u00f3rg\u00e3os de Nath\u00e1lia Garnica. A informa\u00e7\u00e3o foi divulgada pelo diretor do IML, Di\u00f3genes Tadeu Cardoso, com base no resultado do exame toxicol\u00f3gico realizado ap\u00f3s a exuma\u00e7\u00e3o do corpo. O laudo, que ainda n\u00e3o\u2026","rel":"","context":"In &quot;Not\u00edcias de Ribeir\u00e3o Preto-SP e Regi\u00e3o&quot;","block_context":{"text":"Not\u00edcias de Ribeir\u00e3o Preto-SP e Regi\u00e3o","link":"https:\/\/noticiasribeiraopreto.com.br\/index.php\/category\/noticias-de-ribeirao-preto-sp-e-regiao-ismael-colosi\/"},"img":{"alt_text":"","src":"https:\/\/i0.wp.com\/noticiasribeiraopreto.com.br\/wp-content\/uploads\/2025\/06\/WhatsApp-Image-2025-05-07-at-10.51.41-1_2025-05-07_13-52-19.webp.webp?fit=1200%2C675&ssl=1&resize=350%2C200","width":350,"height":200,"srcset":"https:\/\/i0.wp.com\/noticiasribeiraopreto.com.br\/wp-content\/uploads\/2025\/06\/WhatsApp-Image-2025-05-07-at-10.51.41-1_2025-05-07_13-52-19.webp.webp?fit=1200%2C675&ssl=1&resize=350%2C200 1x, https:\/\/i0.wp.com\/noticiasribeiraopreto.com.br\/wp-content\/uploads\/2025\/06\/WhatsApp-Image-2025-05-07-at-10.51.41-1_2025-05-07_13-52-19.webp.webp?fit=1200%2C675&ssl=1&resize=525%2C300 1.5x, https:\/\/i0.wp.com\/noticiasribeiraopreto.com.br\/wp-content\/uploads\/2025\/06\/WhatsApp-Image-2025-05-07-at-10.51.41-1_2025-05-07_13-52-19.webp.webp?fit=1200%2C675&ssl=1&resize=700%2C400 2x, https:\/\/i0.wp.com\/noticiasribeiraopreto.com.br\/wp-content\/uploads\/2025\/06\/WhatsApp-Image-2025-05-07-at-10.51.41-1_2025-05-07_13-52-19.webp.webp?fit=1200%2C675&ssl=1&resize=1050%2C600 3x"},"classes":[]},{"id":70205,"url":"https:\/\/noticiasribeiraopreto.com.br\/index.php\/2025\/05\/23\/caso-larissa-e-um-quebra-cabecas-diz-delegado-apos-exumacao-do-corpo-de-irma-de-medico\/","url_meta":{"origin":70187,"position":4},"title":"Caso Larissa: \u2018\u00c9 um quebra-cabe\u00e7as\u2019, diz delegado ap\u00f3s exuma\u00e7\u00e3o do corpo de irm\u00e3 de m\u00e9dico","author":"noticiasribeiraopreto.com.br","date":"23 de May de 2025","format":false,"excerpt":"O delegado Fernando Bravo acompanhou a exuma\u00e7\u00e3o do corpo de Nath\u00e1lia Garnica, na manh\u00e3 desta sexta-feira (23), no cemit\u00e9rio de Pontal, cidade a 40 quil\u00f4metros de Ribeir\u00e3o Preto. A pol\u00edcia quer saber se Nath\u00e1lia tamb\u00e9m foi envenenada, assim como a professora Larissa Talle Le\u00f4ncio Rodrigues. A professora foi encontrada morta\u2026","rel":"","context":"In &quot;Not\u00edcias de Ribeir\u00e3o Preto-SP e Regi\u00e3o&quot;","block_context":{"text":"Not\u00edcias de Ribeir\u00e3o Preto-SP e Regi\u00e3o","link":"https:\/\/noticiasribeiraopreto.com.br\/index.php\/category\/noticias-de-ribeirao-preto-sp-e-regiao-ismael-colosi\/"},"img":{"alt_text":"","src":"https:\/\/i0.wp.com\/noticiasribeiraopreto.com.br\/wp-content\/uploads\/2025\/05\/nathalia-garnica_2025-05-23_15-56-37.webp.webp?fit=1200%2C900&ssl=1&resize=350%2C200","width":350,"height":200,"srcset":"https:\/\/i0.wp.com\/noticiasribeiraopreto.com.br\/wp-content\/uploads\/2025\/05\/nathalia-garnica_2025-05-23_15-56-37.webp.webp?fit=1200%2C900&ssl=1&resize=350%2C200 1x, https:\/\/i0.wp.com\/noticiasribeiraopreto.com.br\/wp-content\/uploads\/2025\/05\/nathalia-garnica_2025-05-23_15-56-37.webp.webp?fit=1200%2C900&ssl=1&resize=525%2C300 1.5x, https:\/\/i0.wp.com\/noticiasribeiraopreto.com.br\/wp-content\/uploads\/2025\/05\/nathalia-garnica_2025-05-23_15-56-37.webp.webp?fit=1200%2C900&ssl=1&resize=700%2C400 2x, https:\/\/i0.wp.com\/noticiasribeiraopreto.com.br\/wp-content\/uploads\/2025\/05\/nathalia-garnica_2025-05-23_15-56-37.webp.webp?fit=1200%2C900&ssl=1&resize=1050%2C600 3x"},"classes":[]},{"id":70156,"url":"https:\/\/noticiasribeiraopreto.com.br\/index.php\/2025\/05\/23\/caso-larissa-corpo-de-nathalia-sera-exumado-hoje\/","url_meta":{"origin":70187,"position":5},"title":"CASO LARISSA: Corpo de Nath\u00e1lia ser\u00e1 exumado hoje","author":"noticiasribeiraopreto.com.br","date":"23 de May de 2025","format":false,"excerpt":"Equipe do IML far\u00e1 o procedimento para, a pedido da Pol\u00edcia Civil, verificar se h\u00e1 vest\u00edgios de chumbinho ou outro veneno no corpo da mulher 23 de maio de 2025 09:1411 Compartilhar2 Por: Adalberto Luque Acontece nesta sexta-feira (23), \u00e0s 10h00, a exuma\u00e7\u00e3o do corpo de Nath\u00e1lia Garnica, irm\u00e3 do\u2026","rel":"","context":"In &quot;Not\u00edcias de Ribeir\u00e3o Preto-SP e Regi\u00e3o&quot;","block_context":{"text":"Not\u00edcias de Ribeir\u00e3o Preto-SP e Regi\u00e3o","link":"https:\/\/noticiasribeiraopreto.com.br\/index.php\/category\/noticias-de-ribeirao-preto-sp-e-regiao-ismael-colosi\/"},"img":{"alt_text":"","src":"https:\/\/i0.wp.com\/noticiasribeiraopreto.com.br\/wp-content\/uploads\/2025\/05\/16-mai-2525-tumulolarissanatalia-scaled.jpg?fit=723%2C500&ssl=1&resize=350%2C200","width":350,"height":200,"srcset":"https:\/\/i0.wp.com\/noticiasribeiraopreto.com.br\/wp-content\/uploads\/2025\/05\/16-mai-2525-tumulolarissanatalia-scaled.jpg?fit=723%2C500&ssl=1&resize=350%2C200 1x, https:\/\/i0.wp.com\/noticiasribeiraopreto.com.br\/wp-content\/uploads\/2025\/05\/16-mai-2525-tumulolarissanatalia-scaled.jpg?fit=723%2C500&ssl=1&resize=525%2C300 1.5x, https:\/\/i0.wp.com\/noticiasribeiraopreto.com.br\/wp-content\/uploads\/2025\/05\/16-mai-2525-tumulolarissanatalia-scaled.jpg?fit=723%2C500&ssl=1&resize=700%2C400 2x"},"classes":[]}],"jetpack_sharing_enabled":true,"jetpack_shortlink":"https:\/\/wp.me\/peQAOb-ig3","_links":{"self":[{"href":"https:\/\/noticiasribeiraopreto.com.br\/index.php\/wp-json\/wp\/v2\/posts\/70187","targetHints":{"allow":["GET"]}}],"collection":[{"href":"https:\/\/noticiasribeiraopreto.com.br\/index.php\/wp-json\/wp\/v2\/posts"}],"about":[{"href":"https:\/\/noticiasribeiraopreto.com.br\/index.php\/wp-json\/wp\/v2\/types\/post"}],"author":[{"embeddable":true,"href":"https:\/\/noticiasribeiraopreto.com.br\/index.php\/wp-json\/wp\/v2\/users\/1"}],"replies":[{"embeddable":true,"href":"https:\/\/noticiasribeiraopreto.com.br\/index.php\/wp-json\/wp\/v2\/comments?post=70187"}],"version-history":[{"count":0,"href":"https:\/\/noticiasribeiraopreto.com.br\/index.php\/wp-json\/wp\/v2\/posts\/70187\/revisions"}],"wp:featuredmedia":[{"embeddable":true,"href":"https:\/\/noticiasribeiraopreto.com.br\/index.php\/wp-json\/wp\/v2\/media\/70188"}],"wp:attachment":[{"href":"https:\/\/noticiasribeiraopreto.com.br\/index.php\/wp-json\/wp\/v2\/media?parent=70187"}],"wp:term":[{"taxonomy":"category","embeddable":true,"href":"https:\/\/noticiasribeiraopreto.com.br\/index.php\/wp-json\/wp\/v2\/categories?post=70187"},{"taxonomy":"post_tag","embeddable":true,"href":"https:\/\/noticiasribeiraopreto.com.br\/index.php\/wp-json\/wp\/v2\/tags?post=70187"}],"curies":[{"name":"wp","href":"https:\/\/api.w.org\/{rel}","templated":true}]}}