{"id":70189,"date":"2025-05-23T13:47:52","date_gmt":"2025-05-23T16:47:52","guid":{"rendered":"https:\/\/noticiasribeiraopreto.com.br\/index.php\/2025\/05\/23\/morre-sebastiao-salgado-um-dos-maiores-fotografos-do-mundo-aos-81-anos\/"},"modified":"2025-05-23T13:47:52","modified_gmt":"2025-05-23T16:47:52","slug":"morre-sebastiao-salgado-um-dos-maiores-fotografos-do-mundo-aos-81-anos","status":"publish","type":"post","link":"https:\/\/noticiasribeiraopreto.com.br\/index.php\/2025\/05\/23\/morre-sebastiao-salgado-um-dos-maiores-fotografos-do-mundo-aos-81-anos\/","title":{"rendered":"Morre Sebasti\u00e3o Salgado, um dos maiores fot\u00f3grafos do mundo, aos 81 anos"},"content":{"rendered":"<div class='code-block code-block-1' style='margin: 8px 0 8px auto; text-align: right; display: block; clear: both;'>\n<p><a href=\"https:\/\/wa.link\/vpicfd\"><img data-recalc-dims=\"1\" class=\"wp-image-4922\" style=\"aspect-ratio: 2.0253164556962027; width: 561px; height: auto;\" src=\"https:\/\/i0.wp.com\/ismaelcolosi.com.br\/wp-content\/uploads\/2023\/11\/grupo-de-empregos-whatsapp-e-facebook-ismael-colosi-vagas.jpg?ssl=1\" alt=\"\" \/><\/a><\/p>\n<!-- \/wp:image -->\n<\/div>\n<p> <br \/>\n<\/p>\n<div>\n<p>Sebasti\u00e3o Salgado, um dos maiores nomes da fotografia mundial, morreu na Fran\u00e7a, aos 81 anos. A informa\u00e7\u00e3o foi confirmada pelo Instituto Terra, fundado pelo fot\u00f3grafo e sua esposa, L\u00e9lia Wanick.<\/p>\n<p>Reconhecido internacionalmente por seu trabalho, Salgado ficou marcado pelo registro de seres humanos vivendo em condi\u00e7\u00f5es sub-humanas. Seu trabalho denunciou as mazelas da sociedade em mais de 40 pa\u00edses e chamou a aten\u00e7\u00e3o para a import\u00e2ncia da justi\u00e7a social e da preserva\u00e7\u00e3o do meio ambiente.<\/p>\n<p>Ele nasceu em Aimor\u00e9s, no interior de Minas Gerais, e formou-se em Economia antes de migrar para a fotografia. Mestre em economia pela Universidade de S\u00e3o Paulo (1968) e doutor pela Universidade de Paris (1971), ele trabalhava na Organiza\u00e7\u00e3o Internacional do Caf\u00e9, em Londres, quando iniciou o desejo de fotografar. O trabalho exigia muitas viagens \u00e0 \u00c1frica e Salgado gostava de documentar o que via.<\/p>\n<p>Em 1974, fez seu primeiro trabalho como fot\u00f3grafo freelancer para a ag\u00eancia\u00a0<i>Sygma<\/i>. Rapidamente se destacou, sendo contratado por outra ag\u00eancia, a\u00a0<i>Gamma<\/i>. No final de 1979, Salgado passou a integrar a\u00a0<i>Magnum<\/i>, cooperativa que revolucionou a fotografia documental no s\u00e9culo 20, fundada por nomes como Henri Cartier-Bresson e Robert Capa.<\/p>\n<p>Na d\u00e9cada de 1980, o fot\u00f3grafo j\u00e1 havia se estabelecido o suficiente para financiar projetos pessoais. No livro\u00a0<i>Outras Am\u00e9ricas<\/i>, de 1986, ele registrou povos ind\u00edgena de toda a Am\u00e9rica Latina. J\u00e1 com a s\u00e9rie\u00a0<i>Trabalhadores<\/i>, de 1997, documentou o trabalho manual e penoso de indiv\u00edduos ao redor do mundo, de minas de enxofre na Indon\u00e9sia \u00e0 pesca de atum na Sic\u00edlia.<\/p>\n<p>Durante a produ\u00e7\u00e3o da s\u00e9rie, Salgado realizou um dos trabalhos pelo qual \u00e9 mais lembrado: o registro de garimpeiros na Serra Pelada, no Par\u00e1, que revela as condi\u00e7\u00f5es desumanas em que a extra\u00e7\u00e3o do ouro ocorria. Uma das imagens da s\u00e9rie, a obra\u00a0<i>Mina de Ouro de Serra Pelada, Estado do Par\u00e1, Brasil<\/i>, foi eleita pelo jornal\u00a0<i>New York Times<\/i>\u00a0como uma das 25 imagens que definem a modernidade.<\/p>\n<p>O fot\u00f3grafo tamb\u00e9m se dedicou a registrar a vida de migrantes, desabrigados e refugiados nos livros\u00a0<i>Ex\u00f4dos<\/i>\u00a0e\u00a0<i>Retratos de Crian\u00e7as do \u00caxodo<\/i>. Para o projeto, ele viajou durante seis anos por mais de 40 pa\u00edses. \u201cEste livro [\u00caxodos] conta a hist\u00f3ria da humanidade em tr\u00e2nsito. \u00c9 uma hist\u00f3ria perturbadora, pois poucas pessoas abandonam a terra natal por vontade pr\u00f3pria\u201d, escreveu ele na introdu\u00e7\u00e3o da obra.<\/p>\n<p>Em 1994, Salgado fundou a ag\u00eancia Amazonas Images, dedicada ao seu trabalho. A maior floresta brasileira tamb\u00e9m foi tema de seus trabalhos. O fot\u00f3grafo passou seis anos viajando pela regi\u00e3o e documentando seus povos, rios, montanhas e animais. As imagens est\u00e3o reunidas em um livro e foram apresentadas em uma exposi\u00e7\u00e3o que passou por cidades como Paris, Rio de Janeiro e S\u00e3o Paulo em 2022.<\/p>\n<p>O mineiro foi reconhecido com alguns dos principais pr\u00eamios da fotografia mundial, como o Eugene Smith de Fotografia Humanit\u00e1ria, dois Pr\u00eamios ICP Infinity de Jornalismo, o Pr\u00eamio Erna e Victor Hasselblad e o pr\u00eamio de melhor livro de fotografia do ano do Festival Internacional de Arles por Workers, por Trabalhadores.<\/p>\n<p>Ele morava em Paris com a mulher, L\u00e9lia Wanick Salgado, e deixa dois filhos, Juliano, que nasceu em 1974, e Rodrigo, de 1979. Juliano \u00e9 cineasta e lan\u00e7ou em 2015, ao lado do diretor Wim Wenders, o document\u00e1rio\u00a0<i>O Sal da Terra<\/i>, que conta a trajet\u00f3ria de seu pai. O longa foi indicado ao Oscar de Melhor Document\u00e1rio e recebeu o pr\u00eamio C\u00e9sar, principal premia\u00e7\u00e3o do cinema franc\u00eas.<\/p>\n<\/div>\n<p><br \/>\n<br \/><a href=\"https:\/\/www.tribunaribeirao.com.br\/morre-sebastiao-salgado-um-dos-maiores-fotografos-do-mundo-aos-81-anos\/\">Source link <\/a><\/p>\n<!-- CONTENT END 1 -->\n","protected":false},"excerpt":{"rendered":"<p>Sebasti\u00e3o Salgado, um dos maiores nomes da fotografia mundial, morreu na Fran\u00e7a, aos 81 anos. A informa\u00e7\u00e3o foi confirmada pelo Instituto Terra, fundado pelo fot\u00f3grafo&#8230;<\/p>\n","protected":false},"author":1,"featured_media":70190,"comment_status":"open","ping_status":"open","sticky":false,"template":"","format":"standard","meta":{"advanced_seo_description":"","jetpack_seo_html_title":"","jetpack_seo_noindex":false,"jetpack_post_was_ever_published":false,"_jetpack_newsletter_access":"","_jetpack_dont_email_post_to_subs":false,"_jetpack_newsletter_tier_id":0,"_jetpack_memberships_contains_paywalled_content":false,"_jetpack_memberships_contains_paid_content":false,"footnotes":"","jetpack_publicize_message":"","jetpack_publicize_feature_enabled":true,"jetpack_social_post_already_shared":true,"jetpack_social_options":{"image_generator_settings":{"template":"highway","default_image_id":0,"font":"","enabled":false},"version":2}},"categories":[11],"tags":[],"class_list":["post-70189","post","type-post","status-publish","format-standard","has-post-thumbnail","hentry","category-noticias-de-ribeirao-preto-sp-e-regiao-ismael-colosi"],"jetpack_publicize_connections":[],"jetpack_featured_media_url":"https:\/\/i0.wp.com\/noticiasribeiraopreto.com.br\/wp-content\/uploads\/2025\/05\/sebastiao-salgado-em-cena-do-documentario-o-sal-da-terra-de-wim-wenders-e-juliano-ribeiro-salgado-1560875436225_v2_900x506.jpg?fit=900%2C506&ssl=1","jetpack-related-posts":[{"id":72485,"url":"https:\/\/noticiasribeiraopreto.com.br\/index.php\/2025\/06\/17\/morre-o-fotografo-osmar-cardes\/","url_meta":{"origin":70189,"position":0},"title":"Morre o fot\u00f3grafo Osmar Cardes","author":"noticiasribeiraopreto.com.br","date":"17 de June de 2025","format":false,"excerpt":"Profissional recebeu pr\u00eamio Vladmir Herzog por cobertura do Levante de Guariba, em 1984 17 de junho de 2025 17:583 Compartilhar1 Por: Adalberto Luque Morreu no final da tarde desta ter\u00e7a-feira o fot\u00f3grafo Osmar Cardes. Nascido em Pontal, ele passou pelos principais jornais de Ribeir\u00e3o Preto nas d\u00e9cadas de 1970 e\u2026","rel":"","context":"In &quot;Not\u00edcias de Ribeir\u00e3o Preto-SP e Regi\u00e3o&quot;","block_context":{"text":"Not\u00edcias de Ribeir\u00e3o Preto-SP e Regi\u00e3o","link":"https:\/\/noticiasribeiraopreto.com.br\/index.php\/category\/noticias-de-ribeirao-preto-sp-e-regiao-ismael-colosi\/"},"img":{"alt_text":"","src":"https:\/\/i0.wp.com\/noticiasribeiraopreto.com.br\/wp-content\/uploads\/2025\/06\/FOTO-02-Osmar-Cardes-Foto-Redes-Sociais-Facebook-scaled.jpg?fit=500%2C500&ssl=1&resize=350%2C200","width":350,"height":200},"classes":[]},{"id":64428,"url":"https:\/\/noticiasribeiraopreto.com.br\/index.php\/2025\/03\/08\/jornal-da-franca-fotos-de-casamento-retratos-classicos-e-inteligencia-artificial-lideram-tendencias\/","url_meta":{"origin":70189,"position":1},"title":"Jornal da Franca &#8211; Fotos de casamento: retratos cl\u00e1ssicos e intelig\u00eancia artificial lideram tend\u00eancias","author":"noticiasribeiraopreto.com.br","date":"8 de March de 2025","format":false,"excerpt":"Os casais de hoje querem ter acesso \u00e0s suas fotos o mais r\u00e1pido poss\u00edvel e n\u00e3o est\u00e3o dispostos a esperar semanas ou meses. Uma pesquisa realizada pela Aftershoot, plataforma criada para simplificar o fluxo de trabalho dos fot\u00f3grafos, revela quais s\u00e3o as principais tend\u00eancias de fotos para quem vai se\u2026","rel":"","context":"In &quot;Not\u00edcias de Franca-SP&quot;","block_context":{"text":"Not\u00edcias de Franca-SP","link":"https:\/\/noticiasribeiraopreto.com.br\/index.php\/category\/noticias-de-ribeirao-preto-sp-e-regiao-ismael-colosi\/noticias-franca-sp\/"},"img":{"alt_text":"","src":"https:\/\/i0.wp.com\/noticiasribeiraopreto.com.br\/wp-content\/uploads\/2025\/03\/Divulgacao-Lucas-Lermen.jpg?fit=1200%2C799&ssl=1&resize=350%2C200","width":350,"height":200,"srcset":"https:\/\/i0.wp.com\/noticiasribeiraopreto.com.br\/wp-content\/uploads\/2025\/03\/Divulgacao-Lucas-Lermen.jpg?fit=1200%2C799&ssl=1&resize=350%2C200 1x, https:\/\/i0.wp.com\/noticiasribeiraopreto.com.br\/wp-content\/uploads\/2025\/03\/Divulgacao-Lucas-Lermen.jpg?fit=1200%2C799&ssl=1&resize=525%2C300 1.5x, https:\/\/i0.wp.com\/noticiasribeiraopreto.com.br\/wp-content\/uploads\/2025\/03\/Divulgacao-Lucas-Lermen.jpg?fit=1200%2C799&ssl=1&resize=700%2C400 2x, https:\/\/i0.wp.com\/noticiasribeiraopreto.com.br\/wp-content\/uploads\/2025\/03\/Divulgacao-Lucas-Lermen.jpg?fit=1200%2C799&ssl=1&resize=1050%2C600 3x"},"classes":[]},{"id":45719,"url":"https:\/\/noticiasribeiraopreto.com.br\/index.php\/2024\/04\/05\/inscricoes-para-o-2o-circuito-internacional-brasileiro-de-fotografia-termina-dia-8-de-abril\/","url_meta":{"origin":70189,"position":2},"title":"Inscri\u00e7\u00f5es para o Circuito Internacional Brasileiro de Fotografia termina dia 8","author":"noticiasribeiraopreto.com.br","date":"5 de April de 2024","format":false,"excerpt":"Os Amigos da Fotografia de Ribeir\u00e3o Preto informam que as inscri\u00e7\u00f5es para a participa\u00e7\u00e3o de fot\u00f3grafos no 2\u00ba Circuito Internacional Fotogr\u00e1fico Brasileiro est\u00e3o abertas at\u00e9 o dia 8 de abril.\u00a0 A iniciativa tem apoio da Confedera\u00e7\u00e3o Brasileira de Fotografia (CONFOTO), da International Association of Art Photographers (IAAP), da Federa\u00e7\u00e3o Internacional\u2026","rel":"","context":"In &quot;Not\u00edcias de Ribeir\u00e3o Preto-SP e Regi\u00e3o&quot;","block_context":{"text":"Not\u00edcias de Ribeir\u00e3o Preto-SP e Regi\u00e3o","link":"https:\/\/noticiasribeiraopreto.com.br\/index.php\/category\/noticias-de-ribeirao-preto-sp-e-regiao-ismael-colosi\/"},"img":{"alt_text":"","src":"","width":0,"height":0},"classes":[]},{"id":16838,"url":"https:\/\/noticiasribeiraopreto.com.br\/index.php\/2023\/12\/16\/sodie-amplia-sua-linha-de-salgados\/","url_meta":{"origin":70189,"position":3},"title":"Sodi\u00ea amplia sua linha de salgados","author":"noticiasribeiraopreto.com.br","date":"16 de December de 2023","format":false,"excerpt":"A Sodi\u00ea, com um card\u00e1pio j\u00e1 conhecido por seus deliciosos bolos e doces, est\u00e1 expandindo sua linha de salgados, oferecendo aos clientes ainda mais op\u00e7\u00f5es para diversos momentos de consumo. Todas as lojas da franquia ampliaram seu portf\u00f3lio de sabores com a chegada do minipastel de frango com requeij\u00e3o, minipastel\u2026","rel":"","context":"In &quot;Variedades&quot;","block_context":{"text":"Variedades","link":"https:\/\/noticiasribeiraopreto.com.br\/index.php\/category\/variedades\/"},"img":{"alt_text":"","src":"https:\/\/i0.wp.com\/noticiasribeiraopreto.com.br\/wp-content\/uploads\/2023\/12\/whatsapp-image-2023-12-14-at-102420.jpeg?fit=1200%2C638&ssl=1&resize=350%2C200","width":350,"height":200,"srcset":"https:\/\/i0.wp.com\/noticiasribeiraopreto.com.br\/wp-content\/uploads\/2023\/12\/whatsapp-image-2023-12-14-at-102420.jpeg?fit=1200%2C638&ssl=1&resize=350%2C200 1x, https:\/\/i0.wp.com\/noticiasribeiraopreto.com.br\/wp-content\/uploads\/2023\/12\/whatsapp-image-2023-12-14-at-102420.jpeg?fit=1200%2C638&ssl=1&resize=525%2C300 1.5x, https:\/\/i0.wp.com\/noticiasribeiraopreto.com.br\/wp-content\/uploads\/2023\/12\/whatsapp-image-2023-12-14-at-102420.jpeg?fit=1200%2C638&ssl=1&resize=700%2C400 2x, https:\/\/i0.wp.com\/noticiasribeiraopreto.com.br\/wp-content\/uploads\/2023\/12\/whatsapp-image-2023-12-14-at-102420.jpeg?fit=1200%2C638&ssl=1&resize=1050%2C600 3x"},"classes":[]},{"id":69923,"url":"https:\/\/noticiasribeiraopreto.com.br\/index.php\/2025\/05\/10\/fotografo-de-ribeirao-preto-recebe-mencao-honrosa-em-festival-internacional\/","url_meta":{"origin":70189,"position":4},"title":"Fot\u00f3grafo de Ribeir\u00e3o Preto recebe men\u00e7\u00e3o honrosa em festival internacional","author":"noticiasribeiraopreto.com.br","date":"10 de May de 2025","format":false,"excerpt":"O fot\u00f3grafo Max Cardoso, de Ribeir\u00e3o Preto, conquistou men\u00e7\u00e3o honrosa no Festival Internacional de Fotografia Bras\u00edlia Photo Show 2024 com a obra \u201cVoar\u201d, na \u00faltima quinta-feira (8). A imagem agora integra a exposi\u00e7\u00e3o do MAB (Museu de Arte de Bras\u00edlia). A fotografia foi feita de forma espont\u00e2nea, no quintal da\u2026","rel":"","context":"In &quot;Not\u00edcias de Ribeir\u00e3o Preto-SP e Regi\u00e3o&quot;","block_context":{"text":"Not\u00edcias de Ribeir\u00e3o Preto-SP e Regi\u00e3o","link":"https:\/\/noticiasribeiraopreto.com.br\/index.php\/category\/noticias-de-ribeirao-preto-sp-e-regiao-ismael-colosi\/"},"img":{"alt_text":"","src":"https:\/\/i0.wp.com\/noticiasribeiraopreto.com.br\/wp-content\/uploads\/2025\/05\/Copia-de-Copia-de-Copia-de-TAMANHO-EXATO-PARA-FOTOS-NO-SISTEMA-NOVO-66_2025-05-10_17-35-59.webp.webp?fit=1200%2C675&ssl=1&resize=350%2C200","width":350,"height":200,"srcset":"https:\/\/i0.wp.com\/noticiasribeiraopreto.com.br\/wp-content\/uploads\/2025\/05\/Copia-de-Copia-de-Copia-de-TAMANHO-EXATO-PARA-FOTOS-NO-SISTEMA-NOVO-66_2025-05-10_17-35-59.webp.webp?fit=1200%2C675&ssl=1&resize=350%2C200 1x, https:\/\/i0.wp.com\/noticiasribeiraopreto.com.br\/wp-content\/uploads\/2025\/05\/Copia-de-Copia-de-Copia-de-TAMANHO-EXATO-PARA-FOTOS-NO-SISTEMA-NOVO-66_2025-05-10_17-35-59.webp.webp?fit=1200%2C675&ssl=1&resize=525%2C300 1.5x, https:\/\/i0.wp.com\/noticiasribeiraopreto.com.br\/wp-content\/uploads\/2025\/05\/Copia-de-Copia-de-Copia-de-TAMANHO-EXATO-PARA-FOTOS-NO-SISTEMA-NOVO-66_2025-05-10_17-35-59.webp.webp?fit=1200%2C675&ssl=1&resize=700%2C400 2x, https:\/\/i0.wp.com\/noticiasribeiraopreto.com.br\/wp-content\/uploads\/2025\/05\/Copia-de-Copia-de-Copia-de-TAMANHO-EXATO-PARA-FOTOS-NO-SISTEMA-NOVO-66_2025-05-10_17-35-59.webp.webp?fit=1200%2C675&ssl=1&resize=1050%2C600 3x"},"classes":[]},{"id":59626,"url":"https:\/\/noticiasribeiraopreto.com.br\/index.php\/2024\/10\/27\/morre-ruy-salgado-ribeiro-ex-secretario-da-prefeitura-de-ribeirao-preto\/","url_meta":{"origin":70189,"position":5},"title":"Morre Ruy Salgado Ribeiro, ex-secret\u00e1rio da Prefeitura de Ribeir\u00e3o Preto","author":"noticiasribeiraopreto.com.br","date":"27 de October de 2024","format":false,"excerpt":"Morreu neste s\u00e1bado (26), o ex-secret\u00e1rio da Prefeitura de Ribeir\u00e3o Preto, Ruy Salgado Ribeiro, aos 79 anos. A causa da morte n\u00e3o foi divulgada. O prefeito Duarte Nogueira emitiu nota de pesar, em que cita a atua\u00e7\u00e3o de Ruy \u00e0 frente da Pasta do Planejamento, no ano de 2017, durante\u2026","rel":"","context":"In &quot;Not\u00edcias de Ribeir\u00e3o Preto-SP e Regi\u00e3o&quot;","block_context":{"text":"Not\u00edcias de Ribeir\u00e3o Preto-SP e Regi\u00e3o","link":"https:\/\/noticiasribeiraopreto.com.br\/index.php\/category\/noticias-de-ribeirao-preto-sp-e-regiao-ismael-colosi\/"},"img":{"alt_text":"","src":"https:\/\/i0.wp.com\/noticiasribeiraopreto.com.br\/wp-content\/uploads\/2024\/10\/RUY-SALGADO_2024-10-27_10-32-37_jpg_2024-10-27_10-32-37.webp.webp?fit=1200%2C698&ssl=1&resize=350%2C200","width":350,"height":200,"srcset":"https:\/\/i0.wp.com\/noticiasribeiraopreto.com.br\/wp-content\/uploads\/2024\/10\/RUY-SALGADO_2024-10-27_10-32-37_jpg_2024-10-27_10-32-37.webp.webp?fit=1200%2C698&ssl=1&resize=350%2C200 1x, https:\/\/i0.wp.com\/noticiasribeiraopreto.com.br\/wp-content\/uploads\/2024\/10\/RUY-SALGADO_2024-10-27_10-32-37_jpg_2024-10-27_10-32-37.webp.webp?fit=1200%2C698&ssl=1&resize=525%2C300 1.5x, https:\/\/i0.wp.com\/noticiasribeiraopreto.com.br\/wp-content\/uploads\/2024\/10\/RUY-SALGADO_2024-10-27_10-32-37_jpg_2024-10-27_10-32-37.webp.webp?fit=1200%2C698&ssl=1&resize=700%2C400 2x, https:\/\/i0.wp.com\/noticiasribeiraopreto.com.br\/wp-content\/uploads\/2024\/10\/RUY-SALGADO_2024-10-27_10-32-37_jpg_2024-10-27_10-32-37.webp.webp?fit=1200%2C698&ssl=1&resize=1050%2C600 3x"},"classes":[]}],"jetpack_sharing_enabled":true,"jetpack_shortlink":"https:\/\/wp.me\/peQAOb-ig5","_links":{"self":[{"href":"https:\/\/noticiasribeiraopreto.com.br\/index.php\/wp-json\/wp\/v2\/posts\/70189","targetHints":{"allow":["GET"]}}],"collection":[{"href":"https:\/\/noticiasribeiraopreto.com.br\/index.php\/wp-json\/wp\/v2\/posts"}],"about":[{"href":"https:\/\/noticiasribeiraopreto.com.br\/index.php\/wp-json\/wp\/v2\/types\/post"}],"author":[{"embeddable":true,"href":"https:\/\/noticiasribeiraopreto.com.br\/index.php\/wp-json\/wp\/v2\/users\/1"}],"replies":[{"embeddable":true,"href":"https:\/\/noticiasribeiraopreto.com.br\/index.php\/wp-json\/wp\/v2\/comments?post=70189"}],"version-history":[{"count":0,"href":"https:\/\/noticiasribeiraopreto.com.br\/index.php\/wp-json\/wp\/v2\/posts\/70189\/revisions"}],"wp:featuredmedia":[{"embeddable":true,"href":"https:\/\/noticiasribeiraopreto.com.br\/index.php\/wp-json\/wp\/v2\/media\/70190"}],"wp:attachment":[{"href":"https:\/\/noticiasribeiraopreto.com.br\/index.php\/wp-json\/wp\/v2\/media?parent=70189"}],"wp:term":[{"taxonomy":"category","embeddable":true,"href":"https:\/\/noticiasribeiraopreto.com.br\/index.php\/wp-json\/wp\/v2\/categories?post=70189"},{"taxonomy":"post_tag","embeddable":true,"href":"https:\/\/noticiasribeiraopreto.com.br\/index.php\/wp-json\/wp\/v2\/tags?post=70189"}],"curies":[{"name":"wp","href":"https:\/\/api.w.org\/{rel}","templated":true}]}}