{"id":70193,"date":"2025-05-23T15:37:14","date_gmt":"2025-05-23T18:37:14","guid":{"rendered":"https:\/\/noticiasribeiraopreto.com.br\/index.php\/2025\/05\/23\/jornal-da-franca-receita-caseira-saiba-se-a-toalha-molhada-na-cabeceira-da-cama-resolve-a-tosse-seca\/"},"modified":"2025-05-23T15:37:14","modified_gmt":"2025-05-23T18:37:14","slug":"jornal-da-franca-receita-caseira-saiba-se-a-toalha-molhada-na-cabeceira-da-cama-resolve-a-tosse-seca","status":"publish","type":"post","link":"https:\/\/noticiasribeiraopreto.com.br\/index.php\/2025\/05\/23\/jornal-da-franca-receita-caseira-saiba-se-a-toalha-molhada-na-cabeceira-da-cama-resolve-a-tosse-seca\/","title":{"rendered":"Jornal da Franca &#8211; Receita caseira: saiba se a toalha molhada na cabeceira da cama resolve a tosse seca"},"content":{"rendered":"<p> <br \/>\n<\/p>\n<div>\n\t                            <a class=\"mb-1\" href=\"https:\/\/api.whatsapp.com\/send?text=Olha essa Not\u00edcia no Jornal da Franca.%0D%0D*Receita caseira: saiba se a toalha molhada na cabeceira da cama resolve a tosse seca*%0D%0Dclique na url abaixo%0Dhttps:\/\/www.jornaldafranca.com.br\/receita-caseira-saiba-se-a-toalha-molhada-na-cabeceira-da-cama-resolve-a-tosse-seca\/\" target=\"_blank\"><span class=\"text-12 badge badge-pill badge-success\"><i class=\"fa fa-whatsapp\"\/> compartilhar no whatsapp<\/span><\/a><\/p>\n<p>\t                            <a class=\"mb-1\" href=\"https:\/\/telegram.me\/share\/url?url=https:\/\/www.jornaldafranca.com.br\/receita-caseira-saiba-se-a-toalha-molhada-na-cabeceira-da-cama-resolve-a-tosse-seca\/&amp;text=Olha essa Not\u00edcia no Jornal da Franca.\" target=\"_blank\"><span class=\"text-12 badge badge-pill badge-info\"><i class=\"fa fa-telegram\"\/> compartilhar no telegram<\/span><\/a><\/p>\n<p>\t                            <a class=\"mb-1\" href=\"https:\/\/www.facebook.com\/sharer\/sharer.php?u=https:\/\/www.jornaldafranca.com.br\/receita-caseira-saiba-se-a-toalha-molhada-na-cabeceira-da-cama-resolve-a-tosse-seca\/\" target=\"_blank\"><span class=\"text-12 badge badge-pill badge-primary\"><i class=\"fa fa-facebook\"\/> compartilhar no facebook<\/span><\/a><\/p>\n<p>\t                            <a class=\"mb-1\" href=\"https:\/\/www.linkedin.com\/shareArticle?mini=true&amp;url=https:\/\/www.jornaldafranca.com.br\/receita-caseira-saiba-se-a-toalha-molhada-na-cabeceira-da-cama-resolve-a-tosse-seca\/&amp;title=Receita caseira: saiba se a toalha molhada na cabeceira da cama resolve a tosse seca&amp;source=JORNAL DA FRANCA\" target=\"_blank\"><span class=\"text-12 badge badge-pill badge-secondary\"><i class=\"fa fa-linkedin\"\/> compartilhar no linkedin<\/span><\/a><\/p>\n<div class=\"lead text-20\">\n<p>A toalha na cabeceira da cama faz parte das receitas caseiras populares que todos conhecemos<\/p>\n<\/p><\/div>\n<p><img data-recalc-dims=\"1\" decoding=\"async\" src=\"https:\/\/i0.wp.com\/jornaldafranca.com.br\/storage\/app\/media\/01.%20Rosana\/calor%20tempo%20seco%20toalha%20molhada.jpg?ssl=1\" data-verified=\"redactor\"\/><\/p>\n<h6>A toalha na cabeceira da cama faz parte das receitas caseiras populares que todos conhecemos<\/h6>\n<p>C\u200bom a recente inconst\u00e2ncia das chuvas e as altas temperaturas registradas nos \u00faltimos dias, a umidade relativa do ar tende a ficar mais baixa, nos pr\u00f3ximos dias, segundo o Instituto Nacional de Meteorologia (Inmet).<\/p>\n<p>A tend\u00eancia \u00e9 que o calor e a sensa\u00e7\u00e3o t\u00e9rmica aumentem. Assim, vale qualquer alternativa para n\u00e3o \u201cderreter\u201d e respirar melhor.<\/p>\n<p>Especialistas explicam quais cuidados tomar para evitar o comprometimento da respira\u00e7\u00e3o durante esse per\u00edodo, al\u00e9m de desmistificar alguns truques caseiros.<\/p>\n<p>De acordo com a otorrinolaringologista Juliane Moreira Barbosa, sem os cuidados devidos, o ar seco pode causar inflama\u00e7\u00f5es ou les\u00f5es ao aparelho respirat\u00f3rio.<\/p>\n<p>Outro ponto destacado pela especialista \u00e9 que, quando h\u00e1 diminui\u00e7\u00e3o nas chuvas, a incid\u00eancia dos poluentes atmosf\u00e9ricos, considerados vil\u00f5es do aparelho respirat\u00f3rio, aumenta.<\/p>\n<p>\u201cO ar precisa ser umidificado antes de chegar aos pulm\u00f5es, para que a sua fun\u00e7\u00e3o de oxigena\u00e7\u00e3o seja adequada, a chamada troca gasosa, na qual o oxig\u00eanio entra e o g\u00e1s carb\u00f4nico \u00e9 eliminado\u201d, esclarece.<\/p>\n<p>Para ajudar a amenizar os efeitos do calor e da secura do ar, que incluem ressecamento das mucosas, dor de cabe\u00e7a, garganta seca e at\u00e9 sangramentos no nariz, \u00e9 natural recorrer a eletrodom\u00e9sticos ou medidas caseiras.<\/p>\n<p>Juliane explica a efic\u00e1cia de algumas delas:<\/p>\n<p><strong data-verified=\"redactor\">Toalha molhada e bacia com \u00e1gua\u200b<\/strong><\/p>\n<p>Molhar toalhas e manter bacias com \u00e1gua por perto s\u00e3o truques eficientes contra o ar seco do ambiente.<\/p>\n<p>Juliane explica que, embora n\u00e3o apresentem a mesma efic\u00e1cia que umidificadores, servem de solu\u00e7\u00e3o para quem precisa imediatamente ou n\u00e3o tem acesso aos aparelhos el\u00e9tricos.<\/p>\n<p>No entanto, \u00e9 preciso tomar precau\u00e7\u00f5es ao aderir aos truques caseiros. N\u00e3o \u00e9 recomendado deixar bacias ou baldes com \u00e1gua perto de crian\u00e7as pequenas. Isso pode causar acidentes.<\/p>\n<p>No caso das toalhas, \u00e9 indicado manter janelas e portas abertas para arejar o ambiente e evitar a prolifera\u00e7\u00e3o de fungos e bact\u00e9rias. Al\u00e9m disso, o ideal \u00e9 que o item fique aberto, nunca enrolado, porque pode acarretar mau cheiro.<\/p>\n<p><strong data-verified=\"redactor\">Umidificador\u200b<\/strong><\/p>\n<p>Conhecido pela utilidade durante os per\u00edodos de estiagem, os umidificadores s\u00e3o aliados contra a baixa umidade do ar.<\/p>\n<p>Por\u00e9m, segundo Juliane, \u00e9 importante saber como usar, do contr\u00e1rio, s\u00e3o capazes de aumentar a prolifera\u00e7\u00e3o de fungos e \u00e1caros. Assim, o dano respirat\u00f3rio \u00e9 ainda maior do que a secura do ar.<\/p>\n<p>\u201c\u00c9 recomendado por per\u00edodos curtos, cerca de uma a duas horas antes de dormir, de prefer\u00eancia no banheiro. Quando ligado por longos per\u00edodos, o aumento excessivo da umidade pode mofar m\u00f3veis, por exemplo, principalmente no quarto e na sala, com a presen\u00e7a de estofados\u201d, salienta a especialista.<\/p>\n<p><strong data-verified=\"redactor\">\u201cPode umidificar o quanto quiser?\u201d\u200b<\/strong><\/p>\n<p>Nem sempre a m\u00e1xima \u201cquanto mais, melhor\u201d \u00e9 eficiente.<\/p>\n<p>A otorrinolaringologista afirma que o excesso de umidade no ar prejudica as vias respirat\u00f3rias, tal qual a secura do ar.<\/p>\n<p>Utilizar umidificadores por longos per\u00edodos \u00e9 um exemplo de exagero, porque, conforme salienta Juliane, pode causar \u201co aumento da prolifera\u00e7\u00e3o de fungos e \u00e1caros\u201d.<\/p>\n<p><strong data-verified=\"redactor\">Ventiladores e ar-condicionado\u200b<\/strong><\/p>\n<p>Funcionais contra o calor, o ventilador e o ar-condicionado n\u00e3o s\u00e3o t\u00e3o indicados para o per\u00edodo seco.<\/p>\n<p>\u201cA falta de manuten\u00e7\u00e3o e limpeza adequada dos aparelhos pode causar e agravar problemas respirat\u00f3rios como asma, rinite, sinusite e pneumonia\u201d, assegura Juliane.<\/p>\n<p>Desse modo, o ideal \u00e9 \u201credobrar a aten\u00e7\u00e3o com a higieniza\u00e7\u00e3o dos aparelhos\u201d. A m\u00e9dica afirma que, no caso do ar-condicionado, \u201ca troca dos filtros deve ser seguida de acordo com as orienta\u00e7\u00f5es do fabricante para evitar o ac\u00famulo de fungos e bact\u00e9rias\u201d.<\/p>\n<p>\u201c\u00c9 indicado, ainda, que o vento n\u00e3o esteja diretamente voltado para o usu\u00e1rio e a temperatura seja mantida entre 20\u00b0C e 22\u00b0C, evitando o resfriamento excessivo\u201d, completa.<\/p>\n<p>No caso do ventilador, as h\u00e9lices e estruturas do objeto devem ser higienizadas com frequ\u00eancia, porque acumulam e lan\u00e7am poeira no ar.<\/p>\n<p>Al\u00e9m disso, Juliane recomenda que o aparelho \u201cn\u00e3o fique direcionado ao usu\u00e1rio\u201d a fim de evitar tosse, coriza, congest\u00e3o nasal, dores de garganta e outros problemas respirat\u00f3rios.<\/p>\n<p><strong data-verified=\"redactor\">Cuidados\u200b<\/strong><\/p>\n<p>A otorrino elenca alguns das precau\u00e7\u00f5es essenciais para evitar ressecamento das vias a\u00e9reas e manter a sa\u00fade em dia, mesmo durante per\u00edodos de baixa umidade relativa do ar. Confira:<\/p>\n<p>\u2013 Lave as narinas com frequ\u00eancia com soro fisiol\u00f3gico. O ideal \u00e9 que seja feita a limpeza, pelo menos, duas vezes ao dia. \u201cNos pacientes que est\u00e3o em crise de rinite, recomendamos uma frequ\u00eancia de quatro vezes ao dia\u201d, ressalta Juliane;<\/p>\n<p>\u2013 Evite ambientes com polui\u00e7\u00e3o, como fuma\u00e7as de cigarro, para n\u00e3o comprometer a respira\u00e7\u00e3o e desenvolver problemas de sa\u00fade;<\/p>\n<p>\u2013 Prefira a pr\u00e1tica de exerc\u00edcios em hor\u00e1rios em que a temperatura \u00e9 mais baixa, como antes das 10h da manh\u00e3 e ap\u00f3s \u00e0s 16h, quando a incid\u00eancia do sol ainda n\u00e3o \u00e9 t\u00e3o forte;<\/p>\n<p>\u2013 Higienize locais que podem acumular poeira e sujeira, como ch\u00e3os e m\u00f3veis, para que n\u00e3o haja a prolifera\u00e7\u00e3o de fungos e \u00e1caros. Panos \u00famidos facilitam a limpeza e d\u00e3o a sensa\u00e7\u00e3o de frescor aos ambientes.<\/p>\n<p>*Informa\u00e7\u00f5es Metr\u00f3poles<\/p>\n<p><!-- CONTENT END 1 --><\/p>\n<hr\/><\/div>\n<p><br \/>\n<br \/><a href=\"https:\/\/www.jornaldafranca.com.br\/receita-caseira-saiba-se-a-toalha-molhada-na-cabeceira-da-cama-resolve-a-tosse-seca\/\">Source link <\/a><\/p>\n","protected":false},"excerpt":{"rendered":"<p>compartilhar no whatsapp compartilhar no telegram compartilhar no facebook compartilhar no linkedin A toalha na cabeceira da cama faz parte das receitas caseiras populares que&#8230;<\/p>\n","protected":false},"author":1,"featured_media":70194,"comment_status":"open","ping_status":"open","sticky":false,"template":"","format":"standard","meta":{"advanced_seo_description":"","jetpack_seo_html_title":"","jetpack_seo_noindex":false,"jetpack_post_was_ever_published":false,"_jetpack_newsletter_access":"","_jetpack_dont_email_post_to_subs":false,"_jetpack_newsletter_tier_id":0,"_jetpack_memberships_contains_paywalled_content":false,"_jetpack_memberships_contains_paid_content":false,"footnotes":"","jetpack_publicize_message":"","jetpack_publicize_feature_enabled":true,"jetpack_social_post_already_shared":true,"jetpack_social_options":{"image_generator_settings":{"template":"highway","default_image_id":0,"font":"","enabled":false},"version":2}},"categories":[3597],"tags":[],"class_list":["post-70193","post","type-post","status-publish","format-standard","has-post-thumbnail","hentry","category-noticias-franca-sp"],"jetpack_publicize_connections":[],"jetpack_featured_media_url":"https:\/\/i0.wp.com\/noticiasribeiraopreto.com.br\/wp-content\/uploads\/2025\/05\/tempo-seco.jpg?fit=1200%2C674&ssl=1","jetpack-related-posts":[{"id":72002,"url":"https:\/\/noticiasribeiraopreto.com.br\/index.php\/2025\/06\/12\/jornal-da-franca-cinco-partidas-movimentam-a-rodada-da-copa-franca-de-basquete-neste-domingo-15\/","url_meta":{"origin":70193,"position":0},"title":"Jornal da Franca &#8211; Cinco partidas movimentam a rodada da Copa Franca de Basquete neste domingo, 15","author":"noticiasribeiraopreto.com.br","date":"12 de June de 2025","format":false,"excerpt":"compartilhar no whatsapp compartilhar no telegram compartilhar no facebook compartilhar no linkedin Secretaria de Esporte e Cultura de Franca promove competi\u00e7\u00e3o com 28 equipes participantes Jogos acontecem no Gin\u00e1sio Pedroc\u00e3o a partir das 8h30, reunindo equipes da regi\u00e3o \u00a0 A tradicional Copa Franca de Basquete ter\u00e1 mais uma rodada neste\u2026","rel":"","context":"In &quot;Not\u00edcias de Franca-SP&quot;","block_context":{"text":"Not\u00edcias de Franca-SP","link":"https:\/\/noticiasribeiraopreto.com.br\/index.php\/category\/noticias-de-ribeirao-preto-sp-e-regiao-ismael-colosi\/noticias-franca-sp\/"},"img":{"alt_text":"","src":"https:\/\/i0.wp.com\/noticiasribeiraopreto.com.br\/wp-content\/uploads\/2025\/06\/Copa-Basquete.jpeg?fit=1200%2C802&ssl=1&resize=350%2C200","width":350,"height":200,"srcset":"https:\/\/i0.wp.com\/noticiasribeiraopreto.com.br\/wp-content\/uploads\/2025\/06\/Copa-Basquete.jpeg?fit=1200%2C802&ssl=1&resize=350%2C200 1x, https:\/\/i0.wp.com\/noticiasribeiraopreto.com.br\/wp-content\/uploads\/2025\/06\/Copa-Basquete.jpeg?fit=1200%2C802&ssl=1&resize=525%2C300 1.5x, https:\/\/i0.wp.com\/noticiasribeiraopreto.com.br\/wp-content\/uploads\/2025\/06\/Copa-Basquete.jpeg?fit=1200%2C802&ssl=1&resize=700%2C400 2x, https:\/\/i0.wp.com\/noticiasribeiraopreto.com.br\/wp-content\/uploads\/2025\/06\/Copa-Basquete.jpeg?fit=1200%2C802&ssl=1&resize=1050%2C600 3x"},"classes":[]},{"id":69340,"url":"https:\/\/noticiasribeiraopreto.com.br\/index.php\/2025\/05\/05\/jornal-da-franca-implantacao-de-escola-civico-militar-em-franca-e-tema-de-debates-na-camara-municipal\/","url_meta":{"origin":70193,"position":1},"title":"Jornal da Franca &#8211; Implanta\u00e7\u00e3o de escola c\u00edvico-militar em Franca \u00e9 tema de debates na C\u00e2mara Municipal","author":"noticiasribeiraopreto.com.br","date":"5 de May de 2025","format":false,"excerpt":"compartilhar no whatsapp compartilhar no telegram compartilhar no facebook compartilhar no linkedin Mun\u00edcipe agradece apoio de vereadores e parlamentares para que Franca fosse contemplada com o modelo educacional A implanta\u00e7\u00e3o do Programa das Escolas C\u00edvico-Militares em Franca, pauta defendida pela direita, foi tema abordado durante a sess\u00e3o ordin\u00e1ria da C\u00e2mara\u2026","rel":"","context":"In &quot;Not\u00edcias de Franca-SP&quot;","block_context":{"text":"Not\u00edcias de Franca-SP","link":"https:\/\/noticiasribeiraopreto.com.br\/index.php\/category\/noticias-de-ribeirao-preto-sp-e-regiao-ismael-colosi\/noticias-franca-sp\/"},"img":{"alt_text":"","src":"https:\/\/i0.wp.com\/noticiasribeiraopreto.com.br\/wp-content\/uploads\/2025\/05\/1746449336_plenariodiagonal_0.jpg?fit=930%2C558&ssl=1&resize=350%2C200","width":350,"height":200,"srcset":"https:\/\/i0.wp.com\/noticiasribeiraopreto.com.br\/wp-content\/uploads\/2025\/05\/1746449336_plenariodiagonal_0.jpg?fit=930%2C558&ssl=1&resize=350%2C200 1x, https:\/\/i0.wp.com\/noticiasribeiraopreto.com.br\/wp-content\/uploads\/2025\/05\/1746449336_plenariodiagonal_0.jpg?fit=930%2C558&ssl=1&resize=525%2C300 1.5x, https:\/\/i0.wp.com\/noticiasribeiraopreto.com.br\/wp-content\/uploads\/2025\/05\/1746449336_plenariodiagonal_0.jpg?fit=930%2C558&ssl=1&resize=700%2C400 2x"},"classes":[]},{"id":69220,"url":"https:\/\/noticiasribeiraopreto.com.br\/index.php\/2025\/05\/03\/jornal-da-franca-socorristas-que-salvaram-crianca-em-franca-recebem-mocao-de-aplausos-da-camara\/","url_meta":{"origin":70193,"position":2},"title":"Jornal da Franca &#8211; Socorristas que salvaram crian\u00e7a em Franca\u00a0recebem Mo\u00e7\u00e3o de Aplausos da C\u00e2mara","author":"noticiasribeiraopreto.com.br","date":"3 de May de 2025","format":false,"excerpt":"compartilhar no whatsapp compartilhar no telegram compartilhar no facebook compartilhar no linkedin Mo\u00e7\u00e3o reconhece trabalho de equipe de sa\u00fade que atuou no salvamento de beb\u00ea A C\u00e2mara aprovou a Mo\u00e7\u00e3o de Aplausos n\u00ba 41 de 2025, de autoria do vereador Walker Bombeiro da Libras, para a equipe de sa\u00fade da\u2026","rel":"","context":"In &quot;Not\u00edcias de Franca-SP&quot;","block_context":{"text":"Not\u00edcias de Franca-SP","link":"https:\/\/noticiasribeiraopreto.com.br\/index.php\/category\/noticias-de-ribeirao-preto-sp-e-regiao-ismael-colosi\/noticias-franca-sp\/"},"img":{"alt_text":"","src":"https:\/\/i0.wp.com\/noticiasribeiraopreto.com.br\/wp-content\/uploads\/2025\/05\/mocaoravi17sessao.jpg?fit=1000%2C562&ssl=1&resize=350%2C200","width":350,"height":200,"srcset":"https:\/\/i0.wp.com\/noticiasribeiraopreto.com.br\/wp-content\/uploads\/2025\/05\/mocaoravi17sessao.jpg?fit=1000%2C562&ssl=1&resize=350%2C200 1x, https:\/\/i0.wp.com\/noticiasribeiraopreto.com.br\/wp-content\/uploads\/2025\/05\/mocaoravi17sessao.jpg?fit=1000%2C562&ssl=1&resize=525%2C300 1.5x, https:\/\/i0.wp.com\/noticiasribeiraopreto.com.br\/wp-content\/uploads\/2025\/05\/mocaoravi17sessao.jpg?fit=1000%2C562&ssl=1&resize=700%2C400 2x"},"classes":[]},{"id":64747,"url":"https:\/\/noticiasribeiraopreto.com.br\/index.php\/2025\/03\/12\/jornal-da-franca-autoridades-e-produtores-rurais-de-franca-fazem-abertura-da-16-edicao-do-simcafe\/","url_meta":{"origin":70193,"position":3},"title":"Jornal da Franca &#8211; Autoridades e produtores rurais de Franca fazem abertura da 16\u00b0 edi\u00e7\u00e3o do SimCaf\u00e9","author":"noticiasribeiraopreto.com.br","date":"12 de March de 2025","format":false,"excerpt":"compartilhar no whatsapp compartilhar no telegram compartilhar no facebook compartilhar no linkedin Evento re\u00fane cafeicultores e empresas do setor de agro de Franca e regi\u00e3o O Simcaf\u00e9 \u2013 Simp\u00f3sio do Agroneg\u00f3cio Caf\u00e9 da Alta Mogiana \u2013 teve sua 16\u00b0 edi\u00e7\u00e3o aberta nesta ter\u00e7a-feira com a presen\u00e7a de diversas autoridades pol\u00edticas.\u2026","rel":"","context":"In &quot;Not\u00edcias de Franca-SP&quot;","block_context":{"text":"Not\u00edcias de Franca-SP","link":"https:\/\/noticiasribeiraopreto.com.br\/index.php\/category\/noticias-de-ribeirao-preto-sp-e-regiao-ismael-colosi\/noticias-franca-sp\/"},"img":{"alt_text":"","src":"https:\/\/i0.wp.com\/noticiasribeiraopreto.com.br\/wp-content\/uploads\/2025\/03\/IMG_20250311_180004.jpg?fit=804%2C730&ssl=1&resize=350%2C200","width":350,"height":200,"srcset":"https:\/\/i0.wp.com\/noticiasribeiraopreto.com.br\/wp-content\/uploads\/2025\/03\/IMG_20250311_180004.jpg?fit=804%2C730&ssl=1&resize=350%2C200 1x, https:\/\/i0.wp.com\/noticiasribeiraopreto.com.br\/wp-content\/uploads\/2025\/03\/IMG_20250311_180004.jpg?fit=804%2C730&ssl=1&resize=525%2C300 1.5x, https:\/\/i0.wp.com\/noticiasribeiraopreto.com.br\/wp-content\/uploads\/2025\/03\/IMG_20250311_180004.jpg?fit=804%2C730&ssl=1&resize=700%2C400 2x"},"classes":[]},{"id":69837,"url":"https:\/\/noticiasribeiraopreto.com.br\/index.php\/2025\/05\/09\/jornal-da-franca-comissao-da-camara-de-franca-cobra-informacoes-das-secretarias-de-saude-e-educacao\/","url_meta":{"origin":70193,"position":4},"title":"Jornal da Franca &#8211; Comiss\u00e3o da C\u00e2mara de Franca cobra informa\u00e7\u00f5es das secretarias de Sa\u00fade e Educa\u00e7\u00e3o","author":"noticiasribeiraopreto.com.br","date":"9 de May de 2025","format":false,"excerpt":"compartilhar no whatsapp compartilhar no telegram compartilhar no facebook compartilhar no linkedin Grupo de vereadores fiscaliza condi\u00e7\u00f5es de trabalho de servidores municipais Os vereadores Mar\u00edlia Martins (PSOL), Gilson Pelizaro (PT), Marcelo Tidy (MDB) e Zezinho Cabeleireiro (PSD), integrantes da Comiss\u00e3o Especial de Assuntos Relevantes (CEAR) da C\u00e2mara Municipal de Franca,\u2026","rel":"","context":"In &quot;Not\u00edcias de Franca-SP&quot;","block_context":{"text":"Not\u00edcias de Franca-SP","link":"https:\/\/noticiasribeiraopreto.com.br\/index.php\/category\/noticias-de-ribeirao-preto-sp-e-regiao-ismael-colosi\/noticias-franca-sp\/"},"img":{"alt_text":"","src":"https:\/\/i0.wp.com\/noticiasribeiraopreto.com.br\/wp-content\/uploads\/2025\/05\/pLENARIO-10.jpg?fit=930%2C558&ssl=1&resize=350%2C200","width":350,"height":200,"srcset":"https:\/\/i0.wp.com\/noticiasribeiraopreto.com.br\/wp-content\/uploads\/2025\/05\/pLENARIO-10.jpg?fit=930%2C558&ssl=1&resize=350%2C200 1x, https:\/\/i0.wp.com\/noticiasribeiraopreto.com.br\/wp-content\/uploads\/2025\/05\/pLENARIO-10.jpg?fit=930%2C558&ssl=1&resize=525%2C300 1.5x, https:\/\/i0.wp.com\/noticiasribeiraopreto.com.br\/wp-content\/uploads\/2025\/05\/pLENARIO-10.jpg?fit=930%2C558&ssl=1&resize=700%2C400 2x"},"classes":[]},{"id":67863,"url":"https:\/\/noticiasribeiraopreto.com.br\/index.php\/2025\/04\/19\/jornal-da-franca-sesi-franca-quer-vencer-o-cordoba-e-deixar-a-champions-league-de-cabeca-erguida\/","url_meta":{"origin":70193,"position":5},"title":"Jornal da Franca &#8211; Sesi Franca quer vencer o C\u00f3rdoba e deixar a Champions League de cabe\u00e7a erguida","author":"noticiasribeiraopreto.com.br","date":"19 de April de 2025","format":false,"excerpt":"compartilhar no whatsapp compartilhar no telegram compartilhar no facebook compartilhar no linkedin Jogo de hoje servir\u00e1 para a equipe se reencontrar e encerrar campeonato honrosamente O Sesi Franca ainda procura se reencontrar ap\u00f3s a elimina\u00e7\u00e3o contra o Flamengo pelas semifinais da Champions League, por 91 a 65, na noite desta\u2026","rel":"","context":"In &quot;Not\u00edcias de Franca-SP&quot;","block_context":{"text":"Not\u00edcias de Franca-SP","link":"https:\/\/noticiasribeiraopreto.com.br\/index.php\/category\/noticias-de-ribeirao-preto-sp-e-regiao-ismael-colosi\/noticias-franca-sp\/"},"img":{"alt_text":"","src":"https:\/\/i0.wp.com\/noticiasribeiraopreto.com.br\/wp-content\/uploads\/2025\/04\/IMG_20250418_111654.jpg?fit=1080%2C710&ssl=1&resize=350%2C200","width":350,"height":200,"srcset":"https:\/\/i0.wp.com\/noticiasribeiraopreto.com.br\/wp-content\/uploads\/2025\/04\/IMG_20250418_111654.jpg?fit=1080%2C710&ssl=1&resize=350%2C200 1x, https:\/\/i0.wp.com\/noticiasribeiraopreto.com.br\/wp-content\/uploads\/2025\/04\/IMG_20250418_111654.jpg?fit=1080%2C710&ssl=1&resize=525%2C300 1.5x, https:\/\/i0.wp.com\/noticiasribeiraopreto.com.br\/wp-content\/uploads\/2025\/04\/IMG_20250418_111654.jpg?fit=1080%2C710&ssl=1&resize=700%2C400 2x, https:\/\/i0.wp.com\/noticiasribeiraopreto.com.br\/wp-content\/uploads\/2025\/04\/IMG_20250418_111654.jpg?fit=1080%2C710&ssl=1&resize=1050%2C600 3x"},"classes":[]}],"jetpack_sharing_enabled":true,"jetpack_shortlink":"https:\/\/wp.me\/peQAOb-ig9","_links":{"self":[{"href":"https:\/\/noticiasribeiraopreto.com.br\/index.php\/wp-json\/wp\/v2\/posts\/70193","targetHints":{"allow":["GET"]}}],"collection":[{"href":"https:\/\/noticiasribeiraopreto.com.br\/index.php\/wp-json\/wp\/v2\/posts"}],"about":[{"href":"https:\/\/noticiasribeiraopreto.com.br\/index.php\/wp-json\/wp\/v2\/types\/post"}],"author":[{"embeddable":true,"href":"https:\/\/noticiasribeiraopreto.com.br\/index.php\/wp-json\/wp\/v2\/users\/1"}],"replies":[{"embeddable":true,"href":"https:\/\/noticiasribeiraopreto.com.br\/index.php\/wp-json\/wp\/v2\/comments?post=70193"}],"version-history":[{"count":0,"href":"https:\/\/noticiasribeiraopreto.com.br\/index.php\/wp-json\/wp\/v2\/posts\/70193\/revisions"}],"wp:featuredmedia":[{"embeddable":true,"href":"https:\/\/noticiasribeiraopreto.com.br\/index.php\/wp-json\/wp\/v2\/media\/70194"}],"wp:attachment":[{"href":"https:\/\/noticiasribeiraopreto.com.br\/index.php\/wp-json\/wp\/v2\/media?parent=70193"}],"wp:term":[{"taxonomy":"category","embeddable":true,"href":"https:\/\/noticiasribeiraopreto.com.br\/index.php\/wp-json\/wp\/v2\/categories?post=70193"},{"taxonomy":"post_tag","embeddable":true,"href":"https:\/\/noticiasribeiraopreto.com.br\/index.php\/wp-json\/wp\/v2\/tags?post=70193"}],"curies":[{"name":"wp","href":"https:\/\/api.w.org\/{rel}","templated":true}]}}