{"id":70195,"date":"2025-05-23T15:40:05","date_gmt":"2025-05-23T18:40:05","guid":{"rendered":"https:\/\/noticiasribeiraopreto.com.br\/index.php\/2025\/05\/23\/moradores-de-ribeirao-preto-recebem-r-487-milhoes-no-1o-lote-de-restituicao-do-imposto-de-renda\/"},"modified":"2025-05-23T15:40:05","modified_gmt":"2025-05-23T18:40:05","slug":"moradores-de-ribeirao-preto-recebem-r-487-milhoes-no-1o-lote-de-restituicao-do-imposto-de-renda","status":"publish","type":"post","link":"https:\/\/noticiasribeiraopreto.com.br\/index.php\/2025\/05\/23\/moradores-de-ribeirao-preto-recebem-r-487-milhoes-no-1o-lote-de-restituicao-do-imposto-de-renda\/","title":{"rendered":"Moradores de Ribeir\u00e3o Preto recebem R$ 48,7 milh\u00f5es no 1\u00ba lote de restitui\u00e7\u00e3o do Imposto de Renda"},"content":{"rendered":"<p> <br \/>\n<\/p>\n<div>\n<p>Ao todo,<strong> 26.822<\/strong> moradores de<strong> Ribeir\u00e3o Preto <\/strong>v\u00e3o receber a restitui\u00e7\u00e3o do Imposto de Renda na pr\u00f3xima sexta-feira (30). <mark style=\"background-color:#fcb900\" class=\"has-inline-color has-black-color\">O n\u00famero foi divulgado pela Receita Federal, que informou que 80.639 pessoas j\u00e1 fizeram a declara\u00e7\u00e3o do imposto na cidade<\/mark>. O prazo tamb\u00e9m termina dia 30 de maio.<\/p>\n<p>A Receita Federal informa que<mark style=\"background-color:#fcb900\" class=\"has-inline-color has-black-color\"> ser\u00e3o restitu\u00eddos R$ 48.752.991 aos moradores de Ribeir\u00e3o Preto<\/mark>. O \u00f3rg\u00e3o informa que esse ser\u00e1 a maior restitui\u00e7\u00e3o da hist\u00f3ria em n\u00famero de contribuintes e em valores.<\/p>\n<h2 class=\"wp-block-heading\"><strong>Prioridade<\/strong><\/h2>\n<p>Todo o valor, informou o Fisco, ir\u00e1 para contribuintes com prioridade no reembolso. Veja quem recebe:<\/p>\n<ul class=\"wp-block-list\">\n<li>contribuintes que usaram a declara\u00e7\u00e3o pr\u00e9-preenchida e optaram simultaneamente por receber a restitui\u00e7\u00e3o via Pix;<\/li>\n<\/ul>\n<ul class=\"wp-block-list\">\n<li>contribuintes de 60 a 79 anos;<\/li>\n<\/ul>\n<ul class=\"wp-block-list\">\n<li>contribuintes cuja maior fonte de renda seja o magist\u00e9rio;<\/li>\n<\/ul>\n<ul class=\"wp-block-list\">\n<li>contribuintes acima de 80 anos;<\/li>\n<\/ul>\n<ul class=\"wp-block-list\">\n<li>contribuintes com defici\u00eancia f\u00edsica ou mental ou doen\u00e7a grave.<\/li>\n<\/ul>\n<p>Embora n\u00e3o tenham prioridade por lei, os contribuintes que usaram dois procedimentos em conjunto, pr\u00e9-preenchida e Pix, passaram a ter prioridade no recebimento da restiui\u00e7\u00e3o neste ano.<\/p>\n<h2 class=\"wp-block-heading\"><strong>Consulta<\/strong><\/h2>\n<p>A consulta pode ser feita na p\u00e1gina da <strong>Receita Federal <\/strong>na internet <a href=\"https:\/\/www.gov.br\/receitafederal\/pt-br\">(clique aqui)<\/a>. Basta o contribuinte clicar em Meu Imposto de Renda e, em seguida, no bot\u00e3o Consultar a Restitui\u00e7\u00e3o. Tamb\u00e9m \u00e9 poss\u00edvel fazer a consulta no aplicativo da Receita Federal para tablets e smartphones.<\/p>\n<p>O pagamento ser\u00e1 feito em 30 de maio, na conta ou na chave Pix do tipo CPF informada na declara\u00e7\u00e3o do Imposto de Renda. Caso o contribuinte n\u00e3o esteja na lista, dever\u00e1 entrar no <a href=\"https:\/\/cav.receita.fazenda.gov.br\/autenticacao\/login\">CentroVirtual de Atendimento ao Contribuinte (e-CAC)<\/a>. Se verificar uma pend\u00eancia, pode enviar uma declara\u00e7\u00e3o retificadora e esperar os pr\u00f3ximos lotes da malha fina.<\/p>\n<p>Se, por algum motivo, a restitui\u00e7\u00e3o n\u00e3o for depositada na conta informada na declara\u00e7\u00e3o, como no caso de conta desativada, os valores ficar\u00e3o dispon\u00edveis para resgate por at\u00e9 um ano no Banco do Brasil.<\/p>\n<p>Nesse caso, o cidad\u00e3o poder\u00e1 agendar o cr\u00e9dito em qualquer conta banc\u00e1ria em seu nome, por meio do Portal BB ou ligando para a Central de Relacionamento do banco, nos telefones 4004-0001 (capitais), 0800-729-0001 (demais localidades) e 0800-729-0088 (telefone especial exclusivo para deficientes auditivos).<\/p>\n<p>Caso o contribuinte n\u00e3o resgate o valor de sua restitui\u00e7\u00e3o depois de um ano, dever\u00e1 requerer o valor no Portal e-CAC. Ao entrar na p\u00e1gina, o cidad\u00e3o deve acessando o menu Declara\u00e7\u00f5es e Demonstrativos, clicar em <a href=\"https:\/\/cav.receita.fazenda.gov.br\/autenticacao\/login\">Meu Imposto de Renda <\/a>e, em seguida, no campo Solicitar restitui\u00e7\u00e3o n\u00e3o resgatada na rede banc\u00e1ria (com informa\u00e7\u00f5es <strong>Wellton M\u00e1ximo\/Ag\u00eancia Brasil<\/strong>).<\/p>\n<p>SAIBA MAIS<br \/>Acidente envolve quatro carros no Anel Vi\u00e1rio Norte de Ribeir\u00e3o Preto<\/p>\n<h2 class=\"wp-block-heading\"><strong>FIQUE ON<\/strong><\/h2>\n<p>Fique ligado em tudo que acontece em Ribeir\u00e3o Preto e regi\u00e3o. Siga os perfis do<strong>\u00a0acidade on<\/strong>\u00a0no\u00a0<a href=\"https:\/\/www.instagram.com\/acidadeonribeirao\">Instagram\u00a0<\/a>e no\u00a0<a href=\"https:\/\/www.facebook.com\/acidadeonribeirao\/\">Facebook<\/a>.<\/p>\n<p>Receba not\u00edcias do<strong>\u00a0acidade on\u00a0<\/strong>no WhatsApp.<a href=\"https:\/\/chat.whatsapp.com\/BjKQZ9oJwlz8VVT50NuePq\">\u00a0Para entrar no grupo, basta clicar aqui.<\/a><\/p>\n<p>Fa\u00e7a uma den\u00fancia ou sugira uma reportagem sobre Ribeir\u00e3o Preto e regi\u00e3o pelo WhatsApp: 16 99117 7802.<\/p>\n<p>VEJA TAMB\u00c9M<br \/>Como consultar a restitui\u00e7\u00e3o do IR 2025?<\/p>\n<p><!-- CONTENT END 1 -->\n<\/div>\n<p><script async src=\"\/\/www.instagram.com\/embed.js\"><\/script><br \/>\n<br \/><br \/>\n<br \/><a href=\"https:\/\/www.acidadeon.com\/ribeiraopreto\/economia\/moradores-de-ribeirao-preto-recebem-r-487-milhoes-no-1o-lote-de-restituicao-do-imposto-de-renda\/\">Source link <\/a><\/p>\n","protected":false},"excerpt":{"rendered":"<p>Ao todo, 26.822 moradores de Ribeir\u00e3o Preto v\u00e3o receber a restitui\u00e7\u00e3o do Imposto de Renda na pr\u00f3xima sexta-feira (30). O n\u00famero foi divulgado pela Receita&#8230;<\/p>\n","protected":false},"author":1,"featured_media":46787,"comment_status":"open","ping_status":"open","sticky":false,"template":"","format":"standard","meta":{"advanced_seo_description":"","jetpack_seo_html_title":"","jetpack_seo_noindex":false,"jetpack_post_was_ever_published":false,"_jetpack_newsletter_access":"","_jetpack_dont_email_post_to_subs":false,"_jetpack_newsletter_tier_id":0,"_jetpack_memberships_contains_paywalled_content":false,"_jetpack_memberships_contains_paid_content":false,"footnotes":"","jetpack_publicize_message":"","jetpack_publicize_feature_enabled":true,"jetpack_social_post_already_shared":true,"jetpack_social_options":{"image_generator_settings":{"template":"highway","default_image_id":0,"font":"","enabled":false},"version":2}},"categories":[11],"tags":[],"class_list":["post-70195","post","type-post","status-publish","format-standard","has-post-thumbnail","hentry","category-noticias-de-ribeirao-preto-sp-e-regiao-ismael-colosi"],"jetpack_publicize_connections":[],"jetpack_featured_media_url":"https:\/\/i0.wp.com\/noticiasribeiraopreto.com.br\/wp-content\/uploads\/2024\/04\/real_moeda_dinheiro_mcajr_2904223671.webp.webp?fit=1024%2C768&ssl=1","jetpack-related-posts":[{"id":74911,"url":"https:\/\/noticiasribeiraopreto.com.br\/index.php\/2025\/07\/31\/receita-federal-paga-3o-lote-de-restituicao-do-imposto-de-renda-veja-quem-recebe\/","url_meta":{"origin":70195,"position":0},"title":"Receita Federal paga 3\u00ba lote de restitui\u00e7\u00e3o do imposto de renda; Veja quem recebe","author":"noticiasribeiraopreto.com.br","date":"31 de July de 2025","format":false,"excerpt":"A Receita Federal libera, nesta quinta-feira (31), o terceiro dos cinco lotes de restitui\u00e7\u00e3o deste ano, o maior da hist\u00f3ria em n\u00famero de contribuintes e o segundo maior em valor.\u00a0O lote tamb\u00e9m contempla restitui\u00e7\u00f5es residuais de anos anteriores. Ao todo, 7.219.048 contribuintes receber\u00e3o R$ 10 bilh\u00f5es.\u00a0A maior parte do valor,\u2026","rel":"","context":"In &quot;Not\u00edcias de Ribeir\u00e3o Preto-SP e Regi\u00e3o&quot;","block_context":{"text":"Not\u00edcias de Ribeir\u00e3o Preto-SP e Regi\u00e3o","link":"https:\/\/noticiasribeiraopreto.com.br\/index.php\/category\/noticias-de-ribeirao-preto-sp-e-regiao-ismael-colosi\/"},"img":{"alt_text":"","src":"https:\/\/i0.wp.com\/noticiasribeiraopreto.com.br\/wp-content\/uploads\/2025\/07\/ballots-1195046_1920.jpg?fit=1200%2C800&ssl=1&resize=350%2C200","width":350,"height":200,"srcset":"https:\/\/i0.wp.com\/noticiasribeiraopreto.com.br\/wp-content\/uploads\/2025\/07\/ballots-1195046_1920.jpg?fit=1200%2C800&ssl=1&resize=350%2C200 1x, https:\/\/i0.wp.com\/noticiasribeiraopreto.com.br\/wp-content\/uploads\/2025\/07\/ballots-1195046_1920.jpg?fit=1200%2C800&ssl=1&resize=525%2C300 1.5x, https:\/\/i0.wp.com\/noticiasribeiraopreto.com.br\/wp-content\/uploads\/2025\/07\/ballots-1195046_1920.jpg?fit=1200%2C800&ssl=1&resize=700%2C400 2x, https:\/\/i0.wp.com\/noticiasribeiraopreto.com.br\/wp-content\/uploads\/2025\/07\/ballots-1195046_1920.jpg?fit=1200%2C800&ssl=1&resize=1050%2C600 3x"},"classes":[]},{"id":70815,"url":"https:\/\/noticiasribeiraopreto.com.br\/index.php\/2025\/05\/30\/imposto-de-renda-veja-quem-recebe-o-maior-lote-de-restituicao-da-historia-nesta-sexta\/","url_meta":{"origin":70195,"position":1},"title":"Imposto de Renda: Veja quem recebe o maior lote de restitui\u00e7\u00e3o da hist\u00f3ria nesta sexta","author":"noticiasribeiraopreto.com.br","date":"30 de May de 2025","format":false,"excerpt":"A Receita Federal libera nesta sexta-feira (30) o primeiro dos cinco lotes de restitui\u00e7\u00e3o do Imposto de Renda Pessoa F\u00edsica (IRPF) de 2025, o maior da hist\u00f3ria em n\u00famero de contribuintes e em valor. O lote tamb\u00e9m contempla restitui\u00e7\u00f5es residuais de anos anteriores. SAIBA TAMB\u00c9M \u2013 Prazo para declarar o\u2026","rel":"","context":"In &quot;Not\u00edcias de Ribeir\u00e3o Preto-SP e Regi\u00e3o&quot;","block_context":{"text":"Not\u00edcias de Ribeir\u00e3o Preto-SP e Regi\u00e3o","link":"https:\/\/noticiasribeiraopreto.com.br\/index.php\/category\/noticias-de-ribeirao-preto-sp-e-regiao-ismael-colosi\/"},"img":{"alt_text":"","src":"https:\/\/i0.wp.com\/noticiasribeiraopreto.com.br\/wp-content\/uploads\/2025\/05\/ballots-1195046_1920.jpg?fit=1200%2C800&ssl=1&resize=350%2C200","width":350,"height":200,"srcset":"https:\/\/i0.wp.com\/noticiasribeiraopreto.com.br\/wp-content\/uploads\/2025\/05\/ballots-1195046_1920.jpg?fit=1200%2C800&ssl=1&resize=350%2C200 1x, https:\/\/i0.wp.com\/noticiasribeiraopreto.com.br\/wp-content\/uploads\/2025\/05\/ballots-1195046_1920.jpg?fit=1200%2C800&ssl=1&resize=525%2C300 1.5x, https:\/\/i0.wp.com\/noticiasribeiraopreto.com.br\/wp-content\/uploads\/2025\/05\/ballots-1195046_1920.jpg?fit=1200%2C800&ssl=1&resize=700%2C400 2x, https:\/\/i0.wp.com\/noticiasribeiraopreto.com.br\/wp-content\/uploads\/2025\/05\/ballots-1195046_1920.jpg?fit=1200%2C800&ssl=1&resize=1050%2C600 3x"},"classes":[]},{"id":72607,"url":"https:\/\/noticiasribeiraopreto.com.br\/index.php\/2025\/06\/18\/receita-federal-libera-consulta-ao-segundo-lote-de-restituicao-do-ir-veja-quando\/","url_meta":{"origin":70195,"position":2},"title":"Receita Federal libera consulta ao segundo lote de restitui\u00e7\u00e3o do IR; veja quando","author":"noticiasribeiraopreto.com.br","date":"18 de June de 2025","format":false,"excerpt":"A Receita Federal vai liberar, na pr\u00f3xima segunda-feira (23), \u00e0s 10h, a consulta ao segundo lote de restitui\u00e7\u00e3o do Imposto de Renda Pessoa F\u00edsica 2025. O lote re\u00fane o maior n\u00famero de contribuintes e o maior valor j\u00e1 registrados pela Receita. Neste lote, 6.545.322 contribuintes v\u00e3o receber R$ 11 bilh\u00f5es.\u2026","rel":"","context":"In &quot;Not\u00edcias de Ribeir\u00e3o Preto-SP e Regi\u00e3o&quot;","block_context":{"text":"Not\u00edcias de Ribeir\u00e3o Preto-SP e Regi\u00e3o","link":"https:\/\/noticiasribeiraopreto.com.br\/index.php\/category\/noticias-de-ribeirao-preto-sp-e-regiao-ismael-colosi\/"},"img":{"alt_text":"","src":"https:\/\/i0.wp.com\/noticiasribeiraopreto.com.br\/wp-content\/uploads\/2025\/06\/ja_8380_2024-09-23_13-24-14.webp.webp?fit=1170%2C700&ssl=1&resize=350%2C200","width":350,"height":200,"srcset":"https:\/\/i0.wp.com\/noticiasribeiraopreto.com.br\/wp-content\/uploads\/2025\/06\/ja_8380_2024-09-23_13-24-14.webp.webp?fit=1170%2C700&ssl=1&resize=350%2C200 1x, https:\/\/i0.wp.com\/noticiasribeiraopreto.com.br\/wp-content\/uploads\/2025\/06\/ja_8380_2024-09-23_13-24-14.webp.webp?fit=1170%2C700&ssl=1&resize=525%2C300 1.5x, https:\/\/i0.wp.com\/noticiasribeiraopreto.com.br\/wp-content\/uploads\/2025\/06\/ja_8380_2024-09-23_13-24-14.webp.webp?fit=1170%2C700&ssl=1&resize=700%2C400 2x, https:\/\/i0.wp.com\/noticiasribeiraopreto.com.br\/wp-content\/uploads\/2025\/06\/ja_8380_2024-09-23_13-24-14.webp.webp?fit=1170%2C700&ssl=1&resize=1050%2C600 3x"},"classes":[]},{"id":72921,"url":"https:\/\/noticiasribeiraopreto.com.br\/index.php\/2025\/06\/23\/receita-abre-consulta-a-lote-recorde\/","url_meta":{"origin":70195,"position":3},"title":"Receita abre consulta a lote recorde","author":"noticiasribeiraopreto.com.br","date":"23 de June de 2025","format":false,"excerpt":"A Receita Federal abre na pr\u00f3xima segunda-feira, 23 de junho, \u00e0s dez horas, consulta a mais um lote de restitui\u00e7\u00e3o do Imposto de Renda Pessoa F\u00edsica de 2025, o maior da hist\u00f3ria em n\u00famero de contribuintes e em valor. Esse \u00e9 o segundo dos cinco de 2025 e tamb\u00e9m contempla\u2026","rel":"","context":"In &quot;Not\u00edcias de Ribeir\u00e3o Preto-SP e Regi\u00e3o&quot;","block_context":{"text":"Not\u00edcias de Ribeir\u00e3o Preto-SP e Regi\u00e3o","link":"https:\/\/noticiasribeiraopreto.com.br\/index.php\/category\/noticias-de-ribeirao-preto-sp-e-regiao-ismael-colosi\/"},"img":{"alt_text":"","src":"https:\/\/i0.wp.com\/noticiasribeiraopreto.com.br\/wp-content\/uploads\/2025\/06\/LeaoIR-Joedson-Alves-Ag.Br_.-01-scaled.jpg?fit=800%2C479&ssl=1&resize=350%2C200","width":350,"height":200,"srcset":"https:\/\/i0.wp.com\/noticiasribeiraopreto.com.br\/wp-content\/uploads\/2025\/06\/LeaoIR-Joedson-Alves-Ag.Br_.-01-scaled.jpg?fit=800%2C479&ssl=1&resize=350%2C200 1x, https:\/\/i0.wp.com\/noticiasribeiraopreto.com.br\/wp-content\/uploads\/2025\/06\/LeaoIR-Joedson-Alves-Ag.Br_.-01-scaled.jpg?fit=800%2C479&ssl=1&resize=525%2C300 1.5x, https:\/\/i0.wp.com\/noticiasribeiraopreto.com.br\/wp-content\/uploads\/2025\/06\/LeaoIR-Joedson-Alves-Ag.Br_.-01-scaled.jpg?fit=800%2C479&ssl=1&resize=700%2C400 2x"},"classes":[]},{"id":76123,"url":"https:\/\/noticiasribeiraopreto.com.br\/index.php\/2025\/08\/22\/receita-federal-libera-consulta-de-restituicao-do-imposto-de-renda-veja-os-valores\/","url_meta":{"origin":70195,"position":4},"title":"Receita Federal libera consulta de restitui\u00e7\u00e3o do Imposto de Renda; Veja os valores","author":"noticiasribeiraopreto.com.br","date":"22 de August de 2025","format":false,"excerpt":"A partir das 10h desta sexta-feira (22), cerca de 1,9 milh\u00e3o de contribuintes que entregaram a Declara\u00e7\u00e3o do Imposto de Renda Pessoa F\u00edsica deste ano acertar\u00e3o as contas com o Le\u00e3o. Nesse hor\u00e1rio, a Receita Federal liberar\u00e1 a consulta ao quarto dos cinco lotes de restitui\u00e7\u00e3o de 2025. O lote\u2026","rel":"","context":"In &quot;Not\u00edcias de Ribeir\u00e3o Preto-SP e Regi\u00e3o&quot;","block_context":{"text":"Not\u00edcias de Ribeir\u00e3o Preto-SP e Regi\u00e3o","link":"https:\/\/noticiasribeiraopreto.com.br\/index.php\/category\/noticias-de-ribeirao-preto-sp-e-regiao-ismael-colosi\/"},"img":{"alt_text":"","src":"https:\/\/i0.wp.com\/noticiasribeiraopreto.com.br\/wp-content\/uploads\/2025\/08\/imposto-de-renda_2025-03-18_17-20-00_jpg_2025-03-18_17-20-00.webp.webp?fit=1200%2C800&ssl=1&resize=350%2C200","width":350,"height":200,"srcset":"https:\/\/i0.wp.com\/noticiasribeiraopreto.com.br\/wp-content\/uploads\/2025\/08\/imposto-de-renda_2025-03-18_17-20-00_jpg_2025-03-18_17-20-00.webp.webp?fit=1200%2C800&ssl=1&resize=350%2C200 1x, https:\/\/i0.wp.com\/noticiasribeiraopreto.com.br\/wp-content\/uploads\/2025\/08\/imposto-de-renda_2025-03-18_17-20-00_jpg_2025-03-18_17-20-00.webp.webp?fit=1200%2C800&ssl=1&resize=525%2C300 1.5x, https:\/\/i0.wp.com\/noticiasribeiraopreto.com.br\/wp-content\/uploads\/2025\/08\/imposto-de-renda_2025-03-18_17-20-00_jpg_2025-03-18_17-20-00.webp.webp?fit=1200%2C800&ssl=1&resize=700%2C400 2x, https:\/\/i0.wp.com\/noticiasribeiraopreto.com.br\/wp-content\/uploads\/2025\/08\/imposto-de-renda_2025-03-18_17-20-00_jpg_2025-03-18_17-20-00.webp.webp?fit=1200%2C800&ssl=1&resize=1050%2C600 3x"},"classes":[]},{"id":39005,"url":"https:\/\/noticiasribeiraopreto.com.br\/index.php\/2024\/02\/22\/veja-quem-tem-direito-ao-lote-residual-de-restituicao-do-imposto-de-renda\/","url_meta":{"origin":70195,"position":5},"title":"Veja quem tem direito ao lote residual de restitui\u00e7\u00e3o do Imposto de Renda","author":"noticiasribeiraopreto.com.br","date":"22 de February de 2024","format":false,"excerpt":"Foi aberta pela Receita Federal nesta quinta-feira (22), a consulta ao lote residual de restitui\u00e7\u00e3o do Imposto de Renda Pessoa F\u00edsica de fevereiro deste ano.\u00a0Os lotes residuais s\u00e3o de contribuintes que ca\u00edram na malha fina e regularizaram as pend\u00eancias com o Fisco. Ao todo, 208.323 contribuintes v\u00e3o receber o pagamento\u2026","rel":"","context":"In &quot;Not\u00edcias de Ribeir\u00e3o Preto-SP e Regi\u00e3o&quot;","block_context":{"text":"Not\u00edcias de Ribeir\u00e3o Preto-SP e Regi\u00e3o","link":"https:\/\/noticiasribeiraopreto.com.br\/index.php\/category\/noticias-de-ribeirao-preto-sp-e-regiao-ismael-colosi\/"},"img":{"alt_text":"","src":"https:\/\/i0.wp.com\/noticiasribeiraopreto.com.br\/wp-content\/uploads\/2024\/02\/3-12.jpg?fit=1200%2C675&ssl=1&resize=350%2C200","width":350,"height":200,"srcset":"https:\/\/i0.wp.com\/noticiasribeiraopreto.com.br\/wp-content\/uploads\/2024\/02\/3-12.jpg?fit=1200%2C675&ssl=1&resize=350%2C200 1x, https:\/\/i0.wp.com\/noticiasribeiraopreto.com.br\/wp-content\/uploads\/2024\/02\/3-12.jpg?fit=1200%2C675&ssl=1&resize=525%2C300 1.5x, https:\/\/i0.wp.com\/noticiasribeiraopreto.com.br\/wp-content\/uploads\/2024\/02\/3-12.jpg?fit=1200%2C675&ssl=1&resize=700%2C400 2x, https:\/\/i0.wp.com\/noticiasribeiraopreto.com.br\/wp-content\/uploads\/2024\/02\/3-12.jpg?fit=1200%2C675&ssl=1&resize=1050%2C600 3x"},"classes":[]}],"jetpack_sharing_enabled":true,"jetpack_shortlink":"https:\/\/wp.me\/peQAOb-igb","_links":{"self":[{"href":"https:\/\/noticiasribeiraopreto.com.br\/index.php\/wp-json\/wp\/v2\/posts\/70195","targetHints":{"allow":["GET"]}}],"collection":[{"href":"https:\/\/noticiasribeiraopreto.com.br\/index.php\/wp-json\/wp\/v2\/posts"}],"about":[{"href":"https:\/\/noticiasribeiraopreto.com.br\/index.php\/wp-json\/wp\/v2\/types\/post"}],"author":[{"embeddable":true,"href":"https:\/\/noticiasribeiraopreto.com.br\/index.php\/wp-json\/wp\/v2\/users\/1"}],"replies":[{"embeddable":true,"href":"https:\/\/noticiasribeiraopreto.com.br\/index.php\/wp-json\/wp\/v2\/comments?post=70195"}],"version-history":[{"count":0,"href":"https:\/\/noticiasribeiraopreto.com.br\/index.php\/wp-json\/wp\/v2\/posts\/70195\/revisions"}],"wp:featuredmedia":[{"embeddable":true,"href":"https:\/\/noticiasribeiraopreto.com.br\/index.php\/wp-json\/wp\/v2\/media\/46787"}],"wp:attachment":[{"href":"https:\/\/noticiasribeiraopreto.com.br\/index.php\/wp-json\/wp\/v2\/media?parent=70195"}],"wp:term":[{"taxonomy":"category","embeddable":true,"href":"https:\/\/noticiasribeiraopreto.com.br\/index.php\/wp-json\/wp\/v2\/categories?post=70195"},{"taxonomy":"post_tag","embeddable":true,"href":"https:\/\/noticiasribeiraopreto.com.br\/index.php\/wp-json\/wp\/v2\/tags?post=70195"}],"curies":[{"name":"wp","href":"https:\/\/api.w.org\/{rel}","templated":true}]}}