{"id":70196,"date":"2025-05-23T15:48:15","date_gmt":"2025-05-23T18:48:15","guid":{"rendered":"https:\/\/noticiasribeiraopreto.com.br\/index.php\/2025\/05\/23\/inflacao-dos-alimentos-cai-em-ribeirao-preto-veja-os-principais-fatores-dessa-queda\/"},"modified":"2025-05-23T15:48:15","modified_gmt":"2025-05-23T18:48:15","slug":"inflacao-dos-alimentos-cai-em-ribeirao-preto-veja-os-principais-fatores-dessa-queda","status":"publish","type":"post","link":"https:\/\/noticiasribeiraopreto.com.br\/index.php\/2025\/05\/23\/inflacao-dos-alimentos-cai-em-ribeirao-preto-veja-os-principais-fatores-dessa-queda\/","title":{"rendered":"Infla\u00e7\u00e3o dos alimentos cai em Ribeir\u00e3o Preto; veja os principais fatores dessa queda"},"content":{"rendered":"<p> <br \/>\n<\/p>\n<div>\n<p>A pesquisa mensal sobre o custo da cesta b\u00e1sica feita pela <strong>Acirp (Associa\u00e7\u00e3o Comercial e Industrial de Ribeir\u00e3o Preto) <\/strong>apontou redu\u00e7\u00e3o na infla\u00e7\u00e3o do pre\u00e7o dos alimentos em <strong>Ribeir\u00e3o Preto<\/strong>. O levantamento aponta que em maio de 2025, o valor total m\u00e9dio da cesta b\u00e1sica foi estimado em R$ 746,43 \u2013 <mark style=\"background-color:#fcb900\" class=\"has-inline-color has-black-color\">queda de 1,87% em rela\u00e7\u00e3o ao m\u00eas anterior.<\/mark><\/p>\n<p>A diminui\u00e7\u00e3o \u00e9 atribu\u00edda \u00e0 maior oferta de produtos agr\u00edcolas e \u00e0 redu\u00e7\u00e3o dos custos log\u00edsticos, impulsionados pela desacelera\u00e7\u00e3o dos pre\u00e7os internacionais do petr\u00f3leo.\u00a0<\/p>\n<h2 class=\"wp-block-heading\"><strong>Metodologia<\/strong><\/h2>\n<p>O estudo foi realizado em 16 de maio de 2025 em 10 supermercados\/hipermercados e quatro padarias, distribu\u00eddos pelas regi\u00f5es Norte, Leste, Oeste, Sul e Central.<\/p>\n<h2 class=\"wp-block-heading\"><strong>Itens mais impactados<\/strong><\/h2>\n<p>As maiores quedas nos pre\u00e7os foram as do arroz branco (-11,74%) e da carne bovina (-5,32%), que tiveram melhora na produ\u00e7\u00e3o e distribui\u00e7\u00e3o.<\/p>\n<p>J\u00e1 a batata inglesa (27,10%) e o caf\u00e9 em p\u00f3 (8,07%) seguem na tend\u00eancia de altas expressivas, pressionados pela baixa oferta dos produtos no mercado.<\/p>\n<h2 class=\"wp-block-heading\"><strong>Peso na conta<\/strong><\/h2>\n<p>As carnes representaram 41,77% do custo total da cesta, seguidas por frutas\/legumes (25,43%), farin\u00e1ceos (20,33%), latic\u00ednios (6,14%), leguminosas (3,42%), cereais (2,07%) e \u00f3leos (0,83%).\u00a0<\/p>\n<p><strong>Custo por Regi\u00e3o\u00a0<\/strong><\/p>\n<p><mark style=\"background-color:#fcb900\" class=\"has-inline-color has-black-color\">A \u00e1rea Central de Ribeir\u00e3o registrou o maior custo (R$ 784,57)<\/mark>, enquanto a Norte teve a cesta mais barata (R$ 735,12). Abaixo, resumo das varia\u00e7\u00f5es regionais:\u00a0<\/p>\n<p>Regi\u00e3o \u2013 Varia\u00e7\u00e3o (Abril\/Maio) \/ Custo M\u00e9dio (Maio)<\/p>\n<p><strong>Norte:<\/strong> -3,44% \/ R$ 735,12\u00a0\u00a0\u00a0\u00a0\u00a0\u00a0\u00a0\u00a0<\/p>\n<p><strong>Leste:<\/strong> +0,49%\u00a0 \/ R$ 737,89\u00a0\u00a0\u00a0\u00a0\u00a0\u00a0\u00a0\u00a0\u00a0\u00a0\u00a0<\/p>\n<p><strong>Oeste:<\/strong>\u00a0 -7,12%\u00a0 \/ R$ 735,22\u00a0\u00a0\u00a0\u00a0\u00a0\u00a0\u00a0\u00a0\u00a0\u00a0<\/p>\n<p><strong>Sul:\u00a0<\/strong> -1,65% \/ R$ 753,64\u00a0\u00a0\u00a0\u00a0\u00a0\u00a0\u00a0\u00a0\u00a0\u00a0\u00a0\u00a0\u00a0<\/p>\n<p><strong>Central: <\/strong>+5,75% \/ R$ 784,57\u00a0\u00a0\u00a0\u00a0\u00a0\u00a0\u00a0\u00a0\u00a0<\/p>\n<p>\u00a0\u00a0\u00a0\u00a0SAIBA MAIS<br \/>Acidente envolve quatro carros no Anel Vi\u00e1rio Norte de Ribeir\u00e3o Preto<\/p>\n<h2 class=\"wp-block-heading\"><strong>FIQUE ON<\/strong><\/h2>\n<p>Fique ligado em tudo que acontece em Ribeir\u00e3o Preto e regi\u00e3o. Siga os perfis do<strong>\u00a0acidade on<\/strong>\u00a0no\u00a0<a href=\"https:\/\/www.instagram.com\/acidadeonribeirao\">Instagram\u00a0<\/a>e no\u00a0<a href=\"https:\/\/www.facebook.com\/acidadeonribeirao\/\">Facebook<\/a>.<\/p>\n<p>Receba not\u00edcias do<strong>\u00a0acidade on\u00a0<\/strong>no WhatsApp.<a href=\"https:\/\/chat.whatsapp.com\/BjKQZ9oJwlz8VVT50NuePq\">\u00a0Para entrar no grupo, basta clicar aqui.<\/a><\/p>\n<p>Fa\u00e7a uma den\u00fancia ou sugira uma reportagem sobre Ribeir\u00e3o Preto e regi\u00e3o pelo WhatsApp: 16 99117 7802.<\/p>\n<p>VEJA TAMB\u00c9M<br \/>Como consultar a restitui\u00e7\u00e3o do IR 2025?<\/p>\n<p><!-- CONTENT END 1 -->\n<\/div>\n<p><script async src=\"\/\/www.instagram.com\/embed.js\"><\/script><br \/>\n<br \/><br \/>\n<br \/><a href=\"https:\/\/www.acidadeon.com\/ribeiraopreto\/economia\/inflacao-dos-alimentos-cai-em-ribeirao-preto-veja-os-principais-fatores-dessa-queda\/\">Source link <\/a><\/p>\n","protected":false},"excerpt":{"rendered":"<p>A pesquisa mensal sobre o custo da cesta b\u00e1sica feita pela Acirp (Associa\u00e7\u00e3o Comercial e Industrial de Ribeir\u00e3o Preto) apontou redu\u00e7\u00e3o na infla\u00e7\u00e3o do pre\u00e7o&#8230;<\/p>\n","protected":false},"author":1,"featured_media":70197,"comment_status":"open","ping_status":"open","sticky":false,"template":"","format":"standard","meta":{"advanced_seo_description":"","jetpack_seo_html_title":"","jetpack_seo_noindex":false,"jetpack_post_was_ever_published":false,"_jetpack_newsletter_access":"","_jetpack_dont_email_post_to_subs":false,"_jetpack_newsletter_tier_id":0,"_jetpack_memberships_contains_paywalled_content":false,"_jetpack_memberships_contains_paid_content":false,"footnotes":"","jetpack_publicize_message":"","jetpack_publicize_feature_enabled":true,"jetpack_social_post_already_shared":true,"jetpack_social_options":{"image_generator_settings":{"template":"highway","default_image_id":0,"font":"","enabled":false},"version":2}},"categories":[11],"tags":[],"class_list":["post-70196","post","type-post","status-publish","format-standard","has-post-thumbnail","hentry","category-noticias-de-ribeirao-preto-sp-e-regiao-ismael-colosi"],"jetpack_publicize_connections":[],"jetpack_featured_media_url":"https:\/\/i0.wp.com\/noticiasribeiraopreto.com.br\/wp-content\/uploads\/2025\/05\/carne-acougue_2025-05-23_17-04-07.webp.webp?fit=1200%2C800&ssl=1","jetpack-related-posts":[{"id":26721,"url":"https:\/\/noticiasribeiraopreto.com.br\/index.php\/2024\/01\/10\/cesta-basica-recua-em-15-de-17-capitais-2\/","url_meta":{"origin":70196,"position":0},"title":"Cesta b\u00e1sica recua em 15 de 17 capitais \u00a0","author":"noticiasribeiraopreto.com.br","date":"10 de January de 2024","format":false,"excerpt":"O valor da cesta b\u00e1sica encerrou o ano passado em queda em 15 das 17 capitais pesquisadas pelo Departamento Intersindical de Estat\u00edsticas e Estudos Socioecon\u00f4micos (Dieese). S\u00f3 Bel\u00e9m (PA) e Porto Alegre (RS) caminharam na contram\u00e3o das demais no per\u00edodo, com altas de 0,94% e 0,12%, respectivamente.Campo Grande (MS) liderou\u2026","rel":"","context":"In &quot;Not\u00edcias de Ribeir\u00e3o Preto-SP e Regi\u00e3o&quot;","block_context":{"text":"Not\u00edcias de Ribeir\u00e3o Preto-SP e Regi\u00e3o","link":"https:\/\/noticiasribeiraopreto.com.br\/index.php\/category\/noticias-de-ribeirao-preto-sp-e-regiao-ismael-colosi\/"},"img":{"alt_text":"","src":"https:\/\/i0.wp.com\/noticiasribeiraopreto.com.br\/wp-content\/uploads\/2024\/01\/Cesta-Geraldo-Bubniak-AEN-1-scaled.jpg?fit=1000%2C598&ssl=1&resize=350%2C200","width":350,"height":200,"srcset":"https:\/\/i0.wp.com\/noticiasribeiraopreto.com.br\/wp-content\/uploads\/2024\/01\/Cesta-Geraldo-Bubniak-AEN-1-scaled.jpg?fit=1000%2C598&ssl=1&resize=350%2C200 1x, https:\/\/i0.wp.com\/noticiasribeiraopreto.com.br\/wp-content\/uploads\/2024\/01\/Cesta-Geraldo-Bubniak-AEN-1-scaled.jpg?fit=1000%2C598&ssl=1&resize=525%2C300 1.5x, https:\/\/i0.wp.com\/noticiasribeiraopreto.com.br\/wp-content\/uploads\/2024\/01\/Cesta-Geraldo-Bubniak-AEN-1-scaled.jpg?fit=1000%2C598&ssl=1&resize=700%2C400 2x"},"classes":[]},{"id":51205,"url":"https:\/\/noticiasribeiraopreto.com.br\/index.php\/2024\/05\/24\/tragedia-climatica-no-rs-provoca-aumento-no-preco-da-cesta-basica-em-ribeirao-preto\/","url_meta":{"origin":70196,"position":1},"title":"Trag\u00e9dia clim\u00e1tica no RS provoca aumento no pre\u00e7o da cesta b\u00e1sica em Ribeir\u00e3o Preto","author":"noticiasribeiraopreto.com.br","date":"24 de May de 2024","format":false,"excerpt":"O pre\u00e7o da cesta b\u00e1sica em Ribeir\u00e3o Preto voltou a subir no m\u00eas de maio, depois de dois meses em queda, segundo o levantamento feito pelo Instituto de Economia Maur\u00edlio Biagi da Acirp (Associa\u00e7\u00e3o Comercial e Industrial de Ribeir\u00e3o Preto). O motivo atribu\u00eddo \u00e9 a trag\u00e9dia clim\u00e1tica no Rio Grande\u2026","rel":"","context":"In &quot;Not\u00edcias de Ribeir\u00e3o Preto-SP e Regi\u00e3o&quot;","block_context":{"text":"Not\u00edcias de Ribeir\u00e3o Preto-SP e Regi\u00e3o","link":"https:\/\/noticiasribeiraopreto.com.br\/index.php\/category\/noticias-de-ribeirao-preto-sp-e-regiao-ismael-colosi\/"},"img":{"alt_text":"","src":"https:\/\/i0.wp.com\/noticiasribeiraopreto.com.br\/wp-content\/uploads\/2024\/05\/Copia-de-Copia-de-TAMANHO-EXATO-PARA-FOTOS-NO-SISTEMA-NOVO-37_2024-05-23_20-09-06_jpg_2024-05-23_20-09-06.webp.webp?fit=1200%2C675&ssl=1&resize=350%2C200","width":350,"height":200,"srcset":"https:\/\/i0.wp.com\/noticiasribeiraopreto.com.br\/wp-content\/uploads\/2024\/05\/Copia-de-Copia-de-TAMANHO-EXATO-PARA-FOTOS-NO-SISTEMA-NOVO-37_2024-05-23_20-09-06_jpg_2024-05-23_20-09-06.webp.webp?fit=1200%2C675&ssl=1&resize=350%2C200 1x, https:\/\/i0.wp.com\/noticiasribeiraopreto.com.br\/wp-content\/uploads\/2024\/05\/Copia-de-Copia-de-TAMANHO-EXATO-PARA-FOTOS-NO-SISTEMA-NOVO-37_2024-05-23_20-09-06_jpg_2024-05-23_20-09-06.webp.webp?fit=1200%2C675&ssl=1&resize=525%2C300 1.5x, https:\/\/i0.wp.com\/noticiasribeiraopreto.com.br\/wp-content\/uploads\/2024\/05\/Copia-de-Copia-de-TAMANHO-EXATO-PARA-FOTOS-NO-SISTEMA-NOVO-37_2024-05-23_20-09-06_jpg_2024-05-23_20-09-06.webp.webp?fit=1200%2C675&ssl=1&resize=700%2C400 2x, https:\/\/i0.wp.com\/noticiasribeiraopreto.com.br\/wp-content\/uploads\/2024\/05\/Copia-de-Copia-de-TAMANHO-EXATO-PARA-FOTOS-NO-SISTEMA-NOVO-37_2024-05-23_20-09-06_jpg_2024-05-23_20-09-06.webp.webp?fit=1200%2C675&ssl=1&resize=1050%2C600 3x"},"classes":[]},{"id":53886,"url":"https:\/\/noticiasribeiraopreto.com.br\/index.php\/2024\/06\/25\/centro-de-ribeirao-preto-tem-o-maior-preco-da-cesta-basica-em-junho-veja-valores-por-regiao\/","url_meta":{"origin":70196,"position":2},"title":"Centro de Ribeir\u00e3o Preto tem o maior pre\u00e7o da cesta b\u00e1sica em junho; Veja valores por regi\u00e3o","author":"noticiasribeiraopreto.com.br","date":"25 de June de 2024","format":false,"excerpt":"O pre\u00e7o m\u00e9dio da cesta b\u00e1sica em Ribeir\u00e3o Preto registrou em junho, queda de 0,55% em rela\u00e7\u00e3o a maio, de acordo com pesquisa realizada pela Associa\u00e7\u00e3o Comercial e Industrial de Ribeir\u00e3o Preto (Acirp). Conforme mostra o levantamento, o kit de alimentos essenciais custou, em m\u00e9dia, R$ 686,73. No acumulado do\u2026","rel":"","context":"In &quot;Not\u00edcias de Ribeir\u00e3o Preto-SP e Regi\u00e3o&quot;","block_context":{"text":"Not\u00edcias de Ribeir\u00e3o Preto-SP e Regi\u00e3o","link":"https:\/\/noticiasribeiraopreto.com.br\/index.php\/category\/noticias-de-ribeirao-preto-sp-e-regiao-ismael-colosi\/"},"img":{"alt_text":"","src":"https:\/\/i0.wp.com\/noticiasribeiraopreto.com.br\/wp-content\/uploads\/2024\/06\/inflacao_alimentos_1024x576_09022021133744.jpg?fit=1024%2C576&ssl=1&resize=350%2C200","width":350,"height":200,"srcset":"https:\/\/i0.wp.com\/noticiasribeiraopreto.com.br\/wp-content\/uploads\/2024\/06\/inflacao_alimentos_1024x576_09022021133744.jpg?fit=1024%2C576&ssl=1&resize=350%2C200 1x, https:\/\/i0.wp.com\/noticiasribeiraopreto.com.br\/wp-content\/uploads\/2024\/06\/inflacao_alimentos_1024x576_09022021133744.jpg?fit=1024%2C576&ssl=1&resize=525%2C300 1.5x, https:\/\/i0.wp.com\/noticiasribeiraopreto.com.br\/wp-content\/uploads\/2024\/06\/inflacao_alimentos_1024x576_09022021133744.jpg?fit=1024%2C576&ssl=1&resize=700%2C400 2x"},"classes":[]},{"id":61892,"url":"https:\/\/noticiasribeiraopreto.com.br\/index.php\/2024\/12\/26\/cesta-basica-em-ribeirao-chega-ao-maior-valor-de-2024-veja-o-motivo\/","url_meta":{"origin":70196,"position":3},"title":"Cesta b\u00e1sica em Ribeir\u00e3o chega ao maior valor de 2024; veja o motivo","author":"noticiasribeiraopreto.com.br","date":"26 de December de 2024","format":false,"excerpt":"Em dezembro de 2024, o custo da cesta b\u00e1sica em Ribeir\u00e3o Preto atingiu R$ 739,25, marcando um aumento de 2,03% em rela\u00e7\u00e3o ao m\u00eas anterior. Esse \u00edndice, que corresponde \u00e0 maior eleva\u00e7\u00e3o mensal do ano, foi impulsionado principalmente pela alta de itens como caf\u00e9 em p\u00f3, banana nanica e a\u00e7\u00facar\u2026","rel":"","context":"In &quot;Not\u00edcias de Ribeir\u00e3o Preto-SP e Regi\u00e3o&quot;","block_context":{"text":"Not\u00edcias de Ribeir\u00e3o Preto-SP e Regi\u00e3o","link":"https:\/\/noticiasribeiraopreto.com.br\/index.php\/category\/noticias-de-ribeirao-preto-sp-e-regiao-ismael-colosi\/"},"img":{"alt_text":"","src":"https:\/\/i0.wp.com\/noticiasribeiraopreto.com.br\/wp-content\/uploads\/2024\/12\/Copia-de-Copia-de-Copia-de-TAMANHO-EXATO-PARA-FOTOS-NO-SISTEMA-NOVO-2024-12-26T200641.653_2024-12-26_23-06-56_png_2024-12-26_23-06-56.webp.webp?fit=1200%2C675&ssl=1&resize=350%2C200","width":350,"height":200,"srcset":"https:\/\/i0.wp.com\/noticiasribeiraopreto.com.br\/wp-content\/uploads\/2024\/12\/Copia-de-Copia-de-Copia-de-TAMANHO-EXATO-PARA-FOTOS-NO-SISTEMA-NOVO-2024-12-26T200641.653_2024-12-26_23-06-56_png_2024-12-26_23-06-56.webp.webp?fit=1200%2C675&ssl=1&resize=350%2C200 1x, https:\/\/i0.wp.com\/noticiasribeiraopreto.com.br\/wp-content\/uploads\/2024\/12\/Copia-de-Copia-de-Copia-de-TAMANHO-EXATO-PARA-FOTOS-NO-SISTEMA-NOVO-2024-12-26T200641.653_2024-12-26_23-06-56_png_2024-12-26_23-06-56.webp.webp?fit=1200%2C675&ssl=1&resize=525%2C300 1.5x, https:\/\/i0.wp.com\/noticiasribeiraopreto.com.br\/wp-content\/uploads\/2024\/12\/Copia-de-Copia-de-Copia-de-TAMANHO-EXATO-PARA-FOTOS-NO-SISTEMA-NOVO-2024-12-26T200641.653_2024-12-26_23-06-56_png_2024-12-26_23-06-56.webp.webp?fit=1200%2C675&ssl=1&resize=700%2C400 2x, https:\/\/i0.wp.com\/noticiasribeiraopreto.com.br\/wp-content\/uploads\/2024\/12\/Copia-de-Copia-de-Copia-de-TAMANHO-EXATO-PARA-FOTOS-NO-SISTEMA-NOVO-2024-12-26T200641.653_2024-12-26_23-06-56_png_2024-12-26_23-06-56.webp.webp?fit=1200%2C675&ssl=1&resize=1050%2C600 3x"},"classes":[]},{"id":60945,"url":"https:\/\/noticiasribeiraopreto.com.br\/index.php\/2024\/11\/29\/cesta-basica-em-ribeirao-preto-atinge-o-maior-valor-de-2024-entenda-os-motivos\/","url_meta":{"origin":70196,"position":4},"title":"Cesta b\u00e1sica em Ribeir\u00e3o Preto atinge o maior valor de 2024; Entenda os motivos","author":"noticiasribeiraopreto.com.br","date":"29 de November de 2024","format":false,"excerpt":"Os consumidores de Ribeir\u00e3o Preto pagaram mais caro pelos alimentos em novembro. A cesta b\u00e1sica registrou o maior valor em 2024, de acordo com pesquisa do IEMB-Acirp (Instituto de Economia Maur\u00edlio Biagi, da Associa\u00e7\u00e3o Comercial e Industrial de Ribeir\u00e3o Preto). Com um aumento de 1,92% em rela\u00e7\u00e3o ao m\u00eas anterior,\u2026","rel":"","context":"In &quot;Not\u00edcias de Ribeir\u00e3o Preto-SP e Regi\u00e3o&quot;","block_context":{"text":"Not\u00edcias de Ribeir\u00e3o Preto-SP e Regi\u00e3o","link":"https:\/\/noticiasribeiraopreto.com.br\/index.php\/category\/noticias-de-ribeirao-preto-sp-e-regiao-ismael-colosi\/"},"img":{"alt_text":"","src":"https:\/\/i0.wp.com\/noticiasribeiraopreto.com.br\/wp-content\/uploads\/2024\/11\/supermercado.jpg?fit=1200%2C800&ssl=1&resize=350%2C200","width":350,"height":200,"srcset":"https:\/\/i0.wp.com\/noticiasribeiraopreto.com.br\/wp-content\/uploads\/2024\/11\/supermercado.jpg?fit=1200%2C800&ssl=1&resize=350%2C200 1x, https:\/\/i0.wp.com\/noticiasribeiraopreto.com.br\/wp-content\/uploads\/2024\/11\/supermercado.jpg?fit=1200%2C800&ssl=1&resize=525%2C300 1.5x, https:\/\/i0.wp.com\/noticiasribeiraopreto.com.br\/wp-content\/uploads\/2024\/11\/supermercado.jpg?fit=1200%2C800&ssl=1&resize=700%2C400 2x, https:\/\/i0.wp.com\/noticiasribeiraopreto.com.br\/wp-content\/uploads\/2024\/11\/supermercado.jpg?fit=1200%2C800&ssl=1&resize=1050%2C600 3x"},"classes":[]},{"id":38967,"url":"https:\/\/noticiasribeiraopreto.com.br\/index.php\/2024\/02\/22\/cesta-basica-mais-cara-veja-qual-o-motivo-da-inflacao-em-ribeirao-preto\/","url_meta":{"origin":70196,"position":5},"title":"Cesta b\u00e1sica mais cara: Veja qual o motivo da infla\u00e7\u00e3o em Ribeir\u00e3o Preto","author":"noticiasribeiraopreto.com.br","date":"22 de February de 2024","format":false,"excerpt":"Pela quinta vez consecutiva, o valor dos alimentos subiu em Ribeir\u00e3o Preto e apresentou infla\u00e7\u00e3o de 3,95% em fevereiro, na compara\u00e7\u00e3o com janeiro de 2024. O impacto do clima segue afetando o pre\u00e7o final da cesta b\u00e1sica da cidade. De acordo com o levantamento da Associa\u00e7\u00e3o Comercial e Industrial de\u2026","rel":"","context":"In &quot;Not\u00edcias de Ribeir\u00e3o Preto-SP e Regi\u00e3o&quot;","block_context":{"text":"Not\u00edcias de Ribeir\u00e3o Preto-SP e Regi\u00e3o","link":"https:\/\/noticiasribeiraopreto.com.br\/index.php\/category\/noticias-de-ribeirao-preto-sp-e-regiao-ismael-colosi\/"},"img":{"alt_text":"","src":"https:\/\/i0.wp.com\/noticiasribeiraopreto.com.br\/wp-content\/uploads\/2024\/02\/1708627724_inflacao_alimentos_1024x576_09022021133744.jpg?fit=1024%2C576&ssl=1&resize=350%2C200","width":350,"height":200,"srcset":"https:\/\/i0.wp.com\/noticiasribeiraopreto.com.br\/wp-content\/uploads\/2024\/02\/1708627724_inflacao_alimentos_1024x576_09022021133744.jpg?fit=1024%2C576&ssl=1&resize=350%2C200 1x, https:\/\/i0.wp.com\/noticiasribeiraopreto.com.br\/wp-content\/uploads\/2024\/02\/1708627724_inflacao_alimentos_1024x576_09022021133744.jpg?fit=1024%2C576&ssl=1&resize=525%2C300 1.5x, https:\/\/i0.wp.com\/noticiasribeiraopreto.com.br\/wp-content\/uploads\/2024\/02\/1708627724_inflacao_alimentos_1024x576_09022021133744.jpg?fit=1024%2C576&ssl=1&resize=700%2C400 2x"},"classes":[]}],"jetpack_sharing_enabled":true,"jetpack_shortlink":"https:\/\/wp.me\/peQAOb-igc","_links":{"self":[{"href":"https:\/\/noticiasribeiraopreto.com.br\/index.php\/wp-json\/wp\/v2\/posts\/70196","targetHints":{"allow":["GET"]}}],"collection":[{"href":"https:\/\/noticiasribeiraopreto.com.br\/index.php\/wp-json\/wp\/v2\/posts"}],"about":[{"href":"https:\/\/noticiasribeiraopreto.com.br\/index.php\/wp-json\/wp\/v2\/types\/post"}],"author":[{"embeddable":true,"href":"https:\/\/noticiasribeiraopreto.com.br\/index.php\/wp-json\/wp\/v2\/users\/1"}],"replies":[{"embeddable":true,"href":"https:\/\/noticiasribeiraopreto.com.br\/index.php\/wp-json\/wp\/v2\/comments?post=70196"}],"version-history":[{"count":0,"href":"https:\/\/noticiasribeiraopreto.com.br\/index.php\/wp-json\/wp\/v2\/posts\/70196\/revisions"}],"wp:featuredmedia":[{"embeddable":true,"href":"https:\/\/noticiasribeiraopreto.com.br\/index.php\/wp-json\/wp\/v2\/media\/70197"}],"wp:attachment":[{"href":"https:\/\/noticiasribeiraopreto.com.br\/index.php\/wp-json\/wp\/v2\/media?parent=70196"}],"wp:term":[{"taxonomy":"category","embeddable":true,"href":"https:\/\/noticiasribeiraopreto.com.br\/index.php\/wp-json\/wp\/v2\/categories?post=70196"},{"taxonomy":"post_tag","embeddable":true,"href":"https:\/\/noticiasribeiraopreto.com.br\/index.php\/wp-json\/wp\/v2\/tags?post=70196"}],"curies":[{"name":"wp","href":"https:\/\/api.w.org\/{rel}","templated":true}]}}