{"id":70202,"date":"2025-05-23T16:04:47","date_gmt":"2025-05-23T19:04:47","guid":{"rendered":"https:\/\/noticiasribeiraopreto.com.br\/index.php\/2025\/05\/23\/entenda-como-ato-do-papa-leao-xiv-interfere-em-ribeirao-preto\/"},"modified":"2025-05-23T16:04:47","modified_gmt":"2025-05-23T19:04:47","slug":"entenda-como-ato-do-papa-leao-xiv-interfere-em-ribeirao-preto","status":"publish","type":"post","link":"https:\/\/noticiasribeiraopreto.com.br\/index.php\/2025\/05\/23\/entenda-como-ato-do-papa-leao-xiv-interfere-em-ribeirao-preto\/","title":{"rendered":"Entenda como ato do Papa Le\u00e3o XIV interfere em Ribeir\u00e3o Preto"},"content":{"rendered":"<p> <br \/>\n<\/p>\n<div>\n<p><strong>O Papa Le\u00e3o XIV criou a primeira arquidiocese de seu pontificado nesta quarta-feira (21), ao instituir a Prov\u00edncia Eclesi\u00e1stica de S\u00e3o Jos\u00e9 do Rio Preto, no interior de S\u00e3o Paulo.<\/strong> Com o <strong>ato<\/strong>, a <strong>nova prov\u00edncia<\/strong> foi <strong>desmembrada <\/strong>de <strong>Ribeir\u00e3o Preto<\/strong>.<\/p>\n<p>Antes da <strong>interven\u00e7\u00e3o <\/strong>promovida por <strong>Le\u00e3o XIV<\/strong>, <mark style=\"background-color:#fcb900\" class=\"has-inline-color has-black-color\">a Prov\u00edncia Eclesi\u00e1stica de Ribeir\u00e3o Preto era formada por nove dioceses organizadas em duas sub-regi\u00f5es: a RP-1, com as Dioceses de Franca, Jaboticabal, S\u00e3o Jo\u00e3o da Boa Vista e Ribeir\u00e3o Preto; e a RP-2, com as Dioceses de S\u00e3o Jos\u00e9 do Rio Preto, Barretos, Jales, Catanduva e Votuporanga.<\/mark><\/p>\n<p>A parir do ato, Barretos, Jales, Catanduva e Votuporanga, al\u00e9m de Rio Preto, passam estar sob a jurisdi\u00e7\u00e3o da Prov\u00edncia Eclesi\u00e1stica de S\u00e3o Jos\u00e9 do Rio Preto, cujo arcebispo \u00e9 Dom Ant\u00f4nio Em\u00eddio Vilar. Essas dioceses s\u00e3o consideradas sufrag\u00e2neas.<\/p>\n<p>A Prov\u00edncia Eclesi\u00e1stica de Ribeir\u00e3o Preto segue com as Dioceses de Franca, Jaboticabal, S\u00e3o Jo\u00e3o da Boa Vista e Ribeir\u00e3o Preto. O arcebispo \u00e9 Dom Moacir Silva.<\/p>\n<h2 class=\"wp-block-heading\"><strong>Subdivis\u00e3o da Igreja<\/strong><\/h2>\n<p>O professor Paulo Tapaj\u00f3s, do Pontif\u00edcio Instituto Superior de Direito Can\u00f4nico do Rio de Janeiro, explicou, em entrevista ao portal Can\u00e7\u00e3o Nova, que uma Prov\u00edncia Eclesi\u00e1stica \u00e9 a subdivis\u00e3o da Igreja cat\u00f3lica em um pa\u00eds.<\/p>\n<figure class=\"wp-block-pullquote\">\n<blockquote>\n<p>Dependendo do seu tamanho, ele \u00e9 dividido em regi\u00f5es, agrupadas em prov\u00edncias, que s\u00e3o dioceses reunidas n\u00e3o apenas com base em crit\u00e9rios geogr\u00e1ficos, mas principalmente pastoral, que sejam mais ou menos comuns. A ideia \u00e9 proporcionar uma comunh\u00e3o entre dioceses pr\u00f3ximas no sentido da atua\u00e7\u00e3o pastoral, <\/p>\n<p><cite><strong>disse o professor Paulo Tapaj\u00f3s.<\/strong><\/cite><\/p><\/blockquote>\n<\/figure>\n<p>SAIBA MAIS<\/p>\n<p>Empresa abre vagas de emprego em Ribeir\u00e3o Preto e Guatapar\u00e1; Veja como participar<\/p>\n<h2 class=\"wp-block-heading\"><strong>FIQUE ON<\/strong><\/h2>\n<p>Fique ligado em tudo que acontece em Ribeir\u00e3o Preto e regi\u00e3o. Siga os perfis do<strong>\u00a0acidade on<\/strong>\u00a0no\u00a0<a href=\"https:\/\/www.instagram.com\/acidadeonribeirao\">Instagram\u00a0<\/a>e no\u00a0<a href=\"https:\/\/www.facebook.com\/acidadeonribeirao\/\">Facebook<\/a>.<\/p>\n<p>Receba not\u00edcias do<strong>\u00a0acidade on\u00a0<\/strong>no WhatsApp.<a href=\"https:\/\/chat.whatsapp.com\/BjKQZ9oJwlz8VVT50NuePq\">\u00a0Para entrar no grupo, basta clicar aqui.<\/a><\/p>\n<p>Fa\u00e7a uma den\u00fancia ou sugira uma reportagem sobre Ribeir\u00e3o Preto e regi\u00e3o pelo WhatsApp: 16 99117 7802.<\/p>\n<p>VEJA TAMB\u00c9M<\/p>\n<p>Como consultar a restitui\u00e7\u00e3o do IR 2025?<\/p>\n<p><!-- CONTENT END 1 -->\n<\/div>\n<p><script async src=\"\/\/www.instagram.com\/embed.js\"><\/script><br \/>\n<br \/><br \/>\n<br \/><a href=\"https:\/\/www.acidadeon.com\/ribeiraopreto\/cotidiano\/entenda-como-ato-do-papa-leao-xiv-interfere-em-ribeirao-preto\/\">Source link <\/a><\/p>\n","protected":false},"excerpt":{"rendered":"<p>O Papa Le\u00e3o XIV criou a primeira arquidiocese de seu pontificado nesta quarta-feira (21), ao instituir a Prov\u00edncia Eclesi\u00e1stica de S\u00e3o Jos\u00e9 do Rio Preto,&#8230;<\/p>\n","protected":false},"author":1,"featured_media":69732,"comment_status":"open","ping_status":"open","sticky":false,"template":"","format":"standard","meta":{"advanced_seo_description":"","jetpack_seo_html_title":"","jetpack_seo_noindex":false,"jetpack_post_was_ever_published":false,"_jetpack_newsletter_access":"","_jetpack_dont_email_post_to_subs":false,"_jetpack_newsletter_tier_id":0,"_jetpack_memberships_contains_paywalled_content":false,"_jetpack_memberships_contains_paid_content":false,"footnotes":"","jetpack_publicize_message":"","jetpack_publicize_feature_enabled":true,"jetpack_social_post_already_shared":true,"jetpack_social_options":{"image_generator_settings":{"template":"highway","default_image_id":0,"font":"","enabled":false},"version":2}},"categories":[11],"tags":[],"class_list":["post-70202","post","type-post","status-publish","format-standard","has-post-thumbnail","hentry","category-noticias-de-ribeirao-preto-sp-e-regiao-ismael-colosi"],"jetpack_publicize_connections":[],"jetpack_featured_media_url":"https:\/\/i0.wp.com\/noticiasribeiraopreto.com.br\/wp-content\/uploads\/2025\/05\/robert-prevost_2025-05-08_18-01-40.webp.webp?fit=1200%2C675&ssl=1","jetpack-related-posts":[{"id":70211,"url":"https:\/\/noticiasribeiraopreto.com.br\/index.php\/2025\/05\/23\/leao-xiv-desmembra-arquidiocese-de-rp\/","url_meta":{"origin":70202,"position":0},"title":"Le\u00e3o XIV desmembra arquidiocese de RP","author":"noticiasribeiraopreto.com.br","date":"23 de May de 2025","format":false,"excerpt":"O papa Le\u00e3o XIV elevou a diocese de S\u00e3o Jos\u00e9 do Rio Preto \u00e0 categoria de arquidiocese, desmembrando-a da Arquidiocese de Ribeir\u00e3o Preto. O bispo Dom Ant\u00f4nio Em\u00eddio Vilar passa a ser arcebispo metropolitano. \u00c9 a primeira criada em todo o mundo cat\u00f3lico pelo novo pont\u00edfice, desde que ele foi\u2026","rel":"","context":"In &quot;Not\u00edcias de Ribeir\u00e3o Preto-SP e Regi\u00e3o&quot;","block_context":{"text":"Not\u00edcias de Ribeir\u00e3o Preto-SP e Regi\u00e3o","link":"https:\/\/noticiasribeiraopreto.com.br\/index.php\/category\/noticias-de-ribeirao-preto-sp-e-regiao-ismael-colosi\/"},"img":{"alt_text":"","src":"https:\/\/i0.wp.com\/noticiasribeiraopreto.com.br\/wp-content\/uploads\/2025\/05\/Dom-Emidio-nomeado.jpeg?fit=797%2C1200&ssl=1&resize=350%2C200","width":350,"height":200,"srcset":"https:\/\/i0.wp.com\/noticiasribeiraopreto.com.br\/wp-content\/uploads\/2025\/05\/Dom-Emidio-nomeado.jpeg?fit=797%2C1200&ssl=1&resize=350%2C200 1x, https:\/\/i0.wp.com\/noticiasribeiraopreto.com.br\/wp-content\/uploads\/2025\/05\/Dom-Emidio-nomeado.jpeg?fit=797%2C1200&ssl=1&resize=525%2C300 1.5x, https:\/\/i0.wp.com\/noticiasribeiraopreto.com.br\/wp-content\/uploads\/2025\/05\/Dom-Emidio-nomeado.jpeg?fit=797%2C1200&ssl=1&resize=700%2C400 2x"},"classes":[]},{"id":68010,"url":"https:\/\/noticiasribeiraopreto.com.br\/index.php\/2025\/04\/21\/papa-francisco-ganhou-par-de-sapatos-produzido-no-interior-de-sp\/","url_meta":{"origin":70202,"position":1},"title":"Papa Francisco ganhou par de sapatos produzido no interior de SP","author":"noticiasribeiraopreto.com.br","date":"21 de April de 2025","format":false,"excerpt":"Em 2022, o bispo Paulo Roberto Beloto, da Arquidiocese de Franca, no interior de S\u00e3o Paulo, participou de uma visita oficial ao Vaticano. Na ocasi\u00e3o, ele entregou ao Papa Francisco um par de sapatos fabricado na cidade. A entrega ocorreu durante a visita ad limina apostolorum, uma obriga\u00e7\u00e3o can\u00f4nica que\u2026","rel":"","context":"In &quot;Not\u00edcias de Ribeir\u00e3o Preto-SP e Regi\u00e3o&quot;","block_context":{"text":"Not\u00edcias de Ribeir\u00e3o Preto-SP e Regi\u00e3o","link":"https:\/\/noticiasribeiraopreto.com.br\/index.php\/category\/noticias-de-ribeirao-preto-sp-e-regiao-ismael-colosi\/"},"img":{"alt_text":"","src":"https:\/\/i0.wp.com\/noticiasribeiraopreto.com.br\/wp-content\/uploads\/2025\/04\/Copia-de-Copia-de-Copia-de-TAMANHO-EXATO-PARA-FOTOS-NO-SISTEMA-NOVO-2_2025-04-21_21-10-38.webp.webp?fit=1200%2C675&ssl=1&resize=350%2C200","width":350,"height":200,"srcset":"https:\/\/i0.wp.com\/noticiasribeiraopreto.com.br\/wp-content\/uploads\/2025\/04\/Copia-de-Copia-de-Copia-de-TAMANHO-EXATO-PARA-FOTOS-NO-SISTEMA-NOVO-2_2025-04-21_21-10-38.webp.webp?fit=1200%2C675&ssl=1&resize=350%2C200 1x, https:\/\/i0.wp.com\/noticiasribeiraopreto.com.br\/wp-content\/uploads\/2025\/04\/Copia-de-Copia-de-Copia-de-TAMANHO-EXATO-PARA-FOTOS-NO-SISTEMA-NOVO-2_2025-04-21_21-10-38.webp.webp?fit=1200%2C675&ssl=1&resize=525%2C300 1.5x, https:\/\/i0.wp.com\/noticiasribeiraopreto.com.br\/wp-content\/uploads\/2025\/04\/Copia-de-Copia-de-Copia-de-TAMANHO-EXATO-PARA-FOTOS-NO-SISTEMA-NOVO-2_2025-04-21_21-10-38.webp.webp?fit=1200%2C675&ssl=1&resize=700%2C400 2x, https:\/\/i0.wp.com\/noticiasribeiraopreto.com.br\/wp-content\/uploads\/2025\/04\/Copia-de-Copia-de-Copia-de-TAMANHO-EXATO-PARA-FOTOS-NO-SISTEMA-NOVO-2_2025-04-21_21-10-38.webp.webp?fit=1200%2C675&ssl=1&resize=1050%2C600 3x"},"classes":[]},{"id":69842,"url":"https:\/\/noticiasribeiraopreto.com.br\/index.php\/2025\/05\/09\/arcebispo-de-sertaozinho-pode-ser-o-primeiro-cardeal-nomeado-por-leao-xiv\/","url_meta":{"origin":70202,"position":2},"title":"Arcebispo de Sert\u00e3ozinho pode ser o primeiro cardeal nomeado por Le\u00e3o XIV","author":"noticiasribeiraopreto.com.br","date":"9 de May de 2025","format":false,"excerpt":"O primeiro cardeal nomeado pelo papa Le\u00e3o XIV deve ser o arcebispo dom Ilson de Jesus Montanari, natural de Sert\u00e3ozinho, na regi\u00e3o de Ribeir\u00e3o Preto. Isso porque, o vice-camerlengo da Igreja Cat\u00f3lica atuou como secret\u00e1rio no conclave que escolheu como papa o cardeal Robert Prevost. De acordo com a tradi\u00e7\u00e3o,\u2026","rel":"","context":"In &quot;Not\u00edcias de Ribeir\u00e3o Preto-SP e Regi\u00e3o&quot;","block_context":{"text":"Not\u00edcias de Ribeir\u00e3o Preto-SP e Regi\u00e3o","link":"https:\/\/noticiasribeiraopreto.com.br\/index.php\/category\/noticias-de-ribeirao-preto-sp-e-regiao-ismael-colosi\/"},"img":{"alt_text":"","src":"https:\/\/i0.wp.com\/noticiasribeiraopreto.com.br\/wp-content\/uploads\/2025\/05\/Copia-de-Copia-de-Copia-de-TAMANHO-EXATO-PARA-FOTOS-NO-SISTEMA-NOVO-54_2025-05-09_19-10-12.webp.webp?fit=1200%2C675&ssl=1&resize=350%2C200","width":350,"height":200,"srcset":"https:\/\/i0.wp.com\/noticiasribeiraopreto.com.br\/wp-content\/uploads\/2025\/05\/Copia-de-Copia-de-Copia-de-TAMANHO-EXATO-PARA-FOTOS-NO-SISTEMA-NOVO-54_2025-05-09_19-10-12.webp.webp?fit=1200%2C675&ssl=1&resize=350%2C200 1x, https:\/\/i0.wp.com\/noticiasribeiraopreto.com.br\/wp-content\/uploads\/2025\/05\/Copia-de-Copia-de-Copia-de-TAMANHO-EXATO-PARA-FOTOS-NO-SISTEMA-NOVO-54_2025-05-09_19-10-12.webp.webp?fit=1200%2C675&ssl=1&resize=525%2C300 1.5x, https:\/\/i0.wp.com\/noticiasribeiraopreto.com.br\/wp-content\/uploads\/2025\/05\/Copia-de-Copia-de-Copia-de-TAMANHO-EXATO-PARA-FOTOS-NO-SISTEMA-NOVO-54_2025-05-09_19-10-12.webp.webp?fit=1200%2C675&ssl=1&resize=700%2C400 2x, https:\/\/i0.wp.com\/noticiasribeiraopreto.com.br\/wp-content\/uploads\/2025\/05\/Copia-de-Copia-de-Copia-de-TAMANHO-EXATO-PARA-FOTOS-NO-SISTEMA-NOVO-54_2025-05-09_19-10-12.webp.webp?fit=1200%2C675&ssl=1&resize=1050%2C600 3x"},"classes":[]},{"id":69726,"url":"https:\/\/noticiasribeiraopreto.com.br\/index.php\/2025\/05\/08\/saiba-a-origem-da-avenida-leao-xiii-em-ribeirao-preto\/","url_meta":{"origin":70202,"position":3},"title":"Saiba a origem da avenida Le\u00e3o XIII em Ribeir\u00e3o Preto","author":"noticiasribeiraopreto.com.br","date":"8 de May de 2025","format":false,"excerpt":"O cardeal Robert Prevost foi escolhido papa pelo conclave nesta quinta-feira (8). Com isso, a partir de agora, ser\u00e1 conhecido como Le\u00e3o XIV. Antes do americano, por\u00e9m, Gioacchino Pecci, em 1878, foi o \u00faltimo a escolher Le\u00e3o como nome de papado. >>>FIQUE POR DENTRO: Quem \u00e9 Robert Prevost, o papa\u2026","rel":"","context":"In &quot;Not\u00edcias de Ribeir\u00e3o Preto-SP e Regi\u00e3o&quot;","block_context":{"text":"Not\u00edcias de Ribeir\u00e3o Preto-SP e Regi\u00e3o","link":"https:\/\/noticiasribeiraopreto.com.br\/index.php\/category\/noticias-de-ribeirao-preto-sp-e-regiao-ismael-colosi\/"},"img":{"alt_text":"","src":"https:\/\/i0.wp.com\/noticiasribeiraopreto.com.br\/wp-content\/uploads\/2025\/05\/20230318_162012-scaled.jpg?fit=1200%2C609&ssl=1&resize=350%2C200","width":350,"height":200,"srcset":"https:\/\/i0.wp.com\/noticiasribeiraopreto.com.br\/wp-content\/uploads\/2025\/05\/20230318_162012-scaled.jpg?fit=1200%2C609&ssl=1&resize=350%2C200 1x, https:\/\/i0.wp.com\/noticiasribeiraopreto.com.br\/wp-content\/uploads\/2025\/05\/20230318_162012-scaled.jpg?fit=1200%2C609&ssl=1&resize=525%2C300 1.5x, https:\/\/i0.wp.com\/noticiasribeiraopreto.com.br\/wp-content\/uploads\/2025\/05\/20230318_162012-scaled.jpg?fit=1200%2C609&ssl=1&resize=700%2C400 2x, https:\/\/i0.wp.com\/noticiasribeiraopreto.com.br\/wp-content\/uploads\/2025\/05\/20230318_162012-scaled.jpg?fit=1200%2C609&ssl=1&resize=1050%2C600 3x"},"classes":[]},{"id":77872,"url":"https:\/\/noticiasribeiraopreto.com.br\/index.php\/2025\/09\/27\/papa-leao-xiv-faz-1a-nomeacao-para-curia-e-indica-arcebispo-da-regiao-de-ribeirao\/","url_meta":{"origin":70202,"position":4},"title":"Papa Le\u00e3o XIV faz 1\u00aa nomea\u00e7\u00e3o para C\u00faria e indica arcebispo da regi\u00e3o de Ribeir\u00e3o","author":"noticiasribeiraopreto.com.br","date":"27 de September de 2025","format":false,"excerpt":"O papa Le\u00e3o XIV nomeou na \u00faltima sexta-feira (26) o arcebispo brasileiro dom Ilson de Jesus Montanari, natural de Sert\u00e3ozinho, na regi\u00e3o de Ribeir\u00e3o Preto, para o cargo de secret\u00e1rio do Dicast\u00e9rio dos Bispos. Aos 66 anos, ele ficar\u00e1 por mais cinco anos \u00e0 frente deste secretariado do Vaticano, posi\u00e7\u00e3o\u2026","rel":"","context":"In &quot;Not\u00edcias de Ribeir\u00e3o Preto-SP e Regi\u00e3o&quot;","block_context":{"text":"Not\u00edcias de Ribeir\u00e3o Preto-SP e Regi\u00e3o","link":"https:\/\/noticiasribeiraopreto.com.br\/index.php\/category\/noticias-de-ribeirao-preto-sp-e-regiao-ismael-colosi\/"},"img":{"alt_text":"","src":"https:\/\/i0.wp.com\/noticiasribeiraopreto.com.br\/wp-content\/uploads\/2025\/09\/DOM-ILSON_2025-04-21_11-29-48.webp.webp?fit=1200%2C742&ssl=1&resize=350%2C200","width":350,"height":200,"srcset":"https:\/\/i0.wp.com\/noticiasribeiraopreto.com.br\/wp-content\/uploads\/2025\/09\/DOM-ILSON_2025-04-21_11-29-48.webp.webp?fit=1200%2C742&ssl=1&resize=350%2C200 1x, https:\/\/i0.wp.com\/noticiasribeiraopreto.com.br\/wp-content\/uploads\/2025\/09\/DOM-ILSON_2025-04-21_11-29-48.webp.webp?fit=1200%2C742&ssl=1&resize=525%2C300 1.5x, https:\/\/i0.wp.com\/noticiasribeiraopreto.com.br\/wp-content\/uploads\/2025\/09\/DOM-ILSON_2025-04-21_11-29-48.webp.webp?fit=1200%2C742&ssl=1&resize=700%2C400 2x, https:\/\/i0.wp.com\/noticiasribeiraopreto.com.br\/wp-content\/uploads\/2025\/09\/DOM-ILSON_2025-04-21_11-29-48.webp.webp?fit=1200%2C742&ssl=1&resize=1050%2C600 3x"},"classes":[]},{"id":69722,"url":"https:\/\/noticiasribeiraopreto.com.br\/index.php\/2025\/05\/08\/novo-papa-e-agostiniano-nasceu-nos-eua-e-se-chama-papa-leao-xiv\/","url_meta":{"origin":70202,"position":5},"title":"Novo papa \u00e9 agostiniano, nasceu nos EUA e se chama Papa Le\u00e3o XIV","author":"noticiasribeiraopreto.com.br","date":"8 de May de 2025","format":false,"excerpt":"Na quarta vota\u00e7\u00e3o do Conclave, na tarde desta quinta-feira, 8 de maio de 2025, os cardeais chegaram a um consenso sobre o nome do 267\u00ba Sucessor de Pedro, \u00e9 Le\u00e3o XIV. Eram 18 horas e 07 minutos quando a fuma\u00e7a branca come\u00e7ou a sair da chamin\u00e9 instalada no telhado da\u2026","rel":"","context":"In &quot;Not\u00edcias de Franca-SP&quot;","block_context":{"text":"Not\u00edcias de Franca-SP","link":"https:\/\/noticiasribeiraopreto.com.br\/index.php\/category\/noticias-de-ribeirao-preto-sp-e-regiao-ismael-colosi\/noticias-franca-sp\/"},"img":{"alt_text":"","src":"https:\/\/i0.wp.com\/noticiasribeiraopreto.com.br\/wp-content\/uploads\/2025\/05\/papa_leaoxiv.jpeg?fit=750%2C421&ssl=1&resize=350%2C200","width":350,"height":200,"srcset":"https:\/\/i0.wp.com\/noticiasribeiraopreto.com.br\/wp-content\/uploads\/2025\/05\/papa_leaoxiv.jpeg?fit=750%2C421&ssl=1&resize=350%2C200 1x, https:\/\/i0.wp.com\/noticiasribeiraopreto.com.br\/wp-content\/uploads\/2025\/05\/papa_leaoxiv.jpeg?fit=750%2C421&ssl=1&resize=525%2C300 1.5x, https:\/\/i0.wp.com\/noticiasribeiraopreto.com.br\/wp-content\/uploads\/2025\/05\/papa_leaoxiv.jpeg?fit=750%2C421&ssl=1&resize=700%2C400 2x"},"classes":[]}],"jetpack_sharing_enabled":true,"jetpack_shortlink":"https:\/\/wp.me\/peQAOb-igi","_links":{"self":[{"href":"https:\/\/noticiasribeiraopreto.com.br\/index.php\/wp-json\/wp\/v2\/posts\/70202","targetHints":{"allow":["GET"]}}],"collection":[{"href":"https:\/\/noticiasribeiraopreto.com.br\/index.php\/wp-json\/wp\/v2\/posts"}],"about":[{"href":"https:\/\/noticiasribeiraopreto.com.br\/index.php\/wp-json\/wp\/v2\/types\/post"}],"author":[{"embeddable":true,"href":"https:\/\/noticiasribeiraopreto.com.br\/index.php\/wp-json\/wp\/v2\/users\/1"}],"replies":[{"embeddable":true,"href":"https:\/\/noticiasribeiraopreto.com.br\/index.php\/wp-json\/wp\/v2\/comments?post=70202"}],"version-history":[{"count":0,"href":"https:\/\/noticiasribeiraopreto.com.br\/index.php\/wp-json\/wp\/v2\/posts\/70202\/revisions"}],"wp:featuredmedia":[{"embeddable":true,"href":"https:\/\/noticiasribeiraopreto.com.br\/index.php\/wp-json\/wp\/v2\/media\/69732"}],"wp:attachment":[{"href":"https:\/\/noticiasribeiraopreto.com.br\/index.php\/wp-json\/wp\/v2\/media?parent=70202"}],"wp:term":[{"taxonomy":"category","embeddable":true,"href":"https:\/\/noticiasribeiraopreto.com.br\/index.php\/wp-json\/wp\/v2\/categories?post=70202"},{"taxonomy":"post_tag","embeddable":true,"href":"https:\/\/noticiasribeiraopreto.com.br\/index.php\/wp-json\/wp\/v2\/tags?post=70202"}],"curies":[{"name":"wp","href":"https:\/\/api.w.org\/{rel}","templated":true}]}}