{"id":70203,"date":"2025-05-23T16:13:49","date_gmt":"2025-05-23T19:13:49","guid":{"rendered":"https:\/\/noticiasribeiraopreto.com.br\/index.php\/2025\/05\/23\/museu-casa-de-portinari-oferece-passeio-de-bicicleta-pelo-patrimonio-cultural-de-brodowski\/"},"modified":"2025-05-23T16:13:49","modified_gmt":"2025-05-23T19:13:49","slug":"museu-casa-de-portinari-oferece-passeio-de-bicicleta-pelo-patrimonio-cultural-de-brodowski","status":"publish","type":"post","link":"https:\/\/noticiasribeiraopreto.com.br\/index.php\/2025\/05\/23\/museu-casa-de-portinari-oferece-passeio-de-bicicleta-pelo-patrimonio-cultural-de-brodowski\/","title":{"rendered":"Museu Casa de Portinari oferece passeio de bicicleta pelo patrim\u00f4nio cultural de Brodowski"},"content":{"rendered":"<p> <br \/>\n<\/p>\n<div>\n<p>O <strong>Museu Casa de Portinari<\/strong>, localizado em<strong> Brodowski<\/strong>, na regi\u00e3o de <strong>Ribeir\u00e3o Preto<\/strong>, realiza o projeto \u201c<strong>Pedalando com o Museu<\/strong>\u201d, que permite que os participantes percorram de bicicleta os \u201c<strong>Caminhos de Portinari<\/strong>\u201d. <\/p>\n<p>O circuito conecta pontos hist\u00f3ricos e culturais de <strong>Brodowski<\/strong>, cidade natal do artista. Entre as paradas est\u00e3o a <strong>pra\u00e7a Candido Portinari<\/strong>, a <strong>Capela Santo Ant\u00f4nio<\/strong>, o <strong>Coreto Lauro Jos\u00e9<\/strong> <strong>Almeida Pinto<\/strong>, a <strong>Antiga Esta\u00e7\u00e3o Ferrovi\u00e1ria<\/strong>, e o <strong>Bebedouro P\u00fablico de Animais<\/strong>. Al\u00e9m dos pontos hist\u00f3ricos, o circuito inclui mural de artistas locais, produzidos durante a tradicional Semana de Portinari.<\/p>\n<h2 class=\"wp-block-heading\"><strong>Como participar?<\/strong><\/h2>\n<p>Os visitantes interessados no passeio podem realizar um <strong>cadastro simples<\/strong> na <strong>recep\u00e7\u00e3o<\/strong> da institui\u00e7\u00e3o, onde recebem as orienta\u00e7\u00f5es do passeio, al\u00e9m de acesso <strong>gratuito<\/strong> \u00e0s bicicletas disponibilizadas pelo projeto. Visite o museu de ter\u00e7a-feira a domingo, das <strong>9h \u00e0s 18h<\/strong>, (\u00e0s quartas-feiras, o hor\u00e1rio \u00e9 estendido at\u00e9 as <strong>20h)<\/strong>.<\/p>\n<h2 class=\"wp-block-heading\"><strong>Arte ao ar livre<\/strong><\/h2>\n<p>O passeio \u00e9 finalizado no <strong>Giardino Portinari<\/strong>, uma exposi\u00e7\u00e3o a c\u00e9u aberto que re\u00fane cerca de <strong>20 r\u00e9plicas<\/strong> ampliadas das obras do artista. Distribu\u00eddas em um quarteir\u00e3o tem\u00e1tico e arborizado, as obras s\u00e3o organizadas em n\u00facleos que exploram temas marcantes de Portinari.<\/p>\n<p>Com um projeto luminot\u00e9cnico que permite visitas noturnas, o <strong>Giardino<\/strong> proporciona uma nova perspectiva das obras do pintor, destacando detalhes e nuances que ganham vida sob a luz. O local \u00e9 aberto ao p\u00fablico e fica na <strong>avenida Doutor Rebou\u00e7as<\/strong>, em frente \u00e0 rotat\u00f3ria de acesso aos bairros <strong>Bom Jardim<\/strong> e <strong>Quebec<\/strong>, em <strong>Brodowski<\/strong>.<\/p>\n<p>SAIBA MAIS<br \/>Pagode, encontro de brech\u00f3s e blues: veja o que fazer em Ribeir\u00e3o Preto no fim de semana<\/p>\n<h4 class=\"wp-block-heading\"><strong>FIQUE ON<\/strong><\/h4>\n<p>Fique ligado em tudo que acontece em Ribeir\u00e3o Preto e regi\u00e3o. Siga os perfis do <strong>acidade on <\/strong>no <a href=\"https:\/\/www.instagram.com\/acidadeonribeirao\" target=\"_blank\" rel=\"noreferrer noopener\">Instagram<\/a> e no <a href=\"https:\/\/www.facebook.com\/acidadeonribeirao\" target=\"_blank\" rel=\"noreferrer noopener\">Facebook<\/a>.<\/p>\n<p>Receba not\u00edcias do <strong>acidade on<\/strong> no WhatsApp. Para entrar no grupo, basta <a href=\"https:\/\/chat.whatsapp.com\/BjKQZ9oJwlz8VVT50NuePq\" target=\"_blank\" rel=\"noreferrer noopener\">clicar aqui<\/a>.<\/p>\n<p>Fa\u00e7a uma den\u00fancia ou sugira uma reportagem sobre Ribeir\u00e3o Preto e regi\u00e3o pelo WhatsApp: 16 99117 7802.<\/p>\n<p>VEJA TAMB\u00c9M<br \/>Quanto custa o Labubu?<\/p>\n<p><!-- CONTENT END 1 -->\n<\/div>\n<p><script async src=\"\/\/www.instagram.com\/embed.js\"><\/script><br \/>\n<br \/><br \/>\n<br \/><a href=\"https:\/\/www.acidadeon.com\/ribeiraopreto\/lazer-e-cultura\/museu-casa-de-portinari-oferece-passeio-de-bicicleta-pelo-patrimonio-cultural-de-brodowski\/\">Source link <\/a><\/p>\n","protected":false},"excerpt":{"rendered":"<p>O Museu Casa de Portinari, localizado em Brodowski, na regi\u00e3o de Ribeir\u00e3o Preto, realiza o projeto \u201cPedalando com o Museu\u201d, que permite que os participantes&#8230;<\/p>\n","protected":false},"author":1,"featured_media":70204,"comment_status":"open","ping_status":"open","sticky":false,"template":"","format":"standard","meta":{"advanced_seo_description":"","jetpack_seo_html_title":"","jetpack_seo_noindex":false,"jetpack_post_was_ever_published":false,"_jetpack_newsletter_access":"","_jetpack_dont_email_post_to_subs":false,"_jetpack_newsletter_tier_id":0,"_jetpack_memberships_contains_paywalled_content":false,"_jetpack_memberships_contains_paid_content":false,"footnotes":"","jetpack_publicize_message":"","jetpack_publicize_feature_enabled":true,"jetpack_social_post_already_shared":true,"jetpack_social_options":{"image_generator_settings":{"template":"highway","default_image_id":0,"font":"","enabled":false},"version":2}},"categories":[11],"tags":[],"class_list":["post-70203","post","type-post","status-publish","format-standard","has-post-thumbnail","hentry","category-noticias-de-ribeirao-preto-sp-e-regiao-ismael-colosi"],"jetpack_publicize_connections":[],"jetpack_featured_media_url":"https:\/\/i0.wp.com\/noticiasribeiraopreto.com.br\/wp-content\/uploads\/2025\/05\/105e2dae-8da6-4e77-bfb6-c9c7b0ab0d9a_2025-05-23_15-30-29.webp.webp?fit=1200%2C770&ssl=1","jetpack-related-posts":[{"id":49391,"url":"https:\/\/noticiasribeiraopreto.com.br\/index.php\/2024\/05\/10\/confira-a-programacao-do-dia-das-maes-no-museu-casa-de-portinari-na-regiao-de-ribeirao\/","url_meta":{"origin":70203,"position":0},"title":"Confira a programa\u00e7\u00e3o do \u2018Dia das M\u00e3es\u2019 no Museu Casa de Portinari na regi\u00e3o de Ribeir\u00e3o","author":"noticiasribeiraopreto.com.br","date":"10 de May de 2024","format":false,"excerpt":"O Museu Casa de Portinari, que fica em Brodowski, na regi\u00e3o de Ribeir\u00e3o Preto, tem programa\u00e7\u00e3o especial para o \u201cDia das M\u00e3es\u201d neste domingo (12) (veja abaixo). Al\u00e9m da tradicional Feira de Artesanato, que re\u00fane artistas locais e da regi\u00e3o, no s\u00e1bado (11) e no domingo, haver\u00e1 uma apresenta\u00e7\u00e3o de\u2026","rel":"","context":"In &quot;Not\u00edcias de Ribeir\u00e3o Preto-SP e Regi\u00e3o&quot;","block_context":{"text":"Not\u00edcias de Ribeir\u00e3o Preto-SP e Regi\u00e3o","link":"https:\/\/noticiasribeiraopreto.com.br\/index.php\/category\/noticias-de-ribeirao-preto-sp-e-regiao-ismael-colosi\/"},"img":{"alt_text":"","src":"https:\/\/i0.wp.com\/noticiasribeiraopreto.com.br\/wp-content\/uploads\/2024\/05\/1f896dfc-dc2c-4b5d-8fe4-2042e6d380b8_2024-05-10_15-45-03_jpg_2024-05-10_15-45-05-scaled.webp.webp?fit=1200%2C900&ssl=1&resize=350%2C200","width":350,"height":200,"srcset":"https:\/\/i0.wp.com\/noticiasribeiraopreto.com.br\/wp-content\/uploads\/2024\/05\/1f896dfc-dc2c-4b5d-8fe4-2042e6d380b8_2024-05-10_15-45-03_jpg_2024-05-10_15-45-05-scaled.webp.webp?fit=1200%2C900&ssl=1&resize=350%2C200 1x, https:\/\/i0.wp.com\/noticiasribeiraopreto.com.br\/wp-content\/uploads\/2024\/05\/1f896dfc-dc2c-4b5d-8fe4-2042e6d380b8_2024-05-10_15-45-03_jpg_2024-05-10_15-45-05-scaled.webp.webp?fit=1200%2C900&ssl=1&resize=525%2C300 1.5x, https:\/\/i0.wp.com\/noticiasribeiraopreto.com.br\/wp-content\/uploads\/2024\/05\/1f896dfc-dc2c-4b5d-8fe4-2042e6d380b8_2024-05-10_15-45-03_jpg_2024-05-10_15-45-05-scaled.webp.webp?fit=1200%2C900&ssl=1&resize=700%2C400 2x, https:\/\/i0.wp.com\/noticiasribeiraopreto.com.br\/wp-content\/uploads\/2024\/05\/1f896dfc-dc2c-4b5d-8fe4-2042e6d380b8_2024-05-10_15-45-03_jpg_2024-05-10_15-45-05-scaled.webp.webp?fit=1200%2C900&ssl=1&resize=1050%2C600 3x"},"classes":[]},{"id":10490,"url":"https:\/\/noticiasribeiraopreto.com.br\/index.php\/2023\/12\/04\/saiba-quais-sao-as-novidades-do-museu-casa-de-portinari-em-homenagem-aos-120-anos-do-artista\/","url_meta":{"origin":70203,"position":1},"title":"Saiba quais s\u00e3o as novidades do Museu Casa de Portinari em homenagem aos 120 anos do artista","author":"noticiasribeiraopreto.com.br","date":"4 de December de 2023","format":false,"excerpt":"O Museu Casa de Portinari, na cidade de Brodowski, regi\u00e3o de Ribeir\u00e3o Preto, foi presenteado no \u00faltimo s\u00e1bado (2), com novidades em seu acervo e estrutura, devido ao anivers\u00e1rio do artista. Portinari completaria 120 anos, no dia 29 de dezembro, caso estivesse vivo. Entre as novas mudan\u00e7as est\u00e3o a amplia\u00e7\u00e3o\u2026","rel":"","context":"In &quot;Not\u00edcias de Ribeir\u00e3o Preto-SP e Regi\u00e3o&quot;","block_context":{"text":"Not\u00edcias de Ribeir\u00e3o Preto-SP e Regi\u00e3o","link":"https:\/\/noticiasribeiraopreto.com.br\/index.php\/category\/noticias-de-ribeirao-preto-sp-e-regiao-ismael-colosi\/"},"img":{"alt_text":"","src":"https:\/\/i0.wp.com\/noticiasribeiraopreto.com.br\/wp-content\/uploads\/2023\/12\/museu_casa_1024x576_15072020113515.jpg?fit=1024%2C576&ssl=1&resize=350%2C200","width":350,"height":200,"srcset":"https:\/\/i0.wp.com\/noticiasribeiraopreto.com.br\/wp-content\/uploads\/2023\/12\/museu_casa_1024x576_15072020113515.jpg?fit=1024%2C576&ssl=1&resize=350%2C200 1x, https:\/\/i0.wp.com\/noticiasribeiraopreto.com.br\/wp-content\/uploads\/2023\/12\/museu_casa_1024x576_15072020113515.jpg?fit=1024%2C576&ssl=1&resize=525%2C300 1.5x, https:\/\/i0.wp.com\/noticiasribeiraopreto.com.br\/wp-content\/uploads\/2023\/12\/museu_casa_1024x576_15072020113515.jpg?fit=1024%2C576&ssl=1&resize=700%2C400 2x"},"classes":[]},{"id":81209,"url":"https:\/\/noticiasribeiraopreto.com.br\/index.php\/2025\/12\/28\/museu-casa-de-portinari-celebra-aniversario-do-artista-com-programacao-especial-confira\/","url_meta":{"origin":70203,"position":2},"title":"Museu Casa de Portinari celebra anivers\u00e1rio do artista com programa\u00e7\u00e3o especial; Confira","author":"noticiasribeiraopreto.com.br","date":"28 de December de 2025","format":false,"excerpt":"O Museu Casa de Portinari, localizado em Brodowski, cidade na regi\u00e3o de Ribeir\u00e3o Preto, est\u00e1 com uma programa\u00e7\u00e3o especial para o final de dezembro, que re\u00fane oficinas educativas, sarau musical e exposi\u00e7\u00f5es que ampliam o di\u00e1logo entre arte, mem\u00f3ria e identidade cultural. As atividades s\u00e3o gratuitas, abertas ao p\u00fablico, e\u2026","rel":"","context":"In &quot;Not\u00edcias de Ribeir\u00e3o Preto-SP e Regi\u00e3o&quot;","block_context":{"text":"Not\u00edcias de Ribeir\u00e3o Preto-SP e Regi\u00e3o","link":"https:\/\/noticiasribeiraopreto.com.br\/index.php\/category\/noticias-de-ribeirao-preto-sp-e-regiao-ismael-colosi\/"},"img":{"alt_text":"","src":"https:\/\/i0.wp.com\/noticiasribeiraopreto.com.br\/wp-content\/uploads\/2025\/08\/f39de422-408e-4e01-885d-e6f6ebd33ced_2025-08-01_15-24-13.webp.webp?fit=1200%2C800&ssl=1&resize=350%2C200","width":350,"height":200,"srcset":"https:\/\/i0.wp.com\/noticiasribeiraopreto.com.br\/wp-content\/uploads\/2025\/08\/f39de422-408e-4e01-885d-e6f6ebd33ced_2025-08-01_15-24-13.webp.webp?fit=1200%2C800&ssl=1&resize=350%2C200 1x, https:\/\/i0.wp.com\/noticiasribeiraopreto.com.br\/wp-content\/uploads\/2025\/08\/f39de422-408e-4e01-885d-e6f6ebd33ced_2025-08-01_15-24-13.webp.webp?fit=1200%2C800&ssl=1&resize=525%2C300 1.5x, https:\/\/i0.wp.com\/noticiasribeiraopreto.com.br\/wp-content\/uploads\/2025\/08\/f39de422-408e-4e01-885d-e6f6ebd33ced_2025-08-01_15-24-13.webp.webp?fit=1200%2C800&ssl=1&resize=700%2C400 2x, https:\/\/i0.wp.com\/noticiasribeiraopreto.com.br\/wp-content\/uploads\/2025\/08\/f39de422-408e-4e01-885d-e6f6ebd33ced_2025-08-01_15-24-13.webp.webp?fit=1200%2C800&ssl=1&resize=1050%2C600 3x"},"classes":[]},{"id":27577,"url":"https:\/\/noticiasribeiraopreto.com.br\/index.php\/2024\/01\/12\/confira-as-atividades-do-museu-casa-de-portinari-para-os-proximos-dias\/","url_meta":{"origin":70203,"position":3},"title":"Confira as atividades do Museu Casa de Portinari para os pr\u00f3ximos dias","author":"noticiasribeiraopreto.com.br","date":"12 de January de 2024","format":false,"excerpt":"Os destaques s\u00e3o uma pe\u00e7a de teatro que conta de forma l\u00fadica a inf\u00e2ncia de Candido Portinari e a 11\u00aa edi\u00e7\u00e3o do #MuseumSelfieDay, que convida visitantes de museus do mundo inteiro a compartilharem suas impress\u00f5es sobre as mostras visitadas.Al\u00e9m disso, o projeto \u201cF\u00e9rias no Museu\u201d continua a todo o vapor,\u2026","rel":"","context":"In &quot;Not\u00edcias de Ribeir\u00e3o Preto-SP e Regi\u00e3o&quot;","block_context":{"text":"Not\u00edcias de Ribeir\u00e3o Preto-SP e Regi\u00e3o","link":"https:\/\/noticiasribeiraopreto.com.br\/index.php\/category\/noticias-de-ribeirao-preto-sp-e-regiao-ismael-colosi\/"},"img":{"alt_text":"","src":"https:\/\/i0.wp.com\/noticiasribeiraopreto.com.br\/wp-content\/uploads\/2024\/01\/download.png?fit=524%2C295&ssl=1&resize=350%2C200","width":350,"height":200},"classes":[]},{"id":75034,"url":"https:\/\/noticiasribeiraopreto.com.br\/index.php\/2025\/08\/01\/casa-de-portinari-tem-programacao-especial-no-mes-de-aniversario-de-brodowski-confira\/","url_meta":{"origin":70203,"position":4},"title":"Casa de Portinari tem programa\u00e7\u00e3o especial no m\u00eas de anivers\u00e1rio de Brodowski; confira","author":"noticiasribeiraopreto.com.br","date":"1 de August de 2025","format":false,"excerpt":"O Museu Casa de Portinari, em Brodowski, regi\u00e3o de Ribeir\u00e3o Preto, conta com uma agenda especial em agosto, m\u00eas que celebra os 112 anos da cidade. A programa\u00e7\u00e3o re\u00fane atividades culturais que valorizam a hist\u00f3ria e a mem\u00f3ria local, tendo como ponto alto a 50\u00aa Semana de Portinari, que acontece\u2026","rel":"","context":"In &quot;Not\u00edcias de Ribeir\u00e3o Preto-SP e Regi\u00e3o&quot;","block_context":{"text":"Not\u00edcias de Ribeir\u00e3o Preto-SP e Regi\u00e3o","link":"https:\/\/noticiasribeiraopreto.com.br\/index.php\/category\/noticias-de-ribeirao-preto-sp-e-regiao-ismael-colosi\/"},"img":{"alt_text":"","src":"https:\/\/i0.wp.com\/noticiasribeiraopreto.com.br\/wp-content\/uploads\/2025\/08\/f39de422-408e-4e01-885d-e6f6ebd33ced_2025-08-01_15-24-13.webp.webp?fit=1200%2C800&ssl=1&resize=350%2C200","width":350,"height":200,"srcset":"https:\/\/i0.wp.com\/noticiasribeiraopreto.com.br\/wp-content\/uploads\/2025\/08\/f39de422-408e-4e01-885d-e6f6ebd33ced_2025-08-01_15-24-13.webp.webp?fit=1200%2C800&ssl=1&resize=350%2C200 1x, https:\/\/i0.wp.com\/noticiasribeiraopreto.com.br\/wp-content\/uploads\/2025\/08\/f39de422-408e-4e01-885d-e6f6ebd33ced_2025-08-01_15-24-13.webp.webp?fit=1200%2C800&ssl=1&resize=525%2C300 1.5x, https:\/\/i0.wp.com\/noticiasribeiraopreto.com.br\/wp-content\/uploads\/2025\/08\/f39de422-408e-4e01-885d-e6f6ebd33ced_2025-08-01_15-24-13.webp.webp?fit=1200%2C800&ssl=1&resize=700%2C400 2x, https:\/\/i0.wp.com\/noticiasribeiraopreto.com.br\/wp-content\/uploads\/2025\/08\/f39de422-408e-4e01-885d-e6f6ebd33ced_2025-08-01_15-24-13.webp.webp?fit=1200%2C800&ssl=1&resize=1050%2C600 3x"},"classes":[]},{"id":81314,"url":"https:\/\/noticiasribeiraopreto.com.br\/index.php\/2026\/01\/01\/feira-oficinas-e-arte-confira-programacao-de-janeiro-no-museu-casa-de-portinari\/","url_meta":{"origin":70203,"position":5},"title":"Feira, oficinas e arte: confira programa\u00e7\u00e3o de janeiro no Museu Casa de Portinari","author":"noticiasribeiraopreto.com.br","date":"1 de January de 2026","format":false,"excerpt":"O Museu Casa Portinari, institui\u00e7\u00e3o da Secretaria da Cultura, Economia e Ind\u00fastria Criativas do Estado de S\u00e3o Paulo, localizado em Brodowski, na regi\u00e3o de Ribeir\u00e3o Preto oferece uma programa\u00e7\u00e3o especial para o per\u00edodo de f\u00e9rias da crian\u00e7ada. Esplanada do Museu Casa de Portinari \u2013 Foto: Divulga\u00e7\u00e3o O p\u00fablico encontrar\u00e1 exposi\u00e7\u00f5es,\u2026","rel":"","context":"In &quot;Not\u00edcias de Ribeir\u00e3o Preto-SP e Regi\u00e3o&quot;","block_context":{"text":"Not\u00edcias de Ribeir\u00e3o Preto-SP e Regi\u00e3o","link":"https:\/\/noticiasribeiraopreto.com.br\/index.php\/category\/noticias-de-ribeirao-preto-sp-e-regiao-ismael-colosi\/"},"img":{"alt_text":"","src":"https:\/\/i0.wp.com\/noticiasribeiraopreto.com.br\/wp-content\/uploads\/2026\/01\/2553e360-a9c3-42a1-b43e-08e45def53d6_2025-12-31_12-44-40.webp.webp?fit=1200%2C797&ssl=1&resize=350%2C200","width":350,"height":200,"srcset":"https:\/\/i0.wp.com\/noticiasribeiraopreto.com.br\/wp-content\/uploads\/2026\/01\/2553e360-a9c3-42a1-b43e-08e45def53d6_2025-12-31_12-44-40.webp.webp?fit=1200%2C797&ssl=1&resize=350%2C200 1x, https:\/\/i0.wp.com\/noticiasribeiraopreto.com.br\/wp-content\/uploads\/2026\/01\/2553e360-a9c3-42a1-b43e-08e45def53d6_2025-12-31_12-44-40.webp.webp?fit=1200%2C797&ssl=1&resize=525%2C300 1.5x, https:\/\/i0.wp.com\/noticiasribeiraopreto.com.br\/wp-content\/uploads\/2026\/01\/2553e360-a9c3-42a1-b43e-08e45def53d6_2025-12-31_12-44-40.webp.webp?fit=1200%2C797&ssl=1&resize=700%2C400 2x, https:\/\/i0.wp.com\/noticiasribeiraopreto.com.br\/wp-content\/uploads\/2026\/01\/2553e360-a9c3-42a1-b43e-08e45def53d6_2025-12-31_12-44-40.webp.webp?fit=1200%2C797&ssl=1&resize=1050%2C600 3x"},"classes":[]}],"jetpack_sharing_enabled":true,"jetpack_shortlink":"https:\/\/wp.me\/peQAOb-igj","_links":{"self":[{"href":"https:\/\/noticiasribeiraopreto.com.br\/index.php\/wp-json\/wp\/v2\/posts\/70203","targetHints":{"allow":["GET"]}}],"collection":[{"href":"https:\/\/noticiasribeiraopreto.com.br\/index.php\/wp-json\/wp\/v2\/posts"}],"about":[{"href":"https:\/\/noticiasribeiraopreto.com.br\/index.php\/wp-json\/wp\/v2\/types\/post"}],"author":[{"embeddable":true,"href":"https:\/\/noticiasribeiraopreto.com.br\/index.php\/wp-json\/wp\/v2\/users\/1"}],"replies":[{"embeddable":true,"href":"https:\/\/noticiasribeiraopreto.com.br\/index.php\/wp-json\/wp\/v2\/comments?post=70203"}],"version-history":[{"count":0,"href":"https:\/\/noticiasribeiraopreto.com.br\/index.php\/wp-json\/wp\/v2\/posts\/70203\/revisions"}],"wp:featuredmedia":[{"embeddable":true,"href":"https:\/\/noticiasribeiraopreto.com.br\/index.php\/wp-json\/wp\/v2\/media\/70204"}],"wp:attachment":[{"href":"https:\/\/noticiasribeiraopreto.com.br\/index.php\/wp-json\/wp\/v2\/media?parent=70203"}],"wp:term":[{"taxonomy":"category","embeddable":true,"href":"https:\/\/noticiasribeiraopreto.com.br\/index.php\/wp-json\/wp\/v2\/categories?post=70203"},{"taxonomy":"post_tag","embeddable":true,"href":"https:\/\/noticiasribeiraopreto.com.br\/index.php\/wp-json\/wp\/v2\/tags?post=70203"}],"curies":[{"name":"wp","href":"https:\/\/api.w.org\/{rel}","templated":true}]}}