{"id":70205,"date":"2025-05-23T16:23:06","date_gmt":"2025-05-23T19:23:06","guid":{"rendered":"https:\/\/noticiasribeiraopreto.com.br\/index.php\/2025\/05\/23\/caso-larissa-e-um-quebra-cabecas-diz-delegado-apos-exumacao-do-corpo-de-irma-de-medico\/"},"modified":"2025-05-23T16:23:06","modified_gmt":"2025-05-23T19:23:06","slug":"caso-larissa-e-um-quebra-cabecas-diz-delegado-apos-exumacao-do-corpo-de-irma-de-medico","status":"publish","type":"post","link":"https:\/\/noticiasribeiraopreto.com.br\/index.php\/2025\/05\/23\/caso-larissa-e-um-quebra-cabecas-diz-delegado-apos-exumacao-do-corpo-de-irma-de-medico\/","title":{"rendered":"Caso Larissa: \u2018\u00c9 um quebra-cabe\u00e7as\u2019, diz delegado ap\u00f3s exuma\u00e7\u00e3o do corpo de irm\u00e3 de m\u00e9dico"},"content":{"rendered":"<p> <br \/>\n<\/p>\n<div>\n<p>O delegado <strong>Fernando Bravo <\/strong>acompanhou a exuma\u00e7\u00e3o do corpo de <strong>Nath\u00e1lia Garnica<\/strong>, na manh\u00e3 desta sexta-feira (23), no cemit\u00e9rio de<strong> Pontal<\/strong>, cidade a 40 quil\u00f4metros de <strong>Ribeir\u00e3o Preto<\/strong>. A pol\u00edcia quer saber se Nath\u00e1lia tamb\u00e9m foi envenenada, assim como a professora Larissa Talle Le\u00f4ncio Rodrigues.<\/p>\n<p><mark style=\"background-color:#fcb900\" class=\"has-inline-color has-black-color\">A professora foi encontrada morta no dia 22 de mar\u00e7o<\/mark>. O marido dela, o m\u00e9dico Luiz Ant\u00f4nio Garnica, e a sogra, Elizabete Arraba\u00e7a, est\u00e3o presos suspeitos de envolvimento na morte de Larissa. Nath\u00e1lia morreu em fevereiro, v\u00edtima de parada uma card\u00edaca, mesmo sem apresentar problemas de sa\u00fade.<\/p>\n<h2 class=\"wp-block-heading\"><strong>Exuma\u00e7\u00e3o<\/strong><\/h2>\n<p>O delegado Fernando Bravo pediu a exuma\u00e7\u00e3o do corpo de Nath\u00e1lia, j\u00e1 que, caso seja diagnosticado um poss\u00edvel envenenamento, pode ser mais um ind\u00edcio do envolvimento dos suspeitos na morte da professora.<\/p>\n<p>\u201cA investiga\u00e7\u00e3o \u00e9 um quebra-cabe\u00e7as. S\u00e3o muitas pe\u00e7as. Agora, vamos pegar e analisar com calma todas essas pe\u00e7as para fazer um relat\u00f3rio e esclarecer o que aconteceu\u201d, disse o delegado. Ele ainda disse que ainda n\u00e3o sabe se ser\u00e1 necess\u00e1ria a prorroga\u00e7\u00e3o do prazo para conclus\u00e3o da investiga\u00e7\u00e3o.<\/p>\n<blockquote class=\"instagram-media\" data-instgrm-permalink=\"https:\/\/www.instagram.com\/reel\/DJ_5rHZykB5\/?utm_source=ig_embed&amp;utm_campaign=loading\" data-instgrm-version=\"14\" style=\"background:#FFF;border:0;border-radius:3px;margin: 1px;max-width:540px;min-width:326px;padding:0;width:99.375%;width:-webkit-calc(100% - 2px);width:calc(100% - 2px)\"\/>\n<h2 class=\"wp-block-heading\"><strong>O que foi encontrado?<\/strong><\/h2>\n<p>O m\u00e9dico legista Leonardo Monteiro Mendes disse que na exuma\u00e7\u00e3o do corpo de Nath\u00e1lia foi poss\u00edvel retirar amostras para an\u00e1lise em laborat\u00f3rio, como partes do c\u00e9rebro, intestino, est\u00f4mago, f\u00edgado, bexiga, cora\u00e7\u00e3o e amostras de cabelo. N\u00e3o foram encontrados sangue e urina.<\/p>\n<p>J\u00e1 o diretor do <strong>IML (Instituto M\u00e9dico Legal)<\/strong>, Di\u00f3genes Tadeu de Freitas, explicou que apenas a an\u00e1lise no laborat\u00f3rio poder\u00e1 apontar se o material coletado pode identificar o que causou a morte de Nath\u00e1lia e se est\u00e1 relacionado com o caso Larissa. \u201cComo passou muito tempo, j\u00e1 ficou prejudicado identificar qualquer coisa ali\u201d, disse.<\/p>\n<h2 class=\"wp-block-heading\"><strong>Advogado acompanhou<\/strong><\/h2>\n<p>O advogado Bruno Corr\u00eaa, que defende Elizabete Arraba\u00e7a, acompanhou a exuma\u00e7\u00e3o do corpo de Nath\u00e1lia na manh\u00e3 desta sexta-feira. O defensor disse que a cliente est\u00e1 ciente da a\u00e7\u00e3o e que nega ter provocado a morte da filha, assim como, a de Larissa.<\/p>\n<p>\u201cEla tem conhecimento e, da mesma forma da Larissa, ela nega ter ministrado qualquer subst\u00e2ncia\u201d, disse \u00e0 EPTV. O advogado ainda declarou que vai pedir a pris\u00e3o domiciliar de Elizabete Arraba\u00e7a. A sogra de Larissa est\u00e1 presa na cadeia de S\u00e3o Joaquim da Barra.<\/p>\n<p>Tanto ela, quanto o filho, Luiz Ant\u00f4nio Garnica, negam envolvimento na morte de Larissa.<\/p>\n<p>SAIBA MAIS<br \/>Acidente envolve quatro carros no Anel Vi\u00e1rio Norte de Ribeir\u00e3o Preto<\/p>\n<h2 class=\"wp-block-heading\"><strong>FIQUE ON<\/strong><\/h2>\n<p>Fique ligado em tudo que acontece em Ribeir\u00e3o Preto e regi\u00e3o. Siga os perfis do<strong>\u00a0acidade on<\/strong>\u00a0no\u00a0<a href=\"https:\/\/www.instagram.com\/acidadeonribeirao\">Instagram\u00a0<\/a>e no\u00a0<a href=\"https:\/\/www.facebook.com\/acidadeonribeirao\/\">Facebook<\/a>.<\/p>\n<p>Receba not\u00edcias do<strong>\u00a0acidade on\u00a0<\/strong>no WhatsApp.<a href=\"https:\/\/chat.whatsapp.com\/BjKQZ9oJwlz8VVT50NuePq\">\u00a0Para entrar no grupo, basta clicar aqui.<\/a><\/p>\n<p>Fa\u00e7a uma den\u00fancia ou sugira uma reportagem sobre Ribeir\u00e3o Preto e regi\u00e3o pelo WhatsApp: 16 99117 7802.<\/p>\n<p>VEJA TAMB\u00c9M<br \/>Como consultar a restitui\u00e7\u00e3o do IR 2025?<\/p>\n<p><!-- CONTENT END 1 -->\n<\/div>\n<p><script async src=\"\/\/www.instagram.com\/embed.js\"><\/script><br \/>\n<br \/><br \/>\n<br \/><a href=\"https:\/\/www.acidadeon.com\/ribeiraopreto\/cotidiano\/caso-larissa-e-um-quebra-cabecas-diz-delegado-apos-exumacao-do-corpo-de-irma-de-medico\/\">Source link <\/a><\/p>\n","protected":false},"excerpt":{"rendered":"<p>O delegado Fernando Bravo acompanhou a exuma\u00e7\u00e3o do corpo de Nath\u00e1lia Garnica, na manh\u00e3 desta sexta-feira (23), no cemit\u00e9rio de Pontal, cidade a 40 quil\u00f4metros&#8230;<\/p>\n","protected":false},"author":1,"featured_media":70206,"comment_status":"open","ping_status":"open","sticky":false,"template":"","format":"standard","meta":{"advanced_seo_description":"","jetpack_seo_html_title":"","jetpack_seo_noindex":false,"jetpack_post_was_ever_published":false,"_jetpack_newsletter_access":"","_jetpack_dont_email_post_to_subs":false,"_jetpack_newsletter_tier_id":0,"_jetpack_memberships_contains_paywalled_content":false,"_jetpack_memberships_contains_paid_content":false,"footnotes":"","jetpack_publicize_message":"","jetpack_publicize_feature_enabled":true,"jetpack_social_post_already_shared":true,"jetpack_social_options":{"image_generator_settings":{"template":"highway","default_image_id":0,"font":"","enabled":false},"version":2}},"categories":[11],"tags":[],"class_list":["post-70205","post","type-post","status-publish","format-standard","has-post-thumbnail","hentry","category-noticias-de-ribeirao-preto-sp-e-regiao-ismael-colosi"],"jetpack_publicize_connections":[],"jetpack_featured_media_url":"https:\/\/i0.wp.com\/noticiasribeiraopreto.com.br\/wp-content\/uploads\/2025\/05\/nathalia-garnica_2025-05-23_15-56-37.webp.webp?fit=1200%2C900&ssl=1","jetpack-related-posts":[{"id":70168,"url":"https:\/\/noticiasribeiraopreto.com.br\/index.php\/2025\/05\/23\/caso-larissa-peritos-iniciam-trabalho-de-exumacao\/","url_meta":{"origin":70205,"position":0},"title":"CASO LARISSA: Peritos iniciam trabalho de exuma\u00e7\u00e3o","author":"noticiasribeiraopreto.com.br","date":"23 de May de 2025","format":false,"excerpt":"Equipe do IML, acompanhados por policiais civis, militares, promotoria e testemunhas, come\u00e7aram a exuma\u00e7\u00e3o no corpo de Nath\u00e1lia Garnica 23 de maio de 2025 10:523 Compartilhar0 Por: Adalberto Luque Come\u00e7aram os trabalhos de exuma\u00e7\u00e3o, na manh\u00e3 desta sexta-feira (23), do corpo de Nath\u00e1lia Garnica, irm\u00e3 do m\u00e9dico Luiz Ant\u00f4nio Garnica\u2026","rel":"","context":"In &quot;Not\u00edcias de Ribeir\u00e3o Preto-SP e Regi\u00e3o&quot;","block_context":{"text":"Not\u00edcias de Ribeir\u00e3o Preto-SP e Regi\u00e3o","link":"https:\/\/noticiasribeiraopreto.com.br\/index.php\/category\/noticias-de-ribeirao-preto-sp-e-regiao-ismael-colosi\/"},"img":{"alt_text":"","src":"https:\/\/i0.wp.com\/noticiasribeiraopreto.com.br\/wp-content\/uploads\/2025\/05\/23-mai-2025-01exumacaonathaliamenor.jpg?fit=850%2C567&ssl=1&resize=350%2C200","width":350,"height":200,"srcset":"https:\/\/i0.wp.com\/noticiasribeiraopreto.com.br\/wp-content\/uploads\/2025\/05\/23-mai-2025-01exumacaonathaliamenor.jpg?fit=850%2C567&ssl=1&resize=350%2C200 1x, https:\/\/i0.wp.com\/noticiasribeiraopreto.com.br\/wp-content\/uploads\/2025\/05\/23-mai-2025-01exumacaonathaliamenor.jpg?fit=850%2C567&ssl=1&resize=525%2C300 1.5x, https:\/\/i0.wp.com\/noticiasribeiraopreto.com.br\/wp-content\/uploads\/2025\/05\/23-mai-2025-01exumacaonathaliamenor.jpg?fit=850%2C567&ssl=1&resize=700%2C400 2x"},"classes":[]},{"id":70156,"url":"https:\/\/noticiasribeiraopreto.com.br\/index.php\/2025\/05\/23\/caso-larissa-corpo-de-nathalia-sera-exumado-hoje\/","url_meta":{"origin":70205,"position":1},"title":"CASO LARISSA: Corpo de Nath\u00e1lia ser\u00e1 exumado hoje","author":"noticiasribeiraopreto.com.br","date":"23 de May de 2025","format":false,"excerpt":"Equipe do IML far\u00e1 o procedimento para, a pedido da Pol\u00edcia Civil, verificar se h\u00e1 vest\u00edgios de chumbinho ou outro veneno no corpo da mulher 23 de maio de 2025 09:1411 Compartilhar2 Por: Adalberto Luque Acontece nesta sexta-feira (23), \u00e0s 10h00, a exuma\u00e7\u00e3o do corpo de Nath\u00e1lia Garnica, irm\u00e3 do\u2026","rel":"","context":"In &quot;Not\u00edcias de Ribeir\u00e3o Preto-SP e Regi\u00e3o&quot;","block_context":{"text":"Not\u00edcias de Ribeir\u00e3o Preto-SP e Regi\u00e3o","link":"https:\/\/noticiasribeiraopreto.com.br\/index.php\/category\/noticias-de-ribeirao-preto-sp-e-regiao-ismael-colosi\/"},"img":{"alt_text":"","src":"https:\/\/i0.wp.com\/noticiasribeiraopreto.com.br\/wp-content\/uploads\/2025\/05\/16-mai-2525-tumulolarissanatalia-scaled.jpg?fit=723%2C500&ssl=1&resize=350%2C200","width":350,"height":200,"srcset":"https:\/\/i0.wp.com\/noticiasribeiraopreto.com.br\/wp-content\/uploads\/2025\/05\/16-mai-2525-tumulolarissanatalia-scaled.jpg?fit=723%2C500&ssl=1&resize=350%2C200 1x, https:\/\/i0.wp.com\/noticiasribeiraopreto.com.br\/wp-content\/uploads\/2025\/05\/16-mai-2525-tumulolarissanatalia-scaled.jpg?fit=723%2C500&ssl=1&resize=525%2C300 1.5x, https:\/\/i0.wp.com\/noticiasribeiraopreto.com.br\/wp-content\/uploads\/2025\/05\/16-mai-2525-tumulolarissanatalia-scaled.jpg?fit=723%2C500&ssl=1&resize=700%2C400 2x"},"classes":[]},{"id":69610,"url":"https:\/\/noticiasribeiraopreto.com.br\/index.php\/2025\/05\/07\/policia-civil-vai-pedir-exumacao-do-corpo-da-irma-de-medico-preso-suspeito-de-envenenar-esposa-em-ribeirao-preto\/","url_meta":{"origin":70205,"position":2},"title":"Pol\u00edcia Civil vai pedir exuma\u00e7\u00e3o do corpo da irm\u00e3 de m\u00e9dico preso suspeito de envenenar esposa em Ribeir\u00e3o Preto","author":"noticiasribeiraopreto.com.br","date":"7 de May de 2025","format":false,"excerpt":"A Pol\u00edcia Civil dever\u00e1 pedir a exuma\u00e7\u00e3o do corpo da irm\u00e3 do m\u00e9dico Luiz Antonio Garnica, preso nesta ter\u00e7a-feira (6) com a m\u00e3e, Elizabete Arraba\u00e7a Garnica, por suspeita da morte por envenenamento da mulher dele, a professora Larissa Talle Le\u00f4ncio Rodrigues, em Ribeir\u00e3o Preto. A irm\u00e3 do m\u00e9dico, Nathalia Garnica,\u2026","rel":"","context":"In &quot;Not\u00edcias de Ribeir\u00e3o Preto-SP e Regi\u00e3o&quot;","block_context":{"text":"Not\u00edcias de Ribeir\u00e3o Preto-SP e Regi\u00e3o","link":"https:\/\/noticiasribeiraopreto.com.br\/index.php\/category\/noticias-de-ribeirao-preto-sp-e-regiao-ismael-colosi\/"},"img":{"alt_text":"","src":"https:\/\/i0.wp.com\/noticiasribeiraopreto.com.br\/wp-content\/uploads\/2025\/05\/WhatsApp-Image-2025-05-07-at-10.51.41-1_2025-05-07_13-52-19.webp.webp?fit=1200%2C675&ssl=1&resize=350%2C200","width":350,"height":200,"srcset":"https:\/\/i0.wp.com\/noticiasribeiraopreto.com.br\/wp-content\/uploads\/2025\/05\/WhatsApp-Image-2025-05-07-at-10.51.41-1_2025-05-07_13-52-19.webp.webp?fit=1200%2C675&ssl=1&resize=350%2C200 1x, https:\/\/i0.wp.com\/noticiasribeiraopreto.com.br\/wp-content\/uploads\/2025\/05\/WhatsApp-Image-2025-05-07-at-10.51.41-1_2025-05-07_13-52-19.webp.webp?fit=1200%2C675&ssl=1&resize=525%2C300 1.5x, https:\/\/i0.wp.com\/noticiasribeiraopreto.com.br\/wp-content\/uploads\/2025\/05\/WhatsApp-Image-2025-05-07-at-10.51.41-1_2025-05-07_13-52-19.webp.webp?fit=1200%2C675&ssl=1&resize=700%2C400 2x, https:\/\/i0.wp.com\/noticiasribeiraopreto.com.br\/wp-content\/uploads\/2025\/05\/WhatsApp-Image-2025-05-07-at-10.51.41-1_2025-05-07_13-52-19.webp.webp?fit=1200%2C675&ssl=1&resize=1050%2C600 3x"},"classes":[]},{"id":73819,"url":"https:\/\/noticiasribeiraopreto.com.br\/index.php\/2025\/07\/10\/com-exumacao-delegado-apura-se-elisabete-matou-cachorra-ao-testar-veneno\/","url_meta":{"origin":70205,"position":3},"title":"Com exuma\u00e7\u00e3o, delegado apura se Elisabete matou cachorra ao testar veneno","author":"noticiasribeiraopreto.com.br","date":"10 de July de 2025","format":false,"excerpt":"O delegado Fernando Bravo, da Delegacia de Homic\u00eddios de Ribeir\u00e3o Preto, disse na manh\u00e3 desta quinta-feira (10), ap\u00f3s a exuma\u00e7\u00e3o da cadela Babi,\u00a0 que vai \u00a0apurar se Elizabete Arraba\u00e7a, m\u00e3e de Nath\u00e1lia Garnica e ent\u00e3o tutora da cachorra, testou a efic\u00e1cia do veneno no animal. Laudos confirmaram a presen\u00e7a de\u2026","rel":"","context":"In &quot;Not\u00edcias de Ribeir\u00e3o Preto-SP e Regi\u00e3o&quot;","block_context":{"text":"Not\u00edcias de Ribeir\u00e3o Preto-SP e Regi\u00e3o","link":"https:\/\/noticiasribeiraopreto.com.br\/index.php\/category\/noticias-de-ribeirao-preto-sp-e-regiao-ismael-colosi\/"},"img":{"alt_text":"","src":"https:\/\/i0.wp.com\/noticiasribeiraopreto.com.br\/wp-content\/uploads\/2025\/06\/ELIZABETE_2025-06-30_17-33-46.webp.webp?fit=1200%2C757&ssl=1&resize=350%2C200","width":350,"height":200,"srcset":"https:\/\/i0.wp.com\/noticiasribeiraopreto.com.br\/wp-content\/uploads\/2025\/06\/ELIZABETE_2025-06-30_17-33-46.webp.webp?fit=1200%2C757&ssl=1&resize=350%2C200 1x, https:\/\/i0.wp.com\/noticiasribeiraopreto.com.br\/wp-content\/uploads\/2025\/06\/ELIZABETE_2025-06-30_17-33-46.webp.webp?fit=1200%2C757&ssl=1&resize=525%2C300 1.5x, https:\/\/i0.wp.com\/noticiasribeiraopreto.com.br\/wp-content\/uploads\/2025\/06\/ELIZABETE_2025-06-30_17-33-46.webp.webp?fit=1200%2C757&ssl=1&resize=700%2C400 2x, https:\/\/i0.wp.com\/noticiasribeiraopreto.com.br\/wp-content\/uploads\/2025\/06\/ELIZABETE_2025-06-30_17-33-46.webp.webp?fit=1200%2C757&ssl=1&resize=1050%2C600 3x"},"classes":[]},{"id":70187,"url":"https:\/\/noticiasribeiraopreto.com.br\/index.php\/2025\/05\/23\/caso-larissa-corpo-de-nathalia-e-exumado\/","url_meta":{"origin":70205,"position":4},"title":"Caso Larissa: Corpo de Nathalia \u00e9 exumado","author":"noticiasribeiraopreto.com.br","date":"23 de May de 2025","format":false,"excerpt":"Por: Adalberto Luque A pedido da Pol\u00edcia Civil e com aval da Justi\u00e7a de Pontal, o Instituto M\u00e9dico Legal (IML) promoveu na manh\u00e3 desta sexta-feira, 23 de maio, a exuma\u00e7\u00e3o do corpo de Nathalia Garnica, de 42 anos, irm\u00e3 do m\u00e9dico Luiz Ant\u00f4nio Garnica, de 38, e filha de Elizabete\u2026","rel":"","context":"In &quot;Not\u00edcias de Ribeir\u00e3o Preto-SP e Regi\u00e3o&quot;","block_context":{"text":"Not\u00edcias de Ribeir\u00e3o Preto-SP e Regi\u00e3o","link":"https:\/\/noticiasribeiraopreto.com.br\/index.php\/category\/noticias-de-ribeirao-preto-sp-e-regiao-ismael-colosi\/"},"img":{"alt_text":"","src":"https:\/\/i0.wp.com\/noticiasribeiraopreto.com.br\/wp-content\/uploads\/2025\/05\/23-mai-2025-00exumacaonathalia.jpg?fit=850%2C584&ssl=1&resize=350%2C200","width":350,"height":200,"srcset":"https:\/\/i0.wp.com\/noticiasribeiraopreto.com.br\/wp-content\/uploads\/2025\/05\/23-mai-2025-00exumacaonathalia.jpg?fit=850%2C584&ssl=1&resize=350%2C200 1x, https:\/\/i0.wp.com\/noticiasribeiraopreto.com.br\/wp-content\/uploads\/2025\/05\/23-mai-2025-00exumacaonathalia.jpg?fit=850%2C584&ssl=1&resize=525%2C300 1.5x, https:\/\/i0.wp.com\/noticiasribeiraopreto.com.br\/wp-content\/uploads\/2025\/05\/23-mai-2025-00exumacaonathalia.jpg?fit=850%2C584&ssl=1&resize=700%2C400 2x"},"classes":[]},{"id":69596,"url":"https:\/\/noticiasribeiraopreto.com.br\/index.php\/2025\/05\/07\/nao-tenho-culpa-de-nada-diz-sogra-da-professora-larissa-apos-prisao-em-ribeirao\/","url_meta":{"origin":70205,"position":5},"title":"\u2018N\u00e3o tenho culpa de nada\u2019, diz sogra da professora Larissa ap\u00f3s pris\u00e3o em Ribeir\u00e3o","author":"noticiasribeiraopreto.com.br","date":"7 de May de 2025","format":false,"excerpt":"Elizabete Arraba\u00e7a, sogra da professora Larissa Talle Le\u00f4ncio Rodrigues, morta no \u00faltimo m\u00eas de mar\u00e7o, em Ribeir\u00e3o Preto, se manifestou nesta quarta-feira (7) sobre a pris\u00e3o ocorrida ontem. Elizabete afirma que n\u00e3o tem culpa. \u201cN\u00e3o tenho culpa de nada, gente. Para com isso. \u00c9 pecado. Voc\u00eas est\u00e3o fazendo isso. \u00c9\u2026","rel":"","context":"In &quot;Not\u00edcias de Ribeir\u00e3o Preto-SP e Regi\u00e3o&quot;","block_context":{"text":"Not\u00edcias de Ribeir\u00e3o Preto-SP e Regi\u00e3o","link":"https:\/\/noticiasribeiraopreto.com.br\/index.php\/category\/noticias-de-ribeirao-preto-sp-e-regiao-ismael-colosi\/"},"img":{"alt_text":"","src":"https:\/\/i0.wp.com\/noticiasribeiraopreto.com.br\/wp-content\/uploads\/2025\/05\/elizabeth_2025-05-07_16-18-11.webp.webp?fit=1200%2C700&ssl=1&resize=350%2C200","width":350,"height":200,"srcset":"https:\/\/i0.wp.com\/noticiasribeiraopreto.com.br\/wp-content\/uploads\/2025\/05\/elizabeth_2025-05-07_16-18-11.webp.webp?fit=1200%2C700&ssl=1&resize=350%2C200 1x, https:\/\/i0.wp.com\/noticiasribeiraopreto.com.br\/wp-content\/uploads\/2025\/05\/elizabeth_2025-05-07_16-18-11.webp.webp?fit=1200%2C700&ssl=1&resize=525%2C300 1.5x, https:\/\/i0.wp.com\/noticiasribeiraopreto.com.br\/wp-content\/uploads\/2025\/05\/elizabeth_2025-05-07_16-18-11.webp.webp?fit=1200%2C700&ssl=1&resize=700%2C400 2x, https:\/\/i0.wp.com\/noticiasribeiraopreto.com.br\/wp-content\/uploads\/2025\/05\/elizabeth_2025-05-07_16-18-11.webp.webp?fit=1200%2C700&ssl=1&resize=1050%2C600 3x"},"classes":[]}],"jetpack_sharing_enabled":true,"jetpack_shortlink":"https:\/\/wp.me\/peQAOb-igl","_links":{"self":[{"href":"https:\/\/noticiasribeiraopreto.com.br\/index.php\/wp-json\/wp\/v2\/posts\/70205","targetHints":{"allow":["GET"]}}],"collection":[{"href":"https:\/\/noticiasribeiraopreto.com.br\/index.php\/wp-json\/wp\/v2\/posts"}],"about":[{"href":"https:\/\/noticiasribeiraopreto.com.br\/index.php\/wp-json\/wp\/v2\/types\/post"}],"author":[{"embeddable":true,"href":"https:\/\/noticiasribeiraopreto.com.br\/index.php\/wp-json\/wp\/v2\/users\/1"}],"replies":[{"embeddable":true,"href":"https:\/\/noticiasribeiraopreto.com.br\/index.php\/wp-json\/wp\/v2\/comments?post=70205"}],"version-history":[{"count":0,"href":"https:\/\/noticiasribeiraopreto.com.br\/index.php\/wp-json\/wp\/v2\/posts\/70205\/revisions"}],"wp:featuredmedia":[{"embeddable":true,"href":"https:\/\/noticiasribeiraopreto.com.br\/index.php\/wp-json\/wp\/v2\/media\/70206"}],"wp:attachment":[{"href":"https:\/\/noticiasribeiraopreto.com.br\/index.php\/wp-json\/wp\/v2\/media?parent=70205"}],"wp:term":[{"taxonomy":"category","embeddable":true,"href":"https:\/\/noticiasribeiraopreto.com.br\/index.php\/wp-json\/wp\/v2\/categories?post=70205"},{"taxonomy":"post_tag","embeddable":true,"href":"https:\/\/noticiasribeiraopreto.com.br\/index.php\/wp-json\/wp\/v2\/tags?post=70205"}],"curies":[{"name":"wp","href":"https:\/\/api.w.org\/{rel}","templated":true}]}}