{"id":70211,"date":"2025-05-23T17:03:21","date_gmt":"2025-05-23T20:03:21","guid":{"rendered":"https:\/\/noticiasribeiraopreto.com.br\/index.php\/2025\/05\/23\/leao-xiv-desmembra-arquidiocese-de-rp\/"},"modified":"2025-05-23T17:03:21","modified_gmt":"2025-05-23T20:03:21","slug":"leao-xiv-desmembra-arquidiocese-de-rp","status":"publish","type":"post","link":"https:\/\/noticiasribeiraopreto.com.br\/index.php\/2025\/05\/23\/leao-xiv-desmembra-arquidiocese-de-rp\/","title":{"rendered":"Le\u00e3o XIV desmembra arquidiocese de RP"},"content":{"rendered":"<div class='code-block code-block-1' style='margin: 8px 0 8px auto; text-align: right; display: block; clear: both;'>\n<p><a href=\"https:\/\/wa.link\/vpicfd\"><img data-recalc-dims=\"1\" class=\"wp-image-4922\" style=\"aspect-ratio: 2.0253164556962027; width: 561px; height: auto;\" src=\"https:\/\/i0.wp.com\/ismaelcolosi.com.br\/wp-content\/uploads\/2023\/11\/grupo-de-empregos-whatsapp-e-facebook-ismael-colosi-vagas.jpg?ssl=1\" alt=\"\" \/><\/a><\/p>\n<!-- \/wp:image -->\n<\/div>\n<p> <br \/>\n<\/p>\n<div>\n<p>O papa Le\u00e3o XIV elevou a diocese de S\u00e3o Jos\u00e9 do Rio Preto \u00e0 categoria de arquidiocese, desmembrando-a da Arquidiocese de Ribeir\u00e3o Preto. O bispo Dom Ant\u00f4nio Em\u00eddio Vilar passa a ser arcebispo metropolitano. \u00c9 a primeira criada em todo o mundo cat\u00f3lico pelo novo pont\u00edfice, desde que ele foi eleito, no \u00faltimo dia 8.<\/p>\n<p>No mesmo ato, o bispo Dom Ant\u00f4nio Em\u00eddio Vilar foi nomeado arcebispo metropolitano da nova arquidiocese. As informa\u00e7\u00f5es constam de boletim do Vaticano publicado na quinta-feira, 22 de maio, e foram confirmadas pela nova arquidiocese.<\/p>\n<p>\u201c\u00c9 a conclus\u00e3o de um processo iniciado em 2010, quando os bispos pediram a cria\u00e7\u00e3o da arquidiocese. \u00c9 uma alegria ver que todo o processo, que foi encaminhado pelo papa Francisco, agora se concretiza pelo papa Le\u00e3o XIV\u201d, diz Dom Vilar.<\/p>\n<p>Assim que for instalada, a arquidiocese de Rio Preto passa a ter atribui\u00e7\u00e3o sobre as dioceses de Barretos, Catanduva, Jales e Votuporanga, todas na regi\u00e3o norte do estado de S\u00e3o Paulo. A missa de instala\u00e7\u00e3o oficial da nova estrutura da Igreja Cat\u00f3lica na regi\u00e3o est\u00e1 marcada para o dia 9 de julho, na Catedral de S\u00e3o Jos\u00e9.<\/p>\n<p>De acordo com o C\u00f3digo de Direito Can\u00f4nico, as prov\u00edncias eclesi\u00e1sticas, como s\u00e3o chamadas as arquidioceses, t\u00eam a miss\u00e3o de promover uma a\u00e7\u00e3o pastoral comum entre as dioceses vizinhas.<\/p>\n<p>\u201cComo cresce sempre o n\u00famero de par\u00f3quias e dioceses, \u00e9 urgente adequar algumas estruturas, para facilitar a a\u00e7\u00e3o pastoral entre os bispos. Isso inclui uma ajuda rec\u00edproca que, claro, j\u00e1 acontece na pr\u00e1tica\u201d, explicou o novo arcebispo.<\/p>\n<p>No dia 29 de junho, em uma cerim\u00f4nia no Vaticano, o arcebispo Dom Vilar vai receber das m\u00e3os do papa Le\u00e3o XIV o p\u00e1lio, uma vestimenta lit\u00fargica composta de uma manta de l\u00e3 usada na Igreja Cat\u00f3lica para simbolizar o pastor que carrega as ovelhas sobre os ombros. Ser\u00e1 o primeiro encontro do nomeado com o novo pont\u00edfice. O p\u00e1lio ser\u00e1 usado pela primeira vez durante a missa de instala\u00e7\u00e3o da arquidiocese.<\/p>\n<p>Dom Moacir Silva responde pela Arquidiocese de Ribeir\u00e3o Preto, criada em 19 de abril de 1958 pela bula \u201cSacrorum Antistitum\u201d, pela qual o papa Pio XII elevou o status da Diocese de Ribeir\u00e3o Preto, oficializado por dom Lu\u00eds do Amaral Mousinho, primeiro arcebispo, em 30 de novembro do mesmo ano.<\/p>\n<p>Em nota publicada no site da Arquidiocese de Ribeir\u00e3o Preto, a Regional Sul 1 da Confer\u00eancia Nacional dos Bispos do Brasil (CNBB), que congrega os bispos do Estado de S\u00e3o Paulo, \u201crecebe com alegria a not\u00edcia da cria\u00e7\u00e3o da Arquidiocese de S\u00e3o Jos\u00e9 do Rio Preto, desmembrada da Prov\u00edncia Eclesi\u00e1stica de Ribeir\u00e3o Preto, e da nomea\u00e7\u00e3o de seu primeiro arcebispo, Dom Ant\u00f4nio Em\u00eddio Vilar\u201d.<\/p>\n<p>A Arquidiocese de Ribeir\u00e3o Preto abrange Altin\u00f3polis, Batatais, Brodowski, Cajuru, C\u00e1ssia dos Coqueiros, Cravinhos, Dumont, Guatapar\u00e1, Jardin\u00f3polis, Luiz Ant\u00f4nio, Pontal, Santa Cruz da Esperan\u00e7a, Santa Rita do Passa Quatro, Santa Rosa de Viterbo, Santo Ant\u00f4nio da Alegria, S\u00e3o Sim\u00e3o, Serra Azul, Serrana e Sert\u00e3ozinho.<\/p>\n<p>Quem \u00e9 o novo arcebispo brasileiro \u2013 Dom Ant\u00f4nio Em\u00eddio Vilar nasceu em novembro de 1957 em Guardinha, distrito de S\u00e3o Sebasti\u00e3o de Para\u00edso, em Minas Gerais Ainda rec\u00e9m-nascido, a fam\u00edlia se mudou para Batatais, no interior de S\u00e3o Paulo. Antes de ser ordenado presb\u00edtero, em 1986, cursou mestrado em Teologia na Universidade Pontif\u00edcia Salesiana, em Roma.<\/p>\n<p>Em 2008, Dom Vilar oi nomeado bispo da diocese de S\u00e3o Luiz de C\u00e1ceres (MT) e, em 2016, tomou posse como bispo da diocese de S\u00e3o Jo\u00e3o da Boa Vista. A partir de janeiro de 2022, tornou-se o bispo diocesano de S\u00e3o Jos\u00e9 do Rio Preto. A diocese de S\u00e3o Jos\u00e9 do Rio Preto, agora arquidiocese, foi criada em janeiro de 1929 pelo papa Pio XI.<\/p>\n<p>Em nota, a CNBB saudou a eleva\u00e7\u00e3o da diocese de S\u00e3o Jos\u00e9 do Rio Preto \u00e0 condi\u00e7\u00e3o de arquidiocese. \u201cAo clero, \u00e0 vida religiosa consagrada e a todo o povo de Deus renovamos nossa comunh\u00e3o com a caminhada desta Igreja Particular, com votos de que a eleva\u00e7\u00e3o da arquidiocese possa ser sin\u00f4nimo de maiores frutos na a\u00e7\u00e3o evangelizadora\u201d, diz o texto assinado pelo presidente, Dom Jaime Spengler, e outros arcebispos.<\/p>\n<\/div>\n<p><br \/>\n<br \/><a href=\"https:\/\/www.tribunaribeirao.com.br\/leao-xiv-desmembra-arquidiocese-de-rp\/\">Source link <\/a><\/p>\n<!-- CONTENT END 1 -->\n","protected":false},"excerpt":{"rendered":"<p>O papa Le\u00e3o XIV elevou a diocese de S\u00e3o Jos\u00e9 do Rio Preto \u00e0 categoria de arquidiocese, desmembrando-a da Arquidiocese de Ribeir\u00e3o Preto. O bispo&#8230;<\/p>\n","protected":false},"author":1,"featured_media":70212,"comment_status":"open","ping_status":"open","sticky":false,"template":"","format":"standard","meta":{"advanced_seo_description":"","jetpack_seo_html_title":"","jetpack_seo_noindex":false,"jetpack_post_was_ever_published":false,"_jetpack_newsletter_access":"","_jetpack_dont_email_post_to_subs":false,"_jetpack_newsletter_tier_id":0,"_jetpack_memberships_contains_paywalled_content":false,"_jetpack_memberships_contains_paid_content":false,"footnotes":"","jetpack_publicize_message":"","jetpack_publicize_feature_enabled":true,"jetpack_social_post_already_shared":true,"jetpack_social_options":{"image_generator_settings":{"template":"highway","default_image_id":0,"font":"","enabled":false},"version":2}},"categories":[11],"tags":[],"class_list":["post-70211","post","type-post","status-publish","format-standard","has-post-thumbnail","hentry","category-noticias-de-ribeirao-preto-sp-e-regiao-ismael-colosi"],"jetpack_publicize_connections":[],"jetpack_featured_media_url":"https:\/\/i0.wp.com\/noticiasribeiraopreto.com.br\/wp-content\/uploads\/2025\/05\/Dom-Emidio-nomeado.jpeg?fit=800%2C1205&ssl=1","jetpack-related-posts":[{"id":77872,"url":"https:\/\/noticiasribeiraopreto.com.br\/index.php\/2025\/09\/27\/papa-leao-xiv-faz-1a-nomeacao-para-curia-e-indica-arcebispo-da-regiao-de-ribeirao\/","url_meta":{"origin":70211,"position":0},"title":"Papa Le\u00e3o XIV faz 1\u00aa nomea\u00e7\u00e3o para C\u00faria e indica arcebispo da regi\u00e3o de Ribeir\u00e3o","author":"noticiasribeiraopreto.com.br","date":"27 de September de 2025","format":false,"excerpt":"O papa Le\u00e3o XIV nomeou na \u00faltima sexta-feira (26) o arcebispo brasileiro dom Ilson de Jesus Montanari, natural de Sert\u00e3ozinho, na regi\u00e3o de Ribeir\u00e3o Preto, para o cargo de secret\u00e1rio do Dicast\u00e9rio dos Bispos. Aos 66 anos, ele ficar\u00e1 por mais cinco anos \u00e0 frente deste secretariado do Vaticano, posi\u00e7\u00e3o\u2026","rel":"","context":"In &quot;Not\u00edcias de Ribeir\u00e3o Preto-SP e Regi\u00e3o&quot;","block_context":{"text":"Not\u00edcias de Ribeir\u00e3o Preto-SP e Regi\u00e3o","link":"https:\/\/noticiasribeiraopreto.com.br\/index.php\/category\/noticias-de-ribeirao-preto-sp-e-regiao-ismael-colosi\/"},"img":{"alt_text":"","src":"https:\/\/i0.wp.com\/noticiasribeiraopreto.com.br\/wp-content\/uploads\/2025\/09\/DOM-ILSON_2025-04-21_11-29-48.webp.webp?fit=1200%2C742&ssl=1&resize=350%2C200","width":350,"height":200,"srcset":"https:\/\/i0.wp.com\/noticiasribeiraopreto.com.br\/wp-content\/uploads\/2025\/09\/DOM-ILSON_2025-04-21_11-29-48.webp.webp?fit=1200%2C742&ssl=1&resize=350%2C200 1x, https:\/\/i0.wp.com\/noticiasribeiraopreto.com.br\/wp-content\/uploads\/2025\/09\/DOM-ILSON_2025-04-21_11-29-48.webp.webp?fit=1200%2C742&ssl=1&resize=525%2C300 1.5x, https:\/\/i0.wp.com\/noticiasribeiraopreto.com.br\/wp-content\/uploads\/2025\/09\/DOM-ILSON_2025-04-21_11-29-48.webp.webp?fit=1200%2C742&ssl=1&resize=700%2C400 2x, https:\/\/i0.wp.com\/noticiasribeiraopreto.com.br\/wp-content\/uploads\/2025\/09\/DOM-ILSON_2025-04-21_11-29-48.webp.webp?fit=1200%2C742&ssl=1&resize=1050%2C600 3x"},"classes":[]},{"id":68015,"url":"https:\/\/noticiasribeiraopreto.com.br\/index.php\/2025\/04\/21\/quais-cardeais-brasileiros-participam-do-conclave-para-escolher-o-proximo-papa\/","url_meta":{"origin":70211,"position":1},"title":"Quais cardeais brasileiros participam do conclave para escolher o pr\u00f3ximo papa","author":"noticiasribeiraopreto.com.br","date":"21 de April de 2025","format":false,"excerpt":"Com a morte do papa Francisco nesta segunda-feira, 21, um novo papa ser\u00e1 escolhido a partir de um conclave, o processo de elei\u00e7\u00e3o do pr\u00f3ximo pont\u00edfice. Podem concorrer ao cargo os cardeais da Igreja Cat\u00f3lica. Entre os ocupantes do posto em todo o mundo, oito s\u00e3o brasileiros. Sete deles t\u00eam\u2026","rel":"","context":"In &quot;Not\u00edcias de Ribeir\u00e3o Preto-SP e Regi\u00e3o&quot;","block_context":{"text":"Not\u00edcias de Ribeir\u00e3o Preto-SP e Regi\u00e3o","link":"https:\/\/noticiasribeiraopreto.com.br\/index.php\/category\/noticias-de-ribeirao-preto-sp-e-regiao-ismael-colosi\/"},"img":{"alt_text":"","src":"https:\/\/i0.wp.com\/noticiasribeiraopreto.com.br\/wp-content\/uploads\/2025\/04\/3f2dc6a2-3d73-471e-a2da-6e513528ad5a.jpg?fit=587%2C442&ssl=1&resize=350%2C200","width":350,"height":200,"srcset":"https:\/\/i0.wp.com\/noticiasribeiraopreto.com.br\/wp-content\/uploads\/2025\/04\/3f2dc6a2-3d73-471e-a2da-6e513528ad5a.jpg?fit=587%2C442&ssl=1&resize=350%2C200 1x, https:\/\/i0.wp.com\/noticiasribeiraopreto.com.br\/wp-content\/uploads\/2025\/04\/3f2dc6a2-3d73-471e-a2da-6e513528ad5a.jpg?fit=587%2C442&ssl=1&resize=525%2C300 1.5x"},"classes":[]},{"id":70202,"url":"https:\/\/noticiasribeiraopreto.com.br\/index.php\/2025\/05\/23\/entenda-como-ato-do-papa-leao-xiv-interfere-em-ribeirao-preto\/","url_meta":{"origin":70211,"position":2},"title":"Entenda como ato do Papa Le\u00e3o XIV interfere em Ribeir\u00e3o Preto","author":"noticiasribeiraopreto.com.br","date":"23 de May de 2025","format":false,"excerpt":"O Papa Le\u00e3o XIV criou a primeira arquidiocese de seu pontificado nesta quarta-feira (21), ao instituir a Prov\u00edncia Eclesi\u00e1stica de S\u00e3o Jos\u00e9 do Rio Preto, no interior de S\u00e3o Paulo. Com o ato, a nova prov\u00edncia foi desmembrada de Ribeir\u00e3o Preto. Antes da interven\u00e7\u00e3o promovida por Le\u00e3o XIV, a Prov\u00edncia\u2026","rel":"","context":"In &quot;Not\u00edcias de Ribeir\u00e3o Preto-SP e Regi\u00e3o&quot;","block_context":{"text":"Not\u00edcias de Ribeir\u00e3o Preto-SP e Regi\u00e3o","link":"https:\/\/noticiasribeiraopreto.com.br\/index.php\/category\/noticias-de-ribeirao-preto-sp-e-regiao-ismael-colosi\/"},"img":{"alt_text":"","src":"https:\/\/i0.wp.com\/noticiasribeiraopreto.com.br\/wp-content\/uploads\/2025\/05\/robert-prevost_2025-05-08_18-01-40.webp.webp?fit=1200%2C675&ssl=1&resize=350%2C200","width":350,"height":200,"srcset":"https:\/\/i0.wp.com\/noticiasribeiraopreto.com.br\/wp-content\/uploads\/2025\/05\/robert-prevost_2025-05-08_18-01-40.webp.webp?fit=1200%2C675&ssl=1&resize=350%2C200 1x, https:\/\/i0.wp.com\/noticiasribeiraopreto.com.br\/wp-content\/uploads\/2025\/05\/robert-prevost_2025-05-08_18-01-40.webp.webp?fit=1200%2C675&ssl=1&resize=525%2C300 1.5x, https:\/\/i0.wp.com\/noticiasribeiraopreto.com.br\/wp-content\/uploads\/2025\/05\/robert-prevost_2025-05-08_18-01-40.webp.webp?fit=1200%2C675&ssl=1&resize=700%2C400 2x, https:\/\/i0.wp.com\/noticiasribeiraopreto.com.br\/wp-content\/uploads\/2025\/05\/robert-prevost_2025-05-08_18-01-40.webp.webp?fit=1200%2C675&ssl=1&resize=1050%2C600 3x"},"classes":[]},{"id":69842,"url":"https:\/\/noticiasribeiraopreto.com.br\/index.php\/2025\/05\/09\/arcebispo-de-sertaozinho-pode-ser-o-primeiro-cardeal-nomeado-por-leao-xiv\/","url_meta":{"origin":70211,"position":3},"title":"Arcebispo de Sert\u00e3ozinho pode ser o primeiro cardeal nomeado por Le\u00e3o XIV","author":"noticiasribeiraopreto.com.br","date":"9 de May de 2025","format":false,"excerpt":"O primeiro cardeal nomeado pelo papa Le\u00e3o XIV deve ser o arcebispo dom Ilson de Jesus Montanari, natural de Sert\u00e3ozinho, na regi\u00e3o de Ribeir\u00e3o Preto. Isso porque, o vice-camerlengo da Igreja Cat\u00f3lica atuou como secret\u00e1rio no conclave que escolheu como papa o cardeal Robert Prevost. De acordo com a tradi\u00e7\u00e3o,\u2026","rel":"","context":"In &quot;Not\u00edcias de Ribeir\u00e3o Preto-SP e Regi\u00e3o&quot;","block_context":{"text":"Not\u00edcias de Ribeir\u00e3o Preto-SP e Regi\u00e3o","link":"https:\/\/noticiasribeiraopreto.com.br\/index.php\/category\/noticias-de-ribeirao-preto-sp-e-regiao-ismael-colosi\/"},"img":{"alt_text":"","src":"https:\/\/i0.wp.com\/noticiasribeiraopreto.com.br\/wp-content\/uploads\/2025\/05\/Copia-de-Copia-de-Copia-de-TAMANHO-EXATO-PARA-FOTOS-NO-SISTEMA-NOVO-54_2025-05-09_19-10-12.webp.webp?fit=1200%2C675&ssl=1&resize=350%2C200","width":350,"height":200,"srcset":"https:\/\/i0.wp.com\/noticiasribeiraopreto.com.br\/wp-content\/uploads\/2025\/05\/Copia-de-Copia-de-Copia-de-TAMANHO-EXATO-PARA-FOTOS-NO-SISTEMA-NOVO-54_2025-05-09_19-10-12.webp.webp?fit=1200%2C675&ssl=1&resize=350%2C200 1x, https:\/\/i0.wp.com\/noticiasribeiraopreto.com.br\/wp-content\/uploads\/2025\/05\/Copia-de-Copia-de-Copia-de-TAMANHO-EXATO-PARA-FOTOS-NO-SISTEMA-NOVO-54_2025-05-09_19-10-12.webp.webp?fit=1200%2C675&ssl=1&resize=525%2C300 1.5x, https:\/\/i0.wp.com\/noticiasribeiraopreto.com.br\/wp-content\/uploads\/2025\/05\/Copia-de-Copia-de-Copia-de-TAMANHO-EXATO-PARA-FOTOS-NO-SISTEMA-NOVO-54_2025-05-09_19-10-12.webp.webp?fit=1200%2C675&ssl=1&resize=700%2C400 2x, https:\/\/i0.wp.com\/noticiasribeiraopreto.com.br\/wp-content\/uploads\/2025\/05\/Copia-de-Copia-de-Copia-de-TAMANHO-EXATO-PARA-FOTOS-NO-SISTEMA-NOVO-54_2025-05-09_19-10-12.webp.webp?fit=1200%2C675&ssl=1&resize=1050%2C600 3x"},"classes":[]},{"id":68121,"url":"https:\/\/noticiasribeiraopreto.com.br\/index.php\/2025\/04\/22\/saiba-quem-e-o-cardeal-de-cidade-a-90-km-de-ribeirao-preto-que-pode-virar-papa\/","url_meta":{"origin":70211,"position":4},"title":"Saiba quem \u00e9 o cardeal de cidade a 90 km de Ribeir\u00e3o Preto que pode virar papa","author":"noticiasribeiraopreto.com.br","date":"22 de April de 2025","format":false,"excerpt":"Com a morte do papa Francisco, a Igreja Cat\u00f3lica inicia a escolha do novo pont\u00edfice. No conclave, reuni\u00e3o secreta com cardeais eleitores, eles votam para eleger o sucessor. Entre os sete cardeais brasileiros, um nome se destaca: Dom S\u00e9rgio da Rocha, nascido em Dobrada, cidade a cerca de 90 km\u2026","rel":"","context":"In &quot;Not\u00edcias de Ribeir\u00e3o Preto-SP e Regi\u00e3o&quot;","block_context":{"text":"Not\u00edcias de Ribeir\u00e3o Preto-SP e Regi\u00e3o","link":"https:\/\/noticiasribeiraopreto.com.br\/index.php\/category\/noticias-de-ribeirao-preto-sp-e-regiao-ismael-colosi\/"},"img":{"alt_text":"","src":"https:\/\/i0.wp.com\/noticiasribeiraopreto.com.br\/wp-content\/uploads\/2025\/04\/Copia-de-Copia-de-Copia-de-TAMANHO-EXATO-PARA-FOTOS-NO-SISTEMA-NOVO-4_2025-04-22_20-35-52.webp.webp?fit=1200%2C675&ssl=1&resize=350%2C200","width":350,"height":200,"srcset":"https:\/\/i0.wp.com\/noticiasribeiraopreto.com.br\/wp-content\/uploads\/2025\/04\/Copia-de-Copia-de-Copia-de-TAMANHO-EXATO-PARA-FOTOS-NO-SISTEMA-NOVO-4_2025-04-22_20-35-52.webp.webp?fit=1200%2C675&ssl=1&resize=350%2C200 1x, https:\/\/i0.wp.com\/noticiasribeiraopreto.com.br\/wp-content\/uploads\/2025\/04\/Copia-de-Copia-de-Copia-de-TAMANHO-EXATO-PARA-FOTOS-NO-SISTEMA-NOVO-4_2025-04-22_20-35-52.webp.webp?fit=1200%2C675&ssl=1&resize=525%2C300 1.5x, https:\/\/i0.wp.com\/noticiasribeiraopreto.com.br\/wp-content\/uploads\/2025\/04\/Copia-de-Copia-de-Copia-de-TAMANHO-EXATO-PARA-FOTOS-NO-SISTEMA-NOVO-4_2025-04-22_20-35-52.webp.webp?fit=1200%2C675&ssl=1&resize=700%2C400 2x, https:\/\/i0.wp.com\/noticiasribeiraopreto.com.br\/wp-content\/uploads\/2025\/04\/Copia-de-Copia-de-Copia-de-TAMANHO-EXATO-PARA-FOTOS-NO-SISTEMA-NOVO-4_2025-04-22_20-35-52.webp.webp?fit=1200%2C675&ssl=1&resize=1050%2C600 3x"},"classes":[]},{"id":69621,"url":"https:\/\/noticiasribeiraopreto.com.br\/index.php\/2025\/05\/07\/quem-e-o-cardeal-brasileiro-do-interior-de-sp-considerado-favorito-no-conclave\/","url_meta":{"origin":70211,"position":5},"title":"Quem \u00e9 o cardeal brasileiro do interior de SP considerado favorito no conclave?","author":"noticiasribeiraopreto.com.br","date":"7 de May de 2025","format":false,"excerpt":"Entre os sete cardeais brasileiros que participam do conclave, processo de escolha do novo papa da Igreja Cat\u00f3lica, que teve in\u00edcio nesta quarta-feira (7), um nome se destaca: Dom S\u00e9rgio da Rocha, nascido em Dobrada, cidade no interior de S\u00e3o Paulo. >>>FIQUE POR DENTRO: AO VIVO: Acompanhe a movimenta\u00e7\u00e3o no\u2026","rel":"","context":"In &quot;Not\u00edcias de Ribeir\u00e3o Preto-SP e Regi\u00e3o&quot;","block_context":{"text":"Not\u00edcias de Ribeir\u00e3o Preto-SP e Regi\u00e3o","link":"https:\/\/noticiasribeiraopreto.com.br\/index.php\/category\/noticias-de-ribeirao-preto-sp-e-regiao-ismael-colosi\/"},"img":{"alt_text":"","src":"https:\/\/i0.wp.com\/noticiasribeiraopreto.com.br\/wp-content\/uploads\/2025\/05\/Copia-de-Copia-de-Copia-de-TAMANHO-EXATO-PARA-FOTOS-NO-SISTEMA-NOVO-2025-05-07T151316.923_2025-05-07_18-13-23.webp.webp?fit=1200%2C675&ssl=1&resize=350%2C200","width":350,"height":200,"srcset":"https:\/\/i0.wp.com\/noticiasribeiraopreto.com.br\/wp-content\/uploads\/2025\/05\/Copia-de-Copia-de-Copia-de-TAMANHO-EXATO-PARA-FOTOS-NO-SISTEMA-NOVO-2025-05-07T151316.923_2025-05-07_18-13-23.webp.webp?fit=1200%2C675&ssl=1&resize=350%2C200 1x, https:\/\/i0.wp.com\/noticiasribeiraopreto.com.br\/wp-content\/uploads\/2025\/05\/Copia-de-Copia-de-Copia-de-TAMANHO-EXATO-PARA-FOTOS-NO-SISTEMA-NOVO-2025-05-07T151316.923_2025-05-07_18-13-23.webp.webp?fit=1200%2C675&ssl=1&resize=525%2C300 1.5x, https:\/\/i0.wp.com\/noticiasribeiraopreto.com.br\/wp-content\/uploads\/2025\/05\/Copia-de-Copia-de-Copia-de-TAMANHO-EXATO-PARA-FOTOS-NO-SISTEMA-NOVO-2025-05-07T151316.923_2025-05-07_18-13-23.webp.webp?fit=1200%2C675&ssl=1&resize=700%2C400 2x, https:\/\/i0.wp.com\/noticiasribeiraopreto.com.br\/wp-content\/uploads\/2025\/05\/Copia-de-Copia-de-Copia-de-TAMANHO-EXATO-PARA-FOTOS-NO-SISTEMA-NOVO-2025-05-07T151316.923_2025-05-07_18-13-23.webp.webp?fit=1200%2C675&ssl=1&resize=1050%2C600 3x"},"classes":[]}],"jetpack_sharing_enabled":true,"jetpack_shortlink":"https:\/\/wp.me\/peQAOb-igr","_links":{"self":[{"href":"https:\/\/noticiasribeiraopreto.com.br\/index.php\/wp-json\/wp\/v2\/posts\/70211","targetHints":{"allow":["GET"]}}],"collection":[{"href":"https:\/\/noticiasribeiraopreto.com.br\/index.php\/wp-json\/wp\/v2\/posts"}],"about":[{"href":"https:\/\/noticiasribeiraopreto.com.br\/index.php\/wp-json\/wp\/v2\/types\/post"}],"author":[{"embeddable":true,"href":"https:\/\/noticiasribeiraopreto.com.br\/index.php\/wp-json\/wp\/v2\/users\/1"}],"replies":[{"embeddable":true,"href":"https:\/\/noticiasribeiraopreto.com.br\/index.php\/wp-json\/wp\/v2\/comments?post=70211"}],"version-history":[{"count":0,"href":"https:\/\/noticiasribeiraopreto.com.br\/index.php\/wp-json\/wp\/v2\/posts\/70211\/revisions"}],"wp:featuredmedia":[{"embeddable":true,"href":"https:\/\/noticiasribeiraopreto.com.br\/index.php\/wp-json\/wp\/v2\/media\/70212"}],"wp:attachment":[{"href":"https:\/\/noticiasribeiraopreto.com.br\/index.php\/wp-json\/wp\/v2\/media?parent=70211"}],"wp:term":[{"taxonomy":"category","embeddable":true,"href":"https:\/\/noticiasribeiraopreto.com.br\/index.php\/wp-json\/wp\/v2\/categories?post=70211"},{"taxonomy":"post_tag","embeddable":true,"href":"https:\/\/noticiasribeiraopreto.com.br\/index.php\/wp-json\/wp\/v2\/tags?post=70211"}],"curies":[{"name":"wp","href":"https:\/\/api.w.org\/{rel}","templated":true}]}}