{"id":70250,"date":"2025-05-24T08:01:17","date_gmt":"2025-05-24T11:01:17","guid":{"rendered":"https:\/\/noticiasribeiraopreto.com.br\/index.php\/2025\/05\/24\/furto-a-escritorio-de-engenharia-termina-com-dois-presos\/"},"modified":"2025-05-24T08:01:17","modified_gmt":"2025-05-24T11:01:17","slug":"furto-a-escritorio-de-engenharia-termina-com-dois-presos","status":"publish","type":"post","link":"https:\/\/noticiasribeiraopreto.com.br\/index.php\/2025\/05\/24\/furto-a-escritorio-de-engenharia-termina-com-dois-presos\/","title":{"rendered":"Furto a escrit\u00f3rio de engenharia termina com dois presos"},"content":{"rendered":"<div class='code-block code-block-1' style='margin: 8px 0 8px auto; text-align: right; display: block; clear: both;'>\n<p><a href=\"https:\/\/wa.link\/vpicfd\"><img data-recalc-dims=\"1\" class=\"wp-image-4922\" style=\"aspect-ratio: 2.0253164556962027; width: 561px; height: auto;\" src=\"https:\/\/i0.wp.com\/ismaelcolosi.com.br\/wp-content\/uploads\/2023\/11\/grupo-de-empregos-whatsapp-e-facebook-ismael-colosi-vagas.jpg?ssl=1\" alt=\"\" \/><\/a><\/p>\n<!-- \/wp:image -->\n<\/div>\n<p> <br \/>\n<\/p>\n<div id=\"\">\n<p>\n\t\t\t\t\t\t\t\t\t<span class=\"entry-meta-item penci-posted-on\"><i class=\"fa fa-clock-o\"\/><time class=\"entry-date published updated\" datetime=\"2025-05-24T07:53:05-03:00\">24 de maio de 2025 07:53<\/time><\/span><span class=\"entry-meta-item penci-post-countview\"><span class=\"entry-meta-item penci-post-countview penci_post-meta_item\"><i class=\"fa fa-eye\"\/><span class=\"penci-post-countview-number penci-post-countview-p426692\">4<\/span><\/span><\/span>\t\t\t\t\t\t\t\t<\/p>\n<p><!-- .entry-meta --><br \/>\n\t\t\t\t\t\t\t\t<span class=\"penci-social-buttons penci-social-share-footer\"><span class=\"penci-social-share-text\">Compartilhar<\/span><a href=\"#\" class=\"penci-post-like penci_post-meta_item  single-like-button penci-social-item like\" data-post_id=\"426692\" title=\"Like\" data-like=\"Like\" data-unlike=\"Unlike\"><i class=\"fa fa-thumbs-o-up\"\/><span class=\"penci-share-number\">0<\/span><\/a><i class=\"fa fa-facebook\"\/><a class=\"penci-social-item twitter\" target=\"_blank\" rel=\"noopener\" title=\"\" href=\"https:\/\/twitter.com\/intent\/tweet?text=Furto%20a%20escrit\u00f3rio%20de%20engenharia%20termina%20com%20dois%20presos%20-%20https:\/\/www.tribunaribeirao.com.br\/furto-a-escritorio-de-engenharia-termina-com-dois-presos\/\"><i class=\"fa fa-twitter\"\/><\/a><i class=\"fa fa-linkedin\"\/><i class=\"fa fa-whatsapp\"\/><i class=\"fa fa-telegram\"\/><i class=\"fa fa-envelope\"\/><\/span>\t\t\t\t\t\t\t<\/div>\n<div>\n<p>Na noite desta quinta-feira (23), dois homens foram presos em flagrante ap\u00f3s invadirem um escrit\u00f3rio de engenharia no bairro Jardim Nova Alian\u00e7a Sul, em Ribeir\u00e3o Preto. A a\u00e7\u00e3o contou com a participa\u00e7\u00e3o de diversas viaturas da Pol\u00edcia Militar, incluindo equipes da For\u00e7a T\u00e1tica e patrulhamento de \u00e1rea.<\/p>\n<p>Segundo a PM, a ocorr\u00eancia teve in\u00edcio por volta das 22h38, ap\u00f3s den\u00fancia via COPOM sobre um furto em andamento na Rua Luiz Barizon. No local, os policiais constataram que a porta do estabelecimento estava arrombada e ouviram barulhos suspeitos vindos do interior do im\u00f3vel.<\/p>\n<p>Com apoio das equipes, foi feito o cerco e iniciada a incurs\u00e3o. Dois suspeitos foram localizados dentro do escrit\u00f3rio, ambos vestindo roupas escuras, toucas tipo balaclava e luvas. Nenhum deles portava armas ou objetos il\u00edcitos no momento da abordagem, mas diversas ferramentas usadas para o arrombamento, como alicates, chaves de fenda e p\u00e9s de cabra, foram encontradas espalhadas pelo local.<\/p>\n<p>Em frente ao im\u00f3vel, havia um ve\u00edculo Onix prata. O condutor, identificado como D., afirmou ser o propriet\u00e1rio do carro. No entanto, os policiais constataram que a placa ostentada (xxx-xxxx) n\u00e3o correspondia ao ve\u00edculo, cuja placa original (xxx-xxxx) constava como produto de furto em Ribeir\u00e3o Preto desde 15 de agosto de 2024.<\/p>\n<p>J\u00e1 o segundo envolvido, identificado como J., tinha contra si cinco mandados de pris\u00e3o em aberto por crimes como furto, posse irregular de arma de fogo e recepta\u00e7\u00e3o.<\/p>\n<p>A dupla foi encaminhada \u00e0 Central de Pol\u00edcia Judici\u00e1ria, onde permaneceu presa \u00e0 disposi\u00e7\u00e3o da Justi\u00e7a. A ocorr\u00eancia foi finalizada por volta das 4h20 da madrugada desta sexta-feira (24).<\/p>\n<p>\u2014<\/p>\n<p>Jornal Tribuna Ribeir\u00e3o<\/p>\n<p>Um Jornal com a cara de Ribeir\u00e3o!<\/p>\n<p>\u00a0<\/p>\n<p>Impresso | WEB | Redes sociais<\/p>\n<p>Tribuna Ribeir\u00e3o \u2013 Fone: (16) 3632-2200 \u2013 Whatsapp: (16) 98161-8743<\/p>\n<p>Av. Bar\u00e3o do Bananal, 880 \u2013 Jardim Anhanguera, Ribeir\u00e3o Preto<\/p>\n<p>\u00a0<\/p>\n<p>@tribunaribeirao @meiaderibeirao @dinoderibeirao<\/p>\n<p>\u00a0<\/p>\n<p>#TribunaRibeir\u00e3o #News #Not\u00edcia #Ribeir\u00e3oPreto #Not\u00edciasDeRibeir\u00e3oPreto<\/p>\n<p>#ClassificadosTribunaRibeir\u00e3o #Jornalismo #ClassificadosRibeir\u00e3o<\/p>\n<\/div>\n<p><script async src=\"\/\/platform.twitter.com\/widgets.js\" charset=\"utf-8\"><\/script><br \/>\n<br \/><br \/>\n<br \/><a href=\"https:\/\/www.tribunaribeirao.com.br\/furto-a-escritorio-de-engenharia-termina-com-dois-presos\/\">Source link <\/a><\/p>\n<!-- CONTENT END 1 -->\n","protected":false},"excerpt":{"rendered":"<p>24 de maio de 2025 07:534 Compartilhar0 Na noite desta quinta-feira (23), dois homens foram presos em flagrante ap\u00f3s invadirem um escrit\u00f3rio de engenharia no&#8230;<\/p>\n","protected":false},"author":1,"featured_media":70251,"comment_status":"open","ping_status":"open","sticky":false,"template":"","format":"standard","meta":{"advanced_seo_description":"","jetpack_seo_html_title":"","jetpack_seo_noindex":false,"jetpack_post_was_ever_published":false,"_jetpack_newsletter_access":"","_jetpack_dont_email_post_to_subs":false,"_jetpack_newsletter_tier_id":0,"_jetpack_memberships_contains_paywalled_content":false,"_jetpack_memberships_contains_paid_content":false,"footnotes":"","jetpack_publicize_message":"","jetpack_publicize_feature_enabled":true,"jetpack_social_post_already_shared":true,"jetpack_social_options":{"image_generator_settings":{"template":"highway","default_image_id":0,"font":"","enabled":false},"version":2}},"categories":[11],"tags":[],"class_list":["post-70250","post","type-post","status-publish","format-standard","has-post-thumbnail","hentry","category-noticias-de-ribeirao-preto-sp-e-regiao-ismael-colosi"],"jetpack_publicize_connections":[],"jetpack_featured_media_url":"https:\/\/i0.wp.com\/noticiasribeiraopreto.com.br\/wp-content\/uploads\/2025\/05\/furto_engenharia-e1748083926594.jpg?fit=800%2C686&ssl=1","jetpack-related-posts":[{"id":17543,"url":"https:\/\/noticiasribeiraopreto.com.br\/index.php\/2023\/12\/18\/pats-da-regiao-de-ribeirao-estao-com-diversas-vagas-disponiveis-veja-as-oportunidades\/","url_meta":{"origin":70250,"position":0},"title":"PATs da regi\u00e3o de Ribeir\u00e3o est\u00e3o com diversas vagas dispon\u00edveis; Veja as oportunidades","author":"noticiasribeiraopreto.com.br","date":"18 de December de 2023","format":false,"excerpt":"A Secretaria de Desenvolvimento Econ\u00f4mico do Estado de S\u00e3o Paulo informou, nesta segunda-feira-feira (18), que os Postos de Atendimento ao Trabalhador (PATs) est\u00e3o com 281 oportunidades de trabalho na regi\u00e3o de Ribeir\u00e3o Preto. Os interessados em concorrer alguma das vagas devem comparecer ao PAT das cidades com oportunidades, munidos com\u2026","rel":"","context":"In &quot;Not\u00edcias de Ribeir\u00e3o Preto-SP e Regi\u00e3o&quot;","block_context":{"text":"Not\u00edcias de Ribeir\u00e3o Preto-SP e Regi\u00e3o","link":"https:\/\/noticiasribeiraopreto.com.br\/index.php\/category\/noticias-de-ribeirao-preto-sp-e-regiao-ismael-colosi\/"},"img":{"alt_text":"","src":"https:\/\/i0.wp.com\/noticiasribeiraopreto.com.br\/wp-content\/uploads\/2023\/12\/vagas_pat_-_foto_guilherme_sircili_1-1068x711-1.jpg?fit=1068%2C711&ssl=1&resize=350%2C200","width":350,"height":200,"srcset":"https:\/\/i0.wp.com\/noticiasribeiraopreto.com.br\/wp-content\/uploads\/2023\/12\/vagas_pat_-_foto_guilherme_sircili_1-1068x711-1.jpg?fit=1068%2C711&ssl=1&resize=350%2C200 1x, https:\/\/i0.wp.com\/noticiasribeiraopreto.com.br\/wp-content\/uploads\/2023\/12\/vagas_pat_-_foto_guilherme_sircili_1-1068x711-1.jpg?fit=1068%2C711&ssl=1&resize=525%2C300 1.5x, https:\/\/i0.wp.com\/noticiasribeiraopreto.com.br\/wp-content\/uploads\/2023\/12\/vagas_pat_-_foto_guilherme_sircili_1-1068x711-1.jpg?fit=1068%2C711&ssl=1&resize=700%2C400 2x, https:\/\/i0.wp.com\/noticiasribeiraopreto.com.br\/wp-content\/uploads\/2023\/12\/vagas_pat_-_foto_guilherme_sircili_1-1068x711-1.jpg?fit=1068%2C711&ssl=1&resize=1050%2C600 3x"},"classes":[]},{"id":45319,"url":"https:\/\/noticiasribeiraopreto.com.br\/index.php\/2024\/04\/03\/a-procura-de-emprego-regiao-de-ribeirao-preto-esta-com-684-vagas-abertas-ribeirao-preto-e-franca-g1\/","url_meta":{"origin":70250,"position":1},"title":"\u00c0 procura de emprego? Regi\u00e3o de Ribeir\u00e3o Preto est\u00e1 com 684 vagas abertas | Ribeir\u00e3o Preto e Franca | G1","author":"noticiasribeiraopreto.com.br","date":"3 de April de 2024","format":false,"excerpt":"\u00c0 procura de emprego? Regi\u00e3o de Ribeir\u00e3o Preto est\u00e1 com 684 vagas abertas 1 de 1 Carteira de trabalho, em imagem de arquivo \u2014 Foto: Ag\u00eancia Bras\u00edlia Carteira de trabalho, em imagem de arquivo \u2014 Foto: Ag\u00eancia Bras\u00edlia Dez cidades das regi\u00f5es de Ribeir\u00e3o Preto (SP) e Franca (SP) est\u00e3o\u2026","rel":"","context":"In &quot;Vagas de Emprego em Ribeir\u00e3o Preto-SP&quot;","block_context":{"text":"Vagas de Emprego em Ribeir\u00e3o Preto-SP","link":"https:\/\/noticiasribeiraopreto.com.br\/index.php\/category\/empregos-classificados-vagas-trabalho\/vagas-de-empregos-em-ribeirao-preto-regiao-brasil\/"},"img":{"alt_text":"","src":"","width":0,"height":0},"classes":[]},{"id":24713,"url":"https:\/\/noticiasribeiraopreto.com.br\/index.php\/2024\/01\/04\/ribeirao-preto-e-regiao-tem-mais-de-400-vagas-de-emprego-veja-as-oportunidades-1\/","url_meta":{"origin":70250,"position":2},"title":"Ribeir\u00e3o Preto e regi\u00e3o\u00a0t\u00eam mais de 400 vagas de emprego; Veja as oportunidades","author":"noticiasribeiraopreto.com.br","date":"4 de January de 2024","format":false,"excerpt":"Os PATs (Postos de Atendimentos ao Trabalhador) da regi\u00e3o de Ribeir\u00e3o Preto est\u00e3o com mais de 400 vagas de emprego dispon\u00edveis nessa quinta-feira (4), de acordo com os dados da Secretaria de Desenvolvimento Econ\u00f4mico do Estado. As vagas s\u00e3o para diversos setores nas cidades de Barretos, Bebedouro, Ol\u00edmpia, Viradouro, Batatais,\u2026","rel":"","context":"In &quot;Not\u00edcias de Ribeir\u00e3o Preto-SP e Regi\u00e3o&quot;","block_context":{"text":"Not\u00edcias de Ribeir\u00e3o Preto-SP e Regi\u00e3o","link":"https:\/\/noticiasribeiraopreto.com.br\/index.php\/category\/noticias-de-ribeirao-preto-sp-e-regiao-ismael-colosi\/"},"img":{"alt_text":"","src":"https:\/\/i0.wp.com\/noticiasribeiraopreto.com.br\/wp-content\/uploads\/2024\/01\/vagas_de_500x320_07082018085735.jpg?fit=500%2C322&ssl=1&resize=350%2C200","width":350,"height":200},"classes":[]},{"id":28773,"url":"https:\/\/noticiasribeiraopreto.com.br\/index.php\/2024\/01\/16\/regiao-de-ribeirao-esta-com-mais-de-600-vagas-de-trabalho-vejas-as-oportunidades\/","url_meta":{"origin":70250,"position":3},"title":"Regi\u00e3o de Ribeir\u00e3o est\u00e1 com mais de 600 vagas de trabalho; Vejas as oportunidades","author":"noticiasribeiraopreto.com.br","date":"16 de January de 2024","format":false,"excerpt":"A regi\u00e3o de Ribeir\u00e3o Preto est\u00e1 com mais de 600 vagas de emprego, nesta ter\u00e7a-feira (16). As vagas est\u00e3o dispon\u00edveis nos PATs (Posto de Atendimento ao Trabalhador) das cidades, de acordo com a Secretaria de Desenvolvimento Econ\u00f4mico do Estado. As oportunidades est\u00e3o distribu\u00eddas em Barretos, Bebedouro, Gua\u00edra, Ol\u00edmpia, Batatais, Franca,\u2026","rel":"","context":"In &quot;Not\u00edcias de Ribeir\u00e3o Preto-SP e Regi\u00e3o&quot;","block_context":{"text":"Not\u00edcias de Ribeir\u00e3o Preto-SP e Regi\u00e3o","link":"https:\/\/noticiasribeiraopreto.com.br\/index.php\/category\/noticias-de-ribeirao-preto-sp-e-regiao-ismael-colosi\/"},"img":{"alt_text":"","src":"https:\/\/i0.wp.com\/noticiasribeiraopreto.com.br\/wp-content\/uploads\/2024\/01\/mutirao_do_emprego_caterp_pat_pei_-_foto_guilherme_sircili_6.jpg?fit=1200%2C799&ssl=1&resize=350%2C200","width":350,"height":200,"srcset":"https:\/\/i0.wp.com\/noticiasribeiraopreto.com.br\/wp-content\/uploads\/2024\/01\/mutirao_do_emprego_caterp_pat_pei_-_foto_guilherme_sircili_6.jpg?fit=1200%2C799&ssl=1&resize=350%2C200 1x, https:\/\/i0.wp.com\/noticiasribeiraopreto.com.br\/wp-content\/uploads\/2024\/01\/mutirao_do_emprego_caterp_pat_pei_-_foto_guilherme_sircili_6.jpg?fit=1200%2C799&ssl=1&resize=525%2C300 1.5x, https:\/\/i0.wp.com\/noticiasribeiraopreto.com.br\/wp-content\/uploads\/2024\/01\/mutirao_do_emprego_caterp_pat_pei_-_foto_guilherme_sircili_6.jpg?fit=1200%2C799&ssl=1&resize=700%2C400 2x, https:\/\/i0.wp.com\/noticiasribeiraopreto.com.br\/wp-content\/uploads\/2024\/01\/mutirao_do_emprego_caterp_pat_pei_-_foto_guilherme_sircili_6.jpg?fit=1200%2C799&ssl=1&resize=1050%2C600 3x"},"classes":[]},{"id":34007,"url":"https:\/\/noticiasribeiraopreto.com.br\/index.php\/2024\/01\/31\/ribeirao-e-regiao-tem-mais-de-mil-vagas-de-emprego-veja-as-oportunidades\/","url_meta":{"origin":70250,"position":4},"title":"Ribeir\u00e3o e regi\u00e3o t\u00eam mais de mil vagas de emprego; Veja as oportunidades","author":"noticiasribeiraopreto.com.br","date":"31 de January de 2024","format":false,"excerpt":"Os Postos de Atendimento ao Trabalhador (PATs) da regi\u00e3o de Ribeir\u00e3o Preto est\u00e3o com 1.279 vagas de emprego, de acordo com a Secretaria de Desenvolvimento Econ\u00f4mico do Estado de S\u00e3o Paulo. Entre as oportunidades est\u00e3o vagas para T\u00e9cnico de Enfermagem, Pizzaiolo, Administrador e Professor de Educa\u00e7\u00e3o F\u00edsica para o Ensino\u2026","rel":"","context":"In &quot;Not\u00edcias de Ribeir\u00e3o Preto-SP e Regi\u00e3o&quot;","block_context":{"text":"Not\u00edcias de Ribeir\u00e3o Preto-SP e Regi\u00e3o","link":"https:\/\/noticiasribeiraopreto.com.br\/index.php\/category\/noticias-de-ribeirao-preto-sp-e-regiao-ismael-colosi\/"},"img":{"alt_text":"","src":"https:\/\/i0.wp.com\/noticiasribeiraopreto.com.br\/wp-content\/uploads\/2024\/01\/carteira_de_1024x576_27092020203402.jpg?fit=1024%2C576&ssl=1&resize=350%2C200","width":350,"height":200,"srcset":"https:\/\/i0.wp.com\/noticiasribeiraopreto.com.br\/wp-content\/uploads\/2024\/01\/carteira_de_1024x576_27092020203402.jpg?fit=1024%2C576&ssl=1&resize=350%2C200 1x, https:\/\/i0.wp.com\/noticiasribeiraopreto.com.br\/wp-content\/uploads\/2024\/01\/carteira_de_1024x576_27092020203402.jpg?fit=1024%2C576&ssl=1&resize=525%2C300 1.5x, https:\/\/i0.wp.com\/noticiasribeiraopreto.com.br\/wp-content\/uploads\/2024\/01\/carteira_de_1024x576_27092020203402.jpg?fit=1024%2C576&ssl=1&resize=700%2C400 2x"},"classes":[]},{"id":44275,"url":"https:\/\/noticiasribeiraopreto.com.br\/index.php\/2024\/03\/26\/esta-buscando-uma-oportunidade-regiao-de-ribeirao-tem-mais-de-700-vagas-de-emprego\/","url_meta":{"origin":70250,"position":5},"title":"Est\u00e1 buscando uma oportunidade? Regi\u00e3o de Ribeir\u00e3o tem mais de 700 vagas de emprego","author":"noticiasribeiraopreto.com.br","date":"26 de March de 2024","format":false,"excerpt":"Os Postos de Atendimento ao Trabalhador (PATs) da regi\u00e3o de Ribeir\u00e3o Preto est\u00e3o com 729 oportunidades de emprego, de acordo com a Secretaria de Desenvolvimento Econ\u00f4mico do Estado de S\u00e3o Paulo. As vagas s\u00e3o para diversos setores nas cidades de Ribeir\u00e3o Preto, Barretos, Bebedouro, Gua\u00edra, Batatais, Franca, Ituverava, Orl\u00e2ndia, Jardin\u00f3polis,\u2026","rel":"","context":"In &quot;Not\u00edcias de Ribeir\u00e3o Preto-SP e Regi\u00e3o&quot;","block_context":{"text":"Not\u00edcias de Ribeir\u00e3o Preto-SP e Regi\u00e3o","link":"https:\/\/noticiasribeiraopreto.com.br\/index.php\/category\/noticias-de-ribeirao-preto-sp-e-regiao-ismael-colosi\/"},"img":{"alt_text":"","src":"https:\/\/i0.wp.com\/noticiasribeiraopreto.com.br\/wp-content\/uploads\/2024\/03\/vagas_pat_-_foto_guilherme_sircili_1-1068x711-1.jpg?fit=1068%2C711&ssl=1&resize=350%2C200","width":350,"height":200,"srcset":"https:\/\/i0.wp.com\/noticiasribeiraopreto.com.br\/wp-content\/uploads\/2024\/03\/vagas_pat_-_foto_guilherme_sircili_1-1068x711-1.jpg?fit=1068%2C711&ssl=1&resize=350%2C200 1x, https:\/\/i0.wp.com\/noticiasribeiraopreto.com.br\/wp-content\/uploads\/2024\/03\/vagas_pat_-_foto_guilherme_sircili_1-1068x711-1.jpg?fit=1068%2C711&ssl=1&resize=525%2C300 1.5x, https:\/\/i0.wp.com\/noticiasribeiraopreto.com.br\/wp-content\/uploads\/2024\/03\/vagas_pat_-_foto_guilherme_sircili_1-1068x711-1.jpg?fit=1068%2C711&ssl=1&resize=700%2C400 2x, https:\/\/i0.wp.com\/noticiasribeiraopreto.com.br\/wp-content\/uploads\/2024\/03\/vagas_pat_-_foto_guilherme_sircili_1-1068x711-1.jpg?fit=1068%2C711&ssl=1&resize=1050%2C600 3x"},"classes":[]}],"jetpack_sharing_enabled":true,"jetpack_shortlink":"https:\/\/wp.me\/peQAOb-ih4","_links":{"self":[{"href":"https:\/\/noticiasribeiraopreto.com.br\/index.php\/wp-json\/wp\/v2\/posts\/70250","targetHints":{"allow":["GET"]}}],"collection":[{"href":"https:\/\/noticiasribeiraopreto.com.br\/index.php\/wp-json\/wp\/v2\/posts"}],"about":[{"href":"https:\/\/noticiasribeiraopreto.com.br\/index.php\/wp-json\/wp\/v2\/types\/post"}],"author":[{"embeddable":true,"href":"https:\/\/noticiasribeiraopreto.com.br\/index.php\/wp-json\/wp\/v2\/users\/1"}],"replies":[{"embeddable":true,"href":"https:\/\/noticiasribeiraopreto.com.br\/index.php\/wp-json\/wp\/v2\/comments?post=70250"}],"version-history":[{"count":0,"href":"https:\/\/noticiasribeiraopreto.com.br\/index.php\/wp-json\/wp\/v2\/posts\/70250\/revisions"}],"wp:featuredmedia":[{"embeddable":true,"href":"https:\/\/noticiasribeiraopreto.com.br\/index.php\/wp-json\/wp\/v2\/media\/70251"}],"wp:attachment":[{"href":"https:\/\/noticiasribeiraopreto.com.br\/index.php\/wp-json\/wp\/v2\/media?parent=70250"}],"wp:term":[{"taxonomy":"category","embeddable":true,"href":"https:\/\/noticiasribeiraopreto.com.br\/index.php\/wp-json\/wp\/v2\/categories?post=70250"},{"taxonomy":"post_tag","embeddable":true,"href":"https:\/\/noticiasribeiraopreto.com.br\/index.php\/wp-json\/wp\/v2\/tags?post=70250"}],"curies":[{"name":"wp","href":"https:\/\/api.w.org\/{rel}","templated":true}]}}