{"id":70254,"date":"2025-05-24T08:38:21","date_gmt":"2025-05-24T11:38:21","guid":{"rendered":"https:\/\/noticiasribeiraopreto.com.br\/index.php\/2025\/05\/24\/empresa-ainda-nao-foi-notificada-da-rescisao\/"},"modified":"2025-05-24T08:38:21","modified_gmt":"2025-05-24T11:38:21","slug":"empresa-ainda-nao-foi-notificada-da-rescisao","status":"publish","type":"post","link":"https:\/\/noticiasribeiraopreto.com.br\/index.php\/2025\/05\/24\/empresa-ainda-nao-foi-notificada-da-rescisao\/","title":{"rendered":"Empresa ainda n\u00e3o foi notificada da rescis\u00e3o\u00a0"},"content":{"rendered":"<div class='code-block code-block-1' style='margin: 8px 0 8px auto; text-align: right; display: block; clear: both;'>\n<p><a href=\"https:\/\/wa.link\/vpicfd\"><img data-recalc-dims=\"1\" class=\"wp-image-4922\" style=\"aspect-ratio: 2.0253164556962027; width: 561px; height: auto;\" src=\"https:\/\/i0.wp.com\/ismaelcolosi.com.br\/wp-content\/uploads\/2023\/11\/grupo-de-empregos-whatsapp-e-facebook-ismael-colosi-vagas.jpg?ssl=1\" alt=\"\" \/><\/a><\/p>\n<!-- \/wp:image -->\n<\/div>\n<p> <br \/>\n<\/p>\n<div id=\"post-426670\">\n<header class=\"entry-header penci-entry-header penci-title-center\">\n<p>\n\t\t\t\t\t\t\t\t\t<span class=\"entry-meta-item penci-posted-on\"><i class=\"fa fa-clock-o\"\/><time class=\"entry-date published\" datetime=\"2025-05-24T08:30:46-03:00\">24 de maio de 2025 08:30<\/time><time class=\"updated\" datetime=\"2025-05-23T18:37:54-03:00\">23 de maio de 2025 18:37<\/time><\/span><span class=\"entry-meta-item penci-post-countview\"><span class=\"entry-meta-item penci-post-countview penci_post-meta_item\"><i class=\"fa fa-eye\"\/><span class=\"penci-post-countview-number penci-post-countview-p426670\">10<\/span><\/span><\/span>\t\t\t\t\t\t\t\t<\/p>\n<p><!-- .entry-meta --><br \/>\n\t\t\t\t\t\t\t\t<span class=\"penci-social-buttons penci-social-share-footer\"><span class=\"penci-social-share-text\">Compartilhar<\/span><a href=\"#\" class=\"penci-post-like penci_post-meta_item  single-like-button penci-social-item like\" data-post_id=\"426670\" title=\"Like\" data-like=\"Like\" data-unlike=\"Unlike\"><i class=\"fa fa-thumbs-o-up\"\/><span class=\"penci-share-number\">0<\/span><\/a><i class=\"fa fa-facebook\"\/><a class=\"penci-social-item twitter\" target=\"_blank\" rel=\"noopener\" title=\"\" href=\"https:\/\/twitter.com\/intent\/tweet?text=Empresa%20ainda%20n\u00e3o%20foi%20notificada%20da%20rescis\u00e3o\u00a0%20-%20https:\/\/www.tribunaribeirao.com.br\/empresa-ainda-nao-foi-notificada-da-rescisao\/\"><i class=\"fa fa-twitter\"\/><\/a><i class=\"fa fa-linkedin\"\/><i class=\"fa fa-whatsapp\"\/><i class=\"fa fa-telegram\"\/><i class=\"fa fa-envelope\"\/><\/span>\t\t\t\t\t\t\t<\/header>\n<p><!-- .entry-header --><\/p>\n<div class=\"penci-entry-content entry-content\">\n<p><span class=\"TextRun SCXW133855938 BCX0\" lang=\"PT-BR\" xml:lang=\"PT-BR\" data-contrast=\"auto\"><span class=\"NormalTextRun SCXW133855938 BCX0\">Humberto Tarc\u00edsio de Castro J\u00fanior<\/span><span class=\"NormalTextRun SCXW133855938 BCX0\">,<\/span><span class=\"NormalTextRun SCXW133855938 BCX0\"> s\u00f3cio diretor da H2Obras Constru\u00e7\u00f5es <\/span><span class=\"NormalTextRun SCXW133855938 BCX0\">Ltda<\/span><span class=\"NormalTextRun SCXW133855938 BCX0\">, <\/span><span class=\"NormalTextRun SCXW133855938 BCX0\">de S\u00e3o Paulo (SP), <\/span><span class=\"NormalTextRun SCXW133855938 BCX0\">vencedora da licita\u00e7\u00e3o para constru\u00e7\u00e3o do <\/span><span class=\"NormalTextRun SCXW133855938 BCX0\">novo c<\/span><span class=\"NormalTextRun SCXW133855938 BCX0\">entro <\/span><span class=\"NormalTextRun SCXW133855938 BCX0\">a<\/span><span class=\"NormalTextRun SCXW133855938 BCX0\">dministrativo da <\/span><span class=\"NormalTextRun SCXW133855938 BCX0\">p<\/span><span class=\"NormalTextRun SCXW133855938 BCX0\">refeitura de Ribeir\u00e3o Preto, afirmou <\/span><span class=\"NormalTextRun SCXW133855938 BCX0\">ao Tribuna<\/span> <span class=\"NormalTextRun SCXW133855938 BCX0\">nesta sexta-feira, 23 de maio, que a empresa n\u00e3o foi formalmente comunicada sobre o cancelamento da obra. <\/span><\/span><span class=\"LineBreakBlob BlobObject DragDrop SCXW133855938 BCX0\"><span class=\"SCXW133855938 BCX0\">\u00a0<\/span><br class=\"SCXW133855938 BCX0\"\/><\/span><span class=\"LineBreakBlob BlobObject DragDrop SCXW133855938 BCX0\"><span class=\"SCXW133855938 BCX0\">\u00a0<\/span><br class=\"SCXW133855938 BCX0\"\/><\/span><span class=\"TextRun SCXW133855938 BCX0\" lang=\"PT-BR\" xml:lang=\"PT-BR\" data-contrast=\"auto\"><span class=\"NormalTextRun SCXW133855938 BCX0\">\u201c<\/span><span class=\"NormalTextRun SCXW133855938 BCX0\">A<\/span><span class=\"NormalTextRun SCXW133855938 BCX0\"> H2Obras n\u00e3o foi formalmente comunicada sobre qualquer ato <\/span><span class=\"NormalTextRun SCXW133855938 BCX0\">subsequente<\/span><span class=\"NormalTextRun SCXW133855938 BCX0\"> \u00e0 suspens\u00e3o das obras que pudesse indicar, ainda que de forma hipot\u00e9tica, a possibilidade de extin\u00e7\u00e3o do <\/span><span class=\"NormalTextRun SCXW133855938 BCX0\">c<\/span><span class=\"NormalTextRun SCXW133855938 BCX0\">ontrato, conforme previsto na legisla\u00e7\u00e3o vigente\u201d<\/span><span class=\"NormalTextRun SCXW133855938 BCX0\">, garante<\/span> <span class=\"NormalTextRun SCXW133855938 BCX0\">Castro J\u00fanior<\/span><span class=\"NormalTextRun SCXW133855938 BCX0\">.<\/span><\/span><span class=\"LineBreakBlob BlobObject DragDrop SCXW133855938 BCX0\"><span class=\"SCXW133855938 BCX0\">\u00a0<\/span><br class=\"SCXW133855938 BCX0\"\/><\/span><span class=\"LineBreakBlob BlobObject DragDrop SCXW133855938 BCX0\"><span class=\"SCXW133855938 BCX0\">\u00a0<\/span><br class=\"SCXW133855938 BCX0\"\/><\/span><span class=\"TextRun SCXW133855938 BCX0\" lang=\"PT-BR\" xml:lang=\"PT-BR\" data-contrast=\"auto\"><span class=\"NormalTextRun SCXW133855938 BCX0\">Segundo ele, no momento a empresa aguarda<\/span> <span class=\"NormalTextRun SCXW133855938 BCX0\">manifesta\u00e7\u00e3o formal da <\/span><span class=\"NormalTextRun SCXW133855938 BCX0\">p<\/span><span class=\"NormalTextRun SCXW133855938 BCX0\">refeitura para entender quais ser\u00e3o os pr\u00f3ximos passos <\/span><span class=\"NormalTextRun SCXW133855938 BCX0\">dados <\/span><span class=\"NormalTextRun SCXW133855938 BCX0\">pela construtora. <\/span><span class=\"NormalTextRun SCXW133855938 BCX0\">O<\/span><span class=\"NormalTextRun SCXW133855938 BCX0\">ficialmente, <\/span><span class=\"NormalTextRun SCXW133855938 BCX0\">diz, <\/span><span class=\"NormalTextRun SCXW133855938 BCX0\">a empresa est\u00e1 cumprindo a suspens\u00e3o do contrato determinada pela prefeitura em <\/span><span class=\"NormalTextRun SCXW133855938 BCX0\">9<\/span><span class=\"NormalTextRun SCXW133855938 BCX0\"> de janeiro, pelo per\u00edodo de <\/span><span class=\"NormalTextRun SCXW133855938 BCX0\">120 <\/span><span class=\"NormalTextRun SCXW133855938 BCX0\">dias<\/span><span class=\"NormalTextRun SCXW133855938 BCX0\">, at\u00e9 o final deste m\u00eas<\/span><span class=\"NormalTextRun SCXW133855938 BCX0\">. <\/span><\/span><span class=\"LineBreakBlob BlobObject DragDrop SCXW133855938 BCX0\"><span class=\"SCXW133855938 BCX0\">\u00a0<\/span><br class=\"SCXW133855938 BCX0\"\/><\/span><span class=\"LineBreakBlob BlobObject DragDrop SCXW133855938 BCX0\"><span class=\"SCXW133855938 BCX0\">\u00a0<\/span><br class=\"SCXW133855938 BCX0\"\/><\/span><span class=\"TextRun SCXW133855938 BCX0\" lang=\"PT-BR\" xml:lang=\"PT-BR\" data-contrast=\"auto\"><span class=\"NormalTextRun SCXW133855938 BCX0\">O <\/span><span class=\"NormalTextRun SCXW133855938 BCX0\">a<\/span><span class=\"NormalTextRun SCXW133855938 BCX0\">n\u00fancio do cancelamento da constru\u00e7\u00e3o do Centro Administrativo da prefeitura foi feito pelo prefeito Ricardo Silva (PSD) em coletiva de imprensa, no dia 10 de abril. Na ocasi\u00e3o<\/span><span class=\"NormalTextRun SCXW133855938 BCX0\">, <\/span><span class=\"NormalTextRun SCXW133855938 BCX0\">afirmou que os recursos ser\u00e3o utilizados em outras obras e projetos priorit\u00e1rios para a cidade.<\/span><\/span><span class=\"LineBreakBlob BlobObject DragDrop SCXW133855938 BCX0\"><span class=\"SCXW133855938 BCX0\">\u00a0<\/span><br class=\"SCXW133855938 BCX0\"\/><\/span><span class=\"LineBreakBlob BlobObject DragDrop SCXW133855938 BCX0\"><span class=\"SCXW133855938 BCX0\">\u00a0<\/span><br class=\"SCXW133855938 BCX0\"\/><\/span><span class=\"TextRun SCXW133855938 BCX0\" lang=\"PT-BR\" xml:lang=\"PT-BR\" data-contrast=\"auto\"><span class=\"NormalTextRun SCXW133855938 BCX0\">O novo <\/span><span class=\"NormalTextRun SCXW133855938 BCX0\">c<\/span><span class=\"NormalTextRun SCXW133855938 BCX0\">entro <\/span><span class=\"NormalTextRun SCXW133855938 BCX0\">a<\/span><span class=\"NormalTextRun SCXW133855938 BCX0\">dministrativo da prefeitura estava previsto para ser constru\u00eddo em um terreno na <\/span><span class=\"NormalTextRun SCXW133855938 BCX0\">a<\/span><span class=\"NormalTextRun SCXW133855938 BCX0\">venida<\/span> <span class=\"NormalTextRun SCXW133855938 BCX0\">Cavalheiro <\/span><span class=\"NormalTextRun SCXW133855938 BCX0\">Paschoal <\/span><span class=\"NormalTextRun SpellingErrorV2Themed SCXW133855938 BCX0\">Inne<\/span><span class=\"NormalTextRun SpellingErrorV2Themed SCXW133855938 BCX0\">c<\/span><span class=\"NormalTextRun SpellingErrorV2Themed SCXW133855938 BCX0\">ch<\/span><span class=\"NormalTextRun SpellingErrorV2Themed SCXW133855938 BCX0\">i<\/span><span class=\"NormalTextRun SCXW133855938 BCX0\">, no Jardim Independ\u00eancia, <\/span><span class=\"NormalTextRun SCXW133855938 BCX0\">Z<\/span><span class=\"NormalTextRun SCXW133855938 BCX0\">ona Norte da cidade.\u00a0 A obra foi licitada pelo governo do ent\u00e3o <\/span><span class=\"NormalTextRun SCXW133855938 BCX0\">prefeito Duarte Nogueira (PSDB). A <\/span><span class=\"NormalTextRun SCXW133855938 BCX0\">H2Obras Constru\u00e7\u00f5es <\/span><span class=\"NormalTextRun SCXW133855938 BCX0\">Ltda<\/span><span class=\"NormalTextRun SCXW133855938 BCX0\"> venceu com a proposta de <\/span><span class=\"NormalTextRun SCXW133855938 BCX0\">R$ 173.497.592,89<\/span><span class=\"NormalTextRun SCXW133855938 BCX0\">, com prazo para conclus\u00e3o de<\/span><span class=\"NormalTextRun SCXW133855938 BCX0\"> 3<\/span><span class=\"NormalTextRun SCXW133855938 BCX0\">6<\/span> <span class=\"NormalTextRun SCXW133855938 BCX0\">mes<\/span><span class=\"NormalTextRun SCXW133855938 BCX0\">es<\/span><span class=\"NormalTextRun SCXW133855938 BCX0\">.<\/span><\/span><span class=\"LineBreakBlob BlobObject DragDrop SCXW133855938 BCX0\"><span class=\"SCXW133855938 BCX0\">\u00a0<\/span><br class=\"SCXW133855938 BCX0\"\/><\/span><span class=\"LineBreakBlob BlobObject DragDrop SCXW133855938 BCX0\"><span class=\"SCXW133855938 BCX0\">\u00a0<\/span><br class=\"SCXW133855938 BCX0\"\/><\/span><span class=\"TextRun SCXW133855938 BCX0\" lang=\"PT-BR\" xml:lang=\"PT-BR\" data-contrast=\"auto\"><span class=\"NormalTextRun SCXW133855938 BCX0\">O contrato com a empresa foi assinado em <\/span><span class=\"NormalTextRun SCXW133855938 BCX0\">8<\/span> <span class=\"NormalTextRun SCXW133855938 BCX0\">de outubro do ano passado, e a o<\/span><span class=\"NormalTextRun SCXW133855938 BCX0\">rdem de <\/span><span class=\"NormalTextRun SCXW133855938 BCX0\">s<\/span><span class=\"NormalTextRun SCXW133855938 BCX0\">ervi\u00e7o (emitida em 25 de novembro. A construtora chegou a cercar com tapumes o terreno para a implanta\u00e7\u00e3o do canteiro de obras no local.<\/span> <span class=\"NormalTextRun SCXW133855938 BCX0\">Segundo a prefeitura, o processo para rescis\u00e3o contratual est\u00e1 pr\u00f3ximo de ser conclu\u00eddo. <\/span><\/span><span class=\"LineBreakBlob BlobObject DragDrop SCXW133855938 BCX0\"><span class=\"SCXW133855938 BCX0\">\u00a0<\/span><br class=\"SCXW133855938 BCX0\"\/><\/span><span class=\"LineBreakBlob BlobObject DragDrop SCXW133855938 BCX0\"><span class=\"SCXW133855938 BCX0\">\u00a0<\/span><br class=\"SCXW133855938 BCX0\"\/><\/span><span class=\"TextRun SCXW133855938 BCX0\" lang=\"PT-BR\" xml:lang=\"PT-BR\" data-contrast=\"auto\"><span class=\"NormalTextRun SCXW133855938 BCX0\">O munic\u00edpio informou que a empresa j\u00e1 foi chamada para reuni\u00f5es presenciais e que est\u00e3o cientes da solicita\u00e7\u00e3o. O of\u00edcio sobre a quebra do contrato deve ser enviado nos pr\u00f3ximos dias.<\/span> <span class=\"NormalTextRun SCXW133855938 BCX0\">O Centro Administrativo Doutor Ant\u00f4nio Duarte Nogueira teria <\/span><\/span><span class=\"TextRun Highlight SCXW133855938 BCX0\" lang=\"PT-BR\" xml:lang=\"PT-BR\" data-contrast=\"none\"><span class=\"NormalTextRun SCXW133855938 BCX0\">28 unidades administrativas, entre secretarias, funda\u00e7\u00f5es e autarquias<\/span><span class=\"NormalTextRun SCXW133855938 BCX0\">. <\/span><\/span><span class=\"TextRun SCXW133855938 BCX0\" lang=\"PT-BR\" xml:lang=\"PT-BR\" data-contrast=\"auto\"><span class=\"NormalTextRun SCXW133855938 BCX0\">O terreno foi doado \u00e0 cidade pela Funda\u00e7\u00e3o Educand\u00e1rio Quinto Junqueira.<\/span><\/span><span class=\"LineBreakBlob BlobObject DragDrop SCXW133855938 BCX0\"><span class=\"SCXW133855938 BCX0\">\u00a0<\/span><br class=\"SCXW133855938 BCX0\"\/><\/span><span class=\"LineBreakBlob BlobObject DragDrop SCXW133855938 BCX0\"><span class=\"SCXW133855938 BCX0\">\u00a0<\/span><br class=\"SCXW133855938 BCX0\"\/><\/span><\/p>\n<\/div>\n<p><!-- .entry-content --><\/p>\n<footer class=\"penci-entry-footer\">\n\t\t\t\t\t\t\t\t<span class=\"penci-social-buttons penci-social-share-footer\"><span class=\"penci-social-share-text\">Compartilhar<\/span><a href=\"#\" class=\"penci-post-like penci_post-meta_item  single-like-button penci-social-item like\" data-post_id=\"426670\" title=\"Like\" data-like=\"Like\" data-unlike=\"Unlike\"><i class=\"fa fa-thumbs-o-up\"\/><span class=\"penci-share-number\">0<\/span><\/a><i class=\"fa fa-facebook\"\/><a class=\"penci-social-item twitter\" target=\"_blank\" rel=\"noopener\" title=\"\" href=\"https:\/\/twitter.com\/intent\/tweet?text=Empresa%20ainda%20n\u00e3o%20foi%20notificada%20da%20rescis\u00e3o\u00a0%20-%20https:\/\/www.tribunaribeirao.com.br\/empresa-ainda-nao-foi-notificada-da-rescisao\/\"><i class=\"fa fa-twitter\"\/><\/a><i class=\"fa fa-linkedin\"\/><i class=\"fa fa-whatsapp\"\/><i class=\"fa fa-telegram\"\/><i class=\"fa fa-envelope\"\/><\/span>\t\t\t\t\t\t\t<\/footer>\n<p><!-- .entry-footer -->\n\t\t\t\t\t\t<\/div>\n<p><script async src=\"\/\/platform.twitter.com\/widgets.js\" charset=\"utf-8\"><\/script><br \/>\n<br \/><br \/>\n<br \/><a href=\"https:\/\/www.tribunaribeirao.com.br\/empresa-ainda-nao-foi-notificada-da-rescisao\/\">Source link <\/a><\/p>\n<!-- CONTENT END 1 -->\n","protected":false},"excerpt":{"rendered":"<p>24 de maio de 2025 08:3023 de maio de 2025 18:3710 Compartilhar0 Humberto Tarc\u00edsio de Castro J\u00fanior, s\u00f3cio diretor da H2Obras Constru\u00e7\u00f5es Ltda, de S\u00e3o&#8230;<\/p>\n","protected":false},"author":1,"featured_media":70255,"comment_status":"open","ping_status":"open","sticky":false,"template":"","format":"standard","meta":{"advanced_seo_description":"","jetpack_seo_html_title":"","jetpack_seo_noindex":false,"jetpack_post_was_ever_published":false,"_jetpack_newsletter_access":"","_jetpack_dont_email_post_to_subs":false,"_jetpack_newsletter_tier_id":0,"_jetpack_memberships_contains_paywalled_content":false,"_jetpack_memberships_contains_paid_content":false,"footnotes":"","jetpack_publicize_message":"","jetpack_publicize_feature_enabled":true,"jetpack_social_post_already_shared":true,"jetpack_social_options":{"image_generator_settings":{"template":"highway","default_image_id":0,"font":"","enabled":false},"version":2}},"categories":[11],"tags":[],"class_list":["post-70254","post","type-post","status-publish","format-standard","has-post-thumbnail","hentry","category-noticias-de-ribeirao-preto-sp-e-regiao-ismael-colosi"],"jetpack_publicize_connections":[],"jetpack_featured_media_url":"https:\/\/i0.wp.com\/noticiasribeiraopreto.com.br\/wp-content\/uploads\/2025\/05\/CentroRP-Alfredo-Risk.jpg?fit=1347%2C747&ssl=1","jetpack-related-posts":[{"id":47341,"url":"https:\/\/noticiasribeiraopreto.com.br\/index.php\/2024\/04\/25\/bolsa-familia-oferece-r-2-mil-em-maio-descubra-se-voce-esta-na-lista\/","url_meta":{"origin":70254,"position":0},"title":"Bolsa Fam\u00edlia oferece R$ 2 Mil em Maio: Descubra se voc\u00ea est\u00e1 na lista","author":"noticiasribeiraopreto.com.br","date":"25 de April de 2024","format":false,"excerpt":"A recente decis\u00e3o de permitir o ac\u00famulo do Bolsa Fam\u00edlia e dos Benef\u00edcios de Pagamento Cont\u00ednuo (BPC) \u00e9 uma not\u00edcia positiva para os benefici\u00e1rios, pois aumenta a probabilidade de receber mais de 2 mil reais a partir de maio de 2024. O BPC \u00e9 um benef\u00edcio eleg\u00edvel para idosos e\u2026","rel":"","context":"In &quot;Dinheiro e Investimento&quot;","block_context":{"text":"Dinheiro e Investimento","link":"https:\/\/noticiasribeiraopreto.com.br\/index.php\/category\/dinheiro-e-investimento-como-fazer-como-ganhar\/"},"img":{"alt_text":"","src":"https:\/\/i0.wp.com\/noticiasribeiraopreto.com.br\/wp-content\/uploads\/2024\/04\/Design-sem-nome-3.webp.webp?fit=1200%2C630&ssl=1&resize=350%2C200","width":350,"height":200,"srcset":"https:\/\/i0.wp.com\/noticiasribeiraopreto.com.br\/wp-content\/uploads\/2024\/04\/Design-sem-nome-3.webp.webp?fit=1200%2C630&ssl=1&resize=350%2C200 1x, https:\/\/i0.wp.com\/noticiasribeiraopreto.com.br\/wp-content\/uploads\/2024\/04\/Design-sem-nome-3.webp.webp?fit=1200%2C630&ssl=1&resize=525%2C300 1.5x, https:\/\/i0.wp.com\/noticiasribeiraopreto.com.br\/wp-content\/uploads\/2024\/04\/Design-sem-nome-3.webp.webp?fit=1200%2C630&ssl=1&resize=700%2C400 2x, https:\/\/i0.wp.com\/noticiasribeiraopreto.com.br\/wp-content\/uploads\/2024\/04\/Design-sem-nome-3.webp.webp?fit=1200%2C630&ssl=1&resize=1050%2C600 3x"},"classes":[]},{"id":47242,"url":"https:\/\/noticiasribeiraopreto.com.br\/index.php\/2024\/04\/25\/bolsa-familia-governo-divulga-nova-lista-nis-de-contemplados-para-receber-r-800-em-maio-confira-calendario\/","url_meta":{"origin":70254,"position":1},"title":"Bolsa Fam\u00edlia: Governo divulga nova lista NIS de contemplados para receber R$ 800 em MAIO; Confira calend\u00e1rio","author":"noticiasribeiraopreto.com.br","date":"25 de April de 2024","format":false,"excerpt":"O programa Bolsa Fam\u00edlia, que j\u00e1 se tornou parte importante do apoio socioecon\u00f4mico a milhares de fam\u00edlias no Brasil, apresenta novos pagamentos e benef\u00edcios adicionais que ter\u00e3o in\u00edcio no pr\u00f3ximo m\u00eas. Entenda agora como \u00e9 o pagamento e quais s\u00e3o os novos benef\u00edcios para os benefici\u00e1rios. 1. Quando come\u00e7am os\u2026","rel":"","context":"In &quot;Dinheiro e Investimento&quot;","block_context":{"text":"Dinheiro e Investimento","link":"https:\/\/noticiasribeiraopreto.com.br\/index.php\/category\/dinheiro-e-investimento-como-fazer-como-ganhar\/"},"img":{"alt_text":"","src":"https:\/\/i0.wp.com\/noticiasribeiraopreto.com.br\/wp-content\/uploads\/2024\/04\/STARTUP-2.webp.webp?fit=1200%2C630&ssl=1&resize=350%2C200","width":350,"height":200,"srcset":"https:\/\/i0.wp.com\/noticiasribeiraopreto.com.br\/wp-content\/uploads\/2024\/04\/STARTUP-2.webp.webp?fit=1200%2C630&ssl=1&resize=350%2C200 1x, https:\/\/i0.wp.com\/noticiasribeiraopreto.com.br\/wp-content\/uploads\/2024\/04\/STARTUP-2.webp.webp?fit=1200%2C630&ssl=1&resize=525%2C300 1.5x, https:\/\/i0.wp.com\/noticiasribeiraopreto.com.br\/wp-content\/uploads\/2024\/04\/STARTUP-2.webp.webp?fit=1200%2C630&ssl=1&resize=700%2C400 2x, https:\/\/i0.wp.com\/noticiasribeiraopreto.com.br\/wp-content\/uploads\/2024\/04\/STARTUP-2.webp.webp?fit=1200%2C630&ssl=1&resize=1050%2C600 3x"},"classes":[]},{"id":68932,"url":"https:\/\/noticiasribeiraopreto.com.br\/index.php\/2025\/04\/30\/frente-fria-e-queda-da-temperatura-em-maio-veja-previsao-para-o-mes-no-estado-de-sp\/","url_meta":{"origin":70254,"position":2},"title":"Frente fria e queda da temperatura em maio? Veja previs\u00e3o para o m\u00eas no estado de SP","author":"noticiasribeiraopreto.com.br","date":"30 de April de 2025","format":false,"excerpt":"O m\u00eas de maio come\u00e7a nesta quinta-feira (1), feriado do Dia do Trabalho, e a meteorologia divulgou a previs\u00e3o clim\u00e1tica para o per\u00edodo. A Climatempo diz que em maio de 2025 n\u00e3o haver\u00e1 a influ\u00eancia de fen\u00f4menos como El Ni\u00f1o e La Ni\u00f1a, pois ser\u00e1 de neutralidade t\u00e9rmica no Oceano\u2026","rel":"","context":"In &quot;Not\u00edcias de Ribeir\u00e3o Preto-SP e Regi\u00e3o&quot;","block_context":{"text":"Not\u00edcias de Ribeir\u00e3o Preto-SP e Regi\u00e3o","link":"https:\/\/noticiasribeiraopreto.com.br\/index.php\/category\/noticias-de-ribeirao-preto-sp-e-regiao-ismael-colosi\/"},"img":{"alt_text":"","src":"https:\/\/i0.wp.com\/noticiasribeiraopreto.com.br\/wp-content\/uploads\/2025\/04\/ceu_nublado_e_tempo_frio_em_campinas_cxdigo_19_166036-scaled.jpg?fit=1200%2C800&ssl=1&resize=350%2C200","width":350,"height":200,"srcset":"https:\/\/i0.wp.com\/noticiasribeiraopreto.com.br\/wp-content\/uploads\/2025\/04\/ceu_nublado_e_tempo_frio_em_campinas_cxdigo_19_166036-scaled.jpg?fit=1200%2C800&ssl=1&resize=350%2C200 1x, https:\/\/i0.wp.com\/noticiasribeiraopreto.com.br\/wp-content\/uploads\/2025\/04\/ceu_nublado_e_tempo_frio_em_campinas_cxdigo_19_166036-scaled.jpg?fit=1200%2C800&ssl=1&resize=525%2C300 1.5x, https:\/\/i0.wp.com\/noticiasribeiraopreto.com.br\/wp-content\/uploads\/2025\/04\/ceu_nublado_e_tempo_frio_em_campinas_cxdigo_19_166036-scaled.jpg?fit=1200%2C800&ssl=1&resize=700%2C400 2x, https:\/\/i0.wp.com\/noticiasribeiraopreto.com.br\/wp-content\/uploads\/2025\/04\/ceu_nublado_e_tempo_frio_em_campinas_cxdigo_19_166036-scaled.jpg?fit=1200%2C800&ssl=1&resize=1050%2C600 3x"},"classes":[]},{"id":14115,"url":"https:\/\/noticiasribeiraopreto.com.br\/index.php\/2023\/12\/11\/obras-do-corredor-de-onibus-castelo-branco-13-de-maio-estao-em-andamento\/","url_meta":{"origin":70254,"position":3},"title":"Obras do corredor de \u00f4nibus Castelo Branco\/ 13 de Maio est\u00e3o em andamento \u2013 Folha de Ribeir\u00e3o","author":"noticiasribeiraopreto.com.br","date":"11 de December de 2023","format":false,"excerpt":"As obras do corredor de \u00f4nibus das avenidas Castelo Branco\/ 13 de Maio est\u00e3o\u00a0em ritmo acelerado, com mais de 40% do projeto conclu\u00eddo. Com previs\u00e3o para ser entregue em setembro de 2024, os trabalhos est\u00e3o concentrados na reconstru\u00e7\u00e3o do pavimento dos corredores na avenida Le\u00e3o XIII e, nas marginais da\u2026","rel":"","context":"In &quot;Not\u00edcias de Ribeir\u00e3o Preto-SP e Regi\u00e3o&quot;","block_context":{"text":"Not\u00edcias de Ribeir\u00e3o Preto-SP e Regi\u00e3o","link":"https:\/\/noticiasribeiraopreto.com.br\/index.php\/category\/noticias-de-ribeirao-preto-sp-e-regiao-ismael-colosi\/"},"img":{"alt_text":"","src":"https:\/\/i0.wp.com\/noticiasribeiraopreto.com.br\/wp-content\/uploads\/2023\/12\/obras_corredor_castelo_branco_-_foto_guilherme_sircili_5.jpg?fit=1200%2C800&ssl=1&resize=350%2C200","width":350,"height":200,"srcset":"https:\/\/i0.wp.com\/noticiasribeiraopreto.com.br\/wp-content\/uploads\/2023\/12\/obras_corredor_castelo_branco_-_foto_guilherme_sircili_5.jpg?fit=1200%2C800&ssl=1&resize=350%2C200 1x, https:\/\/i0.wp.com\/noticiasribeiraopreto.com.br\/wp-content\/uploads\/2023\/12\/obras_corredor_castelo_branco_-_foto_guilherme_sircili_5.jpg?fit=1200%2C800&ssl=1&resize=525%2C300 1.5x, https:\/\/i0.wp.com\/noticiasribeiraopreto.com.br\/wp-content\/uploads\/2023\/12\/obras_corredor_castelo_branco_-_foto_guilherme_sircili_5.jpg?fit=1200%2C800&ssl=1&resize=700%2C400 2x, https:\/\/i0.wp.com\/noticiasribeiraopreto.com.br\/wp-content\/uploads\/2023\/12\/obras_corredor_castelo_branco_-_foto_guilherme_sircili_5.jpg?fit=1200%2C800&ssl=1&resize=1050%2C600 3x"},"classes":[]},{"id":69907,"url":"https:\/\/noticiasribeiraopreto.com.br\/index.php\/2025\/05\/10\/ribeirao-preto-recebe-projeto-que-leva-palestras-cientificas-aos-bares\/","url_meta":{"origin":70254,"position":4},"title":"Ribeir\u00e3o Preto recebe projeto que leva palestras cient\u00edficas aos bares","author":"noticiasribeiraopreto.com.br","date":"10 de May de 2025","format":false,"excerpt":"Entre os dias 19 a 21 de maio, sempre \u00e0s 19h, cientistas e pesquisadores do projeto Pint Of Science ir\u00e3o se apresentar em quatro bares e cervejarias de Ribeir\u00e3o Preto com palestras e mesas redondas sobre suas descobertas e \u00e1reas de conhecimento. Neste ano, o projeto comemora 10 anos no\u2026","rel":"","context":"In &quot;Not\u00edcias de Ribeir\u00e3o Preto-SP e Regi\u00e3o&quot;","block_context":{"text":"Not\u00edcias de Ribeir\u00e3o Preto-SP e Regi\u00e3o","link":"https:\/\/noticiasribeiraopreto.com.br\/index.php\/category\/noticias-de-ribeirao-preto-sp-e-regiao-ismael-colosi\/"},"img":{"alt_text":"","src":"https:\/\/i0.wp.com\/noticiasribeiraopreto.com.br\/wp-content\/uploads\/2025\/05\/Pint-Of-Science-158-_2025-05-10_14-18-29.webp.webp?fit=1200%2C675&ssl=1&resize=350%2C200","width":350,"height":200,"srcset":"https:\/\/i0.wp.com\/noticiasribeiraopreto.com.br\/wp-content\/uploads\/2025\/05\/Pint-Of-Science-158-_2025-05-10_14-18-29.webp.webp?fit=1200%2C675&ssl=1&resize=350%2C200 1x, https:\/\/i0.wp.com\/noticiasribeiraopreto.com.br\/wp-content\/uploads\/2025\/05\/Pint-Of-Science-158-_2025-05-10_14-18-29.webp.webp?fit=1200%2C675&ssl=1&resize=525%2C300 1.5x, https:\/\/i0.wp.com\/noticiasribeiraopreto.com.br\/wp-content\/uploads\/2025\/05\/Pint-Of-Science-158-_2025-05-10_14-18-29.webp.webp?fit=1200%2C675&ssl=1&resize=700%2C400 2x, https:\/\/i0.wp.com\/noticiasribeiraopreto.com.br\/wp-content\/uploads\/2025\/05\/Pint-Of-Science-158-_2025-05-10_14-18-29.webp.webp?fit=1200%2C675&ssl=1&resize=1050%2C600 3x"},"classes":[]},{"id":70198,"url":"https:\/\/noticiasribeiraopreto.com.br\/index.php\/2025\/05\/23\/inss-devolvera-descontos-indevidos-de-abril-a-partir-de-segunda-feira\/","url_meta":{"origin":70254,"position":5},"title":"INSS devolver\u00e1 descontos indevidos de abril a partir de segunda-feira","author":"noticiasribeiraopreto.com.br","date":"23 de May de 2025","format":false,"excerpt":"23 de maio de 2025 15:551 Compartilhar0 Todos os aposentados e pensionistas do INSS que sofreram algum desconto de mensalidade associativa na folha de pagamentos referente a abril ter\u00e3o os valores devolvidos a partir desta segunda-feira, 26 de maio. Ser\u00e3o reembolsados, ao todo, R$ 292 milh\u00f5es aos benefici\u00e1rios. No fim\u2026","rel":"","context":"In &quot;Not\u00edcias de Ribeir\u00e3o Preto-SP e Regi\u00e3o&quot;","block_context":{"text":"Not\u00edcias de Ribeir\u00e3o Preto-SP e Regi\u00e3o","link":"https:\/\/noticiasribeiraopreto.com.br\/index.php\/category\/noticias-de-ribeirao-preto-sp-e-regiao-ismael-colosi\/"},"img":{"alt_text":"","src":"https:\/\/i0.wp.com\/noticiasribeiraopreto.com.br\/wp-content\/uploads\/2025\/05\/Como-consultar-beneficio-por-incapacidade-INSS.jpg?fit=1200%2C729&ssl=1&resize=350%2C200","width":350,"height":200,"srcset":"https:\/\/i0.wp.com\/noticiasribeiraopreto.com.br\/wp-content\/uploads\/2025\/05\/Como-consultar-beneficio-por-incapacidade-INSS.jpg?fit=1200%2C729&ssl=1&resize=350%2C200 1x, https:\/\/i0.wp.com\/noticiasribeiraopreto.com.br\/wp-content\/uploads\/2025\/05\/Como-consultar-beneficio-por-incapacidade-INSS.jpg?fit=1200%2C729&ssl=1&resize=525%2C300 1.5x, https:\/\/i0.wp.com\/noticiasribeiraopreto.com.br\/wp-content\/uploads\/2025\/05\/Como-consultar-beneficio-por-incapacidade-INSS.jpg?fit=1200%2C729&ssl=1&resize=700%2C400 2x, https:\/\/i0.wp.com\/noticiasribeiraopreto.com.br\/wp-content\/uploads\/2025\/05\/Como-consultar-beneficio-por-incapacidade-INSS.jpg?fit=1200%2C729&ssl=1&resize=1050%2C600 3x"},"classes":[]}],"jetpack_sharing_enabled":true,"jetpack_shortlink":"https:\/\/wp.me\/peQAOb-ih8","_links":{"self":[{"href":"https:\/\/noticiasribeiraopreto.com.br\/index.php\/wp-json\/wp\/v2\/posts\/70254","targetHints":{"allow":["GET"]}}],"collection":[{"href":"https:\/\/noticiasribeiraopreto.com.br\/index.php\/wp-json\/wp\/v2\/posts"}],"about":[{"href":"https:\/\/noticiasribeiraopreto.com.br\/index.php\/wp-json\/wp\/v2\/types\/post"}],"author":[{"embeddable":true,"href":"https:\/\/noticiasribeiraopreto.com.br\/index.php\/wp-json\/wp\/v2\/users\/1"}],"replies":[{"embeddable":true,"href":"https:\/\/noticiasribeiraopreto.com.br\/index.php\/wp-json\/wp\/v2\/comments?post=70254"}],"version-history":[{"count":0,"href":"https:\/\/noticiasribeiraopreto.com.br\/index.php\/wp-json\/wp\/v2\/posts\/70254\/revisions"}],"wp:featuredmedia":[{"embeddable":true,"href":"https:\/\/noticiasribeiraopreto.com.br\/index.php\/wp-json\/wp\/v2\/media\/70255"}],"wp:attachment":[{"href":"https:\/\/noticiasribeiraopreto.com.br\/index.php\/wp-json\/wp\/v2\/media?parent=70254"}],"wp:term":[{"taxonomy":"category","embeddable":true,"href":"https:\/\/noticiasribeiraopreto.com.br\/index.php\/wp-json\/wp\/v2\/categories?post=70254"},{"taxonomy":"post_tag","embeddable":true,"href":"https:\/\/noticiasribeiraopreto.com.br\/index.php\/wp-json\/wp\/v2\/tags?post=70254"}],"curies":[{"name":"wp","href":"https:\/\/api.w.org\/{rel}","templated":true}]}}