{"id":70256,"date":"2025-05-24T09:31:27","date_gmt":"2025-05-24T12:31:27","guid":{"rendered":"https:\/\/noticiasribeiraopreto.com.br\/index.php\/2025\/05\/24\/fios-soltos-serao-retirados-em-junho\/"},"modified":"2025-05-24T09:31:27","modified_gmt":"2025-05-24T12:31:27","slug":"fios-soltos-serao-retirados-em-junho","status":"publish","type":"post","link":"https:\/\/noticiasribeiraopreto.com.br\/index.php\/2025\/05\/24\/fios-soltos-serao-retirados-em-junho\/","title":{"rendered":"Fios soltos ser\u00e3o retirados em junho\u00a0"},"content":{"rendered":"<div class='code-block code-block-1' style='margin: 8px 0 8px auto; text-align: right; display: block; clear: both;'>\n<p><a href=\"https:\/\/wa.link\/vpicfd\"><img data-recalc-dims=\"1\" class=\"wp-image-4922\" style=\"aspect-ratio: 2.0253164556962027; width: 561px; height: auto;\" src=\"https:\/\/i0.wp.com\/ismaelcolosi.com.br\/wp-content\/uploads\/2023\/11\/grupo-de-empregos-whatsapp-e-facebook-ismael-colosi-vagas.jpg?ssl=1\" alt=\"\" \/><\/a><\/p>\n<!-- \/wp:image -->\n<\/div>\n<p> <br \/>\n<\/p>\n<div id=\"\">\n<p>\n\t\t\t\t\t\t\t\t\t<span class=\"entry-meta-item penci-posted-on\"><i class=\"fa fa-clock-o\"\/><time class=\"entry-date published\" datetime=\"2025-05-24T09:30:25-03:00\">24 de maio de 2025 09:30<\/time><time class=\"updated\" datetime=\"2025-05-23T18:46:45-03:00\">23 de maio de 2025 18:46<\/time><\/span><span class=\"entry-meta-item penci-post-countview\"><span class=\"entry-meta-item penci-post-countview penci_post-meta_item\"><i class=\"fa fa-eye\"\/><span class=\"penci-post-countview-number penci-post-countview-p426673\">9<\/span><\/span><\/span>\t\t\t\t\t\t\t\t<\/p>\n<p><!-- .entry-meta --><br \/>\n\t\t\t\t\t\t\t\t<span class=\"penci-social-buttons penci-social-share-footer\"><span class=\"penci-social-share-text\">Compartilhar<\/span><a href=\"#\" class=\"penci-post-like penci_post-meta_item  single-like-button penci-social-item like\" data-post_id=\"426673\" title=\"Like\" data-like=\"Like\" data-unlike=\"Unlike\"><i class=\"fa fa-thumbs-o-up\"\/><span class=\"penci-share-number\">0<\/span><\/a><i class=\"fa fa-facebook\"\/><a class=\"penci-social-item twitter\" target=\"_blank\" rel=\"noopener\" title=\"\" href=\"https:\/\/twitter.com\/intent\/tweet?text=Fios%20soltos%20ser\u00e3o%20retirados%20em%20junho\u00a0%20-%20https:\/\/www.tribunaribeirao.com.br\/fios-soltos-serao-retirados-em-junho\/\"><i class=\"fa fa-twitter\"\/><\/a><i class=\"fa fa-linkedin\"\/><i class=\"fa fa-whatsapp\"\/><i class=\"fa fa-telegram\"\/><i class=\"fa fa-envelope\"\/><\/span>\t\t\t\t\t\t\t<\/div>\n<div>\n<p><span class=\"TextRun SCXW129418324 BCX0\" lang=\"PT-BR\" xml:lang=\"PT-BR\" data-contrast=\"auto\"><span class=\"NormalTextRun SCXW129418324 BCX0\">A p<\/span><span class=\"NormalTextRun SCXW129418324 BCX0\">refeitura de Ribeir\u00e3o Preto, por meio da Comiss\u00e3o de <\/span><span class=\"NormalTextRun SCXW129418324 BCX0\">Infraestrutura<\/span><span class=\"NormalTextRun SCXW129418324 BCX0\"> A\u00e9rea<\/span><span class=\"NormalTextRun SCXW129418324 BCX0\"> (<\/span><span class=\"NormalTextRun SpellingErrorV2Themed SCXW129418324 BCX0\">Coinfarp<\/span><span class=\"NormalTextRun SCXW129418324 BCX0\">) <\/span><span class=\"NormalTextRun SCXW129418324 BCX0\">da Secretaria <\/span><span class=\"NormalTextRun SCXW129418324 BCX0\">Municipal <\/span><span class=\"NormalTextRun SCXW129418324 BCX0\">de <\/span><span class=\"NormalTextRun SCXW129418324 BCX0\">Infraestrutura<\/span><span class=\"NormalTextRun SCXW129418324 BCX0\">, definiu o cronograma de regulariza\u00e7\u00e3o dos fios soltos de internet e telefonia na regi\u00e3o Central<\/span><span class=\"NormalTextRun SCXW129418324 BCX0\"> da cidade<\/span><span class=\"NormalTextRun SCXW129418324 BCX0\">.\u00a0<\/span> <span class=\"NormalTextRun SCXW129418324 BCX0\">A primeira etapa do trabalho ser\u00e1 realizada <\/span><span class=\"NormalTextRun SCXW129418324 BCX0\">em <\/span><span class=\"NormalTextRun SCXW129418324 BCX0\">2<\/span><span class=\"NormalTextRun SCXW129418324 BCX0\"> de junho, <\/span><span class=\"NormalTextRun SCXW129418324 BCX0\">segunda-feira, <\/span><span class=\"NormalTextRun SCXW129418324 BCX0\">no quadril\u00e1tero formado pelas ruas Am\u00e9rico Brasiliense, Mariana Junqueira, S\u00e3o Jos\u00e9 e Amador Bueno, com previs\u00e3o de dura\u00e7\u00e3o de 30 dias. <\/span><\/span><span class=\"LineBreakBlob BlobObject DragDrop SCXW129418324 BCX0\"><span class=\"SCXW129418324 BCX0\">\u00a0<\/span><br class=\"SCXW129418324 BCX0\"\/><\/span><span class=\"LineBreakBlob BlobObject DragDrop SCXW129418324 BCX0\"><span class=\"SCXW129418324 BCX0\">\u00a0<\/span><br class=\"SCXW129418324 BCX0\"\/><\/span><span class=\"TextRun SCXW129418324 BCX0\" lang=\"PT-BR\" xml:lang=\"PT-BR\" data-contrast=\"auto\"><span class=\"NormalTextRun SCXW129418324 BCX0\">A a\u00e7\u00e3o ser\u00e1 realizada pela Secretaria de <\/span><span class=\"NormalTextRun SCXW129418324 BCX0\">Infraestrutura<\/span><span class=\"NormalTextRun SCXW129418324 BCX0\"> com apoio da <\/span><span class=\"NormalTextRun SCXW129418324 BCX0\">RP <\/span><span class=\"NormalTextRun SpellingErrorV2Themed SCXW129418324 BCX0\">Mobi<\/span> <\/span><span class=\"TextRun SCXW129418324 BCX0\" lang=\"PT-BR\" xml:lang=\"PT-BR\" data-contrast=\"none\"><span class=\"NormalTextRun SCXW129418324 BCX0\">\u2013 Empresa de Mobilidade Urbana de Ribeir\u00e3o Preto S.A, a antiga <\/span><span class=\"NormalTextRun SpellingErrorV2Themed SCXW129418324 BCX0\">Transerp<\/span><span class=\"NormalTextRun SCXW129418324 BCX0\">, respons\u00e1vel pelo tr\u00e2nsito e transporte \u2013<\/span><\/span><span class=\"TextRun SCXW129418324 BCX0\" lang=\"PT-BR\" xml:lang=\"PT-BR\" data-contrast=\"auto\"> <span class=\"NormalTextRun SCXW129418324 BCX0\">para evitar impactos <\/span><span class=\"NormalTextRun SCXW129418324 BCX0\">nas vias da regi\u00e3o. O Departamento de <\/span><span class=\"NormalTextRun SCXW129418324 BCX0\">Fiscaliza\u00e7\u00e3o Geral<\/span><span class=\"NormalTextRun SCXW129418324 BCX0\"> da Secretaria de Justi\u00e7a vai dar apoio<\/span><span class=\"NormalTextRun SCXW129418324 BCX0\">. A CPFL<\/span><span class=\"NormalTextRun SCXW129418324 BCX0\"> Paulista <\/span><span class=\"NormalTextRun SCXW129418324 BCX0\">acompanha<\/span><span class=\"NormalTextRun SCXW129418324 BCX0\">r\u00e1 o servi\u00e7o<\/span><span class=\"NormalTextRun SCXW129418324 BCX0\">, executad<\/span><span class=\"NormalTextRun SCXW129418324 BCX0\">o<\/span><span class=\"NormalTextRun SCXW129418324 BCX0\"> por cada empresa respons\u00e1vel<\/span><span class=\"NormalTextRun SCXW129418324 BCX0\"> por determinado setor (telefonia, TV a cabo e internet)<\/span><span class=\"NormalTextRun SCXW129418324 BCX0\">.<\/span><\/span><span class=\"LineBreakBlob BlobObject DragDrop SCXW129418324 BCX0\"><span class=\"SCXW129418324 BCX0\">\u00a0<\/span><br class=\"SCXW129418324 BCX0\"\/><\/span><span class=\"LineBreakBlob BlobObject DragDrop SCXW129418324 BCX0\"><span class=\"SCXW129418324 BCX0\">\u00a0<\/span><br class=\"SCXW129418324 BCX0\"\/><\/span><span class=\"TextRun SCXW129418324 BCX0\" lang=\"PT-BR\" xml:lang=\"PT-BR\" data-contrast=\"auto\"><span class=\"NormalTextRun SCXW129418324 BCX0\">\u201c<\/span><span class=\"NormalTextRun SCXW129418324 BCX0\">J\u00e1 ouvimos todos os envolvidos e trabalhamos juntos na busca de solu\u00e7\u00f5es eficientes. Agora, precisamos realmente movimentar os respons\u00e1veis e assegurar que essa comiss\u00e3o atinja o seu objetivo: regularizar os fios soltos e promover a seguran\u00e7a da popula\u00e7\u00e3o\u201d, ressalt<\/span><span class=\"NormalTextRun SCXW129418324 BCX0\">a<\/span><span class=\"NormalTextRun SCXW129418324 BCX0\"> a secret\u00e1ria de <\/span><span class=\"NormalTextRun SCXW129418324 BCX0\">Infraestrutura<\/span><span class=\"NormalTextRun SCXW129418324 BCX0\">, Juliana <\/span><span class=\"NormalTextRun SCXW129418324 BCX0\">Ogawa<\/span><span class=\"NormalTextRun SCXW129418324 BCX0\">. <\/span><\/span><span class=\"LineBreakBlob BlobObject DragDrop SCXW129418324 BCX0\"><span class=\"SCXW129418324 BCX0\">\u00a0<\/span><br class=\"SCXW129418324 BCX0\"\/><\/span><span class=\"LineBreakBlob BlobObject DragDrop SCXW129418324 BCX0\"><span class=\"SCXW129418324 BCX0\">\u00a0<\/span><br class=\"SCXW129418324 BCX0\"\/><\/span><span class=\"TextRun SCXW129418324 BCX0\" lang=\"PT-BR\" xml:lang=\"PT-BR\" data-contrast=\"auto\"><span class=\"NormalTextRun SCXW129418324 BCX0\">Na reuni\u00e3o da <\/span><span class=\"NormalTextRun SpellingErrorV2Themed SCXW129418324 BCX0\">Coinfarp<\/span><span class=\"NormalTextRun SCXW129418324 BCX0\">, realizada na quinta-feira, 22 de maio, a CPFL <\/span><span class=\"NormalTextRun SCXW129418324 BCX0\">Paulista <\/span><span class=\"NormalTextRun SCXW129418324 BCX0\">apresentou o resultado de uma a\u00e7\u00e3o piloto na <\/span><span class=\"NormalTextRun SCXW129418324 BCX0\">avenida<\/span><span class=\"NormalTextRun SCXW129418324 BCX0\"> Dom Pedro<\/span><span class=\"NormalTextRun SCXW129418324 BCX0\"> I<\/span><span class=\"NormalTextRun SCXW129418324 BCX0\">, <\/span><span class=\"NormalTextRun SCXW129418324 BCX0\">no Ipiranga, <\/span><span class=\"NormalTextRun SCXW129418324 BCX0\">em que foram retiradas mais de duas toneladas de fios<\/span><span class=\"NormalTextRun SCXW129418324 BCX0\"> soltos<\/span><span class=\"NormalTextRun SCXW129418324 BCX0\">. \u201cCom base nesse plano de trabalho, elaboramos o cronograma para atender o Centro, que vem sendo revitalizado e tem grande fluxo de pessoas e ve\u00edculos, sendo <\/span><span class=\"NormalTextRun SCXW129418324 BCX0\">considerado uma \u00e1rea de risco\u201d<\/span><span class=\"NormalTextRun SCXW129418324 BCX0\">, explic<\/span><span class=\"NormalTextRun SCXW129418324 BCX0\">a <\/span><span class=\"NormalTextRun SCXW129418324 BCX0\">a secret\u00e1ria. <\/span><\/span><span class=\"LineBreakBlob BlobObject DragDrop SCXW129418324 BCX0\"><span class=\"SCXW129418324 BCX0\">\u00a0<\/span><br class=\"SCXW129418324 BCX0\"\/><\/span><span class=\"LineBreakBlob BlobObject DragDrop SCXW129418324 BCX0\"><span class=\"SCXW129418324 BCX0\">\u00a0<\/span><br class=\"SCXW129418324 BCX0\"\/><\/span><span class=\"TextRun SCXW129418324 BCX0\" lang=\"PT-BR\" xml:lang=\"PT-BR\" data-contrast=\"auto\"><span class=\"NormalTextRun SCXW129418324 BCX0\">Ap\u00f3s a conclus\u00e3o dos servi\u00e7os <\/span><span class=\"NormalTextRun SCXW129418324 BCX0\">no Centro<\/span><span class=\"NormalTextRun SCXW129418324 BCX0\">, a Secretaria de <\/span><span class=\"NormalTextRun SCXW129418324 BCX0\">Infraestrutura<\/span><span class=\"NormalTextRun SCXW129418324 BCX0\"> ir\u00e1 planejar novos pontos na regi\u00e3o. O objetivo \u00e9 regularizar todos os fios soltos no quadril\u00e1tero <\/span><span class=\"NormalTextRun SCXW129418324 BCX0\">c<\/span><span class=\"NormalTextRun SCXW129418324 BCX0\">entral at\u00e9 dezembro. Na pr\u00f3xima reuni\u00e3o, com previs\u00e3o para junho, ser\u00e3o apresentados os resultados. Em caso d<\/span><span class=\"NormalTextRun SCXW129418324 BCX0\">e descumprimento <\/span><span class=\"NormalTextRun SCXW129418324 BCX0\">por parte da empresa respons\u00e1vel, a CPFL <\/span><span class=\"NormalTextRun SCXW129418324 BCX0\">Paulista <\/span><span class=\"NormalTextRun SCXW129418324 BCX0\">ir\u00e1 retirar os fios.<\/span><\/span><span class=\"LineBreakBlob BlobObject DragDrop SCXW129418324 BCX0\"><span class=\"SCXW129418324 BCX0\">\u00a0<\/span><br class=\"SCXW129418324 BCX0\"\/><\/span><span class=\"LineBreakBlob BlobObject DragDrop SCXW129418324 BCX0\"><span class=\"SCXW129418324 BCX0\">\u00a0<\/span><br class=\"SCXW129418324 BCX0\"\/><\/span><span class=\"TextRun SCXW129418324 BCX0\" lang=\"PT-BR\" xml:lang=\"PT-BR\" data-contrast=\"auto\"><span class=\"NormalTextRun SCXW129418324 BCX0\">\u201c<\/span><span class=\"NormalTextRun SCXW129418324 BCX0\">Contamos com o apoio dos consumidores dos servi\u00e7os de telecomunica\u00e7\u00e3o, <\/span><span class=\"NormalTextRun SCXW129418324 BCX0\">pois a regulariza\u00e7\u00e3o pode afetar o fornecimento desses servi\u00e7os. Todas as empresas respons\u00e1veis v\u00eam sendo notificadas para participa\u00e7\u00e3o das reuni\u00f5es da <\/span><span class=\"NormalTextRun SpellingErrorV2Themed SCXW129418324 BCX0\">C<\/span><span class=\"NormalTextRun SpellingErrorV2Themed SCXW129418324 BCX0\">oinfarp<\/span><span class=\"NormalTextRun SCXW129418324 BCX0\">, bem como pela CPFL, para regulariza\u00e7\u00e3o dos fios\u201d afirm<\/span><span class=\"NormalTextRun SCXW129418324 BCX0\">a <\/span><span class=\"NormalTextRun SCXW129418324 BCX0\">a consultora de relacionamento da <\/span><span class=\"NormalTextRun SCXW129418324 BCX0\">concession\u00e1ria de energia<\/span><span class=\"NormalTextRun SCXW129418324 BCX0\">, <\/span><span class=\"NormalTextRun SpellingErrorV2Themed SpellingErrorHighlight SCXW129418324 BCX0\">Elidiane<\/span><span class=\"NormalTextRun SCXW129418324 BCX0\"> Bernardi.<\/span><\/span><span class=\"LineBreakBlob BlobObject DragDrop SCXW129418324 BCX0\"><span class=\"SCXW129418324 BCX0\">\u00a0<\/span><br class=\"SCXW129418324 BCX0\"\/><\/span><span class=\"LineBreakBlob BlobObject DragDrop SCXW129418324 BCX0\"><span class=\"SCXW129418324 BCX0\">\u00a0<\/span><br class=\"SCXW129418324 BCX0\"\/><\/span><span class=\"TextRun SCXW129418324 BCX0\" lang=\"PT-BR\" xml:lang=\"PT-BR\" data-contrast=\"auto\"><span class=\"NormalTextRun SCXW129418324 BCX0\">A <\/span><span class=\"NormalTextRun SCXW129418324 BCX0\">p<\/span><span class=\"NormalTextRun SCXW129418324 BCX0\">refeitura tamb\u00e9m est\u00e1 revisando a <\/span><span class=\"NormalTextRun SCXW129418324 BCX0\">l<\/span><span class=\"NormalTextRun SCXW129418324 BCX0\">ei n\u00ba 14.901\/2024, que regula a gest\u00e3o desses fios, a fim de torn\u00e1-la mais rigorosa para garantir a implanta\u00e7\u00e3o correta da fia\u00e7\u00e3o, o fornecimento de qualidade dos servi\u00e7os e a seguran\u00e7a da popula\u00e7\u00e3o.<\/span> <\/span><span class=\"LineBreakBlob BlobObject DragDrop SCXW129418324 BCX0\"><span class=\"SCXW129418324 BCX0\">\u00a0<\/span><br class=\"SCXW129418324 BCX0\"\/><\/span><span class=\"LineBreakBlob BlobObject DragDrop SCXW129418324 BCX0\"><span class=\"SCXW129418324 BCX0\">\u00a0<\/span><br class=\"SCXW129418324 BCX0\"\/><\/span><span class=\"TextRun SCXW129418324 BCX0\" lang=\"PT-BR\" xml:lang=\"PT-BR\" data-contrast=\"auto\"><span class=\"NormalTextRun SCXW129418324 BCX0\">De acordo com balan\u00e7o apresentado pela empresa a pedido da C\u00e2mara de Ribeir\u00e3o Preto, de<\/span><span class=\"NormalTextRun SCXW129418324 BCX0\"> janeiro a dezembro de 2024, a c<\/span><span class=\"NormalTextRun SCXW129418324 BCX0\">ompanhia emitiu 20.171 notifica\u00e7\u00f5es para as empresas de telecomunica\u00e7\u00f5es que possue<\/span><span class=\"NormalTextRun SCXW129418324 BCX0\">m contrato de compartilhamento <\/span><span class=\"NormalTextRun SCXW129418324 BCX0\">\u2013<\/span><span class=\"NormalTextRun SCXW129418324 BCX0\"> com a empresa -, para uso da estrutura dos postes na cidade de Ribeir\u00e3o Preto. <\/span><\/span><span class=\"LineBreakBlob BlobObject DragDrop SCXW129418324 BCX0\"><span class=\"SCXW129418324 BCX0\">\u00a0<\/span><br class=\"SCXW129418324 BCX0\"\/><\/span><span class=\"LineBreakBlob BlobObject DragDrop SCXW129418324 BCX0\"><span class=\"SCXW129418324 BCX0\">\u00a0<\/span><br class=\"SCXW129418324 BCX0\"\/><\/span><span class=\"TextRun SCXW129418324 BCX0\" lang=\"PT-BR\" xml:lang=\"PT-BR\" data-contrast=\"auto\"><span class=\"NormalTextRun SCXW129418324 BCX0\">No mesmo per\u00edodo, a concession\u00e1ria regularizou 6.570 postes no munic\u00edpio.\u00a0<\/span> <span class=\"NormalTextRun SCXW129418324 BCX0\">No mesmo per\u00edodo tamb\u00e9m foram removidas 13,5 toneladas de cabos de telecomunica\u00e7\u00f5es clandestinos, inoperantes ou que apresentavam situa\u00e7\u00f5es de risco \u00e0 popula\u00e7\u00e3o ou \u00e0 rede de distribui\u00e7\u00e3o de energia.<\/span><\/span><span class=\"LineBreakBlob BlobObject DragDrop SCXW129418324 BCX0\"><span class=\"SCXW129418324 BCX0\">\u00a0<\/span><br class=\"SCXW129418324 BCX0\"\/><\/span><span class=\"LineBreakBlob BlobObject DragDrop SCXW129418324 BCX0\"><span class=\"SCXW129418324 BCX0\">\u00a0<\/span><br class=\"SCXW129418324 BCX0\"\/><\/span><span class=\"TextRun SCXW129418324 BCX0\" lang=\"PT-BR\" xml:lang=\"PT-BR\" data-contrast=\"auto\"><span class=\"NormalTextRun SCXW129418324 BCX0\">A legisla\u00e7\u00e3o determina que a CPFL <\/span><span class=\"NormalTextRun SCXW129418324 BCX0\">Paulista <\/span><span class=\"NormalTextRun SCXW129418324 BCX0\">seja respons\u00e1vel por modificar e retirar os fios inutilizados nas vias p\u00fablicas das operadoras de servi\u00e7os de internet, telefonia e similares. Ela \u00e9 a concession\u00e1ria respons\u00e1vel pelos postes e al\u00e9m de us\u00e1-los para transmiss\u00e3o do cabeamento de energia el\u00e9trica, autoriza as empresas de internet<\/span><span class=\"NormalTextRun SCXW129418324 BCX0\">.<\/span><\/span><span class=\"LineBreakBlob BlobObject DragDrop SCXW129418324 BCX0\"><span class=\"SCXW129418324 BCX0\">\u00a0<\/span><br class=\"SCXW129418324 BCX0\"\/><\/span><span class=\"LineBreakBlob BlobObject DragDrop SCXW129418324 BCX0\"><br class=\"SCXW129418324 BCX0\"\/><\/span><span class=\"LineBreakBlob BlobObject DragDrop SCXW129418324 BCX0\"><span class=\"SCXW129418324 BCX0\">\u00a0<\/span><br class=\"SCXW129418324 BCX0\"\/><\/span><span class=\"EOP SCXW129418324 BCX0\" data-ccp-props=\"{}\">\u00a0<\/span><\/p>\n<\/div>\n<p><script async src=\"\/\/platform.twitter.com\/widgets.js\" charset=\"utf-8\"><\/script><br \/>\n<br \/><br \/>\n<br \/><a href=\"https:\/\/www.tribunaribeirao.com.br\/fios-soltos-serao-retirados-em-junho\/\">Source link <\/a><\/p>\n<!-- CONTENT END 1 -->\n","protected":false},"excerpt":{"rendered":"<p>24 de maio de 2025 09:3023 de maio de 2025 18:469 Compartilhar0 A prefeitura de Ribeir\u00e3o Preto, por meio da Comiss\u00e3o de Infraestrutura A\u00e9rea (Coinfarp)&#8230;<\/p>\n","protected":false},"author":1,"featured_media":70257,"comment_status":"open","ping_status":"open","sticky":false,"template":"","format":"standard","meta":{"advanced_seo_description":"","jetpack_seo_html_title":"","jetpack_seo_noindex":false,"jetpack_post_was_ever_published":false,"_jetpack_newsletter_access":"","_jetpack_dont_email_post_to_subs":false,"_jetpack_newsletter_tier_id":0,"_jetpack_memberships_contains_paywalled_content":false,"_jetpack_memberships_contains_paid_content":false,"footnotes":"","jetpack_publicize_message":"","jetpack_publicize_feature_enabled":true,"jetpack_social_post_already_shared":true,"jetpack_social_options":{"image_generator_settings":{"template":"highway","default_image_id":0,"font":"","enabled":false},"version":2}},"categories":[11],"tags":[],"class_list":["post-70256","post","type-post","status-publish","format-standard","has-post-thumbnail","hentry","category-noticias-de-ribeirao-preto-sp-e-regiao-ismael-colosi"],"jetpack_publicize_connections":[],"jetpack_featured_media_url":"https:\/\/i0.wp.com\/noticiasribeiraopreto.com.br\/wp-content\/uploads\/2025\/05\/FiacaoRP-Divulgacao.jpg?fit=1000%2C666&ssl=1","jetpack-related-posts":[{"id":47341,"url":"https:\/\/noticiasribeiraopreto.com.br\/index.php\/2024\/04\/25\/bolsa-familia-oferece-r-2-mil-em-maio-descubra-se-voce-esta-na-lista\/","url_meta":{"origin":70256,"position":0},"title":"Bolsa Fam\u00edlia oferece R$ 2 Mil em Maio: Descubra se voc\u00ea est\u00e1 na lista","author":"noticiasribeiraopreto.com.br","date":"25 de April de 2024","format":false,"excerpt":"A recente decis\u00e3o de permitir o ac\u00famulo do Bolsa Fam\u00edlia e dos Benef\u00edcios de Pagamento Cont\u00ednuo (BPC) \u00e9 uma not\u00edcia positiva para os benefici\u00e1rios, pois aumenta a probabilidade de receber mais de 2 mil reais a partir de maio de 2024. O BPC \u00e9 um benef\u00edcio eleg\u00edvel para idosos e\u2026","rel":"","context":"In &quot;Dinheiro e Investimento&quot;","block_context":{"text":"Dinheiro e Investimento","link":"https:\/\/noticiasribeiraopreto.com.br\/index.php\/category\/dinheiro-e-investimento-como-fazer-como-ganhar\/"},"img":{"alt_text":"","src":"https:\/\/i0.wp.com\/noticiasribeiraopreto.com.br\/wp-content\/uploads\/2024\/04\/Design-sem-nome-3.webp.webp?fit=1200%2C630&ssl=1&resize=350%2C200","width":350,"height":200,"srcset":"https:\/\/i0.wp.com\/noticiasribeiraopreto.com.br\/wp-content\/uploads\/2024\/04\/Design-sem-nome-3.webp.webp?fit=1200%2C630&ssl=1&resize=350%2C200 1x, https:\/\/i0.wp.com\/noticiasribeiraopreto.com.br\/wp-content\/uploads\/2024\/04\/Design-sem-nome-3.webp.webp?fit=1200%2C630&ssl=1&resize=525%2C300 1.5x, https:\/\/i0.wp.com\/noticiasribeiraopreto.com.br\/wp-content\/uploads\/2024\/04\/Design-sem-nome-3.webp.webp?fit=1200%2C630&ssl=1&resize=700%2C400 2x, https:\/\/i0.wp.com\/noticiasribeiraopreto.com.br\/wp-content\/uploads\/2024\/04\/Design-sem-nome-3.webp.webp?fit=1200%2C630&ssl=1&resize=1050%2C600 3x"},"classes":[]},{"id":47242,"url":"https:\/\/noticiasribeiraopreto.com.br\/index.php\/2024\/04\/25\/bolsa-familia-governo-divulga-nova-lista-nis-de-contemplados-para-receber-r-800-em-maio-confira-calendario\/","url_meta":{"origin":70256,"position":1},"title":"Bolsa Fam\u00edlia: Governo divulga nova lista NIS de contemplados para receber R$ 800 em MAIO; Confira calend\u00e1rio","author":"noticiasribeiraopreto.com.br","date":"25 de April de 2024","format":false,"excerpt":"O programa Bolsa Fam\u00edlia, que j\u00e1 se tornou parte importante do apoio socioecon\u00f4mico a milhares de fam\u00edlias no Brasil, apresenta novos pagamentos e benef\u00edcios adicionais que ter\u00e3o in\u00edcio no pr\u00f3ximo m\u00eas. Entenda agora como \u00e9 o pagamento e quais s\u00e3o os novos benef\u00edcios para os benefici\u00e1rios. 1. Quando come\u00e7am os\u2026","rel":"","context":"In &quot;Dinheiro e Investimento&quot;","block_context":{"text":"Dinheiro e Investimento","link":"https:\/\/noticiasribeiraopreto.com.br\/index.php\/category\/dinheiro-e-investimento-como-fazer-como-ganhar\/"},"img":{"alt_text":"","src":"https:\/\/i0.wp.com\/noticiasribeiraopreto.com.br\/wp-content\/uploads\/2024\/04\/STARTUP-2.webp.webp?fit=1200%2C630&ssl=1&resize=350%2C200","width":350,"height":200,"srcset":"https:\/\/i0.wp.com\/noticiasribeiraopreto.com.br\/wp-content\/uploads\/2024\/04\/STARTUP-2.webp.webp?fit=1200%2C630&ssl=1&resize=350%2C200 1x, https:\/\/i0.wp.com\/noticiasribeiraopreto.com.br\/wp-content\/uploads\/2024\/04\/STARTUP-2.webp.webp?fit=1200%2C630&ssl=1&resize=525%2C300 1.5x, https:\/\/i0.wp.com\/noticiasribeiraopreto.com.br\/wp-content\/uploads\/2024\/04\/STARTUP-2.webp.webp?fit=1200%2C630&ssl=1&resize=700%2C400 2x, https:\/\/i0.wp.com\/noticiasribeiraopreto.com.br\/wp-content\/uploads\/2024\/04\/STARTUP-2.webp.webp?fit=1200%2C630&ssl=1&resize=1050%2C600 3x"},"classes":[]},{"id":68932,"url":"https:\/\/noticiasribeiraopreto.com.br\/index.php\/2025\/04\/30\/frente-fria-e-queda-da-temperatura-em-maio-veja-previsao-para-o-mes-no-estado-de-sp\/","url_meta":{"origin":70256,"position":2},"title":"Frente fria e queda da temperatura em maio? Veja previs\u00e3o para o m\u00eas no estado de SP","author":"noticiasribeiraopreto.com.br","date":"30 de April de 2025","format":false,"excerpt":"O m\u00eas de maio come\u00e7a nesta quinta-feira (1), feriado do Dia do Trabalho, e a meteorologia divulgou a previs\u00e3o clim\u00e1tica para o per\u00edodo. A Climatempo diz que em maio de 2025 n\u00e3o haver\u00e1 a influ\u00eancia de fen\u00f4menos como El Ni\u00f1o e La Ni\u00f1a, pois ser\u00e1 de neutralidade t\u00e9rmica no Oceano\u2026","rel":"","context":"In &quot;Not\u00edcias de Ribeir\u00e3o Preto-SP e Regi\u00e3o&quot;","block_context":{"text":"Not\u00edcias de Ribeir\u00e3o Preto-SP e Regi\u00e3o","link":"https:\/\/noticiasribeiraopreto.com.br\/index.php\/category\/noticias-de-ribeirao-preto-sp-e-regiao-ismael-colosi\/"},"img":{"alt_text":"","src":"https:\/\/i0.wp.com\/noticiasribeiraopreto.com.br\/wp-content\/uploads\/2025\/04\/ceu_nublado_e_tempo_frio_em_campinas_cxdigo_19_166036-scaled.jpg?fit=1200%2C800&ssl=1&resize=350%2C200","width":350,"height":200,"srcset":"https:\/\/i0.wp.com\/noticiasribeiraopreto.com.br\/wp-content\/uploads\/2025\/04\/ceu_nublado_e_tempo_frio_em_campinas_cxdigo_19_166036-scaled.jpg?fit=1200%2C800&ssl=1&resize=350%2C200 1x, https:\/\/i0.wp.com\/noticiasribeiraopreto.com.br\/wp-content\/uploads\/2025\/04\/ceu_nublado_e_tempo_frio_em_campinas_cxdigo_19_166036-scaled.jpg?fit=1200%2C800&ssl=1&resize=525%2C300 1.5x, https:\/\/i0.wp.com\/noticiasribeiraopreto.com.br\/wp-content\/uploads\/2025\/04\/ceu_nublado_e_tempo_frio_em_campinas_cxdigo_19_166036-scaled.jpg?fit=1200%2C800&ssl=1&resize=700%2C400 2x, https:\/\/i0.wp.com\/noticiasribeiraopreto.com.br\/wp-content\/uploads\/2025\/04\/ceu_nublado_e_tempo_frio_em_campinas_cxdigo_19_166036-scaled.jpg?fit=1200%2C800&ssl=1&resize=1050%2C600 3x"},"classes":[]},{"id":14115,"url":"https:\/\/noticiasribeiraopreto.com.br\/index.php\/2023\/12\/11\/obras-do-corredor-de-onibus-castelo-branco-13-de-maio-estao-em-andamento\/","url_meta":{"origin":70256,"position":3},"title":"Obras do corredor de \u00f4nibus Castelo Branco\/ 13 de Maio est\u00e3o em andamento \u2013 Folha de Ribeir\u00e3o","author":"noticiasribeiraopreto.com.br","date":"11 de December de 2023","format":false,"excerpt":"As obras do corredor de \u00f4nibus das avenidas Castelo Branco\/ 13 de Maio est\u00e3o\u00a0em ritmo acelerado, com mais de 40% do projeto conclu\u00eddo. Com previs\u00e3o para ser entregue em setembro de 2024, os trabalhos est\u00e3o concentrados na reconstru\u00e7\u00e3o do pavimento dos corredores na avenida Le\u00e3o XIII e, nas marginais da\u2026","rel":"","context":"In &quot;Not\u00edcias de Ribeir\u00e3o Preto-SP e Regi\u00e3o&quot;","block_context":{"text":"Not\u00edcias de Ribeir\u00e3o Preto-SP e Regi\u00e3o","link":"https:\/\/noticiasribeiraopreto.com.br\/index.php\/category\/noticias-de-ribeirao-preto-sp-e-regiao-ismael-colosi\/"},"img":{"alt_text":"","src":"https:\/\/i0.wp.com\/noticiasribeiraopreto.com.br\/wp-content\/uploads\/2023\/12\/obras_corredor_castelo_branco_-_foto_guilherme_sircili_5.jpg?fit=1200%2C800&ssl=1&resize=350%2C200","width":350,"height":200,"srcset":"https:\/\/i0.wp.com\/noticiasribeiraopreto.com.br\/wp-content\/uploads\/2023\/12\/obras_corredor_castelo_branco_-_foto_guilherme_sircili_5.jpg?fit=1200%2C800&ssl=1&resize=350%2C200 1x, https:\/\/i0.wp.com\/noticiasribeiraopreto.com.br\/wp-content\/uploads\/2023\/12\/obras_corredor_castelo_branco_-_foto_guilherme_sircili_5.jpg?fit=1200%2C800&ssl=1&resize=525%2C300 1.5x, https:\/\/i0.wp.com\/noticiasribeiraopreto.com.br\/wp-content\/uploads\/2023\/12\/obras_corredor_castelo_branco_-_foto_guilherme_sircili_5.jpg?fit=1200%2C800&ssl=1&resize=700%2C400 2x, https:\/\/i0.wp.com\/noticiasribeiraopreto.com.br\/wp-content\/uploads\/2023\/12\/obras_corredor_castelo_branco_-_foto_guilherme_sircili_5.jpg?fit=1200%2C800&ssl=1&resize=1050%2C600 3x"},"classes":[]},{"id":69907,"url":"https:\/\/noticiasribeiraopreto.com.br\/index.php\/2025\/05\/10\/ribeirao-preto-recebe-projeto-que-leva-palestras-cientificas-aos-bares\/","url_meta":{"origin":70256,"position":4},"title":"Ribeir\u00e3o Preto recebe projeto que leva palestras cient\u00edficas aos bares","author":"noticiasribeiraopreto.com.br","date":"10 de May de 2025","format":false,"excerpt":"Entre os dias 19 a 21 de maio, sempre \u00e0s 19h, cientistas e pesquisadores do projeto Pint Of Science ir\u00e3o se apresentar em quatro bares e cervejarias de Ribeir\u00e3o Preto com palestras e mesas redondas sobre suas descobertas e \u00e1reas de conhecimento. Neste ano, o projeto comemora 10 anos no\u2026","rel":"","context":"In &quot;Not\u00edcias de Ribeir\u00e3o Preto-SP e Regi\u00e3o&quot;","block_context":{"text":"Not\u00edcias de Ribeir\u00e3o Preto-SP e Regi\u00e3o","link":"https:\/\/noticiasribeiraopreto.com.br\/index.php\/category\/noticias-de-ribeirao-preto-sp-e-regiao-ismael-colosi\/"},"img":{"alt_text":"","src":"https:\/\/i0.wp.com\/noticiasribeiraopreto.com.br\/wp-content\/uploads\/2025\/05\/Pint-Of-Science-158-_2025-05-10_14-18-29.webp.webp?fit=1200%2C675&ssl=1&resize=350%2C200","width":350,"height":200,"srcset":"https:\/\/i0.wp.com\/noticiasribeiraopreto.com.br\/wp-content\/uploads\/2025\/05\/Pint-Of-Science-158-_2025-05-10_14-18-29.webp.webp?fit=1200%2C675&ssl=1&resize=350%2C200 1x, https:\/\/i0.wp.com\/noticiasribeiraopreto.com.br\/wp-content\/uploads\/2025\/05\/Pint-Of-Science-158-_2025-05-10_14-18-29.webp.webp?fit=1200%2C675&ssl=1&resize=525%2C300 1.5x, https:\/\/i0.wp.com\/noticiasribeiraopreto.com.br\/wp-content\/uploads\/2025\/05\/Pint-Of-Science-158-_2025-05-10_14-18-29.webp.webp?fit=1200%2C675&ssl=1&resize=700%2C400 2x, https:\/\/i0.wp.com\/noticiasribeiraopreto.com.br\/wp-content\/uploads\/2025\/05\/Pint-Of-Science-158-_2025-05-10_14-18-29.webp.webp?fit=1200%2C675&ssl=1&resize=1050%2C600 3x"},"classes":[]},{"id":70198,"url":"https:\/\/noticiasribeiraopreto.com.br\/index.php\/2025\/05\/23\/inss-devolvera-descontos-indevidos-de-abril-a-partir-de-segunda-feira\/","url_meta":{"origin":70256,"position":5},"title":"INSS devolver\u00e1 descontos indevidos de abril a partir de segunda-feira","author":"noticiasribeiraopreto.com.br","date":"23 de May de 2025","format":false,"excerpt":"23 de maio de 2025 15:551 Compartilhar0 Todos os aposentados e pensionistas do INSS que sofreram algum desconto de mensalidade associativa na folha de pagamentos referente a abril ter\u00e3o os valores devolvidos a partir desta segunda-feira, 26 de maio. Ser\u00e3o reembolsados, ao todo, R$ 292 milh\u00f5es aos benefici\u00e1rios. No fim\u2026","rel":"","context":"In &quot;Not\u00edcias de Ribeir\u00e3o Preto-SP e Regi\u00e3o&quot;","block_context":{"text":"Not\u00edcias de Ribeir\u00e3o Preto-SP e Regi\u00e3o","link":"https:\/\/noticiasribeiraopreto.com.br\/index.php\/category\/noticias-de-ribeirao-preto-sp-e-regiao-ismael-colosi\/"},"img":{"alt_text":"","src":"https:\/\/i0.wp.com\/noticiasribeiraopreto.com.br\/wp-content\/uploads\/2025\/05\/Como-consultar-beneficio-por-incapacidade-INSS.jpg?fit=1200%2C729&ssl=1&resize=350%2C200","width":350,"height":200,"srcset":"https:\/\/i0.wp.com\/noticiasribeiraopreto.com.br\/wp-content\/uploads\/2025\/05\/Como-consultar-beneficio-por-incapacidade-INSS.jpg?fit=1200%2C729&ssl=1&resize=350%2C200 1x, https:\/\/i0.wp.com\/noticiasribeiraopreto.com.br\/wp-content\/uploads\/2025\/05\/Como-consultar-beneficio-por-incapacidade-INSS.jpg?fit=1200%2C729&ssl=1&resize=525%2C300 1.5x, https:\/\/i0.wp.com\/noticiasribeiraopreto.com.br\/wp-content\/uploads\/2025\/05\/Como-consultar-beneficio-por-incapacidade-INSS.jpg?fit=1200%2C729&ssl=1&resize=700%2C400 2x, https:\/\/i0.wp.com\/noticiasribeiraopreto.com.br\/wp-content\/uploads\/2025\/05\/Como-consultar-beneficio-por-incapacidade-INSS.jpg?fit=1200%2C729&ssl=1&resize=1050%2C600 3x"},"classes":[]}],"jetpack_sharing_enabled":true,"jetpack_shortlink":"https:\/\/wp.me\/peQAOb-iha","_links":{"self":[{"href":"https:\/\/noticiasribeiraopreto.com.br\/index.php\/wp-json\/wp\/v2\/posts\/70256","targetHints":{"allow":["GET"]}}],"collection":[{"href":"https:\/\/noticiasribeiraopreto.com.br\/index.php\/wp-json\/wp\/v2\/posts"}],"about":[{"href":"https:\/\/noticiasribeiraopreto.com.br\/index.php\/wp-json\/wp\/v2\/types\/post"}],"author":[{"embeddable":true,"href":"https:\/\/noticiasribeiraopreto.com.br\/index.php\/wp-json\/wp\/v2\/users\/1"}],"replies":[{"embeddable":true,"href":"https:\/\/noticiasribeiraopreto.com.br\/index.php\/wp-json\/wp\/v2\/comments?post=70256"}],"version-history":[{"count":0,"href":"https:\/\/noticiasribeiraopreto.com.br\/index.php\/wp-json\/wp\/v2\/posts\/70256\/revisions"}],"wp:featuredmedia":[{"embeddable":true,"href":"https:\/\/noticiasribeiraopreto.com.br\/index.php\/wp-json\/wp\/v2\/media\/70257"}],"wp:attachment":[{"href":"https:\/\/noticiasribeiraopreto.com.br\/index.php\/wp-json\/wp\/v2\/media?parent=70256"}],"wp:term":[{"taxonomy":"category","embeddable":true,"href":"https:\/\/noticiasribeiraopreto.com.br\/index.php\/wp-json\/wp\/v2\/categories?post=70256"},{"taxonomy":"post_tag","embeddable":true,"href":"https:\/\/noticiasribeiraopreto.com.br\/index.php\/wp-json\/wp\/v2\/tags?post=70256"}],"curies":[{"name":"wp","href":"https:\/\/api.w.org\/{rel}","templated":true}]}}