{"id":70260,"date":"2025-05-24T10:06:11","date_gmt":"2025-05-24T13:06:11","guid":{"rendered":"https:\/\/noticiasribeiraopreto.com.br\/index.php\/2025\/05\/24\/confira-a-previsao-do-tempo-para-ribeirao-preto-neste-sabado-2\/"},"modified":"2025-05-24T10:06:11","modified_gmt":"2025-05-24T13:06:11","slug":"confira-a-previsao-do-tempo-para-ribeirao-preto-neste-sabado-2","status":"publish","type":"post","link":"https:\/\/noticiasribeiraopreto.com.br\/index.php\/2025\/05\/24\/confira-a-previsao-do-tempo-para-ribeirao-preto-neste-sabado-2\/","title":{"rendered":"Confira a previs\u00e3o do tempo para Ribeir\u00e3o Preto neste s\u00e1bado"},"content":{"rendered":"<p> <br \/>\n<\/p>\n<div data-td-block-uid=\"tdi_95\">\n<div class=\"tdb-block-inner td-fix-index\">\n<p>O s\u00e1bado (24) come\u00e7ou com <strong>Sol<\/strong> em <strong>Ribeir\u00e3o Preto<\/strong>. De acordo com o <strong><a href=\"https:\/\/previsao.inmet.gov.br\/5300108\">Inmet (Instituto Nacional de Meteorologia)<\/a><\/strong>, a previs\u00e3o do tempo aponta para um dia com poucas nuvens.<\/p>\n<p><mark style=\"background-color:#fcb900\" class=\"has-inline-color has-black-color\">A temperatura m\u00e1xima prevista \u00e9 de 30\u00b0C<\/mark>, com m\u00ednima registrada de 15\u00b0C. A umidade relativa do ar varia entre 25% e 95%. <mark style=\"background-color:#fcb900\" class=\"has-inline-color has-black-color\">N\u00e3o h\u00e1 previs\u00e3o de chuva.<\/mark><\/p>\n<h2 class=\"wp-block-heading\"><strong>Frio em SP<\/strong><\/h2>\n<p>A<strong><a href=\"https:\/\/www.climatempo.com.br\/noticia\/calor\/previsao-do-tempo-no-brasil-para-o-final-de-semana-24-e-25-de-maio-de-2025\"> Climatempo<\/a><\/strong> aponta que o estado de S\u00e3o Paulo ter\u00e1 chuva concentrada na faixa litor\u00e2nea. A chuva ocorre na forma de pancadas de moderada a forte intensidade.<\/p>\n<p>J\u00e1 no interior de S\u00e3o Paulo o tempo segue seco, com destaque para a umidade relativa do ar que fica abaixo dos 30% nos hor\u00e1rios mais quentes do dia.<\/p>\n<p>No domingo (25), a infiltra\u00e7\u00e3o mar\u00edtima provoca chuva fraca sobre o sul de S\u00e3o Paulo. Por outro lado, o tempo volta a esquentar no interior de S\u00e3o Paulo, que segue sem chuva.<\/p>\n<p><!-- CONTENT END 1 -->\n<\/div>\n<\/div>\n<p><br \/>\n<br \/><a href=\"https:\/\/www.acidadeon.com\/ribeiraopreto\/cotidiano\/confira-a-previsao-do-tempo-para-ribeirao-preto-neste-sabado-3\/\">Source link <\/a><\/p>\n","protected":false},"excerpt":{"rendered":"<p>O s\u00e1bado (24) come\u00e7ou com Sol em Ribeir\u00e3o Preto. De acordo com o Inmet (Instituto Nacional de Meteorologia), a previs\u00e3o do tempo aponta para um&#8230;<\/p>\n","protected":false},"author":1,"featured_media":70261,"comment_status":"open","ping_status":"open","sticky":false,"template":"","format":"standard","meta":{"advanced_seo_description":"","jetpack_seo_html_title":"","jetpack_seo_noindex":false,"jetpack_post_was_ever_published":false,"_jetpack_newsletter_access":"","_jetpack_dont_email_post_to_subs":false,"_jetpack_newsletter_tier_id":0,"_jetpack_memberships_contains_paywalled_content":false,"_jetpack_memberships_contains_paid_content":false,"footnotes":"","jetpack_publicize_message":"","jetpack_publicize_feature_enabled":true,"jetpack_social_post_already_shared":true,"jetpack_social_options":{"image_generator_settings":{"template":"highway","default_image_id":0,"font":"","enabled":false},"version":2}},"categories":[11],"tags":[],"class_list":["post-70260","post","type-post","status-publish","format-standard","has-post-thumbnail","hentry","category-noticias-de-ribeirao-preto-sp-e-regiao-ismael-colosi"],"jetpack_publicize_connections":[],"jetpack_featured_media_url":"https:\/\/i0.wp.com\/noticiasribeiraopreto.com.br\/wp-content\/uploads\/2025\/05\/TEMPO-RIBEIRAO-PRETO-6_2025-05-24_12-38-26.webp.webp?fit=1200%2C900&ssl=1","jetpack-related-posts":[{"id":71515,"url":"https:\/\/noticiasribeiraopreto.com.br\/index.php\/2025\/06\/06\/previsao-do-tempo-possibilidade-de-chuva-no-interior-de-sp-no-domingo-confira\/","url_meta":{"origin":70260,"position":0},"title":"Previs\u00e3o do tempo: possibilidade de chuva no interior de SP no domingo; confira","author":"noticiasribeiraopreto.com.br","date":"6 de June de 2025","format":false,"excerpt":"A previs\u00e3o do tempo para o final de semana no estado de S\u00e3o Paulo aponta para possibilidade de chuva, que deve acontecer a partir de domingo (8). Antes, no s\u00e1bado (7), o tempo ficar\u00e1 inst\u00e1vel na parte leste do estado, segundo a Climatempo. \u201cA chuva chega nessas \u00e1reas em forma\u2026","rel":"","context":"In &quot;Not\u00edcias de Ribeir\u00e3o Preto-SP e Regi\u00e3o&quot;","block_context":{"text":"Not\u00edcias de Ribeir\u00e3o Preto-SP e Regi\u00e3o","link":"https:\/\/noticiasribeiraopreto.com.br\/index.php\/category\/noticias-de-ribeirao-preto-sp-e-regiao-ismael-colosi\/"},"img":{"alt_text":"","src":"https:\/\/i0.wp.com\/noticiasribeiraopreto.com.br\/wp-content\/uploads\/2025\/02\/chuva-ribeirao-preto-2_2025-02-02_20-25-14_jpeg_2025-02-02_20-25-14.webp.webp?fit=1166%2C874&ssl=1&resize=350%2C200","width":350,"height":200,"srcset":"https:\/\/i0.wp.com\/noticiasribeiraopreto.com.br\/wp-content\/uploads\/2025\/02\/chuva-ribeirao-preto-2_2025-02-02_20-25-14_jpeg_2025-02-02_20-25-14.webp.webp?fit=1166%2C874&ssl=1&resize=350%2C200 1x, https:\/\/i0.wp.com\/noticiasribeiraopreto.com.br\/wp-content\/uploads\/2025\/02\/chuva-ribeirao-preto-2_2025-02-02_20-25-14_jpeg_2025-02-02_20-25-14.webp.webp?fit=1166%2C874&ssl=1&resize=525%2C300 1.5x, https:\/\/i0.wp.com\/noticiasribeiraopreto.com.br\/wp-content\/uploads\/2025\/02\/chuva-ribeirao-preto-2_2025-02-02_20-25-14_jpeg_2025-02-02_20-25-14.webp.webp?fit=1166%2C874&ssl=1&resize=700%2C400 2x, https:\/\/i0.wp.com\/noticiasribeiraopreto.com.br\/wp-content\/uploads\/2025\/02\/chuva-ribeirao-preto-2_2025-02-02_20-25-14_jpeg_2025-02-02_20-25-14.webp.webp?fit=1166%2C874&ssl=1&resize=1050%2C600 3x"},"classes":[]},{"id":2313,"url":"https:\/\/noticiasribeiraopreto.com.br\/index.php\/2023\/11\/15\/calor-vai-continuar-veja-a-previsao-do-tempo-para-os-proximos-5-dias-em-ribeirao\/","url_meta":{"origin":70260,"position":1},"title":"Calor vai continuar? Veja a previs\u00e3o do tempo para os pr\u00f3ximos 5 dias em Ribeir\u00e3o","author":"noticiasribeiraopreto.com.br","date":"15 de November de 2023","format":false,"excerpt":"O calor\u00e3o deve continuar nesta quarta-feira (15). Segundo a previs\u00e3o do tempo, Ribeir\u00e3o Preto deve ter temperatura m\u00e1xima de 40\u00b0C. A temperatura m\u00ednima foi de 22\u00b0C, \u00e0s 6h. Para quem espera chuva, a Climatempo aponta que h\u00e1 possibilidade de pancadas isoladas no per\u00edodo da tarde \u2013 pode chover at\u00e9 5\u2026","rel":"","context":"In &quot;Not\u00edcias de Ribeir\u00e3o Preto-SP e Regi\u00e3o&quot;","block_context":{"text":"Not\u00edcias de Ribeir\u00e3o Preto-SP e Regi\u00e3o","link":"https:\/\/noticiasribeiraopreto.com.br\/index.php\/category\/noticias-de-ribeirao-preto-sp-e-regiao-ismael-colosi\/"},"img":{"alt_text":"","src":"https:\/\/i0.wp.com\/noticiasribeiraopreto.com.br\/wp-content\/uploads\/2023\/11\/WhatsApp-Image-2023-11-15-at-09.05.42.jpeg?fit=1200%2C675&ssl=1&resize=350%2C200","width":350,"height":200,"srcset":"https:\/\/i0.wp.com\/noticiasribeiraopreto.com.br\/wp-content\/uploads\/2023\/11\/WhatsApp-Image-2023-11-15-at-09.05.42.jpeg?fit=1200%2C675&ssl=1&resize=350%2C200 1x, https:\/\/i0.wp.com\/noticiasribeiraopreto.com.br\/wp-content\/uploads\/2023\/11\/WhatsApp-Image-2023-11-15-at-09.05.42.jpeg?fit=1200%2C675&ssl=1&resize=525%2C300 1.5x, https:\/\/i0.wp.com\/noticiasribeiraopreto.com.br\/wp-content\/uploads\/2023\/11\/WhatsApp-Image-2023-11-15-at-09.05.42.jpeg?fit=1200%2C675&ssl=1&resize=700%2C400 2x, https:\/\/i0.wp.com\/noticiasribeiraopreto.com.br\/wp-content\/uploads\/2023\/11\/WhatsApp-Image-2023-11-15-at-09.05.42.jpeg?fit=1200%2C675&ssl=1&resize=1050%2C600 3x"},"classes":[]},{"id":79491,"url":"https:\/\/noticiasribeiraopreto.com.br\/index.php\/2025\/11\/02\/a-chuva-continua-veja-a-previsao-do-tempo-para-ribeirao-preto-nos-proximos-dias\/","url_meta":{"origin":70260,"position":2},"title":"A chuva continua? Veja a previs\u00e3o do tempo para Ribeir\u00e3o Preto nos pr\u00f3ximos dias","author":"noticiasribeiraopreto.com.br","date":"2 de November de 2025","format":false,"excerpt":"A chuva deve continuar em Ribeir\u00e3o Preto ao longo da pr\u00f3xima semana, segundo a previs\u00e3o do tempo. A Climatempo aponta para possibilidade de pancadas de chuva entre segunda-feira (3) e s\u00e1bado (8). Confira: Previs\u00e3o do tempo para Ribeir\u00e3o Preto: Segunda-feira, 3 de novembroM\u00e1xima: 26\u00b0CM\u00ednima: 21\u00b0CChuvoso de manh\u00e3 e \u00e0 noite.\u2026","rel":"","context":"In &quot;Not\u00edcias de Ribeir\u00e3o Preto-SP e Regi\u00e3o&quot;","block_context":{"text":"Not\u00edcias de Ribeir\u00e3o Preto-SP e Regi\u00e3o","link":"https:\/\/noticiasribeiraopreto.com.br\/index.php\/category\/noticias-de-ribeirao-preto-sp-e-regiao-ismael-colosi\/"},"img":{"alt_text":"","src":"https:\/\/i0.wp.com\/noticiasribeiraopreto.com.br\/wp-content\/uploads\/2025\/11\/palace-3_2025-10-31_19-55-22.webp.webp?fit=1200%2C675&ssl=1&resize=350%2C200","width":350,"height":200,"srcset":"https:\/\/i0.wp.com\/noticiasribeiraopreto.com.br\/wp-content\/uploads\/2025\/11\/palace-3_2025-10-31_19-55-22.webp.webp?fit=1200%2C675&ssl=1&resize=350%2C200 1x, https:\/\/i0.wp.com\/noticiasribeiraopreto.com.br\/wp-content\/uploads\/2025\/11\/palace-3_2025-10-31_19-55-22.webp.webp?fit=1200%2C675&ssl=1&resize=525%2C300 1.5x, https:\/\/i0.wp.com\/noticiasribeiraopreto.com.br\/wp-content\/uploads\/2025\/11\/palace-3_2025-10-31_19-55-22.webp.webp?fit=1200%2C675&ssl=1&resize=700%2C400 2x, https:\/\/i0.wp.com\/noticiasribeiraopreto.com.br\/wp-content\/uploads\/2025\/11\/palace-3_2025-10-31_19-55-22.webp.webp?fit=1200%2C675&ssl=1&resize=1050%2C600 3x"},"classes":[]},{"id":6727,"url":"https:\/\/noticiasribeiraopreto.com.br\/index.php\/2023\/11\/26\/chuva-ou-calor-veja-a-previsao-do-tempo-para-os-proximos-cinco-dias\/","url_meta":{"origin":70260,"position":3},"title":"Chuva ou calor? Veja a previs\u00e3o do tempo para os pr\u00f3ximos cinco dias","author":"noticiasribeiraopreto.com.br","date":"26 de November de 2023","format":false,"excerpt":"Ribeir\u00e3o Preto deve ter uma semana t\u00edpica de Ver\u00e3o, aponta a previs\u00e3o da plataforma Climatempo. As temperaturas m\u00e1ximas v\u00e3o estar girando pouco acima dos 30\u00b0C e h\u00e1 boa possibilidade de pancadas de chuva \u00e0 tarde. Nesta segunda-feira (27), a temperatura em Ribeir\u00e3o Preto fica entre 21\u00baC e 31\u00baC, com boa\u2026","rel":"","context":"In &quot;Not\u00edcias de Ribeir\u00e3o Preto-SP e Regi\u00e3o&quot;","block_context":{"text":"Not\u00edcias de Ribeir\u00e3o Preto-SP e Regi\u00e3o","link":"https:\/\/noticiasribeiraopreto.com.br\/index.php\/category\/noticias-de-ribeirao-preto-sp-e-regiao-ismael-colosi\/"},"img":{"alt_text":"","src":"https:\/\/i0.wp.com\/noticiasribeiraopreto.com.br\/wp-content\/uploads\/2023\/11\/WhatsApp-Image-2023-11-26-at-17.35.53.jpeg?fit=1200%2C675&ssl=1&resize=350%2C200","width":350,"height":200,"srcset":"https:\/\/i0.wp.com\/noticiasribeiraopreto.com.br\/wp-content\/uploads\/2023\/11\/WhatsApp-Image-2023-11-26-at-17.35.53.jpeg?fit=1200%2C675&ssl=1&resize=350%2C200 1x, https:\/\/i0.wp.com\/noticiasribeiraopreto.com.br\/wp-content\/uploads\/2023\/11\/WhatsApp-Image-2023-11-26-at-17.35.53.jpeg?fit=1200%2C675&ssl=1&resize=525%2C300 1.5x, https:\/\/i0.wp.com\/noticiasribeiraopreto.com.br\/wp-content\/uploads\/2023\/11\/WhatsApp-Image-2023-11-26-at-17.35.53.jpeg?fit=1200%2C675&ssl=1&resize=700%2C400 2x, https:\/\/i0.wp.com\/noticiasribeiraopreto.com.br\/wp-content\/uploads\/2023\/11\/WhatsApp-Image-2023-11-26-at-17.35.53.jpeg?fit=1200%2C675&ssl=1&resize=1050%2C600 3x"},"classes":[]},{"id":60514,"url":"https:\/\/noticiasribeiraopreto.com.br\/index.php\/2024\/11\/16\/chuva-continua-veja-a-previsao-do-tempo-para-ribeirao-preto-neste-sabado\/","url_meta":{"origin":70260,"position":4},"title":"Chuva continua? Veja a previs\u00e3o do tempo para Ribeir\u00e3o Preto neste s\u00e1bado","author":"noticiasribeiraopreto.com.br","date":"16 de November de 2024","format":false,"excerpt":"A chuva deve continuar em Ribeir\u00e3o Preto durante este s\u00e1bado (16), segundo a Climatempo. Os meteorologistas apontam que pode ter aberturas de Sol no per\u00edodo da tarde, mas as pancadas de chuva devem continuar at\u00e9 a noite. As temperaturas em Ribeir\u00e3o Preto devem variar entre 20\u00b0C e 27\u00b0C, com chuva\u2026","rel":"","context":"In &quot;Not\u00edcias de Ribeir\u00e3o Preto-SP e Regi\u00e3o&quot;","block_context":{"text":"Not\u00edcias de Ribeir\u00e3o Preto-SP e Regi\u00e3o","link":"https:\/\/noticiasribeiraopreto.com.br\/index.php\/category\/noticias-de-ribeirao-preto-sp-e-regiao-ismael-colosi\/"},"img":{"alt_text":"","src":"https:\/\/i0.wp.com\/noticiasribeiraopreto.com.br\/wp-content\/uploads\/2024\/11\/tempo-ribeirao-preto-3_2024-11-16_12-38-53_jpeg_2024-11-16_12-38-53.webp.webp?fit=1200%2C900&ssl=1&resize=350%2C200","width":350,"height":200,"srcset":"https:\/\/i0.wp.com\/noticiasribeiraopreto.com.br\/wp-content\/uploads\/2024\/11\/tempo-ribeirao-preto-3_2024-11-16_12-38-53_jpeg_2024-11-16_12-38-53.webp.webp?fit=1200%2C900&ssl=1&resize=350%2C200 1x, https:\/\/i0.wp.com\/noticiasribeiraopreto.com.br\/wp-content\/uploads\/2024\/11\/tempo-ribeirao-preto-3_2024-11-16_12-38-53_jpeg_2024-11-16_12-38-53.webp.webp?fit=1200%2C900&ssl=1&resize=525%2C300 1.5x, https:\/\/i0.wp.com\/noticiasribeiraopreto.com.br\/wp-content\/uploads\/2024\/11\/tempo-ribeirao-preto-3_2024-11-16_12-38-53_jpeg_2024-11-16_12-38-53.webp.webp?fit=1200%2C900&ssl=1&resize=700%2C400 2x, https:\/\/i0.wp.com\/noticiasribeiraopreto.com.br\/wp-content\/uploads\/2024\/11\/tempo-ribeirao-preto-3_2024-11-16_12-38-53_jpeg_2024-11-16_12-38-53.webp.webp?fit=1200%2C900&ssl=1&resize=1050%2C600 3x"},"classes":[]},{"id":74653,"url":"https:\/\/noticiasribeiraopreto.com.br\/index.php\/2025\/07\/26\/confira-a-previsao-do-tempo-para-ribeirao-preto-neste-sabado-3\/","url_meta":{"origin":70260,"position":5},"title":"Confira a previs\u00e3o do tempo para Ribeir\u00e3o Preto neste s\u00e1bado","author":"noticiasribeiraopreto.com.br","date":"26 de July de 2025","format":false,"excerpt":"O s\u00e1bado (26) come\u00e7ou com Sol em Ribeir\u00e3o Preto. De acordo com a Climatempo, a previs\u00e3o do tempo aponta para um dia com muitas nuvens, com alguns per\u00edodos de c\u00e9u nublado. A temperatura m\u00e1xima prevista para Ribeir\u00e3o Preto \u00e9 de 30\u00b0C, com m\u00ednima de 17\u00b0C. A umidade relativa do ar\u2026","rel":"","context":"In &quot;Not\u00edcias de Ribeir\u00e3o Preto-SP e Regi\u00e3o&quot;","block_context":{"text":"Not\u00edcias de Ribeir\u00e3o Preto-SP e Regi\u00e3o","link":"https:\/\/noticiasribeiraopreto.com.br\/index.php\/category\/noticias-de-ribeirao-preto-sp-e-regiao-ismael-colosi\/"},"img":{"alt_text":"","src":"https:\/\/i0.wp.com\/noticiasribeiraopreto.com.br\/wp-content\/uploads\/2025\/07\/tempo-em-ribeirao-preto-3_2025-07-26_12-22-26.webp.webp?fit=1200%2C900&ssl=1&resize=350%2C200","width":350,"height":200,"srcset":"https:\/\/i0.wp.com\/noticiasribeiraopreto.com.br\/wp-content\/uploads\/2025\/07\/tempo-em-ribeirao-preto-3_2025-07-26_12-22-26.webp.webp?fit=1200%2C900&ssl=1&resize=350%2C200 1x, https:\/\/i0.wp.com\/noticiasribeiraopreto.com.br\/wp-content\/uploads\/2025\/07\/tempo-em-ribeirao-preto-3_2025-07-26_12-22-26.webp.webp?fit=1200%2C900&ssl=1&resize=525%2C300 1.5x, https:\/\/i0.wp.com\/noticiasribeiraopreto.com.br\/wp-content\/uploads\/2025\/07\/tempo-em-ribeirao-preto-3_2025-07-26_12-22-26.webp.webp?fit=1200%2C900&ssl=1&resize=700%2C400 2x, https:\/\/i0.wp.com\/noticiasribeiraopreto.com.br\/wp-content\/uploads\/2025\/07\/tempo-em-ribeirao-preto-3_2025-07-26_12-22-26.webp.webp?fit=1200%2C900&ssl=1&resize=1050%2C600 3x"},"classes":[]}],"jetpack_sharing_enabled":true,"jetpack_shortlink":"https:\/\/wp.me\/peQAOb-ihe","_links":{"self":[{"href":"https:\/\/noticiasribeiraopreto.com.br\/index.php\/wp-json\/wp\/v2\/posts\/70260","targetHints":{"allow":["GET"]}}],"collection":[{"href":"https:\/\/noticiasribeiraopreto.com.br\/index.php\/wp-json\/wp\/v2\/posts"}],"about":[{"href":"https:\/\/noticiasribeiraopreto.com.br\/index.php\/wp-json\/wp\/v2\/types\/post"}],"author":[{"embeddable":true,"href":"https:\/\/noticiasribeiraopreto.com.br\/index.php\/wp-json\/wp\/v2\/users\/1"}],"replies":[{"embeddable":true,"href":"https:\/\/noticiasribeiraopreto.com.br\/index.php\/wp-json\/wp\/v2\/comments?post=70260"}],"version-history":[{"count":0,"href":"https:\/\/noticiasribeiraopreto.com.br\/index.php\/wp-json\/wp\/v2\/posts\/70260\/revisions"}],"wp:featuredmedia":[{"embeddable":true,"href":"https:\/\/noticiasribeiraopreto.com.br\/index.php\/wp-json\/wp\/v2\/media\/70261"}],"wp:attachment":[{"href":"https:\/\/noticiasribeiraopreto.com.br\/index.php\/wp-json\/wp\/v2\/media?parent=70260"}],"wp:term":[{"taxonomy":"category","embeddable":true,"href":"https:\/\/noticiasribeiraopreto.com.br\/index.php\/wp-json\/wp\/v2\/categories?post=70260"},{"taxonomy":"post_tag","embeddable":true,"href":"https:\/\/noticiasribeiraopreto.com.br\/index.php\/wp-json\/wp\/v2\/tags?post=70260"}],"curies":[{"name":"wp","href":"https:\/\/api.w.org\/{rel}","templated":true}]}}