{"id":70262,"date":"2025-05-24T10:35:18","date_gmt":"2025-05-24T13:35:18","guid":{"rendered":"https:\/\/noticiasribeiraopreto.com.br\/index.php\/2025\/05\/24\/tabuleiro-eleitoral-ja-tem-rascunho\/"},"modified":"2025-05-24T10:35:18","modified_gmt":"2025-05-24T13:35:18","slug":"tabuleiro-eleitoral-ja-tem-rascunho","status":"publish","type":"post","link":"https:\/\/noticiasribeiraopreto.com.br\/index.php\/2025\/05\/24\/tabuleiro-eleitoral-ja-tem-rascunho\/","title":{"rendered":"Tabuleiro eleitoral j\u00e1 tem \u2018rascunho\u2019\u00a0"},"content":{"rendered":"<div class='code-block code-block-1' style='margin: 8px 0 8px auto; text-align: right; display: block; clear: both;'>\n<p><a href=\"https:\/\/wa.link\/vpicfd\"><img data-recalc-dims=\"1\" class=\"wp-image-4922\" style=\"aspect-ratio: 2.0253164556962027; width: 561px; height: auto;\" src=\"https:\/\/i0.wp.com\/ismaelcolosi.com.br\/wp-content\/uploads\/2023\/11\/grupo-de-empregos-whatsapp-e-facebook-ismael-colosi-vagas.jpg?ssl=1\" alt=\"\" \/><\/a><\/p>\n<!-- \/wp:image -->\n<\/div>\n<p> <br \/>\n<\/p>\n<div id=\"\">\n<p>\n\t\t\t\t\t\t\t\t\t<span class=\"entry-meta-item penci-posted-on\"><i class=\"fa fa-clock-o\"\/><time class=\"entry-date published\" datetime=\"2025-05-24T10:30:15-03:00\">24 de maio de 2025 10:30<\/time><time class=\"updated\" datetime=\"2025-05-23T22:45:32-03:00\">23 de maio de 2025 22:45<\/time><\/span><span class=\"entry-meta-item penci-post-countview\"><span class=\"entry-meta-item penci-post-countview penci_post-meta_item\"><i class=\"fa fa-eye\"\/><span class=\"penci-post-countview-number penci-post-countview-p426685\">9<\/span><\/span><\/span>\t\t\t\t\t\t\t\t<\/p>\n<p><!-- .entry-meta --><br \/>\n\t\t\t\t\t\t\t\t<span class=\"penci-social-buttons penci-social-share-footer\"><span class=\"penci-social-share-text\">Compartilhar<\/span><a href=\"#\" class=\"penci-post-like penci_post-meta_item  single-like-button penci-social-item like\" data-post_id=\"426685\" title=\"Like\" data-like=\"Like\" data-unlike=\"Unlike\"><i class=\"fa fa-thumbs-o-up\"\/><span class=\"penci-share-number\">0<\/span><\/a><i class=\"fa fa-facebook\"\/><a class=\"penci-social-item twitter\" target=\"_blank\" rel=\"noopener\" title=\"\" href=\"https:\/\/twitter.com\/intent\/tweet?text=Tabuleiro%20eleitoral%20%20j\u00e1%20tem%20\u2018rascunho\u00a0%20-%20https:\/\/www.tribunaribeirao.com.br\/tabuleiro-eleitoral-ja-tem-rascunho\/\"><i class=\"fa fa-twitter\"\/><\/a><i class=\"fa fa-linkedin\"\/><i class=\"fa fa-whatsapp\"\/><i class=\"fa fa-telegram\"\/><i class=\"fa fa-envelope\"\/><\/span>\t\t\t\t\t\t\t<\/div>\n<div>\n<p><span class=\"TextRun SCXW78432974 BCX0\" lang=\"PT-BR\" xml:lang=\"PT-BR\" data-contrast=\"auto\"><span class=\"NormalTextRun SCXW78432974 BCX0\">A filia\u00e7\u00e3o de <\/span><span class=\"NormalTextRun SCXW78432974 BCX0\">Rafael Silva J\u00fanior<\/span><span class=\"NormalTextRun SCXW78432974 BCX0\"> ao Partido Progressista <\/span><span class=\"NormalTextRun SCXW78432974 BCX0\">sinalizou nos meios pol\u00edticos que ele dever\u00e1 ser candidato a deputado estadual pela legenda, nas elei\u00e7\u00f5es do pr\u00f3ximo ano.\u00a0 <\/span><span class=\"NormalTextRun SCXW78432974 BCX0\">I<\/span><span class=\"NormalTextRun SCXW78432974 BCX0\">rm\u00e3o do prefeito de Ribeir\u00e3o Preto, Ricardo Silva (PSD), <\/span><span class=\"NormalTextRun SCXW78432974 BCX0\">ele assinou a ficha de filia\u00e7\u00e3o na <\/span><span class=\"NormalTextRun SCXW78432974 BCX0\">quinta-feira, 22 de maio<\/span><span class=\"NormalTextRun SCXW78432974 BCX0\">.<\/span><\/span><span class=\"LineBreakBlob BlobObject DragDrop SCXW78432974 BCX0\"><span class=\"SCXW78432974 BCX0\">\u00a0<\/span><br class=\"SCXW78432974 BCX0\"\/><\/span><span class=\"LineBreakBlob BlobObject DragDrop SCXW78432974 BCX0\"><span class=\"SCXW78432974 BCX0\">\u00a0<\/span><br class=\"SCXW78432974 BCX0\"\/><\/span><span class=\"TextRun SCXW78432974 BCX0\" lang=\"PT-BR\" xml:lang=\"PT-BR\" data-contrast=\"auto\"><span class=\"NormalTextRun SCXW78432974 BCX0\">Segundo apura\u00e7\u00e3o <\/span><span class=\"NormalTextRun SCXW78432974 BCX0\">do Tribuna<\/span><span class=\"NormalTextRun SCXW78432974 BCX0\">, <\/span><span class=\"NormalTextRun SCXW78432974 BCX0\">existe a possibilidade de Silva Jr. disputar uma vaga na <\/span><span class=\"NormalTextRun SCXW78432974 BCX0\">Assembleia<\/span><span class=\"NormalTextRun SCXW78432974 BCX0\"> Legislativa de S\u00e3o Paulo em 2026, no lugar do pai, <\/span><span class=\"NormalTextRun SCXW78432974 BCX0\">o deputado estadual Rafael Silva (PSD)<\/span><span class=\"NormalTextRun SCXW78432974 BCX0\">, que deve <\/span><span class=\"NormalTextRun SCXW78432974 BCX0\">se aposentar dos cargos eletivos. O deputado est\u00e1 em seu oitavo mandato <\/span><span class=\"NormalTextRun SCXW78432974 BCX0\">na <\/span><span class=\"NormalTextRun SCXW78432974 BCX0\">Alesp<\/span><span class=\"NormalTextRun SCXW78432974 BCX0\">, ap\u00f3s ter sido vereador em Ribeir\u00e3o Preto por dois mandatos, entre 1989 e 1996.<\/span><\/span><span class=\"LineBreakBlob BlobObject DragDrop SCXW78432974 BCX0\"><span class=\"SCXW78432974 BCX0\">\u00a0<\/span><br class=\"SCXW78432974 BCX0\"\/><\/span><span class=\"LineBreakBlob BlobObject DragDrop SCXW78432974 BCX0\"><span class=\"SCXW78432974 BCX0\">\u00a0<\/span><br class=\"SCXW78432974 BCX0\"\/><\/span><span class=\"TextRun SCXW78432974 BCX0\" lang=\"PT-BR\" xml:lang=\"PT-BR\" data-contrast=\"auto\"><span class=\"NormalTextRun SCXW78432974 BCX0\"> O ato de filia\u00e7\u00e3o de Rafael Silva J\u00fanior aconteceu em S\u00e3o Paulo<\/span><span class=\"NormalTextRun SCXW78432974 BCX0\"> (SP)<\/span><span class=\"NormalTextRun SCXW78432974 BCX0\"> e <\/span><span class=\"NormalTextRun SCXW78432974 BCX0\">contou com a <\/span><span class=\"NormalTextRun SCXW78432974 BCX0\">presen\u00e7a do irm\u00e3o, o prefeito Ricardo Silva. J\u00fanior, como \u00e9 conhecido, ingressou na legenda pelas m\u00e3os do <\/span><span class=\"NormalTextRun SCXW78432974 BCX0\">p<\/span><span class=\"NormalTextRun SCXW78432974 BCX0\">residente <\/span><span class=\"NormalTextRun SCXW78432974 BCX0\">e<\/span><span class=\"NormalTextRun SCXW78432974 BCX0\">stadual do PP, o deputado federal Maur\u00edcio Neves. <\/span><\/span><span class=\"LineBreakBlob BlobObject DragDrop SCXW78432974 BCX0\"><span class=\"SCXW78432974 BCX0\">\u00a0<\/span><br class=\"SCXW78432974 BCX0\"\/><\/span><span class=\"LineBreakBlob BlobObject DragDrop SCXW78432974 BCX0\"><span class=\"SCXW78432974 BCX0\">\u00a0<\/span><br class=\"SCXW78432974 BCX0\"\/><\/span><span class=\"TextRun SCXW78432974 BCX0\" lang=\"PT-BR\" xml:lang=\"PT-BR\" data-contrast=\"auto\"><span class=\"NormalTextRun SCXW78432974 BCX0\">Apesar das muitas especula\u00e7\u00f5es pol\u00edticas de que o prefeito Ricardo Silva ir\u00e1 migrar para o PP<\/span><span class=\"NormalTextRun SCXW78432974 BCX0\">, se <\/span><span class=\"NormalTextRun SCXW78432974 BCX0\">mudan\u00e7a <\/span><span class=\"NormalTextRun SCXW78432974 BCX0\">de sigla <\/span><span class=\"NormalTextRun SCXW78432974 BCX0\">n\u00e3o <\/span><span class=\"NormalTextRun SCXW78432974 BCX0\">ocorrer <\/span><span class=\"NormalTextRun SCXW78432974 BCX0\">poder\u00e1 ter como companheiro no <\/span><span class=\"NormalTextRun SCXW78432974 BCX0\">Partido Social Democrata (PSD) <\/span><span class=\"NormalTextRun SCXW78432974 BCX0\">o ex-prefeito Duarte Nogueira, atualmente no <\/span><span class=\"NormalTextRun SCXW78432974 BCX0\">Partido da <\/span><span class=\"NormalTextRun ContextualSpellingAndGrammarErrorV2Themed SCXW78432974 BCX0\">Social Democracia<\/span><span class=\"NormalTextRun SCXW78432974 BCX0\"> Brasileira (<\/span><span class=\"NormalTextRun SCXW78432974 BCX0\">PSDB<\/span><span class=\"NormalTextRun SCXW78432974 BCX0\">),<\/span><span class=\"NormalTextRun SCXW78432974 BCX0\"> em <\/span><span class=\"NormalTextRun SCXW78432974 BCX0\">processo <\/span><span class=\"NormalTextRun SCXW78432974 BCX0\">de fus\u00e3o com o Podemos. <\/span><\/span><span class=\"LineBreakBlob BlobObject DragDrop SCXW78432974 BCX0\"><span class=\"SCXW78432974 BCX0\">\u00a0<\/span><br class=\"SCXW78432974 BCX0\"\/><\/span><span class=\"LineBreakBlob BlobObject DragDrop SCXW78432974 BCX0\"><span class=\"SCXW78432974 BCX0\">\u00a0<\/span><br class=\"SCXW78432974 BCX0\"\/><\/span><span class=\"TextRun SCXW78432974 BCX0\" lang=\"PT-BR\" xml:lang=\"PT-BR\" data-contrast=\"auto\"><span class=\"NormalTextRun SCXW78432974 BCX0\">Na semana passada<\/span><span class=\"NormalTextRun SCXW78432974 BCX0\">,<\/span><span class=\"NormalTextRun SCXW78432974 BCX0\"> Nogueira se reuniu, mais uma vez com a c\u00fapula do partido de Gilberto <\/span><span class=\"NormalTextRun SCXW78432974 BCX0\">Kassab<\/span><span class=\"NormalTextRun SCXW78432974 BCX0\">,<\/span><span class=\"NormalTextRun SCXW78432974 BCX0\"> em S\u00e3o Paulo. As negocia\u00e7\u00f5es estariam em est\u00e1gio final. <\/span><span class=\"NormalTextRun SCXW78432974 BCX0\">O Uni\u00e3o<\/span><span class=\"NormalTextRun SCXW78432974 BCX0\"> Brasil<\/span><span class=\"NormalTextRun SCXW78432974 BCX0\">,<\/span><span class=\"NormalTextRun SCXW78432974 BCX0\"> que recentemente formou uma <\/span><span class=\"NormalTextRun SCXW78432974 BCX0\">f<\/span><span class=\"NormalTextRun SCXW78432974 BCX0\">edera\u00e7\u00e3o com o Progressistas<\/span><span class=\"NormalTextRun SCXW78432974 BCX0\">,<\/span><span class=\"NormalTextRun SCXW78432974 BCX0\"> tamb\u00e9m convidou <\/span><span class=\"NormalTextRun SCXW78432974 BCX0\">o ainda tucano <\/span><span class=\"NormalTextRun SCXW78432974 BCX0\">para ingressar na legenda.<\/span><\/span><span class=\"LineBreakBlob BlobObject DragDrop SCXW78432974 BCX0\"><span class=\"SCXW78432974 BCX0\">\u00a0<\/span><br class=\"SCXW78432974 BCX0\"\/><\/span><span class=\"LineBreakBlob BlobObject DragDrop SCXW78432974 BCX0\"><span class=\"SCXW78432974 BCX0\">\u00a0<\/span><br class=\"SCXW78432974 BCX0\"\/><\/span><span class=\"TextRun SCXW78432974 BCX0\" lang=\"PT-BR\" xml:lang=\"PT-BR\" data-contrast=\"auto\"><span class=\"NormalTextRun SCXW78432974 BCX0\">Nos outros partidos, v\u00e1rios pol\u00edticos de Ribeir\u00e3o Preto tamb\u00e9m se movimentam para tentar ser candidato a deputado, seja estadual ou federal. O ex-vereador Elizeu Rocha (atualmente <\/span><span class=\"NormalTextRun SCXW78432974 BCX0\">no Republicanos<\/span><span class=\"NormalTextRun SCXW78432974 BCX0\">) afirma que concorrer\u00e1 \u00e0 <\/span><span class=\"NormalTextRun SCXW78432974 BCX0\">Assembleia<\/span><span class=\"NormalTextRun SCXW78432974 BCX0\"> Legislativa. <\/span><\/span><span class=\"LineBreakBlob BlobObject DragDrop SCXW78432974 BCX0\"><span class=\"SCXW78432974 BCX0\">\u00a0<\/span><br class=\"SCXW78432974 BCX0\"\/><\/span><span class=\"LineBreakBlob BlobObject DragDrop SCXW78432974 BCX0\"><span class=\"SCXW78432974 BCX0\">\u00a0<\/span><br class=\"SCXW78432974 BCX0\"\/><\/span><span class=\"TextRun SCXW78432974 BCX0\" lang=\"PT-BR\" xml:lang=\"PT-BR\" data-contrast=\"auto\"><span class=\"NormalTextRun SCXW78432974 BCX0\">J\u00e1 o ex-vereador Andr\u00e9 Trindade, atual coordenador regional <\/span><span class=\"NormalTextRun SCXW78432974 BCX0\">do Uni\u00e3o<\/span><span class=\"NormalTextRun SCXW78432974 BCX0\"> Brasil, afirm<\/span><span class=\"NormalTextRun SCXW78432974 BCX0\">a<\/span><span class=\"NormalTextRun SCXW78432974 BCX0\"> que concorrer\u00e1 a deputado, provavelmente estadual. Ele foi candidato a prefeito de Ribeir\u00e3o Preto nas elei\u00e7\u00f5es do ano passado e recebeu 29.115 <\/span><span class=\"NormalTextRun SCXW78432974 BCX0\">votos. Recentemente, o vereador Maur\u00edcio Gasparini, tamb\u00e9m <\/span><span class=\"NormalTextRun SCXW78432974 BCX0\">do Uni\u00e3o<\/span><span class=\"NormalTextRun SCXW78432974 BCX0\"> Brasil, afirmou ao Tribuna que estuda o assunto. <\/span><\/span><span class=\"LineBreakBlob BlobObject DragDrop SCXW78432974 BCX0\"><span class=\"SCXW78432974 BCX0\">\u00a0<\/span><br class=\"SCXW78432974 BCX0\"\/><\/span><span class=\"LineBreakBlob BlobObject DragDrop SCXW78432974 BCX0\"><span class=\"SCXW78432974 BCX0\">\u00a0<\/span><br class=\"SCXW78432974 BCX0\"\/><\/span><span class=\"TextRun SCXW78432974 BCX0\" lang=\"PT-BR\" xml:lang=\"PT-BR\" data-contrast=\"auto\"><span class=\"NormalTextRun SCXW78432974 BCX0\">Em 2022<\/span><span class=\"NormalTextRun SCXW78432974 BCX0\">,<\/span><span class=\"NormalTextRun SCXW78432974 BCX0\"> quando concorreu a deputado estadual recebeu 22.741 votos<\/span><span class=\"NormalTextRun SCXW78432974 BCX0\">. C<\/span><span class=\"NormalTextRun SCXW78432974 BCX0\">erteza mesmo, por enquanto, s\u00e3o as candidaturas para reelei\u00e7\u00e3o dos atuais deputados federais Baleia Rossi (MDB) e Arnaldo Jardim (Cidadania) e do estadual Leo Oliveira (MDB).<\/span><\/span><span class=\"LineBreakBlob BlobObject DragDrop SCXW78432974 BCX0\"><span class=\"SCXW78432974 BCX0\">\u00a0<\/span><br class=\"SCXW78432974 BCX0\"\/><\/span><span class=\"LineBreakBlob BlobObject DragDrop SCXW78432974 BCX0\"><span class=\"SCXW78432974 BCX0\">\u00a0<\/span><br class=\"SCXW78432974 BCX0\"\/><\/span><\/p>\n<\/div>\n<p><script async src=\"\/\/platform.twitter.com\/widgets.js\" charset=\"utf-8\"><\/script><br \/>\n<br \/><br \/>\n<br \/><a href=\"https:\/\/www.tribunaribeirao.com.br\/tabuleiro-eleitoral-ja-tem-rascunho\/\">Source link <\/a><\/p>\n<!-- CONTENT END 1 -->\n","protected":false},"excerpt":{"rendered":"<p>24 de maio de 2025 10:3023 de maio de 2025 22:459 Compartilhar0 A filia\u00e7\u00e3o de Rafael Silva J\u00fanior ao Partido Progressista sinalizou nos meios pol\u00edticos&#8230;<\/p>\n","protected":false},"author":1,"featured_media":70263,"comment_status":"open","ping_status":"open","sticky":false,"template":"","format":"standard","meta":{"advanced_seo_description":"","jetpack_seo_html_title":"","jetpack_seo_noindex":false,"jetpack_post_was_ever_published":false,"_jetpack_newsletter_access":"","_jetpack_dont_email_post_to_subs":false,"_jetpack_newsletter_tier_id":0,"_jetpack_memberships_contains_paywalled_content":false,"_jetpack_memberships_contains_paid_content":false,"footnotes":"","jetpack_publicize_message":"","jetpack_publicize_feature_enabled":true,"jetpack_social_post_already_shared":true,"jetpack_social_options":{"image_generator_settings":{"template":"highway","default_image_id":0,"font":"","enabled":false},"version":2}},"categories":[11],"tags":[],"class_list":["post-70262","post","type-post","status-publish","format-standard","has-post-thumbnail","hentry","category-noticias-de-ribeirao-preto-sp-e-regiao-ismael-colosi"],"jetpack_publicize_connections":[],"jetpack_featured_media_url":"https:\/\/i0.wp.com\/noticiasribeiraopreto.com.br\/wp-content\/uploads\/2025\/05\/politica.jpeg?fit=640%2C360&ssl=1","jetpack-related-posts":[{"id":47341,"url":"https:\/\/noticiasribeiraopreto.com.br\/index.php\/2024\/04\/25\/bolsa-familia-oferece-r-2-mil-em-maio-descubra-se-voce-esta-na-lista\/","url_meta":{"origin":70262,"position":0},"title":"Bolsa Fam\u00edlia oferece R$ 2 Mil em Maio: Descubra se voc\u00ea est\u00e1 na lista","author":"noticiasribeiraopreto.com.br","date":"25 de April de 2024","format":false,"excerpt":"A recente decis\u00e3o de permitir o ac\u00famulo do Bolsa Fam\u00edlia e dos Benef\u00edcios de Pagamento Cont\u00ednuo (BPC) \u00e9 uma not\u00edcia positiva para os benefici\u00e1rios, pois aumenta a probabilidade de receber mais de 2 mil reais a partir de maio de 2024. O BPC \u00e9 um benef\u00edcio eleg\u00edvel para idosos e\u2026","rel":"","context":"In &quot;Dinheiro e Investimento&quot;","block_context":{"text":"Dinheiro e Investimento","link":"https:\/\/noticiasribeiraopreto.com.br\/index.php\/category\/dinheiro-e-investimento-como-fazer-como-ganhar\/"},"img":{"alt_text":"","src":"https:\/\/i0.wp.com\/noticiasribeiraopreto.com.br\/wp-content\/uploads\/2024\/04\/Design-sem-nome-3.webp.webp?fit=1200%2C630&ssl=1&resize=350%2C200","width":350,"height":200,"srcset":"https:\/\/i0.wp.com\/noticiasribeiraopreto.com.br\/wp-content\/uploads\/2024\/04\/Design-sem-nome-3.webp.webp?fit=1200%2C630&ssl=1&resize=350%2C200 1x, https:\/\/i0.wp.com\/noticiasribeiraopreto.com.br\/wp-content\/uploads\/2024\/04\/Design-sem-nome-3.webp.webp?fit=1200%2C630&ssl=1&resize=525%2C300 1.5x, https:\/\/i0.wp.com\/noticiasribeiraopreto.com.br\/wp-content\/uploads\/2024\/04\/Design-sem-nome-3.webp.webp?fit=1200%2C630&ssl=1&resize=700%2C400 2x, https:\/\/i0.wp.com\/noticiasribeiraopreto.com.br\/wp-content\/uploads\/2024\/04\/Design-sem-nome-3.webp.webp?fit=1200%2C630&ssl=1&resize=1050%2C600 3x"},"classes":[]},{"id":47242,"url":"https:\/\/noticiasribeiraopreto.com.br\/index.php\/2024\/04\/25\/bolsa-familia-governo-divulga-nova-lista-nis-de-contemplados-para-receber-r-800-em-maio-confira-calendario\/","url_meta":{"origin":70262,"position":1},"title":"Bolsa Fam\u00edlia: Governo divulga nova lista NIS de contemplados para receber R$ 800 em MAIO; Confira calend\u00e1rio","author":"noticiasribeiraopreto.com.br","date":"25 de April de 2024","format":false,"excerpt":"O programa Bolsa Fam\u00edlia, que j\u00e1 se tornou parte importante do apoio socioecon\u00f4mico a milhares de fam\u00edlias no Brasil, apresenta novos pagamentos e benef\u00edcios adicionais que ter\u00e3o in\u00edcio no pr\u00f3ximo m\u00eas. Entenda agora como \u00e9 o pagamento e quais s\u00e3o os novos benef\u00edcios para os benefici\u00e1rios. 1. Quando come\u00e7am os\u2026","rel":"","context":"In &quot;Dinheiro e Investimento&quot;","block_context":{"text":"Dinheiro e Investimento","link":"https:\/\/noticiasribeiraopreto.com.br\/index.php\/category\/dinheiro-e-investimento-como-fazer-como-ganhar\/"},"img":{"alt_text":"","src":"https:\/\/i0.wp.com\/noticiasribeiraopreto.com.br\/wp-content\/uploads\/2024\/04\/STARTUP-2.webp.webp?fit=1200%2C630&ssl=1&resize=350%2C200","width":350,"height":200,"srcset":"https:\/\/i0.wp.com\/noticiasribeiraopreto.com.br\/wp-content\/uploads\/2024\/04\/STARTUP-2.webp.webp?fit=1200%2C630&ssl=1&resize=350%2C200 1x, https:\/\/i0.wp.com\/noticiasribeiraopreto.com.br\/wp-content\/uploads\/2024\/04\/STARTUP-2.webp.webp?fit=1200%2C630&ssl=1&resize=525%2C300 1.5x, https:\/\/i0.wp.com\/noticiasribeiraopreto.com.br\/wp-content\/uploads\/2024\/04\/STARTUP-2.webp.webp?fit=1200%2C630&ssl=1&resize=700%2C400 2x, https:\/\/i0.wp.com\/noticiasribeiraopreto.com.br\/wp-content\/uploads\/2024\/04\/STARTUP-2.webp.webp?fit=1200%2C630&ssl=1&resize=1050%2C600 3x"},"classes":[]},{"id":68932,"url":"https:\/\/noticiasribeiraopreto.com.br\/index.php\/2025\/04\/30\/frente-fria-e-queda-da-temperatura-em-maio-veja-previsao-para-o-mes-no-estado-de-sp\/","url_meta":{"origin":70262,"position":2},"title":"Frente fria e queda da temperatura em maio? Veja previs\u00e3o para o m\u00eas no estado de SP","author":"noticiasribeiraopreto.com.br","date":"30 de April de 2025","format":false,"excerpt":"O m\u00eas de maio come\u00e7a nesta quinta-feira (1), feriado do Dia do Trabalho, e a meteorologia divulgou a previs\u00e3o clim\u00e1tica para o per\u00edodo. A Climatempo diz que em maio de 2025 n\u00e3o haver\u00e1 a influ\u00eancia de fen\u00f4menos como El Ni\u00f1o e La Ni\u00f1a, pois ser\u00e1 de neutralidade t\u00e9rmica no Oceano\u2026","rel":"","context":"In &quot;Not\u00edcias de Ribeir\u00e3o Preto-SP e Regi\u00e3o&quot;","block_context":{"text":"Not\u00edcias de Ribeir\u00e3o Preto-SP e Regi\u00e3o","link":"https:\/\/noticiasribeiraopreto.com.br\/index.php\/category\/noticias-de-ribeirao-preto-sp-e-regiao-ismael-colosi\/"},"img":{"alt_text":"","src":"https:\/\/i0.wp.com\/noticiasribeiraopreto.com.br\/wp-content\/uploads\/2025\/04\/ceu_nublado_e_tempo_frio_em_campinas_cxdigo_19_166036-scaled.jpg?fit=1200%2C800&ssl=1&resize=350%2C200","width":350,"height":200,"srcset":"https:\/\/i0.wp.com\/noticiasribeiraopreto.com.br\/wp-content\/uploads\/2025\/04\/ceu_nublado_e_tempo_frio_em_campinas_cxdigo_19_166036-scaled.jpg?fit=1200%2C800&ssl=1&resize=350%2C200 1x, https:\/\/i0.wp.com\/noticiasribeiraopreto.com.br\/wp-content\/uploads\/2025\/04\/ceu_nublado_e_tempo_frio_em_campinas_cxdigo_19_166036-scaled.jpg?fit=1200%2C800&ssl=1&resize=525%2C300 1.5x, https:\/\/i0.wp.com\/noticiasribeiraopreto.com.br\/wp-content\/uploads\/2025\/04\/ceu_nublado_e_tempo_frio_em_campinas_cxdigo_19_166036-scaled.jpg?fit=1200%2C800&ssl=1&resize=700%2C400 2x, https:\/\/i0.wp.com\/noticiasribeiraopreto.com.br\/wp-content\/uploads\/2025\/04\/ceu_nublado_e_tempo_frio_em_campinas_cxdigo_19_166036-scaled.jpg?fit=1200%2C800&ssl=1&resize=1050%2C600 3x"},"classes":[]},{"id":14115,"url":"https:\/\/noticiasribeiraopreto.com.br\/index.php\/2023\/12\/11\/obras-do-corredor-de-onibus-castelo-branco-13-de-maio-estao-em-andamento\/","url_meta":{"origin":70262,"position":3},"title":"Obras do corredor de \u00f4nibus Castelo Branco\/ 13 de Maio est\u00e3o em andamento \u2013 Folha de Ribeir\u00e3o","author":"noticiasribeiraopreto.com.br","date":"11 de December de 2023","format":false,"excerpt":"As obras do corredor de \u00f4nibus das avenidas Castelo Branco\/ 13 de Maio est\u00e3o\u00a0em ritmo acelerado, com mais de 40% do projeto conclu\u00eddo. Com previs\u00e3o para ser entregue em setembro de 2024, os trabalhos est\u00e3o concentrados na reconstru\u00e7\u00e3o do pavimento dos corredores na avenida Le\u00e3o XIII e, nas marginais da\u2026","rel":"","context":"In &quot;Not\u00edcias de Ribeir\u00e3o Preto-SP e Regi\u00e3o&quot;","block_context":{"text":"Not\u00edcias de Ribeir\u00e3o Preto-SP e Regi\u00e3o","link":"https:\/\/noticiasribeiraopreto.com.br\/index.php\/category\/noticias-de-ribeirao-preto-sp-e-regiao-ismael-colosi\/"},"img":{"alt_text":"","src":"https:\/\/i0.wp.com\/noticiasribeiraopreto.com.br\/wp-content\/uploads\/2023\/12\/obras_corredor_castelo_branco_-_foto_guilherme_sircili_5.jpg?fit=1200%2C800&ssl=1&resize=350%2C200","width":350,"height":200,"srcset":"https:\/\/i0.wp.com\/noticiasribeiraopreto.com.br\/wp-content\/uploads\/2023\/12\/obras_corredor_castelo_branco_-_foto_guilherme_sircili_5.jpg?fit=1200%2C800&ssl=1&resize=350%2C200 1x, https:\/\/i0.wp.com\/noticiasribeiraopreto.com.br\/wp-content\/uploads\/2023\/12\/obras_corredor_castelo_branco_-_foto_guilherme_sircili_5.jpg?fit=1200%2C800&ssl=1&resize=525%2C300 1.5x, https:\/\/i0.wp.com\/noticiasribeiraopreto.com.br\/wp-content\/uploads\/2023\/12\/obras_corredor_castelo_branco_-_foto_guilherme_sircili_5.jpg?fit=1200%2C800&ssl=1&resize=700%2C400 2x, https:\/\/i0.wp.com\/noticiasribeiraopreto.com.br\/wp-content\/uploads\/2023\/12\/obras_corredor_castelo_branco_-_foto_guilherme_sircili_5.jpg?fit=1200%2C800&ssl=1&resize=1050%2C600 3x"},"classes":[]},{"id":69907,"url":"https:\/\/noticiasribeiraopreto.com.br\/index.php\/2025\/05\/10\/ribeirao-preto-recebe-projeto-que-leva-palestras-cientificas-aos-bares\/","url_meta":{"origin":70262,"position":4},"title":"Ribeir\u00e3o Preto recebe projeto que leva palestras cient\u00edficas aos bares","author":"noticiasribeiraopreto.com.br","date":"10 de May de 2025","format":false,"excerpt":"Entre os dias 19 a 21 de maio, sempre \u00e0s 19h, cientistas e pesquisadores do projeto Pint Of Science ir\u00e3o se apresentar em quatro bares e cervejarias de Ribeir\u00e3o Preto com palestras e mesas redondas sobre suas descobertas e \u00e1reas de conhecimento. Neste ano, o projeto comemora 10 anos no\u2026","rel":"","context":"In &quot;Not\u00edcias de Ribeir\u00e3o Preto-SP e Regi\u00e3o&quot;","block_context":{"text":"Not\u00edcias de Ribeir\u00e3o Preto-SP e Regi\u00e3o","link":"https:\/\/noticiasribeiraopreto.com.br\/index.php\/category\/noticias-de-ribeirao-preto-sp-e-regiao-ismael-colosi\/"},"img":{"alt_text":"","src":"https:\/\/i0.wp.com\/noticiasribeiraopreto.com.br\/wp-content\/uploads\/2025\/05\/Pint-Of-Science-158-_2025-05-10_14-18-29.webp.webp?fit=1200%2C675&ssl=1&resize=350%2C200","width":350,"height":200,"srcset":"https:\/\/i0.wp.com\/noticiasribeiraopreto.com.br\/wp-content\/uploads\/2025\/05\/Pint-Of-Science-158-_2025-05-10_14-18-29.webp.webp?fit=1200%2C675&ssl=1&resize=350%2C200 1x, https:\/\/i0.wp.com\/noticiasribeiraopreto.com.br\/wp-content\/uploads\/2025\/05\/Pint-Of-Science-158-_2025-05-10_14-18-29.webp.webp?fit=1200%2C675&ssl=1&resize=525%2C300 1.5x, https:\/\/i0.wp.com\/noticiasribeiraopreto.com.br\/wp-content\/uploads\/2025\/05\/Pint-Of-Science-158-_2025-05-10_14-18-29.webp.webp?fit=1200%2C675&ssl=1&resize=700%2C400 2x, https:\/\/i0.wp.com\/noticiasribeiraopreto.com.br\/wp-content\/uploads\/2025\/05\/Pint-Of-Science-158-_2025-05-10_14-18-29.webp.webp?fit=1200%2C675&ssl=1&resize=1050%2C600 3x"},"classes":[]},{"id":70198,"url":"https:\/\/noticiasribeiraopreto.com.br\/index.php\/2025\/05\/23\/inss-devolvera-descontos-indevidos-de-abril-a-partir-de-segunda-feira\/","url_meta":{"origin":70262,"position":5},"title":"INSS devolver\u00e1 descontos indevidos de abril a partir de segunda-feira","author":"noticiasribeiraopreto.com.br","date":"23 de May de 2025","format":false,"excerpt":"23 de maio de 2025 15:551 Compartilhar0 Todos os aposentados e pensionistas do INSS que sofreram algum desconto de mensalidade associativa na folha de pagamentos referente a abril ter\u00e3o os valores devolvidos a partir desta segunda-feira, 26 de maio. Ser\u00e3o reembolsados, ao todo, R$ 292 milh\u00f5es aos benefici\u00e1rios. No fim\u2026","rel":"","context":"In &quot;Not\u00edcias de Ribeir\u00e3o Preto-SP e Regi\u00e3o&quot;","block_context":{"text":"Not\u00edcias de Ribeir\u00e3o Preto-SP e Regi\u00e3o","link":"https:\/\/noticiasribeiraopreto.com.br\/index.php\/category\/noticias-de-ribeirao-preto-sp-e-regiao-ismael-colosi\/"},"img":{"alt_text":"","src":"https:\/\/i0.wp.com\/noticiasribeiraopreto.com.br\/wp-content\/uploads\/2025\/05\/Como-consultar-beneficio-por-incapacidade-INSS.jpg?fit=1200%2C729&ssl=1&resize=350%2C200","width":350,"height":200,"srcset":"https:\/\/i0.wp.com\/noticiasribeiraopreto.com.br\/wp-content\/uploads\/2025\/05\/Como-consultar-beneficio-por-incapacidade-INSS.jpg?fit=1200%2C729&ssl=1&resize=350%2C200 1x, https:\/\/i0.wp.com\/noticiasribeiraopreto.com.br\/wp-content\/uploads\/2025\/05\/Como-consultar-beneficio-por-incapacidade-INSS.jpg?fit=1200%2C729&ssl=1&resize=525%2C300 1.5x, https:\/\/i0.wp.com\/noticiasribeiraopreto.com.br\/wp-content\/uploads\/2025\/05\/Como-consultar-beneficio-por-incapacidade-INSS.jpg?fit=1200%2C729&ssl=1&resize=700%2C400 2x, https:\/\/i0.wp.com\/noticiasribeiraopreto.com.br\/wp-content\/uploads\/2025\/05\/Como-consultar-beneficio-por-incapacidade-INSS.jpg?fit=1200%2C729&ssl=1&resize=1050%2C600 3x"},"classes":[]}],"jetpack_sharing_enabled":true,"jetpack_shortlink":"https:\/\/wp.me\/peQAOb-ihg","_links":{"self":[{"href":"https:\/\/noticiasribeiraopreto.com.br\/index.php\/wp-json\/wp\/v2\/posts\/70262","targetHints":{"allow":["GET"]}}],"collection":[{"href":"https:\/\/noticiasribeiraopreto.com.br\/index.php\/wp-json\/wp\/v2\/posts"}],"about":[{"href":"https:\/\/noticiasribeiraopreto.com.br\/index.php\/wp-json\/wp\/v2\/types\/post"}],"author":[{"embeddable":true,"href":"https:\/\/noticiasribeiraopreto.com.br\/index.php\/wp-json\/wp\/v2\/users\/1"}],"replies":[{"embeddable":true,"href":"https:\/\/noticiasribeiraopreto.com.br\/index.php\/wp-json\/wp\/v2\/comments?post=70262"}],"version-history":[{"count":0,"href":"https:\/\/noticiasribeiraopreto.com.br\/index.php\/wp-json\/wp\/v2\/posts\/70262\/revisions"}],"wp:featuredmedia":[{"embeddable":true,"href":"https:\/\/noticiasribeiraopreto.com.br\/index.php\/wp-json\/wp\/v2\/media\/70263"}],"wp:attachment":[{"href":"https:\/\/noticiasribeiraopreto.com.br\/index.php\/wp-json\/wp\/v2\/media?parent=70262"}],"wp:term":[{"taxonomy":"category","embeddable":true,"href":"https:\/\/noticiasribeiraopreto.com.br\/index.php\/wp-json\/wp\/v2\/categories?post=70262"},{"taxonomy":"post_tag","embeddable":true,"href":"https:\/\/noticiasribeiraopreto.com.br\/index.php\/wp-json\/wp\/v2\/tags?post=70262"}],"curies":[{"name":"wp","href":"https:\/\/api.w.org\/{rel}","templated":true}]}}