{"id":70271,"date":"2025-05-24T13:12:16","date_gmt":"2025-05-24T16:12:16","guid":{"rendered":"https:\/\/noticiasribeiraopreto.com.br\/index.php\/2025\/05\/24\/muitas-surpresas-e-alegrias-pais-publicam-foto-de-pedro-severino-apos-80-dias-no-hospital\/"},"modified":"2025-05-24T13:12:16","modified_gmt":"2025-05-24T16:12:16","slug":"muitas-surpresas-e-alegrias-pais-publicam-foto-de-pedro-severino-apos-80-dias-no-hospital","status":"publish","type":"post","link":"https:\/\/noticiasribeiraopreto.com.br\/index.php\/2025\/05\/24\/muitas-surpresas-e-alegrias-pais-publicam-foto-de-pedro-severino-apos-80-dias-no-hospital\/","title":{"rendered":"\u2018Muitas surpresas e alegrias\u2019: Pais publicam foto de Pedro Severino ap\u00f3s 80 dias no hospital"},"content":{"rendered":"<p> <br \/>\n<\/p>\n<div>\n<p>O ex-jogador <strong>Lucas Severino<\/strong> e esposa L\u00facia, pais de <strong>Pedro Severino<\/strong>, publicaram neste s\u00e1bado (24) a primeira foto do filho depois do grave acidente na<strong> rodovia Anhanguera<\/strong>, em mar\u00e7o. O jovem est\u00e1 internado no<strong> Hospital Unimed<\/strong>, em <strong>Ribeir\u00e3o Preto<\/strong>, onde apresentou evolu\u00e7\u00e3o expressiva.<\/p>\n<p>Na publica\u00e7\u00e3o, os pais agradeceram o apoio que t\u00eam recebido nos \u00faltimos 80 dias e a equipe do hospital que tem tratado o filho. \u201cDepois de 80 dias, de muita ang\u00fastia, muito choro, por\u00e9m muitas surpresas e muitas alegrias, o Pedro esta vivo e viver\u00e1!\u201d, escreveu.<\/p>\n<p>A fam\u00edlia do jogador ainda disse que tem focado \u201c100%\u201d dos esfor\u00e7os \u201cna sobreviv\u00eancia, recupera\u00e7\u00e3o e reabilita\u00e7\u00e3o do Pedro\u201d. \u201c<mark style=\"background-color:#fcb900\" class=\"has-inline-color has-black-color\">Ali\u00e1s, gratid\u00e3o! N\u00e3o t\u00ednhamos no\u00e7\u00e3o do tanto de pessoas que amam o Pedro e a nossa fam\u00edlia!<\/mark>\u201d, declarou.<\/p>\n<h2 class=\"wp-block-heading\"><strong>Processo de recupera\u00e7\u00e3o<\/strong><\/h2>\n<p>Lucas e L\u00facia ainda escreveram que o filho segue no processo de recupera\u00e7\u00e3o. \u201cAinda confuso, mas aos poucos recuperando a consci\u00eancia, necessitando de cuidados di\u00e1rios para que o processo,que \u00e9 lento e minucioso , continue tendo o mesmo sucesso!\u201d, disse.<\/p>\n<h2 class=\"wp-block-heading\"><strong>Apari\u00e7\u00e3o<\/strong><\/h2>\n<p>Na \u00faltima quarta-feira (21), Pedro Severino fez a primeira apari\u00e7\u00e3o na janela do hospital durante interna\u00e7\u00e3o. Ele acenou para um grupo de pessoas que seguia em vig\u00edlia em frente ao centro de sa\u00fade.<\/p>\n<p>Ontem, o Hospital Unimed publicou um comunicado atualizando o estado de sa\u00fade do jovem. A institui\u00e7\u00e3o informou que Pedro Severino tem quadro de sa\u00fade est\u00e1vel, que respira sem a ajuda de aparelhos e realiza exerc\u00edcios motores di\u00e1rios.<\/p>\n<blockquote class=\"instagram-media\" data-instgrm-captioned=\"\" data-instgrm-permalink=\"https:\/\/www.instagram.com\/p\/DKCURE8tWgI\/?utm_source=ig_embed&amp;utm_campaign=loading\" data-instgrm-version=\"14\" style=\"background:#FFF;border:0;border-radius:3px;margin: 1px;max-width:540px;min-width:326px;padding:0;width:99.375%;width:-webkit-calc(100% - 2px);width:calc(100% - 2px)\"\/>\n<p>SAIBA MAIS<br \/>Gripe avi\u00e1ria pode chegar ao interior de SP? Infectologista explica o cen\u00e1rio<\/p>\n<h2 class=\"wp-block-heading\"><strong>FIQUE ON<\/strong><\/h2>\n<p>Fique ligado em tudo que acontece em Ribeir\u00e3o Preto e regi\u00e3o. Siga os perfis do\u00a0<strong>acidade on<\/strong>\u00a0no<a href=\"https:\/\/www.instagram.com\/acidadeonribeirao\">\u00a0Instagram<\/a>\u00a0e no\u00a0<a href=\"https:\/\/www.facebook.com\/acidadeonribeirao\/\">Facebook<\/a>.<\/p>\n<p>Receba not\u00edcias do<strong>\u00a0acidade on<\/strong>\u00a0no WhatsApp.\u00a0<a href=\"https:\/\/chat.whatsapp.com\/BjKQZ9oJwlz8VVT50NuePq\">Para entrar no grupo, basta clicar aqui.<\/a><\/p>\n<p>Fa\u00e7a uma den\u00fancia ou sugira uma reportagem sobre Ribeir\u00e3o Preto e regi\u00e3o pelo WhatsApp: 16 99117 7802.<\/p>\n<p>VEJA TAMB\u00c9M<br \/>Como consultar a restitui\u00e7\u00e3o do IR 2025?<\/p>\n<p><!-- CONTENT END 1 -->\n<\/div>\n<p><script async src=\"\/\/www.instagram.com\/embed.js\"><\/script><br \/>\n<br \/><br \/>\n<br \/><a href=\"https:\/\/www.acidadeon.com\/ribeiraopreto\/esportes\/muitas-surpresas-e-alegrias-pais-publicam-foto-de-pedro-severino-apos-80-dias-no-hospital\/\">Source link <\/a><\/p>\n","protected":false},"excerpt":{"rendered":"<p>O ex-jogador Lucas Severino e esposa L\u00facia, pais de Pedro Severino, publicaram neste s\u00e1bado (24) a primeira foto do filho depois do grave acidente na&#8230;<\/p>\n","protected":false},"author":1,"featured_media":70272,"comment_status":"open","ping_status":"open","sticky":false,"template":"","format":"standard","meta":{"advanced_seo_description":"","jetpack_seo_html_title":"","jetpack_seo_noindex":false,"jetpack_post_was_ever_published":false,"_jetpack_newsletter_access":"","_jetpack_dont_email_post_to_subs":false,"_jetpack_newsletter_tier_id":0,"_jetpack_memberships_contains_paywalled_content":false,"_jetpack_memberships_contains_paid_content":false,"footnotes":"","jetpack_publicize_message":"","jetpack_publicize_feature_enabled":true,"jetpack_social_post_already_shared":true,"jetpack_social_options":{"image_generator_settings":{"template":"highway","default_image_id":0,"font":"","enabled":false},"version":2}},"categories":[11],"tags":[],"class_list":["post-70271","post","type-post","status-publish","format-standard","has-post-thumbnail","hentry","category-noticias-de-ribeirao-preto-sp-e-regiao-ismael-colosi"],"jetpack_publicize_connections":[],"jetpack_featured_media_url":"https:\/\/i0.wp.com\/noticiasribeiraopreto.com.br\/wp-content\/uploads\/2025\/05\/pedro-severino-hospital_2025-05-24_13-41-31.webp.webp?fit=1200%2C674&ssl=1","jetpack-related-posts":[{"id":70286,"url":"https:\/\/noticiasribeiraopreto.com.br\/index.php\/2025\/05\/24\/lucas-pai-de-pedro-severino-publica-foto-e-mensagem-sobre-recuperacao-do-filho\/","url_meta":{"origin":70271,"position":0},"title":"Lucas, pai de Pedro Severino publica foto e mensagem sobre recupera\u00e7\u00e3o do filho","author":"noticiasribeiraopreto.com.br","date":"24 de May de 2025","format":false,"excerpt":"24 de maio de 2025 14:112 Compartilhar0 O ex-jogador Lucas Severino, pai do atleta Pedro Severino, utilizou as redes sociais neste s\u00e1bado (24) para compartilhar uma foto do filho e publicar uma mensagem emocionante sobre a trajet\u00f3ria de recupera\u00e7\u00e3o do jovem de 19 anos. Pedro foi v\u00edtima de um grave\u2026","rel":"","context":"In &quot;Not\u00edcias de Ribeir\u00e3o Preto-SP e Regi\u00e3o&quot;","block_context":{"text":"Not\u00edcias de Ribeir\u00e3o Preto-SP e Regi\u00e3o","link":"https:\/\/noticiasribeiraopreto.com.br\/index.php\/category\/noticias-de-ribeirao-preto-sp-e-regiao-ismael-colosi\/"},"img":{"alt_text":"","src":"https:\/\/i0.wp.com\/noticiasribeiraopreto.com.br\/wp-content\/uploads\/2025\/05\/pedro-sev_hosp.png?fit=800%2C500&ssl=1&resize=350%2C200","width":350,"height":200,"srcset":"https:\/\/i0.wp.com\/noticiasribeiraopreto.com.br\/wp-content\/uploads\/2025\/05\/pedro-sev_hosp.png?fit=800%2C500&ssl=1&resize=350%2C200 1x, https:\/\/i0.wp.com\/noticiasribeiraopreto.com.br\/wp-content\/uploads\/2025\/05\/pedro-sev_hosp.png?fit=800%2C500&ssl=1&resize=525%2C300 1.5x, https:\/\/i0.wp.com\/noticiasribeiraopreto.com.br\/wp-content\/uploads\/2025\/05\/pedro-sev_hosp.png?fit=800%2C500&ssl=1&resize=700%2C400 2x"},"classes":[]},{"id":71834,"url":"https:\/\/noticiasribeiraopreto.com.br\/index.php\/2025\/06\/10\/pedro-severino-recebe-alta-apos-96-dias-internado-em-ribeirao\/","url_meta":{"origin":70271,"position":1},"title":"Pedro Severino recebe alta ap\u00f3s 96 dias internado em Ribeir\u00e3o","author":"noticiasribeiraopreto.com.br","date":"10 de June de 2025","format":false,"excerpt":"O jogador Pedro Severino recebeu alta hospitalar na manh\u00e3 desta ter\u00e7a-feira (10). De acordo com o Hospital Unimed Ribeir\u00e3o Preto, o jovem ficou internado no local por 96 dias. Durante todo o per\u00edodo, Pedro foi assistido por uma equipe composta por intensivistas liderados pelo m\u00e9dico Dr. Gil Teixeira, al\u00e9m de\u2026","rel":"","context":"In &quot;Not\u00edcias de Ribeir\u00e3o Preto-SP e Regi\u00e3o&quot;","block_context":{"text":"Not\u00edcias de Ribeir\u00e3o Preto-SP e Regi\u00e3o","link":"https:\/\/noticiasribeiraopreto.com.br\/index.php\/category\/noticias-de-ribeirao-preto-sp-e-regiao-ismael-colosi\/"},"img":{"alt_text":"","src":"https:\/\/i0.wp.com\/noticiasribeiraopreto.com.br\/wp-content\/uploads\/2025\/03\/IMG-20250305-WA0006_2025-03-05_13-27-33_jpg_2025-03-05_13-27-33.webp.webp?fit=1200%2C799&ssl=1&resize=350%2C200","width":350,"height":200,"srcset":"https:\/\/i0.wp.com\/noticiasribeiraopreto.com.br\/wp-content\/uploads\/2025\/03\/IMG-20250305-WA0006_2025-03-05_13-27-33_jpg_2025-03-05_13-27-33.webp.webp?fit=1200%2C799&ssl=1&resize=350%2C200 1x, https:\/\/i0.wp.com\/noticiasribeiraopreto.com.br\/wp-content\/uploads\/2025\/03\/IMG-20250305-WA0006_2025-03-05_13-27-33_jpg_2025-03-05_13-27-33.webp.webp?fit=1200%2C799&ssl=1&resize=525%2C300 1.5x, https:\/\/i0.wp.com\/noticiasribeiraopreto.com.br\/wp-content\/uploads\/2025\/03\/IMG-20250305-WA0006_2025-03-05_13-27-33_jpg_2025-03-05_13-27-33.webp.webp?fit=1200%2C799&ssl=1&resize=700%2C400 2x, https:\/\/i0.wp.com\/noticiasribeiraopreto.com.br\/wp-content\/uploads\/2025\/03\/IMG-20250305-WA0006_2025-03-05_13-27-33_jpg_2025-03-05_13-27-33.webp.webp?fit=1200%2C799&ssl=1&resize=1050%2C600 3x"},"classes":[]},{"id":81152,"url":"https:\/\/noticiasribeiraopreto.com.br\/index.php\/2025\/12\/25\/apos-grave-acidente-pedro-severino-vive-natal-de-fe-e-superacao\/","url_meta":{"origin":70271,"position":2},"title":"Ap\u00f3s grave acidente, Pedro Severino vive Natal de f\u00e9 e supera\u00e7\u00e3o","author":"noticiasribeiraopreto.com.br","date":"25 de December de 2025","format":false,"excerpt":"O atleta de 20 anos venceu um quadro grav\u00edssimo de traumatismo craniano e interrompeu protocolos de morte cerebral ap\u00f3s um acidente de carro na Rodovia Anhanguera, em mar\u00e7o deste ano. Apontado como uma promessa do futebol, o atacante Pedro Severino, de 20 anos, comemora o primeiro Natal ao lado da\u2026","rel":"","context":"In &quot;Not\u00edcias de Ribeir\u00e3o Preto-SP e Regi\u00e3o&quot;","block_context":{"text":"Not\u00edcias de Ribeir\u00e3o Preto-SP e Regi\u00e3o","link":"https:\/\/noticiasribeiraopreto.com.br\/index.php\/category\/noticias-de-ribeirao-preto-sp-e-regiao-ismael-colosi\/"},"img":{"alt_text":"","src":"https:\/\/i0.wp.com\/noticiasribeiraopreto.com.br\/wp-content\/uploads\/2025\/12\/foto-1-familia-1-scaled.jpeg?fit=585%2C780&ssl=1&resize=350%2C200","width":350,"height":200,"srcset":"https:\/\/i0.wp.com\/noticiasribeiraopreto.com.br\/wp-content\/uploads\/2025\/12\/foto-1-familia-1-scaled.jpeg?fit=585%2C780&ssl=1&resize=350%2C200 1x, https:\/\/i0.wp.com\/noticiasribeiraopreto.com.br\/wp-content\/uploads\/2025\/12\/foto-1-familia-1-scaled.jpeg?fit=585%2C780&ssl=1&resize=525%2C300 1.5x"},"classes":[]},{"id":70096,"url":"https:\/\/noticiasribeiraopreto.com.br\/index.php\/2025\/05\/22\/jogador-pedro-severino-acena-da-janela-do-hospital-e-tem-quadro-estavel-diz-familia\/","url_meta":{"origin":70271,"position":3},"title":"Jogador Pedro Severino acena da janela do hospital e tem quadro est\u00e1vel, diz fam\u00edlia","author":"noticiasribeiraopreto.com.br","date":"22 de May de 2025","format":false,"excerpt":"O jogador Pedro Severino, que sofreu um acidente no dia 4 de mar\u00e7o, em Americana, no interior de S\u00e3o Paulo, n\u00e3o corre mais risco de morte e segue com quadro est\u00e1vel, em evolu\u00e7\u00e3o. A informa\u00e7\u00e3o foi dada pelo pai do atleta. Nesta quarta-feira (21), Pedro apareceu na janela do hospital\u2026","rel":"","context":"In &quot;Not\u00edcias de Ribeir\u00e3o Preto-SP e Regi\u00e3o&quot;","block_context":{"text":"Not\u00edcias de Ribeir\u00e3o Preto-SP e Regi\u00e3o","link":"https:\/\/noticiasribeiraopreto.com.br\/index.php\/category\/noticias-de-ribeirao-preto-sp-e-regiao-ismael-colosi\/"},"img":{"alt_text":"","src":"https:\/\/i0.wp.com\/noticiasribeiraopreto.com.br\/wp-content\/uploads\/2025\/03\/IMG-20250305-WA0006_2025-03-05_13-27-33_jpg_2025-03-05_13-27-33.webp.webp?fit=1200%2C799&ssl=1&resize=350%2C200","width":350,"height":200,"srcset":"https:\/\/i0.wp.com\/noticiasribeiraopreto.com.br\/wp-content\/uploads\/2025\/03\/IMG-20250305-WA0006_2025-03-05_13-27-33_jpg_2025-03-05_13-27-33.webp.webp?fit=1200%2C799&ssl=1&resize=350%2C200 1x, https:\/\/i0.wp.com\/noticiasribeiraopreto.com.br\/wp-content\/uploads\/2025\/03\/IMG-20250305-WA0006_2025-03-05_13-27-33_jpg_2025-03-05_13-27-33.webp.webp?fit=1200%2C799&ssl=1&resize=525%2C300 1.5x, https:\/\/i0.wp.com\/noticiasribeiraopreto.com.br\/wp-content\/uploads\/2025\/03\/IMG-20250305-WA0006_2025-03-05_13-27-33_jpg_2025-03-05_13-27-33.webp.webp?fit=1200%2C799&ssl=1&resize=700%2C400 2x, https:\/\/i0.wp.com\/noticiasribeiraopreto.com.br\/wp-content\/uploads\/2025\/03\/IMG-20250305-WA0006_2025-03-05_13-27-33_jpg_2025-03-05_13-27-33.webp.webp?fit=1200%2C799&ssl=1&resize=1050%2C600 3x"},"classes":[]},{"id":72026,"url":"https:\/\/noticiasribeiraopreto.com.br\/index.php\/2025\/06\/12\/alegria-diz-jogador-pedro-severino-em-video-ao-deixar-hospital-apos-96-dias\/","url_meta":{"origin":70271,"position":4},"title":"\u2018Alegria\u2019, diz jogador Pedro Severino em v\u00eddeo ao deixar hospital ap\u00f3s 96 dias","author":"noticiasribeiraopreto.com.br","date":"12 de June de 2025","format":false,"excerpt":"Em um v\u00eddeo divulgado nesta quinta-feira (12), logo ap\u00f3s a coletiva de imprensa com a equipe m\u00e9dica que est\u00e1 \u00e0 frente do tratamento do jogador Pedro Severino, o atleta aparece ao lado dos pais, momentos antes de deixar o hospital onde ficou por 96 dias, e diz a palavra \u201calegria\u201d\u2026","rel":"","context":"In &quot;Not\u00edcias de Ribeir\u00e3o Preto-SP e Regi\u00e3o&quot;","block_context":{"text":"Not\u00edcias de Ribeir\u00e3o Preto-SP e Regi\u00e3o","link":"https:\/\/noticiasribeiraopreto.com.br\/index.php\/category\/noticias-de-ribeirao-preto-sp-e-regiao-ismael-colosi\/"},"img":{"alt_text":"","src":"https:\/\/i0.wp.com\/noticiasribeiraopreto.com.br\/wp-content\/uploads\/2025\/06\/PEDRO-SEVERINO_2025-06-12_15-06-42.webp.webp?fit=1200%2C761&ssl=1&resize=350%2C200","width":350,"height":200,"srcset":"https:\/\/i0.wp.com\/noticiasribeiraopreto.com.br\/wp-content\/uploads\/2025\/06\/PEDRO-SEVERINO_2025-06-12_15-06-42.webp.webp?fit=1200%2C761&ssl=1&resize=350%2C200 1x, https:\/\/i0.wp.com\/noticiasribeiraopreto.com.br\/wp-content\/uploads\/2025\/06\/PEDRO-SEVERINO_2025-06-12_15-06-42.webp.webp?fit=1200%2C761&ssl=1&resize=525%2C300 1.5x, https:\/\/i0.wp.com\/noticiasribeiraopreto.com.br\/wp-content\/uploads\/2025\/06\/PEDRO-SEVERINO_2025-06-12_15-06-42.webp.webp?fit=1200%2C761&ssl=1&resize=700%2C400 2x, https:\/\/i0.wp.com\/noticiasribeiraopreto.com.br\/wp-content\/uploads\/2025\/06\/PEDRO-SEVERINO_2025-06-12_15-06-42.webp.webp?fit=1200%2C761&ssl=1&resize=1050%2C600 3x"},"classes":[]},{"id":72024,"url":"https:\/\/noticiasribeiraopreto.com.br\/index.php\/2025\/06\/12\/video-veja-o-momento-em-que-o-jogador-pedro-severino-deixa-hospital-sob-aplausos\/","url_meta":{"origin":70271,"position":5},"title":"V\u00eddeo: Veja o momento em que o jogador Pedro Severino deixa hospital sob aplausos","author":"noticiasribeiraopreto.com.br","date":"12 de June de 2025","format":false,"excerpt":"O jogador Pedro Severino deixou o hospital sob aplausos na \u00faltima ter\u00e7a-feira (10), depois de sofrer um grave acidente de carro e permanecer internado por 96 dias na Unimed Ribeir\u00e3o Preto. O v\u00eddeo foi divulgado nesta quinta-feira (12), data em que a equipe m\u00e9dica que est\u00e1 \u00e0 frente do tratamento\u2026","rel":"","context":"In &quot;Not\u00edcias de Ribeir\u00e3o Preto-SP e Regi\u00e3o&quot;","block_context":{"text":"Not\u00edcias de Ribeir\u00e3o Preto-SP e Regi\u00e3o","link":"https:\/\/noticiasribeiraopreto.com.br\/index.php\/category\/noticias-de-ribeirao-preto-sp-e-regiao-ismael-colosi\/"},"img":{"alt_text":"","src":"https:\/\/i0.wp.com\/noticiasribeiraopreto.com.br\/wp-content\/uploads\/2025\/06\/WhatsApp-Image-2025-06-12-at-13.06.09_2025-06-12_16-06-44.webp.webp?fit=1200%2C1036&ssl=1&resize=350%2C200","width":350,"height":200,"srcset":"https:\/\/i0.wp.com\/noticiasribeiraopreto.com.br\/wp-content\/uploads\/2025\/06\/WhatsApp-Image-2025-06-12-at-13.06.09_2025-06-12_16-06-44.webp.webp?fit=1200%2C1036&ssl=1&resize=350%2C200 1x, https:\/\/i0.wp.com\/noticiasribeiraopreto.com.br\/wp-content\/uploads\/2025\/06\/WhatsApp-Image-2025-06-12-at-13.06.09_2025-06-12_16-06-44.webp.webp?fit=1200%2C1036&ssl=1&resize=525%2C300 1.5x, https:\/\/i0.wp.com\/noticiasribeiraopreto.com.br\/wp-content\/uploads\/2025\/06\/WhatsApp-Image-2025-06-12-at-13.06.09_2025-06-12_16-06-44.webp.webp?fit=1200%2C1036&ssl=1&resize=700%2C400 2x, https:\/\/i0.wp.com\/noticiasribeiraopreto.com.br\/wp-content\/uploads\/2025\/06\/WhatsApp-Image-2025-06-12-at-13.06.09_2025-06-12_16-06-44.webp.webp?fit=1200%2C1036&ssl=1&resize=1050%2C600 3x"},"classes":[]}],"jetpack_sharing_enabled":true,"jetpack_shortlink":"https:\/\/wp.me\/peQAOb-ihp","_links":{"self":[{"href":"https:\/\/noticiasribeiraopreto.com.br\/index.php\/wp-json\/wp\/v2\/posts\/70271","targetHints":{"allow":["GET"]}}],"collection":[{"href":"https:\/\/noticiasribeiraopreto.com.br\/index.php\/wp-json\/wp\/v2\/posts"}],"about":[{"href":"https:\/\/noticiasribeiraopreto.com.br\/index.php\/wp-json\/wp\/v2\/types\/post"}],"author":[{"embeddable":true,"href":"https:\/\/noticiasribeiraopreto.com.br\/index.php\/wp-json\/wp\/v2\/users\/1"}],"replies":[{"embeddable":true,"href":"https:\/\/noticiasribeiraopreto.com.br\/index.php\/wp-json\/wp\/v2\/comments?post=70271"}],"version-history":[{"count":0,"href":"https:\/\/noticiasribeiraopreto.com.br\/index.php\/wp-json\/wp\/v2\/posts\/70271\/revisions"}],"wp:featuredmedia":[{"embeddable":true,"href":"https:\/\/noticiasribeiraopreto.com.br\/index.php\/wp-json\/wp\/v2\/media\/70272"}],"wp:attachment":[{"href":"https:\/\/noticiasribeiraopreto.com.br\/index.php\/wp-json\/wp\/v2\/media?parent=70271"}],"wp:term":[{"taxonomy":"category","embeddable":true,"href":"https:\/\/noticiasribeiraopreto.com.br\/index.php\/wp-json\/wp\/v2\/categories?post=70271"},{"taxonomy":"post_tag","embeddable":true,"href":"https:\/\/noticiasribeiraopreto.com.br\/index.php\/wp-json\/wp\/v2\/tags?post=70271"}],"curies":[{"name":"wp","href":"https:\/\/api.w.org\/{rel}","templated":true}]}}