{"id":70276,"date":"2025-05-24T13:22:02","date_gmt":"2025-05-24T16:22:02","guid":{"rendered":"https:\/\/noticiasribeiraopreto.com.br\/index.php\/2025\/05\/24\/musica-teatro-e-circo-veja-programacao-de-feira-do-livro-na-regiao-de-ribeirao\/"},"modified":"2025-05-24T13:22:02","modified_gmt":"2025-05-24T16:22:02","slug":"musica-teatro-e-circo-veja-programacao-de-feira-do-livro-na-regiao-de-ribeirao","status":"publish","type":"post","link":"https:\/\/noticiasribeiraopreto.com.br\/index.php\/2025\/05\/24\/musica-teatro-e-circo-veja-programacao-de-feira-do-livro-na-regiao-de-ribeirao\/","title":{"rendered":"M\u00fasica, teatro e circo: veja programa\u00e7\u00e3o de Feira do Livro na regi\u00e3o de Ribeir\u00e3o"},"content":{"rendered":"<p> <br \/>\n<\/p>\n<div data-td-block-uid=\"tdi_95\">\n<div class=\"tdb-block-inner td-fix-index\">\n<p>A <strong>Funda\u00e7\u00e3o do Livro e Leitura de Ribeir\u00e3o Preto<\/strong>, em parceria com a <strong>Prefeitura de Monte Alto<\/strong>,<strong> <\/strong>realiza entre os dias <strong>27 a 30 de maio<\/strong> a <strong>4\u00aa Feira do Livro de Monte Alto<\/strong>. O evento acontece no <strong>Centro C\u00edvico e Cultural Dr. Elias Bahdur<\/strong> e conta com <strong>entrada gratuita<\/strong>. A edi\u00e7\u00e3o retorna ap\u00f3s 11 anos em pausa.<\/p>\n<p>O autor homenageado desta edi\u00e7\u00e3o \u00e9 <strong>Luiz Mozzambani Neto<\/strong>, escritor, gestor cultural e um dos fundadores da Associa\u00e7\u00e3o Gest\u00e3o Cultural no Interior Paulista (AGCIP).<\/p>\n<p>A programa\u00e7\u00e3o oferece apresenta\u00e7\u00f5es culturais, conta\u00e7\u00f5es de hist\u00f3rias, shows e atividades formativas. Entre os destaques est\u00e3o o show infantil <strong>Canto Kids<\/strong> e a presen\u00e7a de <strong>Fernando Anitelli<\/strong>, com o show \u201c<strong>Voz e Viol\u00e3o<\/strong>.<\/p>\n<p>A abertura oficial da <strong>4\u00aa Feira do Livro de Monte Alto<\/strong> ser\u00e1 realizada na <strong>quarta-feira (28)<\/strong>, \u00e0s <strong>19h30<\/strong>, na <strong>Concha Ac\u00fastica<\/strong>.<\/p>\n<p>Al\u00e9m das atra\u00e7\u00f5es art\u00edsticas, a feira oferece tamb\u00e9m um <strong>curso permanente<\/strong>, com atividades educativas voltadas \u00e0 ci\u00eancia e a hist\u00f3ria local. As aulas acontecem todos os dias, das <strong>13h \u00e0s 16h<\/strong>, no <strong>Museu de Paleontologia de Monte Alto<\/strong>. <mark style=\"background-color:#fcb900\" class=\"has-inline-color has-black-color\">Veja a programa\u00e7\u00e3o completa abaixo.<\/mark><\/p>\n<h2 class=\"wp-block-heading\"><strong>27 de maio \u2013 ter\u00e7a-feira<\/strong><\/h2>\n<ul class=\"wp-block-list\">\n<li><strong>8h | 13h20 | 14h20 <\/strong>\u2013 Interven\u00e7\u00e3o art\u00edstica: De Lucca Circus Show | Local: Volante<\/li>\n<li><strong>9h | 14h20 <\/strong>\u2013 Sarau: Arte da Palavra, com Kamilla Andrade e Jovem Kata | Local: Anfiteatro<\/li>\n<li><strong>9h30 | 15h20 <\/strong>\u2013 Teatro: Chap\u00e9u de Papel, com G.U.T.E | Local: Concha Ac\u00fastica<\/li>\n<li><strong>19h30 <\/strong>\u2013 Abertura oficial | Local: Concha Ac\u00fastica<\/li>\n<li><strong>20h <\/strong>\u2013 Show infantil: Turma do Mickey, com Correia Produ\u00e7\u00f5es | Local: Concha Ac\u00fastica<\/li>\n<\/ul>\n<h2 class=\"wp-block-heading\"><strong>28 de maio \u2013 quarta-feira<\/strong><\/h2>\n<ul class=\"wp-block-list\">\n<li><strong>8h | 13h20 | 14h20 <\/strong>\u2013 Interven\u00e7\u00e3o art\u00edstica: Cola Shows \u2013 Malabarismo e simpatia em dose dupla | Local: Volante<\/li>\n<li><strong>9h | 14h20 <\/strong>\u2013 Conta\u00e7\u00e3o de hist\u00f3ria: \u201cFlorescer: Dandara e a for\u00e7a de pertencer\u201d, \u201cSaad Plantando Hist\u00f3rias\u201d | Local: Anfiteatro<\/li>\n<li><strong>9h30 | 15h20<\/strong> \u2013 Teatro: Ondas Brincantes, com G.U.T.E | Local: Concha Ac\u00fastica<\/li>\n<li><strong>20h <\/strong>\u2013 Show infantil: Canto Kids | Local: Concha Ac\u00fastica<\/li>\n<\/ul>\n<h2 class=\"wp-block-heading\"><strong>29 de maio \u2013 quinta-feira<\/strong><\/h2>\n<ul class=\"wp-block-list\">\n<li><strong>8h | 13h20 | 14h20 <\/strong>\u2013 Interven\u00e7\u00e3o art\u00edstica: La Chiquitas Bacanas, com Grupo Renda de Lenda | Local: Anfiteatro<\/li>\n<li><strong>9h | 14h20 <\/strong>\u2013 Conta\u00e7\u00e3o de hist\u00f3ria: A menina que voou para o mar, com o Grupo Cund\u00ea | Local: Anfiteatro<\/li>\n<li><strong>9h30 | 15h20 <\/strong>\u2013 Estripulias no Circo, com a Cia Suno | Local: Concha Ac\u00fastica<\/li>\n<li><strong>20h <\/strong>\u2013 Show Fernando Anitelli \u2013 Voz e Viol\u00e3o | Local: Concha Ac\u00fastica<\/li>\n<\/ul>\n<h2 class=\"wp-block-heading\"><strong>30 de maio \u2013 sexta-feira<\/strong><\/h2>\n<ul class=\"wp-block-list\">\n<li><strong>8h | 13h20<\/strong> \u2013 Interven\u00e7\u00e3o art\u00edstica: Realejo de Poesias, com Passarinho Cantou | Local: Volante<\/li>\n<li><strong>9h <\/strong>\u2013 Sarau Coisas que ouvi na Biblioteca do Fim do Mundo, com Marcello Gugu e DJ Dz | Local: Anfiteatro<\/li>\n<li><strong>9h30 | 14h20 <\/strong>\u2013 Circo Navegantes, com Ru\u00e9 La Companhia | Local: Concha Ac\u00fastica<\/li>\n<li><strong>20h <\/strong>\u2013 Show Infantil: Turma da M\u00f4nica, com Correia Produ\u00e7\u00f5es | Local: Concha Ac\u00fastica<\/li>\n<\/ul>\n<h2 class=\"wp-block-heading\"><strong>Programa\u00e7\u00e3o permanente<\/strong><\/h2>\n<ul class=\"wp-block-list\">\n<li><strong>Curso: Ci\u00eancia e Arte: \u201cComo desenhamos um dinossauro\u201d<br \/><\/strong>Local: Museu de Paleontologia de Monte Alto (Centro C\u00edvico)<br \/>Todos os dias, das 13h \u00e0s 16h<\/li>\n<\/ul>\n<p>SAIBA MAIS<br \/>\u2018Muitas surpresas e alegrias\u2019: Pais publicam foto de Pedro Severino ap\u00f3s 80 dias no hospital<\/p>\n<h4 class=\"wp-block-heading\"><strong>FIQUE ON<\/strong><\/h4>\n<p>Fique ligado em tudo que acontece em Ribeir\u00e3o Preto e regi\u00e3o. Siga os perfis do <strong>acidade on <\/strong>no <a href=\"https:\/\/www.instagram.com\/acidadeonribeirao\" target=\"_blank\" rel=\"noreferrer noopener\">Instagram<\/a> e no <a href=\"https:\/\/www.facebook.com\/acidadeonribeirao\" target=\"_blank\" rel=\"noreferrer noopener\">Facebook<\/a>.<\/p>\n<p>Receba not\u00edcias do <strong>acidade on<\/strong> no WhatsApp. Para entrar no grupo, basta <a href=\"https:\/\/chat.whatsapp.com\/BjKQZ9oJwlz8VVT50NuePq\" target=\"_blank\" rel=\"noreferrer noopener\">clicar aqui<\/a>.<\/p>\n<p>Fa\u00e7a uma den\u00fancia ou sugira uma reportagem sobre Ribeir\u00e3o Preto e regi\u00e3o pelo WhatsApp: 16 99117 7802.<\/p>\n<p>VEJA TAMB\u00c9M<br \/>Quais as diferen\u00e7as entre esses gnomos e duendes?<\/p>\n<p><!-- CONTENT END 1 -->\n<\/div>\n<\/div>\n<p><script async src=\"\/\/www.instagram.com\/embed.js\"><\/script><br \/>\n<br \/><br \/>\n<br \/><a href=\"https:\/\/www.acidadeon.com\/ribeiraopreto\/lazer-e-cultura\/musica-teatro-e-circo-veja-programacao-de-feira-do-livro-na-regiao-de-ribeirao\/\">Source link <\/a><\/p>\n","protected":false},"excerpt":{"rendered":"<p>A Funda\u00e7\u00e3o do Livro e Leitura de Ribeir\u00e3o Preto, em parceria com a Prefeitura de Monte Alto, realiza entre os dias 27 a 30 de&#8230;<\/p>\n","protected":false},"author":1,"featured_media":70277,"comment_status":"open","ping_status":"open","sticky":false,"template":"","format":"standard","meta":{"advanced_seo_description":"","jetpack_seo_html_title":"","jetpack_seo_noindex":false,"jetpack_post_was_ever_published":false,"_jetpack_newsletter_access":"","_jetpack_dont_email_post_to_subs":false,"_jetpack_newsletter_tier_id":0,"_jetpack_memberships_contains_paywalled_content":false,"_jetpack_memberships_contains_paid_content":false,"footnotes":"","jetpack_publicize_message":"","jetpack_publicize_feature_enabled":true,"jetpack_social_post_already_shared":true,"jetpack_social_options":{"image_generator_settings":{"template":"highway","default_image_id":0,"font":"","enabled":false},"version":2}},"categories":[11],"tags":[],"class_list":["post-70276","post","type-post","status-publish","format-standard","has-post-thumbnail","hentry","category-noticias-de-ribeirao-preto-sp-e-regiao-ismael-colosi"],"jetpack_publicize_connections":[],"jetpack_featured_media_url":"https:\/\/i0.wp.com\/noticiasribeiraopreto.com.br\/wp-content\/uploads\/2025\/05\/Copia-de-Copia-de-Copia-de-TAMANHO-EXATO-PARA-FOTOS-NO-SISTEMA-NOVO-69_2025-05-24_14-33-42.webp.webp?fit=1200%2C675&ssl=1","jetpack-related-posts":[{"id":83810,"url":"https:\/\/noticiasribeiraopreto.com.br\/index.php\/2026\/03\/26\/temporada-de-feiras-literarias-comeca-na-regiao-de-ribeirao-preto\/","url_meta":{"origin":70276,"position":0},"title":"Temporada de feiras liter\u00e1rias come\u00e7a na regi\u00e3o de Ribeir\u00e3o Preto","author":"noticiasribeiraopreto.com.br","date":"26 de March de 2026","format":false,"excerpt":"A programa\u00e7\u00e3o regional de feiras liter\u00e1rias da Funda\u00e7\u00e3o do Livro e Leitura de Ribeir\u00e3o Preto come\u00e7a oficialmente em abril. A abertura do calend\u00e1rio acontece com a Feira do Livro de Jardin\u00f3polis (7\u00aa Semana do Livro, Leitura e Biblioteca Dr. Jo\u00e3o Baptista Berardo), entre os dias 8 e 12 de abril.\u2026","rel":"","context":"In &quot;Not\u00edcias de Ribeir\u00e3o Preto-SP e Regi\u00e3o&quot;","block_context":{"text":"Not\u00edcias de Ribeir\u00e3o Preto-SP e Regi\u00e3o","link":"https:\/\/noticiasribeiraopreto.com.br\/index.php\/category\/noticias-de-ribeirao-preto-sp-e-regiao-ismael-colosi\/"},"img":{"alt_text":"","src":"https:\/\/i0.wp.com\/noticiasribeiraopreto.com.br\/wp-content\/uploads\/2026\/03\/Feira-do-Livro-de-Ipua-3_2026-03-26_14-09-11.webp.webp?fit=1200%2C800&ssl=1&resize=350%2C200","width":350,"height":200,"srcset":"https:\/\/i0.wp.com\/noticiasribeiraopreto.com.br\/wp-content\/uploads\/2026\/03\/Feira-do-Livro-de-Ipua-3_2026-03-26_14-09-11.webp.webp?fit=1200%2C800&ssl=1&resize=350%2C200 1x, https:\/\/i0.wp.com\/noticiasribeiraopreto.com.br\/wp-content\/uploads\/2026\/03\/Feira-do-Livro-de-Ipua-3_2026-03-26_14-09-11.webp.webp?fit=1200%2C800&ssl=1&resize=525%2C300 1.5x, https:\/\/i0.wp.com\/noticiasribeiraopreto.com.br\/wp-content\/uploads\/2026\/03\/Feira-do-Livro-de-Ipua-3_2026-03-26_14-09-11.webp.webp?fit=1200%2C800&ssl=1&resize=700%2C400 2x, https:\/\/i0.wp.com\/noticiasribeiraopreto.com.br\/wp-content\/uploads\/2026\/03\/Feira-do-Livro-de-Ipua-3_2026-03-26_14-09-11.webp.webp?fit=1200%2C800&ssl=1&resize=1050%2C600 3x"},"classes":[]},{"id":63066,"url":"https:\/\/noticiasribeiraopreto.com.br\/index.php\/2025\/02\/01\/sarau-lancamento-de-livro-e-cinema-gratuito-veja-programacao-da-fundacao-do-livro-de-ribeirao\/","url_meta":{"origin":70276,"position":1},"title":"Sarau, lan\u00e7amento de livro e cinema gratuito: Veja programa\u00e7\u00e3o da Funda\u00e7\u00e3o do Livro de Ribeir\u00e3o","author":"noticiasribeiraopreto.com.br","date":"1 de February de 2025","format":false,"excerpt":"Neste m\u00eas de fevereiro, a Funda\u00e7\u00e3o do Livro e Leitura de Ribeir\u00e3o Preto conta com uma programa\u00e7\u00e3o cultural gratuita, com atividades como o Sarau dos M\u00e9dicos, lan\u00e7amento do livro de Juliana Judice e cinema com o filme \u201cVeludo Azul\u201d. A sede da Funda\u00e7\u00e3o do Livro e Leitura de Ribeir\u00e3o Preto\u2026","rel":"","context":"In &quot;Not\u00edcias de Ribeir\u00e3o Preto-SP e Regi\u00e3o&quot;","block_context":{"text":"Not\u00edcias de Ribeir\u00e3o Preto-SP e Regi\u00e3o","link":"https:\/\/noticiasribeiraopreto.com.br\/index.php\/category\/noticias-de-ribeirao-preto-sp-e-regiao-ismael-colosi\/"},"img":{"alt_text":"","src":"https:\/\/i0.wp.com\/noticiasribeiraopreto.com.br\/wp-content\/uploads\/2025\/02\/WhatsApp-Image-2025-02-01-at-14.45.38_2025-02-01_17-46-30_jpeg_2025-02-01_17-46-30.webp.webp?fit=1200%2C675&ssl=1&resize=350%2C200","width":350,"height":200,"srcset":"https:\/\/i0.wp.com\/noticiasribeiraopreto.com.br\/wp-content\/uploads\/2025\/02\/WhatsApp-Image-2025-02-01-at-14.45.38_2025-02-01_17-46-30_jpeg_2025-02-01_17-46-30.webp.webp?fit=1200%2C675&ssl=1&resize=350%2C200 1x, https:\/\/i0.wp.com\/noticiasribeiraopreto.com.br\/wp-content\/uploads\/2025\/02\/WhatsApp-Image-2025-02-01-at-14.45.38_2025-02-01_17-46-30_jpeg_2025-02-01_17-46-30.webp.webp?fit=1200%2C675&ssl=1&resize=525%2C300 1.5x, https:\/\/i0.wp.com\/noticiasribeiraopreto.com.br\/wp-content\/uploads\/2025\/02\/WhatsApp-Image-2025-02-01-at-14.45.38_2025-02-01_17-46-30_jpeg_2025-02-01_17-46-30.webp.webp?fit=1200%2C675&ssl=1&resize=700%2C400 2x, https:\/\/i0.wp.com\/noticiasribeiraopreto.com.br\/wp-content\/uploads\/2025\/02\/WhatsApp-Image-2025-02-01-at-14.45.38_2025-02-01_17-46-30_jpeg_2025-02-01_17-46-30.webp.webp?fit=1200%2C675&ssl=1&resize=1050%2C600 3x"},"classes":[]},{"id":42296,"url":"https:\/\/noticiasribeiraopreto.com.br\/index.php\/2024\/03\/13\/artistas-podem-se-cadastrar-para-a-23a-feira-internacional-do-livro\/","url_meta":{"origin":70276,"position":2},"title":"Artistas podem se cadastrar para a 23\u00aa Feira Internacional do Livro","author":"noticiasribeiraopreto.com.br","date":"13 de March de 2024","format":false,"excerpt":"13 de mar\u00e7o de 2024 | 16:37 0A Funda\u00e7\u00e3o do Livro e Leitura, em parceria com a Secretaria da Cultura e Turismo de Ribeir\u00e3o Preto, ir\u00e1 selecionar artistas que tenham interesse em participar da programa\u00e7\u00e3o da 23\u00aa edi\u00e7\u00e3o da FIL \u2013 Feira Internacional do Livro de Ribeir\u00e3o Preto, que acontece\u2026","rel":"","context":"In &quot;Not\u00edcias de Ribeir\u00e3o Preto-SP e Regi\u00e3o&quot;","block_context":{"text":"Not\u00edcias de Ribeir\u00e3o Preto-SP e Regi\u00e3o","link":"https:\/\/noticiasribeiraopreto.com.br\/index.php\/category\/noticias-de-ribeirao-preto-sp-e-regiao-ismael-colosi\/"},"img":{"alt_text":"","src":"https:\/\/i0.wp.com\/noticiasribeiraopreto.com.br\/wp-content\/uploads\/2024\/03\/artistas_se_apresentam_durante_a_22_edicao_da_fil_em_2023_2-scaled.jpg?fit=967%2C645&ssl=1&resize=350%2C200","width":350,"height":200,"srcset":"https:\/\/i0.wp.com\/noticiasribeiraopreto.com.br\/wp-content\/uploads\/2024\/03\/artistas_se_apresentam_durante_a_22_edicao_da_fil_em_2023_2-scaled.jpg?fit=967%2C645&ssl=1&resize=350%2C200 1x, https:\/\/i0.wp.com\/noticiasribeiraopreto.com.br\/wp-content\/uploads\/2024\/03\/artistas_se_apresentam_durante_a_22_edicao_da_fil_em_2023_2-scaled.jpg?fit=967%2C645&ssl=1&resize=525%2C300 1.5x, https:\/\/i0.wp.com\/noticiasribeiraopreto.com.br\/wp-content\/uploads\/2024\/03\/artistas_se_apresentam_durante_a_22_edicao_da_fil_em_2023_2-scaled.jpg?fit=967%2C645&ssl=1&resize=700%2C400 2x"},"classes":[]},{"id":54274,"url":"https:\/\/noticiasribeiraopreto.com.br\/index.php\/2024\/07\/05\/confira-a-programacao-da-feira-internacional-do-livro-de-ribeirao-preto-2024\/","url_meta":{"origin":70276,"position":3},"title":"Confira a programa\u00e7\u00e3o da Feira Internacional do Livro de Ribeir\u00e3o Preto 2024","author":"noticiasribeiraopreto.com.br","date":"5 de July de 2024","format":false,"excerpt":"A 23\u00aa edi\u00e7\u00e3o da FIL (Feira Internacional do Livro de Ribeir\u00e3o Preto) come\u00e7a no pr\u00f3ximo dia 1\u00ba de agosto. O tema central deste ano \u00e9: \u201cCotidianos po\u00e9ticos: Do \u00e9pico de Cam\u00f5es \u00e0s batalhas de rua\u201d. A programa\u00e7\u00e3o completa da feira foi divulgada nesta sexta-feira (5). Nesta edi\u00e7\u00e3o, cinco autores s\u00e3o\u2026","rel":"","context":"In &quot;Not\u00edcias de Ribeir\u00e3o Preto-SP e Regi\u00e3o&quot;","block_context":{"text":"Not\u00edcias de Ribeir\u00e3o Preto-SP e Regi\u00e3o","link":"https:\/\/noticiasribeiraopreto.com.br\/index.php\/category\/noticias-de-ribeirao-preto-sp-e-regiao-ismael-colosi\/"},"img":{"alt_text":"","src":"https:\/\/i0.wp.com\/noticiasribeiraopreto.com.br\/wp-content\/uploads\/2024\/07\/WhatsApp-Image-2024-07-05-at-11.23.19_2024-07-05_15-02-58_jpeg_2024-07-05_15-02-58.webp.webp?fit=1200%2C675&ssl=1&resize=350%2C200","width":350,"height":200,"srcset":"https:\/\/i0.wp.com\/noticiasribeiraopreto.com.br\/wp-content\/uploads\/2024\/07\/WhatsApp-Image-2024-07-05-at-11.23.19_2024-07-05_15-02-58_jpeg_2024-07-05_15-02-58.webp.webp?fit=1200%2C675&ssl=1&resize=350%2C200 1x, https:\/\/i0.wp.com\/noticiasribeiraopreto.com.br\/wp-content\/uploads\/2024\/07\/WhatsApp-Image-2024-07-05-at-11.23.19_2024-07-05_15-02-58_jpeg_2024-07-05_15-02-58.webp.webp?fit=1200%2C675&ssl=1&resize=525%2C300 1.5x, https:\/\/i0.wp.com\/noticiasribeiraopreto.com.br\/wp-content\/uploads\/2024\/07\/WhatsApp-Image-2024-07-05-at-11.23.19_2024-07-05_15-02-58_jpeg_2024-07-05_15-02-58.webp.webp?fit=1200%2C675&ssl=1&resize=700%2C400 2x, https:\/\/i0.wp.com\/noticiasribeiraopreto.com.br\/wp-content\/uploads\/2024\/07\/WhatsApp-Image-2024-07-05-at-11.23.19_2024-07-05_15-02-58_jpeg_2024-07-05_15-02-58.webp.webp?fit=1200%2C675&ssl=1&resize=1050%2C600 3x"},"classes":[]},{"id":63223,"url":"https:\/\/noticiasribeiraopreto.com.br\/index.php\/2025\/02\/06\/saiba-qual-e-o-tema-da-feira-internacional-do-livro-de-ribeirao-preto-de-2025\/","url_meta":{"origin":70276,"position":4},"title":"Saiba qual \u00e9 o tema da Feira Internacional do Livro de Ribeir\u00e3o Preto de 2025","author":"noticiasribeiraopreto.com.br","date":"6 de February de 2025","format":false,"excerpt":"A 24\u00aa FIL \u2013 Feira Internacional do Livro de Ribeir\u00e3o Preto, que vai acontecer de 15 a 24 de agosto, ter\u00e1 como tema central \u2018Futuros Poss\u00edveis: entre linhas e par\u00e1grafos\u2019, inspirado no trabalho do soci\u00f3logo e escritor italiano Domenico de Masi, especialmente sua obra Caminhos da Cultura no Brasil: Um\u2026","rel":"","context":"In &quot;Not\u00edcias de Ribeir\u00e3o Preto-SP e Regi\u00e3o&quot;","block_context":{"text":"Not\u00edcias de Ribeir\u00e3o Preto-SP e Regi\u00e3o","link":"https:\/\/noticiasribeiraopreto.com.br\/index.php\/category\/noticias-de-ribeirao-preto-sp-e-regiao-ismael-colosi\/"},"img":{"alt_text":"","src":"https:\/\/i0.wp.com\/noticiasribeiraopreto.com.br\/wp-content\/uploads\/2025\/02\/Copia-de-Copia-de-Copia-de-TAMANHO-EXATO-PARA-FOTOS-NO-SISTEMA-NOVO-2025-02-06T150906.341_2025-02-06_18-09-43_png_2025-02-06_18-09-43.webp.webp?fit=1200%2C675&ssl=1&resize=350%2C200","width":350,"height":200,"srcset":"https:\/\/i0.wp.com\/noticiasribeiraopreto.com.br\/wp-content\/uploads\/2025\/02\/Copia-de-Copia-de-Copia-de-TAMANHO-EXATO-PARA-FOTOS-NO-SISTEMA-NOVO-2025-02-06T150906.341_2025-02-06_18-09-43_png_2025-02-06_18-09-43.webp.webp?fit=1200%2C675&ssl=1&resize=350%2C200 1x, https:\/\/i0.wp.com\/noticiasribeiraopreto.com.br\/wp-content\/uploads\/2025\/02\/Copia-de-Copia-de-Copia-de-TAMANHO-EXATO-PARA-FOTOS-NO-SISTEMA-NOVO-2025-02-06T150906.341_2025-02-06_18-09-43_png_2025-02-06_18-09-43.webp.webp?fit=1200%2C675&ssl=1&resize=525%2C300 1.5x, https:\/\/i0.wp.com\/noticiasribeiraopreto.com.br\/wp-content\/uploads\/2025\/02\/Copia-de-Copia-de-Copia-de-TAMANHO-EXATO-PARA-FOTOS-NO-SISTEMA-NOVO-2025-02-06T150906.341_2025-02-06_18-09-43_png_2025-02-06_18-09-43.webp.webp?fit=1200%2C675&ssl=1&resize=700%2C400 2x, https:\/\/i0.wp.com\/noticiasribeiraopreto.com.br\/wp-content\/uploads\/2025\/02\/Copia-de-Copia-de-Copia-de-TAMANHO-EXATO-PARA-FOTOS-NO-SISTEMA-NOVO-2025-02-06T150906.341_2025-02-06_18-09-43_png_2025-02-06_18-09-43.webp.webp?fit=1200%2C675&ssl=1&resize=1050%2C600 3x"},"classes":[]},{"id":75804,"url":"https:\/\/noticiasribeiraopreto.com.br\/index.php\/2025\/08\/15\/veja-a-programacao-da-feira-do-livro-de-ribeirao-preto-evento-comeca-nesta-sexta\/","url_meta":{"origin":70276,"position":5},"title":"Veja a programa\u00e7\u00e3o da Feira do Livro de Ribeir\u00e3o Preto; evento come\u00e7a nesta sexta","author":"noticiasribeiraopreto.com.br","date":"15 de August de 2025","format":false,"excerpt":"A 24\u00aa FIL (Feira Internacional do Livro de Ribeir\u00e3o Preto) abre oficialmente nesta sexta-feira (15), \u00e0s 19h30, no Theatro Pedro II. A recep\u00e7\u00e3o fica por conta do Coral Unaerp, seguido por um espet\u00e1culo dirigido por Gracyela Gitirana. Clique aqui\u00a0e veja a programa\u00e7\u00e3o completa. Com o tema \u201cFuturos Poss\u00edveis: entre linhas\u2026","rel":"","context":"In &quot;Not\u00edcias de Ribeir\u00e3o Preto-SP e Regi\u00e3o&quot;","block_context":{"text":"Not\u00edcias de Ribeir\u00e3o Preto-SP e Regi\u00e3o","link":"https:\/\/noticiasribeiraopreto.com.br\/index.php\/category\/noticias-de-ribeirao-preto-sp-e-regiao-ismael-colosi\/"},"img":{"alt_text":"","src":"https:\/\/i0.wp.com\/noticiasribeiraopreto.com.br\/wp-content\/uploads\/2025\/08\/a384ca67-ba2c-458d-b5bc-c1aa1591a44e_2024-08-06_16-06-42_jpg_2024-08-06_16-06-43.webp.webp?fit=990%2C660&ssl=1&resize=350%2C200","width":350,"height":200,"srcset":"https:\/\/i0.wp.com\/noticiasribeiraopreto.com.br\/wp-content\/uploads\/2025\/08\/a384ca67-ba2c-458d-b5bc-c1aa1591a44e_2024-08-06_16-06-42_jpg_2024-08-06_16-06-43.webp.webp?fit=990%2C660&ssl=1&resize=350%2C200 1x, https:\/\/i0.wp.com\/noticiasribeiraopreto.com.br\/wp-content\/uploads\/2025\/08\/a384ca67-ba2c-458d-b5bc-c1aa1591a44e_2024-08-06_16-06-42_jpg_2024-08-06_16-06-43.webp.webp?fit=990%2C660&ssl=1&resize=525%2C300 1.5x, https:\/\/i0.wp.com\/noticiasribeiraopreto.com.br\/wp-content\/uploads\/2025\/08\/a384ca67-ba2c-458d-b5bc-c1aa1591a44e_2024-08-06_16-06-42_jpg_2024-08-06_16-06-43.webp.webp?fit=990%2C660&ssl=1&resize=700%2C400 2x"},"classes":[]}],"jetpack_sharing_enabled":true,"jetpack_shortlink":"https:\/\/wp.me\/peQAOb-ihu","_links":{"self":[{"href":"https:\/\/noticiasribeiraopreto.com.br\/index.php\/wp-json\/wp\/v2\/posts\/70276","targetHints":{"allow":["GET"]}}],"collection":[{"href":"https:\/\/noticiasribeiraopreto.com.br\/index.php\/wp-json\/wp\/v2\/posts"}],"about":[{"href":"https:\/\/noticiasribeiraopreto.com.br\/index.php\/wp-json\/wp\/v2\/types\/post"}],"author":[{"embeddable":true,"href":"https:\/\/noticiasribeiraopreto.com.br\/index.php\/wp-json\/wp\/v2\/users\/1"}],"replies":[{"embeddable":true,"href":"https:\/\/noticiasribeiraopreto.com.br\/index.php\/wp-json\/wp\/v2\/comments?post=70276"}],"version-history":[{"count":0,"href":"https:\/\/noticiasribeiraopreto.com.br\/index.php\/wp-json\/wp\/v2\/posts\/70276\/revisions"}],"wp:featuredmedia":[{"embeddable":true,"href":"https:\/\/noticiasribeiraopreto.com.br\/index.php\/wp-json\/wp\/v2\/media\/70277"}],"wp:attachment":[{"href":"https:\/\/noticiasribeiraopreto.com.br\/index.php\/wp-json\/wp\/v2\/media?parent=70276"}],"wp:term":[{"taxonomy":"category","embeddable":true,"href":"https:\/\/noticiasribeiraopreto.com.br\/index.php\/wp-json\/wp\/v2\/categories?post=70276"},{"taxonomy":"post_tag","embeddable":true,"href":"https:\/\/noticiasribeiraopreto.com.br\/index.php\/wp-json\/wp\/v2\/tags?post=70276"}],"curies":[{"name":"wp","href":"https:\/\/api.w.org\/{rel}","templated":true}]}}