{"id":70278,"date":"2025-05-24T13:28:29","date_gmt":"2025-05-24T16:28:29","guid":{"rendered":"https:\/\/noticiasribeiraopreto.com.br\/index.php\/2025\/05\/24\/caminhonete-e-furtada-na-zona-sul-de-ribeirao-preto\/"},"modified":"2025-05-24T13:28:29","modified_gmt":"2025-05-24T16:28:29","slug":"caminhonete-e-furtada-na-zona-sul-de-ribeirao-preto","status":"publish","type":"post","link":"https:\/\/noticiasribeiraopreto.com.br\/index.php\/2025\/05\/24\/caminhonete-e-furtada-na-zona-sul-de-ribeirao-preto\/","title":{"rendered":"Caminhonete \u00e9 furtada na zona Sul de Ribeir\u00e3o Preto"},"content":{"rendered":"<p> <br \/>\n<\/p>\n<div data-td-block-uid=\"tdi_95\">\n<div class=\"tdb-block-inner td-fix-index\">\n<p>Uma caminhonete<strong> Toyota\/Hilux <\/strong>foi furtada no <strong>Jardim Nova Alian\u00e7a<\/strong>, na zona Sul de <strong>Ribeir\u00e3o Preto<\/strong>. Segundo o <strong>BO (boletim de ocorr\u00eancia)<\/strong>, o crime aconteceu na tarde da \u00faltima sexta-feira (24).<\/p>\n<p>De acordo com o relato, o dono da caminhonete disse que deixou o ve\u00edculo estacionado na rua Marcos Markarian, por volta das 13h30, onde estava fazendo um curso. Quando retornou, \u00e0s 18h, percebeu o furto da caminhonete.<\/p>\n<p>Dentro do ve\u00edculo havia tr\u00eas malas de roupas e documentos pessoas. Ningu\u00e9m foi preso.<\/p>\n<p>O caso foi registrado como furto na <strong>CPJ (Central de Pol\u00edcia Judici\u00e1ria) <\/strong>de Ribeir\u00e3o Preto. A Pol\u00edcia Civil investiga o caso.<\/p>\n<p>SAIBA MAIS<br \/>Gripe avi\u00e1ria pode chegar ao interior de SP? Infectologista explica o cen\u00e1rio<\/p>\n<h2 class=\"wp-block-heading\"><strong>FIQUE ON<\/strong><\/h2>\n<p>Fique ligado em tudo que acontece em Ribeir\u00e3o Preto e regi\u00e3o. Siga os perfis do\u00a0<strong>acidade on<\/strong>\u00a0no<a href=\"https:\/\/www.instagram.com\/acidadeonribeirao\">\u00a0Instagram<\/a>\u00a0e no\u00a0<a href=\"https:\/\/www.facebook.com\/acidadeonribeirao\/\">Facebook<\/a>.<\/p>\n<p>Receba not\u00edcias do<strong>\u00a0acidade on<\/strong>\u00a0no WhatsApp.\u00a0<a href=\"https:\/\/chat.whatsapp.com\/BjKQZ9oJwlz8VVT50NuePq\">Para entrar no grupo, basta clicar aqui.<\/a><\/p>\n<p>Fa\u00e7a uma den\u00fancia ou sugira uma reportagem sobre Ribeir\u00e3o Preto e regi\u00e3o pelo WhatsApp: 16 99117 7802.<\/p>\n<p>VEJA TAMB\u00c9M<br \/>Como consultar a restitui\u00e7\u00e3o do IR 2025?<\/p>\n<p><!-- CONTENT END 1 -->\n<\/div>\n<\/div>\n<p><script async src=\"\/\/www.instagram.com\/embed.js\"><\/script><br \/>\n<br \/><br \/>\n<br \/><a href=\"https:\/\/www.acidadeon.com\/ribeiraopreto\/cotidiano\/caminhonete-e-furtada-na-zona-sul-de-ribeirao-preto\/\">Source link <\/a><\/p>\n","protected":false},"excerpt":{"rendered":"<p>Uma caminhonete Toyota\/Hilux foi furtada no Jardim Nova Alian\u00e7a, na zona Sul de Ribeir\u00e3o Preto. Segundo o BO (boletim de ocorr\u00eancia), o crime aconteceu na&#8230;<\/p>\n","protected":false},"author":1,"featured_media":70279,"comment_status":"open","ping_status":"open","sticky":false,"template":"","format":"standard","meta":{"advanced_seo_description":"","jetpack_seo_html_title":"","jetpack_seo_noindex":false,"jetpack_post_was_ever_published":false,"_jetpack_newsletter_access":"","_jetpack_dont_email_post_to_subs":false,"_jetpack_newsletter_tier_id":0,"_jetpack_memberships_contains_paywalled_content":false,"_jetpack_memberships_contains_paid_content":false,"footnotes":"","jetpack_publicize_message":"","jetpack_publicize_feature_enabled":true,"jetpack_social_post_already_shared":true,"jetpack_social_options":{"image_generator_settings":{"template":"highway","default_image_id":0,"font":"","enabled":false},"version":2}},"categories":[11],"tags":[],"class_list":["post-70278","post","type-post","status-publish","format-standard","has-post-thumbnail","hentry","category-noticias-de-ribeirao-preto-sp-e-regiao-ismael-colosi"],"jetpack_publicize_connections":[],"jetpack_featured_media_url":"https:\/\/i0.wp.com\/noticiasribeiraopreto.com.br\/wp-content\/uploads\/2025\/05\/cpj_1024x576_04082020121137.jpg?fit=1024%2C575&ssl=1","jetpack-related-posts":[{"id":55033,"url":"https:\/\/noticiasribeiraopreto.com.br\/index.php\/2024\/07\/28\/homem-e-preso-em-perseguicao-apos-furto-de-caminhonete-na-zona-sul-de-ribeirao\/","url_meta":{"origin":70278,"position":0},"title":"Homem \u00e9 preso em persegui\u00e7\u00e3o ap\u00f3s furto de caminhonete na zona Sul de Ribeir\u00e3o","author":"noticiasribeiraopreto.com.br","date":"28 de July de 2024","format":false,"excerpt":"Um homem de 23 anos foi preso em Dumont, na tarde do \u00faltimo s\u00e1bado (27), depois de uma persegui\u00e7\u00e3o. O criminoso \u00e9 acusado de furtar uma caminhonete no Jardim Bot\u00e2nico, na zona Sul de Ribeir\u00e3o Preto. A caminhonete estava estacionada na rua Wanda Bastos Santiago. O dono do ve\u00edculo estava\u2026","rel":"","context":"In &quot;Not\u00edcias de Ribeir\u00e3o Preto-SP e Regi\u00e3o&quot;","block_context":{"text":"Not\u00edcias de Ribeir\u00e3o Preto-SP e Regi\u00e3o","link":"https:\/\/noticiasribeiraopreto.com.br\/index.php\/category\/noticias-de-ribeirao-preto-sp-e-regiao-ismael-colosi\/"},"img":{"alt_text":"","src":"https:\/\/i0.wp.com\/noticiasribeiraopreto.com.br\/wp-content\/uploads\/2024\/07\/1722174453_acidadeon_logos_Prancheta-1-copia-12_edited.jpg?fit=1199%2C1200&ssl=1&resize=350%2C200","width":350,"height":200,"srcset":"https:\/\/i0.wp.com\/noticiasribeiraopreto.com.br\/wp-content\/uploads\/2024\/07\/1722174453_acidadeon_logos_Prancheta-1-copia-12_edited.jpg?fit=1199%2C1200&ssl=1&resize=350%2C200 1x, https:\/\/i0.wp.com\/noticiasribeiraopreto.com.br\/wp-content\/uploads\/2024\/07\/1722174453_acidadeon_logos_Prancheta-1-copia-12_edited.jpg?fit=1199%2C1200&ssl=1&resize=525%2C300 1.5x, https:\/\/i0.wp.com\/noticiasribeiraopreto.com.br\/wp-content\/uploads\/2024\/07\/1722174453_acidadeon_logos_Prancheta-1-copia-12_edited.jpg?fit=1199%2C1200&ssl=1&resize=700%2C400 2x, https:\/\/i0.wp.com\/noticiasribeiraopreto.com.br\/wp-content\/uploads\/2024\/07\/1722174453_acidadeon_logos_Prancheta-1-copia-12_edited.jpg?fit=1199%2C1200&ssl=1&resize=1050%2C600 3x"},"classes":[]},{"id":64666,"url":"https:\/\/noticiasribeiraopreto.com.br\/index.php\/2025\/03\/11\/apos-perseguicao-homem-e-preso-com-caminhonete-de-luxo-furtada-na-zona-sul-de-ribeirao-preto\/","url_meta":{"origin":70278,"position":1},"title":"Ap\u00f3s persegui\u00e7\u00e3o, homem \u00e9 preso com caminhonete de luxo furtada na zona Sul de Ribeir\u00e3o Preto","author":"noticiasribeiraopreto.com.br","date":"11 de March de 2025","format":false,"excerpt":"Um homem foi preso nesta ter\u00e7a-feira (11) com uma caminhonete que havia sido furtada no \u00faltimo s\u00e1bado (8), no Jardim Bot\u00e2nico, zona Sul de Ribeir\u00e3o Preto. Segundo o boletim de ocorr\u00eancia (BO), houve persegui\u00e7\u00e3o ao ve\u00edculo Toyota\u00a0Hilux branco pelas rodovias Anhanguera (SP-330) e Ant\u00f4nio Machado Sant\u2019Anna. Durante a a\u00e7\u00e3o, a\u2026","rel":"","context":"In &quot;Not\u00edcias de Ribeir\u00e3o Preto-SP e Regi\u00e3o&quot;","block_context":{"text":"Not\u00edcias de Ribeir\u00e3o Preto-SP e Regi\u00e3o","link":"https:\/\/noticiasribeiraopreto.com.br\/index.php\/category\/noticias-de-ribeirao-preto-sp-e-regiao-ismael-colosi\/"},"img":{"alt_text":"","src":"https:\/\/i0.wp.com\/noticiasribeiraopreto.com.br\/wp-content\/uploads\/2025\/03\/CAMINHONETE_2025-03-11_12-07-21_jpg_2025-03-11_12-07-23-scaled.webp.webp?fit=1200%2C761&ssl=1&resize=350%2C200","width":350,"height":200,"srcset":"https:\/\/i0.wp.com\/noticiasribeiraopreto.com.br\/wp-content\/uploads\/2025\/03\/CAMINHONETE_2025-03-11_12-07-21_jpg_2025-03-11_12-07-23-scaled.webp.webp?fit=1200%2C761&ssl=1&resize=350%2C200 1x, https:\/\/i0.wp.com\/noticiasribeiraopreto.com.br\/wp-content\/uploads\/2025\/03\/CAMINHONETE_2025-03-11_12-07-21_jpg_2025-03-11_12-07-23-scaled.webp.webp?fit=1200%2C761&ssl=1&resize=525%2C300 1.5x, https:\/\/i0.wp.com\/noticiasribeiraopreto.com.br\/wp-content\/uploads\/2025\/03\/CAMINHONETE_2025-03-11_12-07-21_jpg_2025-03-11_12-07-23-scaled.webp.webp?fit=1200%2C761&ssl=1&resize=700%2C400 2x, https:\/\/i0.wp.com\/noticiasribeiraopreto.com.br\/wp-content\/uploads\/2025\/03\/CAMINHONETE_2025-03-11_12-07-21_jpg_2025-03-11_12-07-23-scaled.webp.webp?fit=1200%2C761&ssl=1&resize=1050%2C600 3x"},"classes":[]},{"id":69982,"url":"https:\/\/noticiasribeiraopreto.com.br\/index.php\/2025\/05\/21\/caminhonete-de-luxo-furtada-na-zona-sul-de-ribeirao-preto-e-achada-em-canavial\/","url_meta":{"origin":70278,"position":2},"title":"Caminhonete de luxo furtada na zona Sul de Ribeir\u00e3o Preto \u00e9 achada em canavial","author":"noticiasribeiraopreto.com.br","date":"21 de May de 2025","format":false,"excerpt":"A GCM (Guarda Civil Metropolitana) encontrou, nesta quarta-feira (21), uma caminhonete Toyota Hilux furtada na zona Sul de Ribeir\u00e3o Preto. O ve\u00edculo foi achado em meio a um canavial \u00e0s margens da rodovia M\u00e1rio Doneg\u00e1 (SP-291). Assista ao v\u00eddeo abaixo. Segundo a GCM, uma equipe da Patrulha Rural localizou a\u2026","rel":"","context":"In &quot;Not\u00edcias de Ribeir\u00e3o Preto-SP e Regi\u00e3o&quot;","block_context":{"text":"Not\u00edcias de Ribeir\u00e3o Preto-SP e Regi\u00e3o","link":"https:\/\/noticiasribeiraopreto.com.br\/index.php\/category\/noticias-de-ribeirao-preto-sp-e-regiao-ismael-colosi\/"},"img":{"alt_text":"","src":"https:\/\/i0.wp.com\/noticiasribeiraopreto.com.br\/wp-content\/uploads\/2025\/05\/CAMINHONETE_2025-05-21_12-28-41.webp.webp?fit=1200%2C847&ssl=1&resize=350%2C200","width":350,"height":200,"srcset":"https:\/\/i0.wp.com\/noticiasribeiraopreto.com.br\/wp-content\/uploads\/2025\/05\/CAMINHONETE_2025-05-21_12-28-41.webp.webp?fit=1200%2C847&ssl=1&resize=350%2C200 1x, https:\/\/i0.wp.com\/noticiasribeiraopreto.com.br\/wp-content\/uploads\/2025\/05\/CAMINHONETE_2025-05-21_12-28-41.webp.webp?fit=1200%2C847&ssl=1&resize=525%2C300 1.5x, https:\/\/i0.wp.com\/noticiasribeiraopreto.com.br\/wp-content\/uploads\/2025\/05\/CAMINHONETE_2025-05-21_12-28-41.webp.webp?fit=1200%2C847&ssl=1&resize=700%2C400 2x, https:\/\/i0.wp.com\/noticiasribeiraopreto.com.br\/wp-content\/uploads\/2025\/05\/CAMINHONETE_2025-05-21_12-28-41.webp.webp?fit=1200%2C847&ssl=1&resize=1050%2C600 3x"},"classes":[]},{"id":83950,"url":"https:\/\/noticiasribeiraopreto.com.br\/index.php\/2026\/03\/29\/gcm-encontra-caminhonete-furtada-escondida-em-canavial-de-bonfim-paulista\/","url_meta":{"origin":70278,"position":3},"title":"GCM encontra caminhonete furtada escondida em canavial de Bonfim Paulista","author":"noticiasribeiraopreto.com.br","date":"29 de March de 2026","format":false,"excerpt":"Uma caminhonete furtada foi localizada neste domingo (29) pela GCM (Guarda Civil Metropolitana) em meio a um canavial de Bonfim Paulista, distrito na zona Sul de Ribeir\u00e3o Preto. Segundo a Patrulha Rural da GCM, a equipe tomou conhecimento do furto pelo propriet\u00e1rio, que fazia buscas por sua caminhonete Toyota Hilux\u2026","rel":"","context":"In &quot;Not\u00edcias de Ribeir\u00e3o Preto-SP e Regi\u00e3o&quot;","block_context":{"text":"Not\u00edcias de Ribeir\u00e3o Preto-SP e Regi\u00e3o","link":"https:\/\/noticiasribeiraopreto.com.br\/index.php\/category\/noticias-de-ribeirao-preto-sp-e-regiao-ismael-colosi\/"},"img":{"alt_text":"","src":"https:\/\/i0.wp.com\/noticiasribeiraopreto.com.br\/wp-content\/uploads\/2026\/03\/caminhonete_2026-03-29_20-10-30.webp.webp?fit=1200%2C675&ssl=1&resize=350%2C200","width":350,"height":200,"srcset":"https:\/\/i0.wp.com\/noticiasribeiraopreto.com.br\/wp-content\/uploads\/2026\/03\/caminhonete_2026-03-29_20-10-30.webp.webp?fit=1200%2C675&ssl=1&resize=350%2C200 1x, https:\/\/i0.wp.com\/noticiasribeiraopreto.com.br\/wp-content\/uploads\/2026\/03\/caminhonete_2026-03-29_20-10-30.webp.webp?fit=1200%2C675&ssl=1&resize=525%2C300 1.5x, https:\/\/i0.wp.com\/noticiasribeiraopreto.com.br\/wp-content\/uploads\/2026\/03\/caminhonete_2026-03-29_20-10-30.webp.webp?fit=1200%2C675&ssl=1&resize=700%2C400 2x, https:\/\/i0.wp.com\/noticiasribeiraopreto.com.br\/wp-content\/uploads\/2026\/03\/caminhonete_2026-03-29_20-10-30.webp.webp?fit=1200%2C675&ssl=1&resize=1050%2C600 3x"},"classes":[]},{"id":60841,"url":"https:\/\/noticiasribeiraopreto.com.br\/index.php\/2024\/11\/26\/policia-prende-suspeito-de-furtar-caminhonete-na-zona-sul-de-ribeirao\/","url_meta":{"origin":70278,"position":4},"title":"Pol\u00edcia prende suspeito de furtar caminhonete na zona Sul de Ribeir\u00e3o","author":"noticiasribeiraopreto.com.br","date":"26 de November de 2024","format":false,"excerpt":"Um homem foi preso, nesta ter\u00e7a-feira (26), em Ribeir\u00e3o Preto, suspeito de furtar uma caminhonete de luxo no estacionamento de um shopping localizado no bairro Vila do Golfe, na zona Sul da cidade. Segundo a Pol\u00edcia Civil, a caminhonete foi recuperada em um supermercado situado a aproximadamente 1 km do\u2026","rel":"","context":"In &quot;Not\u00edcias de Ribeir\u00e3o Preto-SP e Regi\u00e3o&quot;","block_context":{"text":"Not\u00edcias de Ribeir\u00e3o Preto-SP e Regi\u00e3o","link":"https:\/\/noticiasribeiraopreto.com.br\/index.php\/category\/noticias-de-ribeirao-preto-sp-e-regiao-ismael-colosi\/"},"img":{"alt_text":"","src":"https:\/\/i0.wp.com\/noticiasribeiraopreto.com.br\/wp-content\/uploads\/2024\/11\/Copia-de-Copia-de-Copia-de-TAMANHO-EXATO-PARA-FOTOS-NO-SISTEMA-NOVO-2024-11-26T205348.515_2024-11-26_23-54-30_png_2024-11-26_23-54-30.webp.webp?fit=1200%2C675&ssl=1&resize=350%2C200","width":350,"height":200,"srcset":"https:\/\/i0.wp.com\/noticiasribeiraopreto.com.br\/wp-content\/uploads\/2024\/11\/Copia-de-Copia-de-Copia-de-TAMANHO-EXATO-PARA-FOTOS-NO-SISTEMA-NOVO-2024-11-26T205348.515_2024-11-26_23-54-30_png_2024-11-26_23-54-30.webp.webp?fit=1200%2C675&ssl=1&resize=350%2C200 1x, https:\/\/i0.wp.com\/noticiasribeiraopreto.com.br\/wp-content\/uploads\/2024\/11\/Copia-de-Copia-de-Copia-de-TAMANHO-EXATO-PARA-FOTOS-NO-SISTEMA-NOVO-2024-11-26T205348.515_2024-11-26_23-54-30_png_2024-11-26_23-54-30.webp.webp?fit=1200%2C675&ssl=1&resize=525%2C300 1.5x, https:\/\/i0.wp.com\/noticiasribeiraopreto.com.br\/wp-content\/uploads\/2024\/11\/Copia-de-Copia-de-Copia-de-TAMANHO-EXATO-PARA-FOTOS-NO-SISTEMA-NOVO-2024-11-26T205348.515_2024-11-26_23-54-30_png_2024-11-26_23-54-30.webp.webp?fit=1200%2C675&ssl=1&resize=700%2C400 2x, https:\/\/i0.wp.com\/noticiasribeiraopreto.com.br\/wp-content\/uploads\/2024\/11\/Copia-de-Copia-de-Copia-de-TAMANHO-EXATO-PARA-FOTOS-NO-SISTEMA-NOVO-2024-11-26T205348.515_2024-11-26_23-54-30_png_2024-11-26_23-54-30.webp.webp?fit=1200%2C675&ssl=1&resize=1050%2C600 3x"},"classes":[]},{"id":80141,"url":"https:\/\/noticiasribeiraopreto.com.br\/index.php\/2025\/11\/16\/caminhonete-furtada-na-zona-sul-e-encontrada-em-mata-de-ribeirao-preto\/","url_meta":{"origin":70278,"position":5},"title":"Caminhonete furtada na zona Sul \u00e9 encontrada em mata de Ribeir\u00e3o Preto","author":"noticiasribeiraopreto.com.br","date":"16 de November de 2025","format":false,"excerpt":"A Patrulha Rural da GCM (Guarda Civil Metropolitana) de Ribeir\u00e3o Preto encontrou na tarde deste s\u00e1bado (15) uma caminhonete Toyota SW4. De acordo com a GCM, o ve\u00edculo foi furtado na noite de sexta-feira (14), por volta das 22h, no Jardim Nova Alian\u00e7a, na zona Sul. A caminhonete estava em\u2026","rel":"","context":"In &quot;Not\u00edcias de Ribeir\u00e3o Preto-SP e Regi\u00e3o&quot;","block_context":{"text":"Not\u00edcias de Ribeir\u00e3o Preto-SP e Regi\u00e3o","link":"https:\/\/noticiasribeiraopreto.com.br\/index.php\/category\/noticias-de-ribeirao-preto-sp-e-regiao-ismael-colosi\/"},"img":{"alt_text":"","src":"https:\/\/i0.wp.com\/noticiasribeiraopreto.com.br\/wp-content\/uploads\/2025\/11\/caminhonete-encontrada_2025-11-15_19-53-04.webp.webp?fit=1200%2C788&ssl=1&resize=350%2C200","width":350,"height":200,"srcset":"https:\/\/i0.wp.com\/noticiasribeiraopreto.com.br\/wp-content\/uploads\/2025\/11\/caminhonete-encontrada_2025-11-15_19-53-04.webp.webp?fit=1200%2C788&ssl=1&resize=350%2C200 1x, https:\/\/i0.wp.com\/noticiasribeiraopreto.com.br\/wp-content\/uploads\/2025\/11\/caminhonete-encontrada_2025-11-15_19-53-04.webp.webp?fit=1200%2C788&ssl=1&resize=525%2C300 1.5x, https:\/\/i0.wp.com\/noticiasribeiraopreto.com.br\/wp-content\/uploads\/2025\/11\/caminhonete-encontrada_2025-11-15_19-53-04.webp.webp?fit=1200%2C788&ssl=1&resize=700%2C400 2x, https:\/\/i0.wp.com\/noticiasribeiraopreto.com.br\/wp-content\/uploads\/2025\/11\/caminhonete-encontrada_2025-11-15_19-53-04.webp.webp?fit=1200%2C788&ssl=1&resize=1050%2C600 3x"},"classes":[]}],"jetpack_sharing_enabled":true,"jetpack_shortlink":"https:\/\/wp.me\/peQAOb-ihw","_links":{"self":[{"href":"https:\/\/noticiasribeiraopreto.com.br\/index.php\/wp-json\/wp\/v2\/posts\/70278","targetHints":{"allow":["GET"]}}],"collection":[{"href":"https:\/\/noticiasribeiraopreto.com.br\/index.php\/wp-json\/wp\/v2\/posts"}],"about":[{"href":"https:\/\/noticiasribeiraopreto.com.br\/index.php\/wp-json\/wp\/v2\/types\/post"}],"author":[{"embeddable":true,"href":"https:\/\/noticiasribeiraopreto.com.br\/index.php\/wp-json\/wp\/v2\/users\/1"}],"replies":[{"embeddable":true,"href":"https:\/\/noticiasribeiraopreto.com.br\/index.php\/wp-json\/wp\/v2\/comments?post=70278"}],"version-history":[{"count":0,"href":"https:\/\/noticiasribeiraopreto.com.br\/index.php\/wp-json\/wp\/v2\/posts\/70278\/revisions"}],"wp:featuredmedia":[{"embeddable":true,"href":"https:\/\/noticiasribeiraopreto.com.br\/index.php\/wp-json\/wp\/v2\/media\/70279"}],"wp:attachment":[{"href":"https:\/\/noticiasribeiraopreto.com.br\/index.php\/wp-json\/wp\/v2\/media?parent=70278"}],"wp:term":[{"taxonomy":"category","embeddable":true,"href":"https:\/\/noticiasribeiraopreto.com.br\/index.php\/wp-json\/wp\/v2\/categories?post=70278"},{"taxonomy":"post_tag","embeddable":true,"href":"https:\/\/noticiasribeiraopreto.com.br\/index.php\/wp-json\/wp\/v2\/tags?post=70278"}],"curies":[{"name":"wp","href":"https:\/\/api.w.org\/{rel}","templated":true}]}}