{"id":70286,"date":"2025-05-24T14:11:41","date_gmt":"2025-05-24T17:11:41","guid":{"rendered":"https:\/\/noticiasribeiraopreto.com.br\/index.php\/2025\/05\/24\/lucas-pai-de-pedro-severino-publica-foto-e-mensagem-sobre-recuperacao-do-filho\/"},"modified":"2025-05-24T14:11:41","modified_gmt":"2025-05-24T17:11:41","slug":"lucas-pai-de-pedro-severino-publica-foto-e-mensagem-sobre-recuperacao-do-filho","status":"publish","type":"post","link":"https:\/\/noticiasribeiraopreto.com.br\/index.php\/2025\/05\/24\/lucas-pai-de-pedro-severino-publica-foto-e-mensagem-sobre-recuperacao-do-filho\/","title":{"rendered":"Lucas, pai de Pedro Severino publica foto e mensagem sobre recupera\u00e7\u00e3o do filho"},"content":{"rendered":"<div class='code-block code-block-1' style='margin: 8px 0 8px auto; text-align: right; display: block; clear: both;'>\n<p><a href=\"https:\/\/wa.link\/vpicfd\"><img data-recalc-dims=\"1\" class=\"wp-image-4922\" style=\"aspect-ratio: 2.0253164556962027; width: 561px; height: auto;\" src=\"https:\/\/i0.wp.com\/ismaelcolosi.com.br\/wp-content\/uploads\/2023\/11\/grupo-de-empregos-whatsapp-e-facebook-ismael-colosi-vagas.jpg?ssl=1\" alt=\"\" \/><\/a><\/p>\n<!-- \/wp:image -->\n<\/div>\n<p> <br \/>\n<\/p>\n<div id=\"\">\n<p>\n\t\t\t\t\t\t\t\t\t<span class=\"entry-meta-item penci-posted-on\"><i class=\"fa fa-clock-o\"\/><time class=\"entry-date published updated\" datetime=\"2025-05-24T14:11:12-03:00\">24 de maio de 2025 14:11<\/time><\/span><span class=\"entry-meta-item penci-post-countview\"><span class=\"entry-meta-item penci-post-countview penci_post-meta_item\"><i class=\"fa fa-eye\"\/><span class=\"penci-post-countview-number penci-post-countview-p426755\">2<\/span><\/span><\/span>\t\t\t\t\t\t\t\t<\/p>\n<p><!-- .entry-meta --><br \/>\n\t\t\t\t\t\t\t\t<span class=\"penci-social-buttons penci-social-share-footer\"><span class=\"penci-social-share-text\">Compartilhar<\/span><a href=\"#\" class=\"penci-post-like penci_post-meta_item  single-like-button penci-social-item like\" data-post_id=\"426755\" title=\"Like\" data-like=\"Like\" data-unlike=\"Unlike\"><i class=\"fa fa-thumbs-o-up\"\/><span class=\"penci-share-number\">0<\/span><\/a><i class=\"fa fa-facebook\"\/><a class=\"penci-social-item twitter\" target=\"_blank\" rel=\"noopener\" title=\"\" href=\"https:\/\/twitter.com\/intent\/tweet?text=Lucas,%20pai%20de%20Pedro%20Severino%20publica%20foto%20e%20mensagem%20sobre%20recupera\u00e7\u00e3o%20do%20filho%20-%20https:\/\/www.tribunaribeirao.com.br\/lucas-pai-de-pedro-severino-publica-foto-e-mensagem-sobre-recuperacao-do-filho\/\"><i class=\"fa fa-twitter\"\/><\/a><i class=\"fa fa-linkedin\"\/><i class=\"fa fa-whatsapp\"\/><i class=\"fa fa-telegram\"\/><i class=\"fa fa-envelope\"\/><\/span>\t\t\t\t\t\t\t<\/div>\n<div>\n<p>O ex-jogador Lucas Severino, pai do atleta Pedro Severino, utilizou as redes sociais neste s\u00e1bado (24) para compartilhar uma foto do filho e publicar uma mensagem emocionante sobre a trajet\u00f3ria de recupera\u00e7\u00e3o do jovem de 19 anos. Pedro foi v\u00edtima de um grave acidente de tr\u00e2nsito na madrugada do dia 4 de mar\u00e7o, na Rodovia Anhanguera (SP-330), em Americana (SP), e segue internado em um hospital de Ribeir\u00e3o Preto, com quadro est\u00e1vel e evolu\u00e7\u00e3o positiva.<\/p>\n<p>Na \u00faltima quarta-feira (21), Pedro apareceu pela primeira vez na janela do hospital, acenando para amigos e familiares que o aguardavam do lado de fora. Segundo informa\u00e7\u00f5es da fam\u00edlia, ele deixou a Unidade de Terapia Intensiva (UTI) no fim de mar\u00e7o e segue internado em um quarto hospitalar, ainda sem previs\u00e3o de alta.<\/p>\n<p>Lucas Severino, que defendeu clubes como Botafogo-SP, Corinthians e tamb\u00e9m a Sele\u00e7\u00e3o Brasileira, agradeceu pelas ora\u00e7\u00f5es e falou sobre os momentos dif\u00edceis vividos desde o acidente at\u00e9 a surpreendente melhora de Pedro, considerado um \u201cmilagre\u201d pelos familiares.<\/p>\n<p>A publica\u00e7\u00e3o teve ampla repercuss\u00e3o entre amigos, atletas e torcedores que acompanham o caso e torcem pela plena recupera\u00e7\u00e3o de Pedro.<\/p>\n<p>A seguir, a mensagem na \u00edntegra:<\/p>\n<p><strong>\u201cOl\u00e1 pessoal!<\/strong><br \/>Antes de Tudo Gl\u00f3ria a Deus, Ele \u00e9 o respons\u00e1vel por todo esse Milagre!<br \/>\u00c9 com muita alegria que novamente viemos falar!<br \/>Depois de 80 dias, de muita ang\u00fastia, muito choro, por\u00e9m muitas surpresas e muitas alegrias, o Pedro est\u00e1 vivo e viver\u00e1!<br \/>Repetimos que n\u00e3o sabemos como agradecer tantas correntes de ora\u00e7\u00e3o e positividade, isso fez a diferen\u00e7a pra nos encorajar! Obrigado\u2764\ufe0f\ud83d\ude4c\ud83c\udffb\ud83d\ude4c\ud83c\udffe<br \/>O fato de n\u00e3o ficarmos falando do caso, \u00e9 que n\u00f3s decidimos focar 100% na sobreviv\u00eancia, recupera\u00e7\u00e3o e reabilita\u00e7\u00e3o do Pedro!<br \/>Atrav\u00e9s dos nossos familiares e amigos mais pr\u00f3ximos, que ali\u00e1s agradeceremos por toda nossa vida, por tanto acolhimento e amor, estivemos cientes de toda como\u00e7\u00e3o, mas n\u00e3o acredit\u00e1vamos que se fic\u00e1ssemos diariamente falando ou postando, seria o diferencial pra termos ainda mais ora\u00e7\u00f5es!<br \/>Ali\u00e1s, gratid\u00e3o! N\u00e3o t\u00ednhamos no\u00e7\u00e3o do tanto de pessoas que amam o Pedro e a nossa fam\u00edlia!\u2764\ufe0f\ud83d\ude4c\ud83c\udffb\ud83d\ude4c\ud83c\udffe<br \/>O Pedro venceu uma primeira etapa surpreendentemente, numa velocidade incr\u00edvel! Por\u00e9m sabemos que ainda falta muito, inclusive aqui dentro do hospital!<br \/>Ele tem movimentos espont\u00e2neos dos membros, com aux\u00edlio dos fisioterapeutas j\u00e1 faz exerc\u00edcios de locomo\u00e7\u00e3o pelo quarto, respira sozinho, se alimenta normalmente, iniciou a comunica\u00e7\u00e3o verbal, mas falta muito pra ele estar totalmente reabilitado! Mas, estar\u00e1!<br \/>Sabemos que Deus fez o milagre e direcionou a estrutura do Hospital Unimed Ribeir\u00e3o.<br \/>Um hospital com M\u00e9dicos competentes e humanos, toda equipe de enfermeiros(as) e t\u00e9cnicos (as) extraordin\u00e1rios(as), fisioterapeutas fant\u00e1sticos tratando o Pedro como um verdadeiro atleta, fonoaudi\u00f3logas incans\u00e1veis, oftalmologista, nutricionista, dentista, TO e toda equipe de funcion\u00e1rios que inclui, diretoria, seguran\u00e7as, recepcionistas, limpeza, alimenta\u00e7\u00e3o, tudo de primeira qualidade, incentivaram o Pedro a n\u00e3o desistir!<br \/>Muito obrigado e parab\u00e9ns Unimed Ribeir\u00e3o \u2764\ufe0f<br \/>O Pedro hoje, ainda est\u00e1 em processo de recupera\u00e7\u00e3o, ainda confuso, mas aos poucos recuperando a consci\u00eancia, necessitando de cuidados di\u00e1rios para que o processo, que \u00e9 lento e minucioso, continue tendo o mesmo sucesso!<br \/>Agradecemos imensamente todos, por tanto carinho e principalmente as ora\u00e7\u00f5es!<br \/><strong>Deus aben\u00e7oe todos<\/strong><strong>\ud83d\ude4c\ud83c\udffe\ud83d\ude4c\ud83c\udffb\ud83d\ude4f\ud83c\udffe\ud83d\ude4f\ud83c\udffb<\/strong>\u201d<\/p>\n<p>\u00a0<\/p>\n<p>\u00a0<\/p>\n<\/div>\n<p><script async src=\"\/\/platform.twitter.com\/widgets.js\" charset=\"utf-8\"><\/script><br \/>\n<br \/><br \/>\n<br \/><a href=\"https:\/\/www.tribunaribeirao.com.br\/lucas-pai-de-pedro-severino-publica-foto-e-mensagem-sobre-recuperacao-do-filho\/\">Source link <\/a><\/p>\n<!-- CONTENT END 1 -->\n","protected":false},"excerpt":{"rendered":"<p>24 de maio de 2025 14:112 Compartilhar0 O ex-jogador Lucas Severino, pai do atleta Pedro Severino, utilizou as redes sociais neste s\u00e1bado (24) para compartilhar&#8230;<\/p>\n","protected":false},"author":1,"featured_media":70287,"comment_status":"open","ping_status":"open","sticky":false,"template":"","format":"standard","meta":{"advanced_seo_description":"","jetpack_seo_html_title":"","jetpack_seo_noindex":false,"jetpack_post_was_ever_published":false,"_jetpack_newsletter_access":"","_jetpack_dont_email_post_to_subs":false,"_jetpack_newsletter_tier_id":0,"_jetpack_memberships_contains_paywalled_content":false,"_jetpack_memberships_contains_paid_content":false,"footnotes":"","jetpack_publicize_message":"","jetpack_publicize_feature_enabled":true,"jetpack_social_post_already_shared":true,"jetpack_social_options":{"image_generator_settings":{"template":"highway","default_image_id":0,"font":"","enabled":false},"version":2}},"categories":[11],"tags":[],"class_list":["post-70286","post","type-post","status-publish","format-standard","has-post-thumbnail","hentry","category-noticias-de-ribeirao-preto-sp-e-regiao-ismael-colosi"],"jetpack_publicize_connections":[],"jetpack_featured_media_url":"https:\/\/i0.wp.com\/noticiasribeiraopreto.com.br\/wp-content\/uploads\/2025\/05\/pedro-sev_hosp.png?fit=800%2C500&ssl=1","jetpack-related-posts":[{"id":16216,"url":"https:\/\/noticiasribeiraopreto.com.br\/index.php\/2023\/12\/15\/urgente-publicado-edital-para-144-vagas-e-cadastros-de-analistas-2\/","url_meta":{"origin":70286,"position":0},"title":"Urgente! Publicado edital para 144 vagas e cadastros de analistas","author":"noticiasribeiraopreto.com.br","date":"15 de December de 2023","format":false,"excerpt":"Foi publicado, no di\u00e1rio oficial da Uni\u00e3o desta sexta-feira, 15 de dezembro, o edital do novo concurso Capes (Coordena\u00e7\u00e3o de Aperfei\u00e7oamento de Pessoal de N\u00edvel Superior). A sele\u00e7\u00e3o j\u00e1 contava com contrato assinado com a banca desde o \u00faltimo dia 1 de dezembro e conta com oferta de 144 vagas,\u2026","rel":"","context":"In &quot;Vagas de Emprego em Ribeir\u00e3o Preto-SP&quot;","block_context":{"text":"Vagas de Emprego em Ribeir\u00e3o Preto-SP","link":"https:\/\/noticiasribeiraopreto.com.br\/index.php\/category\/empregos-classificados-vagas-trabalho\/vagas-de-empregos-em-ribeirao-preto-regiao-brasil\/"},"img":{"alt_text":"cap1","src":"https:\/\/i0.wp.com\/jcconcursos.com.br\/media\/uploads\/cap1.jpg?resize=350%2C200&ssl=1","width":350,"height":200,"srcset":"https:\/\/i0.wp.com\/jcconcursos.com.br\/media\/uploads\/cap1.jpg?resize=350%2C200&ssl=1 1x, https:\/\/i0.wp.com\/jcconcursos.com.br\/media\/uploads\/cap1.jpg?resize=525%2C300&ssl=1 1.5x, https:\/\/i0.wp.com\/jcconcursos.com.br\/media\/uploads\/cap1.jpg?resize=700%2C400&ssl=1 2x"},"classes":[]},{"id":40392,"url":"https:\/\/noticiasribeiraopreto.com.br\/index.php\/2024\/03\/03\/arquivo-recebeu-mais-de-13-mil-pedidos-de-certidoes-de-imigracao\/","url_meta":{"origin":70286,"position":1},"title":"Arquivo recebeu mais de 13 mil pedidos de certid\u00f5es de imigra\u00e7\u00e3o\u00a0","author":"noticiasribeiraopreto.com.br","date":"3 de March de 2024","format":false,"excerpt":"3 de mar\u00e7o de 2024 | 11:002 de mar\u00e7o de 2024 | 11:56 0O Arquivo P\u00fablico do Estado de S\u00e3o Paulo (APESP) recebeu 13.372 requerimentos de certid\u00f5es de imigra\u00e7\u00e3o em 2023. Desse total, quase 60% foram de descendentes italianos em busca de mais informa\u00e7\u00f5es sobre os familiares. Desde 2011, os\u2026","rel":"","context":"In &quot;Not\u00edcias de Ribeir\u00e3o Preto-SP e Regi\u00e3o&quot;","block_context":{"text":"Not\u00edcias de Ribeir\u00e3o Preto-SP e Regi\u00e3o","link":"https:\/\/noticiasribeiraopreto.com.br\/index.php\/category\/noticias-de-ribeirao-preto-sp-e-regiao-ismael-colosi\/"},"img":{"alt_text":"","src":"https:\/\/i0.wp.com\/noticiasribeiraopreto.com.br\/wp-content\/uploads\/2024\/03\/fotoarquivopublicodoestadodesaopaulo-creditoreproducao-scaled.jpg?fit=967%2C645&ssl=1&resize=350%2C200","width":350,"height":200,"srcset":"https:\/\/i0.wp.com\/noticiasribeiraopreto.com.br\/wp-content\/uploads\/2024\/03\/fotoarquivopublicodoestadodesaopaulo-creditoreproducao-scaled.jpg?fit=967%2C645&ssl=1&resize=350%2C200 1x, https:\/\/i0.wp.com\/noticiasribeiraopreto.com.br\/wp-content\/uploads\/2024\/03\/fotoarquivopublicodoestadodesaopaulo-creditoreproducao-scaled.jpg?fit=967%2C645&ssl=1&resize=525%2C300 1.5x, https:\/\/i0.wp.com\/noticiasribeiraopreto.com.br\/wp-content\/uploads\/2024\/03\/fotoarquivopublicodoestadodesaopaulo-creditoreproducao-scaled.jpg?fit=967%2C645&ssl=1&resize=700%2C400 2x"},"classes":[]},{"id":13616,"url":"https:\/\/noticiasribeiraopreto.com.br\/index.php\/2023\/12\/10\/vagas-offshore-para-operador-de-producao-enfermeiro-marinheiro-de-conves-coordenador-de-operacoes-hse-e-coordenador-de-perfuracao-sao-iniciadas-pela-brunel\/","url_meta":{"origin":70286,"position":2},"title":"Vagas offshore para Operador de Produ\u00e7\u00e3o, Enfermeiro, Marinheiro de Conv\u00e9s, Coordenador de Opera\u00e7\u00f5es, HSE e Coordenador de Perfura\u00e7\u00e3o s\u00e3o iniciadas pela Brunel","author":"noticiasribeiraopreto.com.br","date":"10 de December de 2023","format":false,"excerpt":"A Brunel, uma das principais empresas de recrutamento e sele\u00e7\u00e3o no setor de petr\u00f3leo e g\u00e1s, anunciou a abertura de diversas vagas na \u00e1rea offshore no dia 08\/12\/2023, uma oportunidade imperd\u00edvel para profissionais que buscam desafios e desenvolvimento em um setor din\u00e2mico e em constante evolu\u00e7\u00e3o. As vagas dispon\u00edveis s\u00e3o\u2026","rel":"","context":"In &quot;Vagas de Emprego em Ribeir\u00e3o Preto-SP&quot;","block_context":{"text":"Vagas de Emprego em Ribeir\u00e3o Preto-SP","link":"https:\/\/noticiasribeiraopreto.com.br\/index.php\/category\/empregos-classificados-vagas-trabalho\/vagas-de-empregos-em-ribeirao-preto-regiao-brasil\/"},"img":{"alt_text":"","src":"https:\/\/i0.wp.com\/noticiasribeiraopreto.com.br\/wp-content\/uploads\/2023\/12\/banner03-1-830x450.jpg?fit=830%2C450&ssl=1&resize=350%2C200","width":350,"height":200,"srcset":"https:\/\/i0.wp.com\/noticiasribeiraopreto.com.br\/wp-content\/uploads\/2023\/12\/banner03-1-830x450.jpg?fit=830%2C450&ssl=1&resize=350%2C200 1x, https:\/\/i0.wp.com\/noticiasribeiraopreto.com.br\/wp-content\/uploads\/2023\/12\/banner03-1-830x450.jpg?fit=830%2C450&ssl=1&resize=525%2C300 1.5x, https:\/\/i0.wp.com\/noticiasribeiraopreto.com.br\/wp-content\/uploads\/2023\/12\/banner03-1-830x450.jpg?fit=830%2C450&ssl=1&resize=700%2C400 2x"},"classes":[]},{"id":77465,"url":"https:\/\/noticiasribeiraopreto.com.br\/index.php\/2025\/09\/19\/defesa-civil-publica-alerta-para-o-estado-de-sp-veja-regioes-afetadas\/","url_meta":{"origin":70286,"position":3},"title":"Defesa Civil publica alerta para o estado de SP; Veja regi\u00f5es afetadas","author":"noticiasribeiraopreto.com.br","date":"19 de September de 2025","format":false,"excerpt":"A Defesa Civil emitiu alerta para calor, baixa umidade do ar, queimadas e chuvas fortes no estado de S\u00e3o Paulo a partir desta sexta-feira (19). No domingo (21) est\u00e1 prevista a aproxima\u00e7\u00e3o de uma frente fria. Segundo o \u00f3rg\u00e3o, entre esta sexta e domingo a previs\u00e3o \u00e9 de predom\u00ednio de\u2026","rel":"","context":"In &quot;Not\u00edcias de Ribeir\u00e3o Preto-SP e Regi\u00e3o&quot;","block_context":{"text":"Not\u00edcias de Ribeir\u00e3o Preto-SP e Regi\u00e3o","link":"https:\/\/noticiasribeiraopreto.com.br\/index.php\/category\/noticias-de-ribeirao-preto-sp-e-regiao-ismael-colosi\/"},"img":{"alt_text":"","src":"https:\/\/i0.wp.com\/noticiasribeiraopreto.com.br\/wp-content\/uploads\/2025\/07\/WhatsApp-Image-2024-07-13-at-19.42.17_2024-07-13_22-42-51_jpeg_2024-07-13_22-42-51.webp.webp?fit=1200%2C553&ssl=1&resize=350%2C200","width":350,"height":200,"srcset":"https:\/\/i0.wp.com\/noticiasribeiraopreto.com.br\/wp-content\/uploads\/2025\/07\/WhatsApp-Image-2024-07-13-at-19.42.17_2024-07-13_22-42-51_jpeg_2024-07-13_22-42-51.webp.webp?fit=1200%2C553&ssl=1&resize=350%2C200 1x, https:\/\/i0.wp.com\/noticiasribeiraopreto.com.br\/wp-content\/uploads\/2025\/07\/WhatsApp-Image-2024-07-13-at-19.42.17_2024-07-13_22-42-51_jpeg_2024-07-13_22-42-51.webp.webp?fit=1200%2C553&ssl=1&resize=525%2C300 1.5x, https:\/\/i0.wp.com\/noticiasribeiraopreto.com.br\/wp-content\/uploads\/2025\/07\/WhatsApp-Image-2024-07-13-at-19.42.17_2024-07-13_22-42-51_jpeg_2024-07-13_22-42-51.webp.webp?fit=1200%2C553&ssl=1&resize=700%2C400 2x, https:\/\/i0.wp.com\/noticiasribeiraopreto.com.br\/wp-content\/uploads\/2025\/07\/WhatsApp-Image-2024-07-13-at-19.42.17_2024-07-13_22-42-51_jpeg_2024-07-13_22-42-51.webp.webp?fit=1200%2C553&ssl=1&resize=1050%2C600 3x"},"classes":[]},{"id":83670,"url":"https:\/\/noticiasribeiraopreto.com.br\/index.php\/2026\/03\/23\/hotelaria-de-ribeirao-mostra-forca-mas-enfrenta-desafios-de-mao-de-obra-e-acessibilidade\/","url_meta":{"origin":70286,"position":4},"title":"Hotelaria de Ribeir\u00e3o mostra for\u00e7a, mas enfrenta desafios de m\u00e3o de obra e acessibilidade","author":"noticiasribeiraopreto.com.br","date":"23 de March de 2026","format":false,"excerpt":"Pesquisa foi realizada entre os dias 6 e 16 de fevereiro de 2026 e contou com a participa\u00e7\u00e3o de 54 estabelecimentos, de um total de 59 hot\u00e9is ativos na cidade A hotelaria de Ribeir\u00e3o Preto vive um momento de consolida\u00e7\u00e3o e crescimento, mas ainda enfrenta desafios importantes, especialmente nas \u00e1reas\u2026","rel":"","context":"In &quot;Not\u00edcias de Ribeir\u00e3o Preto-SP e Regi\u00e3o&quot;","block_context":{"text":"Not\u00edcias de Ribeir\u00e3o Preto-SP e Regi\u00e3o","link":"https:\/\/noticiasribeiraopreto.com.br\/index.php\/category\/noticias-de-ribeirao-preto-sp-e-regiao-ismael-colosi\/"},"img":{"alt_text":"","src":"https:\/\/i0.wp.com\/noticiasribeiraopreto.com.br\/wp-content\/uploads\/2026\/03\/observatorio-turismo-scaled.jpeg?fit=1170%2C780&ssl=1&resize=350%2C200","width":350,"height":200,"srcset":"https:\/\/i0.wp.com\/noticiasribeiraopreto.com.br\/wp-content\/uploads\/2026\/03\/observatorio-turismo-scaled.jpeg?fit=1170%2C780&ssl=1&resize=350%2C200 1x, https:\/\/i0.wp.com\/noticiasribeiraopreto.com.br\/wp-content\/uploads\/2026\/03\/observatorio-turismo-scaled.jpeg?fit=1170%2C780&ssl=1&resize=525%2C300 1.5x, https:\/\/i0.wp.com\/noticiasribeiraopreto.com.br\/wp-content\/uploads\/2026\/03\/observatorio-turismo-scaled.jpeg?fit=1170%2C780&ssl=1&resize=700%2C400 2x, https:\/\/i0.wp.com\/noticiasribeiraopreto.com.br\/wp-content\/uploads\/2026\/03\/observatorio-turismo-scaled.jpeg?fit=1170%2C780&ssl=1&resize=1050%2C600 3x"},"classes":[]},{"id":17127,"url":"https:\/\/noticiasribeiraopreto.com.br\/index.php\/2023\/12\/17\/gigante-oceanica-oferta-mais-de-50-vagas-de-emprego-para-auxiliares-eletricistas-moco-de-conves-marinheiros-e-mais\/","url_meta":{"origin":70286,"position":5},"title":"Gigante Oce\u00e2nica oferta mais de 50 vagas de emprego para auxiliares, eletricistas, mo\u00e7o de conv\u00e9s, marinheiros e mais!","author":"noticiasribeiraopreto.com.br","date":"17 de December de 2023","format":false,"excerpt":"Foto: Reprodu\u00e7\u00e3o sejaoceanica.gupy.io As vagas de emprego da Oce\u00e2nica s\u00e3o para as cidades do Rio de Janeiro, Maca\u00e9 e Rio das Ostras e s\u00e3o para diversos cargos e \u00e1reas. Confira abaixo como concorrer! Com atua\u00e7\u00e3o de 44 anos no mercado, a empresa brasileira Oce\u00e2nica \u00e9 l\u00edder em integridade de \u00f3leo\u2026","rel":"","context":"In &quot;Vagas de Emprego em Ribeir\u00e3o Preto-SP&quot;","block_context":{"text":"Vagas de Emprego em Ribeir\u00e3o Preto-SP","link":"https:\/\/noticiasribeiraopreto.com.br\/index.php\/category\/empregos-classificados-vagas-trabalho\/vagas-de-empregos-em-ribeirao-preto-regiao-brasil\/"},"img":{"alt_text":"","src":"https:\/\/i0.wp.com\/noticiasribeiraopreto.com.br\/wp-content\/uploads\/2023\/12\/2022-06-29_16-03_mainImage-1-830x450.png?fit=830%2C450&ssl=1&resize=350%2C200","width":350,"height":200,"srcset":"https:\/\/i0.wp.com\/noticiasribeiraopreto.com.br\/wp-content\/uploads\/2023\/12\/2022-06-29_16-03_mainImage-1-830x450.png?fit=830%2C450&ssl=1&resize=350%2C200 1x, https:\/\/i0.wp.com\/noticiasribeiraopreto.com.br\/wp-content\/uploads\/2023\/12\/2022-06-29_16-03_mainImage-1-830x450.png?fit=830%2C450&ssl=1&resize=525%2C300 1.5x, https:\/\/i0.wp.com\/noticiasribeiraopreto.com.br\/wp-content\/uploads\/2023\/12\/2022-06-29_16-03_mainImage-1-830x450.png?fit=830%2C450&ssl=1&resize=700%2C400 2x"},"classes":[]}],"jetpack_sharing_enabled":true,"jetpack_shortlink":"https:\/\/wp.me\/peQAOb-ihE","_links":{"self":[{"href":"https:\/\/noticiasribeiraopreto.com.br\/index.php\/wp-json\/wp\/v2\/posts\/70286","targetHints":{"allow":["GET"]}}],"collection":[{"href":"https:\/\/noticiasribeiraopreto.com.br\/index.php\/wp-json\/wp\/v2\/posts"}],"about":[{"href":"https:\/\/noticiasribeiraopreto.com.br\/index.php\/wp-json\/wp\/v2\/types\/post"}],"author":[{"embeddable":true,"href":"https:\/\/noticiasribeiraopreto.com.br\/index.php\/wp-json\/wp\/v2\/users\/1"}],"replies":[{"embeddable":true,"href":"https:\/\/noticiasribeiraopreto.com.br\/index.php\/wp-json\/wp\/v2\/comments?post=70286"}],"version-history":[{"count":0,"href":"https:\/\/noticiasribeiraopreto.com.br\/index.php\/wp-json\/wp\/v2\/posts\/70286\/revisions"}],"wp:featuredmedia":[{"embeddable":true,"href":"https:\/\/noticiasribeiraopreto.com.br\/index.php\/wp-json\/wp\/v2\/media\/70287"}],"wp:attachment":[{"href":"https:\/\/noticiasribeiraopreto.com.br\/index.php\/wp-json\/wp\/v2\/media?parent=70286"}],"wp:term":[{"taxonomy":"category","embeddable":true,"href":"https:\/\/noticiasribeiraopreto.com.br\/index.php\/wp-json\/wp\/v2\/categories?post=70286"},{"taxonomy":"post_tag","embeddable":true,"href":"https:\/\/noticiasribeiraopreto.com.br\/index.php\/wp-json\/wp\/v2\/tags?post=70286"}],"curies":[{"name":"wp","href":"https:\/\/api.w.org\/{rel}","templated":true}]}}