{"id":70292,"date":"2025-05-24T16:14:18","date_gmt":"2025-05-24T19:14:18","guid":{"rendered":"https:\/\/noticiasribeiraopreto.com.br\/index.php\/2025\/05\/24\/acidente-envolvendo-tres-carros-bloqueia-cruzamento-em-ribeirao-preto-veja-detalhes\/"},"modified":"2025-05-24T16:14:18","modified_gmt":"2025-05-24T19:14:18","slug":"acidente-envolvendo-tres-carros-bloqueia-cruzamento-em-ribeirao-preto-veja-detalhes","status":"publish","type":"post","link":"https:\/\/noticiasribeiraopreto.com.br\/index.php\/2025\/05\/24\/acidente-envolvendo-tres-carros-bloqueia-cruzamento-em-ribeirao-preto-veja-detalhes\/","title":{"rendered":"Acidente envolvendo tr\u00eas carros bloqueia cruzamento em Ribeir\u00e3o Preto; veja detalhes"},"content":{"rendered":"<div class='code-block code-block-1' style='margin: 8px 0 8px auto; text-align: right; display: block; clear: both;'>\n<p><a href=\"https:\/\/wa.link\/vpicfd\"><img data-recalc-dims=\"1\" class=\"wp-image-4922\" style=\"aspect-ratio: 2.0253164556962027; width: 561px; height: auto;\" src=\"https:\/\/i0.wp.com\/ismaelcolosi.com.br\/wp-content\/uploads\/2023\/11\/grupo-de-empregos-whatsapp-e-facebook-ismael-colosi-vagas.jpg?ssl=1\" alt=\"\" \/><\/a><\/p>\n<!-- \/wp:image -->\n<\/div>\n<p> <br \/>\n<\/p>\n<p>Um acidente envolvendo tr\u00eas ve\u00edculos provocou o bloqueio do cruzamento das <strong>ruas Camilo de Mattos e Itatiba<\/strong>, no <strong>Jardim Paulista<\/strong>, na zona Leste de <strong>Ribeir\u00e3o Preto<\/strong>.<\/p>\n<p>A batida aconteceu no in\u00edcio da tarde deste s\u00e1bado (24) e <mark style=\"background-color:#fcb900\" class=\"has-inline-color has-black-color\">um dos ve\u00edculos envolvidos quase foi parar dentro de um bar<\/mark> que fica na esquina do local do acidente. N\u00e3o h\u00e1 informa\u00e7\u00f5es sobre feridos.<\/p>\n<p>A<strong> Pol\u00edcia Militar<\/strong> foi acionada e est\u00e1 no local. As causas do acidente e ainda ser\u00e3o investigadas.<\/p>\n<p>SAIBA MAIS<br \/>Gripe avi\u00e1ria pode chegar ao interior de SP? Infectologista explica o cen\u00e1rio<\/p>\n<h2 class=\"wp-block-heading\"><strong>FIQUE ON<\/strong><\/h2>\n<p>Fique ligado em tudo que acontece em Ribeir\u00e3o Preto e regi\u00e3o. Siga os perfis do&nbsp;<strong>acidade on<\/strong>&nbsp;no<a href=\"https:\/\/www.instagram.com\/acidadeonribeirao\">&nbsp;Instagram<\/a>&nbsp;e no&nbsp;<a href=\"https:\/\/www.facebook.com\/acidadeonribeirao\/\">Facebook<\/a>.<\/p>\n<p>Receba not\u00edcias do<strong>&nbsp;acidade on<\/strong>&nbsp;no WhatsApp.&nbsp;<a href=\"https:\/\/chat.whatsapp.com\/BjKQZ9oJwlz8VVT50NuePq\">Para entrar no grupo, basta clicar aqui.<\/a><\/p>\n<p>Fa\u00e7a uma den\u00fancia ou sugira uma reportagem sobre Ribeir\u00e3o Preto e regi\u00e3o pelo WhatsApp: 16 99117 7802.<\/p>\n<p>VEJA TAMB\u00c9M<br \/>Como consultar a restitui\u00e7\u00e3o do IR 2025?<\/p>\n<p>O post Acidente envolvendo tr\u00eas carros bloqueia cruzamento em Ribeir\u00e3o Preto; veja detalhes apareceu primeiro em ACidade ON Ribeir\u00e3o Preto.<\/p>\n<p><script async src=\"\/\/www.instagram.com\/embed.js\"><\/script><br \/>\n<br \/><br \/>\n<br \/><a href=\"https:\/\/www.acidadeon.com\/ribeiraopreto\/cotidiano\/acidente-envolvendo-tres-carros-bloqueia-cruzamento-em-ribeirao-preto-veja-detalhes\/\">Source link <\/a><\/p>\n<!-- CONTENT END 1 -->\n","protected":false},"excerpt":{"rendered":"<p>Um acidente envolvendo tr\u00eas ve\u00edculos provocou o bloqueio do cruzamento das ruas Camilo de Mattos e Itatiba, no Jardim Paulista, na zona Leste de Ribeir\u00e3o&#8230;<\/p>\n","protected":false},"author":1,"featured_media":70293,"comment_status":"open","ping_status":"open","sticky":false,"template":"","format":"standard","meta":{"advanced_seo_description":"","jetpack_seo_html_title":"","jetpack_seo_noindex":false,"jetpack_post_was_ever_published":false,"_jetpack_newsletter_access":"","_jetpack_dont_email_post_to_subs":false,"_jetpack_newsletter_tier_id":0,"_jetpack_memberships_contains_paywalled_content":false,"_jetpack_memberships_contains_paid_content":false,"footnotes":"","jetpack_publicize_message":"","jetpack_publicize_feature_enabled":true,"jetpack_social_post_already_shared":true,"jetpack_social_options":{"image_generator_settings":{"template":"highway","default_image_id":0,"font":"","enabled":false},"version":2}},"categories":[11],"tags":[],"class_list":["post-70292","post","type-post","status-publish","format-standard","has-post-thumbnail","hentry","category-noticias-de-ribeirao-preto-sp-e-regiao-ismael-colosi"],"jetpack_publicize_connections":[],"jetpack_featured_media_url":"https:\/\/i0.wp.com\/noticiasribeiraopreto.com.br\/wp-content\/uploads\/2025\/05\/acidente-jardim-paulista_2025-05-24_18-22-13.webp.webp?fit=1196%2C792&ssl=1","jetpack-related-posts":[{"id":70302,"url":"https:\/\/noticiasribeiraopreto.com.br\/index.php\/2025\/05\/24\/tres-veiculos-colidem-em-cruzamento-perigoso-da-cidade\/","url_meta":{"origin":70292,"position":0},"title":"Tr\u00eas ve\u00edculos colidem em cruzamento perigoso da cidade","author":"noticiasribeiraopreto.com.br","date":"24 de May de 2025","format":false,"excerpt":"24 de maio de 2025 17:442 Compartilhar0 Um acidente envolvendo tr\u00eas ve\u00edculos interditou, na tarde deste s\u00e1bado (24), o cruzamento das ruas Camilo de Mattos e Itatiba, no bairro Jardim Paulista, zona Leste de Ribeir\u00e3o Preto. Segundo informa\u00e7\u00f5es preliminares, um dos carros chegou a subir na cal\u00e7ada e quase atingiu\u2026","rel":"","context":"In &quot;Not\u00edcias de Ribeir\u00e3o Preto-SP e Regi\u00e3o&quot;","block_context":{"text":"Not\u00edcias de Ribeir\u00e3o Preto-SP e Regi\u00e3o","link":"https:\/\/noticiasribeiraopreto.com.br\/index.php\/category\/noticias-de-ribeirao-preto-sp-e-regiao-ismael-colosi\/"},"img":{"alt_text":"","src":"https:\/\/i0.wp.com\/noticiasribeiraopreto.com.br\/wp-content\/uploads\/2025\/05\/itatiba_camilo-e1748119347130.jpg?fit=850%2C500&ssl=1&resize=350%2C200","width":350,"height":200,"srcset":"https:\/\/i0.wp.com\/noticiasribeiraopreto.com.br\/wp-content\/uploads\/2025\/05\/itatiba_camilo-e1748119347130.jpg?fit=850%2C500&ssl=1&resize=350%2C200 1x, https:\/\/i0.wp.com\/noticiasribeiraopreto.com.br\/wp-content\/uploads\/2025\/05\/itatiba_camilo-e1748119347130.jpg?fit=850%2C500&ssl=1&resize=525%2C300 1.5x, https:\/\/i0.wp.com\/noticiasribeiraopreto.com.br\/wp-content\/uploads\/2025\/05\/itatiba_camilo-e1748119347130.jpg?fit=850%2C500&ssl=1&resize=700%2C400 2x"},"classes":[]},{"id":43074,"url":"https:\/\/noticiasribeiraopreto.com.br\/index.php\/2024\/03\/19\/em-manha-de-acidentes-carro-capota-na-zona-oeste-de-ribeirao-preto\/","url_meta":{"origin":70292,"position":1},"title":"Em manh\u00e3 de acidentes, carro capota na zona Oeste de Ribeir\u00e3o Preto","author":"noticiasribeiraopreto.com.br","date":"19 de March de 2024","format":false,"excerpt":"Um carro tombou em um acidente envolvendo dois ve\u00edculos no Jardim Maria Goretti, na zona Oeste de Ribeir\u00e3o Preto. O caso aconteceu na manh\u00e3 desta ter\u00e7a-feira (19) e ningu\u00e9m ficou ferido. O acidente aconteceu por volta das 8h, no cruzamento das ruas Jos\u00e9 Ver\u00edssimo com a Conde de Iraj\u00e1. Por\u2026","rel":"","context":"In &quot;Not\u00edcias de Ribeir\u00e3o Preto-SP e Regi\u00e3o&quot;","block_context":{"text":"Not\u00edcias de Ribeir\u00e3o Preto-SP e Regi\u00e3o","link":"https:\/\/noticiasribeiraopreto.com.br\/index.php\/category\/noticias-de-ribeirao-preto-sp-e-regiao-ismael-colosi\/"},"img":{"alt_text":"","src":"https:\/\/i0.wp.com\/noticiasribeiraopreto.com.br\/wp-content\/uploads\/2024\/03\/AnyConv.com__capotamento.webp.webp?fit=1200%2C756&ssl=1&resize=350%2C200","width":350,"height":200,"srcset":"https:\/\/i0.wp.com\/noticiasribeiraopreto.com.br\/wp-content\/uploads\/2024\/03\/AnyConv.com__capotamento.webp.webp?fit=1200%2C756&ssl=1&resize=350%2C200 1x, https:\/\/i0.wp.com\/noticiasribeiraopreto.com.br\/wp-content\/uploads\/2024\/03\/AnyConv.com__capotamento.webp.webp?fit=1200%2C756&ssl=1&resize=525%2C300 1.5x, https:\/\/i0.wp.com\/noticiasribeiraopreto.com.br\/wp-content\/uploads\/2024\/03\/AnyConv.com__capotamento.webp.webp?fit=1200%2C756&ssl=1&resize=700%2C400 2x, https:\/\/i0.wp.com\/noticiasribeiraopreto.com.br\/wp-content\/uploads\/2024\/03\/AnyConv.com__capotamento.webp.webp?fit=1200%2C756&ssl=1&resize=1050%2C600 3x"},"classes":[]},{"id":57969,"url":"https:\/\/noticiasribeiraopreto.com.br\/index.php\/2024\/09\/15\/acidente-envolvendo-sete-veiculos-deixa-feridos-na-rodovia-anhanguera\/","url_meta":{"origin":70292,"position":2},"title":"Acidente envolvendo sete ve\u00edculos deixa feridos na rodovia Anhanguera","author":"noticiasribeiraopreto.com.br","date":"15 de September de 2024","format":false,"excerpt":"Um acidente envolvendo sete ve\u00edculos foi registrado no inicio da tarde deste domingo (15), na rodovia Anhanguera, em S\u00e3o Joaquim da Barra, regi\u00e3o de Ribeir\u00e3o Preto. Duas pessoas foram socorridas em estado grave. De acordo com a Pol\u00edcia Rodovi\u00e1ria Federal, a fuma\u00e7a no local pode ter causado o acidente. A\u2026","rel":"","context":"In &quot;Not\u00edcias de Ribeir\u00e3o Preto-SP e Regi\u00e3o&quot;","block_context":{"text":"Not\u00edcias de Ribeir\u00e3o Preto-SP e Regi\u00e3o","link":"https:\/\/noticiasribeiraopreto.com.br\/index.php\/category\/noticias-de-ribeirao-preto-sp-e-regiao-ismael-colosi\/"},"img":{"alt_text":"","src":"https:\/\/i0.wp.com\/noticiasribeiraopreto.com.br\/wp-content\/uploads\/2024\/09\/Copia-de-Copia-de-Copia-de-TAMANHO-EXATO-PARA-FOTOS-NO-SISTEMA-NOVO-19_2024-09-15_16-19-48_png_2024-09-15_16-19-49.webp.webp?fit=1200%2C675&ssl=1&resize=350%2C200","width":350,"height":200,"srcset":"https:\/\/i0.wp.com\/noticiasribeiraopreto.com.br\/wp-content\/uploads\/2024\/09\/Copia-de-Copia-de-Copia-de-TAMANHO-EXATO-PARA-FOTOS-NO-SISTEMA-NOVO-19_2024-09-15_16-19-48_png_2024-09-15_16-19-49.webp.webp?fit=1200%2C675&ssl=1&resize=350%2C200 1x, https:\/\/i0.wp.com\/noticiasribeiraopreto.com.br\/wp-content\/uploads\/2024\/09\/Copia-de-Copia-de-Copia-de-TAMANHO-EXATO-PARA-FOTOS-NO-SISTEMA-NOVO-19_2024-09-15_16-19-48_png_2024-09-15_16-19-49.webp.webp?fit=1200%2C675&ssl=1&resize=525%2C300 1.5x, https:\/\/i0.wp.com\/noticiasribeiraopreto.com.br\/wp-content\/uploads\/2024\/09\/Copia-de-Copia-de-Copia-de-TAMANHO-EXATO-PARA-FOTOS-NO-SISTEMA-NOVO-19_2024-09-15_16-19-48_png_2024-09-15_16-19-49.webp.webp?fit=1200%2C675&ssl=1&resize=700%2C400 2x, https:\/\/i0.wp.com\/noticiasribeiraopreto.com.br\/wp-content\/uploads\/2024\/09\/Copia-de-Copia-de-Copia-de-TAMANHO-EXATO-PARA-FOTOS-NO-SISTEMA-NOVO-19_2024-09-15_16-19-48_png_2024-09-15_16-19-49.webp.webp?fit=1200%2C675&ssl=1&resize=1050%2C600 3x"},"classes":[]},{"id":68589,"url":"https:\/\/noticiasribeiraopreto.com.br\/index.php\/2025\/04\/26\/acidente-envolvendo-tres-carros-provoca-interdicao-de-rodovia-na-regiao-de-ribeirao-preto\/","url_meta":{"origin":70292,"position":3},"title":"Acidente envolvendo tr\u00eas carros provoca interdi\u00e7\u00e3o de rodovia na regi\u00e3o de Ribeir\u00e3o Preto","author":"noticiasribeiraopreto.com.br","date":"26 de April de 2025","format":false,"excerpt":"Um acidente provocou a interdi\u00e7\u00e3o da rodovia C\u00e2ndido Portinari, em Jardin\u00f3polis, na regi\u00e3o de Ribeir\u00e3o Preto, na tarde deste s\u00e1bado (26). Segundo o CCI (Centro de Controle de Informa\u00e7\u00f5es) da Artesp, pelo menos tr\u00eas ve\u00edculos se envolveram na batida. O acidente aconteceu por volta das 14h50 na altura do quil\u00f4metro\u2026","rel":"","context":"In &quot;Not\u00edcias de Ribeir\u00e3o Preto-SP e Regi\u00e3o&quot;","block_context":{"text":"Not\u00edcias de Ribeir\u00e3o Preto-SP e Regi\u00e3o","link":"https:\/\/noticiasribeiraopreto.com.br\/index.php\/category\/noticias-de-ribeirao-preto-sp-e-regiao-ismael-colosi\/"},"img":{"alt_text":"","src":"https:\/\/i0.wp.com\/noticiasribeiraopreto.com.br\/wp-content\/uploads\/2025\/04\/acidente-candido-portinari_2025-04-26_19-35-56.webp.webp?fit=1200%2C647&ssl=1&resize=350%2C200","width":350,"height":200,"srcset":"https:\/\/i0.wp.com\/noticiasribeiraopreto.com.br\/wp-content\/uploads\/2025\/04\/acidente-candido-portinari_2025-04-26_19-35-56.webp.webp?fit=1200%2C647&ssl=1&resize=350%2C200 1x, https:\/\/i0.wp.com\/noticiasribeiraopreto.com.br\/wp-content\/uploads\/2025\/04\/acidente-candido-portinari_2025-04-26_19-35-56.webp.webp?fit=1200%2C647&ssl=1&resize=525%2C300 1.5x, https:\/\/i0.wp.com\/noticiasribeiraopreto.com.br\/wp-content\/uploads\/2025\/04\/acidente-candido-portinari_2025-04-26_19-35-56.webp.webp?fit=1200%2C647&ssl=1&resize=700%2C400 2x, https:\/\/i0.wp.com\/noticiasribeiraopreto.com.br\/wp-content\/uploads\/2025\/04\/acidente-candido-portinari_2025-04-26_19-35-56.webp.webp?fit=1200%2C647&ssl=1&resize=1050%2C600 3x"},"classes":[]},{"id":58183,"url":"https:\/\/noticiasribeiraopreto.com.br\/index.php\/2024\/09\/20\/acidente-com-tres-carros-deixa-um-morto-em-rodovia-da-regiao-de-ribeirao\/","url_meta":{"origin":70292,"position":4},"title":"Acidente com tr\u00eas carros deixa um morto em rodovia da regi\u00e3o de Ribeir\u00e3o","author":"noticiasribeiraopreto.com.br","date":"20 de September de 2024","format":false,"excerpt":"Um acidente envolvendo tr\u00eas ve\u00edculos foi registrado no fim da manh\u00e3 desta sexta-feira (20), na rodovia Armando de Sales Oliveira, em Pitangueiras, na regi\u00e3o de Ribeir\u00e3o Preto. Uma pessoa morreu, segundo o Corpo de Bombeiros de Bebedouro. De acordo com a Entrevias, equipes da concession\u00e1ria est\u00e3o no local e contam\u2026","rel":"","context":"In &quot;Not\u00edcias de Ribeir\u00e3o Preto-SP e Regi\u00e3o&quot;","block_context":{"text":"Not\u00edcias de Ribeir\u00e3o Preto-SP e Regi\u00e3o","link":"https:\/\/noticiasribeiraopreto.com.br\/index.php\/category\/noticias-de-ribeirao-preto-sp-e-regiao-ismael-colosi\/"},"img":{"alt_text":"","src":"https:\/\/i0.wp.com\/noticiasribeiraopreto.com.br\/wp-content\/uploads\/2024\/09\/Copia-de-Copia-de-Copia-de-TAMANHO-EXATO-PARA-FOTOS-NO-SISTEMA-NOVO-33_2024-09-20_15-45-06_png_2024-09-20_15-45-07.webp.webp?fit=1200%2C675&ssl=1&resize=350%2C200","width":350,"height":200,"srcset":"https:\/\/i0.wp.com\/noticiasribeiraopreto.com.br\/wp-content\/uploads\/2024\/09\/Copia-de-Copia-de-Copia-de-TAMANHO-EXATO-PARA-FOTOS-NO-SISTEMA-NOVO-33_2024-09-20_15-45-06_png_2024-09-20_15-45-07.webp.webp?fit=1200%2C675&ssl=1&resize=350%2C200 1x, https:\/\/i0.wp.com\/noticiasribeiraopreto.com.br\/wp-content\/uploads\/2024\/09\/Copia-de-Copia-de-Copia-de-TAMANHO-EXATO-PARA-FOTOS-NO-SISTEMA-NOVO-33_2024-09-20_15-45-06_png_2024-09-20_15-45-07.webp.webp?fit=1200%2C675&ssl=1&resize=525%2C300 1.5x, https:\/\/i0.wp.com\/noticiasribeiraopreto.com.br\/wp-content\/uploads\/2024\/09\/Copia-de-Copia-de-Copia-de-TAMANHO-EXATO-PARA-FOTOS-NO-SISTEMA-NOVO-33_2024-09-20_15-45-06_png_2024-09-20_15-45-07.webp.webp?fit=1200%2C675&ssl=1&resize=700%2C400 2x, https:\/\/i0.wp.com\/noticiasribeiraopreto.com.br\/wp-content\/uploads\/2024\/09\/Copia-de-Copia-de-Copia-de-TAMANHO-EXATO-PARA-FOTOS-NO-SISTEMA-NOVO-33_2024-09-20_15-45-06_png_2024-09-20_15-45-07.webp.webp?fit=1200%2C675&ssl=1&resize=1050%2C600 3x"},"classes":[]},{"id":63278,"url":"https:\/\/noticiasribeiraopreto.com.br\/index.php\/2025\/02\/08\/acidente-entre-caminhonete-carro-e-moto-deixa-uma-pessoa-ferida-em-ribeirao-preto\/","url_meta":{"origin":70292,"position":5},"title":"Acidente entre caminhonete, carro e moto deixa uma pessoa ferida em Ribeir\u00e3o Preto","author":"noticiasribeiraopreto.com.br","date":"8 de February de 2025","format":false,"excerpt":"Na manh\u00e3 deste s\u00e1bado (8), um acidente envolvendo uma caminhonete, um carro e uma moto, deixou um motorista ferido e um ve\u00edculo tombado, no cruzamento da avenida Jo\u00e3o Fi\u00fasa com avenida Presidente Vargas, na zona Sul de Ribeir\u00e3o Preto. De acordo com testemunhas, uma pessoa foi socorrida, por equipes do\u2026","rel":"","context":"In &quot;Not\u00edcias de Ribeir\u00e3o Preto-SP e Regi\u00e3o&quot;","block_context":{"text":"Not\u00edcias de Ribeir\u00e3o Preto-SP e Regi\u00e3o","link":"https:\/\/noticiasribeiraopreto.com.br\/index.php\/category\/noticias-de-ribeirao-preto-sp-e-regiao-ismael-colosi\/"},"img":{"alt_text":"","src":"https:\/\/i0.wp.com\/noticiasribeiraopreto.com.br\/wp-content\/uploads\/2025\/02\/Copia-de-Copia-de-Copia-de-TAMANHO-EXATO-PARA-FOTOS-NO-SISTEMA-NOVO-2025-02-08T111827.079_2025-02-08_14-19-51_png_2025-02-08_14-19-51.webp.webp?fit=1200%2C675&ssl=1&resize=350%2C200","width":350,"height":200,"srcset":"https:\/\/i0.wp.com\/noticiasribeiraopreto.com.br\/wp-content\/uploads\/2025\/02\/Copia-de-Copia-de-Copia-de-TAMANHO-EXATO-PARA-FOTOS-NO-SISTEMA-NOVO-2025-02-08T111827.079_2025-02-08_14-19-51_png_2025-02-08_14-19-51.webp.webp?fit=1200%2C675&ssl=1&resize=350%2C200 1x, https:\/\/i0.wp.com\/noticiasribeiraopreto.com.br\/wp-content\/uploads\/2025\/02\/Copia-de-Copia-de-Copia-de-TAMANHO-EXATO-PARA-FOTOS-NO-SISTEMA-NOVO-2025-02-08T111827.079_2025-02-08_14-19-51_png_2025-02-08_14-19-51.webp.webp?fit=1200%2C675&ssl=1&resize=525%2C300 1.5x, https:\/\/i0.wp.com\/noticiasribeiraopreto.com.br\/wp-content\/uploads\/2025\/02\/Copia-de-Copia-de-Copia-de-TAMANHO-EXATO-PARA-FOTOS-NO-SISTEMA-NOVO-2025-02-08T111827.079_2025-02-08_14-19-51_png_2025-02-08_14-19-51.webp.webp?fit=1200%2C675&ssl=1&resize=700%2C400 2x, https:\/\/i0.wp.com\/noticiasribeiraopreto.com.br\/wp-content\/uploads\/2025\/02\/Copia-de-Copia-de-Copia-de-TAMANHO-EXATO-PARA-FOTOS-NO-SISTEMA-NOVO-2025-02-08T111827.079_2025-02-08_14-19-51_png_2025-02-08_14-19-51.webp.webp?fit=1200%2C675&ssl=1&resize=1050%2C600 3x"},"classes":[]}],"jetpack_sharing_enabled":true,"jetpack_shortlink":"https:\/\/wp.me\/peQAOb-ihK","_links":{"self":[{"href":"https:\/\/noticiasribeiraopreto.com.br\/index.php\/wp-json\/wp\/v2\/posts\/70292","targetHints":{"allow":["GET"]}}],"collection":[{"href":"https:\/\/noticiasribeiraopreto.com.br\/index.php\/wp-json\/wp\/v2\/posts"}],"about":[{"href":"https:\/\/noticiasribeiraopreto.com.br\/index.php\/wp-json\/wp\/v2\/types\/post"}],"author":[{"embeddable":true,"href":"https:\/\/noticiasribeiraopreto.com.br\/index.php\/wp-json\/wp\/v2\/users\/1"}],"replies":[{"embeddable":true,"href":"https:\/\/noticiasribeiraopreto.com.br\/index.php\/wp-json\/wp\/v2\/comments?post=70292"}],"version-history":[{"count":0,"href":"https:\/\/noticiasribeiraopreto.com.br\/index.php\/wp-json\/wp\/v2\/posts\/70292\/revisions"}],"wp:featuredmedia":[{"embeddable":true,"href":"https:\/\/noticiasribeiraopreto.com.br\/index.php\/wp-json\/wp\/v2\/media\/70293"}],"wp:attachment":[{"href":"https:\/\/noticiasribeiraopreto.com.br\/index.php\/wp-json\/wp\/v2\/media?parent=70292"}],"wp:term":[{"taxonomy":"category","embeddable":true,"href":"https:\/\/noticiasribeiraopreto.com.br\/index.php\/wp-json\/wp\/v2\/categories?post=70292"},{"taxonomy":"post_tag","embeddable":true,"href":"https:\/\/noticiasribeiraopreto.com.br\/index.php\/wp-json\/wp\/v2\/tags?post=70292"}],"curies":[{"name":"wp","href":"https:\/\/api.w.org\/{rel}","templated":true}]}}