{"id":70294,"date":"2025-05-24T16:21:36","date_gmt":"2025-05-24T19:21:36","guid":{"rendered":"https:\/\/noticiasribeiraopreto.com.br\/index.php\/2025\/05\/24\/quermesse-da-catedral-de-ribeirao-tem-entrada-gratuita-comidas-tipicas-e-bingo-beneficente\/"},"modified":"2025-05-24T16:21:36","modified_gmt":"2025-05-24T19:21:36","slug":"quermesse-da-catedral-de-ribeirao-tem-entrada-gratuita-comidas-tipicas-e-bingo-beneficente","status":"publish","type":"post","link":"https:\/\/noticiasribeiraopreto.com.br\/index.php\/2025\/05\/24\/quermesse-da-catedral-de-ribeirao-tem-entrada-gratuita-comidas-tipicas-e-bingo-beneficente\/","title":{"rendered":"Quermesse da Catedral de Ribeir\u00e3o tem entrada gratuita, comidas t\u00edpicas e bingo beneficente"},"content":{"rendered":"<p> <br \/>\n<\/p>\n<div>\n<p>A tradicional <strong>quermesse <\/strong>da <strong>Catedral Metropolitana de Ribeir\u00e3o Preto<\/strong> acontece neste fim de semana entre os dias <strong>24 e 25 de maio<\/strong>, e promete reunir divers\u00e3o, cultura e solidariedade no Centro. <mark style=\"background-color:#fcb900\" class=\"has-inline-color has-black-color\">Todas as quermesses de Ribeir\u00e3o Preto e regi\u00e3o <\/mark>voc\u00ea acompanha no<strong> Rota do Arrai\u00e1<\/strong><strong> <\/strong>(clique aqui).<\/p>\n<h2 class=\"wp-block-heading\"><strong>O que vai ter na quermesse da Catedral?<\/strong><\/h2>\n<p>A quermesse da Catedral tem <strong>entrada gratuita<\/strong>, a festa ser\u00e1 realizada das 17h \u00e0s 23h, em ambos os dias, e contar\u00e1 com um amplo <strong>card\u00e1pio gastron\u00f4mico<\/strong>, <strong>barracas de jogos<\/strong>, <strong>brinquedos infantis <\/strong>e <strong>rodadas di\u00e1rias de bingo<\/strong>.<\/p>\n<p>Organizada pela <strong>Comiss\u00e3o de Restaura\u00e7\u00e3o da Catedral<\/strong>, <mark style=\"background-color:#fcb900\" class=\"has-inline-color\">a quermesse ter\u00e1 toda a sua renda destinada \u00e0s obras de<strong> restauro da igreja<\/strong>, que deve come\u00e7ar em <strong>agosto<\/strong><\/mark>. A expectativa \u00e9 atrair cerca de cinco mil pessoas nos dois dias de evento.<\/p>\n<p>\u201cTudo est\u00e1 sendo pensado para receber a popula\u00e7\u00e3o com alegria, conforto e seguran\u00e7a\u201d, afirma <strong>Heliana Palocci<\/strong>, da Comiss\u00e3o de Preserva\u00e7\u00e3o e Restauro da Catedral.<\/p>\n<h2 class=\"wp-block-heading\"><strong>\u2018Maior quermesse da hist\u00f3ria\u2019<\/strong><\/h2>\n<p>A festa retoma for\u00e7a ap\u00f3s anos de <strong>baixa ades\u00e3o<\/strong> devido a problemas de infraestrutura na regi\u00e3o. \u201cEsperamos que seja a maior quermesse da hist\u00f3ria da Catedral\u201d, disse <strong>Renato Aguiar<\/strong>, presidente do conselho.<\/p>\n<p>De acordo com o p\u00e1roco da Catedral, <strong>Francisco Jaber Zanardo Moussa<\/strong>, conhecido como<strong> padre Chico<\/strong>, a retomada da festa tem forte simbolismo para a comunidade.<\/p>\n<figure class=\"wp-block-pullquote\">\n<blockquote>\n<p>A quermesse, a princ\u00edpio, era uma festa da comunidade, onde as pastorais e toda a comunidade se encontravam para se confraternizar e criar v\u00ednculos de uni\u00e3o e amizade\u201d<\/p>\n<\/blockquote>\n<\/figure>\n<p>A seguran\u00e7a do evento ser\u00e1 garantida por meio de parcerias com as pol\u00edcias Civil e Militar, a Guarda Municipal e profissionais particulares.<\/p>\n<h3 class=\"wp-block-heading\"><strong>Bingo beneficente<\/strong><\/h3>\n<p>Ser\u00e3o realizadas <strong>dez rodadas por dia<\/strong> do tradicional <strong>bingo beneficente<\/strong>, com pr\u00eamios doados por lojistas, empresas de diversos segmentos e ind\u00fastrias da cidade.<\/p>\n<p><strong><mark style=\"background-color:#fcb900\" class=\"has-inline-color\">As cartelas do bingo para o p\u00fablico custar\u00e3o R$ 5 cada<\/mark><\/strong>, e pr\u00eamios j\u00e1 arrecadados incluem sapatos, roupas, bolsas, joias e at\u00e9 aparelhos de jantar, entre outros \u2013 empresas interessadas podem ainda adquirir cotas de patroc\u00ednio no valor de R$ 1 mil por n\u00famero do bingo.<\/p>\n<h2 class=\"wp-block-heading\"><strong>Restauro da Catedral<\/strong><\/h2>\n<p>A <strong>quermesse <\/strong>faz parte do <strong>calend\u00e1rio de a\u00e7\u00f5es<\/strong> planejado pela <strong>Comiss\u00e3o de Preserva\u00e7\u00e3o e Restaura\u00e7\u00e3o da Catedral<\/strong>, grupo respons\u00e1vel pela arrecada\u00e7\u00e3o de recursos para a ampla reforma estrutural, art\u00edstica e patrimonial da igreja.<\/p>\n<p>O or\u00e7amento total da interven\u00e7\u00e3o \u00e9 estimado em <strong>R$ 15 milh\u00f5es<\/strong>, dos quais 20% j\u00e1 foram arrecadados por meio de a\u00e7\u00f5es anteriores de doa\u00e7\u00e3o e engajamento comunit\u00e1rio. \u201cO intuito da quermesse \u00e9 proporcionar momentos de lazer e uni\u00e3o, ao mesmo tempo em que mobilizamos a cidade em prol da preserva\u00e7\u00e3o do nosso patrim\u00f4nio. Esperamos arrecadar cerca de R$ 500 mil com esta edi\u00e7\u00e3o\u201d, afirma Aguiar.<\/p>\n<h3 class=\"wp-block-heading\"><strong>Servi\u00e7o<\/strong><\/h3>\n<h4 class=\"wp-block-heading\"><strong>Quermesse da Catedral<\/strong><\/h4>\n<p>Quando: 24 de maio (s\u00e1bado) e 25 de maio (domingo)<\/p>\n<p>Hor\u00e1rio: das 17h \u00e0s 23h.<\/p>\n<p>Onde: Pra\u00e7a da Catedral Metropolitana de S\u00e3o Sebasti\u00e3o (Pra\u00e7a das Bandeiras, s\/n\u00ba), Centro, Ribeir\u00e3o Preto<\/p>\n<p>Entrada: Gratuita (consumo nas barracas e jogos pagos \u00e0 parte)<\/p>\n<hr class=\"wp-block-separator has-alpha-channel-opacity\"\/>\n<p>SAIBA MAIS<\/p>\n<p>Festival gratuito \u2018brinda a ci\u00eancia\u2019 em cervejarias de Ribeir\u00e3o; Veja a programa\u00e7\u00e3o <mark style=\"background-color:#ffffff\" class=\"has-inline-color has-white-color\">contudo,<\/mark><\/p>\n<h4 class=\"wp-block-heading\"><strong>FIQUE ON<\/strong><\/h4>\n<p>Fique ligado em tudo que acontece em Ribeir\u00e3o Preto e regi\u00e3o. Siga os perfis do\u00a0<strong>acidade on\u00a0<\/strong>no\u00a0<a href=\"https:\/\/www.instagram.com\/acidadeonribeirao\" target=\"_blank\" rel=\"noreferrer noopener\">Instagram<\/a>\u00a0e no\u00a0<a href=\"https:\/\/www.facebook.com\/acidadeonribeirao\" target=\"_blank\" rel=\"noreferrer noopener\">Facebook<\/a>. <mark style=\"background-color:#ffffff\" class=\"has-inline-color has-white-color\">contudo,<\/mark><\/p>\n<p>Receba not\u00edcias do acidade on no WhatsApp. Para entrar no grupo, basta\u00a0<a href=\"https:\/\/chat.whatsapp.com\/BjKQZ9oJwlz8VVT50NuePq\" target=\"_blank\" rel=\"noreferrer noopener\">clicar aqui<\/a>. <mark style=\"background-color:#ffffff\" class=\"has-inline-color has-white-color\">Contudo,<\/mark><\/p>\n<p>Fa\u00e7a uma den\u00fancia ou sugira uma reportagem sobre Ribeir\u00e3o Preto e regi\u00e3o pelo WhatsApp: 16 99117 7802. <mark style=\"background-color:#ffffff\" class=\"has-inline-color has-white-color\">entretanto<\/mark><\/p>\n<p>VEJA TAMB\u00c9M<\/p>\n<p>O que dizem os projetos de lei sobre beb\u00eas reborn? <mark style=\"background-color:#ffffff\" class=\"has-inline-color has-white-color\">contudo,<\/mark><\/p>\n<p><!-- CONTENT END 1 -->\n<\/div>\n<p><script async src=\"\/\/www.instagram.com\/embed.js\"><\/script><br \/>\n<br \/><br \/>\n<br \/><a href=\"https:\/\/www.acidadeon.com\/ribeiraopreto\/lazer-e-cultura\/quermesse-da-catedral-de-ribeirao-tem-entrada-gratuita-comidas-tipicas-e-bingo-beneficente\/\">Source link <\/a><\/p>\n","protected":false},"excerpt":{"rendered":"<p>A tradicional quermesse da Catedral Metropolitana de Ribeir\u00e3o Preto acontece neste fim de semana entre os dias 24 e 25 de maio, e promete reunir&#8230;<\/p>\n","protected":false},"author":1,"featured_media":70295,"comment_status":"open","ping_status":"open","sticky":false,"template":"","format":"standard","meta":{"advanced_seo_description":"","jetpack_seo_html_title":"","jetpack_seo_noindex":false,"jetpack_post_was_ever_published":false,"_jetpack_newsletter_access":"","_jetpack_dont_email_post_to_subs":false,"_jetpack_newsletter_tier_id":0,"_jetpack_memberships_contains_paywalled_content":false,"_jetpack_memberships_contains_paid_content":false,"footnotes":"","jetpack_publicize_message":"","jetpack_publicize_feature_enabled":true,"jetpack_social_post_already_shared":true,"jetpack_social_options":{"image_generator_settings":{"template":"highway","default_image_id":0,"font":"","enabled":false},"version":2}},"categories":[11],"tags":[],"class_list":["post-70294","post","type-post","status-publish","format-standard","has-post-thumbnail","hentry","category-noticias-de-ribeirao-preto-sp-e-regiao-ismael-colosi"],"jetpack_publicize_connections":[],"jetpack_featured_media_url":"https:\/\/i0.wp.com\/noticiasribeiraopreto.com.br\/wp-content\/uploads\/2025\/05\/catedral-ribeirao-preto_2025-05-24_16-57-04.webp.webp?fit=1200%2C800&ssl=1","jetpack-related-posts":[{"id":64247,"url":"https:\/\/noticiasribeiraopreto.com.br\/index.php\/2025\/03\/06\/quermesse-da-catedral-de-ribeirao-preto-sera-em-maio-veja-datas-e-horarios\/","url_meta":{"origin":70294,"position":0},"title":"Quermesse da Catedral de Ribeir\u00e3o Preto ser\u00e1 em maio; Veja datas e hor\u00e1rios","author":"noticiasribeiraopreto.com.br","date":"6 de March de 2025","format":false,"excerpt":"A Catedral de S\u00e3o Sebasti\u00e3o, em Ribeir\u00e3o Preto, divulgou as datas de sua quermesse. O evento ser\u00e1 realizado em frente \u00e0 igreja, no Centro da cidade, nos seguintes dias e hor\u00e1rios: S\u00e1bado, 24 de maio \u2013 Das 19h \u00e0s 23h Domingo, 25 de maio \u2013 Das 17h \u00e0s 23h A\u2026","rel":"","context":"In &quot;Not\u00edcias de Ribeir\u00e3o Preto-SP e Regi\u00e3o&quot;","block_context":{"text":"Not\u00edcias de Ribeir\u00e3o Preto-SP e Regi\u00e3o","link":"https:\/\/noticiasribeiraopreto.com.br\/index.php\/category\/noticias-de-ribeirao-preto-sp-e-regiao-ismael-colosi\/"},"img":{"alt_text":"","src":"https:\/\/i0.wp.com\/noticiasribeiraopreto.com.br\/wp-content\/uploads\/2025\/03\/WhatsApp-Image-2023-09-13-at-13.07.49.jpeg?fit=1200%2C779&ssl=1&resize=350%2C200","width":350,"height":200,"srcset":"https:\/\/i0.wp.com\/noticiasribeiraopreto.com.br\/wp-content\/uploads\/2025\/03\/WhatsApp-Image-2023-09-13-at-13.07.49.jpeg?fit=1200%2C779&ssl=1&resize=350%2C200 1x, https:\/\/i0.wp.com\/noticiasribeiraopreto.com.br\/wp-content\/uploads\/2025\/03\/WhatsApp-Image-2023-09-13-at-13.07.49.jpeg?fit=1200%2C779&ssl=1&resize=525%2C300 1.5x, https:\/\/i0.wp.com\/noticiasribeiraopreto.com.br\/wp-content\/uploads\/2025\/03\/WhatsApp-Image-2023-09-13-at-13.07.49.jpeg?fit=1200%2C779&ssl=1&resize=700%2C400 2x, https:\/\/i0.wp.com\/noticiasribeiraopreto.com.br\/wp-content\/uploads\/2025\/03\/WhatsApp-Image-2023-09-13-at-13.07.49.jpeg?fit=1200%2C779&ssl=1&resize=1050%2C600 3x"},"classes":[]},{"id":71905,"url":"https:\/\/noticiasribeiraopreto.com.br\/index.php\/2025\/06\/11\/quermesse-arrecada-r-162-mil-para-restauracao-da-catedral-de-ribeirao-preto\/","url_meta":{"origin":70294,"position":1},"title":"Quermesse arrecada R$ 162 mil para restaura\u00e7\u00e3o da Catedral de Ribeir\u00e3o Preto","author":"noticiasribeiraopreto.com.br","date":"11 de June de 2025","format":false,"excerpt":"A Quermesse da Catedral de Ribeir\u00e3o Preto, realizada nos dias 24 e 25 de maio, reuniu mais de 6 mil pessoas e conseguiu arrecadar R$ 162.327,46 em saldo l\u00edquido, que ser\u00e1 integralmente destinado \u00e0s obras de restaura\u00e7\u00e3o da igreja. Segundo informa\u00e7\u00f5es da organiza\u00e7\u00e3o, a arrecada\u00e7\u00e3o bruta da quermesse totalizou R$\u2026","rel":"","context":"In &quot;Not\u00edcias de Ribeir\u00e3o Preto-SP e Regi\u00e3o&quot;","block_context":{"text":"Not\u00edcias de Ribeir\u00e3o Preto-SP e Regi\u00e3o","link":"https:\/\/noticiasribeiraopreto.com.br\/index.php\/category\/noticias-de-ribeirao-preto-sp-e-regiao-ismael-colosi\/"},"img":{"alt_text":"","src":"https:\/\/i0.wp.com\/noticiasribeiraopreto.com.br\/wp-content\/uploads\/2025\/06\/ced20d8a-a76a-455d-b11c-f622ce67ee59_2025-06-11_13-53-51.webp.webp?fit=1200%2C675&ssl=1&resize=350%2C200","width":350,"height":200,"srcset":"https:\/\/i0.wp.com\/noticiasribeiraopreto.com.br\/wp-content\/uploads\/2025\/06\/ced20d8a-a76a-455d-b11c-f622ce67ee59_2025-06-11_13-53-51.webp.webp?fit=1200%2C675&ssl=1&resize=350%2C200 1x, https:\/\/i0.wp.com\/noticiasribeiraopreto.com.br\/wp-content\/uploads\/2025\/06\/ced20d8a-a76a-455d-b11c-f622ce67ee59_2025-06-11_13-53-51.webp.webp?fit=1200%2C675&ssl=1&resize=525%2C300 1.5x, https:\/\/i0.wp.com\/noticiasribeiraopreto.com.br\/wp-content\/uploads\/2025\/06\/ced20d8a-a76a-455d-b11c-f622ce67ee59_2025-06-11_13-53-51.webp.webp?fit=1200%2C675&ssl=1&resize=700%2C400 2x, https:\/\/i0.wp.com\/noticiasribeiraopreto.com.br\/wp-content\/uploads\/2025\/06\/ced20d8a-a76a-455d-b11c-f622ce67ee59_2025-06-11_13-53-51.webp.webp?fit=1200%2C675&ssl=1&resize=1050%2C600 3x"},"classes":[]},{"id":71496,"url":"https:\/\/noticiasribeiraopreto.com.br\/index.php\/2025\/06\/06\/rota-do-arraia-saiba-quais-sao-as-quermesses-de-ribeirao-preto-neste-fim-de-semana\/","url_meta":{"origin":70294,"position":2},"title":"Rota do Arrai\u00e1: Saiba quais s\u00e3o as quermesses de Ribeir\u00e3o Preto neste fim de semana","author":"noticiasribeiraopreto.com.br","date":"6 de June de 2025","format":false,"excerpt":"A Rota do Arrai\u00e1 (clique aqui)\u00a0re\u00fane as quermesses que acontecem em diferentes locais de Ribeir\u00e3o Preto e regi\u00e3o. Neste fim de semana, acontece nove festas t\u00edpicas na cidade, com musica ao vivo, bingo e brincadeiras. Veja a programa\u00e7\u00e3o: 2\u00ba Arrai\u00e1 Solid\u00e1rio APAE A Associa\u00e7\u00e3o de Pais e Amigos dos Expecionais\u2026","rel":"","context":"In &quot;Not\u00edcias de Ribeir\u00e3o Preto-SP e Regi\u00e3o&quot;","block_context":{"text":"Not\u00edcias de Ribeir\u00e3o Preto-SP e Regi\u00e3o","link":"https:\/\/noticiasribeiraopreto.com.br\/index.php\/category\/noticias-de-ribeirao-preto-sp-e-regiao-ismael-colosi\/"},"img":{"alt_text":"","src":"https:\/\/i0.wp.com\/noticiasribeiraopreto.com.br\/wp-content\/uploads\/2024\/05\/quermesse_2024-05-07_13-34-01_jpg_2024-05-07_13-34-01.webp.webp?fit=582%2C393&ssl=1&resize=350%2C200","width":350,"height":200,"srcset":"https:\/\/i0.wp.com\/noticiasribeiraopreto.com.br\/wp-content\/uploads\/2024\/05\/quermesse_2024-05-07_13-34-01_jpg_2024-05-07_13-34-01.webp.webp?fit=582%2C393&ssl=1&resize=350%2C200 1x, https:\/\/i0.wp.com\/noticiasribeiraopreto.com.br\/wp-content\/uploads\/2024\/05\/quermesse_2024-05-07_13-34-01_jpg_2024-05-07_13-34-01.webp.webp?fit=582%2C393&ssl=1&resize=525%2C300 1.5x"},"classes":[]},{"id":70061,"url":"https:\/\/noticiasribeiraopreto.com.br\/index.php\/2025\/05\/22\/quermesse-celebra-dia-de-santa-rita-em-ribeirao-preto-veja-a-programacao\/","url_meta":{"origin":70294,"position":3},"title":"Quermesse celebra dia de Santa Rita em Ribeir\u00e3o Preto; Veja a programa\u00e7\u00e3o","author":"noticiasribeiraopreto.com.br","date":"22 de May de 2025","format":false,"excerpt":"O dia de Santa Rita de C\u00e1ssia \u00e9 celebrado nesta quinta-feira (22) com missas e quermesse na Par\u00f3quia Santa Rita de C\u00e1ssia, no Jardim Independ\u00eancia, em Ribeir\u00e3o Preto. A entrada \u00e9 gratuita. LEIA TAMB\u00c9MConfira todas as quermesses de Ribeir\u00e3o Preto e regi\u00e3o Santa Rita de C\u00e1ssia nasceu na It\u00e1lia, em\u2026","rel":"","context":"In &quot;Not\u00edcias de Ribeir\u00e3o Preto-SP e Regi\u00e3o&quot;","block_context":{"text":"Not\u00edcias de Ribeir\u00e3o Preto-SP e Regi\u00e3o","link":"https:\/\/noticiasribeiraopreto.com.br\/index.php\/category\/noticias-de-ribeirao-preto-sp-e-regiao-ismael-colosi\/"},"img":{"alt_text":"","src":"https:\/\/i0.wp.com\/noticiasribeiraopreto.com.br\/wp-content\/uploads\/2025\/05\/ShoppingdeRibeiroPretopromovefestajuninaejulinacombalonismo_Tamanho_2_image.jpg?fit=1200%2C900&ssl=1&resize=350%2C200","width":350,"height":200,"srcset":"https:\/\/i0.wp.com\/noticiasribeiraopreto.com.br\/wp-content\/uploads\/2025\/05\/ShoppingdeRibeiroPretopromovefestajuninaejulinacombalonismo_Tamanho_2_image.jpg?fit=1200%2C900&ssl=1&resize=350%2C200 1x, https:\/\/i0.wp.com\/noticiasribeiraopreto.com.br\/wp-content\/uploads\/2025\/05\/ShoppingdeRibeiroPretopromovefestajuninaejulinacombalonismo_Tamanho_2_image.jpg?fit=1200%2C900&ssl=1&resize=525%2C300 1.5x, https:\/\/i0.wp.com\/noticiasribeiraopreto.com.br\/wp-content\/uploads\/2025\/05\/ShoppingdeRibeiroPretopromovefestajuninaejulinacombalonismo_Tamanho_2_image.jpg?fit=1200%2C900&ssl=1&resize=700%2C400 2x, https:\/\/i0.wp.com\/noticiasribeiraopreto.com.br\/wp-content\/uploads\/2025\/05\/ShoppingdeRibeiroPretopromovefestajuninaejulinacombalonismo_Tamanho_2_image.jpg?fit=1200%2C900&ssl=1&resize=1050%2C600 3x"},"classes":[]},{"id":50984,"url":"https:\/\/noticiasribeiraopreto.com.br\/index.php\/2024\/05\/22\/catedral-e-sete-capelas-em-ribeirao-fazem-missas-de-santa-rita-nesta-quarta\/","url_meta":{"origin":70294,"position":4},"title":"Catedral e Sete Capelas em Ribeir\u00e3o fazem missas de Santa Rita nesta quarta","author":"noticiasribeiraopreto.com.br","date":"22 de May de 2024","format":false,"excerpt":"A Catedral de S\u00e3o Sebasti\u00e3o e o Santu\u00e1rio das Sete Capelas, em Ribeir\u00e3o Preto, ter\u00e3o missas pelo Dia de Santa Rita de C\u00e1ssia, nesta quarta-feira (22). Confira: Catedral de S\u00e3o Sebasti\u00e3o Missas: 7h30 \/ 12h \/ 18h30 Em todas as celebra\u00e7\u00f5es haver\u00e1 ben\u00e7\u00e3o de rosas Endere\u00e7o: Pra\u00e7a das Bandeiras, s\/n\u00ba\u2026","rel":"","context":"In &quot;Not\u00edcias de Ribeir\u00e3o Preto-SP e Regi\u00e3o&quot;","block_context":{"text":"Not\u00edcias de Ribeir\u00e3o Preto-SP e Regi\u00e3o","link":"https:\/\/noticiasribeiraopreto.com.br\/index.php\/category\/noticias-de-ribeirao-preto-sp-e-regiao-ismael-colosi\/"},"img":{"alt_text":"","src":"https:\/\/i0.wp.com\/noticiasribeiraopreto.com.br\/wp-content\/uploads\/2024\/05\/catedral_ribeirao_1024x576_15082020124433.jpg?fit=1024%2C576&ssl=1&resize=350%2C200","width":350,"height":200,"srcset":"https:\/\/i0.wp.com\/noticiasribeiraopreto.com.br\/wp-content\/uploads\/2024\/05\/catedral_ribeirao_1024x576_15082020124433.jpg?fit=1024%2C576&ssl=1&resize=350%2C200 1x, https:\/\/i0.wp.com\/noticiasribeiraopreto.com.br\/wp-content\/uploads\/2024\/05\/catedral_ribeirao_1024x576_15082020124433.jpg?fit=1024%2C576&ssl=1&resize=525%2C300 1.5x, https:\/\/i0.wp.com\/noticiasribeiraopreto.com.br\/wp-content\/uploads\/2024\/05\/catedral_ribeirao_1024x576_15082020124433.jpg?fit=1024%2C576&ssl=1&resize=700%2C400 2x"},"classes":[]},{"id":49108,"url":"https:\/\/noticiasribeiraopreto.com.br\/index.php\/2024\/05\/08\/paroquia-de-ribeirao-preto-tem-quermesse-com-comidas-tipicas-jogos-e-bingo-veja-quando\/","url_meta":{"origin":70294,"position":5},"title":"Par\u00f3quia de Ribeir\u00e3o Preto tem quermesse com comidas t\u00edpicas, jogos e bingo; Veja quando","author":"noticiasribeiraopreto.com.br","date":"8 de May de 2024","format":false,"excerpt":"A Festa da Padroeira da Par\u00f3quia Nossa Senhora de F\u00e1tima (Estigmatinos), no Jardim Sumar\u00e9, zona Sul de Ribeir\u00e3o Preto, acontece entre os dias 4 e 13 de maio. Al\u00e9m da novena e da solenidade a Santa, a programa\u00e7\u00e3o da festa conta com uma quermesse nos dias 10, 11 e 12\u2026","rel":"","context":"In &quot;Not\u00edcias de Ribeir\u00e3o Preto-SP e Regi\u00e3o&quot;","block_context":{"text":"Not\u00edcias de Ribeir\u00e3o Preto-SP e Regi\u00e3o","link":"https:\/\/noticiasribeiraopreto.com.br\/index.php\/category\/noticias-de-ribeirao-preto-sp-e-regiao-ismael-colosi\/"},"img":{"alt_text":"","src":"https:\/\/i0.wp.com\/noticiasribeiraopreto.com.br\/wp-content\/uploads\/2024\/05\/ShoppingdeRibeiroPretopromovefestajuninaejulinacombalonismo_Tamanho_2_image.jpg?fit=1200%2C900&ssl=1&resize=350%2C200","width":350,"height":200,"srcset":"https:\/\/i0.wp.com\/noticiasribeiraopreto.com.br\/wp-content\/uploads\/2024\/05\/ShoppingdeRibeiroPretopromovefestajuninaejulinacombalonismo_Tamanho_2_image.jpg?fit=1200%2C900&ssl=1&resize=350%2C200 1x, https:\/\/i0.wp.com\/noticiasribeiraopreto.com.br\/wp-content\/uploads\/2024\/05\/ShoppingdeRibeiroPretopromovefestajuninaejulinacombalonismo_Tamanho_2_image.jpg?fit=1200%2C900&ssl=1&resize=525%2C300 1.5x, https:\/\/i0.wp.com\/noticiasribeiraopreto.com.br\/wp-content\/uploads\/2024\/05\/ShoppingdeRibeiroPretopromovefestajuninaejulinacombalonismo_Tamanho_2_image.jpg?fit=1200%2C900&ssl=1&resize=700%2C400 2x, https:\/\/i0.wp.com\/noticiasribeiraopreto.com.br\/wp-content\/uploads\/2024\/05\/ShoppingdeRibeiroPretopromovefestajuninaejulinacombalonismo_Tamanho_2_image.jpg?fit=1200%2C900&ssl=1&resize=1050%2C600 3x"},"classes":[]}],"jetpack_sharing_enabled":true,"jetpack_shortlink":"https:\/\/wp.me\/peQAOb-ihM","_links":{"self":[{"href":"https:\/\/noticiasribeiraopreto.com.br\/index.php\/wp-json\/wp\/v2\/posts\/70294","targetHints":{"allow":["GET"]}}],"collection":[{"href":"https:\/\/noticiasribeiraopreto.com.br\/index.php\/wp-json\/wp\/v2\/posts"}],"about":[{"href":"https:\/\/noticiasribeiraopreto.com.br\/index.php\/wp-json\/wp\/v2\/types\/post"}],"author":[{"embeddable":true,"href":"https:\/\/noticiasribeiraopreto.com.br\/index.php\/wp-json\/wp\/v2\/users\/1"}],"replies":[{"embeddable":true,"href":"https:\/\/noticiasribeiraopreto.com.br\/index.php\/wp-json\/wp\/v2\/comments?post=70294"}],"version-history":[{"count":0,"href":"https:\/\/noticiasribeiraopreto.com.br\/index.php\/wp-json\/wp\/v2\/posts\/70294\/revisions"}],"wp:featuredmedia":[{"embeddable":true,"href":"https:\/\/noticiasribeiraopreto.com.br\/index.php\/wp-json\/wp\/v2\/media\/70295"}],"wp:attachment":[{"href":"https:\/\/noticiasribeiraopreto.com.br\/index.php\/wp-json\/wp\/v2\/media?parent=70294"}],"wp:term":[{"taxonomy":"category","embeddable":true,"href":"https:\/\/noticiasribeiraopreto.com.br\/index.php\/wp-json\/wp\/v2\/categories?post=70294"},{"taxonomy":"post_tag","embeddable":true,"href":"https:\/\/noticiasribeiraopreto.com.br\/index.php\/wp-json\/wp\/v2\/tags?post=70294"}],"curies":[{"name":"wp","href":"https:\/\/api.w.org\/{rel}","templated":true}]}}