{"id":70296,"date":"2025-05-24T16:28:23","date_gmt":"2025-05-24T19:28:23","guid":{"rendered":"https:\/\/noticiasribeiraopreto.com.br\/index.php\/2025\/05\/24\/policiais-salvam-bebe-de-engasgo-com-manobra-de-heimlich\/"},"modified":"2025-05-24T16:28:23","modified_gmt":"2025-05-24T19:28:23","slug":"policiais-salvam-bebe-de-engasgo-com-manobra-de-heimlich","status":"publish","type":"post","link":"https:\/\/noticiasribeiraopreto.com.br\/index.php\/2025\/05\/24\/policiais-salvam-bebe-de-engasgo-com-manobra-de-heimlich\/","title":{"rendered":"Policiais salvam beb\u00ea de engasgo com manobra de Heimlich"},"content":{"rendered":"<p> <br \/>\n<\/p>\n<div data-td-block-uid=\"tdi_95\">\n<div class=\"tdb-block-inner td-fix-index\">\n<p>Uma equipe da <strong>Pol\u00edcia Militar<\/strong> salvou um beb\u00ea engasgado na manh\u00e3 deste <strong>s\u00e1bado (24)<\/strong>, em <strong>Pitangueiras<\/strong>, cidade na regi\u00e3o de <strong>Ribeir\u00e3o Preto<\/strong>, durante um patrulhamento de rotina.<\/p>\n<p>A m\u00e3e da crian\u00e7a abordou os agentes pedindo ajuda, ap\u00f3s perceber que a filha, <strong>Maria Manuela<\/strong>, havia se engasgado dentro do carro.<\/p>\n<p>Os policiais realizaram a <strong>manobra de Heimlich<\/strong> para desengasgar a beb\u00ea. Ap\u00f3s alguns segundos, <strong>Maria Manuela<\/strong> voltou a respirar e chorou.<\/p>\n<p>Em seguida, todos foram levados at\u00e9 a <strong>Santa Casa<\/strong> do munic\u00edpio, onde a beb\u00ea recebeu atendimento m\u00e9dico e permanece em observa\u00e7\u00e3o. O estado de sa\u00fade dela \u00e9 est\u00e1vel e n\u00e3o h\u00e1 risco de complica\u00e7\u00f5es.<\/p>\n<p>SAIBA MAIS<br \/>M\u00fasica, teatro e circo: veja programa\u00e7\u00e3o de Feira do Livro na regi\u00e3o de Ribeir\u00e3o<\/p>\n<h4 class=\"wp-block-heading\"><strong>FIQUE ON<\/strong><\/h4>\n<p>Fique ligado em tudo que acontece em Ribeir\u00e3o Preto e regi\u00e3o. Siga os perfis do <strong>acidade on <\/strong>no <a href=\"https:\/\/www.instagram.com\/acidadeonribeirao\" target=\"_blank\" rel=\"noreferrer noopener\">Instagram<\/a> e no <a href=\"https:\/\/www.facebook.com\/acidadeonribeirao\" target=\"_blank\" rel=\"noreferrer noopener\">Facebook<\/a>.<\/p>\n<p>Receba not\u00edcias do <strong>acidade on<\/strong> no WhatsApp. Para entrar no grupo, basta <a href=\"https:\/\/chat.whatsapp.com\/BjKQZ9oJwlz8VVT50NuePq\" target=\"_blank\" rel=\"noreferrer noopener\">clicar aqui<\/a>.<\/p>\n<p>Fa\u00e7a uma den\u00fancia ou sugira uma reportagem sobre Ribeir\u00e3o Preto e regi\u00e3o pelo WhatsApp: 16 99117 7802.<\/p>\n<p>VEJA TAMB\u00c9M<br \/>Quais as diferen\u00e7as entre esses gnomos e duendes?<\/p>\n<p><!-- CONTENT END 1 -->\n<\/div>\n<\/div>\n<p><script async src=\"\/\/www.instagram.com\/embed.js\"><\/script><br \/>\n<br \/><br \/>\n<br \/><a href=\"https:\/\/www.acidadeon.com\/ribeiraopreto\/cotidiano\/policiais-salvam-bebe-engasgo-com-manobra-de-heimlich\/\">Source link <\/a><\/p>\n","protected":false},"excerpt":{"rendered":"<p>Uma equipe da Pol\u00edcia Militar salvou um beb\u00ea engasgado na manh\u00e3 deste s\u00e1bado (24), em Pitangueiras, cidade na regi\u00e3o de Ribeir\u00e3o Preto, durante um patrulhamento&#8230;<\/p>\n","protected":false},"author":1,"featured_media":70297,"comment_status":"open","ping_status":"open","sticky":false,"template":"","format":"standard","meta":{"advanced_seo_description":"","jetpack_seo_html_title":"","jetpack_seo_noindex":false,"jetpack_post_was_ever_published":false,"_jetpack_newsletter_access":"","_jetpack_dont_email_post_to_subs":false,"_jetpack_newsletter_tier_id":0,"_jetpack_memberships_contains_paywalled_content":false,"_jetpack_memberships_contains_paid_content":false,"footnotes":"","jetpack_publicize_message":"","jetpack_publicize_feature_enabled":true,"jetpack_social_post_already_shared":true,"jetpack_social_options":{"image_generator_settings":{"template":"highway","default_image_id":0,"font":"","enabled":false},"version":2}},"categories":[11],"tags":[],"class_list":["post-70296","post","type-post","status-publish","format-standard","has-post-thumbnail","hentry","category-noticias-de-ribeirao-preto-sp-e-regiao-ismael-colosi"],"jetpack_publicize_connections":[],"jetpack_featured_media_url":"https:\/\/i0.wp.com\/noticiasribeiraopreto.com.br\/wp-content\/uploads\/2025\/05\/bebe-pm_2025-05-24_17-38-45.webp.webp?fit=987%2C785&ssl=1","jetpack-related-posts":[{"id":64466,"url":"https:\/\/noticiasribeiraopreto.com.br\/index.php\/2025\/03\/08\/socorristas-salvam-recem-nascido-engasgado-duas-vezes-no-interior-de-sp-video\/","url_meta":{"origin":70296,"position":0},"title":"Socorristas salvam rec\u00e9m-nascido engasgado duas vezes no interior de SP; V\u00eddeo","author":"noticiasribeiraopreto.com.br","date":"8 de March de 2025","format":false,"excerpt":"Uma equipe de socorristas salvou um rec\u00e9m-nascido que se engasgou por duas vezes em um intervalo de 25 dias. As interven\u00e7\u00f5es ocorreram nos dias 26 de janeiro e 20 de fevereiro, na base operacional da concession\u00e1ria Arteris ViaPaulista, localizada na rodovia Engenheiro Ronan Rocha (SP-345), em Patroc\u00ednio Paulista, cidade a\u2026","rel":"","context":"In &quot;Not\u00edcias de Ribeir\u00e3o Preto-SP e Regi\u00e3o&quot;","block_context":{"text":"Not\u00edcias de Ribeir\u00e3o Preto-SP e Regi\u00e3o","link":"https:\/\/noticiasribeiraopreto.com.br\/index.php\/category\/noticias-de-ribeirao-preto-sp-e-regiao-ismael-colosi\/"},"img":{"alt_text":"","src":"https:\/\/i0.wp.com\/noticiasribeiraopreto.com.br\/wp-content\/uploads\/2025\/03\/BEBE_2025-03-08_15-48-44_jpg_2025-03-08_15-48-45.webp.webp?fit=1200%2C753&ssl=1&resize=350%2C200","width":350,"height":200,"srcset":"https:\/\/i0.wp.com\/noticiasribeiraopreto.com.br\/wp-content\/uploads\/2025\/03\/BEBE_2025-03-08_15-48-44_jpg_2025-03-08_15-48-45.webp.webp?fit=1200%2C753&ssl=1&resize=350%2C200 1x, https:\/\/i0.wp.com\/noticiasribeiraopreto.com.br\/wp-content\/uploads\/2025\/03\/BEBE_2025-03-08_15-48-44_jpg_2025-03-08_15-48-45.webp.webp?fit=1200%2C753&ssl=1&resize=525%2C300 1.5x, https:\/\/i0.wp.com\/noticiasribeiraopreto.com.br\/wp-content\/uploads\/2025\/03\/BEBE_2025-03-08_15-48-44_jpg_2025-03-08_15-48-45.webp.webp?fit=1200%2C753&ssl=1&resize=700%2C400 2x, https:\/\/i0.wp.com\/noticiasribeiraopreto.com.br\/wp-content\/uploads\/2025\/03\/BEBE_2025-03-08_15-48-44_jpg_2025-03-08_15-48-45.webp.webp?fit=1200%2C753&ssl=1&resize=1050%2C600 3x"},"classes":[]},{"id":68895,"url":"https:\/\/noticiasribeiraopreto.com.br\/index.php\/2025\/04\/30\/bebe-e-salva-pela-gcm-apos-se-engasgar-na-regiao-de-ribeirao-preto\/","url_meta":{"origin":70296,"position":1},"title":"Beb\u00ea \u00e9 salva pela GCM ap\u00f3s se engasgar na regi\u00e3o de Ribeir\u00e3o Preto","author":"noticiasribeiraopreto.com.br","date":"30 de April de 2025","format":false,"excerpt":"Uma beb\u00ea de um m\u00eas foi salva nesta ter\u00e7a-feira (29), ap\u00f3s se engasgar com leite materno em Batatais, cidade a aproximadamente 40 quil\u00f4metros de Ribeir\u00e3o Preto. A av\u00f3 da crian\u00e7a foi at\u00e9 a sede da corpora\u00e7\u00e3o em busca de socorro. Imediatamente, foi realizada a manobra de Heimlich adaptada para beb\u00eas,\u2026","rel":"","context":"In &quot;Not\u00edcias de Ribeir\u00e3o Preto-SP e Regi\u00e3o&quot;","block_context":{"text":"Not\u00edcias de Ribeir\u00e3o Preto-SP e Regi\u00e3o","link":"https:\/\/noticiasribeiraopreto.com.br\/index.php\/category\/noticias-de-ribeirao-preto-sp-e-regiao-ismael-colosi\/"},"img":{"alt_text":"","src":"https:\/\/i0.wp.com\/noticiasribeiraopreto.com.br\/wp-content\/uploads\/2025\/04\/BEBE_2025-04-30_09-50-08.webp.webp?fit=1200%2C813&ssl=1&resize=350%2C200","width":350,"height":200,"srcset":"https:\/\/i0.wp.com\/noticiasribeiraopreto.com.br\/wp-content\/uploads\/2025\/04\/BEBE_2025-04-30_09-50-08.webp.webp?fit=1200%2C813&ssl=1&resize=350%2C200 1x, https:\/\/i0.wp.com\/noticiasribeiraopreto.com.br\/wp-content\/uploads\/2025\/04\/BEBE_2025-04-30_09-50-08.webp.webp?fit=1200%2C813&ssl=1&resize=525%2C300 1.5x, https:\/\/i0.wp.com\/noticiasribeiraopreto.com.br\/wp-content\/uploads\/2025\/04\/BEBE_2025-04-30_09-50-08.webp.webp?fit=1200%2C813&ssl=1&resize=700%2C400 2x, https:\/\/i0.wp.com\/noticiasribeiraopreto.com.br\/wp-content\/uploads\/2025\/04\/BEBE_2025-04-30_09-50-08.webp.webp?fit=1200%2C813&ssl=1&resize=1050%2C600 3x"},"classes":[]},{"id":64572,"url":"https:\/\/noticiasribeiraopreto.com.br\/index.php\/2025\/03\/10\/jornal-da-franca-bebe-de-2-meses-foi-salvo-de-engasgo-2-vezes-em-menos-de-um-mes-na-regiao-de-franca\/","url_meta":{"origin":70296,"position":2},"title":"Jornal da Franca &#8211; Beb\u00ea de 2 meses foi salvo de engasgo 2 vezes em menos de um m\u00eas na regi\u00e3o de Franca","author":"noticiasribeiraopreto.com.br","date":"10 de March de 2025","format":false,"excerpt":"Socorrista da Arteris ViaPaulista, Jane Ester Geraldo foi quem realizou as duas manobras de Heimlich (procedimento padr\u00e3o usado em casos de engasgo) em Ravi. Ela conta que, na primeira vez que o beb\u00ea precisou de ajuda, estava sentada quando escutou um pedido de socorro. \u201cDe repente, olhei na porta, a\u2026","rel":"","context":"In &quot;Not\u00edcias de Franca-SP&quot;","block_context":{"text":"Not\u00edcias de Franca-SP","link":"https:\/\/noticiasribeiraopreto.com.br\/index.php\/category\/noticias-de-ribeirao-preto-sp-e-regiao-ismael-colosi\/noticias-franca-sp\/"},"img":{"alt_text":"","src":"https:\/\/i0.wp.com\/noticiasribeiraopreto.com.br\/wp-content\/uploads\/2025\/03\/c4afa93c-401d-4f3c-aa3b-528dac559269-1.jpg?fit=984%2C616&ssl=1&resize=350%2C200","width":350,"height":200,"srcset":"https:\/\/i0.wp.com\/noticiasribeiraopreto.com.br\/wp-content\/uploads\/2025\/03\/c4afa93c-401d-4f3c-aa3b-528dac559269-1.jpg?fit=984%2C616&ssl=1&resize=350%2C200 1x, https:\/\/i0.wp.com\/noticiasribeiraopreto.com.br\/wp-content\/uploads\/2025\/03\/c4afa93c-401d-4f3c-aa3b-528dac559269-1.jpg?fit=984%2C616&ssl=1&resize=525%2C300 1.5x, https:\/\/i0.wp.com\/noticiasribeiraopreto.com.br\/wp-content\/uploads\/2025\/03\/c4afa93c-401d-4f3c-aa3b-528dac559269-1.jpg?fit=984%2C616&ssl=1&resize=700%2C400 2x"},"classes":[]},{"id":59096,"url":"https:\/\/noticiasribeiraopreto.com.br\/index.php\/2024\/10\/14\/crianca-e-hospitalizada-na-regiao-de-ribeirao-apos-engolir-moeda\/","url_meta":{"origin":70296,"position":3},"title":"Crian\u00e7a \u00e9 hospitalizada na regi\u00e3o de Ribeir\u00e3o ap\u00f3s engolir moeda","author":"noticiasribeiraopreto.com.br","date":"14 de October de 2024","format":false,"excerpt":"Uma crian\u00e7a de 7 anos foi hospitalizada ap\u00f3s engolir uma moeda de R$ 0,25 e ficar com o objeto preso na garganta. O caso aconteceu na sexta-feira (11), em Franca, na regi\u00e3o de Ribeir\u00e3o Preto. Apesar do susto, a crian\u00e7a passa bem. A m\u00e3e do menino, Ana Laura Paix\u00e3o, disse\u2026","rel":"","context":"In &quot;Not\u00edcias de Ribeir\u00e3o Preto-SP e Regi\u00e3o&quot;","block_context":{"text":"Not\u00edcias de Ribeir\u00e3o Preto-SP e Regi\u00e3o","link":"https:\/\/noticiasribeiraopreto.com.br\/index.php\/category\/noticias-de-ribeirao-preto-sp-e-regiao-ismael-colosi\/"},"img":{"alt_text":"","src":"https:\/\/i0.wp.com\/noticiasribeiraopreto.com.br\/wp-content\/uploads\/2024\/10\/Copia-de-Copia-de-Copia-de-TAMANHO-EXATO-PARA-FOTOS-NO-SISTEMA-NOVO-16_2024-10-14_19-57-50_png_2024-10-14_19-57-50.webp.webp?fit=1200%2C675&ssl=1&resize=350%2C200","width":350,"height":200,"srcset":"https:\/\/i0.wp.com\/noticiasribeiraopreto.com.br\/wp-content\/uploads\/2024\/10\/Copia-de-Copia-de-Copia-de-TAMANHO-EXATO-PARA-FOTOS-NO-SISTEMA-NOVO-16_2024-10-14_19-57-50_png_2024-10-14_19-57-50.webp.webp?fit=1200%2C675&ssl=1&resize=350%2C200 1x, https:\/\/i0.wp.com\/noticiasribeiraopreto.com.br\/wp-content\/uploads\/2024\/10\/Copia-de-Copia-de-Copia-de-TAMANHO-EXATO-PARA-FOTOS-NO-SISTEMA-NOVO-16_2024-10-14_19-57-50_png_2024-10-14_19-57-50.webp.webp?fit=1200%2C675&ssl=1&resize=525%2C300 1.5x, https:\/\/i0.wp.com\/noticiasribeiraopreto.com.br\/wp-content\/uploads\/2024\/10\/Copia-de-Copia-de-Copia-de-TAMANHO-EXATO-PARA-FOTOS-NO-SISTEMA-NOVO-16_2024-10-14_19-57-50_png_2024-10-14_19-57-50.webp.webp?fit=1200%2C675&ssl=1&resize=700%2C400 2x, https:\/\/i0.wp.com\/noticiasribeiraopreto.com.br\/wp-content\/uploads\/2024\/10\/Copia-de-Copia-de-Copia-de-TAMANHO-EXATO-PARA-FOTOS-NO-SISTEMA-NOVO-16_2024-10-14_19-57-50_png_2024-10-14_19-57-50.webp.webp?fit=1200%2C675&ssl=1&resize=1050%2C600 3x"},"classes":[]},{"id":57477,"url":"https:\/\/noticiasribeiraopreto.com.br\/index.php\/2024\/09\/02\/bebe-de-3-meses-morre-com-suspeita-de-engasgo-em-ribeirao-preto\/","url_meta":{"origin":70296,"position":4},"title":"Beb\u00ea de 3 meses morre com suspeita de engasgo em Ribeir\u00e3o Preto","author":"noticiasribeiraopreto.com.br","date":"2 de September de 2024","format":false,"excerpt":"Uma beb\u00ea de 3 meses morreu na manh\u00e3 do \u00faltimo s\u00e1bado (31) com suspeita de engasgamento ap\u00f3s a amamenta\u00e7\u00e3o em casa, no Jardim Orestes Lopes de Camargo, zona Norte de Ribeir\u00e3o Preto. Segundo o boletim de ocorr\u00eancia (BO), a crian\u00e7a foi levada para a UPA Norte j\u00e1 sem a pulsa\u00e7\u00e3o,\u2026","rel":"","context":"In &quot;Not\u00edcias de Ribeir\u00e3o Preto-SP e Regi\u00e3o&quot;","block_context":{"text":"Not\u00edcias de Ribeir\u00e3o Preto-SP e Regi\u00e3o","link":"https:\/\/noticiasribeiraopreto.com.br\/index.php\/category\/noticias-de-ribeirao-preto-sp-e-regiao-ismael-colosi\/"},"img":{"alt_text":"","src":"https:\/\/i0.wp.com\/noticiasribeiraopreto.com.br\/wp-content\/uploads\/2024\/09\/UPA-NORTE.jpg?fit=1200%2C799&ssl=1&resize=350%2C200","width":350,"height":200,"srcset":"https:\/\/i0.wp.com\/noticiasribeiraopreto.com.br\/wp-content\/uploads\/2024\/09\/UPA-NORTE.jpg?fit=1200%2C799&ssl=1&resize=350%2C200 1x, https:\/\/i0.wp.com\/noticiasribeiraopreto.com.br\/wp-content\/uploads\/2024\/09\/UPA-NORTE.jpg?fit=1200%2C799&ssl=1&resize=525%2C300 1.5x, https:\/\/i0.wp.com\/noticiasribeiraopreto.com.br\/wp-content\/uploads\/2024\/09\/UPA-NORTE.jpg?fit=1200%2C799&ssl=1&resize=700%2C400 2x, https:\/\/i0.wp.com\/noticiasribeiraopreto.com.br\/wp-content\/uploads\/2024\/09\/UPA-NORTE.jpg?fit=1200%2C799&ssl=1&resize=1050%2C600 3x"},"classes":[]},{"id":39241,"url":"https:\/\/noticiasribeiraopreto.com.br\/index.php\/2024\/02\/24\/bebe-morre-apos-ser-atacado-por-cachorro-na-regiao-de-ribeirao-preto\/","url_meta":{"origin":70296,"position":5},"title":"Beb\u00ea morre ap\u00f3s ser atacado por cachorro na regi\u00e3o de Ribeir\u00e3o Preto","author":"noticiasribeiraopreto.com.br","date":"24 de February de 2024","format":false,"excerpt":"Um beb\u00ea de apenas 11 meses morreu ap\u00f3s ser atacado por um cachorro na noite da \u00faltima sexta-feira (23), em Bebedouro, na regi\u00e3o de Ribeir\u00e3o Preto. A crian\u00e7a chegou a ser levada para UPA (Unidade de Pronto Atendimento) da cidade, mas n\u00e3o resistiu aos ferimentos. De acordo com a Guarda\u2026","rel":"","context":"In &quot;Not\u00edcias de Ribeir\u00e3o Preto-SP e Regi\u00e3o&quot;","block_context":{"text":"Not\u00edcias de Ribeir\u00e3o Preto-SP e Regi\u00e3o","link":"https:\/\/noticiasribeiraopreto.com.br\/index.php\/category\/noticias-de-ribeirao-preto-sp-e-regiao-ismael-colosi\/"},"img":{"alt_text":"","src":"https:\/\/i0.wp.com\/noticiasribeiraopreto.com.br\/wp-content\/uploads\/2024\/02\/WhatsApp-Image-2023-10-16-at-09.34.32-1.jpeg?fit=1080%2C1080&ssl=1&resize=350%2C200","width":350,"height":200,"srcset":"https:\/\/i0.wp.com\/noticiasribeiraopreto.com.br\/wp-content\/uploads\/2024\/02\/WhatsApp-Image-2023-10-16-at-09.34.32-1.jpeg?fit=1080%2C1080&ssl=1&resize=350%2C200 1x, https:\/\/i0.wp.com\/noticiasribeiraopreto.com.br\/wp-content\/uploads\/2024\/02\/WhatsApp-Image-2023-10-16-at-09.34.32-1.jpeg?fit=1080%2C1080&ssl=1&resize=525%2C300 1.5x, https:\/\/i0.wp.com\/noticiasribeiraopreto.com.br\/wp-content\/uploads\/2024\/02\/WhatsApp-Image-2023-10-16-at-09.34.32-1.jpeg?fit=1080%2C1080&ssl=1&resize=700%2C400 2x, https:\/\/i0.wp.com\/noticiasribeiraopreto.com.br\/wp-content\/uploads\/2024\/02\/WhatsApp-Image-2023-10-16-at-09.34.32-1.jpeg?fit=1080%2C1080&ssl=1&resize=1050%2C600 3x"},"classes":[]}],"jetpack_sharing_enabled":true,"jetpack_shortlink":"https:\/\/wp.me\/peQAOb-ihO","_links":{"self":[{"href":"https:\/\/noticiasribeiraopreto.com.br\/index.php\/wp-json\/wp\/v2\/posts\/70296","targetHints":{"allow":["GET"]}}],"collection":[{"href":"https:\/\/noticiasribeiraopreto.com.br\/index.php\/wp-json\/wp\/v2\/posts"}],"about":[{"href":"https:\/\/noticiasribeiraopreto.com.br\/index.php\/wp-json\/wp\/v2\/types\/post"}],"author":[{"embeddable":true,"href":"https:\/\/noticiasribeiraopreto.com.br\/index.php\/wp-json\/wp\/v2\/users\/1"}],"replies":[{"embeddable":true,"href":"https:\/\/noticiasribeiraopreto.com.br\/index.php\/wp-json\/wp\/v2\/comments?post=70296"}],"version-history":[{"count":0,"href":"https:\/\/noticiasribeiraopreto.com.br\/index.php\/wp-json\/wp\/v2\/posts\/70296\/revisions"}],"wp:featuredmedia":[{"embeddable":true,"href":"https:\/\/noticiasribeiraopreto.com.br\/index.php\/wp-json\/wp\/v2\/media\/70297"}],"wp:attachment":[{"href":"https:\/\/noticiasribeiraopreto.com.br\/index.php\/wp-json\/wp\/v2\/media?parent=70296"}],"wp:term":[{"taxonomy":"category","embeddable":true,"href":"https:\/\/noticiasribeiraopreto.com.br\/index.php\/wp-json\/wp\/v2\/categories?post=70296"},{"taxonomy":"post_tag","embeddable":true,"href":"https:\/\/noticiasribeiraopreto.com.br\/index.php\/wp-json\/wp\/v2\/tags?post=70296"}],"curies":[{"name":"wp","href":"https:\/\/api.w.org\/{rel}","templated":true}]}}