{"id":70298,"date":"2025-05-24T16:35:45","date_gmt":"2025-05-24T19:35:45","guid":{"rendered":"https:\/\/noticiasribeiraopreto.com.br\/index.php\/2025\/05\/24\/pix-automatico-o-novo-sistema-de-pagamentos-chega-em-junho-entenda-como-funciona\/"},"modified":"2025-05-24T16:35:45","modified_gmt":"2025-05-24T19:35:45","slug":"pix-automatico-o-novo-sistema-de-pagamentos-chega-em-junho-entenda-como-funciona","status":"publish","type":"post","link":"https:\/\/noticiasribeiraopreto.com.br\/index.php\/2025\/05\/24\/pix-automatico-o-novo-sistema-de-pagamentos-chega-em-junho-entenda-como-funciona\/","title":{"rendered":"Pix Autom\u00e1tico: O novo sistema de pagamentos chega em junho; Entenda como funciona"},"content":{"rendered":"<p> <br \/>\n<\/p>\n<div>\n<p>O <strong><a href=\"https:\/\/www.bcb.gov.br\/estabilidadefinanceira\/pix-automatico\">Banco Central <\/a><\/strong>vai lan\u00e7ar no <mark style=\"background-color:#fcb900\" class=\"has-inline-color has-black-color\">pr\u00f3ximo dia 16 de junho<\/mark> o <strong>Pix Autom\u00e1tico<\/strong>. A nova modalidade do Pix tem o objetivo de facilitar a vida de quem usa, permitindo que pagamentos recorrentes sejam feitos de forma autom\u00e1tica.<\/p>\n<p>O Banco Central afirma que a medida vai diminuir o custo operacional e reduzir a inadimpl\u00eancia, al\u00e9m de oferecer uma nova forma de pagamento para os clientes.<\/p>\n<p>Alguns bancos, como o Ita\u00fa, j\u00e1 oferecem a modalidade de pagamento desde abril. J\u00e1 o Banco do Brasil anunciou a novidade a partir do dia 29 de maio.<\/p>\n<h2 class=\"wp-block-heading\"><strong>Como funciona o Pix Autom\u00e1tico?<\/strong><\/h2>\n<p>O pagador precisa autorizar uma \u00fanica vez a opera\u00e7\u00e3o, sem precisar fazer um novo pagamento a cada nova cobran\u00e7a.<\/p>\n<p>Empresas como academias, escolas ou servi\u00e7os de streaming poder\u00e3o adotar o Pix Autom\u00e1tico como forma de pagamento de seus produtos ou servi\u00e7os.<\/p>\n<p>O pagador autoriza o pagamento das cobran\u00e7as e define regras, como o valor m\u00e1ximo de cada pagamento e se vai usar ou n\u00e3o linha de cr\u00e9dito.<\/p>\n<p>Periodicamente, nos dias anteriores ao pagamento, a empresa envia cobran\u00e7a ao banco do pagador.<\/p>\n<p>O banco do pagador agenda o pagamento e notifica o pagador, que pode conferir, antes do pagamento e no aplicativo da sua conta, se est\u00e1 tudo certo.<\/p>\n<p>No dia do pagamento, o banco do pagador efetiva o pagamento da cobran\u00e7a de acordo com as regras definidas na autoriza\u00e7\u00e3o.<\/p>\n<p>SAIBA MAIS<br \/>Gripe avi\u00e1ria pode chegar ao interior de SP? Infectologista explica o cen\u00e1rio<\/p>\n<h2 class=\"wp-block-heading\"><strong>FIQUE ON<\/strong><\/h2>\n<p>Fique ligado em tudo que acontece em Ribeir\u00e3o Preto e regi\u00e3o. Siga os perfis do\u00a0<strong>acidade on<\/strong>\u00a0no<a href=\"https:\/\/www.instagram.com\/acidadeonribeirao\">\u00a0Instagram<\/a>\u00a0e no\u00a0<a href=\"https:\/\/www.facebook.com\/acidadeonribeirao\/\">Facebook<\/a>.<\/p>\n<p>Receba not\u00edcias do<strong>\u00a0acidade on<\/strong>\u00a0no WhatsApp.\u00a0<a href=\"https:\/\/chat.whatsapp.com\/BjKQZ9oJwlz8VVT50NuePq\">Para entrar no grupo, basta clicar aqui.<\/a><\/p>\n<p>Fa\u00e7a uma den\u00fancia ou sugira uma reportagem sobre Ribeir\u00e3o Preto e regi\u00e3o pelo WhatsApp: 16 99117 7802.<\/p>\n<p>VEJA TAMB\u00c9M<br \/>Como consultar a restitui\u00e7\u00e3o do IR 2025?<\/p>\n<p><!-- CONTENT END 1 -->\n<\/div>\n<p><script async src=\"\/\/www.instagram.com\/embed.js\"><\/script><br \/>\n<br \/><br \/>\n<br \/><a href=\"https:\/\/www.acidadeon.com\/ribeiraopreto\/economia\/pix-automatico-o-novo-sistema-de-pagamentos-chega-em-junho-entenda-como-funciona\/\">Source link <\/a><\/p>\n","protected":false},"excerpt":{"rendered":"<p>O Banco Central vai lan\u00e7ar no pr\u00f3ximo dia 16 de junho o Pix Autom\u00e1tico. A nova modalidade do Pix tem o objetivo de facilitar a&#8230;<\/p>\n","protected":false},"author":1,"featured_media":70299,"comment_status":"open","ping_status":"open","sticky":false,"template":"","format":"standard","meta":{"advanced_seo_description":"","jetpack_seo_html_title":"","jetpack_seo_noindex":false,"jetpack_post_was_ever_published":false,"_jetpack_newsletter_access":"","_jetpack_dont_email_post_to_subs":false,"_jetpack_newsletter_tier_id":0,"_jetpack_memberships_contains_paywalled_content":false,"_jetpack_memberships_contains_paid_content":false,"footnotes":"","jetpack_publicize_message":"","jetpack_publicize_feature_enabled":true,"jetpack_social_post_already_shared":true,"jetpack_social_options":{"image_generator_settings":{"template":"highway","default_image_id":0,"font":"","enabled":false},"version":2}},"categories":[11],"tags":[],"class_list":["post-70298","post","type-post","status-publish","format-standard","has-post-thumbnail","hentry","category-noticias-de-ribeirao-preto-sp-e-regiao-ismael-colosi"],"jetpack_publicize_connections":[],"jetpack_featured_media_url":"https:\/\/i0.wp.com\/noticiasribeiraopreto.com.br\/wp-content\/uploads\/2025\/05\/pix-automatico_2025-05-24_16-21-21.webp.webp?fit=999%2C731&ssl=1","jetpack-related-posts":[{"id":12515,"url":"https:\/\/noticiasribeiraopreto.com.br\/index.php\/2023\/12\/08\/banco-central-define-quando-vai-lancar-o-pix-automatico-veja\/","url_meta":{"origin":70298,"position":0},"title":"Banco Central define quando vai lan\u00e7ar o PIX AUTOM\u00c1TICO; Veja","author":"noticiasribeiraopreto.com.br","date":"8 de December de 2023","format":false,"excerpt":"Voc\u00ea j\u00e1 ouviu falar no Pix Autom\u00e1tico? A nova fun\u00e7\u00e3o do sistema de pagamentos instant\u00e2neos j\u00e1 tem data definida para come\u00e7ar a valer no Brasil, e voc\u00ea n\u00e3o pode deixar de conferir. Em resumo, o lan\u00e7amento da nova funcionalidade do PIX dever\u00e1 acontecer com alguns meses de atraso. Inicialmente, o\u2026","rel":"","context":"In &quot;Vagas de Emprego em Ribeir\u00e3o Preto-SP&quot;","block_context":{"text":"Vagas de Emprego em Ribeir\u00e3o Preto-SP","link":"https:\/\/noticiasribeiraopreto.com.br\/index.php\/category\/empregos-classificados-vagas-trabalho\/vagas-de-empregos-em-ribeirao-preto-regiao-brasil\/"},"img":{"alt_text":"","src":"https:\/\/i0.wp.com\/noticiasribeiraopreto.com.br\/wp-content\/uploads\/2023\/12\/noticiasconcursos.com_.br-banco-central-bate-o-martelo-e-define-quando-vai-lancar-o-pix-automatico-confira-pix-agencia-brasil-1-750x430.jpg?fit=750%2C430&ssl=1&resize=350%2C200","width":350,"height":200,"srcset":"https:\/\/i0.wp.com\/noticiasribeiraopreto.com.br\/wp-content\/uploads\/2023\/12\/noticiasconcursos.com_.br-banco-central-bate-o-martelo-e-define-quando-vai-lancar-o-pix-automatico-confira-pix-agencia-brasil-1-750x430.jpg?fit=750%2C430&ssl=1&resize=350%2C200 1x, https:\/\/i0.wp.com\/noticiasribeiraopreto.com.br\/wp-content\/uploads\/2023\/12\/noticiasconcursos.com_.br-banco-central-bate-o-martelo-e-define-quando-vai-lancar-o-pix-automatico-confira-pix-agencia-brasil-1-750x430.jpg?fit=750%2C430&ssl=1&resize=525%2C300 1.5x, https:\/\/i0.wp.com\/noticiasribeiraopreto.com.br\/wp-content\/uploads\/2023\/12\/noticiasconcursos.com_.br-banco-central-bate-o-martelo-e-define-quando-vai-lancar-o-pix-automatico-confira-pix-agencia-brasil-1-750x430.jpg?fit=750%2C430&ssl=1&resize=700%2C400 2x"},"classes":[]},{"id":72370,"url":"https:\/\/noticiasribeiraopreto.com.br\/index.php\/2025\/06\/16\/pix-automatico-descubra-como-usar-e-quais-sao-as-regras\/","url_meta":{"origin":70298,"position":1},"title":"Pix autom\u00e1tico: Descubra como usar e quais s\u00e3o as regras","author":"noticiasribeiraopreto.com.br","date":"16 de June de 2025","format":false,"excerpt":"O pix autom\u00e1tico come\u00e7ou a funcionar nesta segunda-feira (16). A nova modalidade permite o pagamento autom\u00e1tico de contas recorrentes diretamente do banco do cliente, sem precisar repetir a opera\u00e7\u00e3o todos os meses. A ferramenta funciona como uma alternativa ao d\u00e9bito autom\u00e1tico tradicional e tamb\u00e9m ao cart\u00e3o de cr\u00e9dito, sendo \u00fatil\u2026","rel":"","context":"In &quot;Not\u00edcias de Ribeir\u00e3o Preto-SP e Regi\u00e3o&quot;","block_context":{"text":"Not\u00edcias de Ribeir\u00e3o Preto-SP e Regi\u00e3o","link":"https:\/\/noticiasribeiraopreto.com.br\/index.php\/category\/noticias-de-ribeirao-preto-sp-e-regiao-ismael-colosi\/"},"img":{"alt_text":"","src":"https:\/\/i0.wp.com\/noticiasribeiraopreto.com.br\/wp-content\/uploads\/2025\/06\/mg_5213_2025-02-27_12-55-31.webp.webp?fit=1170%2C700&ssl=1&resize=350%2C200","width":350,"height":200,"srcset":"https:\/\/i0.wp.com\/noticiasribeiraopreto.com.br\/wp-content\/uploads\/2025\/06\/mg_5213_2025-02-27_12-55-31.webp.webp?fit=1170%2C700&ssl=1&resize=350%2C200 1x, https:\/\/i0.wp.com\/noticiasribeiraopreto.com.br\/wp-content\/uploads\/2025\/06\/mg_5213_2025-02-27_12-55-31.webp.webp?fit=1170%2C700&ssl=1&resize=525%2C300 1.5x, https:\/\/i0.wp.com\/noticiasribeiraopreto.com.br\/wp-content\/uploads\/2025\/06\/mg_5213_2025-02-27_12-55-31.webp.webp?fit=1170%2C700&ssl=1&resize=700%2C400 2x, https:\/\/i0.wp.com\/noticiasribeiraopreto.com.br\/wp-content\/uploads\/2025\/06\/mg_5213_2025-02-27_12-55-31.webp.webp?fit=1170%2C700&ssl=1&resize=1050%2C600 3x"},"classes":[]},{"id":71285,"url":"https:\/\/noticiasribeiraopreto.com.br\/index.php\/2025\/06\/04\/banco-central-anuncia-nova-funcao-do-pix-veja-como-vai-funcionar\/","url_meta":{"origin":70298,"position":2},"title":"Banco Central anuncia nova fun\u00e7\u00e3o do Pix; veja como vai funcionar","author":"noticiasribeiraopreto.com.br","date":"4 de June de 2025","format":false,"excerpt":"O Banco Central do Brasil anunciou nesta quarta-feira (4) uma nova modalidade de pagamento: o Pix autom\u00e1tico. A funcionalidade estar\u00e1 dispon\u00edvel a partir de 16 de junho e ser\u00e1 voltada para pagamentos recorrentes, como contas de luz, \u00e1gua, mensalidades escolares, taxas de condom\u00ednio e assinaturas. O Pix autom\u00e1tico \u00e9 uma\u2026","rel":"","context":"In &quot;Not\u00edcias de Ribeir\u00e3o Preto-SP e Regi\u00e3o&quot;","block_context":{"text":"Not\u00edcias de Ribeir\u00e3o Preto-SP e Regi\u00e3o","link":"https:\/\/noticiasribeiraopreto.com.br\/index.php\/category\/noticias-de-ribeirao-preto-sp-e-regiao-ismael-colosi\/"},"img":{"alt_text":"","src":"https:\/\/i0.wp.com\/noticiasribeiraopreto.com.br\/wp-content\/uploads\/2025\/02\/mg_5213_2025-02-27_12-55-31.webp.webp?fit=1170%2C700&ssl=1&resize=350%2C200","width":350,"height":200,"srcset":"https:\/\/i0.wp.com\/noticiasribeiraopreto.com.br\/wp-content\/uploads\/2025\/02\/mg_5213_2025-02-27_12-55-31.webp.webp?fit=1170%2C700&ssl=1&resize=350%2C200 1x, https:\/\/i0.wp.com\/noticiasribeiraopreto.com.br\/wp-content\/uploads\/2025\/02\/mg_5213_2025-02-27_12-55-31.webp.webp?fit=1170%2C700&ssl=1&resize=525%2C300 1.5x, https:\/\/i0.wp.com\/noticiasribeiraopreto.com.br\/wp-content\/uploads\/2025\/02\/mg_5213_2025-02-27_12-55-31.webp.webp?fit=1170%2C700&ssl=1&resize=700%2C400 2x, https:\/\/i0.wp.com\/noticiasribeiraopreto.com.br\/wp-content\/uploads\/2025\/02\/mg_5213_2025-02-27_12-55-31.webp.webp?fit=1170%2C700&ssl=1&resize=1050%2C600 3x"},"classes":[]},{"id":72334,"url":"https:\/\/noticiasribeiraopreto.com.br\/index.php\/2025\/06\/16\/jornal-da-franca-pix-automatico-esta-liberado-a-partir-desta-segunda-16-para-todos-os-clientes\/","url_meta":{"origin":70298,"position":3},"title":"Jornal da Franca &#8211; Pix Autom\u00e1tico est\u00e1 liberado a partir desta segunda (16) para todos os clientes","author":"noticiasribeiraopreto.com.br","date":"16 de June de 2025","format":false,"excerpt":"O Banco do Brasil foi o primeiro a disponibilizar a nova ferramenta para pessoas f\u00edsicas. Outras institui\u00e7\u00f5es, como Ita\u00fa, Bradesco e Santander, j\u00e1 vinham disponibilizando a funcionalidade com algumas limita\u00e7\u00f5es. Agora, a nova funcionalidade estar\u00e1 dispon\u00edvel de forma mais ampla, permitindo pagamentos com recorr\u00eancia semanal, mensal, trimestral ou anual, conforme\u2026","rel":"","context":"In &quot;Not\u00edcias de Franca-SP&quot;","block_context":{"text":"Not\u00edcias de Franca-SP","link":"https:\/\/noticiasribeiraopreto.com.br\/index.php\/category\/noticias-de-ribeirao-preto-sp-e-regiao-ismael-colosi\/noticias-franca-sp\/"},"img":{"alt_text":"","src":"https:\/\/i0.wp.com\/noticiasribeiraopreto.com.br\/wp-content\/uploads\/2025\/06\/pix-na-tela-do-smartphone-com-varias-moedas-ao-redor-pix-e-o-novo-sistema-de-pagamento-e-transferencia-do-governo-brasileiro-e-brasileiro.jpg?fit=1000%2C667&ssl=1&resize=350%2C200","width":350,"height":200,"srcset":"https:\/\/i0.wp.com\/noticiasribeiraopreto.com.br\/wp-content\/uploads\/2025\/06\/pix-na-tela-do-smartphone-com-varias-moedas-ao-redor-pix-e-o-novo-sistema-de-pagamento-e-transferencia-do-governo-brasileiro-e-brasileiro.jpg?fit=1000%2C667&ssl=1&resize=350%2C200 1x, https:\/\/i0.wp.com\/noticiasribeiraopreto.com.br\/wp-content\/uploads\/2025\/06\/pix-na-tela-do-smartphone-com-varias-moedas-ao-redor-pix-e-o-novo-sistema-de-pagamento-e-transferencia-do-governo-brasileiro-e-brasileiro.jpg?fit=1000%2C667&ssl=1&resize=525%2C300 1.5x, https:\/\/i0.wp.com\/noticiasribeiraopreto.com.br\/wp-content\/uploads\/2025\/06\/pix-na-tela-do-smartphone-com-varias-moedas-ao-redor-pix-e-o-novo-sistema-de-pagamento-e-transferencia-do-governo-brasileiro-e-brasileiro.jpg?fit=1000%2C667&ssl=1&resize=700%2C400 2x"},"classes":[]},{"id":13021,"url":"https:\/\/noticiasribeiraopreto.com.br\/index.php\/2023\/12\/08\/banco-central-anuncia-pix-automatico-para-outubro-de-2024-meu-valor-digital\/","url_meta":{"origin":70298,"position":4},"title":"Banco Central anuncia Pix autom\u00e1tico para outubro de 2024 &#8211; Meu Valor Digital","author":"noticiasribeiraopreto.com.br","date":"8 de December de 2023","format":false,"excerpt":"Nesta quinta-feira (07) o Banco Central anunciou que o Pix autom\u00e1tico vai come\u00e7ar a operar em 28 de outubro de 2024. Isso vai permitir que os usu\u00e1rios possam programar transa\u00e7\u00f5es autom\u00e1ticas e recorrentes. Ser\u00e1 poss\u00edvel agendar previamente pagamentos que o cliente j\u00e1 sabe que precisar\u00e1 fazer com as empresas. Voc\u00ea\u2026","rel":"","context":"In &quot;Vagas de Emprego em Ribeir\u00e3o Preto-SP&quot;","block_context":{"text":"Vagas de Emprego em Ribeir\u00e3o Preto-SP","link":"https:\/\/noticiasribeiraopreto.com.br\/index.php\/category\/empregos-classificados-vagas-trabalho\/vagas-de-empregos-em-ribeirao-preto-regiao-brasil\/"},"img":{"alt_text":"","src":"https:\/\/i0.wp.com\/noticiasribeiraopreto.com.br\/wp-content\/uploads\/2023\/12\/PIX-1.jpg?fit=1200%2C773&ssl=1&resize=350%2C200","width":350,"height":200,"srcset":"https:\/\/i0.wp.com\/noticiasribeiraopreto.com.br\/wp-content\/uploads\/2023\/12\/PIX-1.jpg?fit=1200%2C773&ssl=1&resize=350%2C200 1x, https:\/\/i0.wp.com\/noticiasribeiraopreto.com.br\/wp-content\/uploads\/2023\/12\/PIX-1.jpg?fit=1200%2C773&ssl=1&resize=525%2C300 1.5x, https:\/\/i0.wp.com\/noticiasribeiraopreto.com.br\/wp-content\/uploads\/2023\/12\/PIX-1.jpg?fit=1200%2C773&ssl=1&resize=700%2C400 2x, https:\/\/i0.wp.com\/noticiasribeiraopreto.com.br\/wp-content\/uploads\/2023\/12\/PIX-1.jpg?fit=1200%2C773&ssl=1&resize=1050%2C600 3x"},"classes":[]},{"id":72342,"url":"https:\/\/noticiasribeiraopreto.com.br\/index.php\/2025\/06\/16\/bancos-passam-a-oferecer-pix-automatico-a-partir-desta-segunda\/","url_meta":{"origin":70298,"position":5},"title":"Bancos passam a oferecer Pix Autom\u00e1tico a partir desta segunda","author":"noticiasribeiraopreto.com.br","date":"16 de June de 2025","format":false,"excerpt":"Com a promessa de substituir o d\u00e9bito autom\u00e1tico e os boletos, o Pix autom\u00e1tico entra em vigor nesta segunda-feira (16). Extens\u00e3o do Pix, a ferramenta permite ao usu\u00e1rio autorizar pagamentos peri\u00f3dicos a empresas e prestadores de servi\u00e7os, como microempreendedores individuais (MEI). O cliente autoriza uma \u00fanica vez, com os d\u00e9bitos\u2026","rel":"","context":"In &quot;Not\u00edcias de Ribeir\u00e3o Preto-SP e Regi\u00e3o&quot;","block_context":{"text":"Not\u00edcias de Ribeir\u00e3o Preto-SP e Regi\u00e3o","link":"https:\/\/noticiasribeiraopreto.com.br\/index.php\/category\/noticias-de-ribeirao-preto-sp-e-regiao-ismael-colosi\/"},"img":{"alt_text":"","src":"https:\/\/i0.wp.com\/noticiasribeiraopreto.com.br\/wp-content\/uploads\/2025\/06\/SaquePIX-Bruno-Peres-Ag.Br_.-02-scaled.jpg?fit=750%2C500&ssl=1&resize=350%2C200","width":350,"height":200,"srcset":"https:\/\/i0.wp.com\/noticiasribeiraopreto.com.br\/wp-content\/uploads\/2025\/06\/SaquePIX-Bruno-Peres-Ag.Br_.-02-scaled.jpg?fit=750%2C500&ssl=1&resize=350%2C200 1x, https:\/\/i0.wp.com\/noticiasribeiraopreto.com.br\/wp-content\/uploads\/2025\/06\/SaquePIX-Bruno-Peres-Ag.Br_.-02-scaled.jpg?fit=750%2C500&ssl=1&resize=525%2C300 1.5x, https:\/\/i0.wp.com\/noticiasribeiraopreto.com.br\/wp-content\/uploads\/2025\/06\/SaquePIX-Bruno-Peres-Ag.Br_.-02-scaled.jpg?fit=750%2C500&ssl=1&resize=700%2C400 2x"},"classes":[]}],"jetpack_sharing_enabled":true,"jetpack_shortlink":"https:\/\/wp.me\/peQAOb-ihQ","_links":{"self":[{"href":"https:\/\/noticiasribeiraopreto.com.br\/index.php\/wp-json\/wp\/v2\/posts\/70298","targetHints":{"allow":["GET"]}}],"collection":[{"href":"https:\/\/noticiasribeiraopreto.com.br\/index.php\/wp-json\/wp\/v2\/posts"}],"about":[{"href":"https:\/\/noticiasribeiraopreto.com.br\/index.php\/wp-json\/wp\/v2\/types\/post"}],"author":[{"embeddable":true,"href":"https:\/\/noticiasribeiraopreto.com.br\/index.php\/wp-json\/wp\/v2\/users\/1"}],"replies":[{"embeddable":true,"href":"https:\/\/noticiasribeiraopreto.com.br\/index.php\/wp-json\/wp\/v2\/comments?post=70298"}],"version-history":[{"count":0,"href":"https:\/\/noticiasribeiraopreto.com.br\/index.php\/wp-json\/wp\/v2\/posts\/70298\/revisions"}],"wp:featuredmedia":[{"embeddable":true,"href":"https:\/\/noticiasribeiraopreto.com.br\/index.php\/wp-json\/wp\/v2\/media\/70299"}],"wp:attachment":[{"href":"https:\/\/noticiasribeiraopreto.com.br\/index.php\/wp-json\/wp\/v2\/media?parent=70298"}],"wp:term":[{"taxonomy":"category","embeddable":true,"href":"https:\/\/noticiasribeiraopreto.com.br\/index.php\/wp-json\/wp\/v2\/categories?post=70298"},{"taxonomy":"post_tag","embeddable":true,"href":"https:\/\/noticiasribeiraopreto.com.br\/index.php\/wp-json\/wp\/v2\/tags?post=70298"}],"curies":[{"name":"wp","href":"https:\/\/api.w.org\/{rel}","templated":true}]}}