{"id":70304,"date":"2025-05-24T17:54:30","date_gmt":"2025-05-24T20:54:30","guid":{"rendered":"https:\/\/noticiasribeiraopreto.com.br\/index.php\/2025\/05\/24\/para-tentar-reduzir-acidentes-pm-faz-fiscalizacao-em-lojas-de-pecas-usadas-e-campanha-educacional\/"},"modified":"2025-05-24T17:54:30","modified_gmt":"2025-05-24T20:54:30","slug":"para-tentar-reduzir-acidentes-pm-faz-fiscalizacao-em-lojas-de-pecas-usadas-e-campanha-educacional","status":"publish","type":"post","link":"https:\/\/noticiasribeiraopreto.com.br\/index.php\/2025\/05\/24\/para-tentar-reduzir-acidentes-pm-faz-fiscalizacao-em-lojas-de-pecas-usadas-e-campanha-educacional\/","title":{"rendered":"Para tentar reduzir acidentes, PM faz fiscaliza\u00e7\u00e3o em lojas de pe\u00e7as usadas e campanha educacional"},"content":{"rendered":"<div class='code-block code-block-1' style='margin: 8px 0 8px auto; text-align: right; display: block; clear: both;'>\n<p><a href=\"https:\/\/wa.link\/vpicfd\"><img data-recalc-dims=\"1\" class=\"wp-image-4922\" style=\"aspect-ratio: 2.0253164556962027; width: 561px; height: auto;\" src=\"https:\/\/i0.wp.com\/ismaelcolosi.com.br\/wp-content\/uploads\/2023\/11\/grupo-de-empregos-whatsapp-e-facebook-ismael-colosi-vagas.jpg?ssl=1\" alt=\"\" \/><\/a><\/p>\n<!-- \/wp:image -->\n<\/div>\n<p> <br \/>\n<\/p>\n<div>\n<p>O 15\u00ba Batalh\u00e3o da Pol\u00edcia Militar em Franca, por meio do Pelot\u00e3o de Tr\u00e2nsito, divulgou que est\u00e1 engajado na campanha internacional Maio Amarelo na regi\u00e3o para tentar reduzir acidentes e refor\u00e7ar a import\u00e2ncia da seguran\u00e7a no tr\u00e2nsito. Al\u00e9m de orienta\u00e7\u00e3o a motoristas, h\u00e1 um trabalho de fiscaliza\u00e7\u00e3o em com\u00e9rcios de pe\u00e7as usadas e que vendem sucatas.<\/p>\n<p>Durante todo o m\u00eas, est\u00e3o sendo realizadas palestras educativas em escolas e empresas, p\u00fablicas e privadas, al\u00e9m de a\u00e7\u00f5es de conscientiza\u00e7\u00e3o nas portas de escolas e universidades, voltadas a pedestres, motoristas \u2013 inclusive de transporte escolar e coletivo.<\/p>\n<p>\u201cEm apoio \u00e0 seguran\u00e7a vi\u00e1ria, tamb\u00e9m est\u00e3o em andamento opera\u00e7\u00f5es integradas com o Detran-SP, abrangendo toda a \u00e1rea do Batalh\u00e3o, al\u00e9m de fiscaliza\u00e7\u00f5es conjuntas com a Prefeitura, Guarda Civil Municipal e Vigil\u00e2ncia Sanit\u00e1ria em com\u00e9rcios de pe\u00e7as usadas e estabelecimentos de sucatas. A mudan\u00e7a no tr\u00e2nsito come\u00e7a com atitudes conscientes. Juntos, podemos salvar vidas\u201d, divulgou a Pol\u00edcia Militar.<\/p>\n<p>Balan\u00e7o dessa opera\u00e7\u00e3o ainda ser\u00e1 divulgado ap\u00f3s as atividades que est\u00e3o sendo realizadas neste m\u00eas.<\/p>\n<p>O Departamento Estadual de Tr\u00e2nsito de S\u00e3o Paulo (Detran-SP) confirmou que tamb\u00e9m est\u00e1 empenhado em a\u00e7\u00f5es de fiscaliza\u00e7\u00e3o para combate na comercializa\u00e7\u00e3o irregular de pe\u00e7as automotivas, bem como na averigua\u00e7\u00e3o de outros agentes regulados e credenciados que atuma no tr\u00e2nsito. Por conta disso, est\u00e1 realizando diferentes fiscaliza\u00e7\u00f5es. Na regi\u00e3o de Franca, em 2024, foram realizadas 378 fiscaliza\u00e7\u00f5es de credenciados. Esse n\u00famero representa um aumento de 29% em rela\u00e7\u00e3o ao total de fiscalizados no ano anterior, com 293 credenciados.<\/p>\n<p>De acordo com o Detran-SP, h\u00e1 tamb\u00e9m outras medidas envolvendo fiscaliza\u00e7\u00e3o para tentar melhorar o tr\u00e2nsito no Estado. Houve aumento na fiscaliza\u00e7\u00e3o em todas as categorias, com destaque para as a\u00e7\u00f5es junto a bancas de exame pr\u00e1tico, que mais que quadruplicaram em um ano, passando de 83 em 2023 para um total de 363 opera\u00e7\u00f5es no ano passado, aumento de 337%. As opera\u00e7\u00f5es junto a empresas credenciadas de vistoria (ECVs) tamb\u00e9m tiveram alta substancial: foram 1.713 em 2024, mais que o dobro, ou precisamente 140% a mais que as 713 do ano anterior.<\/p>\n<p>O olhar dedicado \u00e0s bancas de exame pr\u00e1tico se expande para outras atividades que envolvem autoescolas. As fiscaliza\u00e7\u00f5es aos centros de forma\u00e7\u00e3o de condutores (CFCs) subiram 29% de 2023 a 2024, quando somaram 2.434 a\u00e7\u00f5es. Em um caso not\u00f3rio em Tabo\u00e3o da Serra, na Grande S\u00e3o Paulo, foram apreendidos 700 dedos de silicone em uma \u00fanica autoescola. Os moldes costumam ser usados para fraudar o sistema de controle biom\u00e9trico no processo de forma\u00e7\u00e3o de motoristas: a pessoa n\u00e3o comparece \u00e0s aulas ou exames, mas tem a presen\u00e7a confirmada por dedos falsos.<\/p>\n<p>Quem precisa comprar uma pe\u00e7a de segunda m\u00e3o ou vai realizar algum servi\u00e7o que envolve o tr\u00e2nsito para Franca e regi\u00e3o, pode fazer uma consulta para confirmar o\u00a0<a href=\"https:\/\/www.detran.sp.gov.br\/wps\/portal\/portaldetran\/parceiros\/servicos\" target=\"_blank\" rel=\"noopener\"><strong>credenciamento do profissional envolvido a partir deste link: https:\/\/www.detran.sp.gov.br\/wps\/portal\/portaldetran\/parceiros\/servicos<\/strong><\/a><\/p>\n<p>Existe uma lista com empresas que est\u00e3o certificadas para funcionar e em Franca essa listagem envolve 30 diferentes empresas. Para pesquisar a rela\u00e7\u00e3o,\u00a0<a href=\"https:\/\/www.detran.sp.gov.br\/wps\/wcm\/connect\/7eb23e76-2623-40a9-aee9-df56d3b80ebf\/Credenciados-05deJulho+%282%29.pdf?MOD=AJPERES&amp;CVID=p23raLo\" target=\"_blank\" rel=\"noopener\"><strong>acesse este link<\/strong><\/a>. Para aumentar a seguran\u00e7a na compra de pe\u00e7as pela popula\u00e7\u00e3o, o Detran-SP ainda oferece o servi\u00e7o voltado para\u00a0<a href=\"https:\/\/www.detran.sp.gov.br\/wps\/portal\/portaldetran\/cidadao\/veiculos\/servicos\/autopecas\/!ut\/p\/z1\/pZJdb4IwFIZ_ixfcck5pcWV3VcSKLMZ9KOvNggurLEgNMvn7E5csIWNMs3N3mufpx3sKCmJQRXLMdFJlpkjyU_-shi_hEsdScidCNxjhcrWQPnF9B_kNrM8AZfjgjYhApJKj4PePUkRIkA1B_cefsit9PlkFjU8DMlk4OMfL_G9gSvwxCo-xu1k4p-jRy3z8pcS15_8EVP_2a1BnpG8CvUATcRvoyLD9io6Q_rpmCErnZvP1o0SxoVyDKtO3tExL-6M8LW-ran-4tdDCuq5tbYzOU_vV7CzsUrbmUEHcJmG_e2oqxmz27ubHSIjB4BM-NG8N\/p0\/IZ7_JQ0CHH82L05FB0QVOHD15D2042=CZ6_JQ0CHH82L05FB0QVOHD15D2087=LA0=Ejavax.servlet.include.path_info!QCPpagesQCPautoPecasQCPprePesquisaView.xhtml==\/#Z7_JQ0CHH82L05FB0QVOHD15D2042\" target=\"_blank\" rel=\"noopener\"><strong>busca de pe\u00e7as<\/strong><\/a>.<\/p>\n<p>Veja rela\u00e7\u00e3o de locais certificados pelo Detran para venda de pe\u00e7as usadas em Franca:<\/p>\n<p><img data-recalc-dims=\"1\" loading=\"lazy\" decoding=\"async\" class=\"alignnone size-full wp-image-31940\" src=\"https:\/\/i0.wp.com\/www.f3noticias.com.br\/wp-content\/uploads\/2024\/07\/Captura-de-tela-2024-07-08-175303.png?resize=985%2C478&#038;ssl=1\" alt=\"\" width=\"985\" height=\"478\" srcset=\"https:\/\/www.f3noticias.com.br\/wp-content\/uploads\/2024\/07\/Captura-de-tela-2024-07-08-175303.png 985w, https:\/\/www.f3noticias.com.br\/wp-content\/uploads\/2024\/07\/Captura-de-tela-2024-07-08-175303-300x146.png 300w, https:\/\/www.f3noticias.com.br\/wp-content\/uploads\/2024\/07\/Captura-de-tela-2024-07-08-175303-768x373.png 768w, https:\/\/www.f3noticias.com.br\/wp-content\/uploads\/2024\/07\/Captura-de-tela-2024-07-08-175303-750x364.png 750w\" sizes=\"auto, (max-width: 985px) 100vw, 985px\"\/><\/p>\n<p>Leia tamb\u00e9m:<\/p>\n<blockquote class=\"wp-embedded-content\" data-secret=\"VrguOuCmEK\">\n<p><a href=\"https:\/\/www.f3noticias.com.br\/detran-sp-aumenta-fiscalizacao-em-desmanches-autoescolas-e-outros-agentes-credenciados-para-regiao-de-franca\/\">Detran-SP aumenta fiscaliza\u00e7\u00e3o em desmanches, autoescolas e outros agentes credenciados para regi\u00e3o de Franca<\/a><\/p>\n<\/blockquote>\n<p><iframe loading=\"lazy\" class=\"wp-embedded-content\" sandbox=\"allow-scripts\" security=\"restricted\" style=\"position: absolute; clip: rect(1px, 1px, 1px, 1px);\" title=\"\u201cDetran-SP aumenta fiscaliza\u00e7\u00e3o em desmanches, autoescolas e outros agentes credenciados para regi\u00e3o de Franca\u201d \u2014 F3 Not\u00edcias\" src=\"https:\/\/www.f3noticias.com.br\/detran-sp-aumenta-fiscalizacao-em-desmanches-autoescolas-e-outros-agentes-credenciados-para-regiao-de-franca\/embed\/#?secret=FPyW26k1JL#?secret=VrguOuCmEK\" data-secret=\"VrguOuCmEK\" width=\"500\" height=\"282\" frameborder=\"0\" marginwidth=\"0\" marginheight=\"0\" scrolling=\"no\"><\/iframe><\/p>\n<blockquote class=\"wp-embedded-content\" data-secret=\"YjR0EBZoUd\">\n<p><a href=\"https:\/\/www.f3noticias.com.br\/detran-sp-triplica-acoes-contra-desmanches-em-2024-em-franca-sao-30-locais-autorizados-a-funcionar\/\">Detran-SP triplica a\u00e7\u00f5es contra desmanches em 2024; em Franca s\u00e3o 30 locais autorizados a funcionar<\/a><\/p>\n<\/blockquote>\n<p><iframe loading=\"lazy\" class=\"wp-embedded-content\" sandbox=\"allow-scripts\" security=\"restricted\" style=\"position: absolute; clip: rect(1px, 1px, 1px, 1px);\" title=\"\u201cDetran-SP triplica a\u00e7\u00f5es contra desmanches em 2024; em Franca s\u00e3o 30 locais autorizados a funcionar\u201d \u2014 F3 Not\u00edcias\" src=\"https:\/\/www.f3noticias.com.br\/detran-sp-triplica-acoes-contra-desmanches-em-2024-em-franca-sao-30-locais-autorizados-a-funcionar\/embed\/#?secret=lFfmFyhtNN#?secret=YjR0EBZoUd\" data-secret=\"YjR0EBZoUd\" width=\"500\" height=\"282\" frameborder=\"0\" marginwidth=\"0\" marginheight=\"0\" scrolling=\"no\"><\/iframe><\/p>\n<\/p><\/div>\n<p><br \/>\n<br \/><a href=\"https:\/\/www.f3noticias.com.br\/para-tentar-reduzir-acidentes-pm-faz-fiscalizacao-em-lojas-de-pecas-usadas-e-campanha-educacional\/\">Source link <\/a><\/p>\n<!-- CONTENT END 1 -->\n","protected":false},"excerpt":{"rendered":"<p>O 15\u00ba Batalh\u00e3o da Pol\u00edcia Militar em Franca, por meio do Pelot\u00e3o de Tr\u00e2nsito, divulgou que est\u00e1 engajado na campanha internacional Maio Amarelo na regi\u00e3o&#8230;<\/p>\n","protected":false},"author":1,"featured_media":70305,"comment_status":"open","ping_status":"open","sticky":false,"template":"","format":"standard","meta":{"advanced_seo_description":"","jetpack_seo_html_title":"","jetpack_seo_noindex":false,"jetpack_post_was_ever_published":false,"_jetpack_newsletter_access":"","_jetpack_dont_email_post_to_subs":false,"_jetpack_newsletter_tier_id":0,"_jetpack_memberships_contains_paywalled_content":false,"_jetpack_memberships_contains_paid_content":false,"footnotes":"","jetpack_publicize_message":"","jetpack_publicize_feature_enabled":true,"jetpack_social_post_already_shared":true,"jetpack_social_options":{"image_generator_settings":{"template":"highway","default_image_id":0,"font":"","enabled":false},"version":2}},"categories":[3597],"tags":[],"class_list":["post-70304","post","type-post","status-publish","format-standard","has-post-thumbnail","hentry","category-noticias-franca-sp"],"jetpack_publicize_connections":[],"jetpack_featured_media_url":"https:\/\/i0.wp.com\/noticiasribeiraopreto.com.br\/wp-content\/uploads\/2025\/05\/Screenshot_20250515_201611_Gallery.jpg?fit=1080%2C880&ssl=1","jetpack-related-posts":[{"id":64422,"url":"https:\/\/noticiasribeiraopreto.com.br\/index.php\/2025\/03\/07\/depois-de-cobranca-sobre-mais-fiscalizacao-no-transito-de-franca-pm-divulga-que-ja-realizou-300-operacoes\/","url_meta":{"origin":70304,"position":0},"title":"Depois de cobran\u00e7a sobre mais fiscaliza\u00e7\u00e3o no tr\u00e2nsito de Franca, PM divulga que j\u00e1 realizou 300 opera\u00e7\u00f5es","author":"noticiasribeiraopreto.com.br","date":"7 de March de 2025","format":false,"excerpt":"As estat\u00edsticas que mostram Franca entre as 20 cidades do Estado com maior viol\u00eancia no tr\u00e2nsito geraram debate na C\u00e2mara com cobran\u00e7a para mais fiscaliza\u00e7\u00e3o no tr\u00e2nsito. O assunto foi abordado neste dia 6\/3 e o 15\u00ba Batalh\u00e3o de Pol\u00edcia Militar divulgou nota para defender que j\u00e1 ocorreram mais de\u2026","rel":"","context":"In &quot;Not\u00edcias de Franca-SP&quot;","block_context":{"text":"Not\u00edcias de Franca-SP","link":"https:\/\/noticiasribeiraopreto.com.br\/index.php\/category\/noticias-de-ribeirao-preto-sp-e-regiao-ismael-colosi\/noticias-franca-sp\/"},"img":{"alt_text":"","src":"https:\/\/i0.wp.com\/noticiasribeiraopreto.com.br\/wp-content\/uploads\/2025\/03\/IMG-20250125-WA0023.jpg?fit=1200%2C943&ssl=1&resize=350%2C200","width":350,"height":200,"srcset":"https:\/\/i0.wp.com\/noticiasribeiraopreto.com.br\/wp-content\/uploads\/2025\/03\/IMG-20250125-WA0023.jpg?fit=1200%2C943&ssl=1&resize=350%2C200 1x, https:\/\/i0.wp.com\/noticiasribeiraopreto.com.br\/wp-content\/uploads\/2025\/03\/IMG-20250125-WA0023.jpg?fit=1200%2C943&ssl=1&resize=525%2C300 1.5x, https:\/\/i0.wp.com\/noticiasribeiraopreto.com.br\/wp-content\/uploads\/2025\/03\/IMG-20250125-WA0023.jpg?fit=1200%2C943&ssl=1&resize=700%2C400 2x, https:\/\/i0.wp.com\/noticiasribeiraopreto.com.br\/wp-content\/uploads\/2025\/03\/IMG-20250125-WA0023.jpg?fit=1200%2C943&ssl=1&resize=1050%2C600 3x"},"classes":[]},{"id":69522,"url":"https:\/\/noticiasribeiraopreto.com.br\/index.php\/2025\/05\/07\/jornal-da-franca-radar-inteligente-flagra-celular-ausencia-de-cinto-e-outros-riscos-ao-volante\/","url_meta":{"origin":70304,"position":1},"title":"Jornal da Franca &#8211; Radar inteligente flagra celular, aus\u00eancia de cinto e outros riscos ao volante","author":"noticiasribeiraopreto.com.br","date":"7 de May de 2025","format":false,"excerpt":"compartilhar no whatsapp compartilhar no telegram compartilhar no facebook compartilhar no linkedin Nova tecnologia de fiscaliza\u00e7\u00e3o vai al\u00e9m da velocidade e pode transformar o combate a infra\u00e7\u00f5es no tr\u00e2nsito em todo o mundo O tr\u00e2nsito urbano poder\u00e1 ganhar um aliado de peso nos pr\u00f3ximos anos: um\u00a0radar com IA\u00a0(intelig\u00eancia artificial) capaz\u2026","rel":"","context":"In &quot;Not\u00edcias de Franca-SP&quot;","block_context":{"text":"Not\u00edcias de Franca-SP","link":"https:\/\/noticiasribeiraopreto.com.br\/index.php\/category\/noticias-de-ribeirao-preto-sp-e-regiao-ismael-colosi\/noticias-franca-sp\/"},"img":{"alt_text":"","src":"https:\/\/i0.wp.com\/noticiasribeiraopreto.com.br\/wp-content\/uploads\/2025\/05\/Radar-inteligente-equipado-com-IA-e-capaz-de-flagrar-uso-de-celular-ausencia-de-cinto-e-outros-comportamentos-de-risco-ao-volante.jpg?fit=1200%2C750&ssl=1&resize=350%2C200","width":350,"height":200,"srcset":"https:\/\/i0.wp.com\/noticiasribeiraopreto.com.br\/wp-content\/uploads\/2025\/05\/Radar-inteligente-equipado-com-IA-e-capaz-de-flagrar-uso-de-celular-ausencia-de-cinto-e-outros-comportamentos-de-risco-ao-volante.jpg?fit=1200%2C750&ssl=1&resize=350%2C200 1x, https:\/\/i0.wp.com\/noticiasribeiraopreto.com.br\/wp-content\/uploads\/2025\/05\/Radar-inteligente-equipado-com-IA-e-capaz-de-flagrar-uso-de-celular-ausencia-de-cinto-e-outros-comportamentos-de-risco-ao-volante.jpg?fit=1200%2C750&ssl=1&resize=525%2C300 1.5x, https:\/\/i0.wp.com\/noticiasribeiraopreto.com.br\/wp-content\/uploads\/2025\/05\/Radar-inteligente-equipado-com-IA-e-capaz-de-flagrar-uso-de-celular-ausencia-de-cinto-e-outros-comportamentos-de-risco-ao-volante.jpg?fit=1200%2C750&ssl=1&resize=700%2C400 2x, https:\/\/i0.wp.com\/noticiasribeiraopreto.com.br\/wp-content\/uploads\/2025\/05\/Radar-inteligente-equipado-com-IA-e-capaz-de-flagrar-uso-de-celular-ausencia-de-cinto-e-outros-comportamentos-de-risco-ao-volante.jpg?fit=1200%2C750&ssl=1&resize=1050%2C600 3x"},"classes":[]},{"id":59898,"url":"https:\/\/noticiasribeiraopreto.com.br\/index.php\/2024\/11\/01\/blitz-educativa-orienta-120-motociclistas-sobre-seguranca-no-transito-na-avenida-costa-e-silva-em-ribeirao-preto\/","url_meta":{"origin":70304,"position":2},"title":"Blitz Educativa Orienta 120 Motociclistas sobre Seguran\u00e7a no Tr\u00e2nsito na Avenida Costa e Silva em Ribeir\u00e3o Preto","author":"noticiasribeiraopreto.com.br","date":"1 de November de 2024","format":false,"excerpt":"A Prefeitura de Ribeir\u00e3o Preto, em parceria com o programa de seguran\u00e7a no tr\u00e2nsito local, realizou recentemente uma blitz educativa que abordou 120 motociclistas na movimentada Avenida Costa e Silva. O objetivo da a\u00e7\u00e3o foi promover a conscientiza\u00e7\u00e3o sobre pr\u00e1ticas de pilotagem seguras, refor\u00e7ando a import\u00e2ncia do uso de equipamentos\u2026","rel":"","context":"In &quot;Not\u00edcias de Ribeir\u00e3o Preto-SP e Regi\u00e3o&quot;","block_context":{"text":"Not\u00edcias de Ribeir\u00e3o Preto-SP e Regi\u00e3o","link":"https:\/\/noticiasribeiraopreto.com.br\/index.php\/category\/noticias-de-ribeirao-preto-sp-e-regiao-ismael-colosi\/"},"img":{"alt_text":"","src":"https:\/\/i0.wp.com\/noticiasribeiraopreto.com.br\/wp-content\/uploads\/2024\/11\/blitz_de_conscientizacao_4.jpg?fit=1152%2C838&ssl=1&resize=350%2C200","width":350,"height":200,"srcset":"https:\/\/i0.wp.com\/noticiasribeiraopreto.com.br\/wp-content\/uploads\/2024\/11\/blitz_de_conscientizacao_4.jpg?fit=1152%2C838&ssl=1&resize=350%2C200 1x, https:\/\/i0.wp.com\/noticiasribeiraopreto.com.br\/wp-content\/uploads\/2024\/11\/blitz_de_conscientizacao_4.jpg?fit=1152%2C838&ssl=1&resize=525%2C300 1.5x, https:\/\/i0.wp.com\/noticiasribeiraopreto.com.br\/wp-content\/uploads\/2024\/11\/blitz_de_conscientizacao_4.jpg?fit=1152%2C838&ssl=1&resize=700%2C400 2x, https:\/\/i0.wp.com\/noticiasribeiraopreto.com.br\/wp-content\/uploads\/2024\/11\/blitz_de_conscientizacao_4.jpg?fit=1152%2C838&ssl=1&resize=1050%2C600 3x"},"classes":[]},{"id":69265,"url":"https:\/\/noticiasribeiraopreto.com.br\/index.php\/2025\/05\/04\/acoes-tentam-conscientizar-motoristas-tribuna-ribeirao\/","url_meta":{"origin":70304,"position":3},"title":"A\u00e7\u00f5es tentam conscientizar motoristas\u00a0 &#8211; Tribuna Ribeir\u00e3o","author":"noticiasribeiraopreto.com.br","date":"4 de May de 2025","format":false,"excerpt":"Para tentar diminuir os acidentes de tr\u00e2nsito e reduzir o n\u00famero de infra\u00e7\u00f5es registradas em Ribeir\u00e3o Preto a RP Mobi, empresa municipal respons\u00e1vel pelo gerenciamento do tr\u00e2nsito na cidade, intensificou as a\u00e7\u00f5es educativas junto a motoristas e pedestres com a cria\u00e7\u00e3o do Programa de Educa\u00e7\u00e3o para o Tr\u00e2nsito Educa Mobi.\u00a0\u00a0\u2026","rel":"","context":"In &quot;Not\u00edcias de Ribeir\u00e3o Preto-SP e Regi\u00e3o&quot;","block_context":{"text":"Not\u00edcias de Ribeir\u00e3o Preto-SP e Regi\u00e3o","link":"https:\/\/noticiasribeiraopreto.com.br\/index.php\/category\/noticias-de-ribeirao-preto-sp-e-regiao-ismael-colosi\/"},"img":{"alt_text":"","src":"https:\/\/i0.wp.com\/noticiasribeiraopreto.com.br\/wp-content\/uploads\/2025\/05\/1-blitz-transito.jpg?fit=1000%2C666&ssl=1&resize=350%2C200","width":350,"height":200,"srcset":"https:\/\/i0.wp.com\/noticiasribeiraopreto.com.br\/wp-content\/uploads\/2025\/05\/1-blitz-transito.jpg?fit=1000%2C666&ssl=1&resize=350%2C200 1x, https:\/\/i0.wp.com\/noticiasribeiraopreto.com.br\/wp-content\/uploads\/2025\/05\/1-blitz-transito.jpg?fit=1000%2C666&ssl=1&resize=525%2C300 1.5x, https:\/\/i0.wp.com\/noticiasribeiraopreto.com.br\/wp-content\/uploads\/2025\/05\/1-blitz-transito.jpg?fit=1000%2C666&ssl=1&resize=700%2C400 2x"},"classes":[]},{"id":59896,"url":"https:\/\/noticiasribeiraopreto.com.br\/index.php\/2024\/11\/01\/rp-mobi-inicia-fiscalizacao-nos-novos-corredores-de-onibus-em-ribeirao-preto\/","url_meta":{"origin":70304,"position":4},"title":"RP Mobi Inicia Fiscaliza\u00e7\u00e3o nos Novos Corredores de \u00d4nibus em Ribeir\u00e3o Preto","author":"noticiasribeiraopreto.com.br","date":"1 de November de 2024","format":false,"excerpt":"O programa RP Mobi, respons\u00e1vel por implementar melhorias na mobilidade urbana de Ribeir\u00e3o Preto, iniciou uma nova etapa de fiscaliza\u00e7\u00e3o nos rec\u00e9m-inaugurados corredores de \u00f4nibus. O objetivo \u00e9 assegurar que as vias exclusivas para o transporte coletivo sejam respeitadas, promovendo maior agilidade e seguran\u00e7a para os usu\u00e1rios e condutores de\u2026","rel":"","context":"In &quot;Not\u00edcias de Ribeir\u00e3o Preto-SP e Regi\u00e3o&quot;","block_context":{"text":"Not\u00edcias de Ribeir\u00e3o Preto-SP e Regi\u00e3o","link":"https:\/\/noticiasribeiraopreto.com.br\/index.php\/category\/noticias-de-ribeirao-preto-sp-e-regiao-ismael-colosi\/"},"img":{"alt_text":"","src":"https:\/\/i0.wp.com\/noticiasribeiraopreto.com.br\/wp-content\/uploads\/2024\/11\/3_fiscalizacao_corredores_central_-_foto_fernando_gonzaga_6.jpeg?fit=1200%2C800&ssl=1&resize=350%2C200","width":350,"height":200,"srcset":"https:\/\/i0.wp.com\/noticiasribeiraopreto.com.br\/wp-content\/uploads\/2024\/11\/3_fiscalizacao_corredores_central_-_foto_fernando_gonzaga_6.jpeg?fit=1200%2C800&ssl=1&resize=350%2C200 1x, https:\/\/i0.wp.com\/noticiasribeiraopreto.com.br\/wp-content\/uploads\/2024\/11\/3_fiscalizacao_corredores_central_-_foto_fernando_gonzaga_6.jpeg?fit=1200%2C800&ssl=1&resize=525%2C300 1.5x, https:\/\/i0.wp.com\/noticiasribeiraopreto.com.br\/wp-content\/uploads\/2024\/11\/3_fiscalizacao_corredores_central_-_foto_fernando_gonzaga_6.jpeg?fit=1200%2C800&ssl=1&resize=700%2C400 2x, https:\/\/i0.wp.com\/noticiasribeiraopreto.com.br\/wp-content\/uploads\/2024\/11\/3_fiscalizacao_corredores_central_-_foto_fernando_gonzaga_6.jpeg?fit=1200%2C800&ssl=1&resize=1050%2C600 3x"},"classes":[]},{"id":66887,"url":"https:\/\/noticiasribeiraopreto.com.br\/index.php\/2025\/04\/07\/jornal-da-franca-nova-lei-de-transito-pode-suspender-sua-carteira-de-habilitacao-por-ate-2-anos\/","url_meta":{"origin":70304,"position":5},"title":"Jornal da Franca &#8211; Nova lei de tr\u00e2nsito pode suspender sua Carteira de Habilita\u00e7\u00e3o por at\u00e9 2 anos","author":"noticiasribeiraopreto.com.br","date":"7 de April de 2025","format":false,"excerpt":"Ultrapassagens perigosas e dire\u00e7\u00e3o imprudente agora geram multa de R$ 2.934 e a suspens\u00e3o da CNH por um ano A C\u00e2mara dos Deputados\u00a0aprovou recentemente o\u00a0Projeto de Lei 1405\/24, que introduz altera\u00e7\u00f5es significativas no\u00a0C\u00f3digo de Tr\u00e2nsito Brasileiro. A mudan\u00e7a principal envolve a nova classifica\u00e7\u00e3o das ultrapassagens perigosas e da dire\u00e7\u00e3o imprudente\u2026","rel":"","context":"In &quot;Not\u00edcias de Franca-SP&quot;","block_context":{"text":"Not\u00edcias de Franca-SP","link":"https:\/\/noticiasribeiraopreto.com.br\/index.php\/category\/noticias-de-ribeirao-preto-sp-e-regiao-ismael-colosi\/noticias-franca-sp\/"},"img":{"alt_text":"","src":"https:\/\/i0.wp.com\/noticiasribeiraopreto.com.br\/wp-content\/uploads\/2025\/04\/5c269ce4-a944-4544-9c21-06cdd7ec5c92.jpeg?fit=768%2C512&ssl=1&resize=350%2C200","width":350,"height":200,"srcset":"https:\/\/i0.wp.com\/noticiasribeiraopreto.com.br\/wp-content\/uploads\/2025\/04\/5c269ce4-a944-4544-9c21-06cdd7ec5c92.jpeg?fit=768%2C512&ssl=1&resize=350%2C200 1x, https:\/\/i0.wp.com\/noticiasribeiraopreto.com.br\/wp-content\/uploads\/2025\/04\/5c269ce4-a944-4544-9c21-06cdd7ec5c92.jpeg?fit=768%2C512&ssl=1&resize=525%2C300 1.5x, https:\/\/i0.wp.com\/noticiasribeiraopreto.com.br\/wp-content\/uploads\/2025\/04\/5c269ce4-a944-4544-9c21-06cdd7ec5c92.jpeg?fit=768%2C512&ssl=1&resize=700%2C400 2x"},"classes":[]}],"jetpack_sharing_enabled":true,"jetpack_shortlink":"https:\/\/wp.me\/peQAOb-ihW","_links":{"self":[{"href":"https:\/\/noticiasribeiraopreto.com.br\/index.php\/wp-json\/wp\/v2\/posts\/70304","targetHints":{"allow":["GET"]}}],"collection":[{"href":"https:\/\/noticiasribeiraopreto.com.br\/index.php\/wp-json\/wp\/v2\/posts"}],"about":[{"href":"https:\/\/noticiasribeiraopreto.com.br\/index.php\/wp-json\/wp\/v2\/types\/post"}],"author":[{"embeddable":true,"href":"https:\/\/noticiasribeiraopreto.com.br\/index.php\/wp-json\/wp\/v2\/users\/1"}],"replies":[{"embeddable":true,"href":"https:\/\/noticiasribeiraopreto.com.br\/index.php\/wp-json\/wp\/v2\/comments?post=70304"}],"version-history":[{"count":0,"href":"https:\/\/noticiasribeiraopreto.com.br\/index.php\/wp-json\/wp\/v2\/posts\/70304\/revisions"}],"wp:featuredmedia":[{"embeddable":true,"href":"https:\/\/noticiasribeiraopreto.com.br\/index.php\/wp-json\/wp\/v2\/media\/70305"}],"wp:attachment":[{"href":"https:\/\/noticiasribeiraopreto.com.br\/index.php\/wp-json\/wp\/v2\/media?parent=70304"}],"wp:term":[{"taxonomy":"category","embeddable":true,"href":"https:\/\/noticiasribeiraopreto.com.br\/index.php\/wp-json\/wp\/v2\/categories?post=70304"},{"taxonomy":"post_tag","embeddable":true,"href":"https:\/\/noticiasribeiraopreto.com.br\/index.php\/wp-json\/wp\/v2\/tags?post=70304"}],"curies":[{"name":"wp","href":"https:\/\/api.w.org\/{rel}","templated":true}]}}