{"id":70308,"date":"2025-05-24T19:12:29","date_gmt":"2025-05-24T22:12:29","guid":{"rendered":"https:\/\/noticiasribeiraopreto.com.br\/index.php\/2025\/05\/24\/onda-de-frio-veja-quando-a-massa-de-ar-polar-chega-ao-estado-de-sp\/"},"modified":"2025-05-24T19:12:29","modified_gmt":"2025-05-24T22:12:29","slug":"onda-de-frio-veja-quando-a-massa-de-ar-polar-chega-ao-estado-de-sp","status":"publish","type":"post","link":"https:\/\/noticiasribeiraopreto.com.br\/index.php\/2025\/05\/24\/onda-de-frio-veja-quando-a-massa-de-ar-polar-chega-ao-estado-de-sp\/","title":{"rendered":"Onda de frio: Veja quando a massa de ar polar chega ao estado de SP"},"content":{"rendered":"<p> <br \/>\n<\/p>\n<div>\n<p>A<strong> primeira onda de frio de 2025<\/strong> j\u00e1 tem data para chegar, de acordo com a<strong> <a href=\"https:\/\/www.climatempo.com.br\/previsao-do-tempo\/15-dias\/cidade\/530\/ribeiraopreto-sp\">Climatempo<\/a><\/strong>. Os meteorologistas apontam que a <strong>chegada de ar polar<\/strong> muito intenso sobre a Am\u00e9rica do Sul vai provocar uma virada de tempo entre o<mark style=\"background-color:#fcb900\" class=\"has-inline-color has-black-color\"> fim de maio e o in\u00edcio de junho<\/mark>.<\/p>\n<p>Contudo, os meteorologistas apontam que no <strong>Estado de S\u00e3o Paulo <\/strong>a frente fria deve ser menor intensa, em raz\u00e3o da possibilidade de nebulosidade e chuva. No entanto, <mark style=\"background-color:#fcb900\" class=\"has-inline-color has-black-color\">a chegada de uma segunda massa de ar polar, no in\u00edcio de junho, vai intensificar o frio.<\/mark><\/p>\n<p>\u201cSimula\u00e7\u00f5es atmosf\u00e9ricas feitas em super computadores v\u00eam confirmando nos \u00faltimos dias a entrada de uma potente e grande massa de ar frio de origem polar sobre Am\u00e9rica do Sul, com potencial para avan\u00e7ar com muita for\u00e7a tamb\u00e9m sobre o territ\u00f3rio brasileiro\u201d, aponta a Climatempo.<\/p>\n<h2 class=\"wp-block-heading\"><strong>Primeira do ano<\/strong><\/h2>\n<p>Faltando menos de um m\u00eas para o inverno, que tem in\u00edcio em 20 de junho, esta dever\u00e1 ser a primeira onda de frio deste ano. \u201cO grande diferencial desta massa de ar frio \u00e9 que ela deve ter caracter\u00edsticas continentais. Isso quer dizer que o ar de origem polar vai se deslocar pelo interior da Am\u00e9rica do Sul e n\u00e3o sobre o oceano\u201d, explica a Climatempo.<\/p>\n<h2 class=\"wp-block-heading\"><strong>No calend\u00e1rio<\/strong><\/h2>\n<p>Segundo os meteorologistas, a primeira dose de ar frio vem acompanhada de frente fria que provoca chuva no Sul do Brasil em 27 de maio.<\/p>\n<p>No dia 28, o ar polar avan\u00e7a sobre o Sul e Mato Grosso do Sul, a frente fria se espalha sobre parte de S\u00e3o Paulo.<\/p>\n<p>Entre 29 e 30, espera-se queda acentuada de temperatura no Sul, Mato Grosso do Sul e partes de Mato Grosso, podendo afetar Rond\u00f4nia e Acre.<\/p>\n<p>A segunda dose de ar polar est\u00e1 prevista para avan\u00e7ar sobre o Brasil entre 31 de maio e 1\u00ba de junho. Isso intensifica o frio sobre as regi\u00f5es Sudeste e Centro-Oeste.<\/p>\n<p>\u201cEssas proje\u00e7\u00f5es s\u00e3o iniciais e ainda v\u00e3o sofrer v\u00e1rios ajustes de rota na pr\u00f3xima semana, considerando as condi\u00e7\u00f5es reais do tempo que estar\u00e3o sendo observadas sobre o Brasil e sobre a Am\u00e9rica do Sul\u201d, refor\u00e7a a Climatempo.<\/p>\n<h2 class=\"wp-block-heading\"><strong>Possibilidade de nevar?<\/strong><\/h2>\n<p>Segundo a empresa de meteorologia, a previs\u00e3o meteorol\u00f3gica para o fim de maio e in\u00edcio de junho deste ano indica a possibilidade de neve e outras formas de precipita\u00e7\u00e3o invernal na regi\u00e3o Sul do Brasil.<\/p>\n<p>Por conta da combina\u00e7\u00e3o de um ar frio muito intenso com a forma\u00e7\u00e3o de um ciclone extratropical sobre o oceano, que traria a umidade necess\u00e1ria para a forma\u00e7\u00e3o de nuvens (com informa\u00e7\u00f5es Estad\u00e3o Conte\u00fado).<\/p>\n<p>SAIBA MAIS<br \/>Gripe avi\u00e1ria pode chegar ao interior de SP? Infectologista explica o cen\u00e1rio<\/p>\n<h2 class=\"wp-block-heading\"><strong>FIQUE ON<\/strong><\/h2>\n<p>Fique ligado em tudo que acontece em Ribeir\u00e3o Preto e regi\u00e3o. Siga os perfis do\u00a0<strong>acidade on<\/strong>\u00a0no<a href=\"https:\/\/www.instagram.com\/acidadeonribeirao\">\u00a0Instagram<\/a>\u00a0e no\u00a0<a href=\"https:\/\/www.facebook.com\/acidadeonribeirao\/\">Facebook<\/a>.<\/p>\n<p>Receba not\u00edcias do<strong>\u00a0acidade on<\/strong>\u00a0no WhatsApp.\u00a0<a href=\"https:\/\/chat.whatsapp.com\/BjKQZ9oJwlz8VVT50NuePq\">Para entrar no grupo, basta clicar aqui.<\/a><\/p>\n<p>Fa\u00e7a uma den\u00fancia ou sugira uma reportagem sobre Ribeir\u00e3o Preto e regi\u00e3o pelo WhatsApp: 16 99117 7802.<\/p>\n<p>VEJA TAMB\u00c9M<br \/>Como consultar a restitui\u00e7\u00e3o do IR 2025?<\/p>\n<p><!-- CONTENT END 1 -->\n<\/div>\n<p><script async src=\"\/\/www.instagram.com\/embed.js\"><\/script><br \/>\n<br \/><br \/>\n<br \/><a href=\"https:\/\/www.acidadeon.com\/ribeiraopreto\/cotidiano\/onda-de-frio-veja-quando-a-massa-de-ar-polar-chega-ao-estado-de-sp\/\">Source link <\/a><\/p>\n","protected":false},"excerpt":{"rendered":"<p>A primeira onda de frio de 2025 j\u00e1 tem data para chegar, de acordo com a Climatempo. Os meteorologistas apontam que a chegada de ar&#8230;<\/p>\n","protected":false},"author":1,"featured_media":56224,"comment_status":"open","ping_status":"open","sticky":false,"template":"","format":"standard","meta":{"advanced_seo_description":"","jetpack_seo_html_title":"","jetpack_seo_noindex":false,"jetpack_post_was_ever_published":false,"_jetpack_newsletter_access":"","_jetpack_dont_email_post_to_subs":false,"_jetpack_newsletter_tier_id":0,"_jetpack_memberships_contains_paywalled_content":false,"_jetpack_memberships_contains_paid_content":false,"footnotes":"","jetpack_publicize_message":"","jetpack_publicize_feature_enabled":true,"jetpack_social_post_already_shared":true,"jetpack_social_options":{"image_generator_settings":{"template":"highway","default_image_id":0,"font":"","enabled":false},"version":2}},"categories":[11],"tags":[],"class_list":["post-70308","post","type-post","status-publish","format-standard","has-post-thumbnail","hentry","category-noticias-de-ribeirao-preto-sp-e-regiao-ismael-colosi"],"jetpack_publicize_connections":[],"jetpack_featured_media_url":"https:\/\/i0.wp.com\/noticiasribeiraopreto.com.br\/wp-content\/uploads\/2024\/08\/AnyConv.com__onda-de-frio_2024-07-05_16-31-44.webp.webp?fit=2000%2C1333&ssl=1","jetpack-related-posts":[{"id":70320,"url":"https:\/\/noticiasribeiraopreto.com.br\/index.php\/2025\/05\/24\/jornal-da-franca-o-que-esperar-de-frente-fria-que-deve-derrubar-as-temperaturas-na-proxima-semana\/","url_meta":{"origin":70308,"position":0},"title":"Jornal da Franca &#8211; O que esperar de frente fria que deve derrubar as temperaturas na pr\u00f3xima semana","author":"noticiasribeiraopreto.com.br","date":"24 de May de 2025","format":false,"excerpt":"compartilhar no whatsapp compartilhar no telegram compartilhar no facebook compartilhar no linkedin Onda de ar frio deve avan\u00e7ar no frio da pr\u00f3xima semana e deve ser o primeiro grande frio do ano. Baixas temperaturas podem chegar at\u00e9 o Norte Primeiro grande frio do ano deve come\u00e7ar a avan\u00e7ar pelo pa\u00eds\u2026","rel":"","context":"In &quot;Not\u00edcias de Franca-SP&quot;","block_context":{"text":"Not\u00edcias de Franca-SP","link":"https:\/\/noticiasribeiraopreto.com.br\/index.php\/category\/noticias-de-ribeirao-preto-sp-e-regiao-ismael-colosi\/noticias-franca-sp\/"},"img":{"alt_text":"","src":"https:\/\/i0.wp.com\/noticiasribeiraopreto.com.br\/wp-content\/uploads\/2025\/05\/frio-1.jpg?fit=1200%2C723&ssl=1&resize=350%2C200","width":350,"height":200,"srcset":"https:\/\/i0.wp.com\/noticiasribeiraopreto.com.br\/wp-content\/uploads\/2025\/05\/frio-1.jpg?fit=1200%2C723&ssl=1&resize=350%2C200 1x, https:\/\/i0.wp.com\/noticiasribeiraopreto.com.br\/wp-content\/uploads\/2025\/05\/frio-1.jpg?fit=1200%2C723&ssl=1&resize=525%2C300 1.5x, https:\/\/i0.wp.com\/noticiasribeiraopreto.com.br\/wp-content\/uploads\/2025\/05\/frio-1.jpg?fit=1200%2C723&ssl=1&resize=700%2C400 2x, https:\/\/i0.wp.com\/noticiasribeiraopreto.com.br\/wp-content\/uploads\/2025\/05\/frio-1.jpg?fit=1200%2C723&ssl=1&resize=1050%2C600 3x"},"classes":[]},{"id":75280,"url":"https:\/\/noticiasribeiraopreto.com.br\/index.php\/2025\/08\/06\/massa-de-ar-polar-forte-deve-derrubar-as-temperaturas-veja-previsao\/","url_meta":{"origin":70308,"position":1},"title":"Massa de ar polar forte deve derrubar as temperaturas; Veja previs\u00e3o","author":"noticiasribeiraopreto.com.br","date":"6 de August de 2025","format":false,"excerpt":"Uma massa de ar polar de forte intensidade dever\u00e1 derrubar as temperaturas no Sudeste. Segundo a Climatempo, o ar frio dever\u00e1 chegar na retaguarda de uma nova frente fria associada a um ciclone extratropical, que avan\u00e7a para a regi\u00e3o entre quinta-feira (7) sexta-feira (8). Para o Sul, h\u00e1 at\u00e9 possibilidade\u2026","rel":"","context":"In &quot;Not\u00edcias de Ribeir\u00e3o Preto-SP e Regi\u00e3o&quot;","block_context":{"text":"Not\u00edcias de Ribeir\u00e3o Preto-SP e Regi\u00e3o","link":"https:\/\/noticiasribeiraopreto.com.br\/index.php\/category\/noticias-de-ribeirao-preto-sp-e-regiao-ismael-colosi\/"},"img":{"alt_text":"","src":"https:\/\/i0.wp.com\/noticiasribeiraopreto.com.br\/wp-content\/uploads\/2025\/07\/frio_sp06_2025-07-29_09-28-55.webp.webp?fit=1200%2C808&ssl=1&resize=350%2C200","width":350,"height":200,"srcset":"https:\/\/i0.wp.com\/noticiasribeiraopreto.com.br\/wp-content\/uploads\/2025\/07\/frio_sp06_2025-07-29_09-28-55.webp.webp?fit=1200%2C808&ssl=1&resize=350%2C200 1x, https:\/\/i0.wp.com\/noticiasribeiraopreto.com.br\/wp-content\/uploads\/2025\/07\/frio_sp06_2025-07-29_09-28-55.webp.webp?fit=1200%2C808&ssl=1&resize=525%2C300 1.5x, https:\/\/i0.wp.com\/noticiasribeiraopreto.com.br\/wp-content\/uploads\/2025\/07\/frio_sp06_2025-07-29_09-28-55.webp.webp?fit=1200%2C808&ssl=1&resize=700%2C400 2x, https:\/\/i0.wp.com\/noticiasribeiraopreto.com.br\/wp-content\/uploads\/2025\/07\/frio_sp06_2025-07-29_09-28-55.webp.webp?fit=1200%2C808&ssl=1&resize=1050%2C600 3x"},"classes":[]},{"id":70162,"url":"https:\/\/noticiasribeiraopreto.com.br\/index.php\/2025\/05\/23\/veja-o-que-se-sabe-sobre-a-primeira-onda-de-frio-de-2025-que-promete-temperaturas-abaixo-de-0c\/","url_meta":{"origin":70308,"position":2},"title":"Veja o que se sabe sobre a primeira onda de frio de 2025, que promete temperaturas abaixo de 0\u00b0C","author":"noticiasribeiraopreto.com.br","date":"23 de May de 2025","format":false,"excerpt":"A primeira onda de frio de 2025 est\u00e1 prevista para ter in\u00edcio na pr\u00f3xima semana e as simula\u00e7\u00f5es em supercomputadores\u00a0indicam potencial para avan\u00e7ar com for\u00e7a sobre o Brasil. Segundo a Climatempo, al\u00e9m da regi\u00e3o Sul, grande parte do Sudeste, Centro-Oeste at\u00e9 Rond\u00f4nia, Acre e o Sul do Amazonas poder\u00e3o sentir\u2026","rel":"","context":"In &quot;Not\u00edcias de Ribeir\u00e3o Preto-SP e Regi\u00e3o&quot;","block_context":{"text":"Not\u00edcias de Ribeir\u00e3o Preto-SP e Regi\u00e3o","link":"https:\/\/noticiasribeiraopreto.com.br\/index.php\/category\/noticias-de-ribeirao-preto-sp-e-regiao-ismael-colosi\/"},"img":{"alt_text":"","src":"https:\/\/i0.wp.com\/noticiasribeiraopreto.com.br\/wp-content\/uploads\/2025\/05\/frio_luva_1200x675_16042022092951.jpg?fit=1200%2C675&ssl=1&resize=350%2C200","width":350,"height":200,"srcset":"https:\/\/i0.wp.com\/noticiasribeiraopreto.com.br\/wp-content\/uploads\/2025\/05\/frio_luva_1200x675_16042022092951.jpg?fit=1200%2C675&ssl=1&resize=350%2C200 1x, https:\/\/i0.wp.com\/noticiasribeiraopreto.com.br\/wp-content\/uploads\/2025\/05\/frio_luva_1200x675_16042022092951.jpg?fit=1200%2C675&ssl=1&resize=525%2C300 1.5x, https:\/\/i0.wp.com\/noticiasribeiraopreto.com.br\/wp-content\/uploads\/2025\/05\/frio_luva_1200x675_16042022092951.jpg?fit=1200%2C675&ssl=1&resize=700%2C400 2x, https:\/\/i0.wp.com\/noticiasribeiraopreto.com.br\/wp-content\/uploads\/2025\/05\/frio_luva_1200x675_16042022092951.jpg?fit=1200%2C675&ssl=1&resize=1050%2C600 3x"},"classes":[]},{"id":74167,"url":"https:\/\/noticiasribeiraopreto.com.br\/index.php\/2025\/07\/17\/nova-massa-de-ar-frio-tem-data-para-chegar-ao-estado-de-sp-veja-quando\/","url_meta":{"origin":70308,"position":3},"title":"Nova massa de ar frio tem data para chegar ao estado de SP; Veja quando","author":"noticiasribeiraopreto.com.br","date":"17 de July de 2025","format":false,"excerpt":"Uma nova massa de ar frio de origem polar dever\u00e1 avan\u00e7ar sobre o pa\u00eds nos pr\u00f3ximos dias. Uma queda na temperatura est\u00e1 prevista at\u00e9 no Norte, em estados como Rond\u00f4nia e Acre. Segundo a meteorologista da Climatempo Jos\u00e9lia Pegorim, essa massa de ar polar come\u00e7a a evoluir nesta quinta-feira (17).\u2026","rel":"","context":"In &quot;Not\u00edcias de Ribeir\u00e3o Preto-SP e Regi\u00e3o&quot;","block_context":{"text":"Not\u00edcias de Ribeir\u00e3o Preto-SP e Regi\u00e3o","link":"https:\/\/noticiasribeiraopreto.com.br\/index.php\/category\/noticias-de-ribeirao-preto-sp-e-regiao-ismael-colosi\/"},"img":{"alt_text":"","src":"https:\/\/i0.wp.com\/noticiasribeiraopreto.com.br\/wp-content\/uploads\/2025\/06\/AnyConv.com__frio.webp.webp?fit=1200%2C800&ssl=1&resize=350%2C200","width":350,"height":200,"srcset":"https:\/\/i0.wp.com\/noticiasribeiraopreto.com.br\/wp-content\/uploads\/2025\/06\/AnyConv.com__frio.webp.webp?fit=1200%2C800&ssl=1&resize=350%2C200 1x, https:\/\/i0.wp.com\/noticiasribeiraopreto.com.br\/wp-content\/uploads\/2025\/06\/AnyConv.com__frio.webp.webp?fit=1200%2C800&ssl=1&resize=525%2C300 1.5x, https:\/\/i0.wp.com\/noticiasribeiraopreto.com.br\/wp-content\/uploads\/2025\/06\/AnyConv.com__frio.webp.webp?fit=1200%2C800&ssl=1&resize=700%2C400 2x, https:\/\/i0.wp.com\/noticiasribeiraopreto.com.br\/wp-content\/uploads\/2025\/06\/AnyConv.com__frio.webp.webp?fit=1200%2C800&ssl=1&resize=1050%2C600 3x"},"classes":[]},{"id":67397,"url":"https:\/\/noticiasribeiraopreto.com.br\/index.php\/2025\/04\/13\/frio-mais-intenso-ja-tem-data-veja-quando-deve-chegar\/","url_meta":{"origin":70308,"position":4},"title":"Frio mais intenso j\u00e1 tem data; Veja quando deve chegar","author":"noticiasribeiraopreto.com.br","date":"13 de April de 2025","format":false,"excerpt":"O frio mais acentuado de uma massa de origem polar tem previs\u00e3o de chegar. A Climatempo informou neste domingo (13) que as simula\u00e7\u00f5es atmosf\u00e9ricas de previs\u00e3o de temperatura a m\u00e9dio prazo indicam um novo resfriamento intenso sobre o Brasil a partir do dia 23 de abril, depois da P\u00e1scoa e\u2026","rel":"","context":"In &quot;Not\u00edcias de Ribeir\u00e3o Preto-SP e Regi\u00e3o&quot;","block_context":{"text":"Not\u00edcias de Ribeir\u00e3o Preto-SP e Regi\u00e3o","link":"https:\/\/noticiasribeiraopreto.com.br\/index.php\/category\/noticias-de-ribeirao-preto-sp-e-regiao-ismael-colosi\/"},"img":{"alt_text":"","src":"https:\/\/i0.wp.com\/noticiasribeiraopreto.com.br\/wp-content\/uploads\/2024\/08\/frio-df_mcamgo_abr_110820221818-4_2024-07-08_17-50-52_jpg_2024-07-08_17-50-54-scaled.webp.webp?fit=1200%2C800&ssl=1&resize=350%2C200","width":350,"height":200,"srcset":"https:\/\/i0.wp.com\/noticiasribeiraopreto.com.br\/wp-content\/uploads\/2024\/08\/frio-df_mcamgo_abr_110820221818-4_2024-07-08_17-50-52_jpg_2024-07-08_17-50-54-scaled.webp.webp?fit=1200%2C800&ssl=1&resize=350%2C200 1x, https:\/\/i0.wp.com\/noticiasribeiraopreto.com.br\/wp-content\/uploads\/2024\/08\/frio-df_mcamgo_abr_110820221818-4_2024-07-08_17-50-52_jpg_2024-07-08_17-50-54-scaled.webp.webp?fit=1200%2C800&ssl=1&resize=525%2C300 1.5x, https:\/\/i0.wp.com\/noticiasribeiraopreto.com.br\/wp-content\/uploads\/2024\/08\/frio-df_mcamgo_abr_110820221818-4_2024-07-08_17-50-52_jpg_2024-07-08_17-50-54-scaled.webp.webp?fit=1200%2C800&ssl=1&resize=700%2C400 2x, https:\/\/i0.wp.com\/noticiasribeiraopreto.com.br\/wp-content\/uploads\/2024\/08\/frio-df_mcamgo_abr_110820221818-4_2024-07-08_17-50-52_jpg_2024-07-08_17-50-54-scaled.webp.webp?fit=1200%2C800&ssl=1&resize=1050%2C600 3x"},"classes":[]},{"id":65894,"url":"https:\/\/noticiasribeiraopreto.com.br\/index.php\/2025\/03\/25\/com-entrada-de-ar-polar-abril-chega-com-o-primeiro-pico-de-frio-de-2025\/","url_meta":{"origin":70308,"position":5},"title":"Com entrada de ar polar, abril chega com o primeiro pico de frio de 2025","author":"noticiasribeiraopreto.com.br","date":"25 de March de 2025","format":false,"excerpt":"O m\u00eas de abril promete o primeiro pico de frio em 2025 no Pa\u00eds, de acordo com a Climatempo. Os meteorologistas apontam para chegada de duas frentes frias e a entrada do ar polar, a partir do primeiro fim de semana do m\u00eas. A Climatempo informa que est\u00e3o previstas as\u2026","rel":"","context":"In &quot;Not\u00edcias de Ribeir\u00e3o Preto-SP e Regi\u00e3o&quot;","block_context":{"text":"Not\u00edcias de Ribeir\u00e3o Preto-SP e Regi\u00e3o","link":"https:\/\/noticiasribeiraopreto.com.br\/index.php\/category\/noticias-de-ribeirao-preto-sp-e-regiao-ismael-colosi\/"},"img":{"alt_text":"","src":"https:\/\/i0.wp.com\/noticiasribeiraopreto.com.br\/wp-content\/uploads\/2025\/03\/AnyConv.com__frio-corredor-polar_2024-06-28_16-28-30.webp.webp?fit=1200%2C800&ssl=1&resize=350%2C200","width":350,"height":200,"srcset":"https:\/\/i0.wp.com\/noticiasribeiraopreto.com.br\/wp-content\/uploads\/2025\/03\/AnyConv.com__frio-corredor-polar_2024-06-28_16-28-30.webp.webp?fit=1200%2C800&ssl=1&resize=350%2C200 1x, https:\/\/i0.wp.com\/noticiasribeiraopreto.com.br\/wp-content\/uploads\/2025\/03\/AnyConv.com__frio-corredor-polar_2024-06-28_16-28-30.webp.webp?fit=1200%2C800&ssl=1&resize=525%2C300 1.5x, https:\/\/i0.wp.com\/noticiasribeiraopreto.com.br\/wp-content\/uploads\/2025\/03\/AnyConv.com__frio-corredor-polar_2024-06-28_16-28-30.webp.webp?fit=1200%2C800&ssl=1&resize=700%2C400 2x, https:\/\/i0.wp.com\/noticiasribeiraopreto.com.br\/wp-content\/uploads\/2025\/03\/AnyConv.com__frio-corredor-polar_2024-06-28_16-28-30.webp.webp?fit=1200%2C800&ssl=1&resize=1050%2C600 3x"},"classes":[]}],"jetpack_sharing_enabled":true,"jetpack_shortlink":"https:\/\/wp.me\/peQAOb-ii0","_links":{"self":[{"href":"https:\/\/noticiasribeiraopreto.com.br\/index.php\/wp-json\/wp\/v2\/posts\/70308","targetHints":{"allow":["GET"]}}],"collection":[{"href":"https:\/\/noticiasribeiraopreto.com.br\/index.php\/wp-json\/wp\/v2\/posts"}],"about":[{"href":"https:\/\/noticiasribeiraopreto.com.br\/index.php\/wp-json\/wp\/v2\/types\/post"}],"author":[{"embeddable":true,"href":"https:\/\/noticiasribeiraopreto.com.br\/index.php\/wp-json\/wp\/v2\/users\/1"}],"replies":[{"embeddable":true,"href":"https:\/\/noticiasribeiraopreto.com.br\/index.php\/wp-json\/wp\/v2\/comments?post=70308"}],"version-history":[{"count":0,"href":"https:\/\/noticiasribeiraopreto.com.br\/index.php\/wp-json\/wp\/v2\/posts\/70308\/revisions"}],"wp:featuredmedia":[{"embeddable":true,"href":"https:\/\/noticiasribeiraopreto.com.br\/index.php\/wp-json\/wp\/v2\/media\/56224"}],"wp:attachment":[{"href":"https:\/\/noticiasribeiraopreto.com.br\/index.php\/wp-json\/wp\/v2\/media?parent=70308"}],"wp:term":[{"taxonomy":"category","embeddable":true,"href":"https:\/\/noticiasribeiraopreto.com.br\/index.php\/wp-json\/wp\/v2\/categories?post=70308"},{"taxonomy":"post_tag","embeddable":true,"href":"https:\/\/noticiasribeiraopreto.com.br\/index.php\/wp-json\/wp\/v2\/tags?post=70308"}],"curies":[{"name":"wp","href":"https:\/\/api.w.org\/{rel}","templated":true}]}}