{"id":70360,"date":"2025-05-25T12:28:37","date_gmt":"2025-05-25T15:28:37","guid":{"rendered":"https:\/\/noticiasribeiraopreto.com.br\/index.php\/2025\/05\/25\/samir-xaud-e-eleito-presidente-da-cbf\/"},"modified":"2025-05-25T12:28:37","modified_gmt":"2025-05-25T15:28:37","slug":"samir-xaud-e-eleito-presidente-da-cbf","status":"publish","type":"post","link":"https:\/\/noticiasribeiraopreto.com.br\/index.php\/2025\/05\/25\/samir-xaud-e-eleito-presidente-da-cbf\/","title":{"rendered":"Samir Xaud \u00e9 eleito presidente da CBF"},"content":{"rendered":"<div class='code-block code-block-1' style='margin: 8px 0 8px auto; text-align: right; display: block; clear: both;'>\n<p><a href=\"https:\/\/wa.link\/vpicfd\"><img data-recalc-dims=\"1\" class=\"wp-image-4922\" style=\"aspect-ratio: 2.0253164556962027; width: 561px; height: auto;\" src=\"https:\/\/i0.wp.com\/ismaelcolosi.com.br\/wp-content\/uploads\/2023\/11\/grupo-de-empregos-whatsapp-e-facebook-ismael-colosi-vagas.jpg?ssl=1\" alt=\"\" \/><\/a><\/p>\n<!-- \/wp:image -->\n<\/div>\n<p> <br \/>\n<\/p>\n<div id=\"\">\n<p>\n\t\t\t\t\t\t\t\t\t<span class=\"entry-meta-item penci-posted-on\"><i class=\"fa fa-clock-o\"\/><time class=\"entry-date published updated\" datetime=\"2025-05-25T12:26:49-03:00\">25 de maio de 2025 12:26<\/time><\/span><span class=\"entry-meta-item penci-post-countview\"><span class=\"entry-meta-item penci-post-countview penci_post-meta_item\"><i class=\"fa fa-eye\"\/><span class=\"penci-post-countview-number penci-post-countview-p426833\">3<\/span><\/span><\/span>\t\t\t\t\t\t\t\t<\/p>\n<p><!-- .entry-meta --><br \/>\n\t\t\t\t\t\t\t\t<span class=\"penci-social-buttons penci-social-share-footer\"><span class=\"penci-social-share-text\">Compartilhar<\/span><a href=\"#\" class=\"penci-post-like penci_post-meta_item  single-like-button penci-social-item like\" data-post_id=\"426833\" title=\"Like\" data-like=\"Like\" data-unlike=\"Unlike\"><i class=\"fa fa-thumbs-o-up\"\/><span class=\"penci-share-number\">0<\/span><\/a><i class=\"fa fa-facebook\"\/><a class=\"penci-social-item twitter\" target=\"_blank\" rel=\"noopener\" title=\"\" href=\"https:\/\/twitter.com\/intent\/tweet?text=Samir%20Xaud%20\u00e9%20eleito%20presidente%20da%20CBF%20-%20https:\/\/www.tribunaribeirao.com.br\/samir-xaud-e-eleito-presidente-da-cbf\/\"><i class=\"fa fa-twitter\"\/><\/a><i class=\"fa fa-linkedin\"\/><i class=\"fa fa-whatsapp\"\/><i class=\"fa fa-telegram\"\/><i class=\"fa fa-envelope\"\/><\/span>\t\t\t\t\t\t\t<\/div>\n<div>\n<p>Neste domingo (25) Samir Xaud foi eleito presidente da Confedera\u00e7\u00e3o Brasileira de Futebol (CBF), sucedendo Ednaldo Rodrigues. Aos 41 anos, o m\u00e9dico e empres\u00e1rio de Roraima assume o comando da entidade m\u00e1xima do futebol brasileiro at\u00e9 2029, ap\u00f3s uma elei\u00e7\u00e3o marcada por apoio maci\u00e7o das federa\u00e7\u00f5es estaduais e boicote de parte dos clubes das S\u00e9ries A e B.<\/p>\n<p>Candidato \u00fanico, Xaud obteve 103 dos 141 votos poss\u00edveis, contando com o apoio de 25 das 27 federa\u00e7\u00f5es estaduais e de clubes como Palmeiras, Vasco e Gr\u00eamio. No entanto, 21 dos 40 clubes das S\u00e9ries A e B boicotaram a vota\u00e7\u00e3o, protestando contra o atual modelo de governan\u00e7a da CBF. O col\u00e9gio eleitoral da CBF \u00e9 composto por 27 federa\u00e7\u00f5es estaduais, cada uma com tr\u00eas votos, os 20 clubes da S\u00e9rie A, com dois votos cada, e os 20 clubes da S\u00e9rie B, com um voto cada.<\/p>\n<p>A elei\u00e7\u00e3o de Xaud ocorre ap\u00f3s a destitui\u00e7\u00e3o de Ednaldo Rodrigues, que presidia a CBF desde 2021. Rodrigues foi removido do cargo por decis\u00e3o judicial que anulou sua reelei\u00e7\u00e3o, alegando irregularidades no processo. Em 19 de maio, Rodrigues retirou seu recurso contra a decis\u00e3o, afirmando que sua sa\u00edda visava restaurar a paz no futebol brasileiro.<\/p>\n<p>Em seu discurso de posse, Xaud destacou a import\u00e2ncia de estabilidade institucional para o desenvolvimento do futebol brasileiro. Ele prometeu priorizar a profissionaliza\u00e7\u00e3o da arbitragem, o fortalecimento do futebol feminino e uma gest\u00e3o equitativa para todas as regi\u00f5es do pa\u00eds. Al\u00e9m disso, garantiu apoio e autonomia \u00e0s sele\u00e7\u00f5es nacionais, ressaltando a proximidade da Copa do Mundo de 2026 e da Copa do Mundo Feminina de 2027, que ser\u00e1 sediada no Brasil.<\/p>\n<p><strong>Perfil de Samir Xaud<\/strong><\/p>\n<p>Natural de Boa Vista, Roraima, Samir Xaud \u00e9 m\u00e9dico especializado em medicina esportiva e empres\u00e1rio. Ele iniciou sua carreira no futebol como goleiro do Atl\u00e9tico Roraima, mas interrompeu a atividade para se dedicar aos estudos. Em janeiro de 2025, foi eleito presidente da Federa\u00e7\u00e3o Roraimense de Futebol (FRF), sucedendo seu pai, Zeca Xaud, que comandou a entidade por mais de quatro d\u00e9cadas.<\/p>\n<p>A elei\u00e7\u00e3o de Xaud ocorre em um momento de instabilidade na CBF, com cr\u00edticas \u00e0 falta de transpar\u00eancia e democracia na condu\u00e7\u00e3o da entidade. Ex-jogadores da sele\u00e7\u00e3o brasileira, como Dunga, enviaram uma carta \u00e0 FIFA solicitando apoio para garantir elei\u00e7\u00f5es mais transparentes. Al\u00e9m disso, a rela\u00e7\u00e3o com os clubes das S\u00e9ries A e B, que boicotaram a elei\u00e7\u00e3o, ser\u00e1 um desafio para o novo presidente.<\/p>\n<\/div>\n<p><script async src=\"\/\/platform.twitter.com\/widgets.js\" charset=\"utf-8\"><\/script><br \/>\n<br \/><br \/>\n<br \/><a href=\"https:\/\/www.tribunaribeirao.com.br\/samir-xaud-e-eleito-presidente-da-cbf\/\">Source link <\/a><\/p>\n<!-- CONTENT END 1 -->\n","protected":false},"excerpt":{"rendered":"<p>25 de maio de 2025 12:263 Compartilhar0 Neste domingo (25) Samir Xaud foi eleito presidente da Confedera\u00e7\u00e3o Brasileira de Futebol (CBF), sucedendo Ednaldo Rodrigues. Aos&#8230;<\/p>\n","protected":false},"author":1,"featured_media":70361,"comment_status":"open","ping_status":"open","sticky":false,"template":"","format":"standard","meta":{"advanced_seo_description":"","jetpack_seo_html_title":"","jetpack_seo_noindex":false,"jetpack_post_was_ever_published":false,"_jetpack_newsletter_access":"","_jetpack_dont_email_post_to_subs":false,"_jetpack_newsletter_tier_id":0,"_jetpack_memberships_contains_paywalled_content":false,"_jetpack_memberships_contains_paid_content":false,"footnotes":"","jetpack_publicize_message":"","jetpack_publicize_feature_enabled":true,"jetpack_social_post_already_shared":true,"jetpack_social_options":{"image_generator_settings":{"template":"highway","default_image_id":0,"font":"","enabled":false},"version":2}},"categories":[11],"tags":[],"class_list":["post-70360","post","type-post","status-publish","format-standard","has-post-thumbnail","hentry","category-noticias-de-ribeirao-preto-sp-e-regiao-ismael-colosi"],"jetpack_publicize_connections":[],"jetpack_featured_media_url":"https:\/\/i0.wp.com\/noticiasribeiraopreto.com.br\/wp-content\/uploads\/2025\/05\/samir_cbf.jpg?fit=1170%2C700&ssl=1","jetpack-related-posts":[{"id":70377,"url":"https:\/\/noticiasribeiraopreto.com.br\/index.php\/2025\/05\/25\/em-eleicao-marcada-por-boicote-de-clubes-cbf-elege-novo-presidente-saiba-quem-e\/","url_meta":{"origin":70360,"position":0},"title":"Em elei\u00e7\u00e3o marcada por boicote de clubes, CBF elege novo presidente; saiba quem \u00e9","author":"noticiasribeiraopreto.com.br","date":"25 de May de 2025","format":false,"excerpt":"Samir Xaud, dirigente de Roraima, foi eleito presidente da Confedera\u00e7\u00e3o Brasileira de Futebol (CBF) na manh\u00e3 deste domingo (25), em elei\u00e7\u00e3o realizada na sede da entidade, no Rio de Janeiro. A vota\u00e7\u00e3o foi marcada pelo boicote de parte dos clubes, que rejeitaram a participa\u00e7\u00e3o no pleito, incluindo a proposta de\u2026","rel":"","context":"In &quot;Not\u00edcias de Ribeir\u00e3o Preto-SP e Regi\u00e3o&quot;","block_context":{"text":"Not\u00edcias de Ribeir\u00e3o Preto-SP e Regi\u00e3o","link":"https:\/\/noticiasribeiraopreto.com.br\/index.php\/category\/noticias-de-ribeirao-preto-sp-e-regiao-ismael-colosi\/"},"img":{"alt_text":"","src":"https:\/\/i0.wp.com\/noticiasribeiraopreto.com.br\/wp-content\/uploads\/2025\/05\/Copia-de-Copia-de-Copia-de-TAMANHO-EXATO-PARA-FOTOS-NO-SISTEMA-NOVO-95_2025-05-25_18-28-55.webp.webp?fit=1200%2C675&ssl=1&resize=350%2C200","width":350,"height":200,"srcset":"https:\/\/i0.wp.com\/noticiasribeiraopreto.com.br\/wp-content\/uploads\/2025\/05\/Copia-de-Copia-de-Copia-de-TAMANHO-EXATO-PARA-FOTOS-NO-SISTEMA-NOVO-95_2025-05-25_18-28-55.webp.webp?fit=1200%2C675&ssl=1&resize=350%2C200 1x, https:\/\/i0.wp.com\/noticiasribeiraopreto.com.br\/wp-content\/uploads\/2025\/05\/Copia-de-Copia-de-Copia-de-TAMANHO-EXATO-PARA-FOTOS-NO-SISTEMA-NOVO-95_2025-05-25_18-28-55.webp.webp?fit=1200%2C675&ssl=1&resize=525%2C300 1.5x, https:\/\/i0.wp.com\/noticiasribeiraopreto.com.br\/wp-content\/uploads\/2025\/05\/Copia-de-Copia-de-Copia-de-TAMANHO-EXATO-PARA-FOTOS-NO-SISTEMA-NOVO-95_2025-05-25_18-28-55.webp.webp?fit=1200%2C675&ssl=1&resize=700%2C400 2x, https:\/\/i0.wp.com\/noticiasribeiraopreto.com.br\/wp-content\/uploads\/2025\/05\/Copia-de-Copia-de-Copia-de-TAMANHO-EXATO-PARA-FOTOS-NO-SISTEMA-NOVO-95_2025-05-25_18-28-55.webp.webp?fit=1200%2C675&ssl=1&resize=1050%2C600 3x"},"classes":[]},{"id":70396,"url":"https:\/\/noticiasribeiraopreto.com.br\/index.php\/2025\/05\/25\/ancelotti-desembarca-no-brasil-para-comandar-a-selecao\/","url_meta":{"origin":70360,"position":1},"title":"Ancelotti desembarca no Brasil para comandar a sele\u00e7\u00e3o","author":"noticiasribeiraopreto.com.br","date":"25 de May de 2025","format":false,"excerpt":"25 de maio de 2025 22:482 Compartilhar0 Carlo Ancelotti est\u00e1 entre n\u00f3s. O t\u00e9cnico mais vitorioso de sua era no futebol desembarcou no Rio de Janeiro na noite deste domingo, 25, no aeroporto do Gale\u00e3o. Ancelotti foi para a Barra da Tijuca, onde ficar\u00e1 hospedado em um hotel. Neste mesmo\u2026","rel":"","context":"In &quot;Not\u00edcias de Ribeir\u00e3o Preto-SP e Regi\u00e3o&quot;","block_context":{"text":"Not\u00edcias de Ribeir\u00e3o Preto-SP e Regi\u00e3o","link":"https:\/\/noticiasribeiraopreto.com.br\/index.php\/category\/noticias-de-ribeirao-preto-sp-e-regiao-ismael-colosi\/"},"img":{"alt_text":"","src":"https:\/\/i0.wp.com\/noticiasribeiraopreto.com.br\/wp-content\/uploads\/2025\/05\/anceloti.jpg?fit=888%2C626&ssl=1&resize=350%2C200","width":350,"height":200,"srcset":"https:\/\/i0.wp.com\/noticiasribeiraopreto.com.br\/wp-content\/uploads\/2025\/05\/anceloti.jpg?fit=888%2C626&ssl=1&resize=350%2C200 1x, https:\/\/i0.wp.com\/noticiasribeiraopreto.com.br\/wp-content\/uploads\/2025\/05\/anceloti.jpg?fit=888%2C626&ssl=1&resize=525%2C300 1.5x, https:\/\/i0.wp.com\/noticiasribeiraopreto.com.br\/wp-content\/uploads\/2025\/05\/anceloti.jpg?fit=888%2C626&ssl=1&resize=700%2C400 2x"},"classes":[]},{"id":74657,"url":"https:\/\/noticiasribeiraopreto.com.br\/index.php\/2025\/07\/26\/veja-lista-dos-32-clubes-que-vao-elaborar-bases-do-fair-play-financeiro\/","url_meta":{"origin":70360,"position":2},"title":"Veja lista dos 32 clubes que v\u00e3o elaborar bases do Fair Play Financeiro","author":"noticiasribeiraopreto.com.br","date":"26 de July de 2025","format":false,"excerpt":"O Botafogo Futebol S.A., de Ribeir\u00e3o Preto, est\u00e1 na lista de 32 clubes que v\u00e3o compor o grupo de trabalho que vai elaborar as bases do Fair Play Financeiro no futebol brasileiro. A portaria que consolida a composi\u00e7\u00e3o do grupo foi assinada na \u00faltima sexta-feira (25) pelo presidente da CBF\u2026","rel":"","context":"In &quot;Not\u00edcias de Ribeir\u00e3o Preto-SP e Regi\u00e3o&quot;","block_context":{"text":"Not\u00edcias de Ribeir\u00e3o Preto-SP e Regi\u00e3o","link":"https:\/\/noticiasribeiraopreto.com.br\/index.php\/category\/noticias-de-ribeirao-preto-sp-e-regiao-ismael-colosi\/"},"img":{"alt_text":"","src":"https:\/\/i0.wp.com\/noticiasribeiraopreto.com.br\/wp-content\/uploads\/2025\/07\/samir-xaud_2025-07-26_16-53-19.webp.webp?fit=1200%2C800&ssl=1&resize=350%2C200","width":350,"height":200,"srcset":"https:\/\/i0.wp.com\/noticiasribeiraopreto.com.br\/wp-content\/uploads\/2025\/07\/samir-xaud_2025-07-26_16-53-19.webp.webp?fit=1200%2C800&ssl=1&resize=350%2C200 1x, https:\/\/i0.wp.com\/noticiasribeiraopreto.com.br\/wp-content\/uploads\/2025\/07\/samir-xaud_2025-07-26_16-53-19.webp.webp?fit=1200%2C800&ssl=1&resize=525%2C300 1.5x, https:\/\/i0.wp.com\/noticiasribeiraopreto.com.br\/wp-content\/uploads\/2025\/07\/samir-xaud_2025-07-26_16-53-19.webp.webp?fit=1200%2C800&ssl=1&resize=700%2C400 2x, https:\/\/i0.wp.com\/noticiasribeiraopreto.com.br\/wp-content\/uploads\/2025\/07\/samir-xaud_2025-07-26_16-53-19.webp.webp?fit=1200%2C800&ssl=1&resize=1050%2C600 3x"},"classes":[]},{"id":81853,"url":"https:\/\/noticiasribeiraopreto.com.br\/index.php\/2026\/01\/28\/saiba-quais-os-arbitros-indicados-para-programa-de-profissionalizacao-da-cbf\/","url_meta":{"origin":70360,"position":3},"title":"Saiba quais os \u00e1rbitros indicados para programa de profissionaliza\u00e7\u00e3o da CBF","author":"noticiasribeiraopreto.com.br","date":"28 de January de 2026","format":false,"excerpt":"A CBF (Confedera\u00e7\u00e3o Brasileira de Futebol) lan\u00e7ou nesta ter\u00e7a-feira (27) o primeiro modelo de profissionaliza\u00e7\u00e3o da arbitragem nacional da hist\u00f3ria da entidade. O projeto prev\u00ea a contrata\u00e7\u00e3o, por temporada, de equipes fixas para apitar as partidas profissionais do Brasileir\u00e3o da S\u00e9ria A \u2013 veja os \u00e1rbitros contemplados abaixo. Os \u00e1rbitros\u2026","rel":"","context":"In &quot;Not\u00edcias de Ribeir\u00e3o Preto-SP e Regi\u00e3o&quot;","block_context":{"text":"Not\u00edcias de Ribeir\u00e3o Preto-SP e Regi\u00e3o","link":"https:\/\/noticiasribeiraopreto.com.br\/index.php\/category\/noticias-de-ribeirao-preto-sp-e-regiao-ismael-colosi\/"},"img":{"alt_text":"","src":"https:\/\/i0.wp.com\/noticiasribeiraopreto.com.br\/wp-content\/uploads\/2026\/01\/ANDERSON-DARONCO_2026-01-27_22-05-23.webp.webp?fit=1200%2C675&ssl=1&resize=350%2C200","width":350,"height":200,"srcset":"https:\/\/i0.wp.com\/noticiasribeiraopreto.com.br\/wp-content\/uploads\/2026\/01\/ANDERSON-DARONCO_2026-01-27_22-05-23.webp.webp?fit=1200%2C675&ssl=1&resize=350%2C200 1x, https:\/\/i0.wp.com\/noticiasribeiraopreto.com.br\/wp-content\/uploads\/2026\/01\/ANDERSON-DARONCO_2026-01-27_22-05-23.webp.webp?fit=1200%2C675&ssl=1&resize=525%2C300 1.5x, https:\/\/i0.wp.com\/noticiasribeiraopreto.com.br\/wp-content\/uploads\/2026\/01\/ANDERSON-DARONCO_2026-01-27_22-05-23.webp.webp?fit=1200%2C675&ssl=1&resize=700%2C400 2x, https:\/\/i0.wp.com\/noticiasribeiraopreto.com.br\/wp-content\/uploads\/2026\/01\/ANDERSON-DARONCO_2026-01-27_22-05-23.webp.webp?fit=1200%2C675&ssl=1&resize=1050%2C600 3x"},"classes":[]},{"id":70058,"url":"https:\/\/noticiasribeiraopreto.com.br\/index.php\/2025\/05\/22\/botafogo-anuncia-boicote-da-eleicao-da-cbf-veja-o-motivo\/","url_meta":{"origin":70360,"position":4},"title":"Botafogo anuncia boicote da elei\u00e7\u00e3o da CBF; Veja o motivo","author":"noticiasribeiraopreto.com.br","date":"22 de May de 2025","format":false,"excerpt":"O Botafogo de Ribeir\u00e3o Preto \u00e9 um dos 20 clubes que v\u00e3o boicotar a elei\u00e7\u00e3o da CBF (Confedera\u00e7\u00e3o Brasileira de Futebol), que acontece no pr\u00f3ximo domingo (25). O Pantera apoiava a candidatura do presidente da FPF (Federa\u00e7\u00e3o Paulista de Futebol (FPF), Reinaldo Carneiro Bastos, que n\u00e3o conseguiu registrar uma chapa.\u2026","rel":"","context":"In &quot;Not\u00edcias de Ribeir\u00e3o Preto-SP e Regi\u00e3o&quot;","block_context":{"text":"Not\u00edcias de Ribeir\u00e3o Preto-SP e Regi\u00e3o","link":"https:\/\/noticiasribeiraopreto.com.br\/index.php\/category\/noticias-de-ribeirao-preto-sp-e-regiao-ismael-colosi\/"},"img":{"alt_text":"","src":"https:\/\/i0.wp.com\/noticiasribeiraopreto.com.br\/wp-content\/uploads\/2024\/12\/botafogo-arena_2024-12-15_17-13-24_jpg_2024-12-15_17-13-24.webp.webp?fit=1200%2C799&ssl=1&resize=350%2C200","width":350,"height":200,"srcset":"https:\/\/i0.wp.com\/noticiasribeiraopreto.com.br\/wp-content\/uploads\/2024\/12\/botafogo-arena_2024-12-15_17-13-24_jpg_2024-12-15_17-13-24.webp.webp?fit=1200%2C799&ssl=1&resize=350%2C200 1x, https:\/\/i0.wp.com\/noticiasribeiraopreto.com.br\/wp-content\/uploads\/2024\/12\/botafogo-arena_2024-12-15_17-13-24_jpg_2024-12-15_17-13-24.webp.webp?fit=1200%2C799&ssl=1&resize=525%2C300 1.5x, https:\/\/i0.wp.com\/noticiasribeiraopreto.com.br\/wp-content\/uploads\/2024\/12\/botafogo-arena_2024-12-15_17-13-24_jpg_2024-12-15_17-13-24.webp.webp?fit=1200%2C799&ssl=1&resize=700%2C400 2x, https:\/\/i0.wp.com\/noticiasribeiraopreto.com.br\/wp-content\/uploads\/2024\/12\/botafogo-arena_2024-12-15_17-13-24_jpg_2024-12-15_17-13-24.webp.webp?fit=1200%2C799&ssl=1&resize=1050%2C600 3x"},"classes":[]},{"id":63408,"url":"https:\/\/noticiasribeiraopreto.com.br\/index.php\/2025\/02\/12\/piloto-de-ribeirao-preto-e-eleito-para-o-hall-da-fama-do-circuito-de-indianapolis\/","url_meta":{"origin":70360,"position":5},"title":"Piloto de Ribeir\u00e3o Preto \u00e9 eleito para o Hall da Fama do circuito de Indian\u00e1polis","author":"noticiasribeiraopreto.com.br","date":"12 de February de 2025","format":false,"excerpt":"O piloto Helio Castroneves, radicado em Ribeir\u00e3o Preto, foi eleito nesta quarta-feira (12) para o Hall da Fama do circuito de Indian\u00e1polis, nos Estados Unidos, considerado um dos maiores templos do automobilismo mundial. O piloto \u00e9 tetracampe\u00e3o das 500 Milhas de Indian\u00e1polis, realizada no aut\u00f3dromo \u2013 2001, 2002, 2009 e\u2026","rel":"","context":"In &quot;Not\u00edcias de Ribeir\u00e3o Preto-SP e Regi\u00e3o&quot;","block_context":{"text":"Not\u00edcias de Ribeir\u00e3o Preto-SP e Regi\u00e3o","link":"https:\/\/noticiasribeiraopreto.com.br\/index.php\/category\/noticias-de-ribeirao-preto-sp-e-regiao-ismael-colosi\/"},"img":{"alt_text":"","src":"https:\/\/i0.wp.com\/noticiasribeiraopreto.com.br\/wp-content\/uploads\/2025\/02\/helio-castroneves_2025-02-12_17-46-39_jpg_2025-02-12_17-46-39.webp.webp?fit=940%2C564&ssl=1&resize=350%2C200","width":350,"height":200,"srcset":"https:\/\/i0.wp.com\/noticiasribeiraopreto.com.br\/wp-content\/uploads\/2025\/02\/helio-castroneves_2025-02-12_17-46-39_jpg_2025-02-12_17-46-39.webp.webp?fit=940%2C564&ssl=1&resize=350%2C200 1x, https:\/\/i0.wp.com\/noticiasribeiraopreto.com.br\/wp-content\/uploads\/2025\/02\/helio-castroneves_2025-02-12_17-46-39_jpg_2025-02-12_17-46-39.webp.webp?fit=940%2C564&ssl=1&resize=525%2C300 1.5x, https:\/\/i0.wp.com\/noticiasribeiraopreto.com.br\/wp-content\/uploads\/2025\/02\/helio-castroneves_2025-02-12_17-46-39_jpg_2025-02-12_17-46-39.webp.webp?fit=940%2C564&ssl=1&resize=700%2C400 2x"},"classes":[]}],"jetpack_sharing_enabled":true,"jetpack_shortlink":"https:\/\/wp.me\/peQAOb-iiQ","_links":{"self":[{"href":"https:\/\/noticiasribeiraopreto.com.br\/index.php\/wp-json\/wp\/v2\/posts\/70360","targetHints":{"allow":["GET"]}}],"collection":[{"href":"https:\/\/noticiasribeiraopreto.com.br\/index.php\/wp-json\/wp\/v2\/posts"}],"about":[{"href":"https:\/\/noticiasribeiraopreto.com.br\/index.php\/wp-json\/wp\/v2\/types\/post"}],"author":[{"embeddable":true,"href":"https:\/\/noticiasribeiraopreto.com.br\/index.php\/wp-json\/wp\/v2\/users\/1"}],"replies":[{"embeddable":true,"href":"https:\/\/noticiasribeiraopreto.com.br\/index.php\/wp-json\/wp\/v2\/comments?post=70360"}],"version-history":[{"count":0,"href":"https:\/\/noticiasribeiraopreto.com.br\/index.php\/wp-json\/wp\/v2\/posts\/70360\/revisions"}],"wp:featuredmedia":[{"embeddable":true,"href":"https:\/\/noticiasribeiraopreto.com.br\/index.php\/wp-json\/wp\/v2\/media\/70361"}],"wp:attachment":[{"href":"https:\/\/noticiasribeiraopreto.com.br\/index.php\/wp-json\/wp\/v2\/media?parent=70360"}],"wp:term":[{"taxonomy":"category","embeddable":true,"href":"https:\/\/noticiasribeiraopreto.com.br\/index.php\/wp-json\/wp\/v2\/categories?post=70360"},{"taxonomy":"post_tag","embeddable":true,"href":"https:\/\/noticiasribeiraopreto.com.br\/index.php\/wp-json\/wp\/v2\/tags?post=70360"}],"curies":[{"name":"wp","href":"https:\/\/api.w.org\/{rel}","templated":true}]}}